{"id":381437,"date":"2026-04-01T06:43:36","date_gmt":"2026-04-01T10:43:36","guid":{"rendered":"https:\/\/www.eldiario.net\/portal\/?p=381437"},"modified":"2026-04-01T06:43:36","modified_gmt":"2026-04-01T10:43:36","slug":"mundial-fifa-asegura-participacion-de-iran","status":"publish","type":"post","link":"https:\/\/www.eldiario.net\/portal\/2026\/04\/01\/mundial-fifa-asegura-participacion-de-iran\/","title":{"rendered":"Mundial: FIFA asegura  participaci\u00f3n de Ir\u00e1n"},"content":{"rendered":"<p>Gianni Infantino, presidente de la FIFA, asegur\u00f3 que, pese al \u00abcomplejo\u00bb contexto geopol\u00edtico de la actualidad, la selecci\u00f3n de Ir\u00e1n jugar\u00e1 el Mundial 2026 de Estados Unidos, M\u00e9xico y Canad\u00e1, ya que, adem\u00e1s, no existe ning\u00fan \u00abplan\u00bb alternativo.<br \/>\nPese a que hace unos d\u00edas el ministro de Deportes iran\u00ed, Ahmad Donyamali, asegur\u00f3 que el equipo no acudir\u00eda la cita como rechazo a los ataques de Estados Unidos e Israel, Infantino asegur\u00f3 que la FIFA quiere que jueguen el Mundial y trabajar\u00e1n para que as\u00ed suceda, tal y como afirm\u00f3 este martes en una entrevista para la cadena de televisi\u00f3n N+ Univision.<br \/>\n\u00abSabemos cu\u00e1l es la situaci\u00f3n, muy complicada. Trabajamos y vamos a hacer que Ir\u00e1n juegue este Mundial en las mejores condiciones. La selecci\u00f3n de Ir\u00e1n y todas las dem\u00e1s. Es la selecci\u00f3n de la gente. La gente puede est\u00e1 en contra o a favor del gobierno de cualquier pa\u00eds. Pero Ir\u00e1n representa a su gente y se clasificaron deportivamente. Es un pa\u00eds de f\u00fatbol, queremos que juegue y va a jugar el Mundial. No hay planes B, C o D. Es el plan A\u00bb, asegur\u00f3.<br \/>\nDespu\u00e9s de que el presidente de Estados Unidos, Donald Trump, reconociera que no pod\u00eda garantizar la seguridad de la selecci\u00f3n de Ir\u00e1n en territorio estadounidense, la Federaci\u00f3n iran\u00ed (Ffiri) comenz\u00f3 a negociar con la FIFA trasladar sus partidos del Mundial 2026 a M\u00e9xico, aunque la FIFA no contempla cambios en las sedes confirmadas.<br \/>\n\u00abVivimos en un complejo geopol\u00edtico muy complejo. No tenemos la posibilidad de resolver estos conflictos pero s\u00ed tenemos la oportunidad de unir el mundo. Ser\u00e1n 48 pa\u00edses con millones de aficionados que van a venir con un esp\u00edritu de paz y celebraci\u00f3n. Nuestro objetivo y trabajo es la uni\u00f3n, hacer puentes para todos\u00bb, record\u00f3 Infantino.<br \/>\nIr\u00e1n est\u00e1 encuadrada en el grupo G del Mundial, que en principio se desarrollar\u00e1 en Estados Unidos. En \u00e9l se medir\u00e1 a Nueva Zelanda, B\u00e9lgica (ambos en Inglewood, California) y Egipto (en Seattle).<\/p>\n","protected":false},"excerpt":{"rendered":"<p>Gianni Infantino, presidente de la FIFA, asegur\u00f3 que, pese al \u00abcomplejo\u00bb contexto geopol\u00edtico de la actualidad, la selecci\u00f3n de Ir\u00e1n jugar\u00e1 el Mundial 2026 de Estados Unidos, M\u00e9xico y Canad\u00e1, ya que, adem\u00e1s, no existe ning\u00fan \u00abplan\u00bb alternativo. Pese a que hace unos d\u00edas el ministro de Deportes iran\u00ed, Ahmad Donyamali, asegur\u00f3 que el equipo [&hellip;]<\/p>\n","protected":false},"author":1,"featured_media":381438,"comment_status":"closed","ping_status":"open","sticky":false,"template":"","format":"standard","meta":{"_acf_changed":false,"footnotes":""},"categories":[6],"tags":[],"class_list":["post-381437","post","type-post","status-publish","format-standard","has-post-thumbnail","category-deportes"],"acf":{"antetitulo":""},"yoast_head":"<!-- This site is optimized with the Yoast SEO plugin v28.4 - https:\/\/yoast.com\/product\/yoast-seo-wordpress\/ -->\n<title>Mundial: FIFA asegura participaci\u00f3n de Ir\u00e1n - El Diario - Bolivia<\/title>\n<meta name=\"robots\" content=\"index, follow, max-snippet:-1, max-image-preview:large, max-video-preview:-1\" \/>\n<link rel=\"canonical\" href=\"https:\/\/www.eldiario.net\/portal\/2026\/04\/01\/mundial-fifa-asegura-participacion-de-iran\/\" \/>\n<meta property=\"og:locale\" content=\"es_ES\" \/>\n<meta property=\"og:type\" content=\"article\" \/>\n<meta property=\"og:title\" content=\"Mundial: FIFA asegura participaci\u00f3n de Ir\u00e1n - El Diario - Bolivia\" \/>\n<meta property=\"og:description\" content=\"Gianni Infantino, presidente de la FIFA, asegur\u00f3 que, pese al \u00abcomplejo\u00bb contexto geopol\u00edtico de la actualidad, la selecci\u00f3n de Ir\u00e1n jugar\u00e1 el Mundial 2026 de Estados Unidos, M\u00e9xico y Canad\u00e1, ya que, adem\u00e1s, no existe ning\u00fan \u00abplan\u00bb alternativo. Pese a que hace unos d\u00edas el ministro de Deportes iran\u00ed, Ahmad Donyamali, asegur\u00f3 que el equipo [&hellip;]\" \/>\n<meta property=\"og:url\" content=\"https:\/\/www.eldiario.net\/portal\/2026\/04\/01\/mundial-fifa-asegura-participacion-de-iran\/\" \/>\n<meta property=\"og:site_name\" content=\"El Diario - Bolivia\" \/>\n<meta property=\"article:publisher\" content=\"https:\/\/www.facebook.com\/eldiario.bolivia\/\" \/>\n<meta property=\"article:published_time\" content=\"2026-04-01T10:43:36+00:00\" \/>\n<meta property=\"og:image\" content=\"https:\/\/www.eldiario.net\/portal\/wp-content\/uploads\/2026\/04\/Foto-iran.webp\" \/>\n\t<meta property=\"og:image:width\" content=\"959\" \/>\n\t<meta property=\"og:image:height\" content=\"539\" \/>\n\t<meta property=\"og:image:type\" content=\"image\/webp\" \/>\n<meta name=\"author\" content=\"Jeanette\" \/>\n<meta name=\"twitter:card\" content=\"summary_large_image\" \/>\n<meta name=\"twitter:creator\" content=\"@eldiario_net\" \/>\n<meta name=\"twitter:site\" content=\"@eldiario_net\" \/>\n<meta name=\"twitter:label1\" content=\"Escrito por\" \/>\n\t<meta name=\"twitter:data1\" content=\"Jeanette\" \/>\n\t<meta name=\"twitter:label2\" content=\"Tiempo de lectura\" \/>\n\t<meta name=\"twitter:data2\" content=\"2 minutos\" \/>\n<script type=\"application\/ld+json\" class=\"yoast-schema-graph\">{\"@context\":\"https:\\\/\\\/schema.org\",\"@graph\":[{\"@type\":\"Article\",\"@id\":\"https:\\\/\\\/www.eldiario.net\\\/portal\\\/2026\\\/04\\\/01\\\/mundial-fifa-asegura-participacion-de-iran\\\/#article\",\"isPartOf\":{\"@id\":\"https:\\\/\\\/www.eldiario.net\\\/portal\\\/2026\\\/04\\\/01\\\/mundial-fifa-asegura-participacion-de-iran\\\/\"},\"author\":{\"name\":\"Jeanette\",\"@id\":\"https:\\\/\\\/www.eldiario.net\\\/portal\\\/#\\\/schema\\\/person\\\/f46445640444750d7d753ccd04ae01b7\"},\"headline\":\"Mundial: FIFA asegura participaci\u00f3n de Ir\u00e1n\",\"datePublished\":\"2026-04-01T10:43:36+00:00\",\"mainEntityOfPage\":{\"@id\":\"https:\\\/\\\/www.eldiario.net\\\/portal\\\/2026\\\/04\\\/01\\\/mundial-fifa-asegura-participacion-de-iran\\\/\"},\"wordCount\":367,\"publisher\":{\"@id\":\"https:\\\/\\\/www.eldiario.net\\\/portal\\\/#organization\"},\"image\":{\"@id\":\"https:\\\/\\\/www.eldiario.net\\\/portal\\\/2026\\\/04\\\/01\\\/mundial-fifa-asegura-participacion-de-iran\\\/#primaryimage\"},\"thumbnailUrl\":\"https:\\\/\\\/www.eldiario.net\\\/portal\\\/wp-content\\\/uploads\\\/2026\\\/04\\\/Foto-iran.webp\",\"articleSection\":[\"Deportes\"],\"inLanguage\":\"es\"},{\"@type\":\"WebPage\",\"@id\":\"https:\\\/\\\/www.eldiario.net\\\/portal\\\/2026\\\/04\\\/01\\\/mundial-fifa-asegura-participacion-de-iran\\\/\",\"url\":\"https:\\\/\\\/www.eldiario.net\\\/portal\\\/2026\\\/04\\\/01\\\/mundial-fifa-asegura-participacion-de-iran\\\/\",\"name\":\"Mundial: FIFA asegura participaci\u00f3n de Ir\u00e1n - El Diario - Bolivia\",\"isPartOf\":{\"@id\":\"https:\\\/\\\/www.eldiario.net\\\/portal\\\/#website\"},\"primaryImageOfPage\":{\"@id\":\"https:\\\/\\\/www.eldiario.net\\\/portal\\\/2026\\\/04\\\/01\\\/mundial-fifa-asegura-participacion-de-iran\\\/#primaryimage\"},\"image\":{\"@id\":\"https:\\\/\\\/www.eldiario.net\\\/portal\\\/2026\\\/04\\\/01\\\/mundial-fifa-asegura-participacion-de-iran\\\/#primaryimage\"},\"thumbnailUrl\":\"https:\\\/\\\/www.eldiario.net\\\/portal\\\/wp-content\\\/uploads\\\/2026\\\/04\\\/Foto-iran.webp\",\"datePublished\":\"2026-04-01T10:43:36+00:00\",\"breadcrumb\":{\"@id\":\"https:\\\/\\\/www.eldiario.net\\\/portal\\\/2026\\\/04\\\/01\\\/mundial-fifa-asegura-participacion-de-iran\\\/#breadcrumb\"},\"inLanguage\":\"es\",\"potentialAction\":[{\"@type\":\"ReadAction\",\"target\":[\"https:\\\/\\\/www.eldiario.net\\\/portal\\\/2026\\\/04\\\/01\\\/mundial-fifa-asegura-participacion-de-iran\\\/\"]}]},{\"@type\":\"ImageObject\",\"inLanguage\":\"es\",\"@id\":\"https:\\\/\\\/www.eldiario.net\\\/portal\\\/2026\\\/04\\\/01\\\/mundial-fifa-asegura-participacion-de-iran\\\/#primaryimage\",\"url\":\"https:\\\/\\\/www.eldiario.net\\\/portal\\\/wp-content\\\/uploads\\\/2026\\\/04\\\/Foto-iran.webp\",\"contentUrl\":\"https:\\\/\\\/www.eldiario.net\\\/portal\\\/wp-content\\\/uploads\\\/2026\\\/04\\\/Foto-iran.webp\",\"width\":959,\"height\":539},{\"@type\":\"BreadcrumbList\",\"@id\":\"https:\\\/\\\/www.eldiario.net\\\/portal\\\/2026\\\/04\\\/01\\\/mundial-fifa-asegura-participacion-de-iran\\\/#breadcrumb\",\"itemListElement\":[{\"@type\":\"ListItem\",\"position\":1,\"name\":\"Portada\",\"item\":\"https:\\\/\\\/www.eldiario.net\\\/portal\\\/\"},{\"@type\":\"ListItem\",\"position\":2,\"name\":\"Mundial: FIFA asegura participaci\u00f3n de Ir\u00e1n\"}]},{\"@type\":\"WebSite\",\"@id\":\"https:\\\/\\\/www.eldiario.net\\\/portal\\\/#website\",\"url\":\"https:\\\/\\\/www.eldiario.net\\\/portal\\\/\",\"name\":\"El Diario - Decano de la prensa nacional\",\"description\":\"El Diario - Decano de la prensa nacional\",\"publisher\":{\"@id\":\"https:\\\/\\\/www.eldiario.net\\\/portal\\\/#organization\"},\"potentialAction\":[{\"@type\":\"SearchAction\",\"target\":{\"@type\":\"EntryPoint\",\"urlTemplate\":\"https:\\\/\\\/www.eldiario.net\\\/portal\\\/?s={search_term_string}\"},\"query-input\":{\"@type\":\"PropertyValueSpecification\",\"valueRequired\":true,\"valueName\":\"search_term_string\"}}],\"inLanguage\":\"es\"},{\"@type\":\"Organization\",\"@id\":\"https:\\\/\\\/www.eldiario.net\\\/portal\\\/#organization\",\"name\":\"El Diario - Decano de la prensa nacional\",\"url\":\"https:\\\/\\\/www.eldiario.net\\\/portal\\\/\",\"logo\":{\"@type\":\"ImageObject\",\"inLanguage\":\"es\",\"@id\":\"https:\\\/\\\/www.eldiario.net\\\/portal\\\/#\\\/schema\\\/logo\\\/image\\\/\",\"url\":\"https:\\\/\\\/www.eldiario.net\\\/portal\\\/wp-content\\\/uploads\\\/2023\\\/07\\\/logo_ED.jpg\",\"contentUrl\":\"https:\\\/\\\/www.eldiario.net\\\/portal\\\/wp-content\\\/uploads\\\/2023\\\/07\\\/logo_ED.jpg\",\"width\":272,\"height\":52,\"caption\":\"El Diario - Decano de la prensa nacional\"},\"image\":{\"@id\":\"https:\\\/\\\/www.eldiario.net\\\/portal\\\/#\\\/schema\\\/logo\\\/image\\\/\"},\"sameAs\":[\"https:\\\/\\\/www.facebook.com\\\/eldiario.bolivia\\\/\",\"https:\\\/\\\/x.com\\\/eldiario_net\"]},{\"@type\":\"Person\",\"@id\":\"https:\\\/\\\/www.eldiario.net\\\/portal\\\/#\\\/schema\\\/person\\\/f46445640444750d7d753ccd04ae01b7\",\"name\":\"Jeanette\",\"image\":{\"@type\":\"ImageObject\",\"inLanguage\":\"es\",\"@id\":\"https:\\\/\\\/secure.gravatar.com\\\/avatar\\\/3ea2118a5f7dad2b7138b1187a6b7ee55f160b9968b66013c3a3ef39dd7e5798?s=96&d=mm&r=g\",\"url\":\"https:\\\/\\\/secure.gravatar.com\\\/avatar\\\/3ea2118a5f7dad2b7138b1187a6b7ee55f160b9968b66013c3a3ef39dd7e5798?s=96&d=mm&r=g\",\"contentUrl\":\"https:\\\/\\\/secure.gravatar.com\\\/avatar\\\/3ea2118a5f7dad2b7138b1187a6b7ee55f160b9968b66013c3a3ef39dd7e5798?s=96&d=mm&r=g\",\"caption\":\"Jeanette\"},\"sameAs\":[\"https:\\\/\\\/www.eldiario.net\\\/portal\"],\"url\":\"https:\\\/\\\/www.eldiario.net\\\/portal\\\/author\\\/jeanette\\\/\"}]}<\/script>\n<!-- \/ Yoast SEO plugin. -->","yoast_head_json":{"title":"Mundial: FIFA asegura participaci\u00f3n de Ir\u00e1n - El Diario - Bolivia","robots":{"index":"index","follow":"follow","max-snippet":"max-snippet:-1","max-image-preview":"max-image-preview:large","max-video-preview":"max-video-preview:-1"},"canonical":"https:\/\/www.eldiario.net\/portal\/2026\/04\/01\/mundial-fifa-asegura-participacion-de-iran\/","og_locale":"es_ES","og_type":"article","og_title":"Mundial: FIFA asegura participaci\u00f3n de Ir\u00e1n - El Diario - Bolivia","og_description":"Gianni Infantino, presidente de la FIFA, asegur\u00f3 que, pese al \u00abcomplejo\u00bb contexto geopol\u00edtico de la actualidad, la selecci\u00f3n de Ir\u00e1n jugar\u00e1 el Mundial 2026 de Estados Unidos, M\u00e9xico y Canad\u00e1, ya que, adem\u00e1s, no existe ning\u00fan \u00abplan\u00bb alternativo. Pese a que hace unos d\u00edas el ministro de Deportes iran\u00ed, Ahmad Donyamali, asegur\u00f3 que el equipo [&hellip;]","og_url":"https:\/\/www.eldiario.net\/portal\/2026\/04\/01\/mundial-fifa-asegura-participacion-de-iran\/","og_site_name":"El Diario - Bolivia","article_publisher":"https:\/\/www.facebook.com\/eldiario.bolivia\/","article_published_time":"2026-04-01T10:43:36+00:00","og_image":[{"width":959,"height":539,"url":"https:\/\/www.eldiario.net\/portal\/wp-content\/uploads\/2026\/04\/Foto-iran.webp","type":"image\/webp"}],"author":"Jeanette","twitter_card":"summary_large_image","twitter_creator":"@eldiario_net","twitter_site":"@eldiario_net","twitter_misc":{"Escrito por":"Jeanette","Tiempo de lectura":"2 minutos"},"schema":{"@context":"https:\/\/schema.org","@graph":[{"@type":"Article","@id":"https:\/\/www.eldiario.net\/portal\/2026\/04\/01\/mundial-fifa-asegura-participacion-de-iran\/#article","isPartOf":{"@id":"https:\/\/www.eldiario.net\/portal\/2026\/04\/01\/mundial-fifa-asegura-participacion-de-iran\/"},"author":{"name":"Jeanette","@id":"https:\/\/www.eldiario.net\/portal\/#\/schema\/person\/f46445640444750d7d753ccd04ae01b7"},"headline":"Mundial: FIFA asegura participaci\u00f3n de Ir\u00e1n","datePublished":"2026-04-01T10:43:36+00:00","mainEntityOfPage":{"@id":"https:\/\/www.eldiario.net\/portal\/2026\/04\/01\/mundial-fifa-asegura-participacion-de-iran\/"},"wordCount":367,"publisher":{"@id":"https:\/\/www.eldiario.net\/portal\/#organization"},"image":{"@id":"https:\/\/www.eldiario.net\/portal\/2026\/04\/01\/mundial-fifa-asegura-participacion-de-iran\/#primaryimage"},"thumbnailUrl":"https:\/\/www.eldiario.net\/portal\/wp-content\/uploads\/2026\/04\/Foto-iran.webp","articleSection":["Deportes"],"inLanguage":"es"},{"@type":"WebPage","@id":"https:\/\/www.eldiario.net\/portal\/2026\/04\/01\/mundial-fifa-asegura-participacion-de-iran\/","url":"https:\/\/www.eldiario.net\/portal\/2026\/04\/01\/mundial-fifa-asegura-participacion-de-iran\/","name":"Mundial: FIFA asegura participaci\u00f3n de Ir\u00e1n - El Diario - Bolivia","isPartOf":{"@id":"https:\/\/www.eldiario.net\/portal\/#website"},"primaryImageOfPage":{"@id":"https:\/\/www.eldiario.net\/portal\/2026\/04\/01\/mundial-fifa-asegura-participacion-de-iran\/#primaryimage"},"image":{"@id":"https:\/\/www.eldiario.net\/portal\/2026\/04\/01\/mundial-fifa-asegura-participacion-de-iran\/#primaryimage"},"thumbnailUrl":"https:\/\/www.eldiario.net\/portal\/wp-content\/uploads\/2026\/04\/Foto-iran.webp","datePublished":"2026-04-01T10:43:36+00:00","breadcrumb":{"@id":"https:\/\/www.eldiario.net\/portal\/2026\/04\/01\/mundial-fifa-asegura-participacion-de-iran\/#breadcrumb"},"inLanguage":"es","potentialAction":[{"@type":"ReadAction","target":["https:\/\/www.eldiario.net\/portal\/2026\/04\/01\/mundial-fifa-asegura-participacion-de-iran\/"]}]},{"@type":"ImageObject","inLanguage":"es","@id":"https:\/\/www.eldiario.net\/portal\/2026\/04\/01\/mundial-fifa-asegura-participacion-de-iran\/#primaryimage","url":"https:\/\/www.eldiario.net\/portal\/wp-content\/uploads\/2026\/04\/Foto-iran.webp","contentUrl":"https:\/\/www.eldiario.net\/portal\/wp-content\/uploads\/2026\/04\/Foto-iran.webp","width":959,"height":539},{"@type":"BreadcrumbList","@id":"https:\/\/www.eldiario.net\/portal\/2026\/04\/01\/mundial-fifa-asegura-participacion-de-iran\/#breadcrumb","itemListElement":[{"@type":"ListItem","position":1,"name":"Portada","item":"https:\/\/www.eldiario.net\/portal\/"},{"@type":"ListItem","position":2,"name":"Mundial: FIFA asegura participaci\u00f3n de Ir\u00e1n"}]},{"@type":"WebSite","@id":"https:\/\/www.eldiario.net\/portal\/#website","url":"https:\/\/www.eldiario.net\/portal\/","name":"El Diario - Decano de la prensa nacional","description":"El Diario - Decano de la prensa nacional","publisher":{"@id":"https:\/\/www.eldiario.net\/portal\/#organization"},"potentialAction":[{"@type":"SearchAction","target":{"@type":"EntryPoint","urlTemplate":"https:\/\/www.eldiario.net\/portal\/?s={search_term_string}"},"query-input":{"@type":"PropertyValueSpecification","valueRequired":true,"valueName":"search_term_string"}}],"inLanguage":"es"},{"@type":"Organization","@id":"https:\/\/www.eldiario.net\/portal\/#organization","name":"El Diario - Decano de la prensa nacional","url":"https:\/\/www.eldiario.net\/portal\/","logo":{"@type":"ImageObject","inLanguage":"es","@id":"https:\/\/www.eldiario.net\/portal\/#\/schema\/logo\/image\/","url":"https:\/\/www.eldiario.net\/portal\/wp-content\/uploads\/2023\/07\/logo_ED.jpg","contentUrl":"https:\/\/www.eldiario.net\/portal\/wp-content\/uploads\/2023\/07\/logo_ED.jpg","width":272,"height":52,"caption":"El Diario - Decano de la prensa nacional"},"image":{"@id":"https:\/\/www.eldiario.net\/portal\/#\/schema\/logo\/image\/"},"sameAs":["https:\/\/www.facebook.com\/eldiario.bolivia\/","https:\/\/x.com\/eldiario_net"]},{"@type":"Person","@id":"https:\/\/www.eldiario.net\/portal\/#\/schema\/person\/f46445640444750d7d753ccd04ae01b7","name":"Jeanette","image":{"@type":"ImageObject","inLanguage":"es","@id":"https:\/\/secure.gravatar.com\/avatar\/3ea2118a5f7dad2b7138b1187a6b7ee55f160b9968b66013c3a3ef39dd7e5798?s=96&d=mm&r=g","url":"https:\/\/secure.gravatar.com\/avatar\/3ea2118a5f7dad2b7138b1187a6b7ee55f160b9968b66013c3a3ef39dd7e5798?s=96&d=mm&r=g","contentUrl":"https:\/\/secure.gravatar.com\/avatar\/3ea2118a5f7dad2b7138b1187a6b7ee55f160b9968b66013c3a3ef39dd7e5798?s=96&d=mm&r=g","caption":"Jeanette"},"sameAs":["https:\/\/www.eldiario.net\/portal"],"url":"https:\/\/www.eldiario.net\/portal\/author\/jeanette\/"}]}},"_links":{"self":[{"href":"https:\/\/www.eldiario.net\/portal\/wp-json\/wp\/v2\/posts\/381437","targetHints":{"allow":["GET"]}}],"collection":[{"href":"https:\/\/www.eldiario.net\/portal\/wp-json\/wp\/v2\/posts"}],"about":[{"href":"https:\/\/www.eldiario.net\/portal\/wp-json\/wp\/v2\/types\/post"}],"author":[{"embeddable":true,"href":"https:\/\/www.eldiario.net\/portal\/wp-json\/wp\/v2\/users\/1"}],"replies":[{"embeddable":true,"href":"https:\/\/www.eldiario.net\/portal\/wp-json\/wp\/v2\/comments?post=381437"}],"version-history":[{"count":1,"href":"https:\/\/www.eldiario.net\/portal\/wp-json\/wp\/v2\/posts\/381437\/revisions"}],"predecessor-version":[{"id":381439,"href":"https:\/\/www.eldiario.net\/portal\/wp-json\/wp\/v2\/posts\/381437\/revisions\/381439"}],"wp:featuredmedia":[{"embeddable":true,"href":"https:\/\/www.eldiario.net\/portal\/wp-json\/wp\/v2\/media\/381438"}],"wp:attachment":[{"href":"https:\/\/www.eldiario.net\/portal\/wp-json\/wp\/v2\/media?parent=381437"}],"wp:term":[{"taxonomy":"category","embeddable":true,"href":"https:\/\/www.eldiario.net\/portal\/wp-json\/wp\/v2\/categories?post=381437"},{"taxonomy":"post_tag","embeddable":true,"href":"https:\/\/www.eldiario.net\/portal\/wp-json\/wp\/v2\/tags?post=381437"}],"curies":[{"name":"wp","href":"https:\/\/api.w.org\/{rel}","templated":true}]}}