{"id":381423,"date":"2026-04-01T06:39:30","date_gmt":"2026-04-01T10:39:30","guid":{"rendered":"https:\/\/www.eldiario.net\/portal\/?p=381423"},"modified":"2026-04-01T06:39:30","modified_gmt":"2026-04-01T10:39:30","slug":"red-de-contrabandistas-adulteraba-combustible","status":"publish","type":"post","link":"https:\/\/www.eldiario.net\/portal\/2026\/04\/01\/red-de-contrabandistas-adulteraba-combustible\/","title":{"rendered":"Red de contrabandistas  adulteraba combustible"},"content":{"rendered":"<p>El presidente Rodrigo Paz Pereira y altas autoridades del Gobierno, afirmaron la existencia de una red delictiva internacional especializada en robar y adulterar el combustible que ingresaba a territorio boliviano a trav\u00e9s de Chile, cuya actividad delictiva ocasion\u00f3 severos da\u00f1os en miles de veh\u00edculos del sector p\u00fablico y privado del pa\u00eds.<br \/>\nEl ministro de Gobierno, Marco Antonio Oviedo, dijo que las cisternas eran desviadas hacia garajes particulares para realizar la sustracci\u00f3n de entre 700 y 1.000 litros de carburante y su sustituci\u00f3n por aceite y agua sucia. Esto, agreg\u00f3 la autoridad, habr\u00eda ocurrido en aproximadamente 5.000 cisternas, provocando el ingreso al pa\u00eds de unos 150 millones de litros de combustible adulterado.<br \/>\nSeg\u00fan estimaciones del Gobierno, la \u201coperaci\u00f3n financiera delictiva gigantesca\u201d ascender\u00eda a 150 millones de d\u00f3lares, considerando que cada litro del combustible boliviano se vend\u00eda a un d\u00f3lar en territorio vecino.<br \/>\nPor otro lado, el vicepresidente de Administraci\u00f3n, Contratos y Fiscalizaci\u00f3n de la estatal, Ra\u00fal \u00c1lvarez, indic\u00f3 que el c\u00e1lculo se basa en la \u00faltima certificaci\u00f3n disponible. \u201cConsiderando la \u00faltima certificaci\u00f3n de reservas, estos 4,5 TCF, descontando el consumo que venimos sosteniendo en gas, nuestra reserva probable que tenemos en este momento es de 3,7 TCF para gas\u201d, sostuvo.<\/p>\n","protected":false},"excerpt":{"rendered":"<p>El presidente Rodrigo Paz Pereira y altas autoridades del Gobierno, afirmaron la existencia de una red delictiva internacional especializada en robar y adulterar el combustible que ingresaba a territorio boliviano a trav\u00e9s de Chile, cuya actividad delictiva ocasion\u00f3 severos da\u00f1os en miles de veh\u00edculos del sector p\u00fablico y privado del pa\u00eds. El ministro de Gobierno, [&hellip;]<\/p>\n","protected":false},"author":1,"featured_media":381424,"comment_status":"closed","ping_status":"open","sticky":false,"template":"","format":"standard","meta":{"_acf_changed":false,"footnotes":""},"categories":[15],"tags":[],"class_list":["post-381423","post","type-post","status-publish","format-standard","has-post-thumbnail","category-portada"],"acf":{"antetitulo":"Lo ingresaban desde Chile al pa\u00eds"},"yoast_head":"<!-- This site is optimized with the Yoast SEO plugin v28.4 - https:\/\/yoast.com\/product\/yoast-seo-wordpress\/ -->\n<title>Red de contrabandistas adulteraba combustible - El Diario - Bolivia<\/title>\n<meta name=\"robots\" content=\"index, follow, max-snippet:-1, max-image-preview:large, max-video-preview:-1\" \/>\n<link rel=\"canonical\" href=\"https:\/\/www.eldiario.net\/portal\/2026\/04\/01\/red-de-contrabandistas-adulteraba-combustible\/\" \/>\n<meta property=\"og:locale\" content=\"es_ES\" \/>\n<meta property=\"og:type\" content=\"article\" \/>\n<meta property=\"og:title\" content=\"Red de contrabandistas adulteraba combustible - El Diario - Bolivia\" \/>\n<meta property=\"og:description\" content=\"El presidente Rodrigo Paz Pereira y altas autoridades del Gobierno, afirmaron la existencia de una red delictiva internacional especializada en robar y adulterar el combustible que ingresaba a territorio boliviano a trav\u00e9s de Chile, cuya actividad delictiva ocasion\u00f3 severos da\u00f1os en miles de veh\u00edculos del sector p\u00fablico y privado del pa\u00eds. El ministro de Gobierno, [&hellip;]\" \/>\n<meta property=\"og:url\" content=\"https:\/\/www.eldiario.net\/portal\/2026\/04\/01\/red-de-contrabandistas-adulteraba-combustible\/\" \/>\n<meta property=\"og:site_name\" content=\"El Diario - Bolivia\" \/>\n<meta property=\"article:publisher\" content=\"https:\/\/www.facebook.com\/eldiario.bolivia\/\" \/>\n<meta property=\"article:published_time\" content=\"2026-04-01T10:39:30+00:00\" \/>\n<meta property=\"og:image\" content=\"https:\/\/www.eldiario.net\/portal\/wp-content\/uploads\/2026\/04\/Identifican-red-apg-15-cm-x-10.webp\" \/>\n\t<meta property=\"og:image:width\" content=\"1200\" \/>\n\t<meta property=\"og:image:height\" content=\"800\" \/>\n\t<meta property=\"og:image:type\" content=\"image\/webp\" \/>\n<meta name=\"author\" content=\"Jeanette\" \/>\n<meta name=\"twitter:card\" content=\"summary_large_image\" \/>\n<meta name=\"twitter:creator\" content=\"@eldiario_net\" \/>\n<meta name=\"twitter:site\" content=\"@eldiario_net\" \/>\n<meta name=\"twitter:label1\" content=\"Escrito por\" \/>\n\t<meta name=\"twitter:data1\" content=\"Jeanette\" \/>\n\t<meta name=\"twitter:label2\" content=\"Tiempo de lectura\" \/>\n\t<meta name=\"twitter:data2\" content=\"2 minutos\" \/>\n<script type=\"application\/ld+json\" class=\"yoast-schema-graph\">{\"@context\":\"https:\\\/\\\/schema.org\",\"@graph\":[{\"@type\":\"Article\",\"@id\":\"https:\\\/\\\/www.eldiario.net\\\/portal\\\/2026\\\/04\\\/01\\\/red-de-contrabandistas-adulteraba-combustible\\\/#article\",\"isPartOf\":{\"@id\":\"https:\\\/\\\/www.eldiario.net\\\/portal\\\/2026\\\/04\\\/01\\\/red-de-contrabandistas-adulteraba-combustible\\\/\"},\"author\":{\"name\":\"Jeanette\",\"@id\":\"https:\\\/\\\/www.eldiario.net\\\/portal\\\/#\\\/schema\\\/person\\\/f46445640444750d7d753ccd04ae01b7\"},\"headline\":\"Red de contrabandistas adulteraba combustible\",\"datePublished\":\"2026-04-01T10:39:30+00:00\",\"mainEntityOfPage\":{\"@id\":\"https:\\\/\\\/www.eldiario.net\\\/portal\\\/2026\\\/04\\\/01\\\/red-de-contrabandistas-adulteraba-combustible\\\/\"},\"wordCount\":218,\"publisher\":{\"@id\":\"https:\\\/\\\/www.eldiario.net\\\/portal\\\/#organization\"},\"image\":{\"@id\":\"https:\\\/\\\/www.eldiario.net\\\/portal\\\/2026\\\/04\\\/01\\\/red-de-contrabandistas-adulteraba-combustible\\\/#primaryimage\"},\"thumbnailUrl\":\"https:\\\/\\\/www.eldiario.net\\\/portal\\\/wp-content\\\/uploads\\\/2026\\\/04\\\/Identifican-red-apg-15-cm-x-10.webp\",\"articleSection\":[\"Portada\"],\"inLanguage\":\"es\"},{\"@type\":\"WebPage\",\"@id\":\"https:\\\/\\\/www.eldiario.net\\\/portal\\\/2026\\\/04\\\/01\\\/red-de-contrabandistas-adulteraba-combustible\\\/\",\"url\":\"https:\\\/\\\/www.eldiario.net\\\/portal\\\/2026\\\/04\\\/01\\\/red-de-contrabandistas-adulteraba-combustible\\\/\",\"name\":\"Red de contrabandistas adulteraba combustible - El Diario - Bolivia\",\"isPartOf\":{\"@id\":\"https:\\\/\\\/www.eldiario.net\\\/portal\\\/#website\"},\"primaryImageOfPage\":{\"@id\":\"https:\\\/\\\/www.eldiario.net\\\/portal\\\/2026\\\/04\\\/01\\\/red-de-contrabandistas-adulteraba-combustible\\\/#primaryimage\"},\"image\":{\"@id\":\"https:\\\/\\\/www.eldiario.net\\\/portal\\\/2026\\\/04\\\/01\\\/red-de-contrabandistas-adulteraba-combustible\\\/#primaryimage\"},\"thumbnailUrl\":\"https:\\\/\\\/www.eldiario.net\\\/portal\\\/wp-content\\\/uploads\\\/2026\\\/04\\\/Identifican-red-apg-15-cm-x-10.webp\",\"datePublished\":\"2026-04-01T10:39:30+00:00\",\"breadcrumb\":{\"@id\":\"https:\\\/\\\/www.eldiario.net\\\/portal\\\/2026\\\/04\\\/01\\\/red-de-contrabandistas-adulteraba-combustible\\\/#breadcrumb\"},\"inLanguage\":\"es\",\"potentialAction\":[{\"@type\":\"ReadAction\",\"target\":[\"https:\\\/\\\/www.eldiario.net\\\/portal\\\/2026\\\/04\\\/01\\\/red-de-contrabandistas-adulteraba-combustible\\\/\"]}]},{\"@type\":\"ImageObject\",\"inLanguage\":\"es\",\"@id\":\"https:\\\/\\\/www.eldiario.net\\\/portal\\\/2026\\\/04\\\/01\\\/red-de-contrabandistas-adulteraba-combustible\\\/#primaryimage\",\"url\":\"https:\\\/\\\/www.eldiario.net\\\/portal\\\/wp-content\\\/uploads\\\/2026\\\/04\\\/Identifican-red-apg-15-cm-x-10.webp\",\"contentUrl\":\"https:\\\/\\\/www.eldiario.net\\\/portal\\\/wp-content\\\/uploads\\\/2026\\\/04\\\/Identifican-red-apg-15-cm-x-10.webp\",\"width\":1200,\"height\":800,\"caption\":\"El Gobierno present\u00f3 pruebas, v\u00eddeos y fotograf\u00edas, para identificar una red de sabotaje y robo de combustibles que opera en Bolivia y Chile.\"},{\"@type\":\"BreadcrumbList\",\"@id\":\"https:\\\/\\\/www.eldiario.net\\\/portal\\\/2026\\\/04\\\/01\\\/red-de-contrabandistas-adulteraba-combustible\\\/#breadcrumb\",\"itemListElement\":[{\"@type\":\"ListItem\",\"position\":1,\"name\":\"Portada\",\"item\":\"https:\\\/\\\/www.eldiario.net\\\/portal\\\/\"},{\"@type\":\"ListItem\",\"position\":2,\"name\":\"Red de contrabandistas adulteraba combustible\"}]},{\"@type\":\"WebSite\",\"@id\":\"https:\\\/\\\/www.eldiario.net\\\/portal\\\/#website\",\"url\":\"https:\\\/\\\/www.eldiario.net\\\/portal\\\/\",\"name\":\"El Diario - Decano de la prensa nacional\",\"description\":\"El Diario - Decano de la prensa nacional\",\"publisher\":{\"@id\":\"https:\\\/\\\/www.eldiario.net\\\/portal\\\/#organization\"},\"potentialAction\":[{\"@type\":\"SearchAction\",\"target\":{\"@type\":\"EntryPoint\",\"urlTemplate\":\"https:\\\/\\\/www.eldiario.net\\\/portal\\\/?s={search_term_string}\"},\"query-input\":{\"@type\":\"PropertyValueSpecification\",\"valueRequired\":true,\"valueName\":\"search_term_string\"}}],\"inLanguage\":\"es\"},{\"@type\":\"Organization\",\"@id\":\"https:\\\/\\\/www.eldiario.net\\\/portal\\\/#organization\",\"name\":\"El Diario - Decano de la prensa nacional\",\"url\":\"https:\\\/\\\/www.eldiario.net\\\/portal\\\/\",\"logo\":{\"@type\":\"ImageObject\",\"inLanguage\":\"es\",\"@id\":\"https:\\\/\\\/www.eldiario.net\\\/portal\\\/#\\\/schema\\\/logo\\\/image\\\/\",\"url\":\"https:\\\/\\\/www.eldiario.net\\\/portal\\\/wp-content\\\/uploads\\\/2023\\\/07\\\/logo_ED.jpg\",\"contentUrl\":\"https:\\\/\\\/www.eldiario.net\\\/portal\\\/wp-content\\\/uploads\\\/2023\\\/07\\\/logo_ED.jpg\",\"width\":272,\"height\":52,\"caption\":\"El Diario - Decano de la prensa nacional\"},\"image\":{\"@id\":\"https:\\\/\\\/www.eldiario.net\\\/portal\\\/#\\\/schema\\\/logo\\\/image\\\/\"},\"sameAs\":[\"https:\\\/\\\/www.facebook.com\\\/eldiario.bolivia\\\/\",\"https:\\\/\\\/x.com\\\/eldiario_net\"]},{\"@type\":\"Person\",\"@id\":\"https:\\\/\\\/www.eldiario.net\\\/portal\\\/#\\\/schema\\\/person\\\/f46445640444750d7d753ccd04ae01b7\",\"name\":\"Jeanette\",\"image\":{\"@type\":\"ImageObject\",\"inLanguage\":\"es\",\"@id\":\"https:\\\/\\\/secure.gravatar.com\\\/avatar\\\/3ea2118a5f7dad2b7138b1187a6b7ee55f160b9968b66013c3a3ef39dd7e5798?s=96&d=mm&r=g\",\"url\":\"https:\\\/\\\/secure.gravatar.com\\\/avatar\\\/3ea2118a5f7dad2b7138b1187a6b7ee55f160b9968b66013c3a3ef39dd7e5798?s=96&d=mm&r=g\",\"contentUrl\":\"https:\\\/\\\/secure.gravatar.com\\\/avatar\\\/3ea2118a5f7dad2b7138b1187a6b7ee55f160b9968b66013c3a3ef39dd7e5798?s=96&d=mm&r=g\",\"caption\":\"Jeanette\"},\"sameAs\":[\"https:\\\/\\\/www.eldiario.net\\\/portal\"],\"url\":\"https:\\\/\\\/www.eldiario.net\\\/portal\\\/author\\\/jeanette\\\/\"}]}<\/script>\n<!-- \/ Yoast SEO plugin. -->","yoast_head_json":{"title":"Red de contrabandistas adulteraba combustible - El Diario - Bolivia","robots":{"index":"index","follow":"follow","max-snippet":"max-snippet:-1","max-image-preview":"max-image-preview:large","max-video-preview":"max-video-preview:-1"},"canonical":"https:\/\/www.eldiario.net\/portal\/2026\/04\/01\/red-de-contrabandistas-adulteraba-combustible\/","og_locale":"es_ES","og_type":"article","og_title":"Red de contrabandistas adulteraba combustible - El Diario - Bolivia","og_description":"El presidente Rodrigo Paz Pereira y altas autoridades del Gobierno, afirmaron la existencia de una red delictiva internacional especializada en robar y adulterar el combustible que ingresaba a territorio boliviano a trav\u00e9s de Chile, cuya actividad delictiva ocasion\u00f3 severos da\u00f1os en miles de veh\u00edculos del sector p\u00fablico y privado del pa\u00eds. El ministro de Gobierno, [&hellip;]","og_url":"https:\/\/www.eldiario.net\/portal\/2026\/04\/01\/red-de-contrabandistas-adulteraba-combustible\/","og_site_name":"El Diario - Bolivia","article_publisher":"https:\/\/www.facebook.com\/eldiario.bolivia\/","article_published_time":"2026-04-01T10:39:30+00:00","og_image":[{"width":1200,"height":800,"url":"https:\/\/www.eldiario.net\/portal\/wp-content\/uploads\/2026\/04\/Identifican-red-apg-15-cm-x-10.webp","type":"image\/webp"}],"author":"Jeanette","twitter_card":"summary_large_image","twitter_creator":"@eldiario_net","twitter_site":"@eldiario_net","twitter_misc":{"Escrito por":"Jeanette","Tiempo de lectura":"2 minutos"},"schema":{"@context":"https:\/\/schema.org","@graph":[{"@type":"Article","@id":"https:\/\/www.eldiario.net\/portal\/2026\/04\/01\/red-de-contrabandistas-adulteraba-combustible\/#article","isPartOf":{"@id":"https:\/\/www.eldiario.net\/portal\/2026\/04\/01\/red-de-contrabandistas-adulteraba-combustible\/"},"author":{"name":"Jeanette","@id":"https:\/\/www.eldiario.net\/portal\/#\/schema\/person\/f46445640444750d7d753ccd04ae01b7"},"headline":"Red de contrabandistas adulteraba combustible","datePublished":"2026-04-01T10:39:30+00:00","mainEntityOfPage":{"@id":"https:\/\/www.eldiario.net\/portal\/2026\/04\/01\/red-de-contrabandistas-adulteraba-combustible\/"},"wordCount":218,"publisher":{"@id":"https:\/\/www.eldiario.net\/portal\/#organization"},"image":{"@id":"https:\/\/www.eldiario.net\/portal\/2026\/04\/01\/red-de-contrabandistas-adulteraba-combustible\/#primaryimage"},"thumbnailUrl":"https:\/\/www.eldiario.net\/portal\/wp-content\/uploads\/2026\/04\/Identifican-red-apg-15-cm-x-10.webp","articleSection":["Portada"],"inLanguage":"es"},{"@type":"WebPage","@id":"https:\/\/www.eldiario.net\/portal\/2026\/04\/01\/red-de-contrabandistas-adulteraba-combustible\/","url":"https:\/\/www.eldiario.net\/portal\/2026\/04\/01\/red-de-contrabandistas-adulteraba-combustible\/","name":"Red de contrabandistas adulteraba combustible - El Diario - Bolivia","isPartOf":{"@id":"https:\/\/www.eldiario.net\/portal\/#website"},"primaryImageOfPage":{"@id":"https:\/\/www.eldiario.net\/portal\/2026\/04\/01\/red-de-contrabandistas-adulteraba-combustible\/#primaryimage"},"image":{"@id":"https:\/\/www.eldiario.net\/portal\/2026\/04\/01\/red-de-contrabandistas-adulteraba-combustible\/#primaryimage"},"thumbnailUrl":"https:\/\/www.eldiario.net\/portal\/wp-content\/uploads\/2026\/04\/Identifican-red-apg-15-cm-x-10.webp","datePublished":"2026-04-01T10:39:30+00:00","breadcrumb":{"@id":"https:\/\/www.eldiario.net\/portal\/2026\/04\/01\/red-de-contrabandistas-adulteraba-combustible\/#breadcrumb"},"inLanguage":"es","potentialAction":[{"@type":"ReadAction","target":["https:\/\/www.eldiario.net\/portal\/2026\/04\/01\/red-de-contrabandistas-adulteraba-combustible\/"]}]},{"@type":"ImageObject","inLanguage":"es","@id":"https:\/\/www.eldiario.net\/portal\/2026\/04\/01\/red-de-contrabandistas-adulteraba-combustible\/#primaryimage","url":"https:\/\/www.eldiario.net\/portal\/wp-content\/uploads\/2026\/04\/Identifican-red-apg-15-cm-x-10.webp","contentUrl":"https:\/\/www.eldiario.net\/portal\/wp-content\/uploads\/2026\/04\/Identifican-red-apg-15-cm-x-10.webp","width":1200,"height":800,"caption":"El Gobierno present\u00f3 pruebas, v\u00eddeos y fotograf\u00edas, para identificar una red de sabotaje y robo de combustibles que opera en Bolivia y Chile."},{"@type":"BreadcrumbList","@id":"https:\/\/www.eldiario.net\/portal\/2026\/04\/01\/red-de-contrabandistas-adulteraba-combustible\/#breadcrumb","itemListElement":[{"@type":"ListItem","position":1,"name":"Portada","item":"https:\/\/www.eldiario.net\/portal\/"},{"@type":"ListItem","position":2,"name":"Red de contrabandistas adulteraba combustible"}]},{"@type":"WebSite","@id":"https:\/\/www.eldiario.net\/portal\/#website","url":"https:\/\/www.eldiario.net\/portal\/","name":"El Diario - Decano de la prensa nacional","description":"El Diario - Decano de la prensa nacional","publisher":{"@id":"https:\/\/www.eldiario.net\/portal\/#organization"},"potentialAction":[{"@type":"SearchAction","target":{"@type":"EntryPoint","urlTemplate":"https:\/\/www.eldiario.net\/portal\/?s={search_term_string}"},"query-input":{"@type":"PropertyValueSpecification","valueRequired":true,"valueName":"search_term_string"}}],"inLanguage":"es"},{"@type":"Organization","@id":"https:\/\/www.eldiario.net\/portal\/#organization","name":"El Diario - Decano de la prensa nacional","url":"https:\/\/www.eldiario.net\/portal\/","logo":{"@type":"ImageObject","inLanguage":"es","@id":"https:\/\/www.eldiario.net\/portal\/#\/schema\/logo\/image\/","url":"https:\/\/www.eldiario.net\/portal\/wp-content\/uploads\/2023\/07\/logo_ED.jpg","contentUrl":"https:\/\/www.eldiario.net\/portal\/wp-content\/uploads\/2023\/07\/logo_ED.jpg","width":272,"height":52,"caption":"El Diario - Decano de la prensa nacional"},"image":{"@id":"https:\/\/www.eldiario.net\/portal\/#\/schema\/logo\/image\/"},"sameAs":["https:\/\/www.facebook.com\/eldiario.bolivia\/","https:\/\/x.com\/eldiario_net"]},{"@type":"Person","@id":"https:\/\/www.eldiario.net\/portal\/#\/schema\/person\/f46445640444750d7d753ccd04ae01b7","name":"Jeanette","image":{"@type":"ImageObject","inLanguage":"es","@id":"https:\/\/secure.gravatar.com\/avatar\/3ea2118a5f7dad2b7138b1187a6b7ee55f160b9968b66013c3a3ef39dd7e5798?s=96&d=mm&r=g","url":"https:\/\/secure.gravatar.com\/avatar\/3ea2118a5f7dad2b7138b1187a6b7ee55f160b9968b66013c3a3ef39dd7e5798?s=96&d=mm&r=g","contentUrl":"https:\/\/secure.gravatar.com\/avatar\/3ea2118a5f7dad2b7138b1187a6b7ee55f160b9968b66013c3a3ef39dd7e5798?s=96&d=mm&r=g","caption":"Jeanette"},"sameAs":["https:\/\/www.eldiario.net\/portal"],"url":"https:\/\/www.eldiario.net\/portal\/author\/jeanette\/"}]}},"_links":{"self":[{"href":"https:\/\/www.eldiario.net\/portal\/wp-json\/wp\/v2\/posts\/381423","targetHints":{"allow":["GET"]}}],"collection":[{"href":"https:\/\/www.eldiario.net\/portal\/wp-json\/wp\/v2\/posts"}],"about":[{"href":"https:\/\/www.eldiario.net\/portal\/wp-json\/wp\/v2\/types\/post"}],"author":[{"embeddable":true,"href":"https:\/\/www.eldiario.net\/portal\/wp-json\/wp\/v2\/users\/1"}],"replies":[{"embeddable":true,"href":"https:\/\/www.eldiario.net\/portal\/wp-json\/wp\/v2\/comments?post=381423"}],"version-history":[{"count":1,"href":"https:\/\/www.eldiario.net\/portal\/wp-json\/wp\/v2\/posts\/381423\/revisions"}],"predecessor-version":[{"id":381425,"href":"https:\/\/www.eldiario.net\/portal\/wp-json\/wp\/v2\/posts\/381423\/revisions\/381425"}],"wp:featuredmedia":[{"embeddable":true,"href":"https:\/\/www.eldiario.net\/portal\/wp-json\/wp\/v2\/media\/381424"}],"wp:attachment":[{"href":"https:\/\/www.eldiario.net\/portal\/wp-json\/wp\/v2\/media?parent=381423"}],"wp:term":[{"taxonomy":"category","embeddable":true,"href":"https:\/\/www.eldiario.net\/portal\/wp-json\/wp\/v2\/categories?post=381423"},{"taxonomy":"post_tag","embeddable":true,"href":"https:\/\/www.eldiario.net\/portal\/wp-json\/wp\/v2\/tags?post=381423"}],"curies":[{"name":"wp","href":"https:\/\/api.w.org\/{rel}","templated":true}]}}