{"id":381417,"date":"2026-04-01T06:36:08","date_gmt":"2026-04-01T10:36:08","guid":{"rendered":"https:\/\/www.eldiario.net\/portal\/?p=381417"},"modified":"2026-04-01T06:36:08","modified_gmt":"2026-04-01T10:36:08","slug":"ypfb-revela-que-reservas-de-gas-natural-caen-a-37-tcf","status":"publish","type":"post","link":"https:\/\/www.eldiario.net\/portal\/2026\/04\/01\/ypfb-revela-que-reservas-de-gas-natural-caen-a-37-tcf\/","title":{"rendered":"YPFB revela que reservas de gas natural caen a 3,7 TCF"},"content":{"rendered":"<p>Yacimientos Petrol\u00edferos Fiscales Bolivianos (YPFB) inform\u00f3 ayer que las reservas de gas natural del pa\u00eds registran una disminuci\u00f3n y se sit\u00faan actualmente en torno a los 3,7 trillones de pies c\u00fabicos (TCF), seg\u00fan datos expuestos durante la Rendici\u00f3n P\u00fablica de Cuentas Final 2025.<br \/>\nEl vicepresidente de Administraci\u00f3n, Contratos y Fiscalizaci\u00f3n de la estatal, Ra\u00fal \u00c1lvarez, explic\u00f3 que el c\u00e1lculo se basa en la \u00faltima certificaci\u00f3n disponible. \u201cConsiderando la \u00faltima certificaci\u00f3n de reservas, estos 4,5 TCF, descontando el consumo que venimos sosteniendo en gas, nuestra reserva probable que tenemos en este momento es de 3,7 TCF para gas. Digo probable porque puede haber algunas diferencias en lo que se hizo en 2023\u201d, indic\u00f3.<br \/>\nLa cifra refleja una reducci\u00f3n respecto al informe de 2023, cuando las reservas alcanzaban los 4,5 TCF. En ese sentido, la estatal precis\u00f3 que \u201cconsiderando la \u00faltima certificaci\u00f3n de reservas, descontando el consumo al 31\/12\/2025, la reserva probada es de 3,7 TCF para gas y 9,8 MBbl para petr\u00f3leo\u201d.<br \/>\n\u00c1lvarez reafirm\u00f3 la proyecci\u00f3n actual al se\u00f1alar que \u201cnuestras reservas probables en este momento son 3,7, digo probables porque puede haber algunas diferencias en lo que se certific\u00f3 a partir de 2023. Entonces, hoy por hoy deber\u00edamos estar esperando 3,7 TCF\u201d. (Br\u00fajula Digital)<\/p>\n","protected":false},"excerpt":{"rendered":"<p>Yacimientos Petrol\u00edferos Fiscales Bolivianos (YPFB) inform\u00f3 ayer que las reservas de gas natural del pa\u00eds registran una disminuci\u00f3n y se sit\u00faan actualmente en torno a los 3,7 trillones de pies c\u00fabicos (TCF), seg\u00fan datos expuestos durante la Rendici\u00f3n P\u00fablica de Cuentas Final 2025. El vicepresidente de Administraci\u00f3n, Contratos y Fiscalizaci\u00f3n de la estatal, Ra\u00fal \u00c1lvarez, [&hellip;]<\/p>\n","protected":false},"author":1,"featured_media":381418,"comment_status":"closed","ping_status":"open","sticky":false,"template":"","format":"standard","meta":{"_acf_changed":false,"footnotes":""},"categories":[15],"tags":[],"class_list":["post-381417","post","type-post","status-publish","format-standard","has-post-thumbnail","category-portada"],"acf":{"antetitulo":"Anticipan posible importaci\u00f3n desde 2031"},"yoast_head":"<!-- This site is optimized with the Yoast SEO plugin v28.4 - https:\/\/yoast.com\/product\/yoast-seo-wordpress\/ -->\n<title>YPFB revela que reservas de gas natural caen a 3,7 TCF - El Diario - Bolivia<\/title>\n<meta name=\"robots\" content=\"index, follow, max-snippet:-1, max-image-preview:large, max-video-preview:-1\" \/>\n<link rel=\"canonical\" href=\"https:\/\/www.eldiario.net\/portal\/2026\/04\/01\/ypfb-revela-que-reservas-de-gas-natural-caen-a-37-tcf\/\" \/>\n<meta property=\"og:locale\" content=\"es_ES\" \/>\n<meta property=\"og:type\" content=\"article\" \/>\n<meta property=\"og:title\" content=\"YPFB revela que reservas de gas natural caen a 3,7 TCF - El Diario - Bolivia\" \/>\n<meta property=\"og:description\" content=\"Yacimientos Petrol\u00edferos Fiscales Bolivianos (YPFB) inform\u00f3 ayer que las reservas de gas natural del pa\u00eds registran una disminuci\u00f3n y se sit\u00faan actualmente en torno a los 3,7 trillones de pies c\u00fabicos (TCF), seg\u00fan datos expuestos durante la Rendici\u00f3n P\u00fablica de Cuentas Final 2025. El vicepresidente de Administraci\u00f3n, Contratos y Fiscalizaci\u00f3n de la estatal, Ra\u00fal \u00c1lvarez, [&hellip;]\" \/>\n<meta property=\"og:url\" content=\"https:\/\/www.eldiario.net\/portal\/2026\/04\/01\/ypfb-revela-que-reservas-de-gas-natural-caen-a-37-tcf\/\" \/>\n<meta property=\"og:site_name\" content=\"El Diario - Bolivia\" \/>\n<meta property=\"article:publisher\" content=\"https:\/\/www.facebook.com\/eldiario.bolivia\/\" \/>\n<meta property=\"article:published_time\" content=\"2026-04-01T10:36:08+00:00\" \/>\n<meta property=\"og:image\" content=\"https:\/\/www.eldiario.net\/portal\/wp-content\/uploads\/2026\/04\/gas-YPFB.webp\" \/>\n\t<meta property=\"og:image:width\" content=\"1200\" \/>\n\t<meta property=\"og:image:height\" content=\"630\" \/>\n\t<meta property=\"og:image:type\" content=\"image\/webp\" \/>\n<meta name=\"author\" content=\"Jeanette\" \/>\n<meta name=\"twitter:card\" content=\"summary_large_image\" \/>\n<meta name=\"twitter:creator\" content=\"@eldiario_net\" \/>\n<meta name=\"twitter:site\" content=\"@eldiario_net\" \/>\n<meta name=\"twitter:label1\" content=\"Escrito por\" \/>\n\t<meta name=\"twitter:data1\" content=\"Jeanette\" \/>\n\t<meta name=\"twitter:label2\" content=\"Tiempo de lectura\" \/>\n\t<meta name=\"twitter:data2\" content=\"2 minutos\" \/>\n<script type=\"application\/ld+json\" class=\"yoast-schema-graph\">{\"@context\":\"https:\\\/\\\/schema.org\",\"@graph\":[{\"@type\":\"Article\",\"@id\":\"https:\\\/\\\/www.eldiario.net\\\/portal\\\/2026\\\/04\\\/01\\\/ypfb-revela-que-reservas-de-gas-natural-caen-a-37-tcf\\\/#article\",\"isPartOf\":{\"@id\":\"https:\\\/\\\/www.eldiario.net\\\/portal\\\/2026\\\/04\\\/01\\\/ypfb-revela-que-reservas-de-gas-natural-caen-a-37-tcf\\\/\"},\"author\":{\"name\":\"Jeanette\",\"@id\":\"https:\\\/\\\/www.eldiario.net\\\/portal\\\/#\\\/schema\\\/person\\\/f46445640444750d7d753ccd04ae01b7\"},\"headline\":\"YPFB revela que reservas de gas natural caen a 3,7 TCF\",\"datePublished\":\"2026-04-01T10:36:08+00:00\",\"mainEntityOfPage\":{\"@id\":\"https:\\\/\\\/www.eldiario.net\\\/portal\\\/2026\\\/04\\\/01\\\/ypfb-revela-que-reservas-de-gas-natural-caen-a-37-tcf\\\/\"},\"wordCount\":222,\"publisher\":{\"@id\":\"https:\\\/\\\/www.eldiario.net\\\/portal\\\/#organization\"},\"image\":{\"@id\":\"https:\\\/\\\/www.eldiario.net\\\/portal\\\/2026\\\/04\\\/01\\\/ypfb-revela-que-reservas-de-gas-natural-caen-a-37-tcf\\\/#primaryimage\"},\"thumbnailUrl\":\"https:\\\/\\\/www.eldiario.net\\\/portal\\\/wp-content\\\/uploads\\\/2026\\\/04\\\/gas-YPFB.webp\",\"articleSection\":[\"Portada\"],\"inLanguage\":\"es\"},{\"@type\":\"WebPage\",\"@id\":\"https:\\\/\\\/www.eldiario.net\\\/portal\\\/2026\\\/04\\\/01\\\/ypfb-revela-que-reservas-de-gas-natural-caen-a-37-tcf\\\/\",\"url\":\"https:\\\/\\\/www.eldiario.net\\\/portal\\\/2026\\\/04\\\/01\\\/ypfb-revela-que-reservas-de-gas-natural-caen-a-37-tcf\\\/\",\"name\":\"YPFB revela que reservas de gas natural caen a 3,7 TCF - El Diario - Bolivia\",\"isPartOf\":{\"@id\":\"https:\\\/\\\/www.eldiario.net\\\/portal\\\/#website\"},\"primaryImageOfPage\":{\"@id\":\"https:\\\/\\\/www.eldiario.net\\\/portal\\\/2026\\\/04\\\/01\\\/ypfb-revela-que-reservas-de-gas-natural-caen-a-37-tcf\\\/#primaryimage\"},\"image\":{\"@id\":\"https:\\\/\\\/www.eldiario.net\\\/portal\\\/2026\\\/04\\\/01\\\/ypfb-revela-que-reservas-de-gas-natural-caen-a-37-tcf\\\/#primaryimage\"},\"thumbnailUrl\":\"https:\\\/\\\/www.eldiario.net\\\/portal\\\/wp-content\\\/uploads\\\/2026\\\/04\\\/gas-YPFB.webp\",\"datePublished\":\"2026-04-01T10:36:08+00:00\",\"breadcrumb\":{\"@id\":\"https:\\\/\\\/www.eldiario.net\\\/portal\\\/2026\\\/04\\\/01\\\/ypfb-revela-que-reservas-de-gas-natural-caen-a-37-tcf\\\/#breadcrumb\"},\"inLanguage\":\"es\",\"potentialAction\":[{\"@type\":\"ReadAction\",\"target\":[\"https:\\\/\\\/www.eldiario.net\\\/portal\\\/2026\\\/04\\\/01\\\/ypfb-revela-que-reservas-de-gas-natural-caen-a-37-tcf\\\/\"]}]},{\"@type\":\"ImageObject\",\"inLanguage\":\"es\",\"@id\":\"https:\\\/\\\/www.eldiario.net\\\/portal\\\/2026\\\/04\\\/01\\\/ypfb-revela-que-reservas-de-gas-natural-caen-a-37-tcf\\\/#primaryimage\",\"url\":\"https:\\\/\\\/www.eldiario.net\\\/portal\\\/wp-content\\\/uploads\\\/2026\\\/04\\\/gas-YPFB.webp\",\"contentUrl\":\"https:\\\/\\\/www.eldiario.net\\\/portal\\\/wp-content\\\/uploads\\\/2026\\\/04\\\/gas-YPFB.webp\",\"width\":1200,\"height\":630,\"caption\":\"Operarios de YPFB el pozo Villamontes-X7. CR\u00c9DITO: YPFB\"},{\"@type\":\"BreadcrumbList\",\"@id\":\"https:\\\/\\\/www.eldiario.net\\\/portal\\\/2026\\\/04\\\/01\\\/ypfb-revela-que-reservas-de-gas-natural-caen-a-37-tcf\\\/#breadcrumb\",\"itemListElement\":[{\"@type\":\"ListItem\",\"position\":1,\"name\":\"Portada\",\"item\":\"https:\\\/\\\/www.eldiario.net\\\/portal\\\/\"},{\"@type\":\"ListItem\",\"position\":2,\"name\":\"YPFB revela que reservas de gas natural caen a 3,7 TCF\"}]},{\"@type\":\"WebSite\",\"@id\":\"https:\\\/\\\/www.eldiario.net\\\/portal\\\/#website\",\"url\":\"https:\\\/\\\/www.eldiario.net\\\/portal\\\/\",\"name\":\"El Diario - Decano de la prensa nacional\",\"description\":\"El Diario - Decano de la prensa nacional\",\"publisher\":{\"@id\":\"https:\\\/\\\/www.eldiario.net\\\/portal\\\/#organization\"},\"potentialAction\":[{\"@type\":\"SearchAction\",\"target\":{\"@type\":\"EntryPoint\",\"urlTemplate\":\"https:\\\/\\\/www.eldiario.net\\\/portal\\\/?s={search_term_string}\"},\"query-input\":{\"@type\":\"PropertyValueSpecification\",\"valueRequired\":true,\"valueName\":\"search_term_string\"}}],\"inLanguage\":\"es\"},{\"@type\":\"Organization\",\"@id\":\"https:\\\/\\\/www.eldiario.net\\\/portal\\\/#organization\",\"name\":\"El Diario - Decano de la prensa nacional\",\"url\":\"https:\\\/\\\/www.eldiario.net\\\/portal\\\/\",\"logo\":{\"@type\":\"ImageObject\",\"inLanguage\":\"es\",\"@id\":\"https:\\\/\\\/www.eldiario.net\\\/portal\\\/#\\\/schema\\\/logo\\\/image\\\/\",\"url\":\"https:\\\/\\\/www.eldiario.net\\\/portal\\\/wp-content\\\/uploads\\\/2023\\\/07\\\/logo_ED.jpg\",\"contentUrl\":\"https:\\\/\\\/www.eldiario.net\\\/portal\\\/wp-content\\\/uploads\\\/2023\\\/07\\\/logo_ED.jpg\",\"width\":272,\"height\":52,\"caption\":\"El Diario - Decano de la prensa nacional\"},\"image\":{\"@id\":\"https:\\\/\\\/www.eldiario.net\\\/portal\\\/#\\\/schema\\\/logo\\\/image\\\/\"},\"sameAs\":[\"https:\\\/\\\/www.facebook.com\\\/eldiario.bolivia\\\/\",\"https:\\\/\\\/x.com\\\/eldiario_net\"]},{\"@type\":\"Person\",\"@id\":\"https:\\\/\\\/www.eldiario.net\\\/portal\\\/#\\\/schema\\\/person\\\/f46445640444750d7d753ccd04ae01b7\",\"name\":\"Jeanette\",\"image\":{\"@type\":\"ImageObject\",\"inLanguage\":\"es\",\"@id\":\"https:\\\/\\\/secure.gravatar.com\\\/avatar\\\/3ea2118a5f7dad2b7138b1187a6b7ee55f160b9968b66013c3a3ef39dd7e5798?s=96&d=mm&r=g\",\"url\":\"https:\\\/\\\/secure.gravatar.com\\\/avatar\\\/3ea2118a5f7dad2b7138b1187a6b7ee55f160b9968b66013c3a3ef39dd7e5798?s=96&d=mm&r=g\",\"contentUrl\":\"https:\\\/\\\/secure.gravatar.com\\\/avatar\\\/3ea2118a5f7dad2b7138b1187a6b7ee55f160b9968b66013c3a3ef39dd7e5798?s=96&d=mm&r=g\",\"caption\":\"Jeanette\"},\"sameAs\":[\"https:\\\/\\\/www.eldiario.net\\\/portal\"],\"url\":\"https:\\\/\\\/www.eldiario.net\\\/portal\\\/author\\\/jeanette\\\/\"}]}<\/script>\n<!-- \/ Yoast SEO plugin. -->","yoast_head_json":{"title":"YPFB revela que reservas de gas natural caen a 3,7 TCF - El Diario - Bolivia","robots":{"index":"index","follow":"follow","max-snippet":"max-snippet:-1","max-image-preview":"max-image-preview:large","max-video-preview":"max-video-preview:-1"},"canonical":"https:\/\/www.eldiario.net\/portal\/2026\/04\/01\/ypfb-revela-que-reservas-de-gas-natural-caen-a-37-tcf\/","og_locale":"es_ES","og_type":"article","og_title":"YPFB revela que reservas de gas natural caen a 3,7 TCF - El Diario - Bolivia","og_description":"Yacimientos Petrol\u00edferos Fiscales Bolivianos (YPFB) inform\u00f3 ayer que las reservas de gas natural del pa\u00eds registran una disminuci\u00f3n y se sit\u00faan actualmente en torno a los 3,7 trillones de pies c\u00fabicos (TCF), seg\u00fan datos expuestos durante la Rendici\u00f3n P\u00fablica de Cuentas Final 2025. El vicepresidente de Administraci\u00f3n, Contratos y Fiscalizaci\u00f3n de la estatal, Ra\u00fal \u00c1lvarez, [&hellip;]","og_url":"https:\/\/www.eldiario.net\/portal\/2026\/04\/01\/ypfb-revela-que-reservas-de-gas-natural-caen-a-37-tcf\/","og_site_name":"El Diario - Bolivia","article_publisher":"https:\/\/www.facebook.com\/eldiario.bolivia\/","article_published_time":"2026-04-01T10:36:08+00:00","og_image":[{"width":1200,"height":630,"url":"https:\/\/www.eldiario.net\/portal\/wp-content\/uploads\/2026\/04\/gas-YPFB.webp","type":"image\/webp"}],"author":"Jeanette","twitter_card":"summary_large_image","twitter_creator":"@eldiario_net","twitter_site":"@eldiario_net","twitter_misc":{"Escrito por":"Jeanette","Tiempo de lectura":"2 minutos"},"schema":{"@context":"https:\/\/schema.org","@graph":[{"@type":"Article","@id":"https:\/\/www.eldiario.net\/portal\/2026\/04\/01\/ypfb-revela-que-reservas-de-gas-natural-caen-a-37-tcf\/#article","isPartOf":{"@id":"https:\/\/www.eldiario.net\/portal\/2026\/04\/01\/ypfb-revela-que-reservas-de-gas-natural-caen-a-37-tcf\/"},"author":{"name":"Jeanette","@id":"https:\/\/www.eldiario.net\/portal\/#\/schema\/person\/f46445640444750d7d753ccd04ae01b7"},"headline":"YPFB revela que reservas de gas natural caen a 3,7 TCF","datePublished":"2026-04-01T10:36:08+00:00","mainEntityOfPage":{"@id":"https:\/\/www.eldiario.net\/portal\/2026\/04\/01\/ypfb-revela-que-reservas-de-gas-natural-caen-a-37-tcf\/"},"wordCount":222,"publisher":{"@id":"https:\/\/www.eldiario.net\/portal\/#organization"},"image":{"@id":"https:\/\/www.eldiario.net\/portal\/2026\/04\/01\/ypfb-revela-que-reservas-de-gas-natural-caen-a-37-tcf\/#primaryimage"},"thumbnailUrl":"https:\/\/www.eldiario.net\/portal\/wp-content\/uploads\/2026\/04\/gas-YPFB.webp","articleSection":["Portada"],"inLanguage":"es"},{"@type":"WebPage","@id":"https:\/\/www.eldiario.net\/portal\/2026\/04\/01\/ypfb-revela-que-reservas-de-gas-natural-caen-a-37-tcf\/","url":"https:\/\/www.eldiario.net\/portal\/2026\/04\/01\/ypfb-revela-que-reservas-de-gas-natural-caen-a-37-tcf\/","name":"YPFB revela que reservas de gas natural caen a 3,7 TCF - El Diario - Bolivia","isPartOf":{"@id":"https:\/\/www.eldiario.net\/portal\/#website"},"primaryImageOfPage":{"@id":"https:\/\/www.eldiario.net\/portal\/2026\/04\/01\/ypfb-revela-que-reservas-de-gas-natural-caen-a-37-tcf\/#primaryimage"},"image":{"@id":"https:\/\/www.eldiario.net\/portal\/2026\/04\/01\/ypfb-revela-que-reservas-de-gas-natural-caen-a-37-tcf\/#primaryimage"},"thumbnailUrl":"https:\/\/www.eldiario.net\/portal\/wp-content\/uploads\/2026\/04\/gas-YPFB.webp","datePublished":"2026-04-01T10:36:08+00:00","breadcrumb":{"@id":"https:\/\/www.eldiario.net\/portal\/2026\/04\/01\/ypfb-revela-que-reservas-de-gas-natural-caen-a-37-tcf\/#breadcrumb"},"inLanguage":"es","potentialAction":[{"@type":"ReadAction","target":["https:\/\/www.eldiario.net\/portal\/2026\/04\/01\/ypfb-revela-que-reservas-de-gas-natural-caen-a-37-tcf\/"]}]},{"@type":"ImageObject","inLanguage":"es","@id":"https:\/\/www.eldiario.net\/portal\/2026\/04\/01\/ypfb-revela-que-reservas-de-gas-natural-caen-a-37-tcf\/#primaryimage","url":"https:\/\/www.eldiario.net\/portal\/wp-content\/uploads\/2026\/04\/gas-YPFB.webp","contentUrl":"https:\/\/www.eldiario.net\/portal\/wp-content\/uploads\/2026\/04\/gas-YPFB.webp","width":1200,"height":630,"caption":"Operarios de YPFB el pozo Villamontes-X7. CR\u00c9DITO: YPFB"},{"@type":"BreadcrumbList","@id":"https:\/\/www.eldiario.net\/portal\/2026\/04\/01\/ypfb-revela-que-reservas-de-gas-natural-caen-a-37-tcf\/#breadcrumb","itemListElement":[{"@type":"ListItem","position":1,"name":"Portada","item":"https:\/\/www.eldiario.net\/portal\/"},{"@type":"ListItem","position":2,"name":"YPFB revela que reservas de gas natural caen a 3,7 TCF"}]},{"@type":"WebSite","@id":"https:\/\/www.eldiario.net\/portal\/#website","url":"https:\/\/www.eldiario.net\/portal\/","name":"El Diario - Decano de la prensa nacional","description":"El Diario - Decano de la prensa nacional","publisher":{"@id":"https:\/\/www.eldiario.net\/portal\/#organization"},"potentialAction":[{"@type":"SearchAction","target":{"@type":"EntryPoint","urlTemplate":"https:\/\/www.eldiario.net\/portal\/?s={search_term_string}"},"query-input":{"@type":"PropertyValueSpecification","valueRequired":true,"valueName":"search_term_string"}}],"inLanguage":"es"},{"@type":"Organization","@id":"https:\/\/www.eldiario.net\/portal\/#organization","name":"El Diario - Decano de la prensa nacional","url":"https:\/\/www.eldiario.net\/portal\/","logo":{"@type":"ImageObject","inLanguage":"es","@id":"https:\/\/www.eldiario.net\/portal\/#\/schema\/logo\/image\/","url":"https:\/\/www.eldiario.net\/portal\/wp-content\/uploads\/2023\/07\/logo_ED.jpg","contentUrl":"https:\/\/www.eldiario.net\/portal\/wp-content\/uploads\/2023\/07\/logo_ED.jpg","width":272,"height":52,"caption":"El Diario - Decano de la prensa nacional"},"image":{"@id":"https:\/\/www.eldiario.net\/portal\/#\/schema\/logo\/image\/"},"sameAs":["https:\/\/www.facebook.com\/eldiario.bolivia\/","https:\/\/x.com\/eldiario_net"]},{"@type":"Person","@id":"https:\/\/www.eldiario.net\/portal\/#\/schema\/person\/f46445640444750d7d753ccd04ae01b7","name":"Jeanette","image":{"@type":"ImageObject","inLanguage":"es","@id":"https:\/\/secure.gravatar.com\/avatar\/3ea2118a5f7dad2b7138b1187a6b7ee55f160b9968b66013c3a3ef39dd7e5798?s=96&d=mm&r=g","url":"https:\/\/secure.gravatar.com\/avatar\/3ea2118a5f7dad2b7138b1187a6b7ee55f160b9968b66013c3a3ef39dd7e5798?s=96&d=mm&r=g","contentUrl":"https:\/\/secure.gravatar.com\/avatar\/3ea2118a5f7dad2b7138b1187a6b7ee55f160b9968b66013c3a3ef39dd7e5798?s=96&d=mm&r=g","caption":"Jeanette"},"sameAs":["https:\/\/www.eldiario.net\/portal"],"url":"https:\/\/www.eldiario.net\/portal\/author\/jeanette\/"}]}},"_links":{"self":[{"href":"https:\/\/www.eldiario.net\/portal\/wp-json\/wp\/v2\/posts\/381417","targetHints":{"allow":["GET"]}}],"collection":[{"href":"https:\/\/www.eldiario.net\/portal\/wp-json\/wp\/v2\/posts"}],"about":[{"href":"https:\/\/www.eldiario.net\/portal\/wp-json\/wp\/v2\/types\/post"}],"author":[{"embeddable":true,"href":"https:\/\/www.eldiario.net\/portal\/wp-json\/wp\/v2\/users\/1"}],"replies":[{"embeddable":true,"href":"https:\/\/www.eldiario.net\/portal\/wp-json\/wp\/v2\/comments?post=381417"}],"version-history":[{"count":1,"href":"https:\/\/www.eldiario.net\/portal\/wp-json\/wp\/v2\/posts\/381417\/revisions"}],"predecessor-version":[{"id":381419,"href":"https:\/\/www.eldiario.net\/portal\/wp-json\/wp\/v2\/posts\/381417\/revisions\/381419"}],"wp:featuredmedia":[{"embeddable":true,"href":"https:\/\/www.eldiario.net\/portal\/wp-json\/wp\/v2\/media\/381418"}],"wp:attachment":[{"href":"https:\/\/www.eldiario.net\/portal\/wp-json\/wp\/v2\/media?parent=381417"}],"wp:term":[{"taxonomy":"category","embeddable":true,"href":"https:\/\/www.eldiario.net\/portal\/wp-json\/wp\/v2\/categories?post=381417"},{"taxonomy":"post_tag","embeddable":true,"href":"https:\/\/www.eldiario.net\/portal\/wp-json\/wp\/v2\/tags?post=381417"}],"curies":[{"name":"wp","href":"https:\/\/api.w.org\/{rel}","templated":true}]}}