{"id":381408,"date":"2026-04-01T05:09:18","date_gmt":"2026-04-01T09:09:18","guid":{"rendered":"https:\/\/www.eldiario.net\/portal\/?p=381408"},"modified":"2026-04-01T05:09:18","modified_gmt":"2026-04-01T09:09:18","slug":"bolivia-cumplio-e-irak-se-quedo-con-el-ultimo-boleto-al-mundial","status":"publish","type":"post","link":"https:\/\/www.eldiario.net\/portal\/2026\/04\/01\/bolivia-cumplio-e-irak-se-quedo-con-el-ultimo-boleto-al-mundial\/","title":{"rendered":"Bolivia cumpli\u00f3 e Irak se qued\u00f3  con el \u00faltimo boleto al Mundial"},"content":{"rendered":"<p>La Verde perdi\u00f3 la clasificaci\u00f3n a la Copa del Mundo 2026, jugando y luchando con pundonor deportivo. Irak se qued\u00f3 con el boleto al vencer ajustadamente al seleccionado nacional por 2-1 la madrugada de hoy, en la final del Repechaje Mundialista disputada en el estadio BBVA de Monterrey M\u00e9xico.<\/p>\n<p>Ali Al-Hamadi (10\u2019) abri\u00f3 el marcador con un remate de cabeza y Aymen Hussein (53\u2019) marc\u00f3 el segundo tanto para sellar la ventaja definitiva tras un centro de Marko Farj.<\/p>\n<p>El \u00fanico gol de Bolivia en el partido contra Irak fue anotado por Mois\u00e9s Paniagua (38\u2019)<\/p>\n","protected":false},"excerpt":{"rendered":"<p>La Verde perdi\u00f3 la clasificaci\u00f3n a la Copa del Mundo 2026, jugando y luchando con pundonor deportivo. Irak se qued\u00f3 con el boleto al vencer ajustadamente al seleccionado nacional por 2-1 la madrugada de hoy, en la final del Repechaje Mundialista disputada en el estadio BBVA de Monterrey M\u00e9xico. Ali Al-Hamadi (10\u2019) abri\u00f3 el marcador [&hellip;]<\/p>\n","protected":false},"author":2,"featured_media":381409,"comment_status":"closed","ping_status":"open","sticky":false,"template":"","format":"standard","meta":{"_acf_changed":false,"footnotes":""},"categories":[6,15],"tags":[],"class_list":["post-381408","post","type-post","status-publish","format-standard","has-post-thumbnail","category-deportes","category-portada"],"acf":{"antetitulo":""},"yoast_head":"<!-- This site is optimized with the Yoast SEO plugin v28.4 - https:\/\/yoast.com\/product\/yoast-seo-wordpress\/ -->\n<title>Bolivia cumpli\u00f3 e Irak se qued\u00f3 con el \u00faltimo boleto al Mundial - El Diario - Bolivia<\/title>\n<meta name=\"robots\" content=\"index, follow, max-snippet:-1, max-image-preview:large, max-video-preview:-1\" \/>\n<link rel=\"canonical\" href=\"https:\/\/www.eldiario.net\/portal\/2026\/04\/01\/bolivia-cumplio-e-irak-se-quedo-con-el-ultimo-boleto-al-mundial\/\" \/>\n<meta property=\"og:locale\" content=\"es_ES\" \/>\n<meta property=\"og:type\" content=\"article\" \/>\n<meta property=\"og:title\" content=\"Bolivia cumpli\u00f3 e Irak se qued\u00f3 con el \u00faltimo boleto al Mundial - El Diario - Bolivia\" \/>\n<meta property=\"og:description\" content=\"La Verde perdi\u00f3 la clasificaci\u00f3n a la Copa del Mundo 2026, jugando y luchando con pundonor deportivo. Irak se qued\u00f3 con el boleto al vencer ajustadamente al seleccionado nacional por 2-1 la madrugada de hoy, en la final del Repechaje Mundialista disputada en el estadio BBVA de Monterrey M\u00e9xico. Ali Al-Hamadi (10\u2019) abri\u00f3 el marcador [&hellip;]\" \/>\n<meta property=\"og:url\" content=\"https:\/\/www.eldiario.net\/portal\/2026\/04\/01\/bolivia-cumplio-e-irak-se-quedo-con-el-ultimo-boleto-al-mundial\/\" \/>\n<meta property=\"og:site_name\" content=\"El Diario - Bolivia\" \/>\n<meta property=\"article:publisher\" content=\"https:\/\/www.facebook.com\/eldiario.bolivia\/\" \/>\n<meta property=\"article:published_time\" content=\"2026-04-01T09:09:18+00:00\" \/>\n<meta property=\"og:image\" content=\"https:\/\/www.eldiario.net\/portal\/wp-content\/uploads\/2026\/04\/La-Verde-APG-copia.webp\" \/>\n\t<meta property=\"og:image:width\" content=\"1080\" \/>\n\t<meta property=\"og:image:height\" content=\"720\" \/>\n\t<meta property=\"og:image:type\" content=\"image\/webp\" \/>\n<meta name=\"author\" content=\"luis Camacho\" \/>\n<meta name=\"twitter:card\" content=\"summary_large_image\" \/>\n<meta name=\"twitter:creator\" content=\"@eldiario_net\" \/>\n<meta name=\"twitter:site\" content=\"@eldiario_net\" \/>\n<meta name=\"twitter:label1\" content=\"Escrito por\" \/>\n\t<meta name=\"twitter:data1\" content=\"luis Camacho\" \/>\n\t<meta name=\"twitter:label2\" content=\"Tiempo de lectura\" \/>\n\t<meta name=\"twitter:data2\" content=\"1 minuto\" \/>\n<script type=\"application\/ld+json\" class=\"yoast-schema-graph\">{\"@context\":\"https:\\\/\\\/schema.org\",\"@graph\":[{\"@type\":\"Article\",\"@id\":\"https:\\\/\\\/www.eldiario.net\\\/portal\\\/2026\\\/04\\\/01\\\/bolivia-cumplio-e-irak-se-quedo-con-el-ultimo-boleto-al-mundial\\\/#article\",\"isPartOf\":{\"@id\":\"https:\\\/\\\/www.eldiario.net\\\/portal\\\/2026\\\/04\\\/01\\\/bolivia-cumplio-e-irak-se-quedo-con-el-ultimo-boleto-al-mundial\\\/\"},\"author\":{\"name\":\"luis Camacho\",\"@id\":\"https:\\\/\\\/www.eldiario.net\\\/portal\\\/#\\\/schema\\\/person\\\/cab1ae4db27e5f008a62cbffb05fbfee\"},\"headline\":\"Bolivia cumpli\u00f3 e Irak se qued\u00f3 con el \u00faltimo boleto al Mundial\",\"datePublished\":\"2026-04-01T09:09:18+00:00\",\"mainEntityOfPage\":{\"@id\":\"https:\\\/\\\/www.eldiario.net\\\/portal\\\/2026\\\/04\\\/01\\\/bolivia-cumplio-e-irak-se-quedo-con-el-ultimo-boleto-al-mundial\\\/\"},\"wordCount\":106,\"publisher\":{\"@id\":\"https:\\\/\\\/www.eldiario.net\\\/portal\\\/#organization\"},\"image\":{\"@id\":\"https:\\\/\\\/www.eldiario.net\\\/portal\\\/2026\\\/04\\\/01\\\/bolivia-cumplio-e-irak-se-quedo-con-el-ultimo-boleto-al-mundial\\\/#primaryimage\"},\"thumbnailUrl\":\"https:\\\/\\\/www.eldiario.net\\\/portal\\\/wp-content\\\/uploads\\\/2026\\\/04\\\/La-Verde-APG-copia.webp\",\"articleSection\":[\"Deportes\",\"Portada\"],\"inLanguage\":\"es\"},{\"@type\":\"WebPage\",\"@id\":\"https:\\\/\\\/www.eldiario.net\\\/portal\\\/2026\\\/04\\\/01\\\/bolivia-cumplio-e-irak-se-quedo-con-el-ultimo-boleto-al-mundial\\\/\",\"url\":\"https:\\\/\\\/www.eldiario.net\\\/portal\\\/2026\\\/04\\\/01\\\/bolivia-cumplio-e-irak-se-quedo-con-el-ultimo-boleto-al-mundial\\\/\",\"name\":\"Bolivia cumpli\u00f3 e Irak se qued\u00f3 con el \u00faltimo boleto al Mundial - El Diario - Bolivia\",\"isPartOf\":{\"@id\":\"https:\\\/\\\/www.eldiario.net\\\/portal\\\/#website\"},\"primaryImageOfPage\":{\"@id\":\"https:\\\/\\\/www.eldiario.net\\\/portal\\\/2026\\\/04\\\/01\\\/bolivia-cumplio-e-irak-se-quedo-con-el-ultimo-boleto-al-mundial\\\/#primaryimage\"},\"image\":{\"@id\":\"https:\\\/\\\/www.eldiario.net\\\/portal\\\/2026\\\/04\\\/01\\\/bolivia-cumplio-e-irak-se-quedo-con-el-ultimo-boleto-al-mundial\\\/#primaryimage\"},\"thumbnailUrl\":\"https:\\\/\\\/www.eldiario.net\\\/portal\\\/wp-content\\\/uploads\\\/2026\\\/04\\\/La-Verde-APG-copia.webp\",\"datePublished\":\"2026-04-01T09:09:18+00:00\",\"breadcrumb\":{\"@id\":\"https:\\\/\\\/www.eldiario.net\\\/portal\\\/2026\\\/04\\\/01\\\/bolivia-cumplio-e-irak-se-quedo-con-el-ultimo-boleto-al-mundial\\\/#breadcrumb\"},\"inLanguage\":\"es\",\"potentialAction\":[{\"@type\":\"ReadAction\",\"target\":[\"https:\\\/\\\/www.eldiario.net\\\/portal\\\/2026\\\/04\\\/01\\\/bolivia-cumplio-e-irak-se-quedo-con-el-ultimo-boleto-al-mundial\\\/\"]}]},{\"@type\":\"ImageObject\",\"inLanguage\":\"es\",\"@id\":\"https:\\\/\\\/www.eldiario.net\\\/portal\\\/2026\\\/04\\\/01\\\/bolivia-cumplio-e-irak-se-quedo-con-el-ultimo-boleto-al-mundial\\\/#primaryimage\",\"url\":\"https:\\\/\\\/www.eldiario.net\\\/portal\\\/wp-content\\\/uploads\\\/2026\\\/04\\\/La-Verde-APG-copia.webp\",\"contentUrl\":\"https:\\\/\\\/www.eldiario.net\\\/portal\\\/wp-content\\\/uploads\\\/2026\\\/04\\\/La-Verde-APG-copia.webp\",\"width\":1080,\"height\":720,\"caption\":\"La Selecci\u00f3n de Bolivia disput\u00f3 la final del Repechaje Mundialista en Monterrey, M\u00e9xico. CR\u00c9DITO: APG\"},{\"@type\":\"BreadcrumbList\",\"@id\":\"https:\\\/\\\/www.eldiario.net\\\/portal\\\/2026\\\/04\\\/01\\\/bolivia-cumplio-e-irak-se-quedo-con-el-ultimo-boleto-al-mundial\\\/#breadcrumb\",\"itemListElement\":[{\"@type\":\"ListItem\",\"position\":1,\"name\":\"Portada\",\"item\":\"https:\\\/\\\/www.eldiario.net\\\/portal\\\/\"},{\"@type\":\"ListItem\",\"position\":2,\"name\":\"Bolivia cumpli\u00f3 e Irak se qued\u00f3 con el \u00faltimo boleto al Mundial\"}]},{\"@type\":\"WebSite\",\"@id\":\"https:\\\/\\\/www.eldiario.net\\\/portal\\\/#website\",\"url\":\"https:\\\/\\\/www.eldiario.net\\\/portal\\\/\",\"name\":\"El Diario - Decano de la prensa nacional\",\"description\":\"El Diario - Decano de la prensa nacional\",\"publisher\":{\"@id\":\"https:\\\/\\\/www.eldiario.net\\\/portal\\\/#organization\"},\"potentialAction\":[{\"@type\":\"SearchAction\",\"target\":{\"@type\":\"EntryPoint\",\"urlTemplate\":\"https:\\\/\\\/www.eldiario.net\\\/portal\\\/?s={search_term_string}\"},\"query-input\":{\"@type\":\"PropertyValueSpecification\",\"valueRequired\":true,\"valueName\":\"search_term_string\"}}],\"inLanguage\":\"es\"},{\"@type\":\"Organization\",\"@id\":\"https:\\\/\\\/www.eldiario.net\\\/portal\\\/#organization\",\"name\":\"El Diario - Decano de la prensa nacional\",\"url\":\"https:\\\/\\\/www.eldiario.net\\\/portal\\\/\",\"logo\":{\"@type\":\"ImageObject\",\"inLanguage\":\"es\",\"@id\":\"https:\\\/\\\/www.eldiario.net\\\/portal\\\/#\\\/schema\\\/logo\\\/image\\\/\",\"url\":\"https:\\\/\\\/www.eldiario.net\\\/portal\\\/wp-content\\\/uploads\\\/2023\\\/07\\\/logo_ED.jpg\",\"contentUrl\":\"https:\\\/\\\/www.eldiario.net\\\/portal\\\/wp-content\\\/uploads\\\/2023\\\/07\\\/logo_ED.jpg\",\"width\":272,\"height\":52,\"caption\":\"El Diario - Decano de la prensa nacional\"},\"image\":{\"@id\":\"https:\\\/\\\/www.eldiario.net\\\/portal\\\/#\\\/schema\\\/logo\\\/image\\\/\"},\"sameAs\":[\"https:\\\/\\\/www.facebook.com\\\/eldiario.bolivia\\\/\",\"https:\\\/\\\/x.com\\\/eldiario_net\"]},{\"@type\":\"Person\",\"@id\":\"https:\\\/\\\/www.eldiario.net\\\/portal\\\/#\\\/schema\\\/person\\\/cab1ae4db27e5f008a62cbffb05fbfee\",\"name\":\"luis Camacho\",\"image\":{\"@type\":\"ImageObject\",\"inLanguage\":\"es\",\"@id\":\"https:\\\/\\\/secure.gravatar.com\\\/avatar\\\/69ecb836b3826d5a2501bf06ab2a2f2c8ab211cc846758f395df21684cb38313?s=96&d=mm&r=g\",\"url\":\"https:\\\/\\\/secure.gravatar.com\\\/avatar\\\/69ecb836b3826d5a2501bf06ab2a2f2c8ab211cc846758f395df21684cb38313?s=96&d=mm&r=g\",\"contentUrl\":\"https:\\\/\\\/secure.gravatar.com\\\/avatar\\\/69ecb836b3826d5a2501bf06ab2a2f2c8ab211cc846758f395df21684cb38313?s=96&d=mm&r=g\",\"caption\":\"luis Camacho\"},\"url\":\"https:\\\/\\\/www.eldiario.net\\\/portal\\\/author\\\/luis\\\/\"}]}<\/script>\n<!-- \/ Yoast SEO plugin. -->","yoast_head_json":{"title":"Bolivia cumpli\u00f3 e Irak se qued\u00f3 con el \u00faltimo boleto al Mundial - El Diario - Bolivia","robots":{"index":"index","follow":"follow","max-snippet":"max-snippet:-1","max-image-preview":"max-image-preview:large","max-video-preview":"max-video-preview:-1"},"canonical":"https:\/\/www.eldiario.net\/portal\/2026\/04\/01\/bolivia-cumplio-e-irak-se-quedo-con-el-ultimo-boleto-al-mundial\/","og_locale":"es_ES","og_type":"article","og_title":"Bolivia cumpli\u00f3 e Irak se qued\u00f3 con el \u00faltimo boleto al Mundial - El Diario - Bolivia","og_description":"La Verde perdi\u00f3 la clasificaci\u00f3n a la Copa del Mundo 2026, jugando y luchando con pundonor deportivo. Irak se qued\u00f3 con el boleto al vencer ajustadamente al seleccionado nacional por 2-1 la madrugada de hoy, en la final del Repechaje Mundialista disputada en el estadio BBVA de Monterrey M\u00e9xico. Ali Al-Hamadi (10\u2019) abri\u00f3 el marcador [&hellip;]","og_url":"https:\/\/www.eldiario.net\/portal\/2026\/04\/01\/bolivia-cumplio-e-irak-se-quedo-con-el-ultimo-boleto-al-mundial\/","og_site_name":"El Diario - Bolivia","article_publisher":"https:\/\/www.facebook.com\/eldiario.bolivia\/","article_published_time":"2026-04-01T09:09:18+00:00","og_image":[{"width":1080,"height":720,"url":"https:\/\/www.eldiario.net\/portal\/wp-content\/uploads\/2026\/04\/La-Verde-APG-copia.webp","type":"image\/webp"}],"author":"luis Camacho","twitter_card":"summary_large_image","twitter_creator":"@eldiario_net","twitter_site":"@eldiario_net","twitter_misc":{"Escrito por":"luis Camacho","Tiempo de lectura":"1 minuto"},"schema":{"@context":"https:\/\/schema.org","@graph":[{"@type":"Article","@id":"https:\/\/www.eldiario.net\/portal\/2026\/04\/01\/bolivia-cumplio-e-irak-se-quedo-con-el-ultimo-boleto-al-mundial\/#article","isPartOf":{"@id":"https:\/\/www.eldiario.net\/portal\/2026\/04\/01\/bolivia-cumplio-e-irak-se-quedo-con-el-ultimo-boleto-al-mundial\/"},"author":{"name":"luis Camacho","@id":"https:\/\/www.eldiario.net\/portal\/#\/schema\/person\/cab1ae4db27e5f008a62cbffb05fbfee"},"headline":"Bolivia cumpli\u00f3 e Irak se qued\u00f3 con el \u00faltimo boleto al Mundial","datePublished":"2026-04-01T09:09:18+00:00","mainEntityOfPage":{"@id":"https:\/\/www.eldiario.net\/portal\/2026\/04\/01\/bolivia-cumplio-e-irak-se-quedo-con-el-ultimo-boleto-al-mundial\/"},"wordCount":106,"publisher":{"@id":"https:\/\/www.eldiario.net\/portal\/#organization"},"image":{"@id":"https:\/\/www.eldiario.net\/portal\/2026\/04\/01\/bolivia-cumplio-e-irak-se-quedo-con-el-ultimo-boleto-al-mundial\/#primaryimage"},"thumbnailUrl":"https:\/\/www.eldiario.net\/portal\/wp-content\/uploads\/2026\/04\/La-Verde-APG-copia.webp","articleSection":["Deportes","Portada"],"inLanguage":"es"},{"@type":"WebPage","@id":"https:\/\/www.eldiario.net\/portal\/2026\/04\/01\/bolivia-cumplio-e-irak-se-quedo-con-el-ultimo-boleto-al-mundial\/","url":"https:\/\/www.eldiario.net\/portal\/2026\/04\/01\/bolivia-cumplio-e-irak-se-quedo-con-el-ultimo-boleto-al-mundial\/","name":"Bolivia cumpli\u00f3 e Irak se qued\u00f3 con el \u00faltimo boleto al Mundial - El Diario - Bolivia","isPartOf":{"@id":"https:\/\/www.eldiario.net\/portal\/#website"},"primaryImageOfPage":{"@id":"https:\/\/www.eldiario.net\/portal\/2026\/04\/01\/bolivia-cumplio-e-irak-se-quedo-con-el-ultimo-boleto-al-mundial\/#primaryimage"},"image":{"@id":"https:\/\/www.eldiario.net\/portal\/2026\/04\/01\/bolivia-cumplio-e-irak-se-quedo-con-el-ultimo-boleto-al-mundial\/#primaryimage"},"thumbnailUrl":"https:\/\/www.eldiario.net\/portal\/wp-content\/uploads\/2026\/04\/La-Verde-APG-copia.webp","datePublished":"2026-04-01T09:09:18+00:00","breadcrumb":{"@id":"https:\/\/www.eldiario.net\/portal\/2026\/04\/01\/bolivia-cumplio-e-irak-se-quedo-con-el-ultimo-boleto-al-mundial\/#breadcrumb"},"inLanguage":"es","potentialAction":[{"@type":"ReadAction","target":["https:\/\/www.eldiario.net\/portal\/2026\/04\/01\/bolivia-cumplio-e-irak-se-quedo-con-el-ultimo-boleto-al-mundial\/"]}]},{"@type":"ImageObject","inLanguage":"es","@id":"https:\/\/www.eldiario.net\/portal\/2026\/04\/01\/bolivia-cumplio-e-irak-se-quedo-con-el-ultimo-boleto-al-mundial\/#primaryimage","url":"https:\/\/www.eldiario.net\/portal\/wp-content\/uploads\/2026\/04\/La-Verde-APG-copia.webp","contentUrl":"https:\/\/www.eldiario.net\/portal\/wp-content\/uploads\/2026\/04\/La-Verde-APG-copia.webp","width":1080,"height":720,"caption":"La Selecci\u00f3n de Bolivia disput\u00f3 la final del Repechaje Mundialista en Monterrey, M\u00e9xico. CR\u00c9DITO: APG"},{"@type":"BreadcrumbList","@id":"https:\/\/www.eldiario.net\/portal\/2026\/04\/01\/bolivia-cumplio-e-irak-se-quedo-con-el-ultimo-boleto-al-mundial\/#breadcrumb","itemListElement":[{"@type":"ListItem","position":1,"name":"Portada","item":"https:\/\/www.eldiario.net\/portal\/"},{"@type":"ListItem","position":2,"name":"Bolivia cumpli\u00f3 e Irak se qued\u00f3 con el \u00faltimo boleto al Mundial"}]},{"@type":"WebSite","@id":"https:\/\/www.eldiario.net\/portal\/#website","url":"https:\/\/www.eldiario.net\/portal\/","name":"El Diario - Decano de la prensa nacional","description":"El Diario - Decano de la prensa nacional","publisher":{"@id":"https:\/\/www.eldiario.net\/portal\/#organization"},"potentialAction":[{"@type":"SearchAction","target":{"@type":"EntryPoint","urlTemplate":"https:\/\/www.eldiario.net\/portal\/?s={search_term_string}"},"query-input":{"@type":"PropertyValueSpecification","valueRequired":true,"valueName":"search_term_string"}}],"inLanguage":"es"},{"@type":"Organization","@id":"https:\/\/www.eldiario.net\/portal\/#organization","name":"El Diario - Decano de la prensa nacional","url":"https:\/\/www.eldiario.net\/portal\/","logo":{"@type":"ImageObject","inLanguage":"es","@id":"https:\/\/www.eldiario.net\/portal\/#\/schema\/logo\/image\/","url":"https:\/\/www.eldiario.net\/portal\/wp-content\/uploads\/2023\/07\/logo_ED.jpg","contentUrl":"https:\/\/www.eldiario.net\/portal\/wp-content\/uploads\/2023\/07\/logo_ED.jpg","width":272,"height":52,"caption":"El Diario - Decano de la prensa nacional"},"image":{"@id":"https:\/\/www.eldiario.net\/portal\/#\/schema\/logo\/image\/"},"sameAs":["https:\/\/www.facebook.com\/eldiario.bolivia\/","https:\/\/x.com\/eldiario_net"]},{"@type":"Person","@id":"https:\/\/www.eldiario.net\/portal\/#\/schema\/person\/cab1ae4db27e5f008a62cbffb05fbfee","name":"luis Camacho","image":{"@type":"ImageObject","inLanguage":"es","@id":"https:\/\/secure.gravatar.com\/avatar\/69ecb836b3826d5a2501bf06ab2a2f2c8ab211cc846758f395df21684cb38313?s=96&d=mm&r=g","url":"https:\/\/secure.gravatar.com\/avatar\/69ecb836b3826d5a2501bf06ab2a2f2c8ab211cc846758f395df21684cb38313?s=96&d=mm&r=g","contentUrl":"https:\/\/secure.gravatar.com\/avatar\/69ecb836b3826d5a2501bf06ab2a2f2c8ab211cc846758f395df21684cb38313?s=96&d=mm&r=g","caption":"luis Camacho"},"url":"https:\/\/www.eldiario.net\/portal\/author\/luis\/"}]}},"_links":{"self":[{"href":"https:\/\/www.eldiario.net\/portal\/wp-json\/wp\/v2\/posts\/381408","targetHints":{"allow":["GET"]}}],"collection":[{"href":"https:\/\/www.eldiario.net\/portal\/wp-json\/wp\/v2\/posts"}],"about":[{"href":"https:\/\/www.eldiario.net\/portal\/wp-json\/wp\/v2\/types\/post"}],"author":[{"embeddable":true,"href":"https:\/\/www.eldiario.net\/portal\/wp-json\/wp\/v2\/users\/2"}],"replies":[{"embeddable":true,"href":"https:\/\/www.eldiario.net\/portal\/wp-json\/wp\/v2\/comments?post=381408"}],"version-history":[{"count":1,"href":"https:\/\/www.eldiario.net\/portal\/wp-json\/wp\/v2\/posts\/381408\/revisions"}],"predecessor-version":[{"id":381410,"href":"https:\/\/www.eldiario.net\/portal\/wp-json\/wp\/v2\/posts\/381408\/revisions\/381410"}],"wp:featuredmedia":[{"embeddable":true,"href":"https:\/\/www.eldiario.net\/portal\/wp-json\/wp\/v2\/media\/381409"}],"wp:attachment":[{"href":"https:\/\/www.eldiario.net\/portal\/wp-json\/wp\/v2\/media?parent=381408"}],"wp:term":[{"taxonomy":"category","embeddable":true,"href":"https:\/\/www.eldiario.net\/portal\/wp-json\/wp\/v2\/categories?post=381408"},{"taxonomy":"post_tag","embeddable":true,"href":"https:\/\/www.eldiario.net\/portal\/wp-json\/wp\/v2\/tags?post=381408"}],"curies":[{"name":"wp","href":"https:\/\/api.w.org\/{rel}","templated":true}]}}