{"id":381406,"date":"2026-04-01T01:54:53","date_gmt":"2026-04-01T05:54:53","guid":{"rendered":"https:\/\/www.eldiario.net\/portal\/?p=381406"},"modified":"2026-04-01T00:55:19","modified_gmt":"2026-04-01T04:55:19","slug":"es-urgente-reformar-el-sistema-electoral","status":"publish","type":"post","link":"https:\/\/www.eldiario.net\/portal\/2026\/04\/01\/es-urgente-reformar-el-sistema-electoral\/","title":{"rendered":"\u00a1Es urgente reformar el sistema electoral!"},"content":{"rendered":"<p>Las elecciones subnacionales realizadas recientemente en todo el pa\u00eds dejaron grandes confusiones en el momento de emitir el voto la poblaci\u00f3n para elegir a gobernadores, asamble\u00edstas departamentales, alcaldes y concejales. Todo fue un mar de malos entendidos, malas interpretaciones y p\u00e9sima informaci\u00f3n comunicacional desde el Tribunal Supremo Electoral (TSE) sobre la orientaci\u00f3n al ciudadano para que emita su voto.<br \/>\nHabiendo participado una sarta de candidatos habidos y por haber; siendo que cualquier hijo de vecino, sin tener las condiciones m\u00ednimas, puede postular a esos cargos p\u00fablicos y sin brindar, adem\u00e1s, verdaderas propuestas de soluci\u00f3n o desarrollo para sus regiones, deja una tremenda preocupaci\u00f3n porque en esas condiciones no se puede acudir a las urnas para depositar el voto y confiar la administraci\u00f3n de ese tipo de cargos a cualquier \u201cdon nadie\u201d.<br \/>\nPara empezar, el solo hecho de abrir o desdoblar las grandes papeletas de sufragio, caus\u00f3 a primera vista que estaban entregando un juego de laberinto o rompecabezas que se ten\u00eda que solucionar en fracci\u00f3n de segundos, en vista de largas filas y ciudadanos impacientes para sufragar. Mucha gente no sab\u00eda por qui\u00e9n iba a votar, tanto para gobernador como para alcalde. Mucho menos para asamble\u00edstas y concejales, ya que no aparec\u00edan ni sus fotos.<br \/>\nEl voto en blanco o nulo s\u00ed se impuso esta vez en muchas regiones, no porque la poblaci\u00f3n haya rechazado las elecciones subnacionales, gan\u00f3 porque la gente no sab\u00eda por qui\u00e9n iba a votar, ante la falta de informaci\u00f3n por parte del \u00d3rgano Electoral. Qu\u00e9 error garrafal que cometi\u00f3 dicho poder del Estado. Al parecer est\u00e1n faltos de un equipo profesional en comunicaci\u00f3n, para que se hayan aplazado en lo mencionado. En otras palabras, la ciudadan\u00eda fue a votar al tanteo o por el rostro que mejor le cay\u00f3 bien. La desinformaci\u00f3n es la que mayormente cundi\u00f3, especialmente por las redes sociales.<br \/>\nHay muchas figuras del sistema electoral boliviano que se debe reformar para las siguientes elecciones nacionales y subnacionales a realizarse de aqu\u00ed a cinco a\u00f1os. Como, por ejemplo: se debe discutir de manera amplia s\u00ed la votaci\u00f3n debe ser obligatoria. Desde mi punto de vista no deber\u00eda serlo. Porque es forzar a la gente a acudir a las urnas para que no sea sancionada por tres meses en sus transacciones financieras. Es como llevarnos con un revolver en la cabeza para que cumplamos tal misi\u00f3n. En muchos casos hay gente que con ning\u00fan candidato est\u00e1 de acuerdo, ni con sus propuestas electorales. Entonces no se puede obligar a votar.<br \/>\nTeniendo en cuenta que hay hartazgo por parte de la ciudadan\u00eda para ir a votar cada vez, ya se debe implementar de aqu\u00ed a largo plazo, el voto electr\u00f3nico o voto digital. Hoy, con el avance tecnol\u00f3gico, casi toda la poblaci\u00f3n habilitada para sufragar en el pa\u00eds, cuenta con su celular o computadora. Lo cual puede contribuir a que el voto digital o electr\u00f3nico, acabe con las filas en las urnas electorales y todas\/os pueden emitir sus votos desde su Android, iphone o tablet. Aspecto que acortar\u00eda las distancias. Al tener papeletas de sufragio digitales o electr\u00f3nicas: \u00bfcu\u00e1ntos millones de bolivianos ahorrar\u00edamos en hacer imprimir las mismas?<br \/>\nTambi\u00e9n ya es hora de que las elecciones nacionales o subnacionales no sean llevadas a cabo en domingo, con la paralizaci\u00f3n de todas las actividades. Por qu\u00e9 no hacerlo en un d\u00eda corriente, sin la suspensi\u00f3n de las actividades cotidianas. Hacerlo en domingo hace dar la impresi\u00f3n de que somos un pa\u00eds totalmente retr\u00f3grado y que seguir\u00edamos viviendo en la \u00e9poca cavern\u00edcola, cuando ya estamos en pleno Siglo XXI y se supone como pa\u00eds, que ya estamos nom\u00e1s a la par del avance tecnol\u00f3gico.<br \/>\nAsimismo, debe haber un filtro para que no existan muchos candidatos en elecciones nacionales y subnacionales. No es posible que para apenas 12 millones de habitantes que somos, existan todo un rosario de participantes que llegan a dividir el voto y afectar en la gobernabilidad del pa\u00eds y las regiones. Y para el colmo, una gran mayor\u00eda totalmente desconocidos, que ni siquiera saben desenvolverse en entrevistas period\u00edsticas y menos en los supuestos debates que organiz\u00f3 el OEP.<br \/>\nUna vez pasadas las segundas vueltas para gobernadores, el OEP debe organizar un encuentro nacional para reformar o actualizar en gran parte el sistema electoral con el cual nos desenvolvemos actualmente y que est\u00e1 dise\u00f1ado bajo los intereses pol\u00edticos que tuvo el ex partido gobernante corrupto del MAS. Ese encuentro debe tener la participaci\u00f3n de la sociedad civil, de partidos y l\u00edderes pol\u00edticos en vigencia, que tengan adem\u00e1s un gran apoyo ciudadano y por qu\u00e9 no, invitar a organizaciones internacionales especializadas en la materia electoral.<\/p>\n<p>El autor es Comunicador social.<\/p>\n","protected":false},"excerpt":{"rendered":"<p>Las elecciones subnacionales realizadas recientemente en todo el pa\u00eds dejaron grandes confusiones en el momento de emitir el voto la poblaci\u00f3n para elegir a gobernadores, asamble\u00edstas departamentales, alcaldes y concejales. Todo fue un mar de malos entendidos, malas interpretaciones y p\u00e9sima informaci\u00f3n comunicacional desde el Tribunal Supremo Electoral (TSE) sobre la orientaci\u00f3n al ciudadano para [&hellip;]<\/p>\n","protected":false},"author":1,"featured_media":161157,"comment_status":"closed","ping_status":"open","sticky":false,"template":"","format":"standard","meta":{"_acf_changed":false,"footnotes":""},"categories":[9],"tags":[],"class_list":["post-381406","post","type-post","status-publish","format-standard","has-post-thumbnail","category-opinion"],"acf":{"antetitulo":""},"yoast_head":"<!-- This site is optimized with the Yoast SEO plugin v28.4 - https:\/\/yoast.com\/product\/yoast-seo-wordpress\/ -->\n<title>\u00a1Es urgente reformar el sistema electoral! - El Diario - Bolivia<\/title>\n<meta name=\"robots\" content=\"index, follow, max-snippet:-1, max-image-preview:large, max-video-preview:-1\" \/>\n<link rel=\"canonical\" href=\"https:\/\/www.eldiario.net\/portal\/2026\/04\/01\/es-urgente-reformar-el-sistema-electoral\/\" \/>\n<meta property=\"og:locale\" content=\"es_ES\" \/>\n<meta property=\"og:type\" content=\"article\" \/>\n<meta property=\"og:title\" content=\"\u00a1Es urgente reformar el sistema electoral! - El Diario - Bolivia\" \/>\n<meta property=\"og:description\" content=\"Las elecciones subnacionales realizadas recientemente en todo el pa\u00eds dejaron grandes confusiones en el momento de emitir el voto la poblaci\u00f3n para elegir a gobernadores, asamble\u00edstas departamentales, alcaldes y concejales. Todo fue un mar de malos entendidos, malas interpretaciones y p\u00e9sima informaci\u00f3n comunicacional desde el Tribunal Supremo Electoral (TSE) sobre la orientaci\u00f3n al ciudadano para [&hellip;]\" \/>\n<meta property=\"og:url\" content=\"https:\/\/www.eldiario.net\/portal\/2026\/04\/01\/es-urgente-reformar-el-sistema-electoral\/\" \/>\n<meta property=\"og:site_name\" content=\"El Diario - Bolivia\" \/>\n<meta property=\"article:publisher\" content=\"https:\/\/www.facebook.com\/eldiario.bolivia\/\" \/>\n<meta property=\"article:published_time\" content=\"2026-04-01T05:54:53+00:00\" \/>\n<meta property=\"og:image\" content=\"https:\/\/www.eldiario.net\/portal\/wp-content\/uploads\/2023\/06\/Juan-Carlos-Ferreyra-Penarrieta.jpg\" \/>\n\t<meta property=\"og:image:width\" content=\"1200\" \/>\n\t<meta property=\"og:image:height\" content=\"628\" \/>\n\t<meta property=\"og:image:type\" content=\"image\/jpeg\" \/>\n<meta name=\"author\" content=\"Jeanette\" \/>\n<meta name=\"twitter:card\" content=\"summary_large_image\" \/>\n<meta name=\"twitter:creator\" content=\"@eldiario_net\" \/>\n<meta name=\"twitter:site\" content=\"@eldiario_net\" \/>\n<meta name=\"twitter:label1\" content=\"Escrito por\" \/>\n\t<meta name=\"twitter:data1\" content=\"Jeanette\" \/>\n\t<meta name=\"twitter:label2\" content=\"Tiempo de lectura\" \/>\n\t<meta name=\"twitter:data2\" content=\"4 minutos\" \/>\n<script type=\"application\/ld+json\" class=\"yoast-schema-graph\">{\"@context\":\"https:\\\/\\\/schema.org\",\"@graph\":[{\"@type\":\"Article\",\"@id\":\"https:\\\/\\\/www.eldiario.net\\\/portal\\\/2026\\\/04\\\/01\\\/es-urgente-reformar-el-sistema-electoral\\\/#article\",\"isPartOf\":{\"@id\":\"https:\\\/\\\/www.eldiario.net\\\/portal\\\/2026\\\/04\\\/01\\\/es-urgente-reformar-el-sistema-electoral\\\/\"},\"author\":{\"name\":\"Jeanette\",\"@id\":\"https:\\\/\\\/www.eldiario.net\\\/portal\\\/#\\\/schema\\\/person\\\/f46445640444750d7d753ccd04ae01b7\"},\"headline\":\"\u00a1Es urgente reformar el sistema electoral!\",\"datePublished\":\"2026-04-01T05:54:53+00:00\",\"mainEntityOfPage\":{\"@id\":\"https:\\\/\\\/www.eldiario.net\\\/portal\\\/2026\\\/04\\\/01\\\/es-urgente-reformar-el-sistema-electoral\\\/\"},\"wordCount\":842,\"publisher\":{\"@id\":\"https:\\\/\\\/www.eldiario.net\\\/portal\\\/#organization\"},\"image\":{\"@id\":\"https:\\\/\\\/www.eldiario.net\\\/portal\\\/2026\\\/04\\\/01\\\/es-urgente-reformar-el-sistema-electoral\\\/#primaryimage\"},\"thumbnailUrl\":\"https:\\\/\\\/www.eldiario.net\\\/portal\\\/wp-content\\\/uploads\\\/2023\\\/06\\\/Juan-Carlos-Ferreyra-Penarrieta.jpg\",\"articleSection\":[\"Opini\u00f3n\"],\"inLanguage\":\"es\"},{\"@type\":\"WebPage\",\"@id\":\"https:\\\/\\\/www.eldiario.net\\\/portal\\\/2026\\\/04\\\/01\\\/es-urgente-reformar-el-sistema-electoral\\\/\",\"url\":\"https:\\\/\\\/www.eldiario.net\\\/portal\\\/2026\\\/04\\\/01\\\/es-urgente-reformar-el-sistema-electoral\\\/\",\"name\":\"\u00a1Es urgente reformar el sistema electoral! - El Diario - Bolivia\",\"isPartOf\":{\"@id\":\"https:\\\/\\\/www.eldiario.net\\\/portal\\\/#website\"},\"primaryImageOfPage\":{\"@id\":\"https:\\\/\\\/www.eldiario.net\\\/portal\\\/2026\\\/04\\\/01\\\/es-urgente-reformar-el-sistema-electoral\\\/#primaryimage\"},\"image\":{\"@id\":\"https:\\\/\\\/www.eldiario.net\\\/portal\\\/2026\\\/04\\\/01\\\/es-urgente-reformar-el-sistema-electoral\\\/#primaryimage\"},\"thumbnailUrl\":\"https:\\\/\\\/www.eldiario.net\\\/portal\\\/wp-content\\\/uploads\\\/2023\\\/06\\\/Juan-Carlos-Ferreyra-Penarrieta.jpg\",\"datePublished\":\"2026-04-01T05:54:53+00:00\",\"breadcrumb\":{\"@id\":\"https:\\\/\\\/www.eldiario.net\\\/portal\\\/2026\\\/04\\\/01\\\/es-urgente-reformar-el-sistema-electoral\\\/#breadcrumb\"},\"inLanguage\":\"es\",\"potentialAction\":[{\"@type\":\"ReadAction\",\"target\":[\"https:\\\/\\\/www.eldiario.net\\\/portal\\\/2026\\\/04\\\/01\\\/es-urgente-reformar-el-sistema-electoral\\\/\"]}]},{\"@type\":\"ImageObject\",\"inLanguage\":\"es\",\"@id\":\"https:\\\/\\\/www.eldiario.net\\\/portal\\\/2026\\\/04\\\/01\\\/es-urgente-reformar-el-sistema-electoral\\\/#primaryimage\",\"url\":\"https:\\\/\\\/www.eldiario.net\\\/portal\\\/wp-content\\\/uploads\\\/2023\\\/06\\\/Juan-Carlos-Ferreyra-Penarrieta.jpg\",\"contentUrl\":\"https:\\\/\\\/www.eldiario.net\\\/portal\\\/wp-content\\\/uploads\\\/2023\\\/06\\\/Juan-Carlos-Ferreyra-Penarrieta.jpg\",\"width\":1200,\"height\":628,\"caption\":\"Juan Carlos Ferreyra Pe\u00f1arrieta\"},{\"@type\":\"BreadcrumbList\",\"@id\":\"https:\\\/\\\/www.eldiario.net\\\/portal\\\/2026\\\/04\\\/01\\\/es-urgente-reformar-el-sistema-electoral\\\/#breadcrumb\",\"itemListElement\":[{\"@type\":\"ListItem\",\"position\":1,\"name\":\"Portada\",\"item\":\"https:\\\/\\\/www.eldiario.net\\\/portal\\\/\"},{\"@type\":\"ListItem\",\"position\":2,\"name\":\"\u00a1Es urgente reformar el sistema electoral!\"}]},{\"@type\":\"WebSite\",\"@id\":\"https:\\\/\\\/www.eldiario.net\\\/portal\\\/#website\",\"url\":\"https:\\\/\\\/www.eldiario.net\\\/portal\\\/\",\"name\":\"El Diario - Decano de la prensa nacional\",\"description\":\"El Diario - Decano de la prensa nacional\",\"publisher\":{\"@id\":\"https:\\\/\\\/www.eldiario.net\\\/portal\\\/#organization\"},\"potentialAction\":[{\"@type\":\"SearchAction\",\"target\":{\"@type\":\"EntryPoint\",\"urlTemplate\":\"https:\\\/\\\/www.eldiario.net\\\/portal\\\/?s={search_term_string}\"},\"query-input\":{\"@type\":\"PropertyValueSpecification\",\"valueRequired\":true,\"valueName\":\"search_term_string\"}}],\"inLanguage\":\"es\"},{\"@type\":\"Organization\",\"@id\":\"https:\\\/\\\/www.eldiario.net\\\/portal\\\/#organization\",\"name\":\"El Diario - Decano de la prensa nacional\",\"url\":\"https:\\\/\\\/www.eldiario.net\\\/portal\\\/\",\"logo\":{\"@type\":\"ImageObject\",\"inLanguage\":\"es\",\"@id\":\"https:\\\/\\\/www.eldiario.net\\\/portal\\\/#\\\/schema\\\/logo\\\/image\\\/\",\"url\":\"https:\\\/\\\/www.eldiario.net\\\/portal\\\/wp-content\\\/uploads\\\/2023\\\/07\\\/logo_ED.jpg\",\"contentUrl\":\"https:\\\/\\\/www.eldiario.net\\\/portal\\\/wp-content\\\/uploads\\\/2023\\\/07\\\/logo_ED.jpg\",\"width\":272,\"height\":52,\"caption\":\"El Diario - Decano de la prensa nacional\"},\"image\":{\"@id\":\"https:\\\/\\\/www.eldiario.net\\\/portal\\\/#\\\/schema\\\/logo\\\/image\\\/\"},\"sameAs\":[\"https:\\\/\\\/www.facebook.com\\\/eldiario.bolivia\\\/\",\"https:\\\/\\\/x.com\\\/eldiario_net\"]},{\"@type\":\"Person\",\"@id\":\"https:\\\/\\\/www.eldiario.net\\\/portal\\\/#\\\/schema\\\/person\\\/f46445640444750d7d753ccd04ae01b7\",\"name\":\"Jeanette\",\"image\":{\"@type\":\"ImageObject\",\"inLanguage\":\"es\",\"@id\":\"https:\\\/\\\/secure.gravatar.com\\\/avatar\\\/3ea2118a5f7dad2b7138b1187a6b7ee55f160b9968b66013c3a3ef39dd7e5798?s=96&d=mm&r=g\",\"url\":\"https:\\\/\\\/secure.gravatar.com\\\/avatar\\\/3ea2118a5f7dad2b7138b1187a6b7ee55f160b9968b66013c3a3ef39dd7e5798?s=96&d=mm&r=g\",\"contentUrl\":\"https:\\\/\\\/secure.gravatar.com\\\/avatar\\\/3ea2118a5f7dad2b7138b1187a6b7ee55f160b9968b66013c3a3ef39dd7e5798?s=96&d=mm&r=g\",\"caption\":\"Jeanette\"},\"sameAs\":[\"https:\\\/\\\/www.eldiario.net\\\/portal\"],\"url\":\"https:\\\/\\\/www.eldiario.net\\\/portal\\\/author\\\/jeanette\\\/\"}]}<\/script>\n<!-- \/ Yoast SEO plugin. -->","yoast_head_json":{"title":"\u00a1Es urgente reformar el sistema electoral! - El Diario - Bolivia","robots":{"index":"index","follow":"follow","max-snippet":"max-snippet:-1","max-image-preview":"max-image-preview:large","max-video-preview":"max-video-preview:-1"},"canonical":"https:\/\/www.eldiario.net\/portal\/2026\/04\/01\/es-urgente-reformar-el-sistema-electoral\/","og_locale":"es_ES","og_type":"article","og_title":"\u00a1Es urgente reformar el sistema electoral! - El Diario - Bolivia","og_description":"Las elecciones subnacionales realizadas recientemente en todo el pa\u00eds dejaron grandes confusiones en el momento de emitir el voto la poblaci\u00f3n para elegir a gobernadores, asamble\u00edstas departamentales, alcaldes y concejales. Todo fue un mar de malos entendidos, malas interpretaciones y p\u00e9sima informaci\u00f3n comunicacional desde el Tribunal Supremo Electoral (TSE) sobre la orientaci\u00f3n al ciudadano para [&hellip;]","og_url":"https:\/\/www.eldiario.net\/portal\/2026\/04\/01\/es-urgente-reformar-el-sistema-electoral\/","og_site_name":"El Diario - Bolivia","article_publisher":"https:\/\/www.facebook.com\/eldiario.bolivia\/","article_published_time":"2026-04-01T05:54:53+00:00","og_image":[{"width":1200,"height":628,"url":"https:\/\/www.eldiario.net\/portal\/wp-content\/uploads\/2023\/06\/Juan-Carlos-Ferreyra-Penarrieta.jpg","type":"image\/jpeg"}],"author":"Jeanette","twitter_card":"summary_large_image","twitter_creator":"@eldiario_net","twitter_site":"@eldiario_net","twitter_misc":{"Escrito por":"Jeanette","Tiempo de lectura":"4 minutos"},"schema":{"@context":"https:\/\/schema.org","@graph":[{"@type":"Article","@id":"https:\/\/www.eldiario.net\/portal\/2026\/04\/01\/es-urgente-reformar-el-sistema-electoral\/#article","isPartOf":{"@id":"https:\/\/www.eldiario.net\/portal\/2026\/04\/01\/es-urgente-reformar-el-sistema-electoral\/"},"author":{"name":"Jeanette","@id":"https:\/\/www.eldiario.net\/portal\/#\/schema\/person\/f46445640444750d7d753ccd04ae01b7"},"headline":"\u00a1Es urgente reformar el sistema electoral!","datePublished":"2026-04-01T05:54:53+00:00","mainEntityOfPage":{"@id":"https:\/\/www.eldiario.net\/portal\/2026\/04\/01\/es-urgente-reformar-el-sistema-electoral\/"},"wordCount":842,"publisher":{"@id":"https:\/\/www.eldiario.net\/portal\/#organization"},"image":{"@id":"https:\/\/www.eldiario.net\/portal\/2026\/04\/01\/es-urgente-reformar-el-sistema-electoral\/#primaryimage"},"thumbnailUrl":"https:\/\/www.eldiario.net\/portal\/wp-content\/uploads\/2023\/06\/Juan-Carlos-Ferreyra-Penarrieta.jpg","articleSection":["Opini\u00f3n"],"inLanguage":"es"},{"@type":"WebPage","@id":"https:\/\/www.eldiario.net\/portal\/2026\/04\/01\/es-urgente-reformar-el-sistema-electoral\/","url":"https:\/\/www.eldiario.net\/portal\/2026\/04\/01\/es-urgente-reformar-el-sistema-electoral\/","name":"\u00a1Es urgente reformar el sistema electoral! - El Diario - Bolivia","isPartOf":{"@id":"https:\/\/www.eldiario.net\/portal\/#website"},"primaryImageOfPage":{"@id":"https:\/\/www.eldiario.net\/portal\/2026\/04\/01\/es-urgente-reformar-el-sistema-electoral\/#primaryimage"},"image":{"@id":"https:\/\/www.eldiario.net\/portal\/2026\/04\/01\/es-urgente-reformar-el-sistema-electoral\/#primaryimage"},"thumbnailUrl":"https:\/\/www.eldiario.net\/portal\/wp-content\/uploads\/2023\/06\/Juan-Carlos-Ferreyra-Penarrieta.jpg","datePublished":"2026-04-01T05:54:53+00:00","breadcrumb":{"@id":"https:\/\/www.eldiario.net\/portal\/2026\/04\/01\/es-urgente-reformar-el-sistema-electoral\/#breadcrumb"},"inLanguage":"es","potentialAction":[{"@type":"ReadAction","target":["https:\/\/www.eldiario.net\/portal\/2026\/04\/01\/es-urgente-reformar-el-sistema-electoral\/"]}]},{"@type":"ImageObject","inLanguage":"es","@id":"https:\/\/www.eldiario.net\/portal\/2026\/04\/01\/es-urgente-reformar-el-sistema-electoral\/#primaryimage","url":"https:\/\/www.eldiario.net\/portal\/wp-content\/uploads\/2023\/06\/Juan-Carlos-Ferreyra-Penarrieta.jpg","contentUrl":"https:\/\/www.eldiario.net\/portal\/wp-content\/uploads\/2023\/06\/Juan-Carlos-Ferreyra-Penarrieta.jpg","width":1200,"height":628,"caption":"Juan Carlos Ferreyra Pe\u00f1arrieta"},{"@type":"BreadcrumbList","@id":"https:\/\/www.eldiario.net\/portal\/2026\/04\/01\/es-urgente-reformar-el-sistema-electoral\/#breadcrumb","itemListElement":[{"@type":"ListItem","position":1,"name":"Portada","item":"https:\/\/www.eldiario.net\/portal\/"},{"@type":"ListItem","position":2,"name":"\u00a1Es urgente reformar el sistema electoral!"}]},{"@type":"WebSite","@id":"https:\/\/www.eldiario.net\/portal\/#website","url":"https:\/\/www.eldiario.net\/portal\/","name":"El Diario - Decano de la prensa nacional","description":"El Diario - Decano de la prensa nacional","publisher":{"@id":"https:\/\/www.eldiario.net\/portal\/#organization"},"potentialAction":[{"@type":"SearchAction","target":{"@type":"EntryPoint","urlTemplate":"https:\/\/www.eldiario.net\/portal\/?s={search_term_string}"},"query-input":{"@type":"PropertyValueSpecification","valueRequired":true,"valueName":"search_term_string"}}],"inLanguage":"es"},{"@type":"Organization","@id":"https:\/\/www.eldiario.net\/portal\/#organization","name":"El Diario - Decano de la prensa nacional","url":"https:\/\/www.eldiario.net\/portal\/","logo":{"@type":"ImageObject","inLanguage":"es","@id":"https:\/\/www.eldiario.net\/portal\/#\/schema\/logo\/image\/","url":"https:\/\/www.eldiario.net\/portal\/wp-content\/uploads\/2023\/07\/logo_ED.jpg","contentUrl":"https:\/\/www.eldiario.net\/portal\/wp-content\/uploads\/2023\/07\/logo_ED.jpg","width":272,"height":52,"caption":"El Diario - Decano de la prensa nacional"},"image":{"@id":"https:\/\/www.eldiario.net\/portal\/#\/schema\/logo\/image\/"},"sameAs":["https:\/\/www.facebook.com\/eldiario.bolivia\/","https:\/\/x.com\/eldiario_net"]},{"@type":"Person","@id":"https:\/\/www.eldiario.net\/portal\/#\/schema\/person\/f46445640444750d7d753ccd04ae01b7","name":"Jeanette","image":{"@type":"ImageObject","inLanguage":"es","@id":"https:\/\/secure.gravatar.com\/avatar\/3ea2118a5f7dad2b7138b1187a6b7ee55f160b9968b66013c3a3ef39dd7e5798?s=96&d=mm&r=g","url":"https:\/\/secure.gravatar.com\/avatar\/3ea2118a5f7dad2b7138b1187a6b7ee55f160b9968b66013c3a3ef39dd7e5798?s=96&d=mm&r=g","contentUrl":"https:\/\/secure.gravatar.com\/avatar\/3ea2118a5f7dad2b7138b1187a6b7ee55f160b9968b66013c3a3ef39dd7e5798?s=96&d=mm&r=g","caption":"Jeanette"},"sameAs":["https:\/\/www.eldiario.net\/portal"],"url":"https:\/\/www.eldiario.net\/portal\/author\/jeanette\/"}]}},"_links":{"self":[{"href":"https:\/\/www.eldiario.net\/portal\/wp-json\/wp\/v2\/posts\/381406","targetHints":{"allow":["GET"]}}],"collection":[{"href":"https:\/\/www.eldiario.net\/portal\/wp-json\/wp\/v2\/posts"}],"about":[{"href":"https:\/\/www.eldiario.net\/portal\/wp-json\/wp\/v2\/types\/post"}],"author":[{"embeddable":true,"href":"https:\/\/www.eldiario.net\/portal\/wp-json\/wp\/v2\/users\/1"}],"replies":[{"embeddable":true,"href":"https:\/\/www.eldiario.net\/portal\/wp-json\/wp\/v2\/comments?post=381406"}],"version-history":[{"count":1,"href":"https:\/\/www.eldiario.net\/portal\/wp-json\/wp\/v2\/posts\/381406\/revisions"}],"predecessor-version":[{"id":381407,"href":"https:\/\/www.eldiario.net\/portal\/wp-json\/wp\/v2\/posts\/381406\/revisions\/381407"}],"wp:featuredmedia":[{"embeddable":true,"href":"https:\/\/www.eldiario.net\/portal\/wp-json\/wp\/v2\/media\/161157"}],"wp:attachment":[{"href":"https:\/\/www.eldiario.net\/portal\/wp-json\/wp\/v2\/media?parent=381406"}],"wp:term":[{"taxonomy":"category","embeddable":true,"href":"https:\/\/www.eldiario.net\/portal\/wp-json\/wp\/v2\/categories?post=381406"},{"taxonomy":"post_tag","embeddable":true,"href":"https:\/\/www.eldiario.net\/portal\/wp-json\/wp\/v2\/tags?post=381406"}],"curies":[{"name":"wp","href":"https:\/\/api.w.org\/{rel}","templated":true}]}}