{"id":381404,"date":"2026-04-01T01:54:18","date_gmt":"2026-04-01T05:54:18","guid":{"rendered":"https:\/\/www.eldiario.net\/portal\/?p=381404"},"modified":"2026-04-01T00:54:48","modified_gmt":"2026-04-01T04:54:48","slug":"credibilidad-gubernamental-y-nuevo-equilibrio-de-poder","status":"publish","type":"post","link":"https:\/\/www.eldiario.net\/portal\/2026\/04\/01\/credibilidad-gubernamental-y-nuevo-equilibrio-de-poder\/","title":{"rendered":"Credibilidad gubernamental y nuevo equilibrio de poder"},"content":{"rendered":"<p>Con el transcurrir de las semanas, es notorio que la estabilidad pol\u00edtica del gobierno se erosiona debido al accionar equivocado de algunos ministros y, por l\u00f3gica consecuencia, el descontento de los ciudadanos; las explicaciones de los portavoces oficiales, plet\u00f3ricas de enredos y contradicciones, m\u00e1s que aclarar complican: no se demuestra con hechos, ni los hechos coinciden con cuanto dicen. Y ya en el extremo, se ve que es necesario, tambi\u00e9n, saber mentir.<br \/>\nOtro recurso que usan los aludidos, es guardar silencio ante evidencias que involucran (\u00bfestrategias de distracci\u00f3n?), quieren jugar al m\u00e1s listo, y luego decir, por ejemplo: \u201cse aplicar\u00e1 la ley caiga quien caiga\u201d, afirmaci\u00f3n desprestigiada que nadie cree.<br \/>\nEl presidente Rodrigo Paz, se esfuerza con discursos persuasivos y pide confiar en la patria; al parecer, el tiempo no le alcanza para vigilar el desempe\u00f1o de sus colaboradores; la meritocracia no es suficiente, en ocasiones es imprescindible ingenio creativo para resolver lo imprevisto, sobre todo cuando la complejidad de los problemas afecta transversalmente cada fundamento de la vida ciudadana. Es el caso de la econom\u00eda familiar que sigue en declive. El gobierno debe tomar conciencia y proponerse no llegar a la cuerda floja.<br \/>\nGobernar, no es recoger al paso las flores sin las espinas, es aguantar los pinchazos; el gobernante est\u00e1 conminado al \u00e9xito, es prohibido equivocarse. Una buena gobernanza apoya a unos, y protege a otros; no se trata de que todos sean iguales. Por eso \u2013en estos tiempos de crisis\u2013 es necesario amplificar las voces, y establecer referentes, para analizar las nuevas formas de entender la \u201cigualdad social\u201d<br \/>\nLa coyuntura pol\u00edtica instaurada por la actual gobernanza, permite democracia plena, un requisito esencial para ejercer libertad, condici\u00f3n fundamental para elegir entre la \u201cdemodiversidad\u201d, las variadas democracias en estilo liberal, nacionalista, fascista, comunitario, socialista&#8230; al final, la forma que cada uno prefiere para vivir en un mundo belicosamente ideologizado.<br \/>\nLa cr\u00f3nica period\u00edstica honesta, describe la imagen cotidiana, \u201clo que se ve se anota\u201d: por ahora, una gesti\u00f3n ministerial desva\u00edda, sacudida por ventarrones que no se identifican de d\u00f3nde vienen (\u00bfsabotaje, negligencia, incapacidad&#8230;?).<br \/>\nPor otro lado, la Asamblea legislativa plurinacional (ALP), m\u00e1xima expresi\u00f3n del poder que representa al pueblo, es inactiva, difusa; no avanza con lo que tiene; y para m\u00e1s, le llegar\u00e1 un paquete de leyes estructurales para aprobaci\u00f3n urgente.<br \/>\nA partir del tres de mayo comenzar\u00e1 el ceremonial turbulento del 50-50, el protagonismo determinante a cargo de las autonom\u00edas &#8211;alcald\u00edas y gobernaciones&#8211; desesperadas por obtener dinero para pagar cuentas atrasadas, encarar nuevos proyectos, y resolver el vac\u00edo de inversi\u00f3n p\u00fablica y privada.<br \/>\nPor todo esto, para reconocer apropiadamente la diferencia entre lo que un hecho es, y lo que cada uno pretende que sea, es necesario criterio. m\u00e1s que pasi\u00f3n, y entender objetivamente la realidad nacional.<br \/>\nComo dijo el fil\u00f3sofo espa\u00f1ol Jos\u00e9 Ortega y Gasset: \u201cLa vida nos es dada, pero no nos es dada hecha; tenemos que hac\u00e9rnosla nosotros, cada cual la suya\u201d.<\/p>\n<p>El autor es periodista.<\/p>\n","protected":false},"excerpt":{"rendered":"<p>Con el transcurrir de las semanas, es notorio que la estabilidad pol\u00edtica del gobierno se erosiona debido al accionar equivocado de algunos ministros y, por l\u00f3gica consecuencia, el descontento de los ciudadanos; las explicaciones de los portavoces oficiales, plet\u00f3ricas de enredos y contradicciones, m\u00e1s que aclarar complican: no se demuestra con hechos, ni los hechos [&hellip;]<\/p>\n","protected":false},"author":1,"featured_media":166360,"comment_status":"closed","ping_status":"open","sticky":false,"template":"","format":"standard","meta":{"_acf_changed":false,"footnotes":""},"categories":[9],"tags":[],"class_list":["post-381404","post","type-post","status-publish","format-standard","has-post-thumbnail","category-opinion"],"acf":{"antetitulo":""},"yoast_head":"<!-- This site is optimized with the Yoast SEO plugin v28.4 - https:\/\/yoast.com\/product\/yoast-seo-wordpress\/ -->\n<title>Credibilidad gubernamental y nuevo equilibrio de poder - El Diario - Bolivia<\/title>\n<meta name=\"robots\" content=\"index, follow, max-snippet:-1, max-image-preview:large, max-video-preview:-1\" \/>\n<link rel=\"canonical\" href=\"https:\/\/www.eldiario.net\/portal\/2026\/04\/01\/credibilidad-gubernamental-y-nuevo-equilibrio-de-poder\/\" \/>\n<meta property=\"og:locale\" content=\"es_ES\" \/>\n<meta property=\"og:type\" content=\"article\" \/>\n<meta property=\"og:title\" content=\"Credibilidad gubernamental y nuevo equilibrio de poder - El Diario - Bolivia\" \/>\n<meta property=\"og:description\" content=\"Con el transcurrir de las semanas, es notorio que la estabilidad pol\u00edtica del gobierno se erosiona debido al accionar equivocado de algunos ministros y, por l\u00f3gica consecuencia, el descontento de los ciudadanos; las explicaciones de los portavoces oficiales, plet\u00f3ricas de enredos y contradicciones, m\u00e1s que aclarar complican: no se demuestra con hechos, ni los hechos [&hellip;]\" \/>\n<meta property=\"og:url\" content=\"https:\/\/www.eldiario.net\/portal\/2026\/04\/01\/credibilidad-gubernamental-y-nuevo-equilibrio-de-poder\/\" \/>\n<meta property=\"og:site_name\" content=\"El Diario - Bolivia\" \/>\n<meta property=\"article:publisher\" content=\"https:\/\/www.facebook.com\/eldiario.bolivia\/\" \/>\n<meta property=\"article:published_time\" content=\"2026-04-01T05:54:18+00:00\" \/>\n<meta property=\"og:image\" content=\"https:\/\/www.eldiario.net\/portal\/wp-content\/uploads\/2023\/07\/Mario-Malpartida.jpg\" \/>\n\t<meta property=\"og:image:width\" content=\"1200\" \/>\n\t<meta property=\"og:image:height\" content=\"628\" \/>\n\t<meta property=\"og:image:type\" content=\"image\/jpeg\" \/>\n<meta name=\"author\" content=\"Jeanette\" \/>\n<meta name=\"twitter:card\" content=\"summary_large_image\" \/>\n<meta name=\"twitter:creator\" content=\"@eldiario_net\" \/>\n<meta name=\"twitter:site\" content=\"@eldiario_net\" \/>\n<meta name=\"twitter:label1\" content=\"Escrito por\" \/>\n\t<meta name=\"twitter:data1\" content=\"Jeanette\" \/>\n\t<meta name=\"twitter:label2\" content=\"Tiempo de lectura\" \/>\n\t<meta name=\"twitter:data2\" content=\"3 minutos\" \/>\n<script type=\"application\/ld+json\" class=\"yoast-schema-graph\">{\"@context\":\"https:\\\/\\\/schema.org\",\"@graph\":[{\"@type\":\"Article\",\"@id\":\"https:\\\/\\\/www.eldiario.net\\\/portal\\\/2026\\\/04\\\/01\\\/credibilidad-gubernamental-y-nuevo-equilibrio-de-poder\\\/#article\",\"isPartOf\":{\"@id\":\"https:\\\/\\\/www.eldiario.net\\\/portal\\\/2026\\\/04\\\/01\\\/credibilidad-gubernamental-y-nuevo-equilibrio-de-poder\\\/\"},\"author\":{\"name\":\"Jeanette\",\"@id\":\"https:\\\/\\\/www.eldiario.net\\\/portal\\\/#\\\/schema\\\/person\\\/f46445640444750d7d753ccd04ae01b7\"},\"headline\":\"Credibilidad gubernamental y nuevo equilibrio de poder\",\"datePublished\":\"2026-04-01T05:54:18+00:00\",\"mainEntityOfPage\":{\"@id\":\"https:\\\/\\\/www.eldiario.net\\\/portal\\\/2026\\\/04\\\/01\\\/credibilidad-gubernamental-y-nuevo-equilibrio-de-poder\\\/\"},\"wordCount\":528,\"publisher\":{\"@id\":\"https:\\\/\\\/www.eldiario.net\\\/portal\\\/#organization\"},\"image\":{\"@id\":\"https:\\\/\\\/www.eldiario.net\\\/portal\\\/2026\\\/04\\\/01\\\/credibilidad-gubernamental-y-nuevo-equilibrio-de-poder\\\/#primaryimage\"},\"thumbnailUrl\":\"https:\\\/\\\/www.eldiario.net\\\/portal\\\/wp-content\\\/uploads\\\/2023\\\/07\\\/Mario-Malpartida.jpg\",\"articleSection\":[\"Opini\u00f3n\"],\"inLanguage\":\"es\"},{\"@type\":\"WebPage\",\"@id\":\"https:\\\/\\\/www.eldiario.net\\\/portal\\\/2026\\\/04\\\/01\\\/credibilidad-gubernamental-y-nuevo-equilibrio-de-poder\\\/\",\"url\":\"https:\\\/\\\/www.eldiario.net\\\/portal\\\/2026\\\/04\\\/01\\\/credibilidad-gubernamental-y-nuevo-equilibrio-de-poder\\\/\",\"name\":\"Credibilidad gubernamental y nuevo equilibrio de poder - El Diario - Bolivia\",\"isPartOf\":{\"@id\":\"https:\\\/\\\/www.eldiario.net\\\/portal\\\/#website\"},\"primaryImageOfPage\":{\"@id\":\"https:\\\/\\\/www.eldiario.net\\\/portal\\\/2026\\\/04\\\/01\\\/credibilidad-gubernamental-y-nuevo-equilibrio-de-poder\\\/#primaryimage\"},\"image\":{\"@id\":\"https:\\\/\\\/www.eldiario.net\\\/portal\\\/2026\\\/04\\\/01\\\/credibilidad-gubernamental-y-nuevo-equilibrio-de-poder\\\/#primaryimage\"},\"thumbnailUrl\":\"https:\\\/\\\/www.eldiario.net\\\/portal\\\/wp-content\\\/uploads\\\/2023\\\/07\\\/Mario-Malpartida.jpg\",\"datePublished\":\"2026-04-01T05:54:18+00:00\",\"breadcrumb\":{\"@id\":\"https:\\\/\\\/www.eldiario.net\\\/portal\\\/2026\\\/04\\\/01\\\/credibilidad-gubernamental-y-nuevo-equilibrio-de-poder\\\/#breadcrumb\"},\"inLanguage\":\"es\",\"potentialAction\":[{\"@type\":\"ReadAction\",\"target\":[\"https:\\\/\\\/www.eldiario.net\\\/portal\\\/2026\\\/04\\\/01\\\/credibilidad-gubernamental-y-nuevo-equilibrio-de-poder\\\/\"]}]},{\"@type\":\"ImageObject\",\"inLanguage\":\"es\",\"@id\":\"https:\\\/\\\/www.eldiario.net\\\/portal\\\/2026\\\/04\\\/01\\\/credibilidad-gubernamental-y-nuevo-equilibrio-de-poder\\\/#primaryimage\",\"url\":\"https:\\\/\\\/www.eldiario.net\\\/portal\\\/wp-content\\\/uploads\\\/2023\\\/07\\\/Mario-Malpartida.jpg\",\"contentUrl\":\"https:\\\/\\\/www.eldiario.net\\\/portal\\\/wp-content\\\/uploads\\\/2023\\\/07\\\/Mario-Malpartida.jpg\",\"width\":1200,\"height\":628,\"caption\":\"Mario Malpartida\"},{\"@type\":\"BreadcrumbList\",\"@id\":\"https:\\\/\\\/www.eldiario.net\\\/portal\\\/2026\\\/04\\\/01\\\/credibilidad-gubernamental-y-nuevo-equilibrio-de-poder\\\/#breadcrumb\",\"itemListElement\":[{\"@type\":\"ListItem\",\"position\":1,\"name\":\"Portada\",\"item\":\"https:\\\/\\\/www.eldiario.net\\\/portal\\\/\"},{\"@type\":\"ListItem\",\"position\":2,\"name\":\"Credibilidad gubernamental y nuevo equilibrio de poder\"}]},{\"@type\":\"WebSite\",\"@id\":\"https:\\\/\\\/www.eldiario.net\\\/portal\\\/#website\",\"url\":\"https:\\\/\\\/www.eldiario.net\\\/portal\\\/\",\"name\":\"El Diario - Decano de la prensa nacional\",\"description\":\"El Diario - Decano de la prensa nacional\",\"publisher\":{\"@id\":\"https:\\\/\\\/www.eldiario.net\\\/portal\\\/#organization\"},\"potentialAction\":[{\"@type\":\"SearchAction\",\"target\":{\"@type\":\"EntryPoint\",\"urlTemplate\":\"https:\\\/\\\/www.eldiario.net\\\/portal\\\/?s={search_term_string}\"},\"query-input\":{\"@type\":\"PropertyValueSpecification\",\"valueRequired\":true,\"valueName\":\"search_term_string\"}}],\"inLanguage\":\"es\"},{\"@type\":\"Organization\",\"@id\":\"https:\\\/\\\/www.eldiario.net\\\/portal\\\/#organization\",\"name\":\"El Diario - Decano de la prensa nacional\",\"url\":\"https:\\\/\\\/www.eldiario.net\\\/portal\\\/\",\"logo\":{\"@type\":\"ImageObject\",\"inLanguage\":\"es\",\"@id\":\"https:\\\/\\\/www.eldiario.net\\\/portal\\\/#\\\/schema\\\/logo\\\/image\\\/\",\"url\":\"https:\\\/\\\/www.eldiario.net\\\/portal\\\/wp-content\\\/uploads\\\/2023\\\/07\\\/logo_ED.jpg\",\"contentUrl\":\"https:\\\/\\\/www.eldiario.net\\\/portal\\\/wp-content\\\/uploads\\\/2023\\\/07\\\/logo_ED.jpg\",\"width\":272,\"height\":52,\"caption\":\"El Diario - Decano de la prensa nacional\"},\"image\":{\"@id\":\"https:\\\/\\\/www.eldiario.net\\\/portal\\\/#\\\/schema\\\/logo\\\/image\\\/\"},\"sameAs\":[\"https:\\\/\\\/www.facebook.com\\\/eldiario.bolivia\\\/\",\"https:\\\/\\\/x.com\\\/eldiario_net\"]},{\"@type\":\"Person\",\"@id\":\"https:\\\/\\\/www.eldiario.net\\\/portal\\\/#\\\/schema\\\/person\\\/f46445640444750d7d753ccd04ae01b7\",\"name\":\"Jeanette\",\"image\":{\"@type\":\"ImageObject\",\"inLanguage\":\"es\",\"@id\":\"https:\\\/\\\/secure.gravatar.com\\\/avatar\\\/3ea2118a5f7dad2b7138b1187a6b7ee55f160b9968b66013c3a3ef39dd7e5798?s=96&d=mm&r=g\",\"url\":\"https:\\\/\\\/secure.gravatar.com\\\/avatar\\\/3ea2118a5f7dad2b7138b1187a6b7ee55f160b9968b66013c3a3ef39dd7e5798?s=96&d=mm&r=g\",\"contentUrl\":\"https:\\\/\\\/secure.gravatar.com\\\/avatar\\\/3ea2118a5f7dad2b7138b1187a6b7ee55f160b9968b66013c3a3ef39dd7e5798?s=96&d=mm&r=g\",\"caption\":\"Jeanette\"},\"sameAs\":[\"https:\\\/\\\/www.eldiario.net\\\/portal\"],\"url\":\"https:\\\/\\\/www.eldiario.net\\\/portal\\\/author\\\/jeanette\\\/\"}]}<\/script>\n<!-- \/ Yoast SEO plugin. -->","yoast_head_json":{"title":"Credibilidad gubernamental y nuevo equilibrio de poder - El Diario - Bolivia","robots":{"index":"index","follow":"follow","max-snippet":"max-snippet:-1","max-image-preview":"max-image-preview:large","max-video-preview":"max-video-preview:-1"},"canonical":"https:\/\/www.eldiario.net\/portal\/2026\/04\/01\/credibilidad-gubernamental-y-nuevo-equilibrio-de-poder\/","og_locale":"es_ES","og_type":"article","og_title":"Credibilidad gubernamental y nuevo equilibrio de poder - El Diario - Bolivia","og_description":"Con el transcurrir de las semanas, es notorio que la estabilidad pol\u00edtica del gobierno se erosiona debido al accionar equivocado de algunos ministros y, por l\u00f3gica consecuencia, el descontento de los ciudadanos; las explicaciones de los portavoces oficiales, plet\u00f3ricas de enredos y contradicciones, m\u00e1s que aclarar complican: no se demuestra con hechos, ni los hechos [&hellip;]","og_url":"https:\/\/www.eldiario.net\/portal\/2026\/04\/01\/credibilidad-gubernamental-y-nuevo-equilibrio-de-poder\/","og_site_name":"El Diario - Bolivia","article_publisher":"https:\/\/www.facebook.com\/eldiario.bolivia\/","article_published_time":"2026-04-01T05:54:18+00:00","og_image":[{"width":1200,"height":628,"url":"https:\/\/www.eldiario.net\/portal\/wp-content\/uploads\/2023\/07\/Mario-Malpartida.jpg","type":"image\/jpeg"}],"author":"Jeanette","twitter_card":"summary_large_image","twitter_creator":"@eldiario_net","twitter_site":"@eldiario_net","twitter_misc":{"Escrito por":"Jeanette","Tiempo de lectura":"3 minutos"},"schema":{"@context":"https:\/\/schema.org","@graph":[{"@type":"Article","@id":"https:\/\/www.eldiario.net\/portal\/2026\/04\/01\/credibilidad-gubernamental-y-nuevo-equilibrio-de-poder\/#article","isPartOf":{"@id":"https:\/\/www.eldiario.net\/portal\/2026\/04\/01\/credibilidad-gubernamental-y-nuevo-equilibrio-de-poder\/"},"author":{"name":"Jeanette","@id":"https:\/\/www.eldiario.net\/portal\/#\/schema\/person\/f46445640444750d7d753ccd04ae01b7"},"headline":"Credibilidad gubernamental y nuevo equilibrio de poder","datePublished":"2026-04-01T05:54:18+00:00","mainEntityOfPage":{"@id":"https:\/\/www.eldiario.net\/portal\/2026\/04\/01\/credibilidad-gubernamental-y-nuevo-equilibrio-de-poder\/"},"wordCount":528,"publisher":{"@id":"https:\/\/www.eldiario.net\/portal\/#organization"},"image":{"@id":"https:\/\/www.eldiario.net\/portal\/2026\/04\/01\/credibilidad-gubernamental-y-nuevo-equilibrio-de-poder\/#primaryimage"},"thumbnailUrl":"https:\/\/www.eldiario.net\/portal\/wp-content\/uploads\/2023\/07\/Mario-Malpartida.jpg","articleSection":["Opini\u00f3n"],"inLanguage":"es"},{"@type":"WebPage","@id":"https:\/\/www.eldiario.net\/portal\/2026\/04\/01\/credibilidad-gubernamental-y-nuevo-equilibrio-de-poder\/","url":"https:\/\/www.eldiario.net\/portal\/2026\/04\/01\/credibilidad-gubernamental-y-nuevo-equilibrio-de-poder\/","name":"Credibilidad gubernamental y nuevo equilibrio de poder - El Diario - Bolivia","isPartOf":{"@id":"https:\/\/www.eldiario.net\/portal\/#website"},"primaryImageOfPage":{"@id":"https:\/\/www.eldiario.net\/portal\/2026\/04\/01\/credibilidad-gubernamental-y-nuevo-equilibrio-de-poder\/#primaryimage"},"image":{"@id":"https:\/\/www.eldiario.net\/portal\/2026\/04\/01\/credibilidad-gubernamental-y-nuevo-equilibrio-de-poder\/#primaryimage"},"thumbnailUrl":"https:\/\/www.eldiario.net\/portal\/wp-content\/uploads\/2023\/07\/Mario-Malpartida.jpg","datePublished":"2026-04-01T05:54:18+00:00","breadcrumb":{"@id":"https:\/\/www.eldiario.net\/portal\/2026\/04\/01\/credibilidad-gubernamental-y-nuevo-equilibrio-de-poder\/#breadcrumb"},"inLanguage":"es","potentialAction":[{"@type":"ReadAction","target":["https:\/\/www.eldiario.net\/portal\/2026\/04\/01\/credibilidad-gubernamental-y-nuevo-equilibrio-de-poder\/"]}]},{"@type":"ImageObject","inLanguage":"es","@id":"https:\/\/www.eldiario.net\/portal\/2026\/04\/01\/credibilidad-gubernamental-y-nuevo-equilibrio-de-poder\/#primaryimage","url":"https:\/\/www.eldiario.net\/portal\/wp-content\/uploads\/2023\/07\/Mario-Malpartida.jpg","contentUrl":"https:\/\/www.eldiario.net\/portal\/wp-content\/uploads\/2023\/07\/Mario-Malpartida.jpg","width":1200,"height":628,"caption":"Mario Malpartida"},{"@type":"BreadcrumbList","@id":"https:\/\/www.eldiario.net\/portal\/2026\/04\/01\/credibilidad-gubernamental-y-nuevo-equilibrio-de-poder\/#breadcrumb","itemListElement":[{"@type":"ListItem","position":1,"name":"Portada","item":"https:\/\/www.eldiario.net\/portal\/"},{"@type":"ListItem","position":2,"name":"Credibilidad gubernamental y nuevo equilibrio de poder"}]},{"@type":"WebSite","@id":"https:\/\/www.eldiario.net\/portal\/#website","url":"https:\/\/www.eldiario.net\/portal\/","name":"El Diario - Decano de la prensa nacional","description":"El Diario - Decano de la prensa nacional","publisher":{"@id":"https:\/\/www.eldiario.net\/portal\/#organization"},"potentialAction":[{"@type":"SearchAction","target":{"@type":"EntryPoint","urlTemplate":"https:\/\/www.eldiario.net\/portal\/?s={search_term_string}"},"query-input":{"@type":"PropertyValueSpecification","valueRequired":true,"valueName":"search_term_string"}}],"inLanguage":"es"},{"@type":"Organization","@id":"https:\/\/www.eldiario.net\/portal\/#organization","name":"El Diario - Decano de la prensa nacional","url":"https:\/\/www.eldiario.net\/portal\/","logo":{"@type":"ImageObject","inLanguage":"es","@id":"https:\/\/www.eldiario.net\/portal\/#\/schema\/logo\/image\/","url":"https:\/\/www.eldiario.net\/portal\/wp-content\/uploads\/2023\/07\/logo_ED.jpg","contentUrl":"https:\/\/www.eldiario.net\/portal\/wp-content\/uploads\/2023\/07\/logo_ED.jpg","width":272,"height":52,"caption":"El Diario - Decano de la prensa nacional"},"image":{"@id":"https:\/\/www.eldiario.net\/portal\/#\/schema\/logo\/image\/"},"sameAs":["https:\/\/www.facebook.com\/eldiario.bolivia\/","https:\/\/x.com\/eldiario_net"]},{"@type":"Person","@id":"https:\/\/www.eldiario.net\/portal\/#\/schema\/person\/f46445640444750d7d753ccd04ae01b7","name":"Jeanette","image":{"@type":"ImageObject","inLanguage":"es","@id":"https:\/\/secure.gravatar.com\/avatar\/3ea2118a5f7dad2b7138b1187a6b7ee55f160b9968b66013c3a3ef39dd7e5798?s=96&d=mm&r=g","url":"https:\/\/secure.gravatar.com\/avatar\/3ea2118a5f7dad2b7138b1187a6b7ee55f160b9968b66013c3a3ef39dd7e5798?s=96&d=mm&r=g","contentUrl":"https:\/\/secure.gravatar.com\/avatar\/3ea2118a5f7dad2b7138b1187a6b7ee55f160b9968b66013c3a3ef39dd7e5798?s=96&d=mm&r=g","caption":"Jeanette"},"sameAs":["https:\/\/www.eldiario.net\/portal"],"url":"https:\/\/www.eldiario.net\/portal\/author\/jeanette\/"}]}},"_links":{"self":[{"href":"https:\/\/www.eldiario.net\/portal\/wp-json\/wp\/v2\/posts\/381404","targetHints":{"allow":["GET"]}}],"collection":[{"href":"https:\/\/www.eldiario.net\/portal\/wp-json\/wp\/v2\/posts"}],"about":[{"href":"https:\/\/www.eldiario.net\/portal\/wp-json\/wp\/v2\/types\/post"}],"author":[{"embeddable":true,"href":"https:\/\/www.eldiario.net\/portal\/wp-json\/wp\/v2\/users\/1"}],"replies":[{"embeddable":true,"href":"https:\/\/www.eldiario.net\/portal\/wp-json\/wp\/v2\/comments?post=381404"}],"version-history":[{"count":1,"href":"https:\/\/www.eldiario.net\/portal\/wp-json\/wp\/v2\/posts\/381404\/revisions"}],"predecessor-version":[{"id":381405,"href":"https:\/\/www.eldiario.net\/portal\/wp-json\/wp\/v2\/posts\/381404\/revisions\/381405"}],"wp:featuredmedia":[{"embeddable":true,"href":"https:\/\/www.eldiario.net\/portal\/wp-json\/wp\/v2\/media\/166360"}],"wp:attachment":[{"href":"https:\/\/www.eldiario.net\/portal\/wp-json\/wp\/v2\/media?parent=381404"}],"wp:term":[{"taxonomy":"category","embeddable":true,"href":"https:\/\/www.eldiario.net\/portal\/wp-json\/wp\/v2\/categories?post=381404"},{"taxonomy":"post_tag","embeddable":true,"href":"https:\/\/www.eldiario.net\/portal\/wp-json\/wp\/v2\/tags?post=381404"}],"curies":[{"name":"wp","href":"https:\/\/api.w.org\/{rel}","templated":true}]}}