{"id":3814,"date":"2021-05-14T06:47:44","date_gmt":"2021-05-14T10:47:44","guid":{"rendered":"https:\/\/www.eldiario.net\/portal\/?p=3814"},"modified":"2021-05-14T06:47:44","modified_gmt":"2021-05-14T10:47:44","slug":"municipio-fortalecera-medidas-de-prevencion-y-atencion-de-covid-19","status":"publish","type":"post","link":"https:\/\/www.eldiario.net\/portal\/2021\/05\/14\/municipio-fortalecera-medidas-de-prevencion-y-atencion-de-covid-19\/","title":{"rendered":"Municipio fortalecer\u00e1 medidas de prevenci\u00f3n y atenci\u00f3n de covid-19"},"content":{"rendered":"<p>El municipio de La Paz retomar\u00e1 medidas estrictas para el control, prevenci\u00f3n y atenci\u00f3n de pacientes covid-19, por lo que se habilitar\u00e1 el Comit\u00e9 de Operaciones de Emergencia Municipal (COEM), activando un sistema de atenci\u00f3n m\u00e9dica domiciliaria y la distribuci\u00f3n de medicamentos, adem\u00e1s de otras normas para la atenci\u00f3n de servicios p\u00fablicos y de comercio, anunci\u00f3 el presidente del Concejo Municipal, Jorge Dul\u00f3n.<br \/>\n\u201cHemos hecho un diagn\u00f3stico y a partir de eso hemos coincidido que se deben retomar medidas un poco m\u00e1s estrictas de prevenci\u00f3n (\u2026). Retomar las medidas que se aplicaron a partir del Comit\u00e9 de Operaciones de Emergencia Departamental COED, que ahora se establecer\u00e1 el COEM de La Paz. Se va a proponer el plan \u2018M\u00e9dico en tu Casa\u2019 por la emergencia que plantea el aumento de casos\u201d, adelant\u00f3 la autoridad.<br \/>\nEl plan Integral de Salud Preventiva y de Acci\u00f3n Contra el covid-19, formulado por la Direcci\u00f3n Municipal de Salud, a cargo de Ren\u00e9 Sahonero, ser\u00e1 presentado este viernes, seg\u00fan prev\u00e9 el Presidente del Concejo Municipal pace\u00f1o.<br \/>\nDe acuerdo con lo adelantado, el plan de combate al covid-19 en La Paz incluye el uso de redes sociales como el WhatsApp, y otras plataformas virtuales, para facilitar la comunicaci\u00f3n de posibles infectados para que sean atendidos en su domicilio, para cuyo efecto se habilitar\u00e1n buses para trasladar al personal m\u00e9dico destinado a la atenci\u00f3n de casos covid-19.<br \/>\nAsimismo, se prev\u00e9 retomar el sistema de georreferenciaci\u00f3n de puntos focales de contagio y la distribuci\u00f3n de kits de medicamentos para los afectados.<br \/>\n\u201cQueremos tomar el toro por las astas y convocar de acuerdo a norma al COE Municipal (COEM), estamos previendo convocar a las universidades, organizaciones sociales, Polic\u00eda y todas las instituciones estrat\u00e9gicas para proponer otras medidas importantes\u201d, anticip\u00f3.<br \/>\nPor otra parte, junto al Ministerio de Salud tambi\u00e9n se evaluar\u00e1 el cumplimiento del uso de barbijos y no se descarta sanciones en casos de incumplimiento. En todo caso, las acciones a tomar ser\u00e1n concertadas con todas las entidades involucradas en el plan municipal de contingencia contra el covid-19.<br \/>\nDul\u00f3n puntualiz\u00f3 que la valoraci\u00f3n sobre la presencia y avance de la pandemia en La Paz, como en el resto del pa\u00eds, revela un preocupante descuido ciudadano en la aplicaci\u00f3n de las medidas de bioseguridad, inclusive en los centros de expendio que concentran importantes cantidades de personas.<br \/>\nCon relaci\u00f3n a la coordinaci\u00f3n de acciones con la ciudad de El Alto, puntualiz\u00f3 que durante la reuni\u00f3n sostenida, la ma\u00f1ana del martes, con el ministro de Salud, Jeyson Auza, la alcaldesa Eva Copa e Iv\u00e1n Arias de La Paz, se alcanzaron las primeras coincidencias respecto del abordaje preventivo de la pandemia en ambas urbes.<br \/>\nLas acciones coordinadas con el nivel central se concentrar\u00e1n en la adquisici\u00f3n de vacunas y la activaci\u00f3n operativa que, corresponde a los municipios.<br \/>\nPor otro lado, el secretario Ejecutivo de la Alcald\u00eda, Julio Linares, inform\u00f3 que el COE Municipal ser\u00e1 dirigido por el Alcalde Iv\u00e1n Arias y la directora de Salud, Cecilia Vargas, quien reemplazar\u00e1 al secretario Municipal de Salud, Ren\u00e9 Sahonero, ya que dio positivo al covid-19.<br \/>\nPara la cita de hoy se prev\u00e9 la presencia de artistas, folkloristas, gremiales, profesionales y representantes de las universidades, para que planteen sugerencias. Linares fue escueto al dar detalles sobre las definiciones del COE Municipal, pero adelant\u00f3 que analizar\u00e1n si habr\u00e1 restricciones o no.<\/p>\n","protected":false},"excerpt":{"rendered":"<p>El municipio de La Paz retomar\u00e1 medidas estrictas para el control, prevenci\u00f3n y atenci\u00f3n de pacientes covid-19, por lo que se habilitar\u00e1 el Comit\u00e9 de Operaciones de Emergencia Municipal (COEM), activando un sistema de atenci\u00f3n m\u00e9dica domiciliaria y la distribuci\u00f3n de medicamentos, adem\u00e1s de otras normas para la atenci\u00f3n de servicios p\u00fablicos y de comercio, [&hellip;]<\/p>\n","protected":false},"author":1,"featured_media":3815,"comment_status":"closed","ping_status":"closed","sticky":false,"template":"","format":"standard","meta":{"_acf_changed":false,"footnotes":""},"categories":[12],"tags":[],"class_list":["post-3814","post","type-post","status-publish","format-standard","has-post-thumbnail","category-nacional"],"acf":{"antetitulo":""},"yoast_head":"<!-- This site is optimized with the Yoast SEO plugin v28.4 - https:\/\/yoast.com\/product\/yoast-seo-wordpress\/ -->\n<title>Municipio fortalecer\u00e1 medidas de prevenci\u00f3n y atenci\u00f3n de covid-19 - El Diario - Bolivia<\/title>\n<meta name=\"robots\" content=\"index, follow, max-snippet:-1, max-image-preview:large, max-video-preview:-1\" \/>\n<link rel=\"canonical\" href=\"https:\/\/www.eldiario.net\/portal\/2021\/05\/14\/municipio-fortalecera-medidas-de-prevencion-y-atencion-de-covid-19\/\" \/>\n<meta property=\"og:locale\" content=\"es_ES\" \/>\n<meta property=\"og:type\" content=\"article\" \/>\n<meta property=\"og:title\" content=\"Municipio fortalecer\u00e1 medidas de prevenci\u00f3n y atenci\u00f3n de covid-19 - El Diario - Bolivia\" \/>\n<meta property=\"og:description\" content=\"El municipio de La Paz retomar\u00e1 medidas estrictas para el control, prevenci\u00f3n y atenci\u00f3n de pacientes covid-19, por lo que se habilitar\u00e1 el Comit\u00e9 de Operaciones de Emergencia Municipal (COEM), activando un sistema de atenci\u00f3n m\u00e9dica domiciliaria y la distribuci\u00f3n de medicamentos, adem\u00e1s de otras normas para la atenci\u00f3n de servicios p\u00fablicos y de comercio, [&hellip;]\" \/>\n<meta property=\"og:url\" content=\"https:\/\/www.eldiario.net\/portal\/2021\/05\/14\/municipio-fortalecera-medidas-de-prevencion-y-atencion-de-covid-19\/\" \/>\n<meta property=\"og:site_name\" content=\"El Diario - Bolivia\" \/>\n<meta property=\"article:publisher\" content=\"https:\/\/www.facebook.com\/eldiario.bolivia\/\" \/>\n<meta property=\"article:published_time\" content=\"2021-05-14T10:47:44+00:00\" \/>\n<meta name=\"author\" content=\"Jeanette\" \/>\n<meta name=\"twitter:card\" content=\"summary_large_image\" \/>\n<meta name=\"twitter:creator\" content=\"@eldiario_net\" \/>\n<meta name=\"twitter:site\" content=\"@eldiario_net\" \/>\n<meta name=\"twitter:label1\" content=\"Escrito por\" \/>\n\t<meta name=\"twitter:data1\" content=\"Jeanette\" \/>\n\t<meta name=\"twitter:label2\" content=\"Tiempo de lectura\" \/>\n\t<meta name=\"twitter:data2\" content=\"3 minutos\" \/>\n<script type=\"application\/ld+json\" class=\"yoast-schema-graph\">{\"@context\":\"https:\\\/\\\/schema.org\",\"@graph\":[{\"@type\":\"Article\",\"@id\":\"https:\\\/\\\/www.eldiario.net\\\/portal\\\/2021\\\/05\\\/14\\\/municipio-fortalecera-medidas-de-prevencion-y-atencion-de-covid-19\\\/#article\",\"isPartOf\":{\"@id\":\"https:\\\/\\\/www.eldiario.net\\\/portal\\\/2021\\\/05\\\/14\\\/municipio-fortalecera-medidas-de-prevencion-y-atencion-de-covid-19\\\/\"},\"author\":{\"name\":\"Jeanette\",\"@id\":\"https:\\\/\\\/www.eldiario.net\\\/portal\\\/#\\\/schema\\\/person\\\/f46445640444750d7d753ccd04ae01b7\"},\"headline\":\"Municipio fortalecer\u00e1 medidas de prevenci\u00f3n y atenci\u00f3n de covid-19\",\"datePublished\":\"2021-05-14T10:47:44+00:00\",\"mainEntityOfPage\":{\"@id\":\"https:\\\/\\\/www.eldiario.net\\\/portal\\\/2021\\\/05\\\/14\\\/municipio-fortalecera-medidas-de-prevencion-y-atencion-de-covid-19\\\/\"},\"wordCount\":603,\"publisher\":{\"@id\":\"https:\\\/\\\/www.eldiario.net\\\/portal\\\/#organization\"},\"image\":{\"@id\":\"https:\\\/\\\/www.eldiario.net\\\/portal\\\/2021\\\/05\\\/14\\\/municipio-fortalecera-medidas-de-prevencion-y-atencion-de-covid-19\\\/#primaryimage\"},\"thumbnailUrl\":\"\",\"articleSection\":[\"Nacional\"],\"inLanguage\":\"es\"},{\"@type\":\"WebPage\",\"@id\":\"https:\\\/\\\/www.eldiario.net\\\/portal\\\/2021\\\/05\\\/14\\\/municipio-fortalecera-medidas-de-prevencion-y-atencion-de-covid-19\\\/\",\"url\":\"https:\\\/\\\/www.eldiario.net\\\/portal\\\/2021\\\/05\\\/14\\\/municipio-fortalecera-medidas-de-prevencion-y-atencion-de-covid-19\\\/\",\"name\":\"Municipio fortalecer\u00e1 medidas de prevenci\u00f3n y atenci\u00f3n de covid-19 - El Diario - Bolivia\",\"isPartOf\":{\"@id\":\"https:\\\/\\\/www.eldiario.net\\\/portal\\\/#website\"},\"primaryImageOfPage\":{\"@id\":\"https:\\\/\\\/www.eldiario.net\\\/portal\\\/2021\\\/05\\\/14\\\/municipio-fortalecera-medidas-de-prevencion-y-atencion-de-covid-19\\\/#primaryimage\"},\"image\":{\"@id\":\"https:\\\/\\\/www.eldiario.net\\\/portal\\\/2021\\\/05\\\/14\\\/municipio-fortalecera-medidas-de-prevencion-y-atencion-de-covid-19\\\/#primaryimage\"},\"thumbnailUrl\":\"\",\"datePublished\":\"2021-05-14T10:47:44+00:00\",\"breadcrumb\":{\"@id\":\"https:\\\/\\\/www.eldiario.net\\\/portal\\\/2021\\\/05\\\/14\\\/municipio-fortalecera-medidas-de-prevencion-y-atencion-de-covid-19\\\/#breadcrumb\"},\"inLanguage\":\"es\",\"potentialAction\":[{\"@type\":\"ReadAction\",\"target\":[\"https:\\\/\\\/www.eldiario.net\\\/portal\\\/2021\\\/05\\\/14\\\/municipio-fortalecera-medidas-de-prevencion-y-atencion-de-covid-19\\\/\"]}]},{\"@type\":\"ImageObject\",\"inLanguage\":\"es\",\"@id\":\"https:\\\/\\\/www.eldiario.net\\\/portal\\\/2021\\\/05\\\/14\\\/municipio-fortalecera-medidas-de-prevencion-y-atencion-de-covid-19\\\/#primaryimage\",\"url\":\"\",\"contentUrl\":\"\"},{\"@type\":\"BreadcrumbList\",\"@id\":\"https:\\\/\\\/www.eldiario.net\\\/portal\\\/2021\\\/05\\\/14\\\/municipio-fortalecera-medidas-de-prevencion-y-atencion-de-covid-19\\\/#breadcrumb\",\"itemListElement\":[{\"@type\":\"ListItem\",\"position\":1,\"name\":\"Portada\",\"item\":\"https:\\\/\\\/www.eldiario.net\\\/portal\\\/\"},{\"@type\":\"ListItem\",\"position\":2,\"name\":\"Municipio fortalecer\u00e1 medidas de prevenci\u00f3n y atenci\u00f3n de covid-19\"}]},{\"@type\":\"WebSite\",\"@id\":\"https:\\\/\\\/www.eldiario.net\\\/portal\\\/#website\",\"url\":\"https:\\\/\\\/www.eldiario.net\\\/portal\\\/\",\"name\":\"El Diario - Decano de la prensa nacional\",\"description\":\"El Diario - Decano de la prensa nacional\",\"publisher\":{\"@id\":\"https:\\\/\\\/www.eldiario.net\\\/portal\\\/#organization\"},\"potentialAction\":[{\"@type\":\"SearchAction\",\"target\":{\"@type\":\"EntryPoint\",\"urlTemplate\":\"https:\\\/\\\/www.eldiario.net\\\/portal\\\/?s={search_term_string}\"},\"query-input\":{\"@type\":\"PropertyValueSpecification\",\"valueRequired\":true,\"valueName\":\"search_term_string\"}}],\"inLanguage\":\"es\"},{\"@type\":\"Organization\",\"@id\":\"https:\\\/\\\/www.eldiario.net\\\/portal\\\/#organization\",\"name\":\"El Diario - Decano de la prensa nacional\",\"url\":\"https:\\\/\\\/www.eldiario.net\\\/portal\\\/\",\"logo\":{\"@type\":\"ImageObject\",\"inLanguage\":\"es\",\"@id\":\"https:\\\/\\\/www.eldiario.net\\\/portal\\\/#\\\/schema\\\/logo\\\/image\\\/\",\"url\":\"https:\\\/\\\/www.eldiario.net\\\/portal\\\/wp-content\\\/uploads\\\/2023\\\/07\\\/logo_ED.jpg\",\"contentUrl\":\"https:\\\/\\\/www.eldiario.net\\\/portal\\\/wp-content\\\/uploads\\\/2023\\\/07\\\/logo_ED.jpg\",\"width\":272,\"height\":52,\"caption\":\"El Diario - Decano de la prensa nacional\"},\"image\":{\"@id\":\"https:\\\/\\\/www.eldiario.net\\\/portal\\\/#\\\/schema\\\/logo\\\/image\\\/\"},\"sameAs\":[\"https:\\\/\\\/www.facebook.com\\\/eldiario.bolivia\\\/\",\"https:\\\/\\\/x.com\\\/eldiario_net\"]},{\"@type\":\"Person\",\"@id\":\"https:\\\/\\\/www.eldiario.net\\\/portal\\\/#\\\/schema\\\/person\\\/f46445640444750d7d753ccd04ae01b7\",\"name\":\"Jeanette\",\"image\":{\"@type\":\"ImageObject\",\"inLanguage\":\"es\",\"@id\":\"https:\\\/\\\/secure.gravatar.com\\\/avatar\\\/3ea2118a5f7dad2b7138b1187a6b7ee55f160b9968b66013c3a3ef39dd7e5798?s=96&d=mm&r=g\",\"url\":\"https:\\\/\\\/secure.gravatar.com\\\/avatar\\\/3ea2118a5f7dad2b7138b1187a6b7ee55f160b9968b66013c3a3ef39dd7e5798?s=96&d=mm&r=g\",\"contentUrl\":\"https:\\\/\\\/secure.gravatar.com\\\/avatar\\\/3ea2118a5f7dad2b7138b1187a6b7ee55f160b9968b66013c3a3ef39dd7e5798?s=96&d=mm&r=g\",\"caption\":\"Jeanette\"},\"sameAs\":[\"https:\\\/\\\/www.eldiario.net\\\/portal\"],\"url\":\"https:\\\/\\\/www.eldiario.net\\\/portal\\\/author\\\/jeanette\\\/\"}]}<\/script>\n<!-- \/ Yoast SEO plugin. -->","yoast_head_json":{"title":"Municipio fortalecer\u00e1 medidas de prevenci\u00f3n y atenci\u00f3n de covid-19 - El Diario - Bolivia","robots":{"index":"index","follow":"follow","max-snippet":"max-snippet:-1","max-image-preview":"max-image-preview:large","max-video-preview":"max-video-preview:-1"},"canonical":"https:\/\/www.eldiario.net\/portal\/2021\/05\/14\/municipio-fortalecera-medidas-de-prevencion-y-atencion-de-covid-19\/","og_locale":"es_ES","og_type":"article","og_title":"Municipio fortalecer\u00e1 medidas de prevenci\u00f3n y atenci\u00f3n de covid-19 - El Diario - Bolivia","og_description":"El municipio de La Paz retomar\u00e1 medidas estrictas para el control, prevenci\u00f3n y atenci\u00f3n de pacientes covid-19, por lo que se habilitar\u00e1 el Comit\u00e9 de Operaciones de Emergencia Municipal (COEM), activando un sistema de atenci\u00f3n m\u00e9dica domiciliaria y la distribuci\u00f3n de medicamentos, adem\u00e1s de otras normas para la atenci\u00f3n de servicios p\u00fablicos y de comercio, [&hellip;]","og_url":"https:\/\/www.eldiario.net\/portal\/2021\/05\/14\/municipio-fortalecera-medidas-de-prevencion-y-atencion-de-covid-19\/","og_site_name":"El Diario - Bolivia","article_publisher":"https:\/\/www.facebook.com\/eldiario.bolivia\/","article_published_time":"2021-05-14T10:47:44+00:00","author":"Jeanette","twitter_card":"summary_large_image","twitter_creator":"@eldiario_net","twitter_site":"@eldiario_net","twitter_misc":{"Escrito por":"Jeanette","Tiempo de lectura":"3 minutos"},"schema":{"@context":"https:\/\/schema.org","@graph":[{"@type":"Article","@id":"https:\/\/www.eldiario.net\/portal\/2021\/05\/14\/municipio-fortalecera-medidas-de-prevencion-y-atencion-de-covid-19\/#article","isPartOf":{"@id":"https:\/\/www.eldiario.net\/portal\/2021\/05\/14\/municipio-fortalecera-medidas-de-prevencion-y-atencion-de-covid-19\/"},"author":{"name":"Jeanette","@id":"https:\/\/www.eldiario.net\/portal\/#\/schema\/person\/f46445640444750d7d753ccd04ae01b7"},"headline":"Municipio fortalecer\u00e1 medidas de prevenci\u00f3n y atenci\u00f3n de covid-19","datePublished":"2021-05-14T10:47:44+00:00","mainEntityOfPage":{"@id":"https:\/\/www.eldiario.net\/portal\/2021\/05\/14\/municipio-fortalecera-medidas-de-prevencion-y-atencion-de-covid-19\/"},"wordCount":603,"publisher":{"@id":"https:\/\/www.eldiario.net\/portal\/#organization"},"image":{"@id":"https:\/\/www.eldiario.net\/portal\/2021\/05\/14\/municipio-fortalecera-medidas-de-prevencion-y-atencion-de-covid-19\/#primaryimage"},"thumbnailUrl":"","articleSection":["Nacional"],"inLanguage":"es"},{"@type":"WebPage","@id":"https:\/\/www.eldiario.net\/portal\/2021\/05\/14\/municipio-fortalecera-medidas-de-prevencion-y-atencion-de-covid-19\/","url":"https:\/\/www.eldiario.net\/portal\/2021\/05\/14\/municipio-fortalecera-medidas-de-prevencion-y-atencion-de-covid-19\/","name":"Municipio fortalecer\u00e1 medidas de prevenci\u00f3n y atenci\u00f3n de covid-19 - El Diario - Bolivia","isPartOf":{"@id":"https:\/\/www.eldiario.net\/portal\/#website"},"primaryImageOfPage":{"@id":"https:\/\/www.eldiario.net\/portal\/2021\/05\/14\/municipio-fortalecera-medidas-de-prevencion-y-atencion-de-covid-19\/#primaryimage"},"image":{"@id":"https:\/\/www.eldiario.net\/portal\/2021\/05\/14\/municipio-fortalecera-medidas-de-prevencion-y-atencion-de-covid-19\/#primaryimage"},"thumbnailUrl":"","datePublished":"2021-05-14T10:47:44+00:00","breadcrumb":{"@id":"https:\/\/www.eldiario.net\/portal\/2021\/05\/14\/municipio-fortalecera-medidas-de-prevencion-y-atencion-de-covid-19\/#breadcrumb"},"inLanguage":"es","potentialAction":[{"@type":"ReadAction","target":["https:\/\/www.eldiario.net\/portal\/2021\/05\/14\/municipio-fortalecera-medidas-de-prevencion-y-atencion-de-covid-19\/"]}]},{"@type":"ImageObject","inLanguage":"es","@id":"https:\/\/www.eldiario.net\/portal\/2021\/05\/14\/municipio-fortalecera-medidas-de-prevencion-y-atencion-de-covid-19\/#primaryimage","url":"","contentUrl":""},{"@type":"BreadcrumbList","@id":"https:\/\/www.eldiario.net\/portal\/2021\/05\/14\/municipio-fortalecera-medidas-de-prevencion-y-atencion-de-covid-19\/#breadcrumb","itemListElement":[{"@type":"ListItem","position":1,"name":"Portada","item":"https:\/\/www.eldiario.net\/portal\/"},{"@type":"ListItem","position":2,"name":"Municipio fortalecer\u00e1 medidas de prevenci\u00f3n y atenci\u00f3n de covid-19"}]},{"@type":"WebSite","@id":"https:\/\/www.eldiario.net\/portal\/#website","url":"https:\/\/www.eldiario.net\/portal\/","name":"El Diario - Decano de la prensa nacional","description":"El Diario - Decano de la prensa nacional","publisher":{"@id":"https:\/\/www.eldiario.net\/portal\/#organization"},"potentialAction":[{"@type":"SearchAction","target":{"@type":"EntryPoint","urlTemplate":"https:\/\/www.eldiario.net\/portal\/?s={search_term_string}"},"query-input":{"@type":"PropertyValueSpecification","valueRequired":true,"valueName":"search_term_string"}}],"inLanguage":"es"},{"@type":"Organization","@id":"https:\/\/www.eldiario.net\/portal\/#organization","name":"El Diario - Decano de la prensa nacional","url":"https:\/\/www.eldiario.net\/portal\/","logo":{"@type":"ImageObject","inLanguage":"es","@id":"https:\/\/www.eldiario.net\/portal\/#\/schema\/logo\/image\/","url":"https:\/\/www.eldiario.net\/portal\/wp-content\/uploads\/2023\/07\/logo_ED.jpg","contentUrl":"https:\/\/www.eldiario.net\/portal\/wp-content\/uploads\/2023\/07\/logo_ED.jpg","width":272,"height":52,"caption":"El Diario - Decano de la prensa nacional"},"image":{"@id":"https:\/\/www.eldiario.net\/portal\/#\/schema\/logo\/image\/"},"sameAs":["https:\/\/www.facebook.com\/eldiario.bolivia\/","https:\/\/x.com\/eldiario_net"]},{"@type":"Person","@id":"https:\/\/www.eldiario.net\/portal\/#\/schema\/person\/f46445640444750d7d753ccd04ae01b7","name":"Jeanette","image":{"@type":"ImageObject","inLanguage":"es","@id":"https:\/\/secure.gravatar.com\/avatar\/3ea2118a5f7dad2b7138b1187a6b7ee55f160b9968b66013c3a3ef39dd7e5798?s=96&d=mm&r=g","url":"https:\/\/secure.gravatar.com\/avatar\/3ea2118a5f7dad2b7138b1187a6b7ee55f160b9968b66013c3a3ef39dd7e5798?s=96&d=mm&r=g","contentUrl":"https:\/\/secure.gravatar.com\/avatar\/3ea2118a5f7dad2b7138b1187a6b7ee55f160b9968b66013c3a3ef39dd7e5798?s=96&d=mm&r=g","caption":"Jeanette"},"sameAs":["https:\/\/www.eldiario.net\/portal"],"url":"https:\/\/www.eldiario.net\/portal\/author\/jeanette\/"}]}},"_links":{"self":[{"href":"https:\/\/www.eldiario.net\/portal\/wp-json\/wp\/v2\/posts\/3814","targetHints":{"allow":["GET"]}}],"collection":[{"href":"https:\/\/www.eldiario.net\/portal\/wp-json\/wp\/v2\/posts"}],"about":[{"href":"https:\/\/www.eldiario.net\/portal\/wp-json\/wp\/v2\/types\/post"}],"author":[{"embeddable":true,"href":"https:\/\/www.eldiario.net\/portal\/wp-json\/wp\/v2\/users\/1"}],"replies":[{"embeddable":true,"href":"https:\/\/www.eldiario.net\/portal\/wp-json\/wp\/v2\/comments?post=3814"}],"version-history":[{"count":0,"href":"https:\/\/www.eldiario.net\/portal\/wp-json\/wp\/v2\/posts\/3814\/revisions"}],"wp:attachment":[{"href":"https:\/\/www.eldiario.net\/portal\/wp-json\/wp\/v2\/media?parent=3814"}],"wp:term":[{"taxonomy":"category","embeddable":true,"href":"https:\/\/www.eldiario.net\/portal\/wp-json\/wp\/v2\/categories?post=3814"},{"taxonomy":"post_tag","embeddable":true,"href":"https:\/\/www.eldiario.net\/portal\/wp-json\/wp\/v2\/tags?post=3814"}],"curies":[{"name":"wp","href":"https:\/\/api.w.org\/{rel}","templated":true}]}}