{"id":3809,"date":"2021-05-14T06:45:36","date_gmt":"2021-05-14T10:45:36","guid":{"rendered":"https:\/\/www.eldiario.net\/portal\/?p=3809"},"modified":"2021-05-14T06:45:36","modified_gmt":"2021-05-14T10:45:36","slug":"disenan-baranda-para-puente-de-las-americas","status":"publish","type":"post","link":"https:\/\/www.eldiario.net\/portal\/2021\/05\/14\/disenan-baranda-para-puente-de-las-americas\/","title":{"rendered":"Dise\u00f1an baranda para puente de Las Am\u00e9ricas"},"content":{"rendered":"<p>El dise\u00f1o para elevar la altura de las barandas en el puente de Las Am\u00e9ricas est\u00e1 listo y ahora la Alcald\u00eda analiza el presupuesto para cubrir el costo de material y la mano de obra. El complemento de la estructura permitir\u00e1 reforzar la seguridad del lugar, inform\u00f3 el titular de la Secretar\u00eda Municipal de Infraestructura P\u00fablica (SMIP), Boris Bacarreza.<br \/>\nEn una semana, desde que el alcalde Iv\u00e1n Arias inspeccion\u00f3 el puente y evidenci\u00f3 la necesidad de colocar una malla, los t\u00e9cnicos de la SMIP definieron la opci\u00f3n de mayor factibilidad. \u201cYa hemos dise\u00f1ado una estructura que aumenta el nivel de altura de la baranda, ese dise\u00f1o est\u00e1 en consulta para poder ejecutar con un \u00f3ptimo presupuesto a cargo de la misma Direcci\u00f3n de Mantenimiento\u201d, sostuvo el servidor p\u00fablico.<br \/>\nBacarreza asegur\u00f3 que prev\u00e9n culminar la estructura met\u00e1lica en el corto plazo. El alcalde Iv\u00e1n Arias instruy\u00f3 reforzar las barandas para evitar que las personas se suban y pongan en riesgo sus vidas, pero el plan de mayor tiempo proyecta una mejora integral del puente, para ese fin se deber\u00e1 gestionar otros recursos.<br \/>\n\u201cLa Direcci\u00f3n de Puentes ya empez\u00f3 a dar cumplimiento con las instrucciones del Alcalde\u201d, remarc\u00f3 el titular de la SMIP durante la presentaci\u00f3n del plan \u2018Bacheo por el Bien Com\u00fan, La Paz ciudad en movimiento\u2019.<br \/>\nBacarreza sostuvo que se har\u00e1 un estudio complementario para establecer las condiciones estructurales bajo las cuales est\u00e1 el puente de Las Am\u00e9ricas, dada su antig\u00fcedad de 25 a\u00f1os. \u201cSer\u00e1 desarrollado proyectando los recursos para el mantenimiento y garantizar la vida \u00fatil, se analiza los tiempos de intervenci\u00f3n y equipos necesarios para dar inicio a la intervenci\u00f3n\u201d, remarc\u00f3.<\/p>\n","protected":false},"excerpt":{"rendered":"<p>El dise\u00f1o para elevar la altura de las barandas en el puente de Las Am\u00e9ricas est\u00e1 listo y ahora la Alcald\u00eda analiza el presupuesto para cubrir el costo de material y la mano de obra. El complemento de la estructura permitir\u00e1 reforzar la seguridad del lugar, inform\u00f3 el titular de la Secretar\u00eda Municipal de Infraestructura [&hellip;]<\/p>\n","protected":false},"author":1,"featured_media":3811,"comment_status":"closed","ping_status":"closed","sticky":false,"template":"","format":"standard","meta":{"_acf_changed":false,"footnotes":""},"categories":[12],"tags":[],"class_list":["post-3809","post","type-post","status-publish","format-standard","has-post-thumbnail","category-nacional"],"acf":{"antetitulo":""},"yoast_head":"<!-- This site is optimized with the Yoast SEO plugin v28.4 - https:\/\/yoast.com\/product\/yoast-seo-wordpress\/ -->\n<title>Dise\u00f1an baranda para puente de Las Am\u00e9ricas - El Diario - Bolivia<\/title>\n<meta name=\"robots\" content=\"index, follow, max-snippet:-1, max-image-preview:large, max-video-preview:-1\" \/>\n<link rel=\"canonical\" href=\"https:\/\/www.eldiario.net\/portal\/2021\/05\/14\/disenan-baranda-para-puente-de-las-americas\/\" \/>\n<meta property=\"og:locale\" content=\"es_ES\" \/>\n<meta property=\"og:type\" content=\"article\" \/>\n<meta property=\"og:title\" content=\"Dise\u00f1an baranda para puente de Las Am\u00e9ricas - El Diario - Bolivia\" \/>\n<meta property=\"og:description\" content=\"El dise\u00f1o para elevar la altura de las barandas en el puente de Las Am\u00e9ricas est\u00e1 listo y ahora la Alcald\u00eda analiza el presupuesto para cubrir el costo de material y la mano de obra. El complemento de la estructura permitir\u00e1 reforzar la seguridad del lugar, inform\u00f3 el titular de la Secretar\u00eda Municipal de Infraestructura [&hellip;]\" \/>\n<meta property=\"og:url\" content=\"https:\/\/www.eldiario.net\/portal\/2021\/05\/14\/disenan-baranda-para-puente-de-las-americas\/\" \/>\n<meta property=\"og:site_name\" content=\"El Diario - Bolivia\" \/>\n<meta property=\"article:publisher\" content=\"https:\/\/www.facebook.com\/eldiario.bolivia\/\" \/>\n<meta property=\"article:published_time\" content=\"2021-05-14T10:45:36+00:00\" \/>\n<meta name=\"author\" content=\"Jeanette\" \/>\n<meta name=\"twitter:card\" content=\"summary_large_image\" \/>\n<meta name=\"twitter:creator\" content=\"@eldiario_net\" \/>\n<meta name=\"twitter:site\" content=\"@eldiario_net\" \/>\n<meta name=\"twitter:label1\" content=\"Escrito por\" \/>\n\t<meta name=\"twitter:data1\" content=\"Jeanette\" \/>\n\t<meta name=\"twitter:label2\" content=\"Tiempo de lectura\" \/>\n\t<meta name=\"twitter:data2\" content=\"2 minutos\" \/>\n<script type=\"application\/ld+json\" class=\"yoast-schema-graph\">{\"@context\":\"https:\\\/\\\/schema.org\",\"@graph\":[{\"@type\":\"Article\",\"@id\":\"https:\\\/\\\/www.eldiario.net\\\/portal\\\/2021\\\/05\\\/14\\\/disenan-baranda-para-puente-de-las-americas\\\/#article\",\"isPartOf\":{\"@id\":\"https:\\\/\\\/www.eldiario.net\\\/portal\\\/2021\\\/05\\\/14\\\/disenan-baranda-para-puente-de-las-americas\\\/\"},\"author\":{\"name\":\"Jeanette\",\"@id\":\"https:\\\/\\\/www.eldiario.net\\\/portal\\\/#\\\/schema\\\/person\\\/f46445640444750d7d753ccd04ae01b7\"},\"headline\":\"Dise\u00f1an baranda para puente de Las Am\u00e9ricas\",\"datePublished\":\"2021-05-14T10:45:36+00:00\",\"mainEntityOfPage\":{\"@id\":\"https:\\\/\\\/www.eldiario.net\\\/portal\\\/2021\\\/05\\\/14\\\/disenan-baranda-para-puente-de-las-americas\\\/\"},\"wordCount\":304,\"publisher\":{\"@id\":\"https:\\\/\\\/www.eldiario.net\\\/portal\\\/#organization\"},\"image\":{\"@id\":\"https:\\\/\\\/www.eldiario.net\\\/portal\\\/2021\\\/05\\\/14\\\/disenan-baranda-para-puente-de-las-americas\\\/#primaryimage\"},\"thumbnailUrl\":\"\",\"articleSection\":[\"Nacional\"],\"inLanguage\":\"es\"},{\"@type\":\"WebPage\",\"@id\":\"https:\\\/\\\/www.eldiario.net\\\/portal\\\/2021\\\/05\\\/14\\\/disenan-baranda-para-puente-de-las-americas\\\/\",\"url\":\"https:\\\/\\\/www.eldiario.net\\\/portal\\\/2021\\\/05\\\/14\\\/disenan-baranda-para-puente-de-las-americas\\\/\",\"name\":\"Dise\u00f1an baranda para puente de Las Am\u00e9ricas - El Diario - Bolivia\",\"isPartOf\":{\"@id\":\"https:\\\/\\\/www.eldiario.net\\\/portal\\\/#website\"},\"primaryImageOfPage\":{\"@id\":\"https:\\\/\\\/www.eldiario.net\\\/portal\\\/2021\\\/05\\\/14\\\/disenan-baranda-para-puente-de-las-americas\\\/#primaryimage\"},\"image\":{\"@id\":\"https:\\\/\\\/www.eldiario.net\\\/portal\\\/2021\\\/05\\\/14\\\/disenan-baranda-para-puente-de-las-americas\\\/#primaryimage\"},\"thumbnailUrl\":\"\",\"datePublished\":\"2021-05-14T10:45:36+00:00\",\"breadcrumb\":{\"@id\":\"https:\\\/\\\/www.eldiario.net\\\/portal\\\/2021\\\/05\\\/14\\\/disenan-baranda-para-puente-de-las-americas\\\/#breadcrumb\"},\"inLanguage\":\"es\",\"potentialAction\":[{\"@type\":\"ReadAction\",\"target\":[\"https:\\\/\\\/www.eldiario.net\\\/portal\\\/2021\\\/05\\\/14\\\/disenan-baranda-para-puente-de-las-americas\\\/\"]}]},{\"@type\":\"ImageObject\",\"inLanguage\":\"es\",\"@id\":\"https:\\\/\\\/www.eldiario.net\\\/portal\\\/2021\\\/05\\\/14\\\/disenan-baranda-para-puente-de-las-americas\\\/#primaryimage\",\"url\":\"\",\"contentUrl\":\"\"},{\"@type\":\"BreadcrumbList\",\"@id\":\"https:\\\/\\\/www.eldiario.net\\\/portal\\\/2021\\\/05\\\/14\\\/disenan-baranda-para-puente-de-las-americas\\\/#breadcrumb\",\"itemListElement\":[{\"@type\":\"ListItem\",\"position\":1,\"name\":\"Portada\",\"item\":\"https:\\\/\\\/www.eldiario.net\\\/portal\\\/\"},{\"@type\":\"ListItem\",\"position\":2,\"name\":\"Dise\u00f1an baranda para puente de Las Am\u00e9ricas\"}]},{\"@type\":\"WebSite\",\"@id\":\"https:\\\/\\\/www.eldiario.net\\\/portal\\\/#website\",\"url\":\"https:\\\/\\\/www.eldiario.net\\\/portal\\\/\",\"name\":\"El Diario - Decano de la prensa nacional\",\"description\":\"El Diario - Decano de la prensa nacional\",\"publisher\":{\"@id\":\"https:\\\/\\\/www.eldiario.net\\\/portal\\\/#organization\"},\"potentialAction\":[{\"@type\":\"SearchAction\",\"target\":{\"@type\":\"EntryPoint\",\"urlTemplate\":\"https:\\\/\\\/www.eldiario.net\\\/portal\\\/?s={search_term_string}\"},\"query-input\":{\"@type\":\"PropertyValueSpecification\",\"valueRequired\":true,\"valueName\":\"search_term_string\"}}],\"inLanguage\":\"es\"},{\"@type\":\"Organization\",\"@id\":\"https:\\\/\\\/www.eldiario.net\\\/portal\\\/#organization\",\"name\":\"El Diario - Decano de la prensa nacional\",\"url\":\"https:\\\/\\\/www.eldiario.net\\\/portal\\\/\",\"logo\":{\"@type\":\"ImageObject\",\"inLanguage\":\"es\",\"@id\":\"https:\\\/\\\/www.eldiario.net\\\/portal\\\/#\\\/schema\\\/logo\\\/image\\\/\",\"url\":\"https:\\\/\\\/www.eldiario.net\\\/portal\\\/wp-content\\\/uploads\\\/2023\\\/07\\\/logo_ED.jpg\",\"contentUrl\":\"https:\\\/\\\/www.eldiario.net\\\/portal\\\/wp-content\\\/uploads\\\/2023\\\/07\\\/logo_ED.jpg\",\"width\":272,\"height\":52,\"caption\":\"El Diario - Decano de la prensa nacional\"},\"image\":{\"@id\":\"https:\\\/\\\/www.eldiario.net\\\/portal\\\/#\\\/schema\\\/logo\\\/image\\\/\"},\"sameAs\":[\"https:\\\/\\\/www.facebook.com\\\/eldiario.bolivia\\\/\",\"https:\\\/\\\/x.com\\\/eldiario_net\"]},{\"@type\":\"Person\",\"@id\":\"https:\\\/\\\/www.eldiario.net\\\/portal\\\/#\\\/schema\\\/person\\\/f46445640444750d7d753ccd04ae01b7\",\"name\":\"Jeanette\",\"image\":{\"@type\":\"ImageObject\",\"inLanguage\":\"es\",\"@id\":\"https:\\\/\\\/secure.gravatar.com\\\/avatar\\\/3ea2118a5f7dad2b7138b1187a6b7ee55f160b9968b66013c3a3ef39dd7e5798?s=96&d=mm&r=g\",\"url\":\"https:\\\/\\\/secure.gravatar.com\\\/avatar\\\/3ea2118a5f7dad2b7138b1187a6b7ee55f160b9968b66013c3a3ef39dd7e5798?s=96&d=mm&r=g\",\"contentUrl\":\"https:\\\/\\\/secure.gravatar.com\\\/avatar\\\/3ea2118a5f7dad2b7138b1187a6b7ee55f160b9968b66013c3a3ef39dd7e5798?s=96&d=mm&r=g\",\"caption\":\"Jeanette\"},\"sameAs\":[\"https:\\\/\\\/www.eldiario.net\\\/portal\"],\"url\":\"https:\\\/\\\/www.eldiario.net\\\/portal\\\/author\\\/jeanette\\\/\"}]}<\/script>\n<!-- \/ Yoast SEO plugin. -->","yoast_head_json":{"title":"Dise\u00f1an baranda para puente de Las Am\u00e9ricas - El Diario - Bolivia","robots":{"index":"index","follow":"follow","max-snippet":"max-snippet:-1","max-image-preview":"max-image-preview:large","max-video-preview":"max-video-preview:-1"},"canonical":"https:\/\/www.eldiario.net\/portal\/2021\/05\/14\/disenan-baranda-para-puente-de-las-americas\/","og_locale":"es_ES","og_type":"article","og_title":"Dise\u00f1an baranda para puente de Las Am\u00e9ricas - El Diario - Bolivia","og_description":"El dise\u00f1o para elevar la altura de las barandas en el puente de Las Am\u00e9ricas est\u00e1 listo y ahora la Alcald\u00eda analiza el presupuesto para cubrir el costo de material y la mano de obra. El complemento de la estructura permitir\u00e1 reforzar la seguridad del lugar, inform\u00f3 el titular de la Secretar\u00eda Municipal de Infraestructura [&hellip;]","og_url":"https:\/\/www.eldiario.net\/portal\/2021\/05\/14\/disenan-baranda-para-puente-de-las-americas\/","og_site_name":"El Diario - Bolivia","article_publisher":"https:\/\/www.facebook.com\/eldiario.bolivia\/","article_published_time":"2021-05-14T10:45:36+00:00","author":"Jeanette","twitter_card":"summary_large_image","twitter_creator":"@eldiario_net","twitter_site":"@eldiario_net","twitter_misc":{"Escrito por":"Jeanette","Tiempo de lectura":"2 minutos"},"schema":{"@context":"https:\/\/schema.org","@graph":[{"@type":"Article","@id":"https:\/\/www.eldiario.net\/portal\/2021\/05\/14\/disenan-baranda-para-puente-de-las-americas\/#article","isPartOf":{"@id":"https:\/\/www.eldiario.net\/portal\/2021\/05\/14\/disenan-baranda-para-puente-de-las-americas\/"},"author":{"name":"Jeanette","@id":"https:\/\/www.eldiario.net\/portal\/#\/schema\/person\/f46445640444750d7d753ccd04ae01b7"},"headline":"Dise\u00f1an baranda para puente de Las Am\u00e9ricas","datePublished":"2021-05-14T10:45:36+00:00","mainEntityOfPage":{"@id":"https:\/\/www.eldiario.net\/portal\/2021\/05\/14\/disenan-baranda-para-puente-de-las-americas\/"},"wordCount":304,"publisher":{"@id":"https:\/\/www.eldiario.net\/portal\/#organization"},"image":{"@id":"https:\/\/www.eldiario.net\/portal\/2021\/05\/14\/disenan-baranda-para-puente-de-las-americas\/#primaryimage"},"thumbnailUrl":"","articleSection":["Nacional"],"inLanguage":"es"},{"@type":"WebPage","@id":"https:\/\/www.eldiario.net\/portal\/2021\/05\/14\/disenan-baranda-para-puente-de-las-americas\/","url":"https:\/\/www.eldiario.net\/portal\/2021\/05\/14\/disenan-baranda-para-puente-de-las-americas\/","name":"Dise\u00f1an baranda para puente de Las Am\u00e9ricas - El Diario - Bolivia","isPartOf":{"@id":"https:\/\/www.eldiario.net\/portal\/#website"},"primaryImageOfPage":{"@id":"https:\/\/www.eldiario.net\/portal\/2021\/05\/14\/disenan-baranda-para-puente-de-las-americas\/#primaryimage"},"image":{"@id":"https:\/\/www.eldiario.net\/portal\/2021\/05\/14\/disenan-baranda-para-puente-de-las-americas\/#primaryimage"},"thumbnailUrl":"","datePublished":"2021-05-14T10:45:36+00:00","breadcrumb":{"@id":"https:\/\/www.eldiario.net\/portal\/2021\/05\/14\/disenan-baranda-para-puente-de-las-americas\/#breadcrumb"},"inLanguage":"es","potentialAction":[{"@type":"ReadAction","target":["https:\/\/www.eldiario.net\/portal\/2021\/05\/14\/disenan-baranda-para-puente-de-las-americas\/"]}]},{"@type":"ImageObject","inLanguage":"es","@id":"https:\/\/www.eldiario.net\/portal\/2021\/05\/14\/disenan-baranda-para-puente-de-las-americas\/#primaryimage","url":"","contentUrl":""},{"@type":"BreadcrumbList","@id":"https:\/\/www.eldiario.net\/portal\/2021\/05\/14\/disenan-baranda-para-puente-de-las-americas\/#breadcrumb","itemListElement":[{"@type":"ListItem","position":1,"name":"Portada","item":"https:\/\/www.eldiario.net\/portal\/"},{"@type":"ListItem","position":2,"name":"Dise\u00f1an baranda para puente de Las Am\u00e9ricas"}]},{"@type":"WebSite","@id":"https:\/\/www.eldiario.net\/portal\/#website","url":"https:\/\/www.eldiario.net\/portal\/","name":"El Diario - Decano de la prensa nacional","description":"El Diario - Decano de la prensa nacional","publisher":{"@id":"https:\/\/www.eldiario.net\/portal\/#organization"},"potentialAction":[{"@type":"SearchAction","target":{"@type":"EntryPoint","urlTemplate":"https:\/\/www.eldiario.net\/portal\/?s={search_term_string}"},"query-input":{"@type":"PropertyValueSpecification","valueRequired":true,"valueName":"search_term_string"}}],"inLanguage":"es"},{"@type":"Organization","@id":"https:\/\/www.eldiario.net\/portal\/#organization","name":"El Diario - Decano de la prensa nacional","url":"https:\/\/www.eldiario.net\/portal\/","logo":{"@type":"ImageObject","inLanguage":"es","@id":"https:\/\/www.eldiario.net\/portal\/#\/schema\/logo\/image\/","url":"https:\/\/www.eldiario.net\/portal\/wp-content\/uploads\/2023\/07\/logo_ED.jpg","contentUrl":"https:\/\/www.eldiario.net\/portal\/wp-content\/uploads\/2023\/07\/logo_ED.jpg","width":272,"height":52,"caption":"El Diario - Decano de la prensa nacional"},"image":{"@id":"https:\/\/www.eldiario.net\/portal\/#\/schema\/logo\/image\/"},"sameAs":["https:\/\/www.facebook.com\/eldiario.bolivia\/","https:\/\/x.com\/eldiario_net"]},{"@type":"Person","@id":"https:\/\/www.eldiario.net\/portal\/#\/schema\/person\/f46445640444750d7d753ccd04ae01b7","name":"Jeanette","image":{"@type":"ImageObject","inLanguage":"es","@id":"https:\/\/secure.gravatar.com\/avatar\/3ea2118a5f7dad2b7138b1187a6b7ee55f160b9968b66013c3a3ef39dd7e5798?s=96&d=mm&r=g","url":"https:\/\/secure.gravatar.com\/avatar\/3ea2118a5f7dad2b7138b1187a6b7ee55f160b9968b66013c3a3ef39dd7e5798?s=96&d=mm&r=g","contentUrl":"https:\/\/secure.gravatar.com\/avatar\/3ea2118a5f7dad2b7138b1187a6b7ee55f160b9968b66013c3a3ef39dd7e5798?s=96&d=mm&r=g","caption":"Jeanette"},"sameAs":["https:\/\/www.eldiario.net\/portal"],"url":"https:\/\/www.eldiario.net\/portal\/author\/jeanette\/"}]}},"_links":{"self":[{"href":"https:\/\/www.eldiario.net\/portal\/wp-json\/wp\/v2\/posts\/3809","targetHints":{"allow":["GET"]}}],"collection":[{"href":"https:\/\/www.eldiario.net\/portal\/wp-json\/wp\/v2\/posts"}],"about":[{"href":"https:\/\/www.eldiario.net\/portal\/wp-json\/wp\/v2\/types\/post"}],"author":[{"embeddable":true,"href":"https:\/\/www.eldiario.net\/portal\/wp-json\/wp\/v2\/users\/1"}],"replies":[{"embeddable":true,"href":"https:\/\/www.eldiario.net\/portal\/wp-json\/wp\/v2\/comments?post=3809"}],"version-history":[{"count":0,"href":"https:\/\/www.eldiario.net\/portal\/wp-json\/wp\/v2\/posts\/3809\/revisions"}],"wp:attachment":[{"href":"https:\/\/www.eldiario.net\/portal\/wp-json\/wp\/v2\/media?parent=3809"}],"wp:term":[{"taxonomy":"category","embeddable":true,"href":"https:\/\/www.eldiario.net\/portal\/wp-json\/wp\/v2\/categories?post=3809"},{"taxonomy":"post_tag","embeddable":true,"href":"https:\/\/www.eldiario.net\/portal\/wp-json\/wp\/v2\/tags?post=3809"}],"curies":[{"name":"wp","href":"https:\/\/api.w.org\/{rel}","templated":true}]}}