{"id":3805,"date":"2021-05-14T06:44:25","date_gmt":"2021-05-14T10:44:25","guid":{"rendered":"https:\/\/www.eldiario.net\/portal\/?p=3805"},"modified":"2021-05-14T06:44:25","modified_gmt":"2021-05-14T10:44:25","slug":"emiten-puntos-de-vacunacion-para-dosis-contra-coronavirus","status":"publish","type":"post","link":"https:\/\/www.eldiario.net\/portal\/2021\/05\/14\/emiten-puntos-de-vacunacion-para-dosis-contra-coronavirus\/","title":{"rendered":"Emiten puntos de vacunaci\u00f3n  para dosis contra coronavirus"},"content":{"rendered":"<p>Con la llegada prevista de 1,5 millones de dosis, ayer se reanud\u00f3 la vacunaci\u00f3n masiva contra el coronavirus en el eje troncal del territorio nacional: La Paz, Cochabamba y Santa Cruz. Para recibir la inmunizaci\u00f3n, las personas deben llevar su carnet de identidad original y una fotocopia.<br \/>\nDe acuerdo con las autoridades sanitarias, no hay restricci\u00f3n por la terminaci\u00f3n del n\u00famero de la c\u00e9dula de identidad.<br \/>\nLa inmunizaci\u00f3n en La Paz comenz\u00f3 este jueves con periodistas, trabajadores de la prensa y personas mayores entre 50 y 59 a\u00f1os, con o sin enfermedades de base.<br \/>\nEl ministro de Salud, Jeyson Auza, afirm\u00f3 que con la campa\u00f1a se pretende alcanzar un promedio de 40.000 dosis por d\u00eda.<\/p>\n<p>En La Paz, los puntos habilitados son:<\/p>\n<p>Escuela Militar de Ingenier\u00eda (EMI) (Irpavi);<br \/>\nCampus Universitario (Cota Cota);<br \/>\nAcademia Nacional de Polic\u00edas (Anapol), (Seg\u00fcencoma);<br \/>\nHospital Metodista (Obrajes);<br \/>\nFacultad de Medicina (Av. Saavedra);<br \/>\nEscuela Nacional de Salud P\u00fablica (plaza Bolivia);<br \/>\nHospital Arco Iris (Villa F\u00e1tima);<br \/>\nHospital Juan XXIII (Munaypata); adem\u00e1s del Coliseo Instituto Americano (Av. Landaeta).<br \/>\nTodos esos puntos de vacunaci\u00f3n atender\u00e1n de lunes a viernes de 08.00 a 14.30.<br \/>\nEn el municipio de El Alto:<br \/>\nHospital El Alto Sur (Cosmos 79);<br \/>\nINFOCAL (Av. 6 de marzo);<br \/>\nUniversidad T\u00e9cnica Privada Cosmos (Unitepc) (Villa Dolores calle 6).<br \/>\nAtenci\u00f3n de 08.00 a 14.30, excepto el Hospital del Sur que extiende la inmunizaci\u00f3n hasta las 18.00.<br \/>\nPunto piloto de vacunaci\u00f3n Rural: Centro de Salud del municipio de Viacha.<br \/>\nSeg\u00fan el reporte del Ministerio de Salud, de los 1,5 millones de vacunas que llegar\u00e1n al pa\u00eds hasta el domingo pr\u00f3ximo, 461.800 ser\u00e1n para La Paz; 69.300, para Oruro; 91.900, para Potos\u00ed; 262.200, para Cochabamba; 74.400, para Tarija; 77.400, para Chuquisaca; 47.900, para Pando; 331.600, para Santa Cruz; y 83.500, para Beni. (ANF)<\/p>\n","protected":false},"excerpt":{"rendered":"<p>Con la llegada prevista de 1,5 millones de dosis, ayer se reanud\u00f3 la vacunaci\u00f3n masiva contra el coronavirus en el eje troncal del territorio nacional: La Paz, Cochabamba y Santa Cruz. Para recibir la inmunizaci\u00f3n, las personas deben llevar su carnet de identidad original y una fotocopia. De acuerdo con las autoridades sanitarias, no hay [&hellip;]<\/p>\n","protected":false},"author":1,"featured_media":0,"comment_status":"closed","ping_status":"closed","sticky":false,"template":"","format":"standard","meta":{"_acf_changed":false,"footnotes":""},"categories":[12],"tags":[],"class_list":["post-3805","post","type-post","status-publish","format-standard","category-nacional"],"acf":{"antetitulo":""},"yoast_head":"<!-- This site is optimized with the Yoast SEO plugin v28.4 - https:\/\/yoast.com\/product\/yoast-seo-wordpress\/ -->\n<title>Emiten puntos de vacunaci\u00f3n para dosis contra coronavirus - El Diario - Bolivia<\/title>\n<meta name=\"robots\" content=\"index, follow, max-snippet:-1, max-image-preview:large, max-video-preview:-1\" \/>\n<link rel=\"canonical\" href=\"https:\/\/www.eldiario.net\/portal\/2021\/05\/14\/emiten-puntos-de-vacunacion-para-dosis-contra-coronavirus\/\" \/>\n<meta property=\"og:locale\" content=\"es_ES\" \/>\n<meta property=\"og:type\" content=\"article\" \/>\n<meta property=\"og:title\" content=\"Emiten puntos de vacunaci\u00f3n para dosis contra coronavirus - El Diario - Bolivia\" \/>\n<meta property=\"og:description\" content=\"Con la llegada prevista de 1,5 millones de dosis, ayer se reanud\u00f3 la vacunaci\u00f3n masiva contra el coronavirus en el eje troncal del territorio nacional: La Paz, Cochabamba y Santa Cruz. Para recibir la inmunizaci\u00f3n, las personas deben llevar su carnet de identidad original y una fotocopia. De acuerdo con las autoridades sanitarias, no hay [&hellip;]\" \/>\n<meta property=\"og:url\" content=\"https:\/\/www.eldiario.net\/portal\/2021\/05\/14\/emiten-puntos-de-vacunacion-para-dosis-contra-coronavirus\/\" \/>\n<meta property=\"og:site_name\" content=\"El Diario - Bolivia\" \/>\n<meta property=\"article:publisher\" content=\"https:\/\/www.facebook.com\/eldiario.bolivia\/\" \/>\n<meta property=\"article:published_time\" content=\"2021-05-14T10:44:25+00:00\" \/>\n<meta name=\"author\" content=\"Jeanette\" \/>\n<meta name=\"twitter:card\" content=\"summary_large_image\" \/>\n<meta name=\"twitter:creator\" content=\"@eldiario_net\" \/>\n<meta name=\"twitter:site\" content=\"@eldiario_net\" \/>\n<meta name=\"twitter:label1\" content=\"Escrito por\" \/>\n\t<meta name=\"twitter:data1\" content=\"Jeanette\" \/>\n\t<meta name=\"twitter:label2\" content=\"Tiempo de lectura\" \/>\n\t<meta name=\"twitter:data2\" content=\"2 minutos\" \/>\n<script type=\"application\/ld+json\" class=\"yoast-schema-graph\">{\"@context\":\"https:\\\/\\\/schema.org\",\"@graph\":[{\"@type\":\"Article\",\"@id\":\"https:\\\/\\\/www.eldiario.net\\\/portal\\\/2021\\\/05\\\/14\\\/emiten-puntos-de-vacunacion-para-dosis-contra-coronavirus\\\/#article\",\"isPartOf\":{\"@id\":\"https:\\\/\\\/www.eldiario.net\\\/portal\\\/2021\\\/05\\\/14\\\/emiten-puntos-de-vacunacion-para-dosis-contra-coronavirus\\\/\"},\"author\":{\"name\":\"Jeanette\",\"@id\":\"https:\\\/\\\/www.eldiario.net\\\/portal\\\/#\\\/schema\\\/person\\\/f46445640444750d7d753ccd04ae01b7\"},\"headline\":\"Emiten puntos de vacunaci\u00f3n para dosis contra coronavirus\",\"datePublished\":\"2021-05-14T10:44:25+00:00\",\"mainEntityOfPage\":{\"@id\":\"https:\\\/\\\/www.eldiario.net\\\/portal\\\/2021\\\/05\\\/14\\\/emiten-puntos-de-vacunacion-para-dosis-contra-coronavirus\\\/\"},\"wordCount\":305,\"publisher\":{\"@id\":\"https:\\\/\\\/www.eldiario.net\\\/portal\\\/#organization\"},\"articleSection\":[\"Nacional\"],\"inLanguage\":\"es\"},{\"@type\":\"WebPage\",\"@id\":\"https:\\\/\\\/www.eldiario.net\\\/portal\\\/2021\\\/05\\\/14\\\/emiten-puntos-de-vacunacion-para-dosis-contra-coronavirus\\\/\",\"url\":\"https:\\\/\\\/www.eldiario.net\\\/portal\\\/2021\\\/05\\\/14\\\/emiten-puntos-de-vacunacion-para-dosis-contra-coronavirus\\\/\",\"name\":\"Emiten puntos de vacunaci\u00f3n para dosis contra coronavirus - El Diario - Bolivia\",\"isPartOf\":{\"@id\":\"https:\\\/\\\/www.eldiario.net\\\/portal\\\/#website\"},\"datePublished\":\"2021-05-14T10:44:25+00:00\",\"breadcrumb\":{\"@id\":\"https:\\\/\\\/www.eldiario.net\\\/portal\\\/2021\\\/05\\\/14\\\/emiten-puntos-de-vacunacion-para-dosis-contra-coronavirus\\\/#breadcrumb\"},\"inLanguage\":\"es\",\"potentialAction\":[{\"@type\":\"ReadAction\",\"target\":[\"https:\\\/\\\/www.eldiario.net\\\/portal\\\/2021\\\/05\\\/14\\\/emiten-puntos-de-vacunacion-para-dosis-contra-coronavirus\\\/\"]}]},{\"@type\":\"BreadcrumbList\",\"@id\":\"https:\\\/\\\/www.eldiario.net\\\/portal\\\/2021\\\/05\\\/14\\\/emiten-puntos-de-vacunacion-para-dosis-contra-coronavirus\\\/#breadcrumb\",\"itemListElement\":[{\"@type\":\"ListItem\",\"position\":1,\"name\":\"Portada\",\"item\":\"https:\\\/\\\/www.eldiario.net\\\/portal\\\/\"},{\"@type\":\"ListItem\",\"position\":2,\"name\":\"Emiten puntos de vacunaci\u00f3n para dosis contra coronavirus\"}]},{\"@type\":\"WebSite\",\"@id\":\"https:\\\/\\\/www.eldiario.net\\\/portal\\\/#website\",\"url\":\"https:\\\/\\\/www.eldiario.net\\\/portal\\\/\",\"name\":\"El Diario - Decano de la prensa nacional\",\"description\":\"El Diario - Decano de la prensa nacional\",\"publisher\":{\"@id\":\"https:\\\/\\\/www.eldiario.net\\\/portal\\\/#organization\"},\"potentialAction\":[{\"@type\":\"SearchAction\",\"target\":{\"@type\":\"EntryPoint\",\"urlTemplate\":\"https:\\\/\\\/www.eldiario.net\\\/portal\\\/?s={search_term_string}\"},\"query-input\":{\"@type\":\"PropertyValueSpecification\",\"valueRequired\":true,\"valueName\":\"search_term_string\"}}],\"inLanguage\":\"es\"},{\"@type\":\"Organization\",\"@id\":\"https:\\\/\\\/www.eldiario.net\\\/portal\\\/#organization\",\"name\":\"El Diario - Decano de la prensa nacional\",\"url\":\"https:\\\/\\\/www.eldiario.net\\\/portal\\\/\",\"logo\":{\"@type\":\"ImageObject\",\"inLanguage\":\"es\",\"@id\":\"https:\\\/\\\/www.eldiario.net\\\/portal\\\/#\\\/schema\\\/logo\\\/image\\\/\",\"url\":\"https:\\\/\\\/www.eldiario.net\\\/portal\\\/wp-content\\\/uploads\\\/2023\\\/07\\\/logo_ED.jpg\",\"contentUrl\":\"https:\\\/\\\/www.eldiario.net\\\/portal\\\/wp-content\\\/uploads\\\/2023\\\/07\\\/logo_ED.jpg\",\"width\":272,\"height\":52,\"caption\":\"El Diario - Decano de la prensa nacional\"},\"image\":{\"@id\":\"https:\\\/\\\/www.eldiario.net\\\/portal\\\/#\\\/schema\\\/logo\\\/image\\\/\"},\"sameAs\":[\"https:\\\/\\\/www.facebook.com\\\/eldiario.bolivia\\\/\",\"https:\\\/\\\/x.com\\\/eldiario_net\"]},{\"@type\":\"Person\",\"@id\":\"https:\\\/\\\/www.eldiario.net\\\/portal\\\/#\\\/schema\\\/person\\\/f46445640444750d7d753ccd04ae01b7\",\"name\":\"Jeanette\",\"image\":{\"@type\":\"ImageObject\",\"inLanguage\":\"es\",\"@id\":\"https:\\\/\\\/secure.gravatar.com\\\/avatar\\\/3ea2118a5f7dad2b7138b1187a6b7ee55f160b9968b66013c3a3ef39dd7e5798?s=96&d=mm&r=g\",\"url\":\"https:\\\/\\\/secure.gravatar.com\\\/avatar\\\/3ea2118a5f7dad2b7138b1187a6b7ee55f160b9968b66013c3a3ef39dd7e5798?s=96&d=mm&r=g\",\"contentUrl\":\"https:\\\/\\\/secure.gravatar.com\\\/avatar\\\/3ea2118a5f7dad2b7138b1187a6b7ee55f160b9968b66013c3a3ef39dd7e5798?s=96&d=mm&r=g\",\"caption\":\"Jeanette\"},\"sameAs\":[\"https:\\\/\\\/www.eldiario.net\\\/portal\"],\"url\":\"https:\\\/\\\/www.eldiario.net\\\/portal\\\/author\\\/jeanette\\\/\"}]}<\/script>\n<!-- \/ Yoast SEO plugin. -->","yoast_head_json":{"title":"Emiten puntos de vacunaci\u00f3n para dosis contra coronavirus - El Diario - Bolivia","robots":{"index":"index","follow":"follow","max-snippet":"max-snippet:-1","max-image-preview":"max-image-preview:large","max-video-preview":"max-video-preview:-1"},"canonical":"https:\/\/www.eldiario.net\/portal\/2021\/05\/14\/emiten-puntos-de-vacunacion-para-dosis-contra-coronavirus\/","og_locale":"es_ES","og_type":"article","og_title":"Emiten puntos de vacunaci\u00f3n para dosis contra coronavirus - El Diario - Bolivia","og_description":"Con la llegada prevista de 1,5 millones de dosis, ayer se reanud\u00f3 la vacunaci\u00f3n masiva contra el coronavirus en el eje troncal del territorio nacional: La Paz, Cochabamba y Santa Cruz. Para recibir la inmunizaci\u00f3n, las personas deben llevar su carnet de identidad original y una fotocopia. De acuerdo con las autoridades sanitarias, no hay [&hellip;]","og_url":"https:\/\/www.eldiario.net\/portal\/2021\/05\/14\/emiten-puntos-de-vacunacion-para-dosis-contra-coronavirus\/","og_site_name":"El Diario - Bolivia","article_publisher":"https:\/\/www.facebook.com\/eldiario.bolivia\/","article_published_time":"2021-05-14T10:44:25+00:00","author":"Jeanette","twitter_card":"summary_large_image","twitter_creator":"@eldiario_net","twitter_site":"@eldiario_net","twitter_misc":{"Escrito por":"Jeanette","Tiempo de lectura":"2 minutos"},"schema":{"@context":"https:\/\/schema.org","@graph":[{"@type":"Article","@id":"https:\/\/www.eldiario.net\/portal\/2021\/05\/14\/emiten-puntos-de-vacunacion-para-dosis-contra-coronavirus\/#article","isPartOf":{"@id":"https:\/\/www.eldiario.net\/portal\/2021\/05\/14\/emiten-puntos-de-vacunacion-para-dosis-contra-coronavirus\/"},"author":{"name":"Jeanette","@id":"https:\/\/www.eldiario.net\/portal\/#\/schema\/person\/f46445640444750d7d753ccd04ae01b7"},"headline":"Emiten puntos de vacunaci\u00f3n para dosis contra coronavirus","datePublished":"2021-05-14T10:44:25+00:00","mainEntityOfPage":{"@id":"https:\/\/www.eldiario.net\/portal\/2021\/05\/14\/emiten-puntos-de-vacunacion-para-dosis-contra-coronavirus\/"},"wordCount":305,"publisher":{"@id":"https:\/\/www.eldiario.net\/portal\/#organization"},"articleSection":["Nacional"],"inLanguage":"es"},{"@type":"WebPage","@id":"https:\/\/www.eldiario.net\/portal\/2021\/05\/14\/emiten-puntos-de-vacunacion-para-dosis-contra-coronavirus\/","url":"https:\/\/www.eldiario.net\/portal\/2021\/05\/14\/emiten-puntos-de-vacunacion-para-dosis-contra-coronavirus\/","name":"Emiten puntos de vacunaci\u00f3n para dosis contra coronavirus - El Diario - Bolivia","isPartOf":{"@id":"https:\/\/www.eldiario.net\/portal\/#website"},"datePublished":"2021-05-14T10:44:25+00:00","breadcrumb":{"@id":"https:\/\/www.eldiario.net\/portal\/2021\/05\/14\/emiten-puntos-de-vacunacion-para-dosis-contra-coronavirus\/#breadcrumb"},"inLanguage":"es","potentialAction":[{"@type":"ReadAction","target":["https:\/\/www.eldiario.net\/portal\/2021\/05\/14\/emiten-puntos-de-vacunacion-para-dosis-contra-coronavirus\/"]}]},{"@type":"BreadcrumbList","@id":"https:\/\/www.eldiario.net\/portal\/2021\/05\/14\/emiten-puntos-de-vacunacion-para-dosis-contra-coronavirus\/#breadcrumb","itemListElement":[{"@type":"ListItem","position":1,"name":"Portada","item":"https:\/\/www.eldiario.net\/portal\/"},{"@type":"ListItem","position":2,"name":"Emiten puntos de vacunaci\u00f3n para dosis contra coronavirus"}]},{"@type":"WebSite","@id":"https:\/\/www.eldiario.net\/portal\/#website","url":"https:\/\/www.eldiario.net\/portal\/","name":"El Diario - Decano de la prensa nacional","description":"El Diario - Decano de la prensa nacional","publisher":{"@id":"https:\/\/www.eldiario.net\/portal\/#organization"},"potentialAction":[{"@type":"SearchAction","target":{"@type":"EntryPoint","urlTemplate":"https:\/\/www.eldiario.net\/portal\/?s={search_term_string}"},"query-input":{"@type":"PropertyValueSpecification","valueRequired":true,"valueName":"search_term_string"}}],"inLanguage":"es"},{"@type":"Organization","@id":"https:\/\/www.eldiario.net\/portal\/#organization","name":"El Diario - Decano de la prensa nacional","url":"https:\/\/www.eldiario.net\/portal\/","logo":{"@type":"ImageObject","inLanguage":"es","@id":"https:\/\/www.eldiario.net\/portal\/#\/schema\/logo\/image\/","url":"https:\/\/www.eldiario.net\/portal\/wp-content\/uploads\/2023\/07\/logo_ED.jpg","contentUrl":"https:\/\/www.eldiario.net\/portal\/wp-content\/uploads\/2023\/07\/logo_ED.jpg","width":272,"height":52,"caption":"El Diario - Decano de la prensa nacional"},"image":{"@id":"https:\/\/www.eldiario.net\/portal\/#\/schema\/logo\/image\/"},"sameAs":["https:\/\/www.facebook.com\/eldiario.bolivia\/","https:\/\/x.com\/eldiario_net"]},{"@type":"Person","@id":"https:\/\/www.eldiario.net\/portal\/#\/schema\/person\/f46445640444750d7d753ccd04ae01b7","name":"Jeanette","image":{"@type":"ImageObject","inLanguage":"es","@id":"https:\/\/secure.gravatar.com\/avatar\/3ea2118a5f7dad2b7138b1187a6b7ee55f160b9968b66013c3a3ef39dd7e5798?s=96&d=mm&r=g","url":"https:\/\/secure.gravatar.com\/avatar\/3ea2118a5f7dad2b7138b1187a6b7ee55f160b9968b66013c3a3ef39dd7e5798?s=96&d=mm&r=g","contentUrl":"https:\/\/secure.gravatar.com\/avatar\/3ea2118a5f7dad2b7138b1187a6b7ee55f160b9968b66013c3a3ef39dd7e5798?s=96&d=mm&r=g","caption":"Jeanette"},"sameAs":["https:\/\/www.eldiario.net\/portal"],"url":"https:\/\/www.eldiario.net\/portal\/author\/jeanette\/"}]}},"_links":{"self":[{"href":"https:\/\/www.eldiario.net\/portal\/wp-json\/wp\/v2\/posts\/3805","targetHints":{"allow":["GET"]}}],"collection":[{"href":"https:\/\/www.eldiario.net\/portal\/wp-json\/wp\/v2\/posts"}],"about":[{"href":"https:\/\/www.eldiario.net\/portal\/wp-json\/wp\/v2\/types\/post"}],"author":[{"embeddable":true,"href":"https:\/\/www.eldiario.net\/portal\/wp-json\/wp\/v2\/users\/1"}],"replies":[{"embeddable":true,"href":"https:\/\/www.eldiario.net\/portal\/wp-json\/wp\/v2\/comments?post=3805"}],"version-history":[{"count":0,"href":"https:\/\/www.eldiario.net\/portal\/wp-json\/wp\/v2\/posts\/3805\/revisions"}],"wp:attachment":[{"href":"https:\/\/www.eldiario.net\/portal\/wp-json\/wp\/v2\/media?parent=3805"}],"wp:term":[{"taxonomy":"category","embeddable":true,"href":"https:\/\/www.eldiario.net\/portal\/wp-json\/wp\/v2\/categories?post=3805"},{"taxonomy":"post_tag","embeddable":true,"href":"https:\/\/www.eldiario.net\/portal\/wp-json\/wp\/v2\/tags?post=3805"}],"curies":[{"name":"wp","href":"https:\/\/api.w.org\/{rel}","templated":true}]}}