{"id":37952,"date":"2021-10-21T06:02:48","date_gmt":"2021-10-21T10:02:48","guid":{"rendered":"https:\/\/www.eldiario.net\/portal\/?p=37952"},"modified":"2021-10-21T06:02:48","modified_gmt":"2021-10-21T10:02:48","slug":"dellien-remonta-y-avanza-a-cuartos-en-el-challenger-de-buenos-aires","status":"publish","type":"post","link":"https:\/\/www.eldiario.net\/portal\/2021\/10\/21\/dellien-remonta-y-avanza-a-cuartos-en-el-challenger-de-buenos-aires\/","title":{"rendered":"Dellien remonta y avanza a cuartos en el Challenger de Buenos Aires"},"content":{"rendered":"<p dir=\"ltr\">En un impresionante partido Hugo Dellien dio vuelta el resultado para ganar al brasile\u00f1o Felipe Meligeni: 3-6, 7-5 y 7-6(6) en los octavos de final del Challenger de Buenos Aires, torneo que forma parte del Circuito Dove Men +Care \u00abLegi\u00f3n Sudamericana\u00bb, y se meti\u00f3 en cuartos, instancia en la que se enfrentar\u00e1 con el ganador entre los argentinos Andrea Collarini y Juan Manuel Cerundolo.<\/p>\n<p dir=\"ltr\">Luego de superar la primera fase en un complicado partido con el local Facundo D\u00edaz (4-6, 6-0 y 6-1), la raqueta n\u00famero uno del pa\u00eds y quinto sembrado de la competici\u00f3n, se enfrent\u00f3 a Meligeni.<\/p>\n<p dir=\"ltr\">El partido se disput\u00f3 en la cancha central del Racket Club, donde si bien Dellien tuvo un mal inicio al perder el primer set, en el segundo mostr\u00f3 una gran reacci\u00f3n para ganar y definir el partido en la tercera cancha.<\/p>\n<p dir=\"ltr\">En esa instancia cada uno hizo respetar su saque hasta llegar al tie break (muerte s\u00fabita), instancia en la que el boliviano logr\u00f3 imponer su juego para ganar en dos horas y 47 minutos.<\/p>\n<p dir=\"ltr\">Con este triunfo se meti\u00f3 entre los ocho mejores de la competici\u00f3n y va camino a disputar una nueva final del circuito sudamericano que se cre\u00f3 para que los tenistas profesionales de esta regi\u00f3n del continente tengan m\u00e1s torneos cerca de sus pa\u00edses de origen.<\/p>\n","protected":false},"excerpt":{"rendered":"<p>En un impresionante partido Hugo Dellien dio vuelta el resultado para ganar al brasile\u00f1o Felipe Meligeni: 3-6, 7-5 y 7-6(6) en los octavos de final del Challenger de Buenos Aires, torneo que forma parte del Circuito Dove Men +Care \u00abLegi\u00f3n Sudamericana\u00bb, y se meti\u00f3 en cuartos, instancia en la que se enfrentar\u00e1 con el ganador [&hellip;]<\/p>\n","protected":false},"author":1,"featured_media":37953,"comment_status":"closed","ping_status":"closed","sticky":false,"template":"","format":"standard","meta":{"_acf_changed":false,"footnotes":""},"categories":[6],"tags":[],"class_list":["post-37952","post","type-post","status-publish","format-standard","has-post-thumbnail","category-deportes"],"acf":{"antetitulo":""},"yoast_head":"<!-- This site is optimized with the Yoast SEO plugin v28.4 - https:\/\/yoast.com\/product\/yoast-seo-wordpress\/ -->\n<title>Dellien remonta y avanza a cuartos en el Challenger de Buenos Aires - El Diario - Bolivia<\/title>\n<meta name=\"robots\" content=\"index, follow, max-snippet:-1, max-image-preview:large, max-video-preview:-1\" \/>\n<link rel=\"canonical\" href=\"https:\/\/www.eldiario.net\/portal\/2021\/10\/21\/dellien-remonta-y-avanza-a-cuartos-en-el-challenger-de-buenos-aires\/\" \/>\n<meta property=\"og:locale\" content=\"es_ES\" \/>\n<meta property=\"og:type\" content=\"article\" \/>\n<meta property=\"og:title\" content=\"Dellien remonta y avanza a cuartos en el Challenger de Buenos Aires - El Diario - Bolivia\" \/>\n<meta property=\"og:description\" content=\"En un impresionante partido Hugo Dellien dio vuelta el resultado para ganar al brasile\u00f1o Felipe Meligeni: 3-6, 7-5 y 7-6(6) en los octavos de final del Challenger de Buenos Aires, torneo que forma parte del Circuito Dove Men +Care \u00abLegi\u00f3n Sudamericana\u00bb, y se meti\u00f3 en cuartos, instancia en la que se enfrentar\u00e1 con el ganador [&hellip;]\" \/>\n<meta property=\"og:url\" content=\"https:\/\/www.eldiario.net\/portal\/2021\/10\/21\/dellien-remonta-y-avanza-a-cuartos-en-el-challenger-de-buenos-aires\/\" \/>\n<meta property=\"og:site_name\" content=\"El Diario - Bolivia\" \/>\n<meta property=\"article:publisher\" content=\"https:\/\/www.facebook.com\/eldiario.bolivia\/\" \/>\n<meta property=\"article:published_time\" content=\"2021-10-21T10:02:48+00:00\" \/>\n<meta name=\"author\" content=\"Jeanette\" \/>\n<meta name=\"twitter:card\" content=\"summary_large_image\" \/>\n<meta name=\"twitter:creator\" content=\"@eldiario_net\" \/>\n<meta name=\"twitter:site\" content=\"@eldiario_net\" \/>\n<meta name=\"twitter:label1\" content=\"Escrito por\" \/>\n\t<meta name=\"twitter:data1\" content=\"Jeanette\" \/>\n\t<meta name=\"twitter:label2\" content=\"Tiempo de lectura\" \/>\n\t<meta name=\"twitter:data2\" content=\"1 minuto\" \/>\n<script type=\"application\/ld+json\" class=\"yoast-schema-graph\">{\"@context\":\"https:\\\/\\\/schema.org\",\"@graph\":[{\"@type\":\"Article\",\"@id\":\"https:\\\/\\\/www.eldiario.net\\\/portal\\\/2021\\\/10\\\/21\\\/dellien-remonta-y-avanza-a-cuartos-en-el-challenger-de-buenos-aires\\\/#article\",\"isPartOf\":{\"@id\":\"https:\\\/\\\/www.eldiario.net\\\/portal\\\/2021\\\/10\\\/21\\\/dellien-remonta-y-avanza-a-cuartos-en-el-challenger-de-buenos-aires\\\/\"},\"author\":{\"name\":\"Jeanette\",\"@id\":\"https:\\\/\\\/www.eldiario.net\\\/portal\\\/#\\\/schema\\\/person\\\/2c57cf2b7a7ae032e449e4c9b1019eac\"},\"headline\":\"Dellien remonta y avanza a cuartos en el Challenger de Buenos Aires\",\"datePublished\":\"2021-10-21T10:02:48+00:00\",\"mainEntityOfPage\":{\"@id\":\"https:\\\/\\\/www.eldiario.net\\\/portal\\\/2021\\\/10\\\/21\\\/dellien-remonta-y-avanza-a-cuartos-en-el-challenger-de-buenos-aires\\\/\"},\"wordCount\":242,\"publisher\":{\"@id\":\"https:\\\/\\\/www.eldiario.net\\\/portal\\\/#organization\"},\"image\":{\"@id\":\"https:\\\/\\\/www.eldiario.net\\\/portal\\\/2021\\\/10\\\/21\\\/dellien-remonta-y-avanza-a-cuartos-en-el-challenger-de-buenos-aires\\\/#primaryimage\"},\"thumbnailUrl\":\"\",\"articleSection\":[\"Deportes\"],\"inLanguage\":\"es\"},{\"@type\":\"WebPage\",\"@id\":\"https:\\\/\\\/www.eldiario.net\\\/portal\\\/2021\\\/10\\\/21\\\/dellien-remonta-y-avanza-a-cuartos-en-el-challenger-de-buenos-aires\\\/\",\"url\":\"https:\\\/\\\/www.eldiario.net\\\/portal\\\/2021\\\/10\\\/21\\\/dellien-remonta-y-avanza-a-cuartos-en-el-challenger-de-buenos-aires\\\/\",\"name\":\"Dellien remonta y avanza a cuartos en el Challenger de Buenos Aires - El Diario - Bolivia\",\"isPartOf\":{\"@id\":\"https:\\\/\\\/www.eldiario.net\\\/portal\\\/#website\"},\"primaryImageOfPage\":{\"@id\":\"https:\\\/\\\/www.eldiario.net\\\/portal\\\/2021\\\/10\\\/21\\\/dellien-remonta-y-avanza-a-cuartos-en-el-challenger-de-buenos-aires\\\/#primaryimage\"},\"image\":{\"@id\":\"https:\\\/\\\/www.eldiario.net\\\/portal\\\/2021\\\/10\\\/21\\\/dellien-remonta-y-avanza-a-cuartos-en-el-challenger-de-buenos-aires\\\/#primaryimage\"},\"thumbnailUrl\":\"\",\"datePublished\":\"2021-10-21T10:02:48+00:00\",\"breadcrumb\":{\"@id\":\"https:\\\/\\\/www.eldiario.net\\\/portal\\\/2021\\\/10\\\/21\\\/dellien-remonta-y-avanza-a-cuartos-en-el-challenger-de-buenos-aires\\\/#breadcrumb\"},\"inLanguage\":\"es\",\"potentialAction\":[{\"@type\":\"ReadAction\",\"target\":[\"https:\\\/\\\/www.eldiario.net\\\/portal\\\/2021\\\/10\\\/21\\\/dellien-remonta-y-avanza-a-cuartos-en-el-challenger-de-buenos-aires\\\/\"]}]},{\"@type\":\"ImageObject\",\"inLanguage\":\"es\",\"@id\":\"https:\\\/\\\/www.eldiario.net\\\/portal\\\/2021\\\/10\\\/21\\\/dellien-remonta-y-avanza-a-cuartos-en-el-challenger-de-buenos-aires\\\/#primaryimage\",\"url\":\"\",\"contentUrl\":\"\"},{\"@type\":\"BreadcrumbList\",\"@id\":\"https:\\\/\\\/www.eldiario.net\\\/portal\\\/2021\\\/10\\\/21\\\/dellien-remonta-y-avanza-a-cuartos-en-el-challenger-de-buenos-aires\\\/#breadcrumb\",\"itemListElement\":[{\"@type\":\"ListItem\",\"position\":1,\"name\":\"Portada\",\"item\":\"https:\\\/\\\/www.eldiario.net\\\/portal\\\/\"},{\"@type\":\"ListItem\",\"position\":2,\"name\":\"Dellien remonta y avanza a cuartos en el Challenger de Buenos Aires\"}]},{\"@type\":\"WebSite\",\"@id\":\"https:\\\/\\\/www.eldiario.net\\\/portal\\\/#website\",\"url\":\"https:\\\/\\\/www.eldiario.net\\\/portal\\\/\",\"name\":\"El Diario - Decano de la prensa nacional\",\"description\":\"El Diario - Decano de la prensa nacional\",\"publisher\":{\"@id\":\"https:\\\/\\\/www.eldiario.net\\\/portal\\\/#organization\"},\"potentialAction\":[{\"@type\":\"SearchAction\",\"target\":{\"@type\":\"EntryPoint\",\"urlTemplate\":\"https:\\\/\\\/www.eldiario.net\\\/portal\\\/?s={search_term_string}\"},\"query-input\":{\"@type\":\"PropertyValueSpecification\",\"valueRequired\":true,\"valueName\":\"search_term_string\"}}],\"inLanguage\":\"es\"},{\"@type\":\"Organization\",\"@id\":\"https:\\\/\\\/www.eldiario.net\\\/portal\\\/#organization\",\"name\":\"El Diario - Decano de la prensa nacional\",\"url\":\"https:\\\/\\\/www.eldiario.net\\\/portal\\\/\",\"logo\":{\"@type\":\"ImageObject\",\"inLanguage\":\"es\",\"@id\":\"https:\\\/\\\/www.eldiario.net\\\/portal\\\/#\\\/schema\\\/logo\\\/image\\\/\",\"url\":\"https:\\\/\\\/www.eldiario.net\\\/portal\\\/wp-content\\\/uploads\\\/2023\\\/07\\\/logo_ED.jpg\",\"contentUrl\":\"https:\\\/\\\/www.eldiario.net\\\/portal\\\/wp-content\\\/uploads\\\/2023\\\/07\\\/logo_ED.jpg\",\"width\":272,\"height\":52,\"caption\":\"El Diario - Decano de la prensa nacional\"},\"image\":{\"@id\":\"https:\\\/\\\/www.eldiario.net\\\/portal\\\/#\\\/schema\\\/logo\\\/image\\\/\"},\"sameAs\":[\"https:\\\/\\\/www.facebook.com\\\/eldiario.bolivia\\\/\",\"https:\\\/\\\/x.com\\\/eldiario_net\"]},{\"@type\":\"Person\",\"@id\":\"https:\\\/\\\/www.eldiario.net\\\/portal\\\/#\\\/schema\\\/person\\\/2c57cf2b7a7ae032e449e4c9b1019eac\",\"name\":\"Jeanette\",\"image\":{\"@type\":\"ImageObject\",\"inLanguage\":\"es\",\"@id\":\"https:\\\/\\\/secure.gravatar.com\\\/avatar\\\/3ea2118a5f7dad2b7138b1187a6b7ee55f160b9968b66013c3a3ef39dd7e5798?s=96&d=mm&r=g\",\"url\":\"https:\\\/\\\/secure.gravatar.com\\\/avatar\\\/3ea2118a5f7dad2b7138b1187a6b7ee55f160b9968b66013c3a3ef39dd7e5798?s=96&d=mm&r=g\",\"contentUrl\":\"https:\\\/\\\/secure.gravatar.com\\\/avatar\\\/3ea2118a5f7dad2b7138b1187a6b7ee55f160b9968b66013c3a3ef39dd7e5798?s=96&d=mm&r=g\",\"caption\":\"Jeanette\"},\"sameAs\":[\"https:\\\/\\\/www.eldiario.net\\\/portal\"],\"url\":\"https:\\\/\\\/www.eldiario.net\\\/portal\\\/author\\\/jeanette\\\/\"}]}<\/script>\n<!-- \/ Yoast SEO plugin. -->","yoast_head_json":{"title":"Dellien remonta y avanza a cuartos en el Challenger de Buenos Aires - El Diario - Bolivia","robots":{"index":"index","follow":"follow","max-snippet":"max-snippet:-1","max-image-preview":"max-image-preview:large","max-video-preview":"max-video-preview:-1"},"canonical":"https:\/\/www.eldiario.net\/portal\/2021\/10\/21\/dellien-remonta-y-avanza-a-cuartos-en-el-challenger-de-buenos-aires\/","og_locale":"es_ES","og_type":"article","og_title":"Dellien remonta y avanza a cuartos en el Challenger de Buenos Aires - El Diario - Bolivia","og_description":"En un impresionante partido Hugo Dellien dio vuelta el resultado para ganar al brasile\u00f1o Felipe Meligeni: 3-6, 7-5 y 7-6(6) en los octavos de final del Challenger de Buenos Aires, torneo que forma parte del Circuito Dove Men +Care \u00abLegi\u00f3n Sudamericana\u00bb, y se meti\u00f3 en cuartos, instancia en la que se enfrentar\u00e1 con el ganador [&hellip;]","og_url":"https:\/\/www.eldiario.net\/portal\/2021\/10\/21\/dellien-remonta-y-avanza-a-cuartos-en-el-challenger-de-buenos-aires\/","og_site_name":"El Diario - Bolivia","article_publisher":"https:\/\/www.facebook.com\/eldiario.bolivia\/","article_published_time":"2021-10-21T10:02:48+00:00","author":"Jeanette","twitter_card":"summary_large_image","twitter_creator":"@eldiario_net","twitter_site":"@eldiario_net","twitter_misc":{"Escrito por":"Jeanette","Tiempo de lectura":"1 minuto"},"schema":{"@context":"https:\/\/schema.org","@graph":[{"@type":"Article","@id":"https:\/\/www.eldiario.net\/portal\/2021\/10\/21\/dellien-remonta-y-avanza-a-cuartos-en-el-challenger-de-buenos-aires\/#article","isPartOf":{"@id":"https:\/\/www.eldiario.net\/portal\/2021\/10\/21\/dellien-remonta-y-avanza-a-cuartos-en-el-challenger-de-buenos-aires\/"},"author":{"name":"Jeanette","@id":"https:\/\/www.eldiario.net\/portal\/#\/schema\/person\/2c57cf2b7a7ae032e449e4c9b1019eac"},"headline":"Dellien remonta y avanza a cuartos en el Challenger de Buenos Aires","datePublished":"2021-10-21T10:02:48+00:00","mainEntityOfPage":{"@id":"https:\/\/www.eldiario.net\/portal\/2021\/10\/21\/dellien-remonta-y-avanza-a-cuartos-en-el-challenger-de-buenos-aires\/"},"wordCount":242,"publisher":{"@id":"https:\/\/www.eldiario.net\/portal\/#organization"},"image":{"@id":"https:\/\/www.eldiario.net\/portal\/2021\/10\/21\/dellien-remonta-y-avanza-a-cuartos-en-el-challenger-de-buenos-aires\/#primaryimage"},"thumbnailUrl":"","articleSection":["Deportes"],"inLanguage":"es"},{"@type":"WebPage","@id":"https:\/\/www.eldiario.net\/portal\/2021\/10\/21\/dellien-remonta-y-avanza-a-cuartos-en-el-challenger-de-buenos-aires\/","url":"https:\/\/www.eldiario.net\/portal\/2021\/10\/21\/dellien-remonta-y-avanza-a-cuartos-en-el-challenger-de-buenos-aires\/","name":"Dellien remonta y avanza a cuartos en el Challenger de Buenos Aires - El Diario - Bolivia","isPartOf":{"@id":"https:\/\/www.eldiario.net\/portal\/#website"},"primaryImageOfPage":{"@id":"https:\/\/www.eldiario.net\/portal\/2021\/10\/21\/dellien-remonta-y-avanza-a-cuartos-en-el-challenger-de-buenos-aires\/#primaryimage"},"image":{"@id":"https:\/\/www.eldiario.net\/portal\/2021\/10\/21\/dellien-remonta-y-avanza-a-cuartos-en-el-challenger-de-buenos-aires\/#primaryimage"},"thumbnailUrl":"","datePublished":"2021-10-21T10:02:48+00:00","breadcrumb":{"@id":"https:\/\/www.eldiario.net\/portal\/2021\/10\/21\/dellien-remonta-y-avanza-a-cuartos-en-el-challenger-de-buenos-aires\/#breadcrumb"},"inLanguage":"es","potentialAction":[{"@type":"ReadAction","target":["https:\/\/www.eldiario.net\/portal\/2021\/10\/21\/dellien-remonta-y-avanza-a-cuartos-en-el-challenger-de-buenos-aires\/"]}]},{"@type":"ImageObject","inLanguage":"es","@id":"https:\/\/www.eldiario.net\/portal\/2021\/10\/21\/dellien-remonta-y-avanza-a-cuartos-en-el-challenger-de-buenos-aires\/#primaryimage","url":"","contentUrl":""},{"@type":"BreadcrumbList","@id":"https:\/\/www.eldiario.net\/portal\/2021\/10\/21\/dellien-remonta-y-avanza-a-cuartos-en-el-challenger-de-buenos-aires\/#breadcrumb","itemListElement":[{"@type":"ListItem","position":1,"name":"Portada","item":"https:\/\/www.eldiario.net\/portal\/"},{"@type":"ListItem","position":2,"name":"Dellien remonta y avanza a cuartos en el Challenger de Buenos Aires"}]},{"@type":"WebSite","@id":"https:\/\/www.eldiario.net\/portal\/#website","url":"https:\/\/www.eldiario.net\/portal\/","name":"El Diario - Decano de la prensa nacional","description":"El Diario - Decano de la prensa nacional","publisher":{"@id":"https:\/\/www.eldiario.net\/portal\/#organization"},"potentialAction":[{"@type":"SearchAction","target":{"@type":"EntryPoint","urlTemplate":"https:\/\/www.eldiario.net\/portal\/?s={search_term_string}"},"query-input":{"@type":"PropertyValueSpecification","valueRequired":true,"valueName":"search_term_string"}}],"inLanguage":"es"},{"@type":"Organization","@id":"https:\/\/www.eldiario.net\/portal\/#organization","name":"El Diario - Decano de la prensa nacional","url":"https:\/\/www.eldiario.net\/portal\/","logo":{"@type":"ImageObject","inLanguage":"es","@id":"https:\/\/www.eldiario.net\/portal\/#\/schema\/logo\/image\/","url":"https:\/\/www.eldiario.net\/portal\/wp-content\/uploads\/2023\/07\/logo_ED.jpg","contentUrl":"https:\/\/www.eldiario.net\/portal\/wp-content\/uploads\/2023\/07\/logo_ED.jpg","width":272,"height":52,"caption":"El Diario - Decano de la prensa nacional"},"image":{"@id":"https:\/\/www.eldiario.net\/portal\/#\/schema\/logo\/image\/"},"sameAs":["https:\/\/www.facebook.com\/eldiario.bolivia\/","https:\/\/x.com\/eldiario_net"]},{"@type":"Person","@id":"https:\/\/www.eldiario.net\/portal\/#\/schema\/person\/2c57cf2b7a7ae032e449e4c9b1019eac","name":"Jeanette","image":{"@type":"ImageObject","inLanguage":"es","@id":"https:\/\/secure.gravatar.com\/avatar\/3ea2118a5f7dad2b7138b1187a6b7ee55f160b9968b66013c3a3ef39dd7e5798?s=96&d=mm&r=g","url":"https:\/\/secure.gravatar.com\/avatar\/3ea2118a5f7dad2b7138b1187a6b7ee55f160b9968b66013c3a3ef39dd7e5798?s=96&d=mm&r=g","contentUrl":"https:\/\/secure.gravatar.com\/avatar\/3ea2118a5f7dad2b7138b1187a6b7ee55f160b9968b66013c3a3ef39dd7e5798?s=96&d=mm&r=g","caption":"Jeanette"},"sameAs":["https:\/\/www.eldiario.net\/portal"],"url":"https:\/\/www.eldiario.net\/portal\/author\/jeanette\/"}]}},"_links":{"self":[{"href":"https:\/\/www.eldiario.net\/portal\/wp-json\/wp\/v2\/posts\/37952","targetHints":{"allow":["GET"]}}],"collection":[{"href":"https:\/\/www.eldiario.net\/portal\/wp-json\/wp\/v2\/posts"}],"about":[{"href":"https:\/\/www.eldiario.net\/portal\/wp-json\/wp\/v2\/types\/post"}],"author":[{"embeddable":true,"href":"https:\/\/www.eldiario.net\/portal\/wp-json\/wp\/v2\/users\/1"}],"replies":[{"embeddable":true,"href":"https:\/\/www.eldiario.net\/portal\/wp-json\/wp\/v2\/comments?post=37952"}],"version-history":[{"count":0,"href":"https:\/\/www.eldiario.net\/portal\/wp-json\/wp\/v2\/posts\/37952\/revisions"}],"wp:attachment":[{"href":"https:\/\/www.eldiario.net\/portal\/wp-json\/wp\/v2\/media?parent=37952"}],"wp:term":[{"taxonomy":"category","embeddable":true,"href":"https:\/\/www.eldiario.net\/portal\/wp-json\/wp\/v2\/categories?post=37952"},{"taxonomy":"post_tag","embeddable":true,"href":"https:\/\/www.eldiario.net\/portal\/wp-json\/wp\/v2\/tags?post=37952"}],"curies":[{"name":"wp","href":"https:\/\/api.w.org\/{rel}","templated":true}]}}