{"id":379290,"date":"2026-03-25T09:52:42","date_gmt":"2026-03-25T13:52:42","guid":{"rendered":"https:\/\/www.eldiario.net\/portal\/?p=379290"},"modified":"2026-03-25T09:52:42","modified_gmt":"2026-03-25T13:52:42","slug":"caos-total-bloqueos-asfixian-la-paz-y-el-alto-con-filas-kilometricas-en-el-teleferico-0950","status":"publish","type":"post","link":"https:\/\/www.eldiario.net\/portal\/2026\/03\/25\/caos-total-bloqueos-asfixian-la-paz-y-el-alto-con-filas-kilometricas-en-el-teleferico-0950\/","title":{"rendered":"Caos total: Bloqueos asfixian La Paz y El Alto con filas kilom\u00e9tricas en el Telef\u00e9rico (09:50)"},"content":{"rendered":"<p>La sede de Gobierno y la ciudad de El Alto amanecieron completamente paralizadas por un contundente paro de transporte que no dej\u00f3 v\u00edas de escape para los veh\u00edculos.<\/p>\n<p>Sin alternativas de paso por los bloqueos, la poblaci\u00f3n se volc\u00f3 masivamente al sistema de cable. En la zona sur, la situaci\u00f3n es cr\u00edtica: la fila para la L\u00ednea Verde nace en el puente de Irpavi, sube por toda la avenida Fuerza Naval hasta la calle 19 y vuelve a bajar hacia la estaci\u00f3n.<\/p>\n<figure id=\"attachment_379292\" aria-describedby=\"caption-attachment-379292\" style=\"width: 300px\" class=\"wp-caption aligncenter\"><img loading=\"lazy\" decoding=\"async\" class=\"size-medium wp-image-379292\" src=\"https:\/\/www.eldiario.net\/portal\/wp-content\/uploads\/2026\/03\/teleferico-1-25.03.26-copia-300x183.webp\" alt=\"\" width=\"300\" height=\"183\" srcset=\"https:\/\/www.eldiario.net\/portal\/wp-content\/uploads\/2026\/03\/teleferico-1-25.03.26-copia-300x183.webp 300w, https:\/\/www.eldiario.net\/portal\/wp-content\/uploads\/2026\/03\/teleferico-1-25.03.26-copia-150x92.webp 150w, https:\/\/www.eldiario.net\/portal\/wp-content\/uploads\/2026\/03\/teleferico-1-25.03.26-copia.webp 650w\" sizes=\"auto, (max-width: 300px) 100vw, 300px\" \/><figcaption id=\"caption-attachment-379292\" class=\"wp-caption-text\">Foto: Fila en la curva de Holgu\u00edn<\/figcaption><\/figure>\n<p>Un escenario similar se vive en la L\u00ednea Morada, donde la concentraci\u00f3n de usuarios en la estaci\u00f3n 6 de Marzo de El Alto es masiva. A pesar de que Mi Telef\u00e9rico opera a m\u00e1xima velocidad y en horario extendido hasta las 22:30 horas, el servicio no logra abastecer la alt\u00edsima demanda.<\/p>\n<figure id=\"attachment_379291\" aria-describedby=\"caption-attachment-379291\" style=\"width: 244px\" class=\"wp-caption aligncenter\"><img loading=\"lazy\" decoding=\"async\" class=\"size-medium wp-image-379291\" src=\"https:\/\/www.eldiario.net\/portal\/wp-content\/uploads\/2026\/03\/teleferico-2-25.03.26-copia-244x300.webp\" alt=\"\" width=\"244\" height=\"300\" srcset=\"https:\/\/www.eldiario.net\/portal\/wp-content\/uploads\/2026\/03\/teleferico-2-25.03.26-copia-244x300.webp 244w, https:\/\/www.eldiario.net\/portal\/wp-content\/uploads\/2026\/03\/teleferico-2-25.03.26-copia-341x420.webp 341w, https:\/\/www.eldiario.net\/portal\/wp-content\/uploads\/2026\/03\/teleferico-2-25.03.26-copia-150x185.webp 150w, https:\/\/www.eldiario.net\/portal\/wp-content\/uploads\/2026\/03\/teleferico-2-25.03.26-copia-300x369.webp 300w, https:\/\/www.eldiario.net\/portal\/wp-content\/uploads\/2026\/03\/teleferico-2-25.03.26-copia-324x400.webp 324w, https:\/\/www.eldiario.net\/portal\/wp-content\/uploads\/2026\/03\/teleferico-2-25.03.26-copia.webp 500w\" sizes=\"auto, (max-width: 244px) 100vw, 244px\" \/><figcaption id=\"caption-attachment-379291\" class=\"wp-caption-text\">Foto: Filas en Telef\u00e9rico Morado El Alto<\/figcaption><\/figure>\n<p>Ante la imposibilidad de tr\u00e1nsito, el Ministerio de Trabajo dispuso una tolerancia de una hora en el ingreso para el sector p\u00fablico. Por su parte, la Direcci\u00f3n Departamental de Educaci\u00f3n determin\u00f3 tolerancia en los horarios de entrada y salida para la comunidad educativa.<\/p>\n<figure id=\"attachment_379293\" aria-describedby=\"caption-attachment-379293\" style=\"width: 300px\" class=\"wp-caption aligncenter\"><img loading=\"lazy\" decoding=\"async\" class=\"size-medium wp-image-379293\" src=\"https:\/\/www.eldiario.net\/portal\/wp-content\/uploads\/2026\/03\/teleferico-25.03.26-copia-300x298.webp\" alt=\"\" width=\"300\" height=\"298\" srcset=\"https:\/\/www.eldiario.net\/portal\/wp-content\/uploads\/2026\/03\/teleferico-25.03.26-copia-300x298.webp 300w, https:\/\/www.eldiario.net\/portal\/wp-content\/uploads\/2026\/03\/teleferico-25.03.26-copia-150x149.webp 150w, https:\/\/www.eldiario.net\/portal\/wp-content\/uploads\/2026\/03\/teleferico-25.03.26-copia-423x420.webp 423w, https:\/\/www.eldiario.net\/portal\/wp-content\/uploads\/2026\/03\/teleferico-25.03.26-copia.webp 530w\" sizes=\"auto, (max-width: 300px) 100vw, 300px\" \/><figcaption id=\"caption-attachment-379293\" class=\"wp-caption-text\">Fila: Telef\u00e9rico Azul El Alto<\/figcaption><\/figure>\n","protected":false},"excerpt":{"rendered":"<p>La sede de Gobierno y la ciudad de El Alto amanecieron completamente paralizadas por un contundente paro de transporte que no dej\u00f3 v\u00edas de escape para los veh\u00edculos. Sin alternativas de paso por los bloqueos, la poblaci\u00f3n se volc\u00f3 masivamente al sistema de cable. En la zona sur, la situaci\u00f3n es cr\u00edtica: la fila para [&hellip;]<\/p>\n","protected":false},"author":7,"featured_media":379294,"comment_status":"closed","ping_status":"open","sticky":false,"template":"","format":"standard","meta":{"_acf_changed":false,"footnotes":""},"categories":[51],"tags":[],"class_list":["post-379290","post","type-post","status-publish","format-standard","has-post-thumbnail","category-ultima-hora"],"acf":{"antetitulo":""},"yoast_head":"<!-- This site is optimized with the Yoast SEO plugin v28.4 - https:\/\/yoast.com\/product\/yoast-seo-wordpress\/ -->\n<title>Caos total: Bloqueos asfixian La Paz y El Alto con filas kilom\u00e9tricas en el Telef\u00e9rico (09:50) - El Diario - Bolivia<\/title>\n<meta name=\"robots\" content=\"index, follow, max-snippet:-1, max-image-preview:large, max-video-preview:-1\" \/>\n<link rel=\"canonical\" href=\"https:\/\/www.eldiario.net\/portal\/2026\/03\/25\/caos-total-bloqueos-asfixian-la-paz-y-el-alto-con-filas-kilometricas-en-el-teleferico-0950\/\" \/>\n<meta property=\"og:locale\" content=\"es_ES\" \/>\n<meta property=\"og:type\" content=\"article\" \/>\n<meta property=\"og:title\" content=\"Caos total: Bloqueos asfixian La Paz y El Alto con filas kilom\u00e9tricas en el Telef\u00e9rico (09:50) - El Diario - Bolivia\" \/>\n<meta property=\"og:description\" content=\"La sede de Gobierno y la ciudad de El Alto amanecieron completamente paralizadas por un contundente paro de transporte que no dej\u00f3 v\u00edas de escape para los veh\u00edculos. Sin alternativas de paso por los bloqueos, la poblaci\u00f3n se volc\u00f3 masivamente al sistema de cable. En la zona sur, la situaci\u00f3n es cr\u00edtica: la fila para [&hellip;]\" \/>\n<meta property=\"og:url\" content=\"https:\/\/www.eldiario.net\/portal\/2026\/03\/25\/caos-total-bloqueos-asfixian-la-paz-y-el-alto-con-filas-kilometricas-en-el-teleferico-0950\/\" \/>\n<meta property=\"og:site_name\" content=\"El Diario - Bolivia\" \/>\n<meta property=\"article:publisher\" content=\"https:\/\/www.facebook.com\/eldiario.bolivia\/\" \/>\n<meta property=\"article:published_time\" content=\"2026-03-25T13:52:42+00:00\" \/>\n<meta property=\"og:image\" content=\"https:\/\/www.eldiario.net\/portal\/wp-content\/uploads\/2026\/03\/teleferico-verde-25.03.26-copia.webp\" \/>\n\t<meta property=\"og:image:width\" content=\"650\" \/>\n\t<meta property=\"og:image:height\" content=\"478\" \/>\n\t<meta property=\"og:image:type\" content=\"image\/webp\" \/>\n<meta name=\"author\" content=\"Viviana Monrroy\" \/>\n<meta name=\"twitter:card\" content=\"summary_large_image\" \/>\n<meta name=\"twitter:creator\" content=\"@eldiario_net\" \/>\n<meta name=\"twitter:site\" content=\"@eldiario_net\" \/>\n<meta name=\"twitter:label1\" content=\"Escrito por\" \/>\n\t<meta name=\"twitter:data1\" content=\"Viviana Monrroy\" \/>\n\t<meta name=\"twitter:label2\" content=\"Tiempo de lectura\" \/>\n\t<meta name=\"twitter:data2\" content=\"2 minutos\" \/>\n<script type=\"application\/ld+json\" class=\"yoast-schema-graph\">{\"@context\":\"https:\\\/\\\/schema.org\",\"@graph\":[{\"@type\":\"Article\",\"@id\":\"https:\\\/\\\/www.eldiario.net\\\/portal\\\/2026\\\/03\\\/25\\\/caos-total-bloqueos-asfixian-la-paz-y-el-alto-con-filas-kilometricas-en-el-teleferico-0950\\\/#article\",\"isPartOf\":{\"@id\":\"https:\\\/\\\/www.eldiario.net\\\/portal\\\/2026\\\/03\\\/25\\\/caos-total-bloqueos-asfixian-la-paz-y-el-alto-con-filas-kilometricas-en-el-teleferico-0950\\\/\"},\"author\":{\"name\":\"Viviana Monrroy\",\"@id\":\"https:\\\/\\\/www.eldiario.net\\\/portal\\\/#\\\/schema\\\/person\\\/32cc89e801dfcbad3a54f91da7f2ea06\"},\"headline\":\"Caos total: Bloqueos asfixian La Paz y El Alto con filas kilom\u00e9tricas en el Telef\u00e9rico (09:50)\",\"datePublished\":\"2026-03-25T13:52:42+00:00\",\"mainEntityOfPage\":{\"@id\":\"https:\\\/\\\/www.eldiario.net\\\/portal\\\/2026\\\/03\\\/25\\\/caos-total-bloqueos-asfixian-la-paz-y-el-alto-con-filas-kilometricas-en-el-teleferico-0950\\\/\"},\"wordCount\":250,\"publisher\":{\"@id\":\"https:\\\/\\\/www.eldiario.net\\\/portal\\\/#organization\"},\"image\":{\"@id\":\"https:\\\/\\\/www.eldiario.net\\\/portal\\\/2026\\\/03\\\/25\\\/caos-total-bloqueos-asfixian-la-paz-y-el-alto-con-filas-kilometricas-en-el-teleferico-0950\\\/#primaryimage\"},\"thumbnailUrl\":\"https:\\\/\\\/www.eldiario.net\\\/portal\\\/wp-content\\\/uploads\\\/2026\\\/03\\\/teleferico-verde-25.03.26-copia.webp\",\"articleSection\":[\"\u00daltima Hora\"],\"inLanguage\":\"es\"},{\"@type\":\"WebPage\",\"@id\":\"https:\\\/\\\/www.eldiario.net\\\/portal\\\/2026\\\/03\\\/25\\\/caos-total-bloqueos-asfixian-la-paz-y-el-alto-con-filas-kilometricas-en-el-teleferico-0950\\\/\",\"url\":\"https:\\\/\\\/www.eldiario.net\\\/portal\\\/2026\\\/03\\\/25\\\/caos-total-bloqueos-asfixian-la-paz-y-el-alto-con-filas-kilometricas-en-el-teleferico-0950\\\/\",\"name\":\"Caos total: Bloqueos asfixian La Paz y El Alto con filas kilom\u00e9tricas en el Telef\u00e9rico (09:50) - El Diario - Bolivia\",\"isPartOf\":{\"@id\":\"https:\\\/\\\/www.eldiario.net\\\/portal\\\/#website\"},\"primaryImageOfPage\":{\"@id\":\"https:\\\/\\\/www.eldiario.net\\\/portal\\\/2026\\\/03\\\/25\\\/caos-total-bloqueos-asfixian-la-paz-y-el-alto-con-filas-kilometricas-en-el-teleferico-0950\\\/#primaryimage\"},\"image\":{\"@id\":\"https:\\\/\\\/www.eldiario.net\\\/portal\\\/2026\\\/03\\\/25\\\/caos-total-bloqueos-asfixian-la-paz-y-el-alto-con-filas-kilometricas-en-el-teleferico-0950\\\/#primaryimage\"},\"thumbnailUrl\":\"https:\\\/\\\/www.eldiario.net\\\/portal\\\/wp-content\\\/uploads\\\/2026\\\/03\\\/teleferico-verde-25.03.26-copia.webp\",\"datePublished\":\"2026-03-25T13:52:42+00:00\",\"breadcrumb\":{\"@id\":\"https:\\\/\\\/www.eldiario.net\\\/portal\\\/2026\\\/03\\\/25\\\/caos-total-bloqueos-asfixian-la-paz-y-el-alto-con-filas-kilometricas-en-el-teleferico-0950\\\/#breadcrumb\"},\"inLanguage\":\"es\",\"potentialAction\":[{\"@type\":\"ReadAction\",\"target\":[\"https:\\\/\\\/www.eldiario.net\\\/portal\\\/2026\\\/03\\\/25\\\/caos-total-bloqueos-asfixian-la-paz-y-el-alto-con-filas-kilometricas-en-el-teleferico-0950\\\/\"]}]},{\"@type\":\"ImageObject\",\"inLanguage\":\"es\",\"@id\":\"https:\\\/\\\/www.eldiario.net\\\/portal\\\/2026\\\/03\\\/25\\\/caos-total-bloqueos-asfixian-la-paz-y-el-alto-con-filas-kilometricas-en-el-teleferico-0950\\\/#primaryimage\",\"url\":\"https:\\\/\\\/www.eldiario.net\\\/portal\\\/wp-content\\\/uploads\\\/2026\\\/03\\\/teleferico-verde-25.03.26-copia.webp\",\"contentUrl\":\"https:\\\/\\\/www.eldiario.net\\\/portal\\\/wp-content\\\/uploads\\\/2026\\\/03\\\/teleferico-verde-25.03.26-copia.webp\",\"width\":650,\"height\":478,\"caption\":\"Foto: Filas en telef\u00e9rico verde zona sur (RR.SS.)\"},{\"@type\":\"BreadcrumbList\",\"@id\":\"https:\\\/\\\/www.eldiario.net\\\/portal\\\/2026\\\/03\\\/25\\\/caos-total-bloqueos-asfixian-la-paz-y-el-alto-con-filas-kilometricas-en-el-teleferico-0950\\\/#breadcrumb\",\"itemListElement\":[{\"@type\":\"ListItem\",\"position\":1,\"name\":\"Portada\",\"item\":\"https:\\\/\\\/www.eldiario.net\\\/portal\\\/\"},{\"@type\":\"ListItem\",\"position\":2,\"name\":\"Caos total: Bloqueos asfixian La Paz y El Alto con filas kilom\u00e9tricas en el Telef\u00e9rico (09:50)\"}]},{\"@type\":\"WebSite\",\"@id\":\"https:\\\/\\\/www.eldiario.net\\\/portal\\\/#website\",\"url\":\"https:\\\/\\\/www.eldiario.net\\\/portal\\\/\",\"name\":\"El Diario - Decano de la prensa nacional\",\"description\":\"El Diario - Decano de la prensa nacional\",\"publisher\":{\"@id\":\"https:\\\/\\\/www.eldiario.net\\\/portal\\\/#organization\"},\"potentialAction\":[{\"@type\":\"SearchAction\",\"target\":{\"@type\":\"EntryPoint\",\"urlTemplate\":\"https:\\\/\\\/www.eldiario.net\\\/portal\\\/?s={search_term_string}\"},\"query-input\":{\"@type\":\"PropertyValueSpecification\",\"valueRequired\":true,\"valueName\":\"search_term_string\"}}],\"inLanguage\":\"es\"},{\"@type\":\"Organization\",\"@id\":\"https:\\\/\\\/www.eldiario.net\\\/portal\\\/#organization\",\"name\":\"El Diario - Decano de la prensa nacional\",\"url\":\"https:\\\/\\\/www.eldiario.net\\\/portal\\\/\",\"logo\":{\"@type\":\"ImageObject\",\"inLanguage\":\"es\",\"@id\":\"https:\\\/\\\/www.eldiario.net\\\/portal\\\/#\\\/schema\\\/logo\\\/image\\\/\",\"url\":\"https:\\\/\\\/www.eldiario.net\\\/portal\\\/wp-content\\\/uploads\\\/2023\\\/07\\\/logo_ED.jpg\",\"contentUrl\":\"https:\\\/\\\/www.eldiario.net\\\/portal\\\/wp-content\\\/uploads\\\/2023\\\/07\\\/logo_ED.jpg\",\"width\":272,\"height\":52,\"caption\":\"El Diario - Decano de la prensa nacional\"},\"image\":{\"@id\":\"https:\\\/\\\/www.eldiario.net\\\/portal\\\/#\\\/schema\\\/logo\\\/image\\\/\"},\"sameAs\":[\"https:\\\/\\\/www.facebook.com\\\/eldiario.bolivia\\\/\",\"https:\\\/\\\/x.com\\\/eldiario_net\"]},{\"@type\":\"Person\",\"@id\":\"https:\\\/\\\/www.eldiario.net\\\/portal\\\/#\\\/schema\\\/person\\\/32cc89e801dfcbad3a54f91da7f2ea06\",\"name\":\"Viviana Monrroy\",\"image\":{\"@type\":\"ImageObject\",\"inLanguage\":\"es\",\"@id\":\"https:\\\/\\\/secure.gravatar.com\\\/avatar\\\/dfd1611ed5600959a0e5a9754503b6c05d1dcf190010998e0363aee2ad98afca?s=96&d=mm&r=g\",\"url\":\"https:\\\/\\\/secure.gravatar.com\\\/avatar\\\/dfd1611ed5600959a0e5a9754503b6c05d1dcf190010998e0363aee2ad98afca?s=96&d=mm&r=g\",\"contentUrl\":\"https:\\\/\\\/secure.gravatar.com\\\/avatar\\\/dfd1611ed5600959a0e5a9754503b6c05d1dcf190010998e0363aee2ad98afca?s=96&d=mm&r=g\",\"caption\":\"Viviana Monrroy\"},\"sameAs\":[\"http:\\\/\\\/www.eldiario.net\"],\"url\":\"https:\\\/\\\/www.eldiario.net\\\/portal\\\/author\\\/vivianamonrroy\\\/\"}]}<\/script>\n<!-- \/ Yoast SEO plugin. -->","yoast_head_json":{"title":"Caos total: Bloqueos asfixian La Paz y El Alto con filas kilom\u00e9tricas en el Telef\u00e9rico (09:50) - El Diario - Bolivia","robots":{"index":"index","follow":"follow","max-snippet":"max-snippet:-1","max-image-preview":"max-image-preview:large","max-video-preview":"max-video-preview:-1"},"canonical":"https:\/\/www.eldiario.net\/portal\/2026\/03\/25\/caos-total-bloqueos-asfixian-la-paz-y-el-alto-con-filas-kilometricas-en-el-teleferico-0950\/","og_locale":"es_ES","og_type":"article","og_title":"Caos total: Bloqueos asfixian La Paz y El Alto con filas kilom\u00e9tricas en el Telef\u00e9rico (09:50) - El Diario - Bolivia","og_description":"La sede de Gobierno y la ciudad de El Alto amanecieron completamente paralizadas por un contundente paro de transporte que no dej\u00f3 v\u00edas de escape para los veh\u00edculos. Sin alternativas de paso por los bloqueos, la poblaci\u00f3n se volc\u00f3 masivamente al sistema de cable. En la zona sur, la situaci\u00f3n es cr\u00edtica: la fila para [&hellip;]","og_url":"https:\/\/www.eldiario.net\/portal\/2026\/03\/25\/caos-total-bloqueos-asfixian-la-paz-y-el-alto-con-filas-kilometricas-en-el-teleferico-0950\/","og_site_name":"El Diario - Bolivia","article_publisher":"https:\/\/www.facebook.com\/eldiario.bolivia\/","article_published_time":"2026-03-25T13:52:42+00:00","og_image":[{"width":650,"height":478,"url":"https:\/\/www.eldiario.net\/portal\/wp-content\/uploads\/2026\/03\/teleferico-verde-25.03.26-copia.webp","type":"image\/webp"}],"author":"Viviana Monrroy","twitter_card":"summary_large_image","twitter_creator":"@eldiario_net","twitter_site":"@eldiario_net","twitter_misc":{"Escrito por":"Viviana Monrroy","Tiempo de lectura":"2 minutos"},"schema":{"@context":"https:\/\/schema.org","@graph":[{"@type":"Article","@id":"https:\/\/www.eldiario.net\/portal\/2026\/03\/25\/caos-total-bloqueos-asfixian-la-paz-y-el-alto-con-filas-kilometricas-en-el-teleferico-0950\/#article","isPartOf":{"@id":"https:\/\/www.eldiario.net\/portal\/2026\/03\/25\/caos-total-bloqueos-asfixian-la-paz-y-el-alto-con-filas-kilometricas-en-el-teleferico-0950\/"},"author":{"name":"Viviana Monrroy","@id":"https:\/\/www.eldiario.net\/portal\/#\/schema\/person\/32cc89e801dfcbad3a54f91da7f2ea06"},"headline":"Caos total: Bloqueos asfixian La Paz y El Alto con filas kilom\u00e9tricas en el Telef\u00e9rico (09:50)","datePublished":"2026-03-25T13:52:42+00:00","mainEntityOfPage":{"@id":"https:\/\/www.eldiario.net\/portal\/2026\/03\/25\/caos-total-bloqueos-asfixian-la-paz-y-el-alto-con-filas-kilometricas-en-el-teleferico-0950\/"},"wordCount":250,"publisher":{"@id":"https:\/\/www.eldiario.net\/portal\/#organization"},"image":{"@id":"https:\/\/www.eldiario.net\/portal\/2026\/03\/25\/caos-total-bloqueos-asfixian-la-paz-y-el-alto-con-filas-kilometricas-en-el-teleferico-0950\/#primaryimage"},"thumbnailUrl":"https:\/\/www.eldiario.net\/portal\/wp-content\/uploads\/2026\/03\/teleferico-verde-25.03.26-copia.webp","articleSection":["\u00daltima Hora"],"inLanguage":"es"},{"@type":"WebPage","@id":"https:\/\/www.eldiario.net\/portal\/2026\/03\/25\/caos-total-bloqueos-asfixian-la-paz-y-el-alto-con-filas-kilometricas-en-el-teleferico-0950\/","url":"https:\/\/www.eldiario.net\/portal\/2026\/03\/25\/caos-total-bloqueos-asfixian-la-paz-y-el-alto-con-filas-kilometricas-en-el-teleferico-0950\/","name":"Caos total: Bloqueos asfixian La Paz y El Alto con filas kilom\u00e9tricas en el Telef\u00e9rico (09:50) - El Diario - Bolivia","isPartOf":{"@id":"https:\/\/www.eldiario.net\/portal\/#website"},"primaryImageOfPage":{"@id":"https:\/\/www.eldiario.net\/portal\/2026\/03\/25\/caos-total-bloqueos-asfixian-la-paz-y-el-alto-con-filas-kilometricas-en-el-teleferico-0950\/#primaryimage"},"image":{"@id":"https:\/\/www.eldiario.net\/portal\/2026\/03\/25\/caos-total-bloqueos-asfixian-la-paz-y-el-alto-con-filas-kilometricas-en-el-teleferico-0950\/#primaryimage"},"thumbnailUrl":"https:\/\/www.eldiario.net\/portal\/wp-content\/uploads\/2026\/03\/teleferico-verde-25.03.26-copia.webp","datePublished":"2026-03-25T13:52:42+00:00","breadcrumb":{"@id":"https:\/\/www.eldiario.net\/portal\/2026\/03\/25\/caos-total-bloqueos-asfixian-la-paz-y-el-alto-con-filas-kilometricas-en-el-teleferico-0950\/#breadcrumb"},"inLanguage":"es","potentialAction":[{"@type":"ReadAction","target":["https:\/\/www.eldiario.net\/portal\/2026\/03\/25\/caos-total-bloqueos-asfixian-la-paz-y-el-alto-con-filas-kilometricas-en-el-teleferico-0950\/"]}]},{"@type":"ImageObject","inLanguage":"es","@id":"https:\/\/www.eldiario.net\/portal\/2026\/03\/25\/caos-total-bloqueos-asfixian-la-paz-y-el-alto-con-filas-kilometricas-en-el-teleferico-0950\/#primaryimage","url":"https:\/\/www.eldiario.net\/portal\/wp-content\/uploads\/2026\/03\/teleferico-verde-25.03.26-copia.webp","contentUrl":"https:\/\/www.eldiario.net\/portal\/wp-content\/uploads\/2026\/03\/teleferico-verde-25.03.26-copia.webp","width":650,"height":478,"caption":"Foto: Filas en telef\u00e9rico verde zona sur (RR.SS.)"},{"@type":"BreadcrumbList","@id":"https:\/\/www.eldiario.net\/portal\/2026\/03\/25\/caos-total-bloqueos-asfixian-la-paz-y-el-alto-con-filas-kilometricas-en-el-teleferico-0950\/#breadcrumb","itemListElement":[{"@type":"ListItem","position":1,"name":"Portada","item":"https:\/\/www.eldiario.net\/portal\/"},{"@type":"ListItem","position":2,"name":"Caos total: Bloqueos asfixian La Paz y El Alto con filas kilom\u00e9tricas en el Telef\u00e9rico (09:50)"}]},{"@type":"WebSite","@id":"https:\/\/www.eldiario.net\/portal\/#website","url":"https:\/\/www.eldiario.net\/portal\/","name":"El Diario - Decano de la prensa nacional","description":"El Diario - Decano de la prensa nacional","publisher":{"@id":"https:\/\/www.eldiario.net\/portal\/#organization"},"potentialAction":[{"@type":"SearchAction","target":{"@type":"EntryPoint","urlTemplate":"https:\/\/www.eldiario.net\/portal\/?s={search_term_string}"},"query-input":{"@type":"PropertyValueSpecification","valueRequired":true,"valueName":"search_term_string"}}],"inLanguage":"es"},{"@type":"Organization","@id":"https:\/\/www.eldiario.net\/portal\/#organization","name":"El Diario - Decano de la prensa nacional","url":"https:\/\/www.eldiario.net\/portal\/","logo":{"@type":"ImageObject","inLanguage":"es","@id":"https:\/\/www.eldiario.net\/portal\/#\/schema\/logo\/image\/","url":"https:\/\/www.eldiario.net\/portal\/wp-content\/uploads\/2023\/07\/logo_ED.jpg","contentUrl":"https:\/\/www.eldiario.net\/portal\/wp-content\/uploads\/2023\/07\/logo_ED.jpg","width":272,"height":52,"caption":"El Diario - Decano de la prensa nacional"},"image":{"@id":"https:\/\/www.eldiario.net\/portal\/#\/schema\/logo\/image\/"},"sameAs":["https:\/\/www.facebook.com\/eldiario.bolivia\/","https:\/\/x.com\/eldiario_net"]},{"@type":"Person","@id":"https:\/\/www.eldiario.net\/portal\/#\/schema\/person\/32cc89e801dfcbad3a54f91da7f2ea06","name":"Viviana Monrroy","image":{"@type":"ImageObject","inLanguage":"es","@id":"https:\/\/secure.gravatar.com\/avatar\/dfd1611ed5600959a0e5a9754503b6c05d1dcf190010998e0363aee2ad98afca?s=96&d=mm&r=g","url":"https:\/\/secure.gravatar.com\/avatar\/dfd1611ed5600959a0e5a9754503b6c05d1dcf190010998e0363aee2ad98afca?s=96&d=mm&r=g","contentUrl":"https:\/\/secure.gravatar.com\/avatar\/dfd1611ed5600959a0e5a9754503b6c05d1dcf190010998e0363aee2ad98afca?s=96&d=mm&r=g","caption":"Viviana Monrroy"},"sameAs":["http:\/\/www.eldiario.net"],"url":"https:\/\/www.eldiario.net\/portal\/author\/vivianamonrroy\/"}]}},"_links":{"self":[{"href":"https:\/\/www.eldiario.net\/portal\/wp-json\/wp\/v2\/posts\/379290","targetHints":{"allow":["GET"]}}],"collection":[{"href":"https:\/\/www.eldiario.net\/portal\/wp-json\/wp\/v2\/posts"}],"about":[{"href":"https:\/\/www.eldiario.net\/portal\/wp-json\/wp\/v2\/types\/post"}],"author":[{"embeddable":true,"href":"https:\/\/www.eldiario.net\/portal\/wp-json\/wp\/v2\/users\/7"}],"replies":[{"embeddable":true,"href":"https:\/\/www.eldiario.net\/portal\/wp-json\/wp\/v2\/comments?post=379290"}],"version-history":[{"count":1,"href":"https:\/\/www.eldiario.net\/portal\/wp-json\/wp\/v2\/posts\/379290\/revisions"}],"predecessor-version":[{"id":379295,"href":"https:\/\/www.eldiario.net\/portal\/wp-json\/wp\/v2\/posts\/379290\/revisions\/379295"}],"wp:featuredmedia":[{"embeddable":true,"href":"https:\/\/www.eldiario.net\/portal\/wp-json\/wp\/v2\/media\/379294"}],"wp:attachment":[{"href":"https:\/\/www.eldiario.net\/portal\/wp-json\/wp\/v2\/media?parent=379290"}],"wp:term":[{"taxonomy":"category","embeddable":true,"href":"https:\/\/www.eldiario.net\/portal\/wp-json\/wp\/v2\/categories?post=379290"},{"taxonomy":"post_tag","embeddable":true,"href":"https:\/\/www.eldiario.net\/portal\/wp-json\/wp\/v2\/tags?post=379290"}],"curies":[{"name":"wp","href":"https:\/\/api.w.org\/{rel}","templated":true}]}}