{"id":379285,"date":"2026-03-25T09:23:16","date_gmt":"2026-03-25T13:23:16","guid":{"rendered":"https:\/\/www.eldiario.net\/portal\/?p=379285"},"modified":"2026-03-25T09:23:58","modified_gmt":"2026-03-25T13:23:58","slug":"se-insistira-con-interpelar-al-ministro-de-hidrocarburos-0918","status":"publish","type":"post","link":"https:\/\/www.eldiario.net\/portal\/2026\/03\/25\/se-insistira-con-interpelar-al-ministro-de-hidrocarburos-0918\/","title":{"rendered":"Se insistir\u00e1 con interpelar al Ministro de Hidrocarburos (09:18)"},"content":{"rendered":"<p><iframe loading=\"lazy\" title=\"Se insistir\u00e1 con interpelar al Ministro de Hidrocarburos\" width=\"696\" height=\"392\" src=\"https:\/\/www.youtube.com\/embed\/HeEFDoP6IRw?feature=oembed\" frameborder=\"0\" allow=\"accelerometer; autoplay; clipboard-write; encrypted-media; gyroscope; picture-in-picture; web-share\" referrerpolicy=\"strict-origin-when-cross-origin\" allowfullscreen><\/iframe><\/p>\n<p>A principios de marzo, el Senado convoc\u00f3 a una sesi\u00f3n de petici\u00f3n de informe al Ministro de Hidrocarburos y Energ\u00eda, Mauricio Medinaceli, con la finalidad de lograr una explicaci\u00f3n a la gasolina contaminada que ocasiona desperfectos en muchas movilidades del pa\u00eds.<\/p>\n<p>Medinaceli asisti\u00f3 y respondi\u00f3 nueve preguntas de un cuestionario; pero las respuestas no fueron satisfactorias para los senadores que convocaron a esa petici\u00f3n de informe, por lo tanto, seg\u00fan el senador Abd\u00f3n Porcel, de LIBRE, se seguir\u00e1 con gestiones para una interpelaci\u00f3n a ese ministro, ya que los problemas de la gasolina persisten.<\/p>\n<p>&nbsp;<\/p>\n","protected":false},"excerpt":{"rendered":"<p>A principios de marzo, el Senado convoc\u00f3 a una sesi\u00f3n de petici\u00f3n de informe al Ministro de Hidrocarburos y Energ\u00eda, Mauricio Medinaceli, con la finalidad de lograr una explicaci\u00f3n a la gasolina contaminada que ocasiona desperfectos en muchas movilidades del pa\u00eds. Medinaceli asisti\u00f3 y respondi\u00f3 nueve preguntas de un cuestionario; pero las respuestas no fueron [&hellip;]<\/p>\n","protected":false},"author":6,"featured_media":379286,"comment_status":"closed","ping_status":"open","sticky":false,"template":"","format":"video","meta":{"_acf_changed":false,"footnotes":""},"categories":[51],"tags":[],"class_list":["post-379285","post","type-post","status-publish","format-video","has-post-thumbnail","category-ultima-hora","post_format-post-format-video"],"acf":{"antetitulo":""},"yoast_head":"<!-- This site is optimized with the Yoast SEO plugin v28.4 - https:\/\/yoast.com\/product\/yoast-seo-wordpress\/ -->\n<title>Se insistir\u00e1 con interpelar al Ministro de Hidrocarburos (09:18) - El Diario - Bolivia<\/title>\n<meta name=\"robots\" content=\"index, follow, max-snippet:-1, max-image-preview:large, max-video-preview:-1\" \/>\n<link rel=\"canonical\" href=\"https:\/\/www.eldiario.net\/portal\/2026\/03\/25\/se-insistira-con-interpelar-al-ministro-de-hidrocarburos-0918\/\" \/>\n<meta property=\"og:locale\" content=\"es_ES\" \/>\n<meta property=\"og:type\" content=\"article\" \/>\n<meta property=\"og:title\" content=\"Se insistir\u00e1 con interpelar al Ministro de Hidrocarburos (09:18) - El Diario - Bolivia\" \/>\n<meta property=\"og:description\" content=\"A principios de marzo, el Senado convoc\u00f3 a una sesi\u00f3n de petici\u00f3n de informe al Ministro de Hidrocarburos y Energ\u00eda, Mauricio Medinaceli, con la finalidad de lograr una explicaci\u00f3n a la gasolina contaminada que ocasiona desperfectos en muchas movilidades del pa\u00eds. Medinaceli asisti\u00f3 y respondi\u00f3 nueve preguntas de un cuestionario; pero las respuestas no fueron [&hellip;]\" \/>\n<meta property=\"og:url\" content=\"https:\/\/www.eldiario.net\/portal\/2026\/03\/25\/se-insistira-con-interpelar-al-ministro-de-hidrocarburos-0918\/\" \/>\n<meta property=\"og:site_name\" content=\"El Diario - Bolivia\" \/>\n<meta property=\"article:publisher\" content=\"https:\/\/www.facebook.com\/eldiario.bolivia\/\" \/>\n<meta property=\"article:published_time\" content=\"2026-03-25T13:23:16+00:00\" \/>\n<meta property=\"article:modified_time\" content=\"2026-03-25T13:23:58+00:00\" \/>\n<meta property=\"og:image\" content=\"https:\/\/www.eldiario.net\/portal\/wp-content\/uploads\/2026\/03\/WhatsApp-Image-2026-03-24-at-5.57.48-PM-e1774443972459.jpeg\" \/>\n\t<meta property=\"og:image:width\" content=\"600\" \/>\n\t<meta property=\"og:image:height\" content=\"317\" \/>\n\t<meta property=\"og:image:type\" content=\"image\/jpeg\" \/>\n<meta name=\"author\" content=\"Mariana Garnica\" \/>\n<meta name=\"twitter:card\" content=\"summary_large_image\" \/>\n<meta name=\"twitter:creator\" content=\"@eldiario_net\" \/>\n<meta name=\"twitter:site\" content=\"@eldiario_net\" \/>\n<meta name=\"twitter:label1\" content=\"Escrito por\" \/>\n\t<meta name=\"twitter:data1\" content=\"Mariana Garnica\" \/>\n\t<meta name=\"twitter:label2\" content=\"Tiempo de lectura\" \/>\n\t<meta name=\"twitter:data2\" content=\"1 minuto\" \/>\n<script type=\"application\/ld+json\" class=\"yoast-schema-graph\">{\"@context\":\"https:\\\/\\\/schema.org\",\"@graph\":[{\"@type\":\"Article\",\"@id\":\"https:\\\/\\\/www.eldiario.net\\\/portal\\\/2026\\\/03\\\/25\\\/se-insistira-con-interpelar-al-ministro-de-hidrocarburos-0918\\\/#article\",\"isPartOf\":{\"@id\":\"https:\\\/\\\/www.eldiario.net\\\/portal\\\/2026\\\/03\\\/25\\\/se-insistira-con-interpelar-al-ministro-de-hidrocarburos-0918\\\/\"},\"author\":{\"name\":\"Mariana Garnica\",\"@id\":\"https:\\\/\\\/www.eldiario.net\\\/portal\\\/#\\\/schema\\\/person\\\/b02ed27b456c3e0bd38941da92e05130\"},\"headline\":\"Se insistir\u00e1 con interpelar al Ministro de Hidrocarburos (09:18)\",\"datePublished\":\"2026-03-25T13:23:16+00:00\",\"dateModified\":\"2026-03-25T13:23:58+00:00\",\"mainEntityOfPage\":{\"@id\":\"https:\\\/\\\/www.eldiario.net\\\/portal\\\/2026\\\/03\\\/25\\\/se-insistira-con-interpelar-al-ministro-de-hidrocarburos-0918\\\/\"},\"wordCount\":119,\"publisher\":{\"@id\":\"https:\\\/\\\/www.eldiario.net\\\/portal\\\/#organization\"},\"image\":{\"@id\":\"https:\\\/\\\/www.eldiario.net\\\/portal\\\/2026\\\/03\\\/25\\\/se-insistira-con-interpelar-al-ministro-de-hidrocarburos-0918\\\/#primaryimage\"},\"thumbnailUrl\":\"https:\\\/\\\/www.eldiario.net\\\/portal\\\/wp-content\\\/uploads\\\/2026\\\/03\\\/WhatsApp-Image-2026-03-24-at-5.57.48-PM-e1774443972459.jpeg\",\"articleSection\":[\"\u00daltima Hora\"],\"inLanguage\":\"es\"},{\"@type\":\"WebPage\",\"@id\":\"https:\\\/\\\/www.eldiario.net\\\/portal\\\/2026\\\/03\\\/25\\\/se-insistira-con-interpelar-al-ministro-de-hidrocarburos-0918\\\/\",\"url\":\"https:\\\/\\\/www.eldiario.net\\\/portal\\\/2026\\\/03\\\/25\\\/se-insistira-con-interpelar-al-ministro-de-hidrocarburos-0918\\\/\",\"name\":\"Se insistir\u00e1 con interpelar al Ministro de Hidrocarburos (09:18) - El Diario - Bolivia\",\"isPartOf\":{\"@id\":\"https:\\\/\\\/www.eldiario.net\\\/portal\\\/#website\"},\"primaryImageOfPage\":{\"@id\":\"https:\\\/\\\/www.eldiario.net\\\/portal\\\/2026\\\/03\\\/25\\\/se-insistira-con-interpelar-al-ministro-de-hidrocarburos-0918\\\/#primaryimage\"},\"image\":{\"@id\":\"https:\\\/\\\/www.eldiario.net\\\/portal\\\/2026\\\/03\\\/25\\\/se-insistira-con-interpelar-al-ministro-de-hidrocarburos-0918\\\/#primaryimage\"},\"thumbnailUrl\":\"https:\\\/\\\/www.eldiario.net\\\/portal\\\/wp-content\\\/uploads\\\/2026\\\/03\\\/WhatsApp-Image-2026-03-24-at-5.57.48-PM-e1774443972459.jpeg\",\"datePublished\":\"2026-03-25T13:23:16+00:00\",\"dateModified\":\"2026-03-25T13:23:58+00:00\",\"breadcrumb\":{\"@id\":\"https:\\\/\\\/www.eldiario.net\\\/portal\\\/2026\\\/03\\\/25\\\/se-insistira-con-interpelar-al-ministro-de-hidrocarburos-0918\\\/#breadcrumb\"},\"inLanguage\":\"es\",\"potentialAction\":[{\"@type\":\"ReadAction\",\"target\":[\"https:\\\/\\\/www.eldiario.net\\\/portal\\\/2026\\\/03\\\/25\\\/se-insistira-con-interpelar-al-ministro-de-hidrocarburos-0918\\\/\"]}]},{\"@type\":\"ImageObject\",\"inLanguage\":\"es\",\"@id\":\"https:\\\/\\\/www.eldiario.net\\\/portal\\\/2026\\\/03\\\/25\\\/se-insistira-con-interpelar-al-ministro-de-hidrocarburos-0918\\\/#primaryimage\",\"url\":\"https:\\\/\\\/www.eldiario.net\\\/portal\\\/wp-content\\\/uploads\\\/2026\\\/03\\\/WhatsApp-Image-2026-03-24-at-5.57.48-PM-e1774443972459.jpeg\",\"contentUrl\":\"https:\\\/\\\/www.eldiario.net\\\/portal\\\/wp-content\\\/uploads\\\/2026\\\/03\\\/WhatsApp-Image-2026-03-24-at-5.57.48-PM-e1774443972459.jpeg\",\"width\":600,\"height\":317},{\"@type\":\"BreadcrumbList\",\"@id\":\"https:\\\/\\\/www.eldiario.net\\\/portal\\\/2026\\\/03\\\/25\\\/se-insistira-con-interpelar-al-ministro-de-hidrocarburos-0918\\\/#breadcrumb\",\"itemListElement\":[{\"@type\":\"ListItem\",\"position\":1,\"name\":\"Portada\",\"item\":\"https:\\\/\\\/www.eldiario.net\\\/portal\\\/\"},{\"@type\":\"ListItem\",\"position\":2,\"name\":\"Se insistir\u00e1 con interpelar al Ministro de Hidrocarburos (09:18)\"}]},{\"@type\":\"WebSite\",\"@id\":\"https:\\\/\\\/www.eldiario.net\\\/portal\\\/#website\",\"url\":\"https:\\\/\\\/www.eldiario.net\\\/portal\\\/\",\"name\":\"El Diario - Decano de la prensa nacional\",\"description\":\"El Diario - Decano de la prensa nacional\",\"publisher\":{\"@id\":\"https:\\\/\\\/www.eldiario.net\\\/portal\\\/#organization\"},\"potentialAction\":[{\"@type\":\"SearchAction\",\"target\":{\"@type\":\"EntryPoint\",\"urlTemplate\":\"https:\\\/\\\/www.eldiario.net\\\/portal\\\/?s={search_term_string}\"},\"query-input\":{\"@type\":\"PropertyValueSpecification\",\"valueRequired\":true,\"valueName\":\"search_term_string\"}}],\"inLanguage\":\"es\"},{\"@type\":\"Organization\",\"@id\":\"https:\\\/\\\/www.eldiario.net\\\/portal\\\/#organization\",\"name\":\"El Diario - Decano de la prensa nacional\",\"url\":\"https:\\\/\\\/www.eldiario.net\\\/portal\\\/\",\"logo\":{\"@type\":\"ImageObject\",\"inLanguage\":\"es\",\"@id\":\"https:\\\/\\\/www.eldiario.net\\\/portal\\\/#\\\/schema\\\/logo\\\/image\\\/\",\"url\":\"https:\\\/\\\/www.eldiario.net\\\/portal\\\/wp-content\\\/uploads\\\/2023\\\/07\\\/logo_ED.jpg\",\"contentUrl\":\"https:\\\/\\\/www.eldiario.net\\\/portal\\\/wp-content\\\/uploads\\\/2023\\\/07\\\/logo_ED.jpg\",\"width\":272,\"height\":52,\"caption\":\"El Diario - Decano de la prensa nacional\"},\"image\":{\"@id\":\"https:\\\/\\\/www.eldiario.net\\\/portal\\\/#\\\/schema\\\/logo\\\/image\\\/\"},\"sameAs\":[\"https:\\\/\\\/www.facebook.com\\\/eldiario.bolivia\\\/\",\"https:\\\/\\\/x.com\\\/eldiario_net\"]},{\"@type\":\"Person\",\"@id\":\"https:\\\/\\\/www.eldiario.net\\\/portal\\\/#\\\/schema\\\/person\\\/b02ed27b456c3e0bd38941da92e05130\",\"name\":\"Mariana Garnica\",\"image\":{\"@type\":\"ImageObject\",\"inLanguage\":\"es\",\"@id\":\"https:\\\/\\\/secure.gravatar.com\\\/avatar\\\/41ff8773a042930478027d27070a9bf5dfb25b1f36d7245a4372dea1f9f295bf?s=96&d=mm&r=g\",\"url\":\"https:\\\/\\\/secure.gravatar.com\\\/avatar\\\/41ff8773a042930478027d27070a9bf5dfb25b1f36d7245a4372dea1f9f295bf?s=96&d=mm&r=g\",\"contentUrl\":\"https:\\\/\\\/secure.gravatar.com\\\/avatar\\\/41ff8773a042930478027d27070a9bf5dfb25b1f36d7245a4372dea1f9f295bf?s=96&d=mm&r=g\",\"caption\":\"Mariana Garnica\"},\"url\":\"https:\\\/\\\/www.eldiario.net\\\/portal\\\/author\\\/manzanita\\\/\"}]}<\/script>\n<!-- \/ Yoast SEO plugin. -->","yoast_head_json":{"title":"Se insistir\u00e1 con interpelar al Ministro de Hidrocarburos (09:18) - El Diario - Bolivia","robots":{"index":"index","follow":"follow","max-snippet":"max-snippet:-1","max-image-preview":"max-image-preview:large","max-video-preview":"max-video-preview:-1"},"canonical":"https:\/\/www.eldiario.net\/portal\/2026\/03\/25\/se-insistira-con-interpelar-al-ministro-de-hidrocarburos-0918\/","og_locale":"es_ES","og_type":"article","og_title":"Se insistir\u00e1 con interpelar al Ministro de Hidrocarburos (09:18) - El Diario - Bolivia","og_description":"A principios de marzo, el Senado convoc\u00f3 a una sesi\u00f3n de petici\u00f3n de informe al Ministro de Hidrocarburos y Energ\u00eda, Mauricio Medinaceli, con la finalidad de lograr una explicaci\u00f3n a la gasolina contaminada que ocasiona desperfectos en muchas movilidades del pa\u00eds. Medinaceli asisti\u00f3 y respondi\u00f3 nueve preguntas de un cuestionario; pero las respuestas no fueron [&hellip;]","og_url":"https:\/\/www.eldiario.net\/portal\/2026\/03\/25\/se-insistira-con-interpelar-al-ministro-de-hidrocarburos-0918\/","og_site_name":"El Diario - Bolivia","article_publisher":"https:\/\/www.facebook.com\/eldiario.bolivia\/","article_published_time":"2026-03-25T13:23:16+00:00","article_modified_time":"2026-03-25T13:23:58+00:00","og_image":[{"width":600,"height":317,"url":"https:\/\/www.eldiario.net\/portal\/wp-content\/uploads\/2026\/03\/WhatsApp-Image-2026-03-24-at-5.57.48-PM-e1774443972459.jpeg","type":"image\/jpeg"}],"author":"Mariana Garnica","twitter_card":"summary_large_image","twitter_creator":"@eldiario_net","twitter_site":"@eldiario_net","twitter_misc":{"Escrito por":"Mariana Garnica","Tiempo de lectura":"1 minuto"},"schema":{"@context":"https:\/\/schema.org","@graph":[{"@type":"Article","@id":"https:\/\/www.eldiario.net\/portal\/2026\/03\/25\/se-insistira-con-interpelar-al-ministro-de-hidrocarburos-0918\/#article","isPartOf":{"@id":"https:\/\/www.eldiario.net\/portal\/2026\/03\/25\/se-insistira-con-interpelar-al-ministro-de-hidrocarburos-0918\/"},"author":{"name":"Mariana Garnica","@id":"https:\/\/www.eldiario.net\/portal\/#\/schema\/person\/b02ed27b456c3e0bd38941da92e05130"},"headline":"Se insistir\u00e1 con interpelar al Ministro de Hidrocarburos (09:18)","datePublished":"2026-03-25T13:23:16+00:00","dateModified":"2026-03-25T13:23:58+00:00","mainEntityOfPage":{"@id":"https:\/\/www.eldiario.net\/portal\/2026\/03\/25\/se-insistira-con-interpelar-al-ministro-de-hidrocarburos-0918\/"},"wordCount":119,"publisher":{"@id":"https:\/\/www.eldiario.net\/portal\/#organization"},"image":{"@id":"https:\/\/www.eldiario.net\/portal\/2026\/03\/25\/se-insistira-con-interpelar-al-ministro-de-hidrocarburos-0918\/#primaryimage"},"thumbnailUrl":"https:\/\/www.eldiario.net\/portal\/wp-content\/uploads\/2026\/03\/WhatsApp-Image-2026-03-24-at-5.57.48-PM-e1774443972459.jpeg","articleSection":["\u00daltima Hora"],"inLanguage":"es"},{"@type":"WebPage","@id":"https:\/\/www.eldiario.net\/portal\/2026\/03\/25\/se-insistira-con-interpelar-al-ministro-de-hidrocarburos-0918\/","url":"https:\/\/www.eldiario.net\/portal\/2026\/03\/25\/se-insistira-con-interpelar-al-ministro-de-hidrocarburos-0918\/","name":"Se insistir\u00e1 con interpelar al Ministro de Hidrocarburos (09:18) - El Diario - Bolivia","isPartOf":{"@id":"https:\/\/www.eldiario.net\/portal\/#website"},"primaryImageOfPage":{"@id":"https:\/\/www.eldiario.net\/portal\/2026\/03\/25\/se-insistira-con-interpelar-al-ministro-de-hidrocarburos-0918\/#primaryimage"},"image":{"@id":"https:\/\/www.eldiario.net\/portal\/2026\/03\/25\/se-insistira-con-interpelar-al-ministro-de-hidrocarburos-0918\/#primaryimage"},"thumbnailUrl":"https:\/\/www.eldiario.net\/portal\/wp-content\/uploads\/2026\/03\/WhatsApp-Image-2026-03-24-at-5.57.48-PM-e1774443972459.jpeg","datePublished":"2026-03-25T13:23:16+00:00","dateModified":"2026-03-25T13:23:58+00:00","breadcrumb":{"@id":"https:\/\/www.eldiario.net\/portal\/2026\/03\/25\/se-insistira-con-interpelar-al-ministro-de-hidrocarburos-0918\/#breadcrumb"},"inLanguage":"es","potentialAction":[{"@type":"ReadAction","target":["https:\/\/www.eldiario.net\/portal\/2026\/03\/25\/se-insistira-con-interpelar-al-ministro-de-hidrocarburos-0918\/"]}]},{"@type":"ImageObject","inLanguage":"es","@id":"https:\/\/www.eldiario.net\/portal\/2026\/03\/25\/se-insistira-con-interpelar-al-ministro-de-hidrocarburos-0918\/#primaryimage","url":"https:\/\/www.eldiario.net\/portal\/wp-content\/uploads\/2026\/03\/WhatsApp-Image-2026-03-24-at-5.57.48-PM-e1774443972459.jpeg","contentUrl":"https:\/\/www.eldiario.net\/portal\/wp-content\/uploads\/2026\/03\/WhatsApp-Image-2026-03-24-at-5.57.48-PM-e1774443972459.jpeg","width":600,"height":317},{"@type":"BreadcrumbList","@id":"https:\/\/www.eldiario.net\/portal\/2026\/03\/25\/se-insistira-con-interpelar-al-ministro-de-hidrocarburos-0918\/#breadcrumb","itemListElement":[{"@type":"ListItem","position":1,"name":"Portada","item":"https:\/\/www.eldiario.net\/portal\/"},{"@type":"ListItem","position":2,"name":"Se insistir\u00e1 con interpelar al Ministro de Hidrocarburos (09:18)"}]},{"@type":"WebSite","@id":"https:\/\/www.eldiario.net\/portal\/#website","url":"https:\/\/www.eldiario.net\/portal\/","name":"El Diario - Decano de la prensa nacional","description":"El Diario - Decano de la prensa nacional","publisher":{"@id":"https:\/\/www.eldiario.net\/portal\/#organization"},"potentialAction":[{"@type":"SearchAction","target":{"@type":"EntryPoint","urlTemplate":"https:\/\/www.eldiario.net\/portal\/?s={search_term_string}"},"query-input":{"@type":"PropertyValueSpecification","valueRequired":true,"valueName":"search_term_string"}}],"inLanguage":"es"},{"@type":"Organization","@id":"https:\/\/www.eldiario.net\/portal\/#organization","name":"El Diario - Decano de la prensa nacional","url":"https:\/\/www.eldiario.net\/portal\/","logo":{"@type":"ImageObject","inLanguage":"es","@id":"https:\/\/www.eldiario.net\/portal\/#\/schema\/logo\/image\/","url":"https:\/\/www.eldiario.net\/portal\/wp-content\/uploads\/2023\/07\/logo_ED.jpg","contentUrl":"https:\/\/www.eldiario.net\/portal\/wp-content\/uploads\/2023\/07\/logo_ED.jpg","width":272,"height":52,"caption":"El Diario - Decano de la prensa nacional"},"image":{"@id":"https:\/\/www.eldiario.net\/portal\/#\/schema\/logo\/image\/"},"sameAs":["https:\/\/www.facebook.com\/eldiario.bolivia\/","https:\/\/x.com\/eldiario_net"]},{"@type":"Person","@id":"https:\/\/www.eldiario.net\/portal\/#\/schema\/person\/b02ed27b456c3e0bd38941da92e05130","name":"Mariana Garnica","image":{"@type":"ImageObject","inLanguage":"es","@id":"https:\/\/secure.gravatar.com\/avatar\/41ff8773a042930478027d27070a9bf5dfb25b1f36d7245a4372dea1f9f295bf?s=96&d=mm&r=g","url":"https:\/\/secure.gravatar.com\/avatar\/41ff8773a042930478027d27070a9bf5dfb25b1f36d7245a4372dea1f9f295bf?s=96&d=mm&r=g","contentUrl":"https:\/\/secure.gravatar.com\/avatar\/41ff8773a042930478027d27070a9bf5dfb25b1f36d7245a4372dea1f9f295bf?s=96&d=mm&r=g","caption":"Mariana Garnica"},"url":"https:\/\/www.eldiario.net\/portal\/author\/manzanita\/"}]}},"_links":{"self":[{"href":"https:\/\/www.eldiario.net\/portal\/wp-json\/wp\/v2\/posts\/379285","targetHints":{"allow":["GET"]}}],"collection":[{"href":"https:\/\/www.eldiario.net\/portal\/wp-json\/wp\/v2\/posts"}],"about":[{"href":"https:\/\/www.eldiario.net\/portal\/wp-json\/wp\/v2\/types\/post"}],"author":[{"embeddable":true,"href":"https:\/\/www.eldiario.net\/portal\/wp-json\/wp\/v2\/users\/6"}],"replies":[{"embeddable":true,"href":"https:\/\/www.eldiario.net\/portal\/wp-json\/wp\/v2\/comments?post=379285"}],"version-history":[{"count":2,"href":"https:\/\/www.eldiario.net\/portal\/wp-json\/wp\/v2\/posts\/379285\/revisions"}],"predecessor-version":[{"id":379288,"href":"https:\/\/www.eldiario.net\/portal\/wp-json\/wp\/v2\/posts\/379285\/revisions\/379288"}],"wp:featuredmedia":[{"embeddable":true,"href":"https:\/\/www.eldiario.net\/portal\/wp-json\/wp\/v2\/media\/379286"}],"wp:attachment":[{"href":"https:\/\/www.eldiario.net\/portal\/wp-json\/wp\/v2\/media?parent=379285"}],"wp:term":[{"taxonomy":"category","embeddable":true,"href":"https:\/\/www.eldiario.net\/portal\/wp-json\/wp\/v2\/categories?post=379285"},{"taxonomy":"post_tag","embeddable":true,"href":"https:\/\/www.eldiario.net\/portal\/wp-json\/wp\/v2\/tags?post=379285"}],"curies":[{"name":"wp","href":"https:\/\/api.w.org\/{rel}","templated":true}]}}