{"id":379267,"date":"2026-03-25T05:17:28","date_gmt":"2026-03-25T09:17:28","guid":{"rendered":"https:\/\/www.eldiario.net\/portal\/?p=379267"},"modified":"2026-03-25T05:17:28","modified_gmt":"2026-03-25T09:17:28","slug":"embajada-de-el-salvador-impulsa-intercambio-gastronomico-en-bolivia","status":"publish","type":"post","link":"https:\/\/www.eldiario.net\/portal\/2026\/03\/25\/embajada-de-el-salvador-impulsa-intercambio-gastronomico-en-bolivia\/","title":{"rendered":"Embajada de El Salvador impulsa intercambio gastron\u00f3mico en Bolivia"},"content":{"rendered":"<p>La Embajada de El Salvador en Bolivia desarroll\u00f3 en la ciudad de La Paz una agenda de diplomacia cultural orientada a fortalecer los v\u00ednculos entre ambos pa\u00edses a trav\u00e9s de la gastronom\u00eda, considerada una expresi\u00f3n viva del patrimonio cultural y un espacio de encuentro entre pueblos.<\/p>\n<p>La iniciativa se realiz\u00f3 en el marco del Primer Encuentro de Cocina Mesoamericana y Andina, una propuesta impulsada por la representaci\u00f3n diplom\u00e1tica salvadore\u00f1a con el objetivo de promover el intercambio cultural, acad\u00e9mico y gastron\u00f3mico entre El Salvador y Bolivia.<\/p>\n<p>Como parte de esta agenda, se promovi\u00f3 un intercambio culinario profesional con el reconocido restaurante boliviano GUSTU, uno de los referentes de la cocina contempor\u00e1nea en Am\u00e9rica Latina, en el que chefs salvadore\u00f1os compartieron conocimientos, t\u00e9cnicas e ingredientes propios de la tradici\u00f3n mesoamericana, al tiempo que conocieron la riqueza gastron\u00f3mica boliviana y su enfoque en la valorizaci\u00f3n de productos locales.<\/p>\n<p>El principal resultado de este intercambio fue la realizaci\u00f3n de la cena cultural \u201cFuego del Ma\u00edz y la Altura\u201d, un encuentro gastron\u00f3mico que reuni\u00f3 en La Paz a autoridades bolivianas, representantes del cuerpo diplom\u00e1tico, empresarios y actores culturales. La velada present\u00f3 un men\u00fa colaborativo concebido como un di\u00e1logo culinario entre Mesoam\u00e9rica y los Andes, integrando preparaciones emblem\u00e1ticas de la cocina salvadore\u00f1a \u2014como pupusas, sopa de gallina india, loroco, nu\u00e9gados de yuca y empanadas de pl\u00e1tano con poleada\u2014 en conjunto con ingredientes bolivianos.<\/p>\n<p>La agenda impulsada por la Embajada tambi\u00e9n incluy\u00f3 actividades acad\u00e9micas orientadas a ampliar el alcance cultural del intercambio. En la Universidad Privada Franz Tamayo (UNIFRANZ) se realiz\u00f3 un conversatorio sobre cocina mesoamericana y turismo gastron\u00f3mico, seguido de una Master Class sobre la elaboraci\u00f3n de pupusas, que reuni\u00f3 a m\u00e1s de 100 estudiantes de las carreras de Gastronom\u00eda y Artes Culinarias, as\u00ed como de Administraci\u00f3n de Hosteler\u00eda y Turismo de las sedes de La Paz y El Alto.<\/p>\n<p>Asimismo, se desarroll\u00f3 un taller gastron\u00f3mico con la comunidad salvadore\u00f1a residente en Bolivia, orientado a fortalecer los v\u00ednculos culturales con la di\u00e1spora a trav\u00e9s de la elaboraci\u00f3n de platillos tradicionales como panes con pollo y quesadillas salvadore\u00f1as.<\/p>\n<p>Como parte de la proyecci\u00f3n cultural de esta iniciativa, tambi\u00e9n se realizaron participaciones en programas televisivos bolivianos como \u201cHola Ver\u00f3nica\u201d y \u201cGustito Boliviano\u201d, espacios que permitieron acercar la gastronom\u00eda salvadore\u00f1a al p\u00fablico boliviano.<\/p>\n<p>Como resultado de esta agenda, se han iniciado conversaciones para desarrollar futuras iniciativas de cooperaci\u00f3n gastron\u00f3mica entre instituciones de ambos pa\u00edses, incluyendo posibles intercambios profesionales y proyectos orientados a fortalecer el di\u00e1logo cultural entre Mesoam\u00e9rica y los Andes.<\/p>\n<p>A trav\u00e9s de este tipo de iniciativas, la Embajada de El Salvador busca consolidar la gastronom\u00eda como una herramienta de diplomacia cultural que permita generar espacios de encuentro, aprendizaje y cooperaci\u00f3n entre Bolivia y El Salvador.<\/p>\n\r\n                <style type=\"text\/css\">\r\n                    \r\n                    #tdi_1  .td-doubleSlider-2 .td-item1 {\r\n                        background: url(https:\/\/www.eldiario.net\/portal\/wp-content\/uploads\/2026\/03\/NOTA-1-FOTO-3-2-80x60.webp) 0 0 no-repeat;\r\n                    }\r\n                    #tdi_1  .td-doubleSlider-2 .td-item2 {\r\n                        background: url(https:\/\/www.eldiario.net\/portal\/wp-content\/uploads\/2026\/03\/NOTA-1-FOTO-4-1-80x60.webp) 0 0 no-repeat;\r\n                    }\r\n                    #tdi_1  .td-doubleSlider-2 .td-item3 {\r\n                        background: url(https:\/\/www.eldiario.net\/portal\/wp-content\/uploads\/2026\/03\/NOTA-1-FOTO-1-3-80x60.webp) 0 0 no-repeat;\r\n                    }\r\n                    #tdi_1  .td-doubleSlider-2 .td-item4 {\r\n                        background: url(https:\/\/www.eldiario.net\/portal\/wp-content\/uploads\/2026\/03\/NOTA-1-FOTO-2-3-80x60.webp) 0 0 no-repeat;\r\n                    }\r\n                <\/style>\r\n\r\n                <div id=\"tdi_1\" class=\"td-gallery td-slide-on-2-columns\">\r\n                    <div class=\"post_td_gallery\">\r\n                        <div class=\"td-gallery-slide-top\">\r\n                           <div class=\"td-gallery-title\"><\/div>\r\n\r\n                            <div class=\"td-gallery-controls-wrapper\">\r\n                                <div class=\"td-gallery-slide-count\"><span class=\"td-gallery-slide-item-focus\">1<\/span> de 4<\/div>\r\n                                <div class=\"td-gallery-slide-prev-next-but\">\r\n                                    <i class = \"td-icon-left doubleSliderPrevButton\"><\/i>\r\n                                    <i class = \"td-icon-right doubleSliderNextButton\"><\/i>\r\n                                <\/div>\r\n                            <\/div>\r\n                        <\/div>\r\n\r\n                        <div class = \"td-doubleSlider-1 \">\r\n                            <div class = \"td-slider\">\r\n                                \r\n                    <div class = \"td-slide-item td-item1\">\r\n                        <figure class=\"td-slide-galery-figure td-slide-popup-gallery\">\r\n                            <a class=\"slide-gallery-image-link\" href=\"https:\/\/www.eldiario.net\/portal\/wp-content\/uploads\/2026\/03\/NOTA-1-FOTO-3-2.webp\" title=\"NOTA 1 FOTO 3\"  data-caption=\"CENA CULTURAL \u201cFUEGO DEL MA\u00cdZ Y LA ALTURA\u201d, EL ENCUENTRO GASTRON\u00d3MICO REUNI\u00d3 EN GUSTU A AUTORIDADES BOLIVIANAS, REPRESENTANTES DEL CUERPO DIPLOM\u00c1TICO, EMPRESARIOS Y ACTORES CULTURALES.\"  data-description=\"\">\r\n                                <img decoding=\"async\" src=\"https:\/\/www.eldiario.net\/portal\/wp-content\/uploads\/2026\/03\/NOTA-1-FOTO-3-2-560x420.webp\" srcset=\"https:\/\/www.eldiario.net\/portal\/wp-content\/uploads\/2026\/03\/NOTA-1-FOTO-3-2-560x420.webp 560w, https:\/\/www.eldiario.net\/portal\/wp-content\/uploads\/2026\/03\/NOTA-1-FOTO-3-2-300x225.webp 300w, https:\/\/www.eldiario.net\/portal\/wp-content\/uploads\/2026\/03\/NOTA-1-FOTO-3-2-768x576.webp 768w, https:\/\/www.eldiario.net\/portal\/wp-content\/uploads\/2026\/03\/NOTA-1-FOTO-3-2-80x60.webp 80w, https:\/\/www.eldiario.net\/portal\/wp-content\/uploads\/2026\/03\/NOTA-1-FOTO-3-2-150x113.webp 150w, https:\/\/www.eldiario.net\/portal\/wp-content\/uploads\/2026\/03\/NOTA-1-FOTO-3-2-696x522.webp 696w, https:\/\/www.eldiario.net\/portal\/wp-content\/uploads\/2026\/03\/NOTA-1-FOTO-3-2.webp 900w\" sizes=\"(max-width: 560px) 100vw, 560px\" alt=\"\">\r\n                            <\/a>\r\n                            <figcaption class = \"td-slide-caption td-gallery-slide-content\"><div class = \"td-gallery-slide-copywrite\">CENA CULTURAL \u201cFUEGO DEL MA\u00cdZ Y LA ALTURA\u201d, EL ENCUENTRO GASTRON\u00d3MICO REUNI\u00d3 EN GUSTU A AUTORIDADES BOLIVIANAS, REPRESENTANTES DEL CUERPO DIPLOM\u00c1TICO, EMPRESARIOS Y ACTORES CULTURALES.<\/div><\/figcaption>\r\n                        <\/figure>\r\n                    <\/div>\r\n                    <div class = \"td-slide-item td-item2\">\r\n                        <figure class=\"td-slide-galery-figure td-slide-popup-gallery\">\r\n                            <a class=\"slide-gallery-image-link\" href=\"https:\/\/www.eldiario.net\/portal\/wp-content\/uploads\/2026\/03\/NOTA-1-FOTO-4-1.webp\" title=\"NOTA 1 FOTO 4\"  data-caption=\"LA CHEF SALVADORE\u00d1A TRANSMITE LA ESENCIA DE LA COCINA MESOAMERICANA A UN ESTUDIANTE DE UNIFRANZ, ENSE\u00d1ANDO EL ARTE Y LA T\u00c9CNICA TRADICIONAL DETR\u00c1S DE LA ELABORACI\u00d3N DE LAS PUPUSAS.\"  data-description=\"\">\r\n                                <img decoding=\"async\" src=\"https:\/\/www.eldiario.net\/portal\/wp-content\/uploads\/2026\/03\/NOTA-1-FOTO-4-1-315x420.webp\" srcset=\"https:\/\/www.eldiario.net\/portal\/wp-content\/uploads\/2026\/03\/NOTA-1-FOTO-4-1-315x420.webp 315w, https:\/\/www.eldiario.net\/portal\/wp-content\/uploads\/2026\/03\/NOTA-1-FOTO-4-1-225x300.webp 225w, https:\/\/www.eldiario.net\/portal\/wp-content\/uploads\/2026\/03\/NOTA-1-FOTO-4-1-768x1024.webp 768w, https:\/\/www.eldiario.net\/portal\/wp-content\/uploads\/2026\/03\/NOTA-1-FOTO-4-1-150x200.webp 150w, https:\/\/www.eldiario.net\/portal\/wp-content\/uploads\/2026\/03\/NOTA-1-FOTO-4-1-300x400.webp 300w, https:\/\/www.eldiario.net\/portal\/wp-content\/uploads\/2026\/03\/NOTA-1-FOTO-4-1-696x928.webp 696w, https:\/\/www.eldiario.net\/portal\/wp-content\/uploads\/2026\/03\/NOTA-1-FOTO-4-1.webp 900w\" sizes=\"(max-width: 315px) 100vw, 315px\" alt=\"\">\r\n                            <\/a>\r\n                            <figcaption class = \"td-slide-caption td-gallery-slide-content\"><div class = \"td-gallery-slide-copywrite\">LA CHEF SALVADORE\u00d1A TRANSMITE LA ESENCIA DE LA COCINA MESOAMERICANA A UN ESTUDIANTE DE UNIFRANZ, ENSE\u00d1ANDO EL ARTE Y LA T\u00c9CNICA TRADICIONAL DETR\u00c1S DE LA ELABORACI\u00d3N DE LAS PUPUSAS.<\/div><\/figcaption>\r\n                        <\/figure>\r\n                    <\/div>\r\n                    <div class = \"td-slide-item td-item3\">\r\n                        <figure class=\"td-slide-galery-figure td-slide-popup-gallery\">\r\n                            <a class=\"slide-gallery-image-link\" href=\"https:\/\/www.eldiario.net\/portal\/wp-content\/uploads\/2026\/03\/NOTA-1-FOTO-1-3.webp\" title=\"NOTA 1 FOTO 1\"  data-caption=\"ANA RIVAS, EMBAJADORA DE EL SALVADOR, DURANTE LA PRESENTACI\u00d3N DEL TALLER GASTRON\u00d3MICO CON LA COMUNIDAD SALVADORE\u00d1A.\"  data-description=\"\">\r\n                                <img decoding=\"async\" src=\"https:\/\/www.eldiario.net\/portal\/wp-content\/uploads\/2026\/03\/NOTA-1-FOTO-1-3-560x420.webp\" srcset=\"https:\/\/www.eldiario.net\/portal\/wp-content\/uploads\/2026\/03\/NOTA-1-FOTO-1-3-560x420.webp 560w, https:\/\/www.eldiario.net\/portal\/wp-content\/uploads\/2026\/03\/NOTA-1-FOTO-1-3-300x225.webp 300w, https:\/\/www.eldiario.net\/portal\/wp-content\/uploads\/2026\/03\/NOTA-1-FOTO-1-3-768x576.webp 768w, https:\/\/www.eldiario.net\/portal\/wp-content\/uploads\/2026\/03\/NOTA-1-FOTO-1-3-80x60.webp 80w, https:\/\/www.eldiario.net\/portal\/wp-content\/uploads\/2026\/03\/NOTA-1-FOTO-1-3-150x113.webp 150w, https:\/\/www.eldiario.net\/portal\/wp-content\/uploads\/2026\/03\/NOTA-1-FOTO-1-3-696x522.webp 696w, https:\/\/www.eldiario.net\/portal\/wp-content\/uploads\/2026\/03\/NOTA-1-FOTO-1-3.webp 900w\" sizes=\"(max-width: 560px) 100vw, 560px\" alt=\"\">\r\n                            <\/a>\r\n                            <figcaption class = \"td-slide-caption td-gallery-slide-content\"><div class = \"td-gallery-slide-copywrite\">ANA RIVAS, EMBAJADORA DE EL SALVADOR, DURANTE LA PRESENTACI\u00d3N DEL TALLER GASTRON\u00d3MICO CON LA COMUNIDAD SALVADORE\u00d1A.<\/div><\/figcaption>\r\n                        <\/figure>\r\n                    <\/div>\r\n                    <div class = \"td-slide-item td-item4\">\r\n                        <figure class=\"td-slide-galery-figure td-slide-popup-gallery\">\r\n                            <a class=\"slide-gallery-image-link\" href=\"https:\/\/www.eldiario.net\/portal\/wp-content\/uploads\/2026\/03\/NOTA-1-FOTO-2-3.webp\" title=\"NOTA 1 FOTO 2\"  data-caption=\"LOS CHEFS SALVADORE\u00d1OS EN LA COCINA DE GUSTU.\"  data-description=\"\">\r\n                                <img decoding=\"async\" src=\"https:\/\/www.eldiario.net\/portal\/wp-content\/uploads\/2026\/03\/NOTA-1-FOTO-2-3-560x420.webp\" srcset=\"https:\/\/www.eldiario.net\/portal\/wp-content\/uploads\/2026\/03\/NOTA-1-FOTO-2-3-560x420.webp 560w, https:\/\/www.eldiario.net\/portal\/wp-content\/uploads\/2026\/03\/NOTA-1-FOTO-2-3-300x225.webp 300w, https:\/\/www.eldiario.net\/portal\/wp-content\/uploads\/2026\/03\/NOTA-1-FOTO-2-3-768x576.webp 768w, https:\/\/www.eldiario.net\/portal\/wp-content\/uploads\/2026\/03\/NOTA-1-FOTO-2-3-80x60.webp 80w, https:\/\/www.eldiario.net\/portal\/wp-content\/uploads\/2026\/03\/NOTA-1-FOTO-2-3-150x113.webp 150w, https:\/\/www.eldiario.net\/portal\/wp-content\/uploads\/2026\/03\/NOTA-1-FOTO-2-3-696x522.webp 696w, https:\/\/www.eldiario.net\/portal\/wp-content\/uploads\/2026\/03\/NOTA-1-FOTO-2-3.webp 900w\" sizes=\"(max-width: 560px) 100vw, 560px\" alt=\"\">\r\n                            <\/a>\r\n                            <figcaption class = \"td-slide-caption td-gallery-slide-content\"><div class = \"td-gallery-slide-copywrite\">LOS CHEFS SALVADORE\u00d1OS EN LA COCINA DE GUSTU.<\/div><\/figcaption>\r\n                        <\/figure>\r\n                    <\/div>\r\n                            <\/div>\r\n                        <\/div>\r\n\r\n                        <div class = \"td-doubleSlider-2\">\r\n                            <div class = \"td-slider\">\r\n                                \r\n                    <div class = \"td-button td-item1\">\r\n                        <div class = \"td-border\"><\/div>\r\n                    <\/div>\r\n                    <div class = \"td-button td-item2\">\r\n                        <div class = \"td-border\"><\/div>\r\n                    <\/div>\r\n                    <div class = \"td-button td-item3\">\r\n                        <div class = \"td-border\"><\/div>\r\n                    <\/div>\r\n                    <div class = \"td-button td-item4\">\r\n                        <div class = \"td-border\"><\/div>\r\n                    <\/div>\r\n                            <\/div>\r\n                        <\/div>\r\n\r\n                    <\/div>\r\n\r\n                <\/div>\r\n                \n","protected":false},"excerpt":{"rendered":"<p>La Embajada de El Salvador en Bolivia desarroll\u00f3 en la ciudad de La Paz una agenda de diplomacia cultural orientada a fortalecer los v\u00ednculos entre ambos pa\u00edses a trav\u00e9s de la gastronom\u00eda, considerada una expresi\u00f3n viva del patrimonio cultural y un espacio de encuentro entre pueblos. La iniciativa se realiz\u00f3 en el marco del Primer [&hellip;]<\/p>\n","protected":false},"author":1,"featured_media":379270,"comment_status":"closed","ping_status":"open","sticky":false,"template":"","format":"standard","meta":{"_acf_changed":false,"footnotes":""},"categories":[42],"tags":[],"class_list":["post-379267","post","type-post","status-publish","format-standard","has-post-thumbnail","category-femenina"],"acf":{"antetitulo":"Diplomacia cultural desde la cocina"},"yoast_head":"<!-- This site is optimized with the Yoast SEO plugin v28.4 - https:\/\/yoast.com\/product\/yoast-seo-wordpress\/ -->\n<title>Embajada de El Salvador impulsa intercambio gastron\u00f3mico en Bolivia - El Diario - Bolivia<\/title>\n<meta name=\"robots\" content=\"index, follow, max-snippet:-1, max-image-preview:large, max-video-preview:-1\" \/>\n<link rel=\"canonical\" href=\"https:\/\/www.eldiario.net\/portal\/2026\/03\/25\/embajada-de-el-salvador-impulsa-intercambio-gastronomico-en-bolivia\/\" \/>\n<meta property=\"og:locale\" content=\"es_ES\" \/>\n<meta property=\"og:type\" content=\"article\" \/>\n<meta property=\"og:title\" content=\"Embajada de El Salvador impulsa intercambio gastron\u00f3mico en Bolivia - El Diario - Bolivia\" \/>\n<meta property=\"og:description\" content=\"La Embajada de El Salvador en Bolivia desarroll\u00f3 en la ciudad de La Paz una agenda de diplomacia cultural orientada a fortalecer los v\u00ednculos entre ambos pa\u00edses a trav\u00e9s de la gastronom\u00eda, considerada una expresi\u00f3n viva del patrimonio cultural y un espacio de encuentro entre pueblos. La iniciativa se realiz\u00f3 en el marco del Primer [&hellip;]\" \/>\n<meta property=\"og:url\" content=\"https:\/\/www.eldiario.net\/portal\/2026\/03\/25\/embajada-de-el-salvador-impulsa-intercambio-gastronomico-en-bolivia\/\" \/>\n<meta property=\"og:site_name\" content=\"El Diario - Bolivia\" \/>\n<meta property=\"article:publisher\" content=\"https:\/\/www.facebook.com\/eldiario.bolivia\/\" \/>\n<meta property=\"article:published_time\" content=\"2026-03-25T09:17:28+00:00\" \/>\n<meta property=\"og:image\" content=\"https:\/\/www.eldiario.net\/portal\/wp-content\/uploads\/2026\/03\/NOTA-1-FOTO-1-3.webp\" \/>\n\t<meta property=\"og:image:width\" content=\"900\" \/>\n\t<meta property=\"og:image:height\" content=\"675\" \/>\n\t<meta property=\"og:image:type\" content=\"image\/webp\" \/>\n<meta name=\"author\" content=\"Jeanette\" \/>\n<meta name=\"twitter:card\" content=\"summary_large_image\" \/>\n<meta name=\"twitter:creator\" content=\"@eldiario_net\" \/>\n<meta name=\"twitter:site\" content=\"@eldiario_net\" \/>\n<meta name=\"twitter:label1\" content=\"Escrito por\" \/>\n\t<meta name=\"twitter:data1\" content=\"Jeanette\" \/>\n\t<meta name=\"twitter:label2\" content=\"Tiempo de lectura\" \/>\n\t<meta name=\"twitter:data2\" content=\"3 minutos\" \/>\n<script type=\"application\/ld+json\" class=\"yoast-schema-graph\">{\"@context\":\"https:\\\/\\\/schema.org\",\"@graph\":[{\"@type\":\"Article\",\"@id\":\"https:\\\/\\\/www.eldiario.net\\\/portal\\\/2026\\\/03\\\/25\\\/embajada-de-el-salvador-impulsa-intercambio-gastronomico-en-bolivia\\\/#article\",\"isPartOf\":{\"@id\":\"https:\\\/\\\/www.eldiario.net\\\/portal\\\/2026\\\/03\\\/25\\\/embajada-de-el-salvador-impulsa-intercambio-gastronomico-en-bolivia\\\/\"},\"author\":{\"name\":\"Jeanette\",\"@id\":\"https:\\\/\\\/www.eldiario.net\\\/portal\\\/#\\\/schema\\\/person\\\/2c57cf2b7a7ae032e449e4c9b1019eac\"},\"headline\":\"Embajada de El Salvador impulsa intercambio gastron\u00f3mico en Bolivia\",\"datePublished\":\"2026-03-25T09:17:28+00:00\",\"mainEntityOfPage\":{\"@id\":\"https:\\\/\\\/www.eldiario.net\\\/portal\\\/2026\\\/03\\\/25\\\/embajada-de-el-salvador-impulsa-intercambio-gastronomico-en-bolivia\\\/\"},\"wordCount\":522,\"publisher\":{\"@id\":\"https:\\\/\\\/www.eldiario.net\\\/portal\\\/#organization\"},\"image\":{\"@id\":\"https:\\\/\\\/www.eldiario.net\\\/portal\\\/2026\\\/03\\\/25\\\/embajada-de-el-salvador-impulsa-intercambio-gastronomico-en-bolivia\\\/#primaryimage\"},\"thumbnailUrl\":\"https:\\\/\\\/www.eldiario.net\\\/portal\\\/wp-content\\\/uploads\\\/2026\\\/03\\\/NOTA-1-FOTO-1-3.webp\",\"articleSection\":[\"Femenina\"],\"inLanguage\":\"es\"},{\"@type\":\"WebPage\",\"@id\":\"https:\\\/\\\/www.eldiario.net\\\/portal\\\/2026\\\/03\\\/25\\\/embajada-de-el-salvador-impulsa-intercambio-gastronomico-en-bolivia\\\/\",\"url\":\"https:\\\/\\\/www.eldiario.net\\\/portal\\\/2026\\\/03\\\/25\\\/embajada-de-el-salvador-impulsa-intercambio-gastronomico-en-bolivia\\\/\",\"name\":\"Embajada de El Salvador impulsa intercambio gastron\u00f3mico en Bolivia - El Diario - Bolivia\",\"isPartOf\":{\"@id\":\"https:\\\/\\\/www.eldiario.net\\\/portal\\\/#website\"},\"primaryImageOfPage\":{\"@id\":\"https:\\\/\\\/www.eldiario.net\\\/portal\\\/2026\\\/03\\\/25\\\/embajada-de-el-salvador-impulsa-intercambio-gastronomico-en-bolivia\\\/#primaryimage\"},\"image\":{\"@id\":\"https:\\\/\\\/www.eldiario.net\\\/portal\\\/2026\\\/03\\\/25\\\/embajada-de-el-salvador-impulsa-intercambio-gastronomico-en-bolivia\\\/#primaryimage\"},\"thumbnailUrl\":\"https:\\\/\\\/www.eldiario.net\\\/portal\\\/wp-content\\\/uploads\\\/2026\\\/03\\\/NOTA-1-FOTO-1-3.webp\",\"datePublished\":\"2026-03-25T09:17:28+00:00\",\"breadcrumb\":{\"@id\":\"https:\\\/\\\/www.eldiario.net\\\/portal\\\/2026\\\/03\\\/25\\\/embajada-de-el-salvador-impulsa-intercambio-gastronomico-en-bolivia\\\/#breadcrumb\"},\"inLanguage\":\"es\",\"potentialAction\":[{\"@type\":\"ReadAction\",\"target\":[\"https:\\\/\\\/www.eldiario.net\\\/portal\\\/2026\\\/03\\\/25\\\/embajada-de-el-salvador-impulsa-intercambio-gastronomico-en-bolivia\\\/\"]}]},{\"@type\":\"ImageObject\",\"inLanguage\":\"es\",\"@id\":\"https:\\\/\\\/www.eldiario.net\\\/portal\\\/2026\\\/03\\\/25\\\/embajada-de-el-salvador-impulsa-intercambio-gastronomico-en-bolivia\\\/#primaryimage\",\"url\":\"https:\\\/\\\/www.eldiario.net\\\/portal\\\/wp-content\\\/uploads\\\/2026\\\/03\\\/NOTA-1-FOTO-1-3.webp\",\"contentUrl\":\"https:\\\/\\\/www.eldiario.net\\\/portal\\\/wp-content\\\/uploads\\\/2026\\\/03\\\/NOTA-1-FOTO-1-3.webp\",\"width\":900,\"height\":675,\"caption\":\"ANA RIVAS, EMBAJADORA DE EL SALVADOR, DURANTE LA PRESENTACI\u00d3N DEL TALLER GASTRON\u00d3MICO CON LA COMUNIDAD SALVADORE\u00d1A.\"},{\"@type\":\"BreadcrumbList\",\"@id\":\"https:\\\/\\\/www.eldiario.net\\\/portal\\\/2026\\\/03\\\/25\\\/embajada-de-el-salvador-impulsa-intercambio-gastronomico-en-bolivia\\\/#breadcrumb\",\"itemListElement\":[{\"@type\":\"ListItem\",\"position\":1,\"name\":\"Portada\",\"item\":\"https:\\\/\\\/www.eldiario.net\\\/portal\\\/\"},{\"@type\":\"ListItem\",\"position\":2,\"name\":\"Embajada de El Salvador impulsa intercambio gastron\u00f3mico en Bolivia\"}]},{\"@type\":\"WebSite\",\"@id\":\"https:\\\/\\\/www.eldiario.net\\\/portal\\\/#website\",\"url\":\"https:\\\/\\\/www.eldiario.net\\\/portal\\\/\",\"name\":\"El Diario - Decano de la prensa nacional\",\"description\":\"El Diario - Decano de la prensa nacional\",\"publisher\":{\"@id\":\"https:\\\/\\\/www.eldiario.net\\\/portal\\\/#organization\"},\"potentialAction\":[{\"@type\":\"SearchAction\",\"target\":{\"@type\":\"EntryPoint\",\"urlTemplate\":\"https:\\\/\\\/www.eldiario.net\\\/portal\\\/?s={search_term_string}\"},\"query-input\":{\"@type\":\"PropertyValueSpecification\",\"valueRequired\":true,\"valueName\":\"search_term_string\"}}],\"inLanguage\":\"es\"},{\"@type\":\"Organization\",\"@id\":\"https:\\\/\\\/www.eldiario.net\\\/portal\\\/#organization\",\"name\":\"El Diario - Decano de la prensa nacional\",\"url\":\"https:\\\/\\\/www.eldiario.net\\\/portal\\\/\",\"logo\":{\"@type\":\"ImageObject\",\"inLanguage\":\"es\",\"@id\":\"https:\\\/\\\/www.eldiario.net\\\/portal\\\/#\\\/schema\\\/logo\\\/image\\\/\",\"url\":\"https:\\\/\\\/www.eldiario.net\\\/portal\\\/wp-content\\\/uploads\\\/2023\\\/07\\\/logo_ED.jpg\",\"contentUrl\":\"https:\\\/\\\/www.eldiario.net\\\/portal\\\/wp-content\\\/uploads\\\/2023\\\/07\\\/logo_ED.jpg\",\"width\":272,\"height\":52,\"caption\":\"El Diario - Decano de la prensa nacional\"},\"image\":{\"@id\":\"https:\\\/\\\/www.eldiario.net\\\/portal\\\/#\\\/schema\\\/logo\\\/image\\\/\"},\"sameAs\":[\"https:\\\/\\\/www.facebook.com\\\/eldiario.bolivia\\\/\",\"https:\\\/\\\/x.com\\\/eldiario_net\"]},{\"@type\":\"Person\",\"@id\":\"https:\\\/\\\/www.eldiario.net\\\/portal\\\/#\\\/schema\\\/person\\\/2c57cf2b7a7ae032e449e4c9b1019eac\",\"name\":\"Jeanette\",\"image\":{\"@type\":\"ImageObject\",\"inLanguage\":\"es\",\"@id\":\"https:\\\/\\\/secure.gravatar.com\\\/avatar\\\/3ea2118a5f7dad2b7138b1187a6b7ee55f160b9968b66013c3a3ef39dd7e5798?s=96&d=mm&r=g\",\"url\":\"https:\\\/\\\/secure.gravatar.com\\\/avatar\\\/3ea2118a5f7dad2b7138b1187a6b7ee55f160b9968b66013c3a3ef39dd7e5798?s=96&d=mm&r=g\",\"contentUrl\":\"https:\\\/\\\/secure.gravatar.com\\\/avatar\\\/3ea2118a5f7dad2b7138b1187a6b7ee55f160b9968b66013c3a3ef39dd7e5798?s=96&d=mm&r=g\",\"caption\":\"Jeanette\"},\"sameAs\":[\"https:\\\/\\\/www.eldiario.net\\\/portal\"],\"url\":\"https:\\\/\\\/www.eldiario.net\\\/portal\\\/author\\\/jeanette\\\/\"}]}<\/script>\n<!-- \/ Yoast SEO plugin. -->","yoast_head_json":{"title":"Embajada de El Salvador impulsa intercambio gastron\u00f3mico en Bolivia - El Diario - Bolivia","robots":{"index":"index","follow":"follow","max-snippet":"max-snippet:-1","max-image-preview":"max-image-preview:large","max-video-preview":"max-video-preview:-1"},"canonical":"https:\/\/www.eldiario.net\/portal\/2026\/03\/25\/embajada-de-el-salvador-impulsa-intercambio-gastronomico-en-bolivia\/","og_locale":"es_ES","og_type":"article","og_title":"Embajada de El Salvador impulsa intercambio gastron\u00f3mico en Bolivia - El Diario - Bolivia","og_description":"La Embajada de El Salvador en Bolivia desarroll\u00f3 en la ciudad de La Paz una agenda de diplomacia cultural orientada a fortalecer los v\u00ednculos entre ambos pa\u00edses a trav\u00e9s de la gastronom\u00eda, considerada una expresi\u00f3n viva del patrimonio cultural y un espacio de encuentro entre pueblos. La iniciativa se realiz\u00f3 en el marco del Primer [&hellip;]","og_url":"https:\/\/www.eldiario.net\/portal\/2026\/03\/25\/embajada-de-el-salvador-impulsa-intercambio-gastronomico-en-bolivia\/","og_site_name":"El Diario - Bolivia","article_publisher":"https:\/\/www.facebook.com\/eldiario.bolivia\/","article_published_time":"2026-03-25T09:17:28+00:00","og_image":[{"width":900,"height":675,"url":"https:\/\/www.eldiario.net\/portal\/wp-content\/uploads\/2026\/03\/NOTA-1-FOTO-1-3.webp","type":"image\/webp"}],"author":"Jeanette","twitter_card":"summary_large_image","twitter_creator":"@eldiario_net","twitter_site":"@eldiario_net","twitter_misc":{"Escrito por":"Jeanette","Tiempo de lectura":"3 minutos"},"schema":{"@context":"https:\/\/schema.org","@graph":[{"@type":"Article","@id":"https:\/\/www.eldiario.net\/portal\/2026\/03\/25\/embajada-de-el-salvador-impulsa-intercambio-gastronomico-en-bolivia\/#article","isPartOf":{"@id":"https:\/\/www.eldiario.net\/portal\/2026\/03\/25\/embajada-de-el-salvador-impulsa-intercambio-gastronomico-en-bolivia\/"},"author":{"name":"Jeanette","@id":"https:\/\/www.eldiario.net\/portal\/#\/schema\/person\/2c57cf2b7a7ae032e449e4c9b1019eac"},"headline":"Embajada de El Salvador impulsa intercambio gastron\u00f3mico en Bolivia","datePublished":"2026-03-25T09:17:28+00:00","mainEntityOfPage":{"@id":"https:\/\/www.eldiario.net\/portal\/2026\/03\/25\/embajada-de-el-salvador-impulsa-intercambio-gastronomico-en-bolivia\/"},"wordCount":522,"publisher":{"@id":"https:\/\/www.eldiario.net\/portal\/#organization"},"image":{"@id":"https:\/\/www.eldiario.net\/portal\/2026\/03\/25\/embajada-de-el-salvador-impulsa-intercambio-gastronomico-en-bolivia\/#primaryimage"},"thumbnailUrl":"https:\/\/www.eldiario.net\/portal\/wp-content\/uploads\/2026\/03\/NOTA-1-FOTO-1-3.webp","articleSection":["Femenina"],"inLanguage":"es"},{"@type":"WebPage","@id":"https:\/\/www.eldiario.net\/portal\/2026\/03\/25\/embajada-de-el-salvador-impulsa-intercambio-gastronomico-en-bolivia\/","url":"https:\/\/www.eldiario.net\/portal\/2026\/03\/25\/embajada-de-el-salvador-impulsa-intercambio-gastronomico-en-bolivia\/","name":"Embajada de El Salvador impulsa intercambio gastron\u00f3mico en Bolivia - El Diario - Bolivia","isPartOf":{"@id":"https:\/\/www.eldiario.net\/portal\/#website"},"primaryImageOfPage":{"@id":"https:\/\/www.eldiario.net\/portal\/2026\/03\/25\/embajada-de-el-salvador-impulsa-intercambio-gastronomico-en-bolivia\/#primaryimage"},"image":{"@id":"https:\/\/www.eldiario.net\/portal\/2026\/03\/25\/embajada-de-el-salvador-impulsa-intercambio-gastronomico-en-bolivia\/#primaryimage"},"thumbnailUrl":"https:\/\/www.eldiario.net\/portal\/wp-content\/uploads\/2026\/03\/NOTA-1-FOTO-1-3.webp","datePublished":"2026-03-25T09:17:28+00:00","breadcrumb":{"@id":"https:\/\/www.eldiario.net\/portal\/2026\/03\/25\/embajada-de-el-salvador-impulsa-intercambio-gastronomico-en-bolivia\/#breadcrumb"},"inLanguage":"es","potentialAction":[{"@type":"ReadAction","target":["https:\/\/www.eldiario.net\/portal\/2026\/03\/25\/embajada-de-el-salvador-impulsa-intercambio-gastronomico-en-bolivia\/"]}]},{"@type":"ImageObject","inLanguage":"es","@id":"https:\/\/www.eldiario.net\/portal\/2026\/03\/25\/embajada-de-el-salvador-impulsa-intercambio-gastronomico-en-bolivia\/#primaryimage","url":"https:\/\/www.eldiario.net\/portal\/wp-content\/uploads\/2026\/03\/NOTA-1-FOTO-1-3.webp","contentUrl":"https:\/\/www.eldiario.net\/portal\/wp-content\/uploads\/2026\/03\/NOTA-1-FOTO-1-3.webp","width":900,"height":675,"caption":"ANA RIVAS, EMBAJADORA DE EL SALVADOR, DURANTE LA PRESENTACI\u00d3N DEL TALLER GASTRON\u00d3MICO CON LA COMUNIDAD SALVADORE\u00d1A."},{"@type":"BreadcrumbList","@id":"https:\/\/www.eldiario.net\/portal\/2026\/03\/25\/embajada-de-el-salvador-impulsa-intercambio-gastronomico-en-bolivia\/#breadcrumb","itemListElement":[{"@type":"ListItem","position":1,"name":"Portada","item":"https:\/\/www.eldiario.net\/portal\/"},{"@type":"ListItem","position":2,"name":"Embajada de El Salvador impulsa intercambio gastron\u00f3mico en Bolivia"}]},{"@type":"WebSite","@id":"https:\/\/www.eldiario.net\/portal\/#website","url":"https:\/\/www.eldiario.net\/portal\/","name":"El Diario - Decano de la prensa nacional","description":"El Diario - Decano de la prensa nacional","publisher":{"@id":"https:\/\/www.eldiario.net\/portal\/#organization"},"potentialAction":[{"@type":"SearchAction","target":{"@type":"EntryPoint","urlTemplate":"https:\/\/www.eldiario.net\/portal\/?s={search_term_string}"},"query-input":{"@type":"PropertyValueSpecification","valueRequired":true,"valueName":"search_term_string"}}],"inLanguage":"es"},{"@type":"Organization","@id":"https:\/\/www.eldiario.net\/portal\/#organization","name":"El Diario - Decano de la prensa nacional","url":"https:\/\/www.eldiario.net\/portal\/","logo":{"@type":"ImageObject","inLanguage":"es","@id":"https:\/\/www.eldiario.net\/portal\/#\/schema\/logo\/image\/","url":"https:\/\/www.eldiario.net\/portal\/wp-content\/uploads\/2023\/07\/logo_ED.jpg","contentUrl":"https:\/\/www.eldiario.net\/portal\/wp-content\/uploads\/2023\/07\/logo_ED.jpg","width":272,"height":52,"caption":"El Diario - Decano de la prensa nacional"},"image":{"@id":"https:\/\/www.eldiario.net\/portal\/#\/schema\/logo\/image\/"},"sameAs":["https:\/\/www.facebook.com\/eldiario.bolivia\/","https:\/\/x.com\/eldiario_net"]},{"@type":"Person","@id":"https:\/\/www.eldiario.net\/portal\/#\/schema\/person\/2c57cf2b7a7ae032e449e4c9b1019eac","name":"Jeanette","image":{"@type":"ImageObject","inLanguage":"es","@id":"https:\/\/secure.gravatar.com\/avatar\/3ea2118a5f7dad2b7138b1187a6b7ee55f160b9968b66013c3a3ef39dd7e5798?s=96&d=mm&r=g","url":"https:\/\/secure.gravatar.com\/avatar\/3ea2118a5f7dad2b7138b1187a6b7ee55f160b9968b66013c3a3ef39dd7e5798?s=96&d=mm&r=g","contentUrl":"https:\/\/secure.gravatar.com\/avatar\/3ea2118a5f7dad2b7138b1187a6b7ee55f160b9968b66013c3a3ef39dd7e5798?s=96&d=mm&r=g","caption":"Jeanette"},"sameAs":["https:\/\/www.eldiario.net\/portal"],"url":"https:\/\/www.eldiario.net\/portal\/author\/jeanette\/"}]}},"_links":{"self":[{"href":"https:\/\/www.eldiario.net\/portal\/wp-json\/wp\/v2\/posts\/379267","targetHints":{"allow":["GET"]}}],"collection":[{"href":"https:\/\/www.eldiario.net\/portal\/wp-json\/wp\/v2\/posts"}],"about":[{"href":"https:\/\/www.eldiario.net\/portal\/wp-json\/wp\/v2\/types\/post"}],"author":[{"embeddable":true,"href":"https:\/\/www.eldiario.net\/portal\/wp-json\/wp\/v2\/users\/1"}],"replies":[{"embeddable":true,"href":"https:\/\/www.eldiario.net\/portal\/wp-json\/wp\/v2\/comments?post=379267"}],"version-history":[{"count":1,"href":"https:\/\/www.eldiario.net\/portal\/wp-json\/wp\/v2\/posts\/379267\/revisions"}],"predecessor-version":[{"id":379272,"href":"https:\/\/www.eldiario.net\/portal\/wp-json\/wp\/v2\/posts\/379267\/revisions\/379272"}],"wp:featuredmedia":[{"embeddable":true,"href":"https:\/\/www.eldiario.net\/portal\/wp-json\/wp\/v2\/media\/379270"}],"wp:attachment":[{"href":"https:\/\/www.eldiario.net\/portal\/wp-json\/wp\/v2\/media?parent=379267"}],"wp:term":[{"taxonomy":"category","embeddable":true,"href":"https:\/\/www.eldiario.net\/portal\/wp-json\/wp\/v2\/categories?post=379267"},{"taxonomy":"post_tag","embeddable":true,"href":"https:\/\/www.eldiario.net\/portal\/wp-json\/wp\/v2\/tags?post=379267"}],"curies":[{"name":"wp","href":"https:\/\/api.w.org\/{rel}","templated":true}]}}