{"id":379264,"date":"2026-03-25T05:11:52","date_gmt":"2026-03-25T09:11:52","guid":{"rendered":"https:\/\/www.eldiario.net\/portal\/?p=379264"},"modified":"2026-03-25T05:11:52","modified_gmt":"2026-03-25T09:11:52","slug":"maternidad-el-fin-de-los-tienes-quepor-susana-gutierrez","status":"publish","type":"post","link":"https:\/\/www.eldiario.net\/portal\/2026\/03\/25\/maternidad-el-fin-de-los-tienes-quepor-susana-gutierrez\/","title":{"rendered":"Maternidad: El fin de los \u00abtienes que\u00bbPor Susana Guti\u00e9rrez"},"content":{"rendered":"<p>Por Susana Guti\u00e9rrez<\/p>\n<p>Hace apenas unas d\u00e9cadas, el camino de una mujer parec\u00eda estar trazado por un \u00fanico carril, infancia, juventud, matrimonio y maternidad. Sin embargo, hoy el panorama ha cambiado radicalmente. El concepto de <strong>\u00abreloj biol\u00f3gico\u00bb<\/strong> est\u00e1 siendo desafiado por la ciencia y, sobre todo, por la voluntad. Las mujeres de hoy no solo se preguntan <em>cu\u00e1ndo<\/em> ser madres, sino algo mucho m\u00e1s profundo: <em>si realmente quieren serlo<\/em>.<\/p>\n<ol>\n<li><strong> La elecci\u00f3n de no ser madre: El auge del \u00abChildfree\u00bb<\/strong><\/li>\n<\/ol>\n<p>Decidir no tener hijos ya no es un tab\u00fa, es un proyecto de vida v\u00e1lido. Cada vez m\u00e1s mujeres se identifican como <em>Childfree<\/em> por elecci\u00f3n, priorizando su desarrollo profesional, su libertad personal o simplemente reconociendo que el rol materno no encaja con sus deseos.<\/p>\n<p><strong>La clave:<\/strong> No se trata de odio a los ni\u00f1os, sino de amor a la autonom\u00eda. Validar esta decisi\u00f3n socialmente es el \u00faltimo paso para la verdadera emancipaci\u00f3n femenina.<\/p>\n<ol start=\"2\">\n<li><strong> Maternidad tard\u00eda: Cuando el tiempo lo decides t\u00fa<\/strong><\/li>\n<\/ol>\n<p>Gracias a los avances en medicina reproductiva y a un cambio en las prioridades, muchas mujeres posponen la maternidad hasta los 40 a\u00f1os o m\u00e1s.<\/p>\n<p><strong>&#8211; Estabilidad primero:<\/strong> La b\u00fasqueda de una base econ\u00f3mica y emocional s\u00f3lida antes de recibir a un hijo.<\/p>\n<p><strong>&#8211; El desaf\u00edo:<\/strong> La conciliaci\u00f3n entre la energ\u00eda f\u00edsica y la madurez mental que da la experiencia.<\/p>\n<p>La ciencia hoy permite que el $A+B=C$ de la fertilidad sea m\u00e1s flexible, pero la sociedad a\u00fan debe aprender a no juzgar a quien decide esperar.<\/p>\n<ol start=\"3\">\n<li><strong> Crianza compartida y consciente: Adi\u00f3s a la \u00abSuperwoman\u00bb<\/strong><\/li>\n<\/ol>\n<p>Las nuevas maternidades est\u00e1n rompiendo con el mito de la madre perfecta que puede con todo sola. La tendencia actual es la <strong>crianza en red<\/strong>.<\/p>\n<p><strong>&#8211; Corresponsabilidad real:<\/strong> No es que el padre \u00abayude\u00bb, es que ejerce su derecho y deber de cuidar.<\/p>\n<p><strong>&#8211; Salud mental materna:<\/strong> Hablar abiertamente de la depresi\u00f3n posparto, el cansancio y la p\u00e9rdida de identidad es fundamental para una crianza saludable.<\/p>\n<p><strong>Conclusi\u00f3n<\/strong><\/p>\n<p>Ya sea que decidas criar sola, en pareja, adoptar, recurrir a la ciencia o simplemente dedicar tu vida a otras pasiones, la \u00fanica regla de la \u00abnueva maternidad\u00bb es que debe ser <strong>elegida y consciente<\/strong>. El guion de tu vida ya no lo escribe la tradici\u00f3n, lo escribes t\u00fa.<\/p>\n","protected":false},"excerpt":{"rendered":"<p>Por Susana Guti\u00e9rrez Hace apenas unas d\u00e9cadas, el camino de una mujer parec\u00eda estar trazado por un \u00fanico carril, infancia, juventud, matrimonio y maternidad. Sin embargo, hoy el panorama ha cambiado radicalmente. El concepto de \u00abreloj biol\u00f3gico\u00bb est\u00e1 siendo desafiado por la ciencia y, sobre todo, por la voluntad. Las mujeres de hoy no solo [&hellip;]<\/p>\n","protected":false},"author":1,"featured_media":379265,"comment_status":"closed","ping_status":"open","sticky":false,"template":"","format":"standard","meta":{"_acf_changed":false,"footnotes":""},"categories":[42],"tags":[],"class_list":["post-379264","post","type-post","status-publish","format-standard","has-post-thumbnail","category-femenina"],"acf":{"antetitulo":"Nuevos tiempos, nuevas libertades"},"yoast_head":"<!-- This site is optimized with the Yoast SEO plugin v28.4 - https:\/\/yoast.com\/product\/yoast-seo-wordpress\/ -->\n<title>Maternidad: El fin de los &quot;tienes que&quot;Por Susana Guti\u00e9rrez - El Diario - Bolivia<\/title>\n<meta name=\"robots\" content=\"index, follow, max-snippet:-1, max-image-preview:large, max-video-preview:-1\" \/>\n<link rel=\"canonical\" href=\"https:\/\/www.eldiario.net\/portal\/2026\/03\/25\/maternidad-el-fin-de-los-tienes-quepor-susana-gutierrez\/\" \/>\n<meta property=\"og:locale\" content=\"es_ES\" \/>\n<meta property=\"og:type\" content=\"article\" \/>\n<meta property=\"og:title\" content=\"Maternidad: El fin de los &quot;tienes que&quot;Por Susana Guti\u00e9rrez - El Diario - Bolivia\" \/>\n<meta property=\"og:description\" content=\"Por Susana Guti\u00e9rrez Hace apenas unas d\u00e9cadas, el camino de una mujer parec\u00eda estar trazado por un \u00fanico carril, infancia, juventud, matrimonio y maternidad. Sin embargo, hoy el panorama ha cambiado radicalmente. El concepto de \u00abreloj biol\u00f3gico\u00bb est\u00e1 siendo desafiado por la ciencia y, sobre todo, por la voluntad. Las mujeres de hoy no solo [&hellip;]\" \/>\n<meta property=\"og:url\" content=\"https:\/\/www.eldiario.net\/portal\/2026\/03\/25\/maternidad-el-fin-de-los-tienes-quepor-susana-gutierrez\/\" \/>\n<meta property=\"og:site_name\" content=\"El Diario - Bolivia\" \/>\n<meta property=\"article:publisher\" content=\"https:\/\/www.facebook.com\/eldiario.bolivia\/\" \/>\n<meta property=\"article:published_time\" content=\"2026-03-25T09:11:52+00:00\" \/>\n<meta property=\"og:image\" content=\"https:\/\/www.eldiario.net\/portal\/wp-content\/uploads\/2026\/03\/NOTA-2-FOTO-4.webp\" \/>\n\t<meta property=\"og:image:width\" content=\"1408\" \/>\n\t<meta property=\"og:image:height\" content=\"768\" \/>\n\t<meta property=\"og:image:type\" content=\"image\/webp\" \/>\n<meta name=\"author\" content=\"Jeanette\" \/>\n<meta name=\"twitter:card\" content=\"summary_large_image\" \/>\n<meta name=\"twitter:creator\" content=\"@eldiario_net\" \/>\n<meta name=\"twitter:site\" content=\"@eldiario_net\" \/>\n<meta name=\"twitter:label1\" content=\"Escrito por\" \/>\n\t<meta name=\"twitter:data1\" content=\"Jeanette\" \/>\n\t<meta name=\"twitter:label2\" content=\"Tiempo de lectura\" \/>\n\t<meta name=\"twitter:data2\" content=\"2 minutos\" \/>\n<script type=\"application\/ld+json\" class=\"yoast-schema-graph\">{\"@context\":\"https:\\\/\\\/schema.org\",\"@graph\":[{\"@type\":\"Article\",\"@id\":\"https:\\\/\\\/www.eldiario.net\\\/portal\\\/2026\\\/03\\\/25\\\/maternidad-el-fin-de-los-tienes-quepor-susana-gutierrez\\\/#article\",\"isPartOf\":{\"@id\":\"https:\\\/\\\/www.eldiario.net\\\/portal\\\/2026\\\/03\\\/25\\\/maternidad-el-fin-de-los-tienes-quepor-susana-gutierrez\\\/\"},\"author\":{\"name\":\"Jeanette\",\"@id\":\"https:\\\/\\\/www.eldiario.net\\\/portal\\\/#\\\/schema\\\/person\\\/2c57cf2b7a7ae032e449e4c9b1019eac\"},\"headline\":\"Maternidad: El fin de los \u00abtienes que\u00bbPor Susana Guti\u00e9rrez\",\"datePublished\":\"2026-03-25T09:11:52+00:00\",\"mainEntityOfPage\":{\"@id\":\"https:\\\/\\\/www.eldiario.net\\\/portal\\\/2026\\\/03\\\/25\\\/maternidad-el-fin-de-los-tienes-quepor-susana-gutierrez\\\/\"},\"wordCount\":414,\"publisher\":{\"@id\":\"https:\\\/\\\/www.eldiario.net\\\/portal\\\/#organization\"},\"image\":{\"@id\":\"https:\\\/\\\/www.eldiario.net\\\/portal\\\/2026\\\/03\\\/25\\\/maternidad-el-fin-de-los-tienes-quepor-susana-gutierrez\\\/#primaryimage\"},\"thumbnailUrl\":\"https:\\\/\\\/www.eldiario.net\\\/portal\\\/wp-content\\\/uploads\\\/2026\\\/03\\\/NOTA-2-FOTO-4.webp\",\"articleSection\":[\"Femenina\"],\"inLanguage\":\"es\"},{\"@type\":\"WebPage\",\"@id\":\"https:\\\/\\\/www.eldiario.net\\\/portal\\\/2026\\\/03\\\/25\\\/maternidad-el-fin-de-los-tienes-quepor-susana-gutierrez\\\/\",\"url\":\"https:\\\/\\\/www.eldiario.net\\\/portal\\\/2026\\\/03\\\/25\\\/maternidad-el-fin-de-los-tienes-quepor-susana-gutierrez\\\/\",\"name\":\"Maternidad: El fin de los \\\"tienes que\\\"Por Susana Guti\u00e9rrez - El Diario - Bolivia\",\"isPartOf\":{\"@id\":\"https:\\\/\\\/www.eldiario.net\\\/portal\\\/#website\"},\"primaryImageOfPage\":{\"@id\":\"https:\\\/\\\/www.eldiario.net\\\/portal\\\/2026\\\/03\\\/25\\\/maternidad-el-fin-de-los-tienes-quepor-susana-gutierrez\\\/#primaryimage\"},\"image\":{\"@id\":\"https:\\\/\\\/www.eldiario.net\\\/portal\\\/2026\\\/03\\\/25\\\/maternidad-el-fin-de-los-tienes-quepor-susana-gutierrez\\\/#primaryimage\"},\"thumbnailUrl\":\"https:\\\/\\\/www.eldiario.net\\\/portal\\\/wp-content\\\/uploads\\\/2026\\\/03\\\/NOTA-2-FOTO-4.webp\",\"datePublished\":\"2026-03-25T09:11:52+00:00\",\"breadcrumb\":{\"@id\":\"https:\\\/\\\/www.eldiario.net\\\/portal\\\/2026\\\/03\\\/25\\\/maternidad-el-fin-de-los-tienes-quepor-susana-gutierrez\\\/#breadcrumb\"},\"inLanguage\":\"es\",\"potentialAction\":[{\"@type\":\"ReadAction\",\"target\":[\"https:\\\/\\\/www.eldiario.net\\\/portal\\\/2026\\\/03\\\/25\\\/maternidad-el-fin-de-los-tienes-quepor-susana-gutierrez\\\/\"]}]},{\"@type\":\"ImageObject\",\"inLanguage\":\"es\",\"@id\":\"https:\\\/\\\/www.eldiario.net\\\/portal\\\/2026\\\/03\\\/25\\\/maternidad-el-fin-de-los-tienes-quepor-susana-gutierrez\\\/#primaryimage\",\"url\":\"https:\\\/\\\/www.eldiario.net\\\/portal\\\/wp-content\\\/uploads\\\/2026\\\/03\\\/NOTA-2-FOTO-4.webp\",\"contentUrl\":\"https:\\\/\\\/www.eldiario.net\\\/portal\\\/wp-content\\\/uploads\\\/2026\\\/03\\\/NOTA-2-FOTO-4.webp\",\"width\":1408,\"height\":768},{\"@type\":\"BreadcrumbList\",\"@id\":\"https:\\\/\\\/www.eldiario.net\\\/portal\\\/2026\\\/03\\\/25\\\/maternidad-el-fin-de-los-tienes-quepor-susana-gutierrez\\\/#breadcrumb\",\"itemListElement\":[{\"@type\":\"ListItem\",\"position\":1,\"name\":\"Portada\",\"item\":\"https:\\\/\\\/www.eldiario.net\\\/portal\\\/\"},{\"@type\":\"ListItem\",\"position\":2,\"name\":\"Maternidad: El fin de los \u00abtienes que\u00bbPor Susana Guti\u00e9rrez\"}]},{\"@type\":\"WebSite\",\"@id\":\"https:\\\/\\\/www.eldiario.net\\\/portal\\\/#website\",\"url\":\"https:\\\/\\\/www.eldiario.net\\\/portal\\\/\",\"name\":\"El Diario - Decano de la prensa nacional\",\"description\":\"El Diario - Decano de la prensa nacional\",\"publisher\":{\"@id\":\"https:\\\/\\\/www.eldiario.net\\\/portal\\\/#organization\"},\"potentialAction\":[{\"@type\":\"SearchAction\",\"target\":{\"@type\":\"EntryPoint\",\"urlTemplate\":\"https:\\\/\\\/www.eldiario.net\\\/portal\\\/?s={search_term_string}\"},\"query-input\":{\"@type\":\"PropertyValueSpecification\",\"valueRequired\":true,\"valueName\":\"search_term_string\"}}],\"inLanguage\":\"es\"},{\"@type\":\"Organization\",\"@id\":\"https:\\\/\\\/www.eldiario.net\\\/portal\\\/#organization\",\"name\":\"El Diario - Decano de la prensa nacional\",\"url\":\"https:\\\/\\\/www.eldiario.net\\\/portal\\\/\",\"logo\":{\"@type\":\"ImageObject\",\"inLanguage\":\"es\",\"@id\":\"https:\\\/\\\/www.eldiario.net\\\/portal\\\/#\\\/schema\\\/logo\\\/image\\\/\",\"url\":\"https:\\\/\\\/www.eldiario.net\\\/portal\\\/wp-content\\\/uploads\\\/2023\\\/07\\\/logo_ED.jpg\",\"contentUrl\":\"https:\\\/\\\/www.eldiario.net\\\/portal\\\/wp-content\\\/uploads\\\/2023\\\/07\\\/logo_ED.jpg\",\"width\":272,\"height\":52,\"caption\":\"El Diario - Decano de la prensa nacional\"},\"image\":{\"@id\":\"https:\\\/\\\/www.eldiario.net\\\/portal\\\/#\\\/schema\\\/logo\\\/image\\\/\"},\"sameAs\":[\"https:\\\/\\\/www.facebook.com\\\/eldiario.bolivia\\\/\",\"https:\\\/\\\/x.com\\\/eldiario_net\"]},{\"@type\":\"Person\",\"@id\":\"https:\\\/\\\/www.eldiario.net\\\/portal\\\/#\\\/schema\\\/person\\\/2c57cf2b7a7ae032e449e4c9b1019eac\",\"name\":\"Jeanette\",\"image\":{\"@type\":\"ImageObject\",\"inLanguage\":\"es\",\"@id\":\"https:\\\/\\\/secure.gravatar.com\\\/avatar\\\/3ea2118a5f7dad2b7138b1187a6b7ee55f160b9968b66013c3a3ef39dd7e5798?s=96&d=mm&r=g\",\"url\":\"https:\\\/\\\/secure.gravatar.com\\\/avatar\\\/3ea2118a5f7dad2b7138b1187a6b7ee55f160b9968b66013c3a3ef39dd7e5798?s=96&d=mm&r=g\",\"contentUrl\":\"https:\\\/\\\/secure.gravatar.com\\\/avatar\\\/3ea2118a5f7dad2b7138b1187a6b7ee55f160b9968b66013c3a3ef39dd7e5798?s=96&d=mm&r=g\",\"caption\":\"Jeanette\"},\"sameAs\":[\"https:\\\/\\\/www.eldiario.net\\\/portal\"],\"url\":\"https:\\\/\\\/www.eldiario.net\\\/portal\\\/author\\\/jeanette\\\/\"}]}<\/script>\n<!-- \/ Yoast SEO plugin. -->","yoast_head_json":{"title":"Maternidad: El fin de los \"tienes que\"Por Susana Guti\u00e9rrez - El Diario - Bolivia","robots":{"index":"index","follow":"follow","max-snippet":"max-snippet:-1","max-image-preview":"max-image-preview:large","max-video-preview":"max-video-preview:-1"},"canonical":"https:\/\/www.eldiario.net\/portal\/2026\/03\/25\/maternidad-el-fin-de-los-tienes-quepor-susana-gutierrez\/","og_locale":"es_ES","og_type":"article","og_title":"Maternidad: El fin de los \"tienes que\"Por Susana Guti\u00e9rrez - El Diario - Bolivia","og_description":"Por Susana Guti\u00e9rrez Hace apenas unas d\u00e9cadas, el camino de una mujer parec\u00eda estar trazado por un \u00fanico carril, infancia, juventud, matrimonio y maternidad. Sin embargo, hoy el panorama ha cambiado radicalmente. El concepto de \u00abreloj biol\u00f3gico\u00bb est\u00e1 siendo desafiado por la ciencia y, sobre todo, por la voluntad. Las mujeres de hoy no solo [&hellip;]","og_url":"https:\/\/www.eldiario.net\/portal\/2026\/03\/25\/maternidad-el-fin-de-los-tienes-quepor-susana-gutierrez\/","og_site_name":"El Diario - Bolivia","article_publisher":"https:\/\/www.facebook.com\/eldiario.bolivia\/","article_published_time":"2026-03-25T09:11:52+00:00","og_image":[{"width":1408,"height":768,"url":"https:\/\/www.eldiario.net\/portal\/wp-content\/uploads\/2026\/03\/NOTA-2-FOTO-4.webp","type":"image\/webp"}],"author":"Jeanette","twitter_card":"summary_large_image","twitter_creator":"@eldiario_net","twitter_site":"@eldiario_net","twitter_misc":{"Escrito por":"Jeanette","Tiempo de lectura":"2 minutos"},"schema":{"@context":"https:\/\/schema.org","@graph":[{"@type":"Article","@id":"https:\/\/www.eldiario.net\/portal\/2026\/03\/25\/maternidad-el-fin-de-los-tienes-quepor-susana-gutierrez\/#article","isPartOf":{"@id":"https:\/\/www.eldiario.net\/portal\/2026\/03\/25\/maternidad-el-fin-de-los-tienes-quepor-susana-gutierrez\/"},"author":{"name":"Jeanette","@id":"https:\/\/www.eldiario.net\/portal\/#\/schema\/person\/2c57cf2b7a7ae032e449e4c9b1019eac"},"headline":"Maternidad: El fin de los \u00abtienes que\u00bbPor Susana Guti\u00e9rrez","datePublished":"2026-03-25T09:11:52+00:00","mainEntityOfPage":{"@id":"https:\/\/www.eldiario.net\/portal\/2026\/03\/25\/maternidad-el-fin-de-los-tienes-quepor-susana-gutierrez\/"},"wordCount":414,"publisher":{"@id":"https:\/\/www.eldiario.net\/portal\/#organization"},"image":{"@id":"https:\/\/www.eldiario.net\/portal\/2026\/03\/25\/maternidad-el-fin-de-los-tienes-quepor-susana-gutierrez\/#primaryimage"},"thumbnailUrl":"https:\/\/www.eldiario.net\/portal\/wp-content\/uploads\/2026\/03\/NOTA-2-FOTO-4.webp","articleSection":["Femenina"],"inLanguage":"es"},{"@type":"WebPage","@id":"https:\/\/www.eldiario.net\/portal\/2026\/03\/25\/maternidad-el-fin-de-los-tienes-quepor-susana-gutierrez\/","url":"https:\/\/www.eldiario.net\/portal\/2026\/03\/25\/maternidad-el-fin-de-los-tienes-quepor-susana-gutierrez\/","name":"Maternidad: El fin de los \"tienes que\"Por Susana Guti\u00e9rrez - El Diario - Bolivia","isPartOf":{"@id":"https:\/\/www.eldiario.net\/portal\/#website"},"primaryImageOfPage":{"@id":"https:\/\/www.eldiario.net\/portal\/2026\/03\/25\/maternidad-el-fin-de-los-tienes-quepor-susana-gutierrez\/#primaryimage"},"image":{"@id":"https:\/\/www.eldiario.net\/portal\/2026\/03\/25\/maternidad-el-fin-de-los-tienes-quepor-susana-gutierrez\/#primaryimage"},"thumbnailUrl":"https:\/\/www.eldiario.net\/portal\/wp-content\/uploads\/2026\/03\/NOTA-2-FOTO-4.webp","datePublished":"2026-03-25T09:11:52+00:00","breadcrumb":{"@id":"https:\/\/www.eldiario.net\/portal\/2026\/03\/25\/maternidad-el-fin-de-los-tienes-quepor-susana-gutierrez\/#breadcrumb"},"inLanguage":"es","potentialAction":[{"@type":"ReadAction","target":["https:\/\/www.eldiario.net\/portal\/2026\/03\/25\/maternidad-el-fin-de-los-tienes-quepor-susana-gutierrez\/"]}]},{"@type":"ImageObject","inLanguage":"es","@id":"https:\/\/www.eldiario.net\/portal\/2026\/03\/25\/maternidad-el-fin-de-los-tienes-quepor-susana-gutierrez\/#primaryimage","url":"https:\/\/www.eldiario.net\/portal\/wp-content\/uploads\/2026\/03\/NOTA-2-FOTO-4.webp","contentUrl":"https:\/\/www.eldiario.net\/portal\/wp-content\/uploads\/2026\/03\/NOTA-2-FOTO-4.webp","width":1408,"height":768},{"@type":"BreadcrumbList","@id":"https:\/\/www.eldiario.net\/portal\/2026\/03\/25\/maternidad-el-fin-de-los-tienes-quepor-susana-gutierrez\/#breadcrumb","itemListElement":[{"@type":"ListItem","position":1,"name":"Portada","item":"https:\/\/www.eldiario.net\/portal\/"},{"@type":"ListItem","position":2,"name":"Maternidad: El fin de los \u00abtienes que\u00bbPor Susana Guti\u00e9rrez"}]},{"@type":"WebSite","@id":"https:\/\/www.eldiario.net\/portal\/#website","url":"https:\/\/www.eldiario.net\/portal\/","name":"El Diario - Decano de la prensa nacional","description":"El Diario - Decano de la prensa nacional","publisher":{"@id":"https:\/\/www.eldiario.net\/portal\/#organization"},"potentialAction":[{"@type":"SearchAction","target":{"@type":"EntryPoint","urlTemplate":"https:\/\/www.eldiario.net\/portal\/?s={search_term_string}"},"query-input":{"@type":"PropertyValueSpecification","valueRequired":true,"valueName":"search_term_string"}}],"inLanguage":"es"},{"@type":"Organization","@id":"https:\/\/www.eldiario.net\/portal\/#organization","name":"El Diario - Decano de la prensa nacional","url":"https:\/\/www.eldiario.net\/portal\/","logo":{"@type":"ImageObject","inLanguage":"es","@id":"https:\/\/www.eldiario.net\/portal\/#\/schema\/logo\/image\/","url":"https:\/\/www.eldiario.net\/portal\/wp-content\/uploads\/2023\/07\/logo_ED.jpg","contentUrl":"https:\/\/www.eldiario.net\/portal\/wp-content\/uploads\/2023\/07\/logo_ED.jpg","width":272,"height":52,"caption":"El Diario - Decano de la prensa nacional"},"image":{"@id":"https:\/\/www.eldiario.net\/portal\/#\/schema\/logo\/image\/"},"sameAs":["https:\/\/www.facebook.com\/eldiario.bolivia\/","https:\/\/x.com\/eldiario_net"]},{"@type":"Person","@id":"https:\/\/www.eldiario.net\/portal\/#\/schema\/person\/2c57cf2b7a7ae032e449e4c9b1019eac","name":"Jeanette","image":{"@type":"ImageObject","inLanguage":"es","@id":"https:\/\/secure.gravatar.com\/avatar\/3ea2118a5f7dad2b7138b1187a6b7ee55f160b9968b66013c3a3ef39dd7e5798?s=96&d=mm&r=g","url":"https:\/\/secure.gravatar.com\/avatar\/3ea2118a5f7dad2b7138b1187a6b7ee55f160b9968b66013c3a3ef39dd7e5798?s=96&d=mm&r=g","contentUrl":"https:\/\/secure.gravatar.com\/avatar\/3ea2118a5f7dad2b7138b1187a6b7ee55f160b9968b66013c3a3ef39dd7e5798?s=96&d=mm&r=g","caption":"Jeanette"},"sameAs":["https:\/\/www.eldiario.net\/portal"],"url":"https:\/\/www.eldiario.net\/portal\/author\/jeanette\/"}]}},"_links":{"self":[{"href":"https:\/\/www.eldiario.net\/portal\/wp-json\/wp\/v2\/posts\/379264","targetHints":{"allow":["GET"]}}],"collection":[{"href":"https:\/\/www.eldiario.net\/portal\/wp-json\/wp\/v2\/posts"}],"about":[{"href":"https:\/\/www.eldiario.net\/portal\/wp-json\/wp\/v2\/types\/post"}],"author":[{"embeddable":true,"href":"https:\/\/www.eldiario.net\/portal\/wp-json\/wp\/v2\/users\/1"}],"replies":[{"embeddable":true,"href":"https:\/\/www.eldiario.net\/portal\/wp-json\/wp\/v2\/comments?post=379264"}],"version-history":[{"count":1,"href":"https:\/\/www.eldiario.net\/portal\/wp-json\/wp\/v2\/posts\/379264\/revisions"}],"predecessor-version":[{"id":379266,"href":"https:\/\/www.eldiario.net\/portal\/wp-json\/wp\/v2\/posts\/379264\/revisions\/379266"}],"wp:featuredmedia":[{"embeddable":true,"href":"https:\/\/www.eldiario.net\/portal\/wp-json\/wp\/v2\/media\/379265"}],"wp:attachment":[{"href":"https:\/\/www.eldiario.net\/portal\/wp-json\/wp\/v2\/media?parent=379264"}],"wp:term":[{"taxonomy":"category","embeddable":true,"href":"https:\/\/www.eldiario.net\/portal\/wp-json\/wp\/v2\/categories?post=379264"},{"taxonomy":"post_tag","embeddable":true,"href":"https:\/\/www.eldiario.net\/portal\/wp-json\/wp\/v2\/tags?post=379264"}],"curies":[{"name":"wp","href":"https:\/\/api.w.org\/{rel}","templated":true}]}}