{"id":378940,"date":"2026-03-24T09:32:44","date_gmt":"2026-03-24T13:32:44","guid":{"rendered":"https:\/\/www.eldiario.net\/portal\/?p=378940"},"modified":"2026-03-24T09:32:44","modified_gmt":"2026-03-24T13:32:44","slug":"santa-cruz-paro-de-salud-suspende-atencion-en-hospitales-y-centros-0925","status":"publish","type":"post","link":"https:\/\/www.eldiario.net\/portal\/2026\/03\/24\/santa-cruz-paro-de-salud-suspende-atencion-en-hospitales-y-centros-0925\/","title":{"rendered":"Santa Cruz: paro de salud suspende atenci\u00f3n en hospitales y centros (09:25)"},"content":{"rendered":"<p>Los servicios de salud en el departamento de Santa Cruz se encuentran suspendidos desde este martes debido a medidas de presi\u00f3n simult\u00e1neas de m\u00e9dicos y trabajadores del sector.<\/p>\n<p>Mientras el personal sanitario acata un paro de 72 horas, los m\u00e9dicos cumplen una paralizaci\u00f3n de actividades por 24 horas, afectando la atenci\u00f3n regular en todos los niveles y convocan a una marcha que partir\u00e1 desde el Hospital San Juan de Dios.<\/p>\n<p data-path-to-node=\"2\">Los trabajadores de salud exigen a la Alcald\u00eda y a la Gobernaci\u00f3n el cumplimiento de un pliego de 12 puntos, que incluye el pago de sueldos de febrero para el personal por contrato, la continuidad laboral, la reposici\u00f3n de \u00edtems y el pago de subsidios.<\/p>\n<p data-path-to-node=\"2\"><img loading=\"lazy\" decoding=\"async\" class=\"size-medium wp-image-378942 aligncenter\" src=\"https:\/\/www.eldiario.net\/portal\/wp-content\/uploads\/2026\/03\/fesirmes-santa-cruz-24.03.26-copia-240x300.webp\" alt=\"\" width=\"240\" height=\"300\" srcset=\"https:\/\/www.eldiario.net\/portal\/wp-content\/uploads\/2026\/03\/fesirmes-santa-cruz-24.03.26-copia-240x300.webp 240w, https:\/\/www.eldiario.net\/portal\/wp-content\/uploads\/2026\/03\/fesirmes-santa-cruz-24.03.26-copia-337x420.webp 337w, https:\/\/www.eldiario.net\/portal\/wp-content\/uploads\/2026\/03\/fesirmes-santa-cruz-24.03.26-copia-150x187.webp 150w, https:\/\/www.eldiario.net\/portal\/wp-content\/uploads\/2026\/03\/fesirmes-santa-cruz-24.03.26-copia-300x374.webp 300w, https:\/\/www.eldiario.net\/portal\/wp-content\/uploads\/2026\/03\/fesirmes-santa-cruz-24.03.26-copia.webp 500w\" sizes=\"auto, (max-width: 240px) 100vw, 240px\" \/><\/p>\n<p>Por su parte, el sector m\u00e9dico demanda la cancelaci\u00f3n de salarios adeudados y rechaza descuentos que consideran injustificados.<\/p>\n<p data-path-to-node=\"3\">Respecto a la Gobernaci\u00f3n, las exigencias se centran en solucionar el hacinamiento hospitalario, la falta de insumos, la carencia de recursos humanos y la habilitaci\u00f3n de equipos como el tom\u00f3grafo en el hospital San Juan de Dios.<\/p>\n<p>Durante los d\u00edas de movilizaci\u00f3n, se prev\u00e9 que \u00fanicamente se mantengan activos los servicios de emergencia para la poblaci\u00f3n.<\/p>\n","protected":false},"excerpt":{"rendered":"<p>Los servicios de salud en el departamento de Santa Cruz se encuentran suspendidos desde este martes debido a medidas de presi\u00f3n simult\u00e1neas de m\u00e9dicos y trabajadores del sector. Mientras el personal sanitario acata un paro de 72 horas, los m\u00e9dicos cumplen una paralizaci\u00f3n de actividades por 24 horas, afectando la atenci\u00f3n regular en todos los [&hellip;]<\/p>\n","protected":false},"author":7,"featured_media":378943,"comment_status":"closed","ping_status":"open","sticky":false,"template":"","format":"standard","meta":{"_acf_changed":false,"footnotes":""},"categories":[51],"tags":[],"class_list":["post-378940","post","type-post","status-publish","format-standard","has-post-thumbnail","category-ultima-hora"],"acf":{"antetitulo":""},"yoast_head":"<!-- This site is optimized with the Yoast SEO plugin v28.4 - https:\/\/yoast.com\/product\/yoast-seo-wordpress\/ -->\n<title>Santa Cruz: paro de salud suspende atenci\u00f3n en hospitales y centros (09:25) - El Diario - Bolivia<\/title>\n<meta name=\"robots\" content=\"index, follow, max-snippet:-1, max-image-preview:large, max-video-preview:-1\" \/>\n<link rel=\"canonical\" href=\"https:\/\/www.eldiario.net\/portal\/2026\/03\/24\/santa-cruz-paro-de-salud-suspende-atencion-en-hospitales-y-centros-0925\/\" \/>\n<meta property=\"og:locale\" content=\"es_ES\" \/>\n<meta property=\"og:type\" content=\"article\" \/>\n<meta property=\"og:title\" content=\"Santa Cruz: paro de salud suspende atenci\u00f3n en hospitales y centros (09:25) - El Diario - Bolivia\" \/>\n<meta property=\"og:description\" content=\"Los servicios de salud en el departamento de Santa Cruz se encuentran suspendidos desde este martes debido a medidas de presi\u00f3n simult\u00e1neas de m\u00e9dicos y trabajadores del sector. Mientras el personal sanitario acata un paro de 72 horas, los m\u00e9dicos cumplen una paralizaci\u00f3n de actividades por 24 horas, afectando la atenci\u00f3n regular en todos los [&hellip;]\" \/>\n<meta property=\"og:url\" content=\"https:\/\/www.eldiario.net\/portal\/2026\/03\/24\/santa-cruz-paro-de-salud-suspende-atencion-en-hospitales-y-centros-0925\/\" \/>\n<meta property=\"og:site_name\" content=\"El Diario - Bolivia\" \/>\n<meta property=\"article:publisher\" content=\"https:\/\/www.facebook.com\/eldiario.bolivia\/\" \/>\n<meta property=\"article:published_time\" content=\"2026-03-24T13:32:44+00:00\" \/>\n<meta property=\"og:image\" content=\"https:\/\/www.eldiario.net\/portal\/wp-content\/uploads\/2026\/03\/fesirmes-24.03.26-copia.webp\" \/>\n\t<meta property=\"og:image:width\" content=\"580\" \/>\n\t<meta property=\"og:image:height\" content=\"345\" \/>\n\t<meta property=\"og:image:type\" content=\"image\/webp\" \/>\n<meta name=\"author\" content=\"Viviana Monrroy\" \/>\n<meta name=\"twitter:card\" content=\"summary_large_image\" \/>\n<meta name=\"twitter:creator\" content=\"@eldiario_net\" \/>\n<meta name=\"twitter:site\" content=\"@eldiario_net\" \/>\n<meta name=\"twitter:label1\" content=\"Escrito por\" \/>\n\t<meta name=\"twitter:data1\" content=\"Viviana Monrroy\" \/>\n\t<meta name=\"twitter:label2\" content=\"Tiempo de lectura\" \/>\n\t<meta name=\"twitter:data2\" content=\"2 minutos\" \/>\n<script type=\"application\/ld+json\" class=\"yoast-schema-graph\">{\"@context\":\"https:\\\/\\\/schema.org\",\"@graph\":[{\"@type\":\"Article\",\"@id\":\"https:\\\/\\\/www.eldiario.net\\\/portal\\\/2026\\\/03\\\/24\\\/santa-cruz-paro-de-salud-suspende-atencion-en-hospitales-y-centros-0925\\\/#article\",\"isPartOf\":{\"@id\":\"https:\\\/\\\/www.eldiario.net\\\/portal\\\/2026\\\/03\\\/24\\\/santa-cruz-paro-de-salud-suspende-atencion-en-hospitales-y-centros-0925\\\/\"},\"author\":{\"name\":\"Viviana Monrroy\",\"@id\":\"https:\\\/\\\/www.eldiario.net\\\/portal\\\/#\\\/schema\\\/person\\\/32cc89e801dfcbad3a54f91da7f2ea06\"},\"headline\":\"Santa Cruz: paro de salud suspende atenci\u00f3n en hospitales y centros (09:25)\",\"datePublished\":\"2026-03-24T13:32:44+00:00\",\"mainEntityOfPage\":{\"@id\":\"https:\\\/\\\/www.eldiario.net\\\/portal\\\/2026\\\/03\\\/24\\\/santa-cruz-paro-de-salud-suspende-atencion-en-hospitales-y-centros-0925\\\/\"},\"wordCount\":215,\"publisher\":{\"@id\":\"https:\\\/\\\/www.eldiario.net\\\/portal\\\/#organization\"},\"image\":{\"@id\":\"https:\\\/\\\/www.eldiario.net\\\/portal\\\/2026\\\/03\\\/24\\\/santa-cruz-paro-de-salud-suspende-atencion-en-hospitales-y-centros-0925\\\/#primaryimage\"},\"thumbnailUrl\":\"https:\\\/\\\/www.eldiario.net\\\/portal\\\/wp-content\\\/uploads\\\/2026\\\/03\\\/fesirmes-24.03.26-copia.webp\",\"articleSection\":[\"\u00daltima Hora\"],\"inLanguage\":\"es\"},{\"@type\":\"WebPage\",\"@id\":\"https:\\\/\\\/www.eldiario.net\\\/portal\\\/2026\\\/03\\\/24\\\/santa-cruz-paro-de-salud-suspende-atencion-en-hospitales-y-centros-0925\\\/\",\"url\":\"https:\\\/\\\/www.eldiario.net\\\/portal\\\/2026\\\/03\\\/24\\\/santa-cruz-paro-de-salud-suspende-atencion-en-hospitales-y-centros-0925\\\/\",\"name\":\"Santa Cruz: paro de salud suspende atenci\u00f3n en hospitales y centros (09:25) - El Diario - Bolivia\",\"isPartOf\":{\"@id\":\"https:\\\/\\\/www.eldiario.net\\\/portal\\\/#website\"},\"primaryImageOfPage\":{\"@id\":\"https:\\\/\\\/www.eldiario.net\\\/portal\\\/2026\\\/03\\\/24\\\/santa-cruz-paro-de-salud-suspende-atencion-en-hospitales-y-centros-0925\\\/#primaryimage\"},\"image\":{\"@id\":\"https:\\\/\\\/www.eldiario.net\\\/portal\\\/2026\\\/03\\\/24\\\/santa-cruz-paro-de-salud-suspende-atencion-en-hospitales-y-centros-0925\\\/#primaryimage\"},\"thumbnailUrl\":\"https:\\\/\\\/www.eldiario.net\\\/portal\\\/wp-content\\\/uploads\\\/2026\\\/03\\\/fesirmes-24.03.26-copia.webp\",\"datePublished\":\"2026-03-24T13:32:44+00:00\",\"breadcrumb\":{\"@id\":\"https:\\\/\\\/www.eldiario.net\\\/portal\\\/2026\\\/03\\\/24\\\/santa-cruz-paro-de-salud-suspende-atencion-en-hospitales-y-centros-0925\\\/#breadcrumb\"},\"inLanguage\":\"es\",\"potentialAction\":[{\"@type\":\"ReadAction\",\"target\":[\"https:\\\/\\\/www.eldiario.net\\\/portal\\\/2026\\\/03\\\/24\\\/santa-cruz-paro-de-salud-suspende-atencion-en-hospitales-y-centros-0925\\\/\"]}]},{\"@type\":\"ImageObject\",\"inLanguage\":\"es\",\"@id\":\"https:\\\/\\\/www.eldiario.net\\\/portal\\\/2026\\\/03\\\/24\\\/santa-cruz-paro-de-salud-suspende-atencion-en-hospitales-y-centros-0925\\\/#primaryimage\",\"url\":\"https:\\\/\\\/www.eldiario.net\\\/portal\\\/wp-content\\\/uploads\\\/2026\\\/03\\\/fesirmes-24.03.26-copia.webp\",\"contentUrl\":\"https:\\\/\\\/www.eldiario.net\\\/portal\\\/wp-content\\\/uploads\\\/2026\\\/03\\\/fesirmes-24.03.26-copia.webp\",\"width\":580,\"height\":345},{\"@type\":\"BreadcrumbList\",\"@id\":\"https:\\\/\\\/www.eldiario.net\\\/portal\\\/2026\\\/03\\\/24\\\/santa-cruz-paro-de-salud-suspende-atencion-en-hospitales-y-centros-0925\\\/#breadcrumb\",\"itemListElement\":[{\"@type\":\"ListItem\",\"position\":1,\"name\":\"Portada\",\"item\":\"https:\\\/\\\/www.eldiario.net\\\/portal\\\/\"},{\"@type\":\"ListItem\",\"position\":2,\"name\":\"Santa Cruz: paro de salud suspende atenci\u00f3n en hospitales y centros (09:25)\"}]},{\"@type\":\"WebSite\",\"@id\":\"https:\\\/\\\/www.eldiario.net\\\/portal\\\/#website\",\"url\":\"https:\\\/\\\/www.eldiario.net\\\/portal\\\/\",\"name\":\"El Diario - Decano de la prensa nacional\",\"description\":\"El Diario - Decano de la prensa nacional\",\"publisher\":{\"@id\":\"https:\\\/\\\/www.eldiario.net\\\/portal\\\/#organization\"},\"potentialAction\":[{\"@type\":\"SearchAction\",\"target\":{\"@type\":\"EntryPoint\",\"urlTemplate\":\"https:\\\/\\\/www.eldiario.net\\\/portal\\\/?s={search_term_string}\"},\"query-input\":{\"@type\":\"PropertyValueSpecification\",\"valueRequired\":true,\"valueName\":\"search_term_string\"}}],\"inLanguage\":\"es\"},{\"@type\":\"Organization\",\"@id\":\"https:\\\/\\\/www.eldiario.net\\\/portal\\\/#organization\",\"name\":\"El Diario - Decano de la prensa nacional\",\"url\":\"https:\\\/\\\/www.eldiario.net\\\/portal\\\/\",\"logo\":{\"@type\":\"ImageObject\",\"inLanguage\":\"es\",\"@id\":\"https:\\\/\\\/www.eldiario.net\\\/portal\\\/#\\\/schema\\\/logo\\\/image\\\/\",\"url\":\"https:\\\/\\\/www.eldiario.net\\\/portal\\\/wp-content\\\/uploads\\\/2023\\\/07\\\/logo_ED.jpg\",\"contentUrl\":\"https:\\\/\\\/www.eldiario.net\\\/portal\\\/wp-content\\\/uploads\\\/2023\\\/07\\\/logo_ED.jpg\",\"width\":272,\"height\":52,\"caption\":\"El Diario - Decano de la prensa nacional\"},\"image\":{\"@id\":\"https:\\\/\\\/www.eldiario.net\\\/portal\\\/#\\\/schema\\\/logo\\\/image\\\/\"},\"sameAs\":[\"https:\\\/\\\/www.facebook.com\\\/eldiario.bolivia\\\/\",\"https:\\\/\\\/x.com\\\/eldiario_net\"]},{\"@type\":\"Person\",\"@id\":\"https:\\\/\\\/www.eldiario.net\\\/portal\\\/#\\\/schema\\\/person\\\/32cc89e801dfcbad3a54f91da7f2ea06\",\"name\":\"Viviana Monrroy\",\"image\":{\"@type\":\"ImageObject\",\"inLanguage\":\"es\",\"@id\":\"https:\\\/\\\/secure.gravatar.com\\\/avatar\\\/dfd1611ed5600959a0e5a9754503b6c05d1dcf190010998e0363aee2ad98afca?s=96&d=mm&r=g\",\"url\":\"https:\\\/\\\/secure.gravatar.com\\\/avatar\\\/dfd1611ed5600959a0e5a9754503b6c05d1dcf190010998e0363aee2ad98afca?s=96&d=mm&r=g\",\"contentUrl\":\"https:\\\/\\\/secure.gravatar.com\\\/avatar\\\/dfd1611ed5600959a0e5a9754503b6c05d1dcf190010998e0363aee2ad98afca?s=96&d=mm&r=g\",\"caption\":\"Viviana Monrroy\"},\"sameAs\":[\"http:\\\/\\\/www.eldiario.net\"],\"url\":\"https:\\\/\\\/www.eldiario.net\\\/portal\\\/author\\\/vivianamonrroy\\\/\"}]}<\/script>\n<!-- \/ Yoast SEO plugin. -->","yoast_head_json":{"title":"Santa Cruz: paro de salud suspende atenci\u00f3n en hospitales y centros (09:25) - El Diario - Bolivia","robots":{"index":"index","follow":"follow","max-snippet":"max-snippet:-1","max-image-preview":"max-image-preview:large","max-video-preview":"max-video-preview:-1"},"canonical":"https:\/\/www.eldiario.net\/portal\/2026\/03\/24\/santa-cruz-paro-de-salud-suspende-atencion-en-hospitales-y-centros-0925\/","og_locale":"es_ES","og_type":"article","og_title":"Santa Cruz: paro de salud suspende atenci\u00f3n en hospitales y centros (09:25) - El Diario - Bolivia","og_description":"Los servicios de salud en el departamento de Santa Cruz se encuentran suspendidos desde este martes debido a medidas de presi\u00f3n simult\u00e1neas de m\u00e9dicos y trabajadores del sector. Mientras el personal sanitario acata un paro de 72 horas, los m\u00e9dicos cumplen una paralizaci\u00f3n de actividades por 24 horas, afectando la atenci\u00f3n regular en todos los [&hellip;]","og_url":"https:\/\/www.eldiario.net\/portal\/2026\/03\/24\/santa-cruz-paro-de-salud-suspende-atencion-en-hospitales-y-centros-0925\/","og_site_name":"El Diario - Bolivia","article_publisher":"https:\/\/www.facebook.com\/eldiario.bolivia\/","article_published_time":"2026-03-24T13:32:44+00:00","og_image":[{"width":580,"height":345,"url":"https:\/\/www.eldiario.net\/portal\/wp-content\/uploads\/2026\/03\/fesirmes-24.03.26-copia.webp","type":"image\/webp"}],"author":"Viviana Monrroy","twitter_card":"summary_large_image","twitter_creator":"@eldiario_net","twitter_site":"@eldiario_net","twitter_misc":{"Escrito por":"Viviana Monrroy","Tiempo de lectura":"2 minutos"},"schema":{"@context":"https:\/\/schema.org","@graph":[{"@type":"Article","@id":"https:\/\/www.eldiario.net\/portal\/2026\/03\/24\/santa-cruz-paro-de-salud-suspende-atencion-en-hospitales-y-centros-0925\/#article","isPartOf":{"@id":"https:\/\/www.eldiario.net\/portal\/2026\/03\/24\/santa-cruz-paro-de-salud-suspende-atencion-en-hospitales-y-centros-0925\/"},"author":{"name":"Viviana Monrroy","@id":"https:\/\/www.eldiario.net\/portal\/#\/schema\/person\/32cc89e801dfcbad3a54f91da7f2ea06"},"headline":"Santa Cruz: paro de salud suspende atenci\u00f3n en hospitales y centros (09:25)","datePublished":"2026-03-24T13:32:44+00:00","mainEntityOfPage":{"@id":"https:\/\/www.eldiario.net\/portal\/2026\/03\/24\/santa-cruz-paro-de-salud-suspende-atencion-en-hospitales-y-centros-0925\/"},"wordCount":215,"publisher":{"@id":"https:\/\/www.eldiario.net\/portal\/#organization"},"image":{"@id":"https:\/\/www.eldiario.net\/portal\/2026\/03\/24\/santa-cruz-paro-de-salud-suspende-atencion-en-hospitales-y-centros-0925\/#primaryimage"},"thumbnailUrl":"https:\/\/www.eldiario.net\/portal\/wp-content\/uploads\/2026\/03\/fesirmes-24.03.26-copia.webp","articleSection":["\u00daltima Hora"],"inLanguage":"es"},{"@type":"WebPage","@id":"https:\/\/www.eldiario.net\/portal\/2026\/03\/24\/santa-cruz-paro-de-salud-suspende-atencion-en-hospitales-y-centros-0925\/","url":"https:\/\/www.eldiario.net\/portal\/2026\/03\/24\/santa-cruz-paro-de-salud-suspende-atencion-en-hospitales-y-centros-0925\/","name":"Santa Cruz: paro de salud suspende atenci\u00f3n en hospitales y centros (09:25) - El Diario - Bolivia","isPartOf":{"@id":"https:\/\/www.eldiario.net\/portal\/#website"},"primaryImageOfPage":{"@id":"https:\/\/www.eldiario.net\/portal\/2026\/03\/24\/santa-cruz-paro-de-salud-suspende-atencion-en-hospitales-y-centros-0925\/#primaryimage"},"image":{"@id":"https:\/\/www.eldiario.net\/portal\/2026\/03\/24\/santa-cruz-paro-de-salud-suspende-atencion-en-hospitales-y-centros-0925\/#primaryimage"},"thumbnailUrl":"https:\/\/www.eldiario.net\/portal\/wp-content\/uploads\/2026\/03\/fesirmes-24.03.26-copia.webp","datePublished":"2026-03-24T13:32:44+00:00","breadcrumb":{"@id":"https:\/\/www.eldiario.net\/portal\/2026\/03\/24\/santa-cruz-paro-de-salud-suspende-atencion-en-hospitales-y-centros-0925\/#breadcrumb"},"inLanguage":"es","potentialAction":[{"@type":"ReadAction","target":["https:\/\/www.eldiario.net\/portal\/2026\/03\/24\/santa-cruz-paro-de-salud-suspende-atencion-en-hospitales-y-centros-0925\/"]}]},{"@type":"ImageObject","inLanguage":"es","@id":"https:\/\/www.eldiario.net\/portal\/2026\/03\/24\/santa-cruz-paro-de-salud-suspende-atencion-en-hospitales-y-centros-0925\/#primaryimage","url":"https:\/\/www.eldiario.net\/portal\/wp-content\/uploads\/2026\/03\/fesirmes-24.03.26-copia.webp","contentUrl":"https:\/\/www.eldiario.net\/portal\/wp-content\/uploads\/2026\/03\/fesirmes-24.03.26-copia.webp","width":580,"height":345},{"@type":"BreadcrumbList","@id":"https:\/\/www.eldiario.net\/portal\/2026\/03\/24\/santa-cruz-paro-de-salud-suspende-atencion-en-hospitales-y-centros-0925\/#breadcrumb","itemListElement":[{"@type":"ListItem","position":1,"name":"Portada","item":"https:\/\/www.eldiario.net\/portal\/"},{"@type":"ListItem","position":2,"name":"Santa Cruz: paro de salud suspende atenci\u00f3n en hospitales y centros (09:25)"}]},{"@type":"WebSite","@id":"https:\/\/www.eldiario.net\/portal\/#website","url":"https:\/\/www.eldiario.net\/portal\/","name":"El Diario - Decano de la prensa nacional","description":"El Diario - Decano de la prensa nacional","publisher":{"@id":"https:\/\/www.eldiario.net\/portal\/#organization"},"potentialAction":[{"@type":"SearchAction","target":{"@type":"EntryPoint","urlTemplate":"https:\/\/www.eldiario.net\/portal\/?s={search_term_string}"},"query-input":{"@type":"PropertyValueSpecification","valueRequired":true,"valueName":"search_term_string"}}],"inLanguage":"es"},{"@type":"Organization","@id":"https:\/\/www.eldiario.net\/portal\/#organization","name":"El Diario - Decano de la prensa nacional","url":"https:\/\/www.eldiario.net\/portal\/","logo":{"@type":"ImageObject","inLanguage":"es","@id":"https:\/\/www.eldiario.net\/portal\/#\/schema\/logo\/image\/","url":"https:\/\/www.eldiario.net\/portal\/wp-content\/uploads\/2023\/07\/logo_ED.jpg","contentUrl":"https:\/\/www.eldiario.net\/portal\/wp-content\/uploads\/2023\/07\/logo_ED.jpg","width":272,"height":52,"caption":"El Diario - Decano de la prensa nacional"},"image":{"@id":"https:\/\/www.eldiario.net\/portal\/#\/schema\/logo\/image\/"},"sameAs":["https:\/\/www.facebook.com\/eldiario.bolivia\/","https:\/\/x.com\/eldiario_net"]},{"@type":"Person","@id":"https:\/\/www.eldiario.net\/portal\/#\/schema\/person\/32cc89e801dfcbad3a54f91da7f2ea06","name":"Viviana Monrroy","image":{"@type":"ImageObject","inLanguage":"es","@id":"https:\/\/secure.gravatar.com\/avatar\/dfd1611ed5600959a0e5a9754503b6c05d1dcf190010998e0363aee2ad98afca?s=96&d=mm&r=g","url":"https:\/\/secure.gravatar.com\/avatar\/dfd1611ed5600959a0e5a9754503b6c05d1dcf190010998e0363aee2ad98afca?s=96&d=mm&r=g","contentUrl":"https:\/\/secure.gravatar.com\/avatar\/dfd1611ed5600959a0e5a9754503b6c05d1dcf190010998e0363aee2ad98afca?s=96&d=mm&r=g","caption":"Viviana Monrroy"},"sameAs":["http:\/\/www.eldiario.net"],"url":"https:\/\/www.eldiario.net\/portal\/author\/vivianamonrroy\/"}]}},"_links":{"self":[{"href":"https:\/\/www.eldiario.net\/portal\/wp-json\/wp\/v2\/posts\/378940","targetHints":{"allow":["GET"]}}],"collection":[{"href":"https:\/\/www.eldiario.net\/portal\/wp-json\/wp\/v2\/posts"}],"about":[{"href":"https:\/\/www.eldiario.net\/portal\/wp-json\/wp\/v2\/types\/post"}],"author":[{"embeddable":true,"href":"https:\/\/www.eldiario.net\/portal\/wp-json\/wp\/v2\/users\/7"}],"replies":[{"embeddable":true,"href":"https:\/\/www.eldiario.net\/portal\/wp-json\/wp\/v2\/comments?post=378940"}],"version-history":[{"count":1,"href":"https:\/\/www.eldiario.net\/portal\/wp-json\/wp\/v2\/posts\/378940\/revisions"}],"predecessor-version":[{"id":378944,"href":"https:\/\/www.eldiario.net\/portal\/wp-json\/wp\/v2\/posts\/378940\/revisions\/378944"}],"wp:featuredmedia":[{"embeddable":true,"href":"https:\/\/www.eldiario.net\/portal\/wp-json\/wp\/v2\/media\/378943"}],"wp:attachment":[{"href":"https:\/\/www.eldiario.net\/portal\/wp-json\/wp\/v2\/media?parent=378940"}],"wp:term":[{"taxonomy":"category","embeddable":true,"href":"https:\/\/www.eldiario.net\/portal\/wp-json\/wp\/v2\/categories?post=378940"},{"taxonomy":"post_tag","embeddable":true,"href":"https:\/\/www.eldiario.net\/portal\/wp-json\/wp\/v2\/tags?post=378940"}],"curies":[{"name":"wp","href":"https:\/\/api.w.org\/{rel}","templated":true}]}}