{"id":378922,"date":"2026-03-24T07:34:44","date_gmt":"2026-03-24T11:34:44","guid":{"rendered":"https:\/\/www.eldiario.net\/portal\/?p=378922"},"modified":"2026-03-24T07:34:44","modified_gmt":"2026-03-24T11:34:44","slug":"la-verde-afina-la-punteria-en-monterrey","status":"publish","type":"post","link":"https:\/\/www.eldiario.net\/portal\/2026\/03\/24\/la-verde-afina-la-punteria-en-monterrey\/","title":{"rendered":"La Verde afina la punter\u00eda en Monterrey"},"content":{"rendered":"<div>Con el partido frente a Surinam pr\u00f3ximo a jugarse, el jueves (18:00 HB), en Monterrey, el trabajo de la Selecci\u00f3n Nacional est\u00e1 dirigido a la definici\u00f3n, un problema que ha arrastrado el equipo en los partidos amistosos y en los compromisos de las clasificatorias a la Copa Mundial 2026.<\/div>\n<div dir=\"auto\"><\/div>\n<div dir=\"auto\">Antes del triunfo contra Trinidad y Tobago (3-0), en Santa Cruz, acumul\u00f3 seis partidos sin ganar, con cinco derrotas y un empate, justamente, en ese empate anot\u00f3 el \u00fanico tanto en este lapso, convertido por Ramiro Vaca.<\/div>\n<div dir=\"auto\"><\/div>\n<div dir=\"auto\">El seleccionador de Bolivia, \u00d3scar Villegas, reconoci\u00f3 que esta crisis puede ser un problema en un encuentro oficial, por lo que durante la estad\u00eda en Monterrey trabaj\u00f3 para que los jugadores ingresen con seguridad y concluyan las jugadas de peligro.<\/div>\n<div dir=\"auto\"><\/div>\n<div dir=\"auto\">Los autores de los goles en el amistoso ganado fueron: Luis Haqu\u00edn, Fernando Nava y Juan Godoy, \u00e9ste \u00faltimo tiene bajo su responsabilidad el trabajo ofensivo dentro del \u00e1rea, aunque Villegas siempre mencion\u00f3 que no se trata de un hombre fijo en este sector, sino que debe moverse por los costados, dando asistencias.<\/div>\n<div dir=\"auto\"><\/div>\n<div dir=\"auto\">Con los goles anotados y la labor realizada en estas dos semanas de entrenamiento, Villegas conf\u00eda en que habr\u00e1 un mejor rendimiento y que los goles llegar\u00e1n contra Surinam, y en caso de ganar, contra Irak (31 de marzo, 23:00 HB), para hacer realidad el regreso del seleccionado verde a la Copa Mundial.<\/div>\n<div dir=\"auto\"><\/div>\n<div dir=\"auto\">Los hombres de ataque, adem\u00e1s de Godoy son: Enzo Monteiro y V\u00edctor Abrego. De los tres, Godoy ha tenido un grado mayor de efectividad a nivel de clubes, con Always Ready, en comparaci\u00f3n a sus compa\u00f1eros, que act\u00faan en Chungbuk Cheongju FC (Corea del Sur) y The Strongest, de manera respectiva.<\/div>\n<div dir=\"auto\"><\/div>\n<div dir=\"auto\">En el discurso de Villegas tambi\u00e9n se incluye que cualquier jugador del plantel puede hacer gol, por la caracter\u00edstica del juego que desarrolla, viendo la proyecci\u00f3n que tienen Miguel Terceros, Fernando Nava y Ramiro Vaca, sin olvidar a Robson Tome y Gabriel Villamil.<\/div>\n<div dir=\"auto\"><\/div>\n<div dir=\"auto\">LLEGADA<\/div>\n<div dir=\"auto\">Gabriel Villamil y Efra\u00edn Morales fueron las recientes incorporaciones a la concentraci\u00f3n en Monterrey. Este martes, por otro lado, Yomar Rocha y Roberto Fern\u00e1ndez, ambos del Akron Togliatti, de Rusia, tendr\u00e1n su primera pr\u00e1ctica, y ese mismo d\u00eda, Mois\u00e9s Paniagua (Wydad, Marruecos) estar\u00e1 sum\u00e1ndose al grupo.<\/div>\n","protected":false},"excerpt":{"rendered":"<p>Con el partido frente a Surinam pr\u00f3ximo a jugarse, el jueves (18:00 HB), en Monterrey, el trabajo de la Selecci\u00f3n Nacional est\u00e1 dirigido a la definici\u00f3n, un problema que ha arrastrado el equipo en los partidos amistosos y en los compromisos de las clasificatorias a la Copa Mundial 2026. Antes del triunfo contra Trinidad y [&hellip;]<\/p>\n","protected":false},"author":1,"featured_media":378923,"comment_status":"closed","ping_status":"open","sticky":false,"template":"","format":"standard","meta":{"_acf_changed":false,"footnotes":""},"categories":[6],"tags":[],"class_list":["post-378922","post","type-post","status-publish","format-standard","has-post-thumbnail","category-deportes"],"acf":{"antetitulo":""},"yoast_head":"<!-- This site is optimized with the Yoast SEO plugin v28.4 - https:\/\/yoast.com\/product\/yoast-seo-wordpress\/ -->\n<title>La Verde afina la punter\u00eda en Monterrey - El Diario - Bolivia<\/title>\n<meta name=\"robots\" content=\"index, follow, max-snippet:-1, max-image-preview:large, max-video-preview:-1\" \/>\n<link rel=\"canonical\" href=\"https:\/\/www.eldiario.net\/portal\/2026\/03\/24\/la-verde-afina-la-punteria-en-monterrey\/\" \/>\n<meta property=\"og:locale\" content=\"es_ES\" \/>\n<meta property=\"og:type\" content=\"article\" \/>\n<meta property=\"og:title\" content=\"La Verde afina la punter\u00eda en Monterrey - El Diario - Bolivia\" \/>\n<meta property=\"og:description\" content=\"Con el partido frente a Surinam pr\u00f3ximo a jugarse, el jueves (18:00 HB), en Monterrey, el trabajo de la Selecci\u00f3n Nacional est\u00e1 dirigido a la definici\u00f3n, un problema que ha arrastrado el equipo en los partidos amistosos y en los compromisos de las clasificatorias a la Copa Mundial 2026. Antes del triunfo contra Trinidad y [&hellip;]\" \/>\n<meta property=\"og:url\" content=\"https:\/\/www.eldiario.net\/portal\/2026\/03\/24\/la-verde-afina-la-punteria-en-monterrey\/\" \/>\n<meta property=\"og:site_name\" content=\"El Diario - Bolivia\" \/>\n<meta property=\"article:publisher\" content=\"https:\/\/www.facebook.com\/eldiario.bolivia\/\" \/>\n<meta property=\"article:published_time\" content=\"2026-03-24T11:34:44+00:00\" \/>\n<meta property=\"og:image\" content=\"https:\/\/www.eldiario.net\/portal\/wp-content\/uploads\/2026\/03\/1000136507.webp\" \/>\n\t<meta property=\"og:image:width\" content=\"2285\" \/>\n\t<meta property=\"og:image:height\" content=\"2497\" \/>\n\t<meta property=\"og:image:type\" content=\"image\/webp\" \/>\n<meta name=\"author\" content=\"Jeanette\" \/>\n<meta name=\"twitter:card\" content=\"summary_large_image\" \/>\n<meta name=\"twitter:creator\" content=\"@eldiario_net\" \/>\n<meta name=\"twitter:site\" content=\"@eldiario_net\" \/>\n<meta name=\"twitter:label1\" content=\"Escrito por\" \/>\n\t<meta name=\"twitter:data1\" content=\"Jeanette\" \/>\n\t<meta name=\"twitter:label2\" content=\"Tiempo de lectura\" \/>\n\t<meta name=\"twitter:data2\" content=\"2 minutos\" \/>\n<script type=\"application\/ld+json\" class=\"yoast-schema-graph\">{\"@context\":\"https:\\\/\\\/schema.org\",\"@graph\":[{\"@type\":\"Article\",\"@id\":\"https:\\\/\\\/www.eldiario.net\\\/portal\\\/2026\\\/03\\\/24\\\/la-verde-afina-la-punteria-en-monterrey\\\/#article\",\"isPartOf\":{\"@id\":\"https:\\\/\\\/www.eldiario.net\\\/portal\\\/2026\\\/03\\\/24\\\/la-verde-afina-la-punteria-en-monterrey\\\/\"},\"author\":{\"name\":\"Jeanette\",\"@id\":\"https:\\\/\\\/www.eldiario.net\\\/portal\\\/#\\\/schema\\\/person\\\/2c57cf2b7a7ae032e449e4c9b1019eac\"},\"headline\":\"La Verde afina la punter\u00eda en Monterrey\",\"datePublished\":\"2026-03-24T11:34:44+00:00\",\"mainEntityOfPage\":{\"@id\":\"https:\\\/\\\/www.eldiario.net\\\/portal\\\/2026\\\/03\\\/24\\\/la-verde-afina-la-punteria-en-monterrey\\\/\"},\"wordCount\":400,\"publisher\":{\"@id\":\"https:\\\/\\\/www.eldiario.net\\\/portal\\\/#organization\"},\"image\":{\"@id\":\"https:\\\/\\\/www.eldiario.net\\\/portal\\\/2026\\\/03\\\/24\\\/la-verde-afina-la-punteria-en-monterrey\\\/#primaryimage\"},\"thumbnailUrl\":\"https:\\\/\\\/www.eldiario.net\\\/portal\\\/wp-content\\\/uploads\\\/2026\\\/03\\\/1000136507.webp\",\"articleSection\":[\"Deportes\"],\"inLanguage\":\"es\"},{\"@type\":\"WebPage\",\"@id\":\"https:\\\/\\\/www.eldiario.net\\\/portal\\\/2026\\\/03\\\/24\\\/la-verde-afina-la-punteria-en-monterrey\\\/\",\"url\":\"https:\\\/\\\/www.eldiario.net\\\/portal\\\/2026\\\/03\\\/24\\\/la-verde-afina-la-punteria-en-monterrey\\\/\",\"name\":\"La Verde afina la punter\u00eda en Monterrey - El Diario - Bolivia\",\"isPartOf\":{\"@id\":\"https:\\\/\\\/www.eldiario.net\\\/portal\\\/#website\"},\"primaryImageOfPage\":{\"@id\":\"https:\\\/\\\/www.eldiario.net\\\/portal\\\/2026\\\/03\\\/24\\\/la-verde-afina-la-punteria-en-monterrey\\\/#primaryimage\"},\"image\":{\"@id\":\"https:\\\/\\\/www.eldiario.net\\\/portal\\\/2026\\\/03\\\/24\\\/la-verde-afina-la-punteria-en-monterrey\\\/#primaryimage\"},\"thumbnailUrl\":\"https:\\\/\\\/www.eldiario.net\\\/portal\\\/wp-content\\\/uploads\\\/2026\\\/03\\\/1000136507.webp\",\"datePublished\":\"2026-03-24T11:34:44+00:00\",\"breadcrumb\":{\"@id\":\"https:\\\/\\\/www.eldiario.net\\\/portal\\\/2026\\\/03\\\/24\\\/la-verde-afina-la-punteria-en-monterrey\\\/#breadcrumb\"},\"inLanguage\":\"es\",\"potentialAction\":[{\"@type\":\"ReadAction\",\"target\":[\"https:\\\/\\\/www.eldiario.net\\\/portal\\\/2026\\\/03\\\/24\\\/la-verde-afina-la-punteria-en-monterrey\\\/\"]}]},{\"@type\":\"ImageObject\",\"inLanguage\":\"es\",\"@id\":\"https:\\\/\\\/www.eldiario.net\\\/portal\\\/2026\\\/03\\\/24\\\/la-verde-afina-la-punteria-en-monterrey\\\/#primaryimage\",\"url\":\"https:\\\/\\\/www.eldiario.net\\\/portal\\\/wp-content\\\/uploads\\\/2026\\\/03\\\/1000136507.webp\",\"contentUrl\":\"https:\\\/\\\/www.eldiario.net\\\/portal\\\/wp-content\\\/uploads\\\/2026\\\/03\\\/1000136507.webp\",\"width\":2285,\"height\":2497},{\"@type\":\"BreadcrumbList\",\"@id\":\"https:\\\/\\\/www.eldiario.net\\\/portal\\\/2026\\\/03\\\/24\\\/la-verde-afina-la-punteria-en-monterrey\\\/#breadcrumb\",\"itemListElement\":[{\"@type\":\"ListItem\",\"position\":1,\"name\":\"Portada\",\"item\":\"https:\\\/\\\/www.eldiario.net\\\/portal\\\/\"},{\"@type\":\"ListItem\",\"position\":2,\"name\":\"La Verde afina la punter\u00eda en Monterrey\"}]},{\"@type\":\"WebSite\",\"@id\":\"https:\\\/\\\/www.eldiario.net\\\/portal\\\/#website\",\"url\":\"https:\\\/\\\/www.eldiario.net\\\/portal\\\/\",\"name\":\"El Diario - Decano de la prensa nacional\",\"description\":\"El Diario - Decano de la prensa nacional\",\"publisher\":{\"@id\":\"https:\\\/\\\/www.eldiario.net\\\/portal\\\/#organization\"},\"potentialAction\":[{\"@type\":\"SearchAction\",\"target\":{\"@type\":\"EntryPoint\",\"urlTemplate\":\"https:\\\/\\\/www.eldiario.net\\\/portal\\\/?s={search_term_string}\"},\"query-input\":{\"@type\":\"PropertyValueSpecification\",\"valueRequired\":true,\"valueName\":\"search_term_string\"}}],\"inLanguage\":\"es\"},{\"@type\":\"Organization\",\"@id\":\"https:\\\/\\\/www.eldiario.net\\\/portal\\\/#organization\",\"name\":\"El Diario - Decano de la prensa nacional\",\"url\":\"https:\\\/\\\/www.eldiario.net\\\/portal\\\/\",\"logo\":{\"@type\":\"ImageObject\",\"inLanguage\":\"es\",\"@id\":\"https:\\\/\\\/www.eldiario.net\\\/portal\\\/#\\\/schema\\\/logo\\\/image\\\/\",\"url\":\"https:\\\/\\\/www.eldiario.net\\\/portal\\\/wp-content\\\/uploads\\\/2023\\\/07\\\/logo_ED.jpg\",\"contentUrl\":\"https:\\\/\\\/www.eldiario.net\\\/portal\\\/wp-content\\\/uploads\\\/2023\\\/07\\\/logo_ED.jpg\",\"width\":272,\"height\":52,\"caption\":\"El Diario - Decano de la prensa nacional\"},\"image\":{\"@id\":\"https:\\\/\\\/www.eldiario.net\\\/portal\\\/#\\\/schema\\\/logo\\\/image\\\/\"},\"sameAs\":[\"https:\\\/\\\/www.facebook.com\\\/eldiario.bolivia\\\/\",\"https:\\\/\\\/x.com\\\/eldiario_net\"]},{\"@type\":\"Person\",\"@id\":\"https:\\\/\\\/www.eldiario.net\\\/portal\\\/#\\\/schema\\\/person\\\/2c57cf2b7a7ae032e449e4c9b1019eac\",\"name\":\"Jeanette\",\"image\":{\"@type\":\"ImageObject\",\"inLanguage\":\"es\",\"@id\":\"https:\\\/\\\/secure.gravatar.com\\\/avatar\\\/3ea2118a5f7dad2b7138b1187a6b7ee55f160b9968b66013c3a3ef39dd7e5798?s=96&d=mm&r=g\",\"url\":\"https:\\\/\\\/secure.gravatar.com\\\/avatar\\\/3ea2118a5f7dad2b7138b1187a6b7ee55f160b9968b66013c3a3ef39dd7e5798?s=96&d=mm&r=g\",\"contentUrl\":\"https:\\\/\\\/secure.gravatar.com\\\/avatar\\\/3ea2118a5f7dad2b7138b1187a6b7ee55f160b9968b66013c3a3ef39dd7e5798?s=96&d=mm&r=g\",\"caption\":\"Jeanette\"},\"sameAs\":[\"https:\\\/\\\/www.eldiario.net\\\/portal\"],\"url\":\"https:\\\/\\\/www.eldiario.net\\\/portal\\\/author\\\/jeanette\\\/\"}]}<\/script>\n<!-- \/ Yoast SEO plugin. -->","yoast_head_json":{"title":"La Verde afina la punter\u00eda en Monterrey - El Diario - Bolivia","robots":{"index":"index","follow":"follow","max-snippet":"max-snippet:-1","max-image-preview":"max-image-preview:large","max-video-preview":"max-video-preview:-1"},"canonical":"https:\/\/www.eldiario.net\/portal\/2026\/03\/24\/la-verde-afina-la-punteria-en-monterrey\/","og_locale":"es_ES","og_type":"article","og_title":"La Verde afina la punter\u00eda en Monterrey - El Diario - Bolivia","og_description":"Con el partido frente a Surinam pr\u00f3ximo a jugarse, el jueves (18:00 HB), en Monterrey, el trabajo de la Selecci\u00f3n Nacional est\u00e1 dirigido a la definici\u00f3n, un problema que ha arrastrado el equipo en los partidos amistosos y en los compromisos de las clasificatorias a la Copa Mundial 2026. Antes del triunfo contra Trinidad y [&hellip;]","og_url":"https:\/\/www.eldiario.net\/portal\/2026\/03\/24\/la-verde-afina-la-punteria-en-monterrey\/","og_site_name":"El Diario - Bolivia","article_publisher":"https:\/\/www.facebook.com\/eldiario.bolivia\/","article_published_time":"2026-03-24T11:34:44+00:00","og_image":[{"width":2285,"height":2497,"url":"https:\/\/www.eldiario.net\/portal\/wp-content\/uploads\/2026\/03\/1000136507.webp","type":"image\/webp"}],"author":"Jeanette","twitter_card":"summary_large_image","twitter_creator":"@eldiario_net","twitter_site":"@eldiario_net","twitter_misc":{"Escrito por":"Jeanette","Tiempo de lectura":"2 minutos"},"schema":{"@context":"https:\/\/schema.org","@graph":[{"@type":"Article","@id":"https:\/\/www.eldiario.net\/portal\/2026\/03\/24\/la-verde-afina-la-punteria-en-monterrey\/#article","isPartOf":{"@id":"https:\/\/www.eldiario.net\/portal\/2026\/03\/24\/la-verde-afina-la-punteria-en-monterrey\/"},"author":{"name":"Jeanette","@id":"https:\/\/www.eldiario.net\/portal\/#\/schema\/person\/2c57cf2b7a7ae032e449e4c9b1019eac"},"headline":"La Verde afina la punter\u00eda en Monterrey","datePublished":"2026-03-24T11:34:44+00:00","mainEntityOfPage":{"@id":"https:\/\/www.eldiario.net\/portal\/2026\/03\/24\/la-verde-afina-la-punteria-en-monterrey\/"},"wordCount":400,"publisher":{"@id":"https:\/\/www.eldiario.net\/portal\/#organization"},"image":{"@id":"https:\/\/www.eldiario.net\/portal\/2026\/03\/24\/la-verde-afina-la-punteria-en-monterrey\/#primaryimage"},"thumbnailUrl":"https:\/\/www.eldiario.net\/portal\/wp-content\/uploads\/2026\/03\/1000136507.webp","articleSection":["Deportes"],"inLanguage":"es"},{"@type":"WebPage","@id":"https:\/\/www.eldiario.net\/portal\/2026\/03\/24\/la-verde-afina-la-punteria-en-monterrey\/","url":"https:\/\/www.eldiario.net\/portal\/2026\/03\/24\/la-verde-afina-la-punteria-en-monterrey\/","name":"La Verde afina la punter\u00eda en Monterrey - El Diario - Bolivia","isPartOf":{"@id":"https:\/\/www.eldiario.net\/portal\/#website"},"primaryImageOfPage":{"@id":"https:\/\/www.eldiario.net\/portal\/2026\/03\/24\/la-verde-afina-la-punteria-en-monterrey\/#primaryimage"},"image":{"@id":"https:\/\/www.eldiario.net\/portal\/2026\/03\/24\/la-verde-afina-la-punteria-en-monterrey\/#primaryimage"},"thumbnailUrl":"https:\/\/www.eldiario.net\/portal\/wp-content\/uploads\/2026\/03\/1000136507.webp","datePublished":"2026-03-24T11:34:44+00:00","breadcrumb":{"@id":"https:\/\/www.eldiario.net\/portal\/2026\/03\/24\/la-verde-afina-la-punteria-en-monterrey\/#breadcrumb"},"inLanguage":"es","potentialAction":[{"@type":"ReadAction","target":["https:\/\/www.eldiario.net\/portal\/2026\/03\/24\/la-verde-afina-la-punteria-en-monterrey\/"]}]},{"@type":"ImageObject","inLanguage":"es","@id":"https:\/\/www.eldiario.net\/portal\/2026\/03\/24\/la-verde-afina-la-punteria-en-monterrey\/#primaryimage","url":"https:\/\/www.eldiario.net\/portal\/wp-content\/uploads\/2026\/03\/1000136507.webp","contentUrl":"https:\/\/www.eldiario.net\/portal\/wp-content\/uploads\/2026\/03\/1000136507.webp","width":2285,"height":2497},{"@type":"BreadcrumbList","@id":"https:\/\/www.eldiario.net\/portal\/2026\/03\/24\/la-verde-afina-la-punteria-en-monterrey\/#breadcrumb","itemListElement":[{"@type":"ListItem","position":1,"name":"Portada","item":"https:\/\/www.eldiario.net\/portal\/"},{"@type":"ListItem","position":2,"name":"La Verde afina la punter\u00eda en Monterrey"}]},{"@type":"WebSite","@id":"https:\/\/www.eldiario.net\/portal\/#website","url":"https:\/\/www.eldiario.net\/portal\/","name":"El Diario - Decano de la prensa nacional","description":"El Diario - Decano de la prensa nacional","publisher":{"@id":"https:\/\/www.eldiario.net\/portal\/#organization"},"potentialAction":[{"@type":"SearchAction","target":{"@type":"EntryPoint","urlTemplate":"https:\/\/www.eldiario.net\/portal\/?s={search_term_string}"},"query-input":{"@type":"PropertyValueSpecification","valueRequired":true,"valueName":"search_term_string"}}],"inLanguage":"es"},{"@type":"Organization","@id":"https:\/\/www.eldiario.net\/portal\/#organization","name":"El Diario - Decano de la prensa nacional","url":"https:\/\/www.eldiario.net\/portal\/","logo":{"@type":"ImageObject","inLanguage":"es","@id":"https:\/\/www.eldiario.net\/portal\/#\/schema\/logo\/image\/","url":"https:\/\/www.eldiario.net\/portal\/wp-content\/uploads\/2023\/07\/logo_ED.jpg","contentUrl":"https:\/\/www.eldiario.net\/portal\/wp-content\/uploads\/2023\/07\/logo_ED.jpg","width":272,"height":52,"caption":"El Diario - Decano de la prensa nacional"},"image":{"@id":"https:\/\/www.eldiario.net\/portal\/#\/schema\/logo\/image\/"},"sameAs":["https:\/\/www.facebook.com\/eldiario.bolivia\/","https:\/\/x.com\/eldiario_net"]},{"@type":"Person","@id":"https:\/\/www.eldiario.net\/portal\/#\/schema\/person\/2c57cf2b7a7ae032e449e4c9b1019eac","name":"Jeanette","image":{"@type":"ImageObject","inLanguage":"es","@id":"https:\/\/secure.gravatar.com\/avatar\/3ea2118a5f7dad2b7138b1187a6b7ee55f160b9968b66013c3a3ef39dd7e5798?s=96&d=mm&r=g","url":"https:\/\/secure.gravatar.com\/avatar\/3ea2118a5f7dad2b7138b1187a6b7ee55f160b9968b66013c3a3ef39dd7e5798?s=96&d=mm&r=g","contentUrl":"https:\/\/secure.gravatar.com\/avatar\/3ea2118a5f7dad2b7138b1187a6b7ee55f160b9968b66013c3a3ef39dd7e5798?s=96&d=mm&r=g","caption":"Jeanette"},"sameAs":["https:\/\/www.eldiario.net\/portal"],"url":"https:\/\/www.eldiario.net\/portal\/author\/jeanette\/"}]}},"_links":{"self":[{"href":"https:\/\/www.eldiario.net\/portal\/wp-json\/wp\/v2\/posts\/378922","targetHints":{"allow":["GET"]}}],"collection":[{"href":"https:\/\/www.eldiario.net\/portal\/wp-json\/wp\/v2\/posts"}],"about":[{"href":"https:\/\/www.eldiario.net\/portal\/wp-json\/wp\/v2\/types\/post"}],"author":[{"embeddable":true,"href":"https:\/\/www.eldiario.net\/portal\/wp-json\/wp\/v2\/users\/1"}],"replies":[{"embeddable":true,"href":"https:\/\/www.eldiario.net\/portal\/wp-json\/wp\/v2\/comments?post=378922"}],"version-history":[{"count":1,"href":"https:\/\/www.eldiario.net\/portal\/wp-json\/wp\/v2\/posts\/378922\/revisions"}],"predecessor-version":[{"id":378924,"href":"https:\/\/www.eldiario.net\/portal\/wp-json\/wp\/v2\/posts\/378922\/revisions\/378924"}],"wp:featuredmedia":[{"embeddable":true,"href":"https:\/\/www.eldiario.net\/portal\/wp-json\/wp\/v2\/media\/378923"}],"wp:attachment":[{"href":"https:\/\/www.eldiario.net\/portal\/wp-json\/wp\/v2\/media?parent=378922"}],"wp:term":[{"taxonomy":"category","embeddable":true,"href":"https:\/\/www.eldiario.net\/portal\/wp-json\/wp\/v2\/categories?post=378922"},{"taxonomy":"post_tag","embeddable":true,"href":"https:\/\/www.eldiario.net\/portal\/wp-json\/wp\/v2\/tags?post=378922"}],"curies":[{"name":"wp","href":"https:\/\/api.w.org\/{rel}","templated":true}]}}