{"id":378919,"date":"2026-03-24T07:33:53","date_gmt":"2026-03-24T11:33:53","guid":{"rendered":"https:\/\/www.eldiario.net\/portal\/?p=378919"},"modified":"2026-03-24T07:33:53","modified_gmt":"2026-03-24T11:33:53","slug":"el-deporte-paralimpico-apunta-a-mayor-inclusion","status":"publish","type":"post","link":"https:\/\/www.eldiario.net\/portal\/2026\/03\/24\/el-deporte-paralimpico-apunta-a-mayor-inclusion\/","title":{"rendered":"El Deporte Paral\u00edmpico apunta a mayor inclusi\u00f3n"},"content":{"rendered":"<div>El presidente del Comit\u00e9 Paral\u00edmpico de las Am\u00e9ricas, Julio C\u00e9sar \u00c1vila, se reuni\u00f3 este lunes con la ministra de Salud y Deportes, Marcela Flores Zambrana, para reafirmar el compromiso del Gobierno con este movimiento, que busca ser una herramienta de inclusi\u00f3n social en el territorio.<\/div>\n<div dir=\"auto\"><\/div>\n<div dir=\"auto\">\u00abAbrir estas puertas nos permite crear espacios para que nuestros atletas puedan representar a sus pa\u00edses, mostrar su talento, su dedicaci\u00f3n y mostrar que necesitamos una oportunidad\u00bb, declar\u00f3 \u00c1vila, durante su visita en el Ministerio de Salud y Deportes.<\/div>\n<div dir=\"auto\"><\/div>\n<div dir=\"auto\">El a\u00f1o pasado, el deporte paral\u00edmpico de Bolivia recibi\u00f3 el reconocimiento en la Asamblea del Comit\u00e9 Paral\u00edmpico Internacional, realizada en Corea, y a nivel de la regi\u00f3n, en la reuni\u00f3n en Santiago recibi\u00f3 la bienvenida.<\/div>\n<div dir=\"auto\"><\/div>\n<div dir=\"auto\">El primer reto deportivo que afrontar\u00e1n los deportistas ser\u00e1 la participaci\u00f3n en los II Juegos Parasuramericanos Valledupar 2026, del 5 al 15 de julio, en territorio colombiano, reactivando esta competencia multidisciplinaria, despu\u00e9s de una pausa prolongada, desde 2014, cuando Santiago fue la sede.<\/div>\n<div dir=\"auto\"><\/div>\n<div dir=\"auto\">\u00abEn estos Juegos los deportistas podr\u00e1n mejorar sus tiempos, sus marcas y con esta mejora, van a dejar en alto el nombre de Bolivia\u00bb, agreg\u00f3 \u00c1vila, quien record\u00f3 que la delegaci\u00f3n boliviana estar\u00e1 formada por 40 deportistas.<\/div>\n<div dir=\"auto\"><\/div>\n<div dir=\"auto\">Uno de los proyectos m\u00e1s ambiciosos de este movimiento est\u00e1 en la organizaci\u00f3n de la primera versi\u00f3n de los Juegos Parabolivarianos 2029, en La Paz, cuando la sede de Gobierno est\u00e1 a poco de ser designada como sede de los XXI Juegos Bolivarianos 2029.<\/div>\n<div dir=\"auto\"><\/div>\n<div dir=\"auto\">FESTIVAL<\/div>\n<div dir=\"auto\">Este martes, desde las 09:00, en la plaza Tejada Sorzano, atrio del estadio Hernando Siles, se llevar\u00e1 adelante el Festival de Deporte Paral\u00edmpico, convocado por el Comit\u00e9 Paral\u00edmpico Boliviano (COPABOL), donde habr\u00e1 una demostraci\u00f3n de las disciplinas que realizan los deportistas.<\/div>\n","protected":false},"excerpt":{"rendered":"<p>El presidente del Comit\u00e9 Paral\u00edmpico de las Am\u00e9ricas, Julio C\u00e9sar \u00c1vila, se reuni\u00f3 este lunes con la ministra de Salud y Deportes, Marcela Flores Zambrana, para reafirmar el compromiso del Gobierno con este movimiento, que busca ser una herramienta de inclusi\u00f3n social en el territorio. \u00abAbrir estas puertas nos permite crear espacios para que nuestros [&hellip;]<\/p>\n","protected":false},"author":1,"featured_media":378920,"comment_status":"closed","ping_status":"open","sticky":false,"template":"","format":"standard","meta":{"_acf_changed":false,"footnotes":""},"categories":[6],"tags":[],"class_list":["post-378919","post","type-post","status-publish","format-standard","has-post-thumbnail","category-deportes"],"acf":{"antetitulo":""},"yoast_head":"<!-- This site is optimized with the Yoast SEO plugin v28.4 - https:\/\/yoast.com\/product\/yoast-seo-wordpress\/ -->\n<title>El Deporte Paral\u00edmpico apunta a mayor inclusi\u00f3n - El Diario - Bolivia<\/title>\n<meta name=\"robots\" content=\"index, follow, max-snippet:-1, max-image-preview:large, max-video-preview:-1\" \/>\n<link rel=\"canonical\" href=\"https:\/\/www.eldiario.net\/portal\/2026\/03\/24\/el-deporte-paralimpico-apunta-a-mayor-inclusion\/\" \/>\n<meta property=\"og:locale\" content=\"es_ES\" \/>\n<meta property=\"og:type\" content=\"article\" \/>\n<meta property=\"og:title\" content=\"El Deporte Paral\u00edmpico apunta a mayor inclusi\u00f3n - El Diario - Bolivia\" \/>\n<meta property=\"og:description\" content=\"El presidente del Comit\u00e9 Paral\u00edmpico de las Am\u00e9ricas, Julio C\u00e9sar \u00c1vila, se reuni\u00f3 este lunes con la ministra de Salud y Deportes, Marcela Flores Zambrana, para reafirmar el compromiso del Gobierno con este movimiento, que busca ser una herramienta de inclusi\u00f3n social en el territorio. \u00abAbrir estas puertas nos permite crear espacios para que nuestros [&hellip;]\" \/>\n<meta property=\"og:url\" content=\"https:\/\/www.eldiario.net\/portal\/2026\/03\/24\/el-deporte-paralimpico-apunta-a-mayor-inclusion\/\" \/>\n<meta property=\"og:site_name\" content=\"El Diario - Bolivia\" \/>\n<meta property=\"article:publisher\" content=\"https:\/\/www.facebook.com\/eldiario.bolivia\/\" \/>\n<meta property=\"article:published_time\" content=\"2026-03-24T11:33:53+00:00\" \/>\n<meta property=\"og:image\" content=\"https:\/\/www.eldiario.net\/portal\/wp-content\/uploads\/2026\/03\/1000136814.jpg\" \/>\n\t<meta property=\"og:image:width\" content=\"1600\" \/>\n\t<meta property=\"og:image:height\" content=\"1066\" \/>\n\t<meta property=\"og:image:type\" content=\"image\/jpeg\" \/>\n<meta name=\"author\" content=\"Jeanette\" \/>\n<meta name=\"twitter:card\" content=\"summary_large_image\" \/>\n<meta name=\"twitter:creator\" content=\"@eldiario_net\" \/>\n<meta name=\"twitter:site\" content=\"@eldiario_net\" \/>\n<meta name=\"twitter:label1\" content=\"Escrito por\" \/>\n\t<meta name=\"twitter:data1\" content=\"Jeanette\" \/>\n\t<meta name=\"twitter:label2\" content=\"Tiempo de lectura\" \/>\n\t<meta name=\"twitter:data2\" content=\"2 minutos\" \/>\n<script type=\"application\/ld+json\" class=\"yoast-schema-graph\">{\"@context\":\"https:\\\/\\\/schema.org\",\"@graph\":[{\"@type\":\"Article\",\"@id\":\"https:\\\/\\\/www.eldiario.net\\\/portal\\\/2026\\\/03\\\/24\\\/el-deporte-paralimpico-apunta-a-mayor-inclusion\\\/#article\",\"isPartOf\":{\"@id\":\"https:\\\/\\\/www.eldiario.net\\\/portal\\\/2026\\\/03\\\/24\\\/el-deporte-paralimpico-apunta-a-mayor-inclusion\\\/\"},\"author\":{\"name\":\"Jeanette\",\"@id\":\"https:\\\/\\\/www.eldiario.net\\\/portal\\\/#\\\/schema\\\/person\\\/2c57cf2b7a7ae032e449e4c9b1019eac\"},\"headline\":\"El Deporte Paral\u00edmpico apunta a mayor inclusi\u00f3n\",\"datePublished\":\"2026-03-24T11:33:53+00:00\",\"mainEntityOfPage\":{\"@id\":\"https:\\\/\\\/www.eldiario.net\\\/portal\\\/2026\\\/03\\\/24\\\/el-deporte-paralimpico-apunta-a-mayor-inclusion\\\/\"},\"wordCount\":308,\"publisher\":{\"@id\":\"https:\\\/\\\/www.eldiario.net\\\/portal\\\/#organization\"},\"image\":{\"@id\":\"https:\\\/\\\/www.eldiario.net\\\/portal\\\/2026\\\/03\\\/24\\\/el-deporte-paralimpico-apunta-a-mayor-inclusion\\\/#primaryimage\"},\"thumbnailUrl\":\"https:\\\/\\\/www.eldiario.net\\\/portal\\\/wp-content\\\/uploads\\\/2026\\\/03\\\/1000136814.jpg\",\"articleSection\":[\"Deportes\"],\"inLanguage\":\"es\"},{\"@type\":\"WebPage\",\"@id\":\"https:\\\/\\\/www.eldiario.net\\\/portal\\\/2026\\\/03\\\/24\\\/el-deporte-paralimpico-apunta-a-mayor-inclusion\\\/\",\"url\":\"https:\\\/\\\/www.eldiario.net\\\/portal\\\/2026\\\/03\\\/24\\\/el-deporte-paralimpico-apunta-a-mayor-inclusion\\\/\",\"name\":\"El Deporte Paral\u00edmpico apunta a mayor inclusi\u00f3n - El Diario - Bolivia\",\"isPartOf\":{\"@id\":\"https:\\\/\\\/www.eldiario.net\\\/portal\\\/#website\"},\"primaryImageOfPage\":{\"@id\":\"https:\\\/\\\/www.eldiario.net\\\/portal\\\/2026\\\/03\\\/24\\\/el-deporte-paralimpico-apunta-a-mayor-inclusion\\\/#primaryimage\"},\"image\":{\"@id\":\"https:\\\/\\\/www.eldiario.net\\\/portal\\\/2026\\\/03\\\/24\\\/el-deporte-paralimpico-apunta-a-mayor-inclusion\\\/#primaryimage\"},\"thumbnailUrl\":\"https:\\\/\\\/www.eldiario.net\\\/portal\\\/wp-content\\\/uploads\\\/2026\\\/03\\\/1000136814.jpg\",\"datePublished\":\"2026-03-24T11:33:53+00:00\",\"breadcrumb\":{\"@id\":\"https:\\\/\\\/www.eldiario.net\\\/portal\\\/2026\\\/03\\\/24\\\/el-deporte-paralimpico-apunta-a-mayor-inclusion\\\/#breadcrumb\"},\"inLanguage\":\"es\",\"potentialAction\":[{\"@type\":\"ReadAction\",\"target\":[\"https:\\\/\\\/www.eldiario.net\\\/portal\\\/2026\\\/03\\\/24\\\/el-deporte-paralimpico-apunta-a-mayor-inclusion\\\/\"]}]},{\"@type\":\"ImageObject\",\"inLanguage\":\"es\",\"@id\":\"https:\\\/\\\/www.eldiario.net\\\/portal\\\/2026\\\/03\\\/24\\\/el-deporte-paralimpico-apunta-a-mayor-inclusion\\\/#primaryimage\",\"url\":\"https:\\\/\\\/www.eldiario.net\\\/portal\\\/wp-content\\\/uploads\\\/2026\\\/03\\\/1000136814.jpg\",\"contentUrl\":\"https:\\\/\\\/www.eldiario.net\\\/portal\\\/wp-content\\\/uploads\\\/2026\\\/03\\\/1000136814.jpg\",\"width\":1600,\"height\":1066},{\"@type\":\"BreadcrumbList\",\"@id\":\"https:\\\/\\\/www.eldiario.net\\\/portal\\\/2026\\\/03\\\/24\\\/el-deporte-paralimpico-apunta-a-mayor-inclusion\\\/#breadcrumb\",\"itemListElement\":[{\"@type\":\"ListItem\",\"position\":1,\"name\":\"Portada\",\"item\":\"https:\\\/\\\/www.eldiario.net\\\/portal\\\/\"},{\"@type\":\"ListItem\",\"position\":2,\"name\":\"El Deporte Paral\u00edmpico apunta a mayor inclusi\u00f3n\"}]},{\"@type\":\"WebSite\",\"@id\":\"https:\\\/\\\/www.eldiario.net\\\/portal\\\/#website\",\"url\":\"https:\\\/\\\/www.eldiario.net\\\/portal\\\/\",\"name\":\"El Diario - Decano de la prensa nacional\",\"description\":\"El Diario - Decano de la prensa nacional\",\"publisher\":{\"@id\":\"https:\\\/\\\/www.eldiario.net\\\/portal\\\/#organization\"},\"potentialAction\":[{\"@type\":\"SearchAction\",\"target\":{\"@type\":\"EntryPoint\",\"urlTemplate\":\"https:\\\/\\\/www.eldiario.net\\\/portal\\\/?s={search_term_string}\"},\"query-input\":{\"@type\":\"PropertyValueSpecification\",\"valueRequired\":true,\"valueName\":\"search_term_string\"}}],\"inLanguage\":\"es\"},{\"@type\":\"Organization\",\"@id\":\"https:\\\/\\\/www.eldiario.net\\\/portal\\\/#organization\",\"name\":\"El Diario - Decano de la prensa nacional\",\"url\":\"https:\\\/\\\/www.eldiario.net\\\/portal\\\/\",\"logo\":{\"@type\":\"ImageObject\",\"inLanguage\":\"es\",\"@id\":\"https:\\\/\\\/www.eldiario.net\\\/portal\\\/#\\\/schema\\\/logo\\\/image\\\/\",\"url\":\"https:\\\/\\\/www.eldiario.net\\\/portal\\\/wp-content\\\/uploads\\\/2023\\\/07\\\/logo_ED.jpg\",\"contentUrl\":\"https:\\\/\\\/www.eldiario.net\\\/portal\\\/wp-content\\\/uploads\\\/2023\\\/07\\\/logo_ED.jpg\",\"width\":272,\"height\":52,\"caption\":\"El Diario - Decano de la prensa nacional\"},\"image\":{\"@id\":\"https:\\\/\\\/www.eldiario.net\\\/portal\\\/#\\\/schema\\\/logo\\\/image\\\/\"},\"sameAs\":[\"https:\\\/\\\/www.facebook.com\\\/eldiario.bolivia\\\/\",\"https:\\\/\\\/x.com\\\/eldiario_net\"]},{\"@type\":\"Person\",\"@id\":\"https:\\\/\\\/www.eldiario.net\\\/portal\\\/#\\\/schema\\\/person\\\/2c57cf2b7a7ae032e449e4c9b1019eac\",\"name\":\"Jeanette\",\"image\":{\"@type\":\"ImageObject\",\"inLanguage\":\"es\",\"@id\":\"https:\\\/\\\/secure.gravatar.com\\\/avatar\\\/3ea2118a5f7dad2b7138b1187a6b7ee55f160b9968b66013c3a3ef39dd7e5798?s=96&d=mm&r=g\",\"url\":\"https:\\\/\\\/secure.gravatar.com\\\/avatar\\\/3ea2118a5f7dad2b7138b1187a6b7ee55f160b9968b66013c3a3ef39dd7e5798?s=96&d=mm&r=g\",\"contentUrl\":\"https:\\\/\\\/secure.gravatar.com\\\/avatar\\\/3ea2118a5f7dad2b7138b1187a6b7ee55f160b9968b66013c3a3ef39dd7e5798?s=96&d=mm&r=g\",\"caption\":\"Jeanette\"},\"sameAs\":[\"https:\\\/\\\/www.eldiario.net\\\/portal\"],\"url\":\"https:\\\/\\\/www.eldiario.net\\\/portal\\\/author\\\/jeanette\\\/\"}]}<\/script>\n<!-- \/ Yoast SEO plugin. -->","yoast_head_json":{"title":"El Deporte Paral\u00edmpico apunta a mayor inclusi\u00f3n - El Diario - Bolivia","robots":{"index":"index","follow":"follow","max-snippet":"max-snippet:-1","max-image-preview":"max-image-preview:large","max-video-preview":"max-video-preview:-1"},"canonical":"https:\/\/www.eldiario.net\/portal\/2026\/03\/24\/el-deporte-paralimpico-apunta-a-mayor-inclusion\/","og_locale":"es_ES","og_type":"article","og_title":"El Deporte Paral\u00edmpico apunta a mayor inclusi\u00f3n - El Diario - Bolivia","og_description":"El presidente del Comit\u00e9 Paral\u00edmpico de las Am\u00e9ricas, Julio C\u00e9sar \u00c1vila, se reuni\u00f3 este lunes con la ministra de Salud y Deportes, Marcela Flores Zambrana, para reafirmar el compromiso del Gobierno con este movimiento, que busca ser una herramienta de inclusi\u00f3n social en el territorio. \u00abAbrir estas puertas nos permite crear espacios para que nuestros [&hellip;]","og_url":"https:\/\/www.eldiario.net\/portal\/2026\/03\/24\/el-deporte-paralimpico-apunta-a-mayor-inclusion\/","og_site_name":"El Diario - Bolivia","article_publisher":"https:\/\/www.facebook.com\/eldiario.bolivia\/","article_published_time":"2026-03-24T11:33:53+00:00","og_image":[{"width":1600,"height":1066,"url":"https:\/\/www.eldiario.net\/portal\/wp-content\/uploads\/2026\/03\/1000136814.jpg","type":"image\/jpeg"}],"author":"Jeanette","twitter_card":"summary_large_image","twitter_creator":"@eldiario_net","twitter_site":"@eldiario_net","twitter_misc":{"Escrito por":"Jeanette","Tiempo de lectura":"2 minutos"},"schema":{"@context":"https:\/\/schema.org","@graph":[{"@type":"Article","@id":"https:\/\/www.eldiario.net\/portal\/2026\/03\/24\/el-deporte-paralimpico-apunta-a-mayor-inclusion\/#article","isPartOf":{"@id":"https:\/\/www.eldiario.net\/portal\/2026\/03\/24\/el-deporte-paralimpico-apunta-a-mayor-inclusion\/"},"author":{"name":"Jeanette","@id":"https:\/\/www.eldiario.net\/portal\/#\/schema\/person\/2c57cf2b7a7ae032e449e4c9b1019eac"},"headline":"El Deporte Paral\u00edmpico apunta a mayor inclusi\u00f3n","datePublished":"2026-03-24T11:33:53+00:00","mainEntityOfPage":{"@id":"https:\/\/www.eldiario.net\/portal\/2026\/03\/24\/el-deporte-paralimpico-apunta-a-mayor-inclusion\/"},"wordCount":308,"publisher":{"@id":"https:\/\/www.eldiario.net\/portal\/#organization"},"image":{"@id":"https:\/\/www.eldiario.net\/portal\/2026\/03\/24\/el-deporte-paralimpico-apunta-a-mayor-inclusion\/#primaryimage"},"thumbnailUrl":"https:\/\/www.eldiario.net\/portal\/wp-content\/uploads\/2026\/03\/1000136814.jpg","articleSection":["Deportes"],"inLanguage":"es"},{"@type":"WebPage","@id":"https:\/\/www.eldiario.net\/portal\/2026\/03\/24\/el-deporte-paralimpico-apunta-a-mayor-inclusion\/","url":"https:\/\/www.eldiario.net\/portal\/2026\/03\/24\/el-deporte-paralimpico-apunta-a-mayor-inclusion\/","name":"El Deporte Paral\u00edmpico apunta a mayor inclusi\u00f3n - El Diario - Bolivia","isPartOf":{"@id":"https:\/\/www.eldiario.net\/portal\/#website"},"primaryImageOfPage":{"@id":"https:\/\/www.eldiario.net\/portal\/2026\/03\/24\/el-deporte-paralimpico-apunta-a-mayor-inclusion\/#primaryimage"},"image":{"@id":"https:\/\/www.eldiario.net\/portal\/2026\/03\/24\/el-deporte-paralimpico-apunta-a-mayor-inclusion\/#primaryimage"},"thumbnailUrl":"https:\/\/www.eldiario.net\/portal\/wp-content\/uploads\/2026\/03\/1000136814.jpg","datePublished":"2026-03-24T11:33:53+00:00","breadcrumb":{"@id":"https:\/\/www.eldiario.net\/portal\/2026\/03\/24\/el-deporte-paralimpico-apunta-a-mayor-inclusion\/#breadcrumb"},"inLanguage":"es","potentialAction":[{"@type":"ReadAction","target":["https:\/\/www.eldiario.net\/portal\/2026\/03\/24\/el-deporte-paralimpico-apunta-a-mayor-inclusion\/"]}]},{"@type":"ImageObject","inLanguage":"es","@id":"https:\/\/www.eldiario.net\/portal\/2026\/03\/24\/el-deporte-paralimpico-apunta-a-mayor-inclusion\/#primaryimage","url":"https:\/\/www.eldiario.net\/portal\/wp-content\/uploads\/2026\/03\/1000136814.jpg","contentUrl":"https:\/\/www.eldiario.net\/portal\/wp-content\/uploads\/2026\/03\/1000136814.jpg","width":1600,"height":1066},{"@type":"BreadcrumbList","@id":"https:\/\/www.eldiario.net\/portal\/2026\/03\/24\/el-deporte-paralimpico-apunta-a-mayor-inclusion\/#breadcrumb","itemListElement":[{"@type":"ListItem","position":1,"name":"Portada","item":"https:\/\/www.eldiario.net\/portal\/"},{"@type":"ListItem","position":2,"name":"El Deporte Paral\u00edmpico apunta a mayor inclusi\u00f3n"}]},{"@type":"WebSite","@id":"https:\/\/www.eldiario.net\/portal\/#website","url":"https:\/\/www.eldiario.net\/portal\/","name":"El Diario - Decano de la prensa nacional","description":"El Diario - Decano de la prensa nacional","publisher":{"@id":"https:\/\/www.eldiario.net\/portal\/#organization"},"potentialAction":[{"@type":"SearchAction","target":{"@type":"EntryPoint","urlTemplate":"https:\/\/www.eldiario.net\/portal\/?s={search_term_string}"},"query-input":{"@type":"PropertyValueSpecification","valueRequired":true,"valueName":"search_term_string"}}],"inLanguage":"es"},{"@type":"Organization","@id":"https:\/\/www.eldiario.net\/portal\/#organization","name":"El Diario - Decano de la prensa nacional","url":"https:\/\/www.eldiario.net\/portal\/","logo":{"@type":"ImageObject","inLanguage":"es","@id":"https:\/\/www.eldiario.net\/portal\/#\/schema\/logo\/image\/","url":"https:\/\/www.eldiario.net\/portal\/wp-content\/uploads\/2023\/07\/logo_ED.jpg","contentUrl":"https:\/\/www.eldiario.net\/portal\/wp-content\/uploads\/2023\/07\/logo_ED.jpg","width":272,"height":52,"caption":"El Diario - Decano de la prensa nacional"},"image":{"@id":"https:\/\/www.eldiario.net\/portal\/#\/schema\/logo\/image\/"},"sameAs":["https:\/\/www.facebook.com\/eldiario.bolivia\/","https:\/\/x.com\/eldiario_net"]},{"@type":"Person","@id":"https:\/\/www.eldiario.net\/portal\/#\/schema\/person\/2c57cf2b7a7ae032e449e4c9b1019eac","name":"Jeanette","image":{"@type":"ImageObject","inLanguage":"es","@id":"https:\/\/secure.gravatar.com\/avatar\/3ea2118a5f7dad2b7138b1187a6b7ee55f160b9968b66013c3a3ef39dd7e5798?s=96&d=mm&r=g","url":"https:\/\/secure.gravatar.com\/avatar\/3ea2118a5f7dad2b7138b1187a6b7ee55f160b9968b66013c3a3ef39dd7e5798?s=96&d=mm&r=g","contentUrl":"https:\/\/secure.gravatar.com\/avatar\/3ea2118a5f7dad2b7138b1187a6b7ee55f160b9968b66013c3a3ef39dd7e5798?s=96&d=mm&r=g","caption":"Jeanette"},"sameAs":["https:\/\/www.eldiario.net\/portal"],"url":"https:\/\/www.eldiario.net\/portal\/author\/jeanette\/"}]}},"_links":{"self":[{"href":"https:\/\/www.eldiario.net\/portal\/wp-json\/wp\/v2\/posts\/378919","targetHints":{"allow":["GET"]}}],"collection":[{"href":"https:\/\/www.eldiario.net\/portal\/wp-json\/wp\/v2\/posts"}],"about":[{"href":"https:\/\/www.eldiario.net\/portal\/wp-json\/wp\/v2\/types\/post"}],"author":[{"embeddable":true,"href":"https:\/\/www.eldiario.net\/portal\/wp-json\/wp\/v2\/users\/1"}],"replies":[{"embeddable":true,"href":"https:\/\/www.eldiario.net\/portal\/wp-json\/wp\/v2\/comments?post=378919"}],"version-history":[{"count":1,"href":"https:\/\/www.eldiario.net\/portal\/wp-json\/wp\/v2\/posts\/378919\/revisions"}],"predecessor-version":[{"id":378921,"href":"https:\/\/www.eldiario.net\/portal\/wp-json\/wp\/v2\/posts\/378919\/revisions\/378921"}],"wp:featuredmedia":[{"embeddable":true,"href":"https:\/\/www.eldiario.net\/portal\/wp-json\/wp\/v2\/media\/378920"}],"wp:attachment":[{"href":"https:\/\/www.eldiario.net\/portal\/wp-json\/wp\/v2\/media?parent=378919"}],"wp:term":[{"taxonomy":"category","embeddable":true,"href":"https:\/\/www.eldiario.net\/portal\/wp-json\/wp\/v2\/categories?post=378919"},{"taxonomy":"post_tag","embeddable":true,"href":"https:\/\/www.eldiario.net\/portal\/wp-json\/wp\/v2\/tags?post=378919"}],"curies":[{"name":"wp","href":"https:\/\/api.w.org\/{rel}","templated":true}]}}