{"id":378916,"date":"2026-03-24T07:32:59","date_gmt":"2026-03-24T11:32:59","guid":{"rendered":"https:\/\/www.eldiario.net\/portal\/?p=378916"},"modified":"2026-03-24T07:32:59","modified_gmt":"2026-03-24T11:32:59","slug":"magisterio-urbano-anuncia-movilizacion-para-este-25","status":"publish","type":"post","link":"https:\/\/www.eldiario.net\/portal\/2026\/03\/24\/magisterio-urbano-anuncia-movilizacion-para-este-25\/","title":{"rendered":"Magisterio urbano anuncia  movilizaci\u00f3n para este 25"},"content":{"rendered":"<p>El dirigente del Magisterio urbano de La Paz, Jos\u00e9 Luis \u00c1lvarez, inform\u00f3 que su sector realizar\u00e1 movilizaciones, en todo el pa\u00eds, este mi\u00e9rcoles 25 de marzo en demanda de atenci\u00f3n a su pliego petitorio que aglutina pedidos de incremento salarial, jubilaci\u00f3n con el 100% y ascenso autom\u00e1tico, entre otros. La concentraci\u00f3n ser\u00e1 a las 14:30 en la Casa Social del Maestro.<\/p>\n<p>\u201cLos maestros no podemos seguir ganando un sueldo por debajo del m\u00ednimo nacional. El Gobierno, que hace alharaca de que cumple la ley, debiera establecer que todos los maestros debi\u00e9ramos tener un sueldo que cubra todas nuestras necesidades elementales\u201d, manifest\u00f3 el dirigente.<\/p>\n<p>Ante ese panorama, el Magisterio Urbano a nivel nacional determin\u00f3 movilizarse este mi\u00e9rcoles 25 de marzo. En el caso de La Paz, afiliados al magisterio pace\u00f1o, de El Alto y de las provincias, se concentrar\u00e1n a\u00a0 partir de las 14:30 horas en inmediaciones de la Casa Social del Maestro desde donde marchar\u00e1n como forma de protesta.<\/p>\n<p>\u00c1lvarez detall\u00f3 que la movilizaci\u00f3n es en exigencia de incremento salarial que est\u00e9 de acuerdo con el costo actual de la canasta familiar, tener una jubilaci\u00f3n con el 100%, ascenso autom\u00e1tico para todos los trabajadores de educaci\u00f3n como tambi\u00e9n la categor\u00eda m\u00e9rito para todos los administrativos y \u201crechazamos el reordenamiento y el cierre de unidades educativas exigiendo mayor presupuesto para la educaci\u00f3n\u201d.<\/p>\n<p>Asimismo, el dirigente enfatiz\u00f3 que tambi\u00e9n rechazan cualquier intento de descentralizar la educaci\u00f3n, salud y servicios b\u00e1sicos.<\/p>\n","protected":false},"excerpt":{"rendered":"<p>El dirigente del Magisterio urbano de La Paz, Jos\u00e9 Luis \u00c1lvarez, inform\u00f3 que su sector realizar\u00e1 movilizaciones, en todo el pa\u00eds, este mi\u00e9rcoles 25 de marzo en demanda de atenci\u00f3n a su pliego petitorio que aglutina pedidos de incremento salarial, jubilaci\u00f3n con el 100% y ascenso autom\u00e1tico, entre otros. La concentraci\u00f3n ser\u00e1 a las 14:30 [&hellip;]<\/p>\n","protected":false},"author":1,"featured_media":378917,"comment_status":"closed","ping_status":"open","sticky":false,"template":"","format":"standard","meta":{"_acf_changed":false,"footnotes":""},"categories":[12],"tags":[],"class_list":["post-378916","post","type-post","status-publish","format-standard","has-post-thumbnail","category-nacional"],"acf":{"antetitulo":""},"yoast_head":"<!-- This site is optimized with the Yoast SEO plugin v28.4 - https:\/\/yoast.com\/product\/yoast-seo-wordpress\/ -->\n<title>Magisterio urbano anuncia movilizaci\u00f3n para este 25 - El Diario - Bolivia<\/title>\n<meta name=\"robots\" content=\"index, follow, max-snippet:-1, max-image-preview:large, max-video-preview:-1\" \/>\n<link rel=\"canonical\" href=\"https:\/\/www.eldiario.net\/portal\/2026\/03\/24\/magisterio-urbano-anuncia-movilizacion-para-este-25\/\" \/>\n<meta property=\"og:locale\" content=\"es_ES\" \/>\n<meta property=\"og:type\" content=\"article\" \/>\n<meta property=\"og:title\" content=\"Magisterio urbano anuncia movilizaci\u00f3n para este 25 - El Diario - Bolivia\" \/>\n<meta property=\"og:description\" content=\"El dirigente del Magisterio urbano de La Paz, Jos\u00e9 Luis \u00c1lvarez, inform\u00f3 que su sector realizar\u00e1 movilizaciones, en todo el pa\u00eds, este mi\u00e9rcoles 25 de marzo en demanda de atenci\u00f3n a su pliego petitorio que aglutina pedidos de incremento salarial, jubilaci\u00f3n con el 100% y ascenso autom\u00e1tico, entre otros. La concentraci\u00f3n ser\u00e1 a las 14:30 [&hellip;]\" \/>\n<meta property=\"og:url\" content=\"https:\/\/www.eldiario.net\/portal\/2026\/03\/24\/magisterio-urbano-anuncia-movilizacion-para-este-25\/\" \/>\n<meta property=\"og:site_name\" content=\"El Diario - Bolivia\" \/>\n<meta property=\"article:publisher\" content=\"https:\/\/www.facebook.com\/eldiario.bolivia\/\" \/>\n<meta property=\"article:published_time\" content=\"2026-03-24T11:32:59+00:00\" \/>\n<meta property=\"og:image\" content=\"https:\/\/www.eldiario.net\/portal\/wp-content\/uploads\/2026\/03\/MAGISTERIO-FOTO.webp\" \/>\n\t<meta property=\"og:image:width\" content=\"836\" \/>\n\t<meta property=\"og:image:height\" content=\"473\" \/>\n\t<meta property=\"og:image:type\" content=\"image\/webp\" \/>\n<meta name=\"author\" content=\"Jeanette\" \/>\n<meta name=\"twitter:card\" content=\"summary_large_image\" \/>\n<meta name=\"twitter:creator\" content=\"@eldiario_net\" \/>\n<meta name=\"twitter:site\" content=\"@eldiario_net\" \/>\n<meta name=\"twitter:label1\" content=\"Escrito por\" \/>\n\t<meta name=\"twitter:data1\" content=\"Jeanette\" \/>\n\t<meta name=\"twitter:label2\" content=\"Tiempo de lectura\" \/>\n\t<meta name=\"twitter:data2\" content=\"2 minutos\" \/>\n<script type=\"application\/ld+json\" class=\"yoast-schema-graph\">{\"@context\":\"https:\\\/\\\/schema.org\",\"@graph\":[{\"@type\":\"Article\",\"@id\":\"https:\\\/\\\/www.eldiario.net\\\/portal\\\/2026\\\/03\\\/24\\\/magisterio-urbano-anuncia-movilizacion-para-este-25\\\/#article\",\"isPartOf\":{\"@id\":\"https:\\\/\\\/www.eldiario.net\\\/portal\\\/2026\\\/03\\\/24\\\/magisterio-urbano-anuncia-movilizacion-para-este-25\\\/\"},\"author\":{\"name\":\"Jeanette\",\"@id\":\"https:\\\/\\\/www.eldiario.net\\\/portal\\\/#\\\/schema\\\/person\\\/2c57cf2b7a7ae032e449e4c9b1019eac\"},\"headline\":\"Magisterio urbano anuncia movilizaci\u00f3n para este 25\",\"datePublished\":\"2026-03-24T11:32:59+00:00\",\"mainEntityOfPage\":{\"@id\":\"https:\\\/\\\/www.eldiario.net\\\/portal\\\/2026\\\/03\\\/24\\\/magisterio-urbano-anuncia-movilizacion-para-este-25\\\/\"},\"wordCount\":262,\"publisher\":{\"@id\":\"https:\\\/\\\/www.eldiario.net\\\/portal\\\/#organization\"},\"image\":{\"@id\":\"https:\\\/\\\/www.eldiario.net\\\/portal\\\/2026\\\/03\\\/24\\\/magisterio-urbano-anuncia-movilizacion-para-este-25\\\/#primaryimage\"},\"thumbnailUrl\":\"https:\\\/\\\/www.eldiario.net\\\/portal\\\/wp-content\\\/uploads\\\/2026\\\/03\\\/MAGISTERIO-FOTO.webp\",\"articleSection\":[\"Nacional\"],\"inLanguage\":\"es\"},{\"@type\":\"WebPage\",\"@id\":\"https:\\\/\\\/www.eldiario.net\\\/portal\\\/2026\\\/03\\\/24\\\/magisterio-urbano-anuncia-movilizacion-para-este-25\\\/\",\"url\":\"https:\\\/\\\/www.eldiario.net\\\/portal\\\/2026\\\/03\\\/24\\\/magisterio-urbano-anuncia-movilizacion-para-este-25\\\/\",\"name\":\"Magisterio urbano anuncia movilizaci\u00f3n para este 25 - El Diario - Bolivia\",\"isPartOf\":{\"@id\":\"https:\\\/\\\/www.eldiario.net\\\/portal\\\/#website\"},\"primaryImageOfPage\":{\"@id\":\"https:\\\/\\\/www.eldiario.net\\\/portal\\\/2026\\\/03\\\/24\\\/magisterio-urbano-anuncia-movilizacion-para-este-25\\\/#primaryimage\"},\"image\":{\"@id\":\"https:\\\/\\\/www.eldiario.net\\\/portal\\\/2026\\\/03\\\/24\\\/magisterio-urbano-anuncia-movilizacion-para-este-25\\\/#primaryimage\"},\"thumbnailUrl\":\"https:\\\/\\\/www.eldiario.net\\\/portal\\\/wp-content\\\/uploads\\\/2026\\\/03\\\/MAGISTERIO-FOTO.webp\",\"datePublished\":\"2026-03-24T11:32:59+00:00\",\"breadcrumb\":{\"@id\":\"https:\\\/\\\/www.eldiario.net\\\/portal\\\/2026\\\/03\\\/24\\\/magisterio-urbano-anuncia-movilizacion-para-este-25\\\/#breadcrumb\"},\"inLanguage\":\"es\",\"potentialAction\":[{\"@type\":\"ReadAction\",\"target\":[\"https:\\\/\\\/www.eldiario.net\\\/portal\\\/2026\\\/03\\\/24\\\/magisterio-urbano-anuncia-movilizacion-para-este-25\\\/\"]}]},{\"@type\":\"ImageObject\",\"inLanguage\":\"es\",\"@id\":\"https:\\\/\\\/www.eldiario.net\\\/portal\\\/2026\\\/03\\\/24\\\/magisterio-urbano-anuncia-movilizacion-para-este-25\\\/#primaryimage\",\"url\":\"https:\\\/\\\/www.eldiario.net\\\/portal\\\/wp-content\\\/uploads\\\/2026\\\/03\\\/MAGISTERIO-FOTO.webp\",\"contentUrl\":\"https:\\\/\\\/www.eldiario.net\\\/portal\\\/wp-content\\\/uploads\\\/2026\\\/03\\\/MAGISTERIO-FOTO.webp\",\"width\":836,\"height\":473,\"caption\":\"El dirigente del magisterio pace\u00f1o, Jos\u00e9 Luis \u00c1lvarez. Cr\u00e9dito: El Diario\"},{\"@type\":\"BreadcrumbList\",\"@id\":\"https:\\\/\\\/www.eldiario.net\\\/portal\\\/2026\\\/03\\\/24\\\/magisterio-urbano-anuncia-movilizacion-para-este-25\\\/#breadcrumb\",\"itemListElement\":[{\"@type\":\"ListItem\",\"position\":1,\"name\":\"Portada\",\"item\":\"https:\\\/\\\/www.eldiario.net\\\/portal\\\/\"},{\"@type\":\"ListItem\",\"position\":2,\"name\":\"Magisterio urbano anuncia movilizaci\u00f3n para este 25\"}]},{\"@type\":\"WebSite\",\"@id\":\"https:\\\/\\\/www.eldiario.net\\\/portal\\\/#website\",\"url\":\"https:\\\/\\\/www.eldiario.net\\\/portal\\\/\",\"name\":\"El Diario - Decano de la prensa nacional\",\"description\":\"El Diario - Decano de la prensa nacional\",\"publisher\":{\"@id\":\"https:\\\/\\\/www.eldiario.net\\\/portal\\\/#organization\"},\"potentialAction\":[{\"@type\":\"SearchAction\",\"target\":{\"@type\":\"EntryPoint\",\"urlTemplate\":\"https:\\\/\\\/www.eldiario.net\\\/portal\\\/?s={search_term_string}\"},\"query-input\":{\"@type\":\"PropertyValueSpecification\",\"valueRequired\":true,\"valueName\":\"search_term_string\"}}],\"inLanguage\":\"es\"},{\"@type\":\"Organization\",\"@id\":\"https:\\\/\\\/www.eldiario.net\\\/portal\\\/#organization\",\"name\":\"El Diario - Decano de la prensa nacional\",\"url\":\"https:\\\/\\\/www.eldiario.net\\\/portal\\\/\",\"logo\":{\"@type\":\"ImageObject\",\"inLanguage\":\"es\",\"@id\":\"https:\\\/\\\/www.eldiario.net\\\/portal\\\/#\\\/schema\\\/logo\\\/image\\\/\",\"url\":\"https:\\\/\\\/www.eldiario.net\\\/portal\\\/wp-content\\\/uploads\\\/2023\\\/07\\\/logo_ED.jpg\",\"contentUrl\":\"https:\\\/\\\/www.eldiario.net\\\/portal\\\/wp-content\\\/uploads\\\/2023\\\/07\\\/logo_ED.jpg\",\"width\":272,\"height\":52,\"caption\":\"El Diario - Decano de la prensa nacional\"},\"image\":{\"@id\":\"https:\\\/\\\/www.eldiario.net\\\/portal\\\/#\\\/schema\\\/logo\\\/image\\\/\"},\"sameAs\":[\"https:\\\/\\\/www.facebook.com\\\/eldiario.bolivia\\\/\",\"https:\\\/\\\/x.com\\\/eldiario_net\"]},{\"@type\":\"Person\",\"@id\":\"https:\\\/\\\/www.eldiario.net\\\/portal\\\/#\\\/schema\\\/person\\\/2c57cf2b7a7ae032e449e4c9b1019eac\",\"name\":\"Jeanette\",\"image\":{\"@type\":\"ImageObject\",\"inLanguage\":\"es\",\"@id\":\"https:\\\/\\\/secure.gravatar.com\\\/avatar\\\/3ea2118a5f7dad2b7138b1187a6b7ee55f160b9968b66013c3a3ef39dd7e5798?s=96&d=mm&r=g\",\"url\":\"https:\\\/\\\/secure.gravatar.com\\\/avatar\\\/3ea2118a5f7dad2b7138b1187a6b7ee55f160b9968b66013c3a3ef39dd7e5798?s=96&d=mm&r=g\",\"contentUrl\":\"https:\\\/\\\/secure.gravatar.com\\\/avatar\\\/3ea2118a5f7dad2b7138b1187a6b7ee55f160b9968b66013c3a3ef39dd7e5798?s=96&d=mm&r=g\",\"caption\":\"Jeanette\"},\"sameAs\":[\"https:\\\/\\\/www.eldiario.net\\\/portal\"],\"url\":\"https:\\\/\\\/www.eldiario.net\\\/portal\\\/author\\\/jeanette\\\/\"}]}<\/script>\n<!-- \/ Yoast SEO plugin. -->","yoast_head_json":{"title":"Magisterio urbano anuncia movilizaci\u00f3n para este 25 - El Diario - Bolivia","robots":{"index":"index","follow":"follow","max-snippet":"max-snippet:-1","max-image-preview":"max-image-preview:large","max-video-preview":"max-video-preview:-1"},"canonical":"https:\/\/www.eldiario.net\/portal\/2026\/03\/24\/magisterio-urbano-anuncia-movilizacion-para-este-25\/","og_locale":"es_ES","og_type":"article","og_title":"Magisterio urbano anuncia movilizaci\u00f3n para este 25 - El Diario - Bolivia","og_description":"El dirigente del Magisterio urbano de La Paz, Jos\u00e9 Luis \u00c1lvarez, inform\u00f3 que su sector realizar\u00e1 movilizaciones, en todo el pa\u00eds, este mi\u00e9rcoles 25 de marzo en demanda de atenci\u00f3n a su pliego petitorio que aglutina pedidos de incremento salarial, jubilaci\u00f3n con el 100% y ascenso autom\u00e1tico, entre otros. La concentraci\u00f3n ser\u00e1 a las 14:30 [&hellip;]","og_url":"https:\/\/www.eldiario.net\/portal\/2026\/03\/24\/magisterio-urbano-anuncia-movilizacion-para-este-25\/","og_site_name":"El Diario - Bolivia","article_publisher":"https:\/\/www.facebook.com\/eldiario.bolivia\/","article_published_time":"2026-03-24T11:32:59+00:00","og_image":[{"width":836,"height":473,"url":"https:\/\/www.eldiario.net\/portal\/wp-content\/uploads\/2026\/03\/MAGISTERIO-FOTO.webp","type":"image\/webp"}],"author":"Jeanette","twitter_card":"summary_large_image","twitter_creator":"@eldiario_net","twitter_site":"@eldiario_net","twitter_misc":{"Escrito por":"Jeanette","Tiempo de lectura":"2 minutos"},"schema":{"@context":"https:\/\/schema.org","@graph":[{"@type":"Article","@id":"https:\/\/www.eldiario.net\/portal\/2026\/03\/24\/magisterio-urbano-anuncia-movilizacion-para-este-25\/#article","isPartOf":{"@id":"https:\/\/www.eldiario.net\/portal\/2026\/03\/24\/magisterio-urbano-anuncia-movilizacion-para-este-25\/"},"author":{"name":"Jeanette","@id":"https:\/\/www.eldiario.net\/portal\/#\/schema\/person\/2c57cf2b7a7ae032e449e4c9b1019eac"},"headline":"Magisterio urbano anuncia movilizaci\u00f3n para este 25","datePublished":"2026-03-24T11:32:59+00:00","mainEntityOfPage":{"@id":"https:\/\/www.eldiario.net\/portal\/2026\/03\/24\/magisterio-urbano-anuncia-movilizacion-para-este-25\/"},"wordCount":262,"publisher":{"@id":"https:\/\/www.eldiario.net\/portal\/#organization"},"image":{"@id":"https:\/\/www.eldiario.net\/portal\/2026\/03\/24\/magisterio-urbano-anuncia-movilizacion-para-este-25\/#primaryimage"},"thumbnailUrl":"https:\/\/www.eldiario.net\/portal\/wp-content\/uploads\/2026\/03\/MAGISTERIO-FOTO.webp","articleSection":["Nacional"],"inLanguage":"es"},{"@type":"WebPage","@id":"https:\/\/www.eldiario.net\/portal\/2026\/03\/24\/magisterio-urbano-anuncia-movilizacion-para-este-25\/","url":"https:\/\/www.eldiario.net\/portal\/2026\/03\/24\/magisterio-urbano-anuncia-movilizacion-para-este-25\/","name":"Magisterio urbano anuncia movilizaci\u00f3n para este 25 - El Diario - Bolivia","isPartOf":{"@id":"https:\/\/www.eldiario.net\/portal\/#website"},"primaryImageOfPage":{"@id":"https:\/\/www.eldiario.net\/portal\/2026\/03\/24\/magisterio-urbano-anuncia-movilizacion-para-este-25\/#primaryimage"},"image":{"@id":"https:\/\/www.eldiario.net\/portal\/2026\/03\/24\/magisterio-urbano-anuncia-movilizacion-para-este-25\/#primaryimage"},"thumbnailUrl":"https:\/\/www.eldiario.net\/portal\/wp-content\/uploads\/2026\/03\/MAGISTERIO-FOTO.webp","datePublished":"2026-03-24T11:32:59+00:00","breadcrumb":{"@id":"https:\/\/www.eldiario.net\/portal\/2026\/03\/24\/magisterio-urbano-anuncia-movilizacion-para-este-25\/#breadcrumb"},"inLanguage":"es","potentialAction":[{"@type":"ReadAction","target":["https:\/\/www.eldiario.net\/portal\/2026\/03\/24\/magisterio-urbano-anuncia-movilizacion-para-este-25\/"]}]},{"@type":"ImageObject","inLanguage":"es","@id":"https:\/\/www.eldiario.net\/portal\/2026\/03\/24\/magisterio-urbano-anuncia-movilizacion-para-este-25\/#primaryimage","url":"https:\/\/www.eldiario.net\/portal\/wp-content\/uploads\/2026\/03\/MAGISTERIO-FOTO.webp","contentUrl":"https:\/\/www.eldiario.net\/portal\/wp-content\/uploads\/2026\/03\/MAGISTERIO-FOTO.webp","width":836,"height":473,"caption":"El dirigente del magisterio pace\u00f1o, Jos\u00e9 Luis \u00c1lvarez. Cr\u00e9dito: El Diario"},{"@type":"BreadcrumbList","@id":"https:\/\/www.eldiario.net\/portal\/2026\/03\/24\/magisterio-urbano-anuncia-movilizacion-para-este-25\/#breadcrumb","itemListElement":[{"@type":"ListItem","position":1,"name":"Portada","item":"https:\/\/www.eldiario.net\/portal\/"},{"@type":"ListItem","position":2,"name":"Magisterio urbano anuncia movilizaci\u00f3n para este 25"}]},{"@type":"WebSite","@id":"https:\/\/www.eldiario.net\/portal\/#website","url":"https:\/\/www.eldiario.net\/portal\/","name":"El Diario - Decano de la prensa nacional","description":"El Diario - Decano de la prensa nacional","publisher":{"@id":"https:\/\/www.eldiario.net\/portal\/#organization"},"potentialAction":[{"@type":"SearchAction","target":{"@type":"EntryPoint","urlTemplate":"https:\/\/www.eldiario.net\/portal\/?s={search_term_string}"},"query-input":{"@type":"PropertyValueSpecification","valueRequired":true,"valueName":"search_term_string"}}],"inLanguage":"es"},{"@type":"Organization","@id":"https:\/\/www.eldiario.net\/portal\/#organization","name":"El Diario - Decano de la prensa nacional","url":"https:\/\/www.eldiario.net\/portal\/","logo":{"@type":"ImageObject","inLanguage":"es","@id":"https:\/\/www.eldiario.net\/portal\/#\/schema\/logo\/image\/","url":"https:\/\/www.eldiario.net\/portal\/wp-content\/uploads\/2023\/07\/logo_ED.jpg","contentUrl":"https:\/\/www.eldiario.net\/portal\/wp-content\/uploads\/2023\/07\/logo_ED.jpg","width":272,"height":52,"caption":"El Diario - Decano de la prensa nacional"},"image":{"@id":"https:\/\/www.eldiario.net\/portal\/#\/schema\/logo\/image\/"},"sameAs":["https:\/\/www.facebook.com\/eldiario.bolivia\/","https:\/\/x.com\/eldiario_net"]},{"@type":"Person","@id":"https:\/\/www.eldiario.net\/portal\/#\/schema\/person\/2c57cf2b7a7ae032e449e4c9b1019eac","name":"Jeanette","image":{"@type":"ImageObject","inLanguage":"es","@id":"https:\/\/secure.gravatar.com\/avatar\/3ea2118a5f7dad2b7138b1187a6b7ee55f160b9968b66013c3a3ef39dd7e5798?s=96&d=mm&r=g","url":"https:\/\/secure.gravatar.com\/avatar\/3ea2118a5f7dad2b7138b1187a6b7ee55f160b9968b66013c3a3ef39dd7e5798?s=96&d=mm&r=g","contentUrl":"https:\/\/secure.gravatar.com\/avatar\/3ea2118a5f7dad2b7138b1187a6b7ee55f160b9968b66013c3a3ef39dd7e5798?s=96&d=mm&r=g","caption":"Jeanette"},"sameAs":["https:\/\/www.eldiario.net\/portal"],"url":"https:\/\/www.eldiario.net\/portal\/author\/jeanette\/"}]}},"_links":{"self":[{"href":"https:\/\/www.eldiario.net\/portal\/wp-json\/wp\/v2\/posts\/378916","targetHints":{"allow":["GET"]}}],"collection":[{"href":"https:\/\/www.eldiario.net\/portal\/wp-json\/wp\/v2\/posts"}],"about":[{"href":"https:\/\/www.eldiario.net\/portal\/wp-json\/wp\/v2\/types\/post"}],"author":[{"embeddable":true,"href":"https:\/\/www.eldiario.net\/portal\/wp-json\/wp\/v2\/users\/1"}],"replies":[{"embeddable":true,"href":"https:\/\/www.eldiario.net\/portal\/wp-json\/wp\/v2\/comments?post=378916"}],"version-history":[{"count":1,"href":"https:\/\/www.eldiario.net\/portal\/wp-json\/wp\/v2\/posts\/378916\/revisions"}],"predecessor-version":[{"id":378918,"href":"https:\/\/www.eldiario.net\/portal\/wp-json\/wp\/v2\/posts\/378916\/revisions\/378918"}],"wp:featuredmedia":[{"embeddable":true,"href":"https:\/\/www.eldiario.net\/portal\/wp-json\/wp\/v2\/media\/378917"}],"wp:attachment":[{"href":"https:\/\/www.eldiario.net\/portal\/wp-json\/wp\/v2\/media?parent=378916"}],"wp:term":[{"taxonomy":"category","embeddable":true,"href":"https:\/\/www.eldiario.net\/portal\/wp-json\/wp\/v2\/categories?post=378916"},{"taxonomy":"post_tag","embeddable":true,"href":"https:\/\/www.eldiario.net\/portal\/wp-json\/wp\/v2\/tags?post=378916"}],"curies":[{"name":"wp","href":"https:\/\/api.w.org\/{rel}","templated":true}]}}