{"id":378758,"date":"2026-03-23T19:15:59","date_gmt":"2026-03-23T23:15:59","guid":{"rendered":"https:\/\/www.eldiario.net\/portal\/?p=378758"},"modified":"2026-03-23T19:34:25","modified_gmt":"2026-03-23T23:34:25","slug":"ataque-en-londres-incendian-cuatro-ambulancias-1915","status":"publish","type":"post","link":"https:\/\/www.eldiario.net\/portal\/2026\/03\/23\/ataque-en-londres-incendian-cuatro-ambulancias-1915\/","title":{"rendered":"Ataque en Londres: incendian cuatro ambulancias (19:15)"},"content":{"rendered":"<p>La Polic\u00eda Metropolitana de Londres ha iniciado una investigaci\u00f3n por delito de odio antisemita tras el incendio intencional de cuatro ambulancias de la organizaci\u00f3n voluntaria Hatzola Northwest.<\/p>\n<p>El ataque ocurri\u00f3 la madrugada de este lunes en el barrio de Golders Green, una zona con una numerosa comunidad jud\u00eda. Im\u00e1genes de seguridad muestran a tres sospechosos encapuchados vertiendo acelerante sobre los veh\u00edculos antes de prenderles fuego.<\/p>\n<p>El incidente provoc\u00f3 explosiones de cilindros de ox\u00edgeno a bordo de las ambulancias, lo que rompi\u00f3 ventanas de edificios residenciales cercanos y oblig\u00f3 a la evacuaci\u00f3n preventiva de decenas de vecinos.<\/p>\n<p>Aunque no se reportaron heridos, el primer ministro Keir Starmer calific\u00f3 el acto como \u00abprofundamente impactante\u00bb y anunci\u00f3 que el gobierno financiar\u00e1 la reposici\u00f3n de los veh\u00edculos.<\/p>\n<p>La investigaci\u00f3n ha sido derivada a la unidad de Contraterrorismo, ante la aparici\u00f3n de un video en redes sociales donde un grupo presuntamente vinculado a Ir\u00e1n se adjudica el ataque. (Agencias)<\/p>\n","protected":false},"excerpt":{"rendered":"<p>La Polic\u00eda Metropolitana de Londres ha iniciado una investigaci\u00f3n por delito de odio antisemita tras el incendio intencional de cuatro ambulancias de la organizaci\u00f3n voluntaria Hatzola Northwest. El ataque ocurri\u00f3 la madrugada de este lunes en el barrio de Golders Green, una zona con una numerosa comunidad jud\u00eda. Im\u00e1genes de seguridad muestran a tres sospechosos [&hellip;]<\/p>\n","protected":false},"author":7,"featured_media":378759,"comment_status":"closed","ping_status":"open","sticky":false,"template":"","format":"standard","meta":{"_acf_changed":false,"footnotes":""},"categories":[51],"tags":[],"class_list":["post-378758","post","type-post","status-publish","format-standard","has-post-thumbnail","category-ultima-hora"],"acf":{"antetitulo":""},"yoast_head":"<!-- This site is optimized with the Yoast SEO plugin v28.4 - https:\/\/yoast.com\/product\/yoast-seo-wordpress\/ -->\n<title>Ataque en Londres: incendian cuatro ambulancias (19:15) - El Diario - Bolivia<\/title>\n<meta name=\"robots\" content=\"index, follow, max-snippet:-1, max-image-preview:large, max-video-preview:-1\" \/>\n<link rel=\"canonical\" href=\"https:\/\/www.eldiario.net\/portal\/2026\/03\/23\/ataque-en-londres-incendian-cuatro-ambulancias-1915\/\" \/>\n<meta property=\"og:locale\" content=\"es_ES\" \/>\n<meta property=\"og:type\" content=\"article\" \/>\n<meta property=\"og:title\" content=\"Ataque en Londres: incendian cuatro ambulancias (19:15) - El Diario - Bolivia\" \/>\n<meta property=\"og:description\" content=\"La Polic\u00eda Metropolitana de Londres ha iniciado una investigaci\u00f3n por delito de odio antisemita tras el incendio intencional de cuatro ambulancias de la organizaci\u00f3n voluntaria Hatzola Northwest. El ataque ocurri\u00f3 la madrugada de este lunes en el barrio de Golders Green, una zona con una numerosa comunidad jud\u00eda. Im\u00e1genes de seguridad muestran a tres sospechosos [&hellip;]\" \/>\n<meta property=\"og:url\" content=\"https:\/\/www.eldiario.net\/portal\/2026\/03\/23\/ataque-en-londres-incendian-cuatro-ambulancias-1915\/\" \/>\n<meta property=\"og:site_name\" content=\"El Diario - Bolivia\" \/>\n<meta property=\"article:publisher\" content=\"https:\/\/www.facebook.com\/eldiario.bolivia\/\" \/>\n<meta property=\"article:published_time\" content=\"2026-03-23T23:15:59+00:00\" \/>\n<meta property=\"article:modified_time\" content=\"2026-03-23T23:34:25+00:00\" \/>\n<meta property=\"og:image\" content=\"https:\/\/www.eldiario.net\/portal\/wp-content\/uploads\/2026\/03\/atentado-ambulancias-1-23.03.26-copia.webp\" \/>\n\t<meta property=\"og:image:width\" content=\"513\" \/>\n\t<meta property=\"og:image:height\" content=\"400\" \/>\n\t<meta property=\"og:image:type\" content=\"image\/webp\" \/>\n<meta name=\"author\" content=\"Viviana Monrroy\" \/>\n<meta name=\"twitter:card\" content=\"summary_large_image\" \/>\n<meta name=\"twitter:creator\" content=\"@eldiario_net\" \/>\n<meta name=\"twitter:site\" content=\"@eldiario_net\" \/>\n<meta name=\"twitter:label1\" content=\"Escrito por\" \/>\n\t<meta name=\"twitter:data1\" content=\"Viviana Monrroy\" \/>\n\t<meta name=\"twitter:label2\" content=\"Tiempo de lectura\" \/>\n\t<meta name=\"twitter:data2\" content=\"1 minuto\" \/>\n<script type=\"application\/ld+json\" class=\"yoast-schema-graph\">{\"@context\":\"https:\\\/\\\/schema.org\",\"@graph\":[{\"@type\":\"Article\",\"@id\":\"https:\\\/\\\/www.eldiario.net\\\/portal\\\/2026\\\/03\\\/23\\\/ataque-en-londres-incendian-cuatro-ambulancias-1915\\\/#article\",\"isPartOf\":{\"@id\":\"https:\\\/\\\/www.eldiario.net\\\/portal\\\/2026\\\/03\\\/23\\\/ataque-en-londres-incendian-cuatro-ambulancias-1915\\\/\"},\"author\":{\"name\":\"Viviana Monrroy\",\"@id\":\"https:\\\/\\\/www.eldiario.net\\\/portal\\\/#\\\/schema\\\/person\\\/ba370d92d160f4d3574381f6d9b78fab\"},\"headline\":\"Ataque en Londres: incendian cuatro ambulancias (19:15)\",\"datePublished\":\"2026-03-23T23:15:59+00:00\",\"dateModified\":\"2026-03-23T23:34:25+00:00\",\"mainEntityOfPage\":{\"@id\":\"https:\\\/\\\/www.eldiario.net\\\/portal\\\/2026\\\/03\\\/23\\\/ataque-en-londres-incendian-cuatro-ambulancias-1915\\\/\"},\"wordCount\":173,\"publisher\":{\"@id\":\"https:\\\/\\\/www.eldiario.net\\\/portal\\\/#organization\"},\"image\":{\"@id\":\"https:\\\/\\\/www.eldiario.net\\\/portal\\\/2026\\\/03\\\/23\\\/ataque-en-londres-incendian-cuatro-ambulancias-1915\\\/#primaryimage\"},\"thumbnailUrl\":\"https:\\\/\\\/www.eldiario.net\\\/portal\\\/wp-content\\\/uploads\\\/2026\\\/03\\\/atentado-ambulancias-1-23.03.26-copia.webp\",\"articleSection\":[\"\u00daltima Hora\"],\"inLanguage\":\"es\"},{\"@type\":\"WebPage\",\"@id\":\"https:\\\/\\\/www.eldiario.net\\\/portal\\\/2026\\\/03\\\/23\\\/ataque-en-londres-incendian-cuatro-ambulancias-1915\\\/\",\"url\":\"https:\\\/\\\/www.eldiario.net\\\/portal\\\/2026\\\/03\\\/23\\\/ataque-en-londres-incendian-cuatro-ambulancias-1915\\\/\",\"name\":\"Ataque en Londres: incendian cuatro ambulancias (19:15) - El Diario - Bolivia\",\"isPartOf\":{\"@id\":\"https:\\\/\\\/www.eldiario.net\\\/portal\\\/#website\"},\"primaryImageOfPage\":{\"@id\":\"https:\\\/\\\/www.eldiario.net\\\/portal\\\/2026\\\/03\\\/23\\\/ataque-en-londres-incendian-cuatro-ambulancias-1915\\\/#primaryimage\"},\"image\":{\"@id\":\"https:\\\/\\\/www.eldiario.net\\\/portal\\\/2026\\\/03\\\/23\\\/ataque-en-londres-incendian-cuatro-ambulancias-1915\\\/#primaryimage\"},\"thumbnailUrl\":\"https:\\\/\\\/www.eldiario.net\\\/portal\\\/wp-content\\\/uploads\\\/2026\\\/03\\\/atentado-ambulancias-1-23.03.26-copia.webp\",\"datePublished\":\"2026-03-23T23:15:59+00:00\",\"dateModified\":\"2026-03-23T23:34:25+00:00\",\"breadcrumb\":{\"@id\":\"https:\\\/\\\/www.eldiario.net\\\/portal\\\/2026\\\/03\\\/23\\\/ataque-en-londres-incendian-cuatro-ambulancias-1915\\\/#breadcrumb\"},\"inLanguage\":\"es\",\"potentialAction\":[{\"@type\":\"ReadAction\",\"target\":[\"https:\\\/\\\/www.eldiario.net\\\/portal\\\/2026\\\/03\\\/23\\\/ataque-en-londres-incendian-cuatro-ambulancias-1915\\\/\"]}]},{\"@type\":\"ImageObject\",\"inLanguage\":\"es\",\"@id\":\"https:\\\/\\\/www.eldiario.net\\\/portal\\\/2026\\\/03\\\/23\\\/ataque-en-londres-incendian-cuatro-ambulancias-1915\\\/#primaryimage\",\"url\":\"https:\\\/\\\/www.eldiario.net\\\/portal\\\/wp-content\\\/uploads\\\/2026\\\/03\\\/atentado-ambulancias-1-23.03.26-copia.webp\",\"contentUrl\":\"https:\\\/\\\/www.eldiario.net\\\/portal\\\/wp-content\\\/uploads\\\/2026\\\/03\\\/atentado-ambulancias-1-23.03.26-copia.webp\",\"width\":513,\"height\":400,\"caption\":\"Foto: RR.SS.\"},{\"@type\":\"BreadcrumbList\",\"@id\":\"https:\\\/\\\/www.eldiario.net\\\/portal\\\/2026\\\/03\\\/23\\\/ataque-en-londres-incendian-cuatro-ambulancias-1915\\\/#breadcrumb\",\"itemListElement\":[{\"@type\":\"ListItem\",\"position\":1,\"name\":\"Portada\",\"item\":\"https:\\\/\\\/www.eldiario.net\\\/portal\\\/\"},{\"@type\":\"ListItem\",\"position\":2,\"name\":\"Ataque en Londres: incendian cuatro ambulancias (19:15)\"}]},{\"@type\":\"WebSite\",\"@id\":\"https:\\\/\\\/www.eldiario.net\\\/portal\\\/#website\",\"url\":\"https:\\\/\\\/www.eldiario.net\\\/portal\\\/\",\"name\":\"El Diario - Decano de la prensa nacional\",\"description\":\"El Diario - Decano de la prensa nacional\",\"publisher\":{\"@id\":\"https:\\\/\\\/www.eldiario.net\\\/portal\\\/#organization\"},\"potentialAction\":[{\"@type\":\"SearchAction\",\"target\":{\"@type\":\"EntryPoint\",\"urlTemplate\":\"https:\\\/\\\/www.eldiario.net\\\/portal\\\/?s={search_term_string}\"},\"query-input\":{\"@type\":\"PropertyValueSpecification\",\"valueRequired\":true,\"valueName\":\"search_term_string\"}}],\"inLanguage\":\"es\"},{\"@type\":\"Organization\",\"@id\":\"https:\\\/\\\/www.eldiario.net\\\/portal\\\/#organization\",\"name\":\"El Diario - Decano de la prensa nacional\",\"url\":\"https:\\\/\\\/www.eldiario.net\\\/portal\\\/\",\"logo\":{\"@type\":\"ImageObject\",\"inLanguage\":\"es\",\"@id\":\"https:\\\/\\\/www.eldiario.net\\\/portal\\\/#\\\/schema\\\/logo\\\/image\\\/\",\"url\":\"https:\\\/\\\/www.eldiario.net\\\/portal\\\/wp-content\\\/uploads\\\/2023\\\/07\\\/logo_ED.jpg\",\"contentUrl\":\"https:\\\/\\\/www.eldiario.net\\\/portal\\\/wp-content\\\/uploads\\\/2023\\\/07\\\/logo_ED.jpg\",\"width\":272,\"height\":52,\"caption\":\"El Diario - Decano de la prensa nacional\"},\"image\":{\"@id\":\"https:\\\/\\\/www.eldiario.net\\\/portal\\\/#\\\/schema\\\/logo\\\/image\\\/\"},\"sameAs\":[\"https:\\\/\\\/www.facebook.com\\\/eldiario.bolivia\\\/\",\"https:\\\/\\\/x.com\\\/eldiario_net\"]},{\"@type\":\"Person\",\"@id\":\"https:\\\/\\\/www.eldiario.net\\\/portal\\\/#\\\/schema\\\/person\\\/ba370d92d160f4d3574381f6d9b78fab\",\"name\":\"Viviana Monrroy\",\"image\":{\"@type\":\"ImageObject\",\"inLanguage\":\"es\",\"@id\":\"https:\\\/\\\/secure.gravatar.com\\\/avatar\\\/dfd1611ed5600959a0e5a9754503b6c05d1dcf190010998e0363aee2ad98afca?s=96&d=mm&r=g\",\"url\":\"https:\\\/\\\/secure.gravatar.com\\\/avatar\\\/dfd1611ed5600959a0e5a9754503b6c05d1dcf190010998e0363aee2ad98afca?s=96&d=mm&r=g\",\"contentUrl\":\"https:\\\/\\\/secure.gravatar.com\\\/avatar\\\/dfd1611ed5600959a0e5a9754503b6c05d1dcf190010998e0363aee2ad98afca?s=96&d=mm&r=g\",\"caption\":\"Viviana Monrroy\"},\"sameAs\":[\"http:\\\/\\\/www.eldiario.net\"],\"url\":\"https:\\\/\\\/www.eldiario.net\\\/portal\\\/author\\\/vivianamonrroy\\\/\"}]}<\/script>\n<!-- \/ Yoast SEO plugin. -->","yoast_head_json":{"title":"Ataque en Londres: incendian cuatro ambulancias (19:15) - El Diario - Bolivia","robots":{"index":"index","follow":"follow","max-snippet":"max-snippet:-1","max-image-preview":"max-image-preview:large","max-video-preview":"max-video-preview:-1"},"canonical":"https:\/\/www.eldiario.net\/portal\/2026\/03\/23\/ataque-en-londres-incendian-cuatro-ambulancias-1915\/","og_locale":"es_ES","og_type":"article","og_title":"Ataque en Londres: incendian cuatro ambulancias (19:15) - El Diario - Bolivia","og_description":"La Polic\u00eda Metropolitana de Londres ha iniciado una investigaci\u00f3n por delito de odio antisemita tras el incendio intencional de cuatro ambulancias de la organizaci\u00f3n voluntaria Hatzola Northwest. El ataque ocurri\u00f3 la madrugada de este lunes en el barrio de Golders Green, una zona con una numerosa comunidad jud\u00eda. Im\u00e1genes de seguridad muestran a tres sospechosos [&hellip;]","og_url":"https:\/\/www.eldiario.net\/portal\/2026\/03\/23\/ataque-en-londres-incendian-cuatro-ambulancias-1915\/","og_site_name":"El Diario - Bolivia","article_publisher":"https:\/\/www.facebook.com\/eldiario.bolivia\/","article_published_time":"2026-03-23T23:15:59+00:00","article_modified_time":"2026-03-23T23:34:25+00:00","og_image":[{"width":513,"height":400,"url":"https:\/\/www.eldiario.net\/portal\/wp-content\/uploads\/2026\/03\/atentado-ambulancias-1-23.03.26-copia.webp","type":"image\/webp"}],"author":"Viviana Monrroy","twitter_card":"summary_large_image","twitter_creator":"@eldiario_net","twitter_site":"@eldiario_net","twitter_misc":{"Escrito por":"Viviana Monrroy","Tiempo de lectura":"1 minuto"},"schema":{"@context":"https:\/\/schema.org","@graph":[{"@type":"Article","@id":"https:\/\/www.eldiario.net\/portal\/2026\/03\/23\/ataque-en-londres-incendian-cuatro-ambulancias-1915\/#article","isPartOf":{"@id":"https:\/\/www.eldiario.net\/portal\/2026\/03\/23\/ataque-en-londres-incendian-cuatro-ambulancias-1915\/"},"author":{"name":"Viviana Monrroy","@id":"https:\/\/www.eldiario.net\/portal\/#\/schema\/person\/ba370d92d160f4d3574381f6d9b78fab"},"headline":"Ataque en Londres: incendian cuatro ambulancias (19:15)","datePublished":"2026-03-23T23:15:59+00:00","dateModified":"2026-03-23T23:34:25+00:00","mainEntityOfPage":{"@id":"https:\/\/www.eldiario.net\/portal\/2026\/03\/23\/ataque-en-londres-incendian-cuatro-ambulancias-1915\/"},"wordCount":173,"publisher":{"@id":"https:\/\/www.eldiario.net\/portal\/#organization"},"image":{"@id":"https:\/\/www.eldiario.net\/portal\/2026\/03\/23\/ataque-en-londres-incendian-cuatro-ambulancias-1915\/#primaryimage"},"thumbnailUrl":"https:\/\/www.eldiario.net\/portal\/wp-content\/uploads\/2026\/03\/atentado-ambulancias-1-23.03.26-copia.webp","articleSection":["\u00daltima Hora"],"inLanguage":"es"},{"@type":"WebPage","@id":"https:\/\/www.eldiario.net\/portal\/2026\/03\/23\/ataque-en-londres-incendian-cuatro-ambulancias-1915\/","url":"https:\/\/www.eldiario.net\/portal\/2026\/03\/23\/ataque-en-londres-incendian-cuatro-ambulancias-1915\/","name":"Ataque en Londres: incendian cuatro ambulancias (19:15) - El Diario - Bolivia","isPartOf":{"@id":"https:\/\/www.eldiario.net\/portal\/#website"},"primaryImageOfPage":{"@id":"https:\/\/www.eldiario.net\/portal\/2026\/03\/23\/ataque-en-londres-incendian-cuatro-ambulancias-1915\/#primaryimage"},"image":{"@id":"https:\/\/www.eldiario.net\/portal\/2026\/03\/23\/ataque-en-londres-incendian-cuatro-ambulancias-1915\/#primaryimage"},"thumbnailUrl":"https:\/\/www.eldiario.net\/portal\/wp-content\/uploads\/2026\/03\/atentado-ambulancias-1-23.03.26-copia.webp","datePublished":"2026-03-23T23:15:59+00:00","dateModified":"2026-03-23T23:34:25+00:00","breadcrumb":{"@id":"https:\/\/www.eldiario.net\/portal\/2026\/03\/23\/ataque-en-londres-incendian-cuatro-ambulancias-1915\/#breadcrumb"},"inLanguage":"es","potentialAction":[{"@type":"ReadAction","target":["https:\/\/www.eldiario.net\/portal\/2026\/03\/23\/ataque-en-londres-incendian-cuatro-ambulancias-1915\/"]}]},{"@type":"ImageObject","inLanguage":"es","@id":"https:\/\/www.eldiario.net\/portal\/2026\/03\/23\/ataque-en-londres-incendian-cuatro-ambulancias-1915\/#primaryimage","url":"https:\/\/www.eldiario.net\/portal\/wp-content\/uploads\/2026\/03\/atentado-ambulancias-1-23.03.26-copia.webp","contentUrl":"https:\/\/www.eldiario.net\/portal\/wp-content\/uploads\/2026\/03\/atentado-ambulancias-1-23.03.26-copia.webp","width":513,"height":400,"caption":"Foto: RR.SS."},{"@type":"BreadcrumbList","@id":"https:\/\/www.eldiario.net\/portal\/2026\/03\/23\/ataque-en-londres-incendian-cuatro-ambulancias-1915\/#breadcrumb","itemListElement":[{"@type":"ListItem","position":1,"name":"Portada","item":"https:\/\/www.eldiario.net\/portal\/"},{"@type":"ListItem","position":2,"name":"Ataque en Londres: incendian cuatro ambulancias (19:15)"}]},{"@type":"WebSite","@id":"https:\/\/www.eldiario.net\/portal\/#website","url":"https:\/\/www.eldiario.net\/portal\/","name":"El Diario - Decano de la prensa nacional","description":"El Diario - Decano de la prensa nacional","publisher":{"@id":"https:\/\/www.eldiario.net\/portal\/#organization"},"potentialAction":[{"@type":"SearchAction","target":{"@type":"EntryPoint","urlTemplate":"https:\/\/www.eldiario.net\/portal\/?s={search_term_string}"},"query-input":{"@type":"PropertyValueSpecification","valueRequired":true,"valueName":"search_term_string"}}],"inLanguage":"es"},{"@type":"Organization","@id":"https:\/\/www.eldiario.net\/portal\/#organization","name":"El Diario - Decano de la prensa nacional","url":"https:\/\/www.eldiario.net\/portal\/","logo":{"@type":"ImageObject","inLanguage":"es","@id":"https:\/\/www.eldiario.net\/portal\/#\/schema\/logo\/image\/","url":"https:\/\/www.eldiario.net\/portal\/wp-content\/uploads\/2023\/07\/logo_ED.jpg","contentUrl":"https:\/\/www.eldiario.net\/portal\/wp-content\/uploads\/2023\/07\/logo_ED.jpg","width":272,"height":52,"caption":"El Diario - Decano de la prensa nacional"},"image":{"@id":"https:\/\/www.eldiario.net\/portal\/#\/schema\/logo\/image\/"},"sameAs":["https:\/\/www.facebook.com\/eldiario.bolivia\/","https:\/\/x.com\/eldiario_net"]},{"@type":"Person","@id":"https:\/\/www.eldiario.net\/portal\/#\/schema\/person\/ba370d92d160f4d3574381f6d9b78fab","name":"Viviana Monrroy","image":{"@type":"ImageObject","inLanguage":"es","@id":"https:\/\/secure.gravatar.com\/avatar\/dfd1611ed5600959a0e5a9754503b6c05d1dcf190010998e0363aee2ad98afca?s=96&d=mm&r=g","url":"https:\/\/secure.gravatar.com\/avatar\/dfd1611ed5600959a0e5a9754503b6c05d1dcf190010998e0363aee2ad98afca?s=96&d=mm&r=g","contentUrl":"https:\/\/secure.gravatar.com\/avatar\/dfd1611ed5600959a0e5a9754503b6c05d1dcf190010998e0363aee2ad98afca?s=96&d=mm&r=g","caption":"Viviana Monrroy"},"sameAs":["http:\/\/www.eldiario.net"],"url":"https:\/\/www.eldiario.net\/portal\/author\/vivianamonrroy\/"}]}},"_links":{"self":[{"href":"https:\/\/www.eldiario.net\/portal\/wp-json\/wp\/v2\/posts\/378758","targetHints":{"allow":["GET"]}}],"collection":[{"href":"https:\/\/www.eldiario.net\/portal\/wp-json\/wp\/v2\/posts"}],"about":[{"href":"https:\/\/www.eldiario.net\/portal\/wp-json\/wp\/v2\/types\/post"}],"author":[{"embeddable":true,"href":"https:\/\/www.eldiario.net\/portal\/wp-json\/wp\/v2\/users\/7"}],"replies":[{"embeddable":true,"href":"https:\/\/www.eldiario.net\/portal\/wp-json\/wp\/v2\/comments?post=378758"}],"version-history":[{"count":2,"href":"https:\/\/www.eldiario.net\/portal\/wp-json\/wp\/v2\/posts\/378758\/revisions"}],"predecessor-version":[{"id":378770,"href":"https:\/\/www.eldiario.net\/portal\/wp-json\/wp\/v2\/posts\/378758\/revisions\/378770"}],"wp:featuredmedia":[{"embeddable":true,"href":"https:\/\/www.eldiario.net\/portal\/wp-json\/wp\/v2\/media\/378759"}],"wp:attachment":[{"href":"https:\/\/www.eldiario.net\/portal\/wp-json\/wp\/v2\/media?parent=378758"}],"wp:term":[{"taxonomy":"category","embeddable":true,"href":"https:\/\/www.eldiario.net\/portal\/wp-json\/wp\/v2\/categories?post=378758"},{"taxonomy":"post_tag","embeddable":true,"href":"https:\/\/www.eldiario.net\/portal\/wp-json\/wp\/v2\/tags?post=378758"}],"curies":[{"name":"wp","href":"https:\/\/api.w.org\/{rel}","templated":true}]}}