{"id":378753,"date":"2026-03-23T18:16:07","date_gmt":"2026-03-23T22:16:07","guid":{"rendered":"https:\/\/www.eldiario.net\/portal\/?p=378753"},"modified":"2026-03-23T18:16:07","modified_gmt":"2026-03-23T22:16:07","slug":"cochabamba-desborde-del-rio-sajta-golpea-al-tropico-1815","status":"publish","type":"post","link":"https:\/\/www.eldiario.net\/portal\/2026\/03\/23\/cochabamba-desborde-del-rio-sajta-golpea-al-tropico-1815\/","title":{"rendered":"Cochabamba: desborde del r\u00edo Sajta golpea al Tr\u00f3pico (18:15)"},"content":{"rendered":"<p>En el \u00faltimo d\u00eda de vigencia del aviso de Alerta Roja, el Tr\u00f3pico de Cochabamba enfrenta una situaci\u00f3n cr\u00edtica.<\/p>\n<p>El desborde del r\u00edo Sajta ha dejado bajo el agua a las comunidades de Alto San Pablo y Central Santa Fe, confirmando los pron\u00f3sticos de ascensos extremos emitidos por el Servicio Nacional de Meteorolog\u00eda e Hidrolog\u00eda para la cuenca alta del r\u00edo Mamor\u00e9.<\/p>\n<p><img loading=\"lazy\" decoding=\"async\" class=\"size-medium wp-image-378754 aligncenter\" src=\"https:\/\/www.eldiario.net\/portal\/wp-content\/uploads\/2026\/03\/alerta-roja-senamhi-23.03.26-copia-257x300.webp\" alt=\"\" width=\"257\" height=\"300\" srcset=\"https:\/\/www.eldiario.net\/portal\/wp-content\/uploads\/2026\/03\/alerta-roja-senamhi-23.03.26-copia-257x300.webp 257w, https:\/\/www.eldiario.net\/portal\/wp-content\/uploads\/2026\/03\/alerta-roja-senamhi-23.03.26-copia-359x420.webp 359w, https:\/\/www.eldiario.net\/portal\/wp-content\/uploads\/2026\/03\/alerta-roja-senamhi-23.03.26-copia-150x175.webp 150w, https:\/\/www.eldiario.net\/portal\/wp-content\/uploads\/2026\/03\/alerta-roja-senamhi-23.03.26-copia-300x351.webp 300w, https:\/\/www.eldiario.net\/portal\/wp-content\/uploads\/2026\/03\/alerta-roja-senamhi-23.03.26-copia.webp 480w\" sizes=\"auto, (max-width: 257px) 100vw, 257px\" \/><\/p>\n<p data-path-to-node=\"7\">La Unidad de Gesti\u00f3n de Riesgos (UGR) report\u00f3 este lunes que la fuerza del agua ha destruido puentes y anegado las principales v\u00edas de acceso en el Valle de Sajta.<\/p>\n<p>Aunque la alerta nominal mencionaba a los r\u00edos Chapare y Mamorecillo, el impacto se ha extendido a toda la red h\u00eddrica de la regi\u00f3n, afectando severamente a los centros poblados cercanos.<\/p>\n<p data-path-to-node=\"8\">Las autoridades instan a mantener la vigilancia extrema hasta el final de la jornada, ya que los niveles de los r\u00edos podr\u00edan presentar crecidas repentinas antes de estabilizarse.<\/p>\n","protected":false},"excerpt":{"rendered":"<p>En el \u00faltimo d\u00eda de vigencia del aviso de Alerta Roja, el Tr\u00f3pico de Cochabamba enfrenta una situaci\u00f3n cr\u00edtica. El desborde del r\u00edo Sajta ha dejado bajo el agua a las comunidades de Alto San Pablo y Central Santa Fe, confirmando los pron\u00f3sticos de ascensos extremos emitidos por el Servicio Nacional de Meteorolog\u00eda e Hidrolog\u00eda [&hellip;]<\/p>\n","protected":false},"author":7,"featured_media":378755,"comment_status":"closed","ping_status":"open","sticky":false,"template":"","format":"standard","meta":{"_acf_changed":false,"footnotes":""},"categories":[51],"tags":[],"class_list":["post-378753","post","type-post","status-publish","format-standard","has-post-thumbnail","category-ultima-hora"],"acf":{"antetitulo":""},"yoast_head":"<!-- This site is optimized with the Yoast SEO plugin v28.4 - https:\/\/yoast.com\/product\/yoast-seo-wordpress\/ -->\n<title>Cochabamba: desborde del r\u00edo Sajta golpea al Tr\u00f3pico (18:15) - El Diario - Bolivia<\/title>\n<meta name=\"robots\" content=\"index, follow, max-snippet:-1, max-image-preview:large, max-video-preview:-1\" \/>\n<link rel=\"canonical\" href=\"https:\/\/www.eldiario.net\/portal\/2026\/03\/23\/cochabamba-desborde-del-rio-sajta-golpea-al-tropico-1815\/\" \/>\n<meta property=\"og:locale\" content=\"es_ES\" \/>\n<meta property=\"og:type\" content=\"article\" \/>\n<meta property=\"og:title\" content=\"Cochabamba: desborde del r\u00edo Sajta golpea al Tr\u00f3pico (18:15) - El Diario - Bolivia\" \/>\n<meta property=\"og:description\" content=\"En el \u00faltimo d\u00eda de vigencia del aviso de Alerta Roja, el Tr\u00f3pico de Cochabamba enfrenta una situaci\u00f3n cr\u00edtica. El desborde del r\u00edo Sajta ha dejado bajo el agua a las comunidades de Alto San Pablo y Central Santa Fe, confirmando los pron\u00f3sticos de ascensos extremos emitidos por el Servicio Nacional de Meteorolog\u00eda e Hidrolog\u00eda [&hellip;]\" \/>\n<meta property=\"og:url\" content=\"https:\/\/www.eldiario.net\/portal\/2026\/03\/23\/cochabamba-desborde-del-rio-sajta-golpea-al-tropico-1815\/\" \/>\n<meta property=\"og:site_name\" content=\"El Diario - Bolivia\" \/>\n<meta property=\"article:publisher\" content=\"https:\/\/www.facebook.com\/eldiario.bolivia\/\" \/>\n<meta property=\"article:published_time\" content=\"2026-03-23T22:16:07+00:00\" \/>\n<meta property=\"og:image\" content=\"https:\/\/www.eldiario.net\/portal\/wp-content\/uploads\/2026\/03\/rio-sajta-23.03.26-copia.webp\" \/>\n\t<meta property=\"og:image:width\" content=\"500\" \/>\n\t<meta property=\"og:image:height\" content=\"553\" \/>\n\t<meta property=\"og:image:type\" content=\"image\/webp\" \/>\n<meta name=\"author\" content=\"Viviana Monrroy\" \/>\n<meta name=\"twitter:card\" content=\"summary_large_image\" \/>\n<meta name=\"twitter:creator\" content=\"@eldiario_net\" \/>\n<meta name=\"twitter:site\" content=\"@eldiario_net\" \/>\n<meta name=\"twitter:label1\" content=\"Escrito por\" \/>\n\t<meta name=\"twitter:data1\" content=\"Viviana Monrroy\" \/>\n\t<meta name=\"twitter:label2\" content=\"Tiempo de lectura\" \/>\n\t<meta name=\"twitter:data2\" content=\"2 minutos\" \/>\n<script type=\"application\/ld+json\" class=\"yoast-schema-graph\">{\"@context\":\"https:\\\/\\\/schema.org\",\"@graph\":[{\"@type\":\"Article\",\"@id\":\"https:\\\/\\\/www.eldiario.net\\\/portal\\\/2026\\\/03\\\/23\\\/cochabamba-desborde-del-rio-sajta-golpea-al-tropico-1815\\\/#article\",\"isPartOf\":{\"@id\":\"https:\\\/\\\/www.eldiario.net\\\/portal\\\/2026\\\/03\\\/23\\\/cochabamba-desborde-del-rio-sajta-golpea-al-tropico-1815\\\/\"},\"author\":{\"name\":\"Viviana Monrroy\",\"@id\":\"https:\\\/\\\/www.eldiario.net\\\/portal\\\/#\\\/schema\\\/person\\\/32cc89e801dfcbad3a54f91da7f2ea06\"},\"headline\":\"Cochabamba: desborde del r\u00edo Sajta golpea al Tr\u00f3pico (18:15)\",\"datePublished\":\"2026-03-23T22:16:07+00:00\",\"mainEntityOfPage\":{\"@id\":\"https:\\\/\\\/www.eldiario.net\\\/portal\\\/2026\\\/03\\\/23\\\/cochabamba-desborde-del-rio-sajta-golpea-al-tropico-1815\\\/\"},\"wordCount\":177,\"publisher\":{\"@id\":\"https:\\\/\\\/www.eldiario.net\\\/portal\\\/#organization\"},\"image\":{\"@id\":\"https:\\\/\\\/www.eldiario.net\\\/portal\\\/2026\\\/03\\\/23\\\/cochabamba-desborde-del-rio-sajta-golpea-al-tropico-1815\\\/#primaryimage\"},\"thumbnailUrl\":\"https:\\\/\\\/www.eldiario.net\\\/portal\\\/wp-content\\\/uploads\\\/2026\\\/03\\\/rio-sajta-23.03.26-copia.webp\",\"articleSection\":[\"\u00daltima Hora\"],\"inLanguage\":\"es\"},{\"@type\":\"WebPage\",\"@id\":\"https:\\\/\\\/www.eldiario.net\\\/portal\\\/2026\\\/03\\\/23\\\/cochabamba-desborde-del-rio-sajta-golpea-al-tropico-1815\\\/\",\"url\":\"https:\\\/\\\/www.eldiario.net\\\/portal\\\/2026\\\/03\\\/23\\\/cochabamba-desborde-del-rio-sajta-golpea-al-tropico-1815\\\/\",\"name\":\"Cochabamba: desborde del r\u00edo Sajta golpea al Tr\u00f3pico (18:15) - El Diario - Bolivia\",\"isPartOf\":{\"@id\":\"https:\\\/\\\/www.eldiario.net\\\/portal\\\/#website\"},\"primaryImageOfPage\":{\"@id\":\"https:\\\/\\\/www.eldiario.net\\\/portal\\\/2026\\\/03\\\/23\\\/cochabamba-desborde-del-rio-sajta-golpea-al-tropico-1815\\\/#primaryimage\"},\"image\":{\"@id\":\"https:\\\/\\\/www.eldiario.net\\\/portal\\\/2026\\\/03\\\/23\\\/cochabamba-desborde-del-rio-sajta-golpea-al-tropico-1815\\\/#primaryimage\"},\"thumbnailUrl\":\"https:\\\/\\\/www.eldiario.net\\\/portal\\\/wp-content\\\/uploads\\\/2026\\\/03\\\/rio-sajta-23.03.26-copia.webp\",\"datePublished\":\"2026-03-23T22:16:07+00:00\",\"breadcrumb\":{\"@id\":\"https:\\\/\\\/www.eldiario.net\\\/portal\\\/2026\\\/03\\\/23\\\/cochabamba-desborde-del-rio-sajta-golpea-al-tropico-1815\\\/#breadcrumb\"},\"inLanguage\":\"es\",\"potentialAction\":[{\"@type\":\"ReadAction\",\"target\":[\"https:\\\/\\\/www.eldiario.net\\\/portal\\\/2026\\\/03\\\/23\\\/cochabamba-desborde-del-rio-sajta-golpea-al-tropico-1815\\\/\"]}]},{\"@type\":\"ImageObject\",\"inLanguage\":\"es\",\"@id\":\"https:\\\/\\\/www.eldiario.net\\\/portal\\\/2026\\\/03\\\/23\\\/cochabamba-desborde-del-rio-sajta-golpea-al-tropico-1815\\\/#primaryimage\",\"url\":\"https:\\\/\\\/www.eldiario.net\\\/portal\\\/wp-content\\\/uploads\\\/2026\\\/03\\\/rio-sajta-23.03.26-copia.webp\",\"contentUrl\":\"https:\\\/\\\/www.eldiario.net\\\/portal\\\/wp-content\\\/uploads\\\/2026\\\/03\\\/rio-sajta-23.03.26-copia.webp\",\"width\":500,\"height\":553,\"caption\":\"Foto: GAMPV\\\/UGR-GADC\"},{\"@type\":\"BreadcrumbList\",\"@id\":\"https:\\\/\\\/www.eldiario.net\\\/portal\\\/2026\\\/03\\\/23\\\/cochabamba-desborde-del-rio-sajta-golpea-al-tropico-1815\\\/#breadcrumb\",\"itemListElement\":[{\"@type\":\"ListItem\",\"position\":1,\"name\":\"Portada\",\"item\":\"https:\\\/\\\/www.eldiario.net\\\/portal\\\/\"},{\"@type\":\"ListItem\",\"position\":2,\"name\":\"Cochabamba: desborde del r\u00edo Sajta golpea al Tr\u00f3pico (18:15)\"}]},{\"@type\":\"WebSite\",\"@id\":\"https:\\\/\\\/www.eldiario.net\\\/portal\\\/#website\",\"url\":\"https:\\\/\\\/www.eldiario.net\\\/portal\\\/\",\"name\":\"El Diario - Decano de la prensa nacional\",\"description\":\"El Diario - Decano de la prensa nacional\",\"publisher\":{\"@id\":\"https:\\\/\\\/www.eldiario.net\\\/portal\\\/#organization\"},\"potentialAction\":[{\"@type\":\"SearchAction\",\"target\":{\"@type\":\"EntryPoint\",\"urlTemplate\":\"https:\\\/\\\/www.eldiario.net\\\/portal\\\/?s={search_term_string}\"},\"query-input\":{\"@type\":\"PropertyValueSpecification\",\"valueRequired\":true,\"valueName\":\"search_term_string\"}}],\"inLanguage\":\"es\"},{\"@type\":\"Organization\",\"@id\":\"https:\\\/\\\/www.eldiario.net\\\/portal\\\/#organization\",\"name\":\"El Diario - Decano de la prensa nacional\",\"url\":\"https:\\\/\\\/www.eldiario.net\\\/portal\\\/\",\"logo\":{\"@type\":\"ImageObject\",\"inLanguage\":\"es\",\"@id\":\"https:\\\/\\\/www.eldiario.net\\\/portal\\\/#\\\/schema\\\/logo\\\/image\\\/\",\"url\":\"https:\\\/\\\/www.eldiario.net\\\/portal\\\/wp-content\\\/uploads\\\/2023\\\/07\\\/logo_ED.jpg\",\"contentUrl\":\"https:\\\/\\\/www.eldiario.net\\\/portal\\\/wp-content\\\/uploads\\\/2023\\\/07\\\/logo_ED.jpg\",\"width\":272,\"height\":52,\"caption\":\"El Diario - Decano de la prensa nacional\"},\"image\":{\"@id\":\"https:\\\/\\\/www.eldiario.net\\\/portal\\\/#\\\/schema\\\/logo\\\/image\\\/\"},\"sameAs\":[\"https:\\\/\\\/www.facebook.com\\\/eldiario.bolivia\\\/\",\"https:\\\/\\\/x.com\\\/eldiario_net\"]},{\"@type\":\"Person\",\"@id\":\"https:\\\/\\\/www.eldiario.net\\\/portal\\\/#\\\/schema\\\/person\\\/32cc89e801dfcbad3a54f91da7f2ea06\",\"name\":\"Viviana Monrroy\",\"image\":{\"@type\":\"ImageObject\",\"inLanguage\":\"es\",\"@id\":\"https:\\\/\\\/secure.gravatar.com\\\/avatar\\\/dfd1611ed5600959a0e5a9754503b6c05d1dcf190010998e0363aee2ad98afca?s=96&d=mm&r=g\",\"url\":\"https:\\\/\\\/secure.gravatar.com\\\/avatar\\\/dfd1611ed5600959a0e5a9754503b6c05d1dcf190010998e0363aee2ad98afca?s=96&d=mm&r=g\",\"contentUrl\":\"https:\\\/\\\/secure.gravatar.com\\\/avatar\\\/dfd1611ed5600959a0e5a9754503b6c05d1dcf190010998e0363aee2ad98afca?s=96&d=mm&r=g\",\"caption\":\"Viviana Monrroy\"},\"sameAs\":[\"http:\\\/\\\/www.eldiario.net\"],\"url\":\"https:\\\/\\\/www.eldiario.net\\\/portal\\\/author\\\/vivianamonrroy\\\/\"}]}<\/script>\n<!-- \/ Yoast SEO plugin. -->","yoast_head_json":{"title":"Cochabamba: desborde del r\u00edo Sajta golpea al Tr\u00f3pico (18:15) - El Diario - Bolivia","robots":{"index":"index","follow":"follow","max-snippet":"max-snippet:-1","max-image-preview":"max-image-preview:large","max-video-preview":"max-video-preview:-1"},"canonical":"https:\/\/www.eldiario.net\/portal\/2026\/03\/23\/cochabamba-desborde-del-rio-sajta-golpea-al-tropico-1815\/","og_locale":"es_ES","og_type":"article","og_title":"Cochabamba: desborde del r\u00edo Sajta golpea al Tr\u00f3pico (18:15) - El Diario - Bolivia","og_description":"En el \u00faltimo d\u00eda de vigencia del aviso de Alerta Roja, el Tr\u00f3pico de Cochabamba enfrenta una situaci\u00f3n cr\u00edtica. El desborde del r\u00edo Sajta ha dejado bajo el agua a las comunidades de Alto San Pablo y Central Santa Fe, confirmando los pron\u00f3sticos de ascensos extremos emitidos por el Servicio Nacional de Meteorolog\u00eda e Hidrolog\u00eda [&hellip;]","og_url":"https:\/\/www.eldiario.net\/portal\/2026\/03\/23\/cochabamba-desborde-del-rio-sajta-golpea-al-tropico-1815\/","og_site_name":"El Diario - Bolivia","article_publisher":"https:\/\/www.facebook.com\/eldiario.bolivia\/","article_published_time":"2026-03-23T22:16:07+00:00","og_image":[{"width":500,"height":553,"url":"https:\/\/www.eldiario.net\/portal\/wp-content\/uploads\/2026\/03\/rio-sajta-23.03.26-copia.webp","type":"image\/webp"}],"author":"Viviana Monrroy","twitter_card":"summary_large_image","twitter_creator":"@eldiario_net","twitter_site":"@eldiario_net","twitter_misc":{"Escrito por":"Viviana Monrroy","Tiempo de lectura":"2 minutos"},"schema":{"@context":"https:\/\/schema.org","@graph":[{"@type":"Article","@id":"https:\/\/www.eldiario.net\/portal\/2026\/03\/23\/cochabamba-desborde-del-rio-sajta-golpea-al-tropico-1815\/#article","isPartOf":{"@id":"https:\/\/www.eldiario.net\/portal\/2026\/03\/23\/cochabamba-desborde-del-rio-sajta-golpea-al-tropico-1815\/"},"author":{"name":"Viviana Monrroy","@id":"https:\/\/www.eldiario.net\/portal\/#\/schema\/person\/32cc89e801dfcbad3a54f91da7f2ea06"},"headline":"Cochabamba: desborde del r\u00edo Sajta golpea al Tr\u00f3pico (18:15)","datePublished":"2026-03-23T22:16:07+00:00","mainEntityOfPage":{"@id":"https:\/\/www.eldiario.net\/portal\/2026\/03\/23\/cochabamba-desborde-del-rio-sajta-golpea-al-tropico-1815\/"},"wordCount":177,"publisher":{"@id":"https:\/\/www.eldiario.net\/portal\/#organization"},"image":{"@id":"https:\/\/www.eldiario.net\/portal\/2026\/03\/23\/cochabamba-desborde-del-rio-sajta-golpea-al-tropico-1815\/#primaryimage"},"thumbnailUrl":"https:\/\/www.eldiario.net\/portal\/wp-content\/uploads\/2026\/03\/rio-sajta-23.03.26-copia.webp","articleSection":["\u00daltima Hora"],"inLanguage":"es"},{"@type":"WebPage","@id":"https:\/\/www.eldiario.net\/portal\/2026\/03\/23\/cochabamba-desborde-del-rio-sajta-golpea-al-tropico-1815\/","url":"https:\/\/www.eldiario.net\/portal\/2026\/03\/23\/cochabamba-desborde-del-rio-sajta-golpea-al-tropico-1815\/","name":"Cochabamba: desborde del r\u00edo Sajta golpea al Tr\u00f3pico (18:15) - El Diario - Bolivia","isPartOf":{"@id":"https:\/\/www.eldiario.net\/portal\/#website"},"primaryImageOfPage":{"@id":"https:\/\/www.eldiario.net\/portal\/2026\/03\/23\/cochabamba-desborde-del-rio-sajta-golpea-al-tropico-1815\/#primaryimage"},"image":{"@id":"https:\/\/www.eldiario.net\/portal\/2026\/03\/23\/cochabamba-desborde-del-rio-sajta-golpea-al-tropico-1815\/#primaryimage"},"thumbnailUrl":"https:\/\/www.eldiario.net\/portal\/wp-content\/uploads\/2026\/03\/rio-sajta-23.03.26-copia.webp","datePublished":"2026-03-23T22:16:07+00:00","breadcrumb":{"@id":"https:\/\/www.eldiario.net\/portal\/2026\/03\/23\/cochabamba-desborde-del-rio-sajta-golpea-al-tropico-1815\/#breadcrumb"},"inLanguage":"es","potentialAction":[{"@type":"ReadAction","target":["https:\/\/www.eldiario.net\/portal\/2026\/03\/23\/cochabamba-desborde-del-rio-sajta-golpea-al-tropico-1815\/"]}]},{"@type":"ImageObject","inLanguage":"es","@id":"https:\/\/www.eldiario.net\/portal\/2026\/03\/23\/cochabamba-desborde-del-rio-sajta-golpea-al-tropico-1815\/#primaryimage","url":"https:\/\/www.eldiario.net\/portal\/wp-content\/uploads\/2026\/03\/rio-sajta-23.03.26-copia.webp","contentUrl":"https:\/\/www.eldiario.net\/portal\/wp-content\/uploads\/2026\/03\/rio-sajta-23.03.26-copia.webp","width":500,"height":553,"caption":"Foto: GAMPV\/UGR-GADC"},{"@type":"BreadcrumbList","@id":"https:\/\/www.eldiario.net\/portal\/2026\/03\/23\/cochabamba-desborde-del-rio-sajta-golpea-al-tropico-1815\/#breadcrumb","itemListElement":[{"@type":"ListItem","position":1,"name":"Portada","item":"https:\/\/www.eldiario.net\/portal\/"},{"@type":"ListItem","position":2,"name":"Cochabamba: desborde del r\u00edo Sajta golpea al Tr\u00f3pico (18:15)"}]},{"@type":"WebSite","@id":"https:\/\/www.eldiario.net\/portal\/#website","url":"https:\/\/www.eldiario.net\/portal\/","name":"El Diario - Decano de la prensa nacional","description":"El Diario - Decano de la prensa nacional","publisher":{"@id":"https:\/\/www.eldiario.net\/portal\/#organization"},"potentialAction":[{"@type":"SearchAction","target":{"@type":"EntryPoint","urlTemplate":"https:\/\/www.eldiario.net\/portal\/?s={search_term_string}"},"query-input":{"@type":"PropertyValueSpecification","valueRequired":true,"valueName":"search_term_string"}}],"inLanguage":"es"},{"@type":"Organization","@id":"https:\/\/www.eldiario.net\/portal\/#organization","name":"El Diario - Decano de la prensa nacional","url":"https:\/\/www.eldiario.net\/portal\/","logo":{"@type":"ImageObject","inLanguage":"es","@id":"https:\/\/www.eldiario.net\/portal\/#\/schema\/logo\/image\/","url":"https:\/\/www.eldiario.net\/portal\/wp-content\/uploads\/2023\/07\/logo_ED.jpg","contentUrl":"https:\/\/www.eldiario.net\/portal\/wp-content\/uploads\/2023\/07\/logo_ED.jpg","width":272,"height":52,"caption":"El Diario - Decano de la prensa nacional"},"image":{"@id":"https:\/\/www.eldiario.net\/portal\/#\/schema\/logo\/image\/"},"sameAs":["https:\/\/www.facebook.com\/eldiario.bolivia\/","https:\/\/x.com\/eldiario_net"]},{"@type":"Person","@id":"https:\/\/www.eldiario.net\/portal\/#\/schema\/person\/32cc89e801dfcbad3a54f91da7f2ea06","name":"Viviana Monrroy","image":{"@type":"ImageObject","inLanguage":"es","@id":"https:\/\/secure.gravatar.com\/avatar\/dfd1611ed5600959a0e5a9754503b6c05d1dcf190010998e0363aee2ad98afca?s=96&d=mm&r=g","url":"https:\/\/secure.gravatar.com\/avatar\/dfd1611ed5600959a0e5a9754503b6c05d1dcf190010998e0363aee2ad98afca?s=96&d=mm&r=g","contentUrl":"https:\/\/secure.gravatar.com\/avatar\/dfd1611ed5600959a0e5a9754503b6c05d1dcf190010998e0363aee2ad98afca?s=96&d=mm&r=g","caption":"Viviana Monrroy"},"sameAs":["http:\/\/www.eldiario.net"],"url":"https:\/\/www.eldiario.net\/portal\/author\/vivianamonrroy\/"}]}},"_links":{"self":[{"href":"https:\/\/www.eldiario.net\/portal\/wp-json\/wp\/v2\/posts\/378753","targetHints":{"allow":["GET"]}}],"collection":[{"href":"https:\/\/www.eldiario.net\/portal\/wp-json\/wp\/v2\/posts"}],"about":[{"href":"https:\/\/www.eldiario.net\/portal\/wp-json\/wp\/v2\/types\/post"}],"author":[{"embeddable":true,"href":"https:\/\/www.eldiario.net\/portal\/wp-json\/wp\/v2\/users\/7"}],"replies":[{"embeddable":true,"href":"https:\/\/www.eldiario.net\/portal\/wp-json\/wp\/v2\/comments?post=378753"}],"version-history":[{"count":1,"href":"https:\/\/www.eldiario.net\/portal\/wp-json\/wp\/v2\/posts\/378753\/revisions"}],"predecessor-version":[{"id":378756,"href":"https:\/\/www.eldiario.net\/portal\/wp-json\/wp\/v2\/posts\/378753\/revisions\/378756"}],"wp:featuredmedia":[{"embeddable":true,"href":"https:\/\/www.eldiario.net\/portal\/wp-json\/wp\/v2\/media\/378755"}],"wp:attachment":[{"href":"https:\/\/www.eldiario.net\/portal\/wp-json\/wp\/v2\/media?parent=378753"}],"wp:term":[{"taxonomy":"category","embeddable":true,"href":"https:\/\/www.eldiario.net\/portal\/wp-json\/wp\/v2\/categories?post=378753"},{"taxonomy":"post_tag","embeddable":true,"href":"https:\/\/www.eldiario.net\/portal\/wp-json\/wp\/v2\/tags?post=378753"}],"curies":[{"name":"wp","href":"https:\/\/api.w.org\/{rel}","templated":true}]}}