{"id":378747,"date":"2026-03-23T17:00:38","date_gmt":"2026-03-23T21:00:38","guid":{"rendered":"https:\/\/www.eldiario.net\/portal\/?p=378747"},"modified":"2026-03-23T17:00:38","modified_gmt":"2026-03-23T21:00:38","slug":"xi-jinping-reafirma-alianza-estrategica-de-china-con-alc-en-x-cumbre-de-la-celac","status":"publish","type":"post","link":"https:\/\/www.eldiario.net\/portal\/2026\/03\/23\/xi-jinping-reafirma-alianza-estrategica-de-china-con-alc-en-x-cumbre-de-la-celac\/","title":{"rendered":"Xi Jinping reafirma alianza estrat\u00e9gica de China con ALC en X Cumbre de la CELAC"},"content":{"rendered":"<p>La inauguraci\u00f3n de la X Cumbre de jefes de Estado y de Gobierno de la Comunidad de Estados Latinoamericanos y Caribe\u00f1os (CELAC) ha vuelto a poner de relieve la estrecha relaci\u00f3n estrat\u00e9gica entre China y la regi\u00f3n.<\/p>\n<p>En la oportunidad, el presidente Xi Jinping, en nombre del Gobierno y el pueblo chinos, expres\u00f3 sus felicitaciones con motivo del inicio de este encuentro. El mandatario destac\u00f3 que, desde su fundaci\u00f3n, la CELAC se ha dedicado a promover la paz, la estabilidad, el desarrollo y la prosperidad de Am\u00e9rica Latina y el Caribe (ALC), inyectando nuevos impulsos a la cooperaci\u00f3n solidaria y el desarrollo com\u00fan del Sur Global.<\/p>\n<p>Asimismo, el Mandatario record\u00f3 que en mayo pasado se celebr\u00f3 con \u00e9xito en Beijing la Cuarta Reuni\u00f3n Ministerial del Foro China CELAC. \u201cAsist\u00ed a su inauguraci\u00f3n, ocasi\u00f3n en la que anunci\u00e9 que China y ALC emprender\u00edan conjuntamente los cinco programas de la solidaridad, el desarrollo, las civilizaciones, la paz y los pueblos, granje\u00e1ndose un positivo eco de ALC\u201d, y a\u00f1adi\u00f3 que, a lo largo del \u00faltimo a\u00f1o, ambas partes han venido manteniendo una estrecha colaboraci\u00f3n para fomentar avances profundos y s\u00f3lidos de los cinco programas, trayendo beneficios tangibles para ambos pueblos.<\/p>\n<p>El jefe de Estado reafirm\u00f3 que China es y siempre ser\u00e1 un buen amigo y socio de los pa\u00edses de ALC, y asegur\u00f3 que seguir\u00e1 apoyando a las naciones de la regi\u00f3n en la defensa de su soberan\u00eda, seguridad e intereses de desarrollo. Finalmente, manifest\u00f3 la disposici\u00f3n de China para trabajar junto con ALC en la salvaguardia de la equidad y la justicia internacionales, con el fin de escribir de la mano un nuevo cap\u00edtulo en la construcci\u00f3n conjunta de la comunidad de futuro compartido China ALC, formulando votos por el pleno \u00e9xito de la presente Cumbre de jefes de Estado y de Gobierno de la CELAC.<\/p>\n","protected":false},"excerpt":{"rendered":"<p>La inauguraci\u00f3n de la X Cumbre de jefes de Estado y de Gobierno de la Comunidad de Estados Latinoamericanos y Caribe\u00f1os (CELAC) ha vuelto a poner de relieve la estrecha relaci\u00f3n estrat\u00e9gica entre China y la regi\u00f3n. En la oportunidad, el presidente Xi Jinping, en nombre del Gobierno y el pueblo chinos, expres\u00f3 sus felicitaciones [&hellip;]<\/p>\n","protected":false},"author":7,"featured_media":378748,"comment_status":"closed","ping_status":"open","sticky":false,"template":"","format":"standard","meta":{"_acf_changed":false,"footnotes":""},"categories":[3],"tags":[],"class_list":["post-378747","post","type-post","status-publish","format-standard","has-post-thumbnail","category-internacional"],"acf":{"antetitulo":""},"yoast_head":"<!-- This site is optimized with the Yoast SEO plugin v28.4 - https:\/\/yoast.com\/product\/yoast-seo-wordpress\/ -->\n<title>Xi Jinping reafirma alianza estrat\u00e9gica de China con ALC en X Cumbre de la CELAC - El Diario - Bolivia<\/title>\n<meta name=\"robots\" content=\"index, follow, max-snippet:-1, max-image-preview:large, max-video-preview:-1\" \/>\n<link rel=\"canonical\" href=\"https:\/\/www.eldiario.net\/portal\/2026\/03\/23\/xi-jinping-reafirma-alianza-estrategica-de-china-con-alc-en-x-cumbre-de-la-celac\/\" \/>\n<meta property=\"og:locale\" content=\"es_ES\" \/>\n<meta property=\"og:type\" content=\"article\" \/>\n<meta property=\"og:title\" content=\"Xi Jinping reafirma alianza estrat\u00e9gica de China con ALC en X Cumbre de la CELAC - El Diario - Bolivia\" \/>\n<meta property=\"og:description\" content=\"La inauguraci\u00f3n de la X Cumbre de jefes de Estado y de Gobierno de la Comunidad de Estados Latinoamericanos y Caribe\u00f1os (CELAC) ha vuelto a poner de relieve la estrecha relaci\u00f3n estrat\u00e9gica entre China y la regi\u00f3n. En la oportunidad, el presidente Xi Jinping, en nombre del Gobierno y el pueblo chinos, expres\u00f3 sus felicitaciones [&hellip;]\" \/>\n<meta property=\"og:url\" content=\"https:\/\/www.eldiario.net\/portal\/2026\/03\/23\/xi-jinping-reafirma-alianza-estrategica-de-china-con-alc-en-x-cumbre-de-la-celac\/\" \/>\n<meta property=\"og:site_name\" content=\"El Diario - Bolivia\" \/>\n<meta property=\"article:publisher\" content=\"https:\/\/www.facebook.com\/eldiario.bolivia\/\" \/>\n<meta property=\"article:published_time\" content=\"2026-03-23T21:00:38+00:00\" \/>\n<meta property=\"og:image\" content=\"https:\/\/www.eldiario.net\/portal\/wp-content\/uploads\/2026\/03\/presidente-Xi-Jinping-copia.webp\" \/>\n\t<meta property=\"og:image:width\" content=\"600\" \/>\n\t<meta property=\"og:image:height\" content=\"371\" \/>\n\t<meta property=\"og:image:type\" content=\"image\/webp\" \/>\n<meta name=\"author\" content=\"Viviana Monrroy\" \/>\n<meta name=\"twitter:card\" content=\"summary_large_image\" \/>\n<meta name=\"twitter:creator\" content=\"@eldiario_net\" \/>\n<meta name=\"twitter:site\" content=\"@eldiario_net\" \/>\n<meta name=\"twitter:label1\" content=\"Escrito por\" \/>\n\t<meta name=\"twitter:data1\" content=\"Viviana Monrroy\" \/>\n\t<meta name=\"twitter:label2\" content=\"Tiempo de lectura\" \/>\n\t<meta name=\"twitter:data2\" content=\"2 minutos\" \/>\n<script type=\"application\/ld+json\" class=\"yoast-schema-graph\">{\"@context\":\"https:\\\/\\\/schema.org\",\"@graph\":[{\"@type\":\"Article\",\"@id\":\"https:\\\/\\\/www.eldiario.net\\\/portal\\\/2026\\\/03\\\/23\\\/xi-jinping-reafirma-alianza-estrategica-de-china-con-alc-en-x-cumbre-de-la-celac\\\/#article\",\"isPartOf\":{\"@id\":\"https:\\\/\\\/www.eldiario.net\\\/portal\\\/2026\\\/03\\\/23\\\/xi-jinping-reafirma-alianza-estrategica-de-china-con-alc-en-x-cumbre-de-la-celac\\\/\"},\"author\":{\"name\":\"Viviana Monrroy\",\"@id\":\"https:\\\/\\\/www.eldiario.net\\\/portal\\\/#\\\/schema\\\/person\\\/32cc89e801dfcbad3a54f91da7f2ea06\"},\"headline\":\"Xi Jinping reafirma alianza estrat\u00e9gica de China con ALC en X Cumbre de la CELAC\",\"datePublished\":\"2026-03-23T21:00:38+00:00\",\"mainEntityOfPage\":{\"@id\":\"https:\\\/\\\/www.eldiario.net\\\/portal\\\/2026\\\/03\\\/23\\\/xi-jinping-reafirma-alianza-estrategica-de-china-con-alc-en-x-cumbre-de-la-celac\\\/\"},\"wordCount\":344,\"publisher\":{\"@id\":\"https:\\\/\\\/www.eldiario.net\\\/portal\\\/#organization\"},\"image\":{\"@id\":\"https:\\\/\\\/www.eldiario.net\\\/portal\\\/2026\\\/03\\\/23\\\/xi-jinping-reafirma-alianza-estrategica-de-china-con-alc-en-x-cumbre-de-la-celac\\\/#primaryimage\"},\"thumbnailUrl\":\"https:\\\/\\\/www.eldiario.net\\\/portal\\\/wp-content\\\/uploads\\\/2026\\\/03\\\/presidente-Xi-Jinping-copia.webp\",\"articleSection\":[\"Internacional\"],\"inLanguage\":\"es\"},{\"@type\":\"WebPage\",\"@id\":\"https:\\\/\\\/www.eldiario.net\\\/portal\\\/2026\\\/03\\\/23\\\/xi-jinping-reafirma-alianza-estrategica-de-china-con-alc-en-x-cumbre-de-la-celac\\\/\",\"url\":\"https:\\\/\\\/www.eldiario.net\\\/portal\\\/2026\\\/03\\\/23\\\/xi-jinping-reafirma-alianza-estrategica-de-china-con-alc-en-x-cumbre-de-la-celac\\\/\",\"name\":\"Xi Jinping reafirma alianza estrat\u00e9gica de China con ALC en X Cumbre de la CELAC - El Diario - Bolivia\",\"isPartOf\":{\"@id\":\"https:\\\/\\\/www.eldiario.net\\\/portal\\\/#website\"},\"primaryImageOfPage\":{\"@id\":\"https:\\\/\\\/www.eldiario.net\\\/portal\\\/2026\\\/03\\\/23\\\/xi-jinping-reafirma-alianza-estrategica-de-china-con-alc-en-x-cumbre-de-la-celac\\\/#primaryimage\"},\"image\":{\"@id\":\"https:\\\/\\\/www.eldiario.net\\\/portal\\\/2026\\\/03\\\/23\\\/xi-jinping-reafirma-alianza-estrategica-de-china-con-alc-en-x-cumbre-de-la-celac\\\/#primaryimage\"},\"thumbnailUrl\":\"https:\\\/\\\/www.eldiario.net\\\/portal\\\/wp-content\\\/uploads\\\/2026\\\/03\\\/presidente-Xi-Jinping-copia.webp\",\"datePublished\":\"2026-03-23T21:00:38+00:00\",\"breadcrumb\":{\"@id\":\"https:\\\/\\\/www.eldiario.net\\\/portal\\\/2026\\\/03\\\/23\\\/xi-jinping-reafirma-alianza-estrategica-de-china-con-alc-en-x-cumbre-de-la-celac\\\/#breadcrumb\"},\"inLanguage\":\"es\",\"potentialAction\":[{\"@type\":\"ReadAction\",\"target\":[\"https:\\\/\\\/www.eldiario.net\\\/portal\\\/2026\\\/03\\\/23\\\/xi-jinping-reafirma-alianza-estrategica-de-china-con-alc-en-x-cumbre-de-la-celac\\\/\"]}]},{\"@type\":\"ImageObject\",\"inLanguage\":\"es\",\"@id\":\"https:\\\/\\\/www.eldiario.net\\\/portal\\\/2026\\\/03\\\/23\\\/xi-jinping-reafirma-alianza-estrategica-de-china-con-alc-en-x-cumbre-de-la-celac\\\/#primaryimage\",\"url\":\"https:\\\/\\\/www.eldiario.net\\\/portal\\\/wp-content\\\/uploads\\\/2026\\\/03\\\/presidente-Xi-Jinping-copia.webp\",\"contentUrl\":\"https:\\\/\\\/www.eldiario.net\\\/portal\\\/wp-content\\\/uploads\\\/2026\\\/03\\\/presidente-Xi-Jinping-copia.webp\",\"width\":600,\"height\":371,\"caption\":\"EL PRESIDENTE XI JINPING, QUIEN PRONUNCI\u00d3 UN MENSAJE DE FELICITACI\u00d3N A LA X CUMBRE DE LA COMUNIDAD DE ESTADOS LATINOAMERICANOS Y CARIBE\u00d1OS (CELAC).\"},{\"@type\":\"BreadcrumbList\",\"@id\":\"https:\\\/\\\/www.eldiario.net\\\/portal\\\/2026\\\/03\\\/23\\\/xi-jinping-reafirma-alianza-estrategica-de-china-con-alc-en-x-cumbre-de-la-celac\\\/#breadcrumb\",\"itemListElement\":[{\"@type\":\"ListItem\",\"position\":1,\"name\":\"Portada\",\"item\":\"https:\\\/\\\/www.eldiario.net\\\/portal\\\/\"},{\"@type\":\"ListItem\",\"position\":2,\"name\":\"Xi Jinping reafirma alianza estrat\u00e9gica de China con ALC en X Cumbre de la CELAC\"}]},{\"@type\":\"WebSite\",\"@id\":\"https:\\\/\\\/www.eldiario.net\\\/portal\\\/#website\",\"url\":\"https:\\\/\\\/www.eldiario.net\\\/portal\\\/\",\"name\":\"El Diario - Decano de la prensa nacional\",\"description\":\"El Diario - Decano de la prensa nacional\",\"publisher\":{\"@id\":\"https:\\\/\\\/www.eldiario.net\\\/portal\\\/#organization\"},\"potentialAction\":[{\"@type\":\"SearchAction\",\"target\":{\"@type\":\"EntryPoint\",\"urlTemplate\":\"https:\\\/\\\/www.eldiario.net\\\/portal\\\/?s={search_term_string}\"},\"query-input\":{\"@type\":\"PropertyValueSpecification\",\"valueRequired\":true,\"valueName\":\"search_term_string\"}}],\"inLanguage\":\"es\"},{\"@type\":\"Organization\",\"@id\":\"https:\\\/\\\/www.eldiario.net\\\/portal\\\/#organization\",\"name\":\"El Diario - Decano de la prensa nacional\",\"url\":\"https:\\\/\\\/www.eldiario.net\\\/portal\\\/\",\"logo\":{\"@type\":\"ImageObject\",\"inLanguage\":\"es\",\"@id\":\"https:\\\/\\\/www.eldiario.net\\\/portal\\\/#\\\/schema\\\/logo\\\/image\\\/\",\"url\":\"https:\\\/\\\/www.eldiario.net\\\/portal\\\/wp-content\\\/uploads\\\/2023\\\/07\\\/logo_ED.jpg\",\"contentUrl\":\"https:\\\/\\\/www.eldiario.net\\\/portal\\\/wp-content\\\/uploads\\\/2023\\\/07\\\/logo_ED.jpg\",\"width\":272,\"height\":52,\"caption\":\"El Diario - Decano de la prensa nacional\"},\"image\":{\"@id\":\"https:\\\/\\\/www.eldiario.net\\\/portal\\\/#\\\/schema\\\/logo\\\/image\\\/\"},\"sameAs\":[\"https:\\\/\\\/www.facebook.com\\\/eldiario.bolivia\\\/\",\"https:\\\/\\\/x.com\\\/eldiario_net\"]},{\"@type\":\"Person\",\"@id\":\"https:\\\/\\\/www.eldiario.net\\\/portal\\\/#\\\/schema\\\/person\\\/32cc89e801dfcbad3a54f91da7f2ea06\",\"name\":\"Viviana Monrroy\",\"image\":{\"@type\":\"ImageObject\",\"inLanguage\":\"es\",\"@id\":\"https:\\\/\\\/secure.gravatar.com\\\/avatar\\\/dfd1611ed5600959a0e5a9754503b6c05d1dcf190010998e0363aee2ad98afca?s=96&d=mm&r=g\",\"url\":\"https:\\\/\\\/secure.gravatar.com\\\/avatar\\\/dfd1611ed5600959a0e5a9754503b6c05d1dcf190010998e0363aee2ad98afca?s=96&d=mm&r=g\",\"contentUrl\":\"https:\\\/\\\/secure.gravatar.com\\\/avatar\\\/dfd1611ed5600959a0e5a9754503b6c05d1dcf190010998e0363aee2ad98afca?s=96&d=mm&r=g\",\"caption\":\"Viviana Monrroy\"},\"sameAs\":[\"http:\\\/\\\/www.eldiario.net\"],\"url\":\"https:\\\/\\\/www.eldiario.net\\\/portal\\\/author\\\/vivianamonrroy\\\/\"}]}<\/script>\n<!-- \/ Yoast SEO plugin. -->","yoast_head_json":{"title":"Xi Jinping reafirma alianza estrat\u00e9gica de China con ALC en X Cumbre de la CELAC - El Diario - Bolivia","robots":{"index":"index","follow":"follow","max-snippet":"max-snippet:-1","max-image-preview":"max-image-preview:large","max-video-preview":"max-video-preview:-1"},"canonical":"https:\/\/www.eldiario.net\/portal\/2026\/03\/23\/xi-jinping-reafirma-alianza-estrategica-de-china-con-alc-en-x-cumbre-de-la-celac\/","og_locale":"es_ES","og_type":"article","og_title":"Xi Jinping reafirma alianza estrat\u00e9gica de China con ALC en X Cumbre de la CELAC - El Diario - Bolivia","og_description":"La inauguraci\u00f3n de la X Cumbre de jefes de Estado y de Gobierno de la Comunidad de Estados Latinoamericanos y Caribe\u00f1os (CELAC) ha vuelto a poner de relieve la estrecha relaci\u00f3n estrat\u00e9gica entre China y la regi\u00f3n. En la oportunidad, el presidente Xi Jinping, en nombre del Gobierno y el pueblo chinos, expres\u00f3 sus felicitaciones [&hellip;]","og_url":"https:\/\/www.eldiario.net\/portal\/2026\/03\/23\/xi-jinping-reafirma-alianza-estrategica-de-china-con-alc-en-x-cumbre-de-la-celac\/","og_site_name":"El Diario - Bolivia","article_publisher":"https:\/\/www.facebook.com\/eldiario.bolivia\/","article_published_time":"2026-03-23T21:00:38+00:00","og_image":[{"width":600,"height":371,"url":"https:\/\/www.eldiario.net\/portal\/wp-content\/uploads\/2026\/03\/presidente-Xi-Jinping-copia.webp","type":"image\/webp"}],"author":"Viviana Monrroy","twitter_card":"summary_large_image","twitter_creator":"@eldiario_net","twitter_site":"@eldiario_net","twitter_misc":{"Escrito por":"Viviana Monrroy","Tiempo de lectura":"2 minutos"},"schema":{"@context":"https:\/\/schema.org","@graph":[{"@type":"Article","@id":"https:\/\/www.eldiario.net\/portal\/2026\/03\/23\/xi-jinping-reafirma-alianza-estrategica-de-china-con-alc-en-x-cumbre-de-la-celac\/#article","isPartOf":{"@id":"https:\/\/www.eldiario.net\/portal\/2026\/03\/23\/xi-jinping-reafirma-alianza-estrategica-de-china-con-alc-en-x-cumbre-de-la-celac\/"},"author":{"name":"Viviana Monrroy","@id":"https:\/\/www.eldiario.net\/portal\/#\/schema\/person\/32cc89e801dfcbad3a54f91da7f2ea06"},"headline":"Xi Jinping reafirma alianza estrat\u00e9gica de China con ALC en X Cumbre de la CELAC","datePublished":"2026-03-23T21:00:38+00:00","mainEntityOfPage":{"@id":"https:\/\/www.eldiario.net\/portal\/2026\/03\/23\/xi-jinping-reafirma-alianza-estrategica-de-china-con-alc-en-x-cumbre-de-la-celac\/"},"wordCount":344,"publisher":{"@id":"https:\/\/www.eldiario.net\/portal\/#organization"},"image":{"@id":"https:\/\/www.eldiario.net\/portal\/2026\/03\/23\/xi-jinping-reafirma-alianza-estrategica-de-china-con-alc-en-x-cumbre-de-la-celac\/#primaryimage"},"thumbnailUrl":"https:\/\/www.eldiario.net\/portal\/wp-content\/uploads\/2026\/03\/presidente-Xi-Jinping-copia.webp","articleSection":["Internacional"],"inLanguage":"es"},{"@type":"WebPage","@id":"https:\/\/www.eldiario.net\/portal\/2026\/03\/23\/xi-jinping-reafirma-alianza-estrategica-de-china-con-alc-en-x-cumbre-de-la-celac\/","url":"https:\/\/www.eldiario.net\/portal\/2026\/03\/23\/xi-jinping-reafirma-alianza-estrategica-de-china-con-alc-en-x-cumbre-de-la-celac\/","name":"Xi Jinping reafirma alianza estrat\u00e9gica de China con ALC en X Cumbre de la CELAC - El Diario - Bolivia","isPartOf":{"@id":"https:\/\/www.eldiario.net\/portal\/#website"},"primaryImageOfPage":{"@id":"https:\/\/www.eldiario.net\/portal\/2026\/03\/23\/xi-jinping-reafirma-alianza-estrategica-de-china-con-alc-en-x-cumbre-de-la-celac\/#primaryimage"},"image":{"@id":"https:\/\/www.eldiario.net\/portal\/2026\/03\/23\/xi-jinping-reafirma-alianza-estrategica-de-china-con-alc-en-x-cumbre-de-la-celac\/#primaryimage"},"thumbnailUrl":"https:\/\/www.eldiario.net\/portal\/wp-content\/uploads\/2026\/03\/presidente-Xi-Jinping-copia.webp","datePublished":"2026-03-23T21:00:38+00:00","breadcrumb":{"@id":"https:\/\/www.eldiario.net\/portal\/2026\/03\/23\/xi-jinping-reafirma-alianza-estrategica-de-china-con-alc-en-x-cumbre-de-la-celac\/#breadcrumb"},"inLanguage":"es","potentialAction":[{"@type":"ReadAction","target":["https:\/\/www.eldiario.net\/portal\/2026\/03\/23\/xi-jinping-reafirma-alianza-estrategica-de-china-con-alc-en-x-cumbre-de-la-celac\/"]}]},{"@type":"ImageObject","inLanguage":"es","@id":"https:\/\/www.eldiario.net\/portal\/2026\/03\/23\/xi-jinping-reafirma-alianza-estrategica-de-china-con-alc-en-x-cumbre-de-la-celac\/#primaryimage","url":"https:\/\/www.eldiario.net\/portal\/wp-content\/uploads\/2026\/03\/presidente-Xi-Jinping-copia.webp","contentUrl":"https:\/\/www.eldiario.net\/portal\/wp-content\/uploads\/2026\/03\/presidente-Xi-Jinping-copia.webp","width":600,"height":371,"caption":"EL PRESIDENTE XI JINPING, QUIEN PRONUNCI\u00d3 UN MENSAJE DE FELICITACI\u00d3N A LA X CUMBRE DE LA COMUNIDAD DE ESTADOS LATINOAMERICANOS Y CARIBE\u00d1OS (CELAC)."},{"@type":"BreadcrumbList","@id":"https:\/\/www.eldiario.net\/portal\/2026\/03\/23\/xi-jinping-reafirma-alianza-estrategica-de-china-con-alc-en-x-cumbre-de-la-celac\/#breadcrumb","itemListElement":[{"@type":"ListItem","position":1,"name":"Portada","item":"https:\/\/www.eldiario.net\/portal\/"},{"@type":"ListItem","position":2,"name":"Xi Jinping reafirma alianza estrat\u00e9gica de China con ALC en X Cumbre de la CELAC"}]},{"@type":"WebSite","@id":"https:\/\/www.eldiario.net\/portal\/#website","url":"https:\/\/www.eldiario.net\/portal\/","name":"El Diario - Decano de la prensa nacional","description":"El Diario - Decano de la prensa nacional","publisher":{"@id":"https:\/\/www.eldiario.net\/portal\/#organization"},"potentialAction":[{"@type":"SearchAction","target":{"@type":"EntryPoint","urlTemplate":"https:\/\/www.eldiario.net\/portal\/?s={search_term_string}"},"query-input":{"@type":"PropertyValueSpecification","valueRequired":true,"valueName":"search_term_string"}}],"inLanguage":"es"},{"@type":"Organization","@id":"https:\/\/www.eldiario.net\/portal\/#organization","name":"El Diario - Decano de la prensa nacional","url":"https:\/\/www.eldiario.net\/portal\/","logo":{"@type":"ImageObject","inLanguage":"es","@id":"https:\/\/www.eldiario.net\/portal\/#\/schema\/logo\/image\/","url":"https:\/\/www.eldiario.net\/portal\/wp-content\/uploads\/2023\/07\/logo_ED.jpg","contentUrl":"https:\/\/www.eldiario.net\/portal\/wp-content\/uploads\/2023\/07\/logo_ED.jpg","width":272,"height":52,"caption":"El Diario - Decano de la prensa nacional"},"image":{"@id":"https:\/\/www.eldiario.net\/portal\/#\/schema\/logo\/image\/"},"sameAs":["https:\/\/www.facebook.com\/eldiario.bolivia\/","https:\/\/x.com\/eldiario_net"]},{"@type":"Person","@id":"https:\/\/www.eldiario.net\/portal\/#\/schema\/person\/32cc89e801dfcbad3a54f91da7f2ea06","name":"Viviana Monrroy","image":{"@type":"ImageObject","inLanguage":"es","@id":"https:\/\/secure.gravatar.com\/avatar\/dfd1611ed5600959a0e5a9754503b6c05d1dcf190010998e0363aee2ad98afca?s=96&d=mm&r=g","url":"https:\/\/secure.gravatar.com\/avatar\/dfd1611ed5600959a0e5a9754503b6c05d1dcf190010998e0363aee2ad98afca?s=96&d=mm&r=g","contentUrl":"https:\/\/secure.gravatar.com\/avatar\/dfd1611ed5600959a0e5a9754503b6c05d1dcf190010998e0363aee2ad98afca?s=96&d=mm&r=g","caption":"Viviana Monrroy"},"sameAs":["http:\/\/www.eldiario.net"],"url":"https:\/\/www.eldiario.net\/portal\/author\/vivianamonrroy\/"}]}},"_links":{"self":[{"href":"https:\/\/www.eldiario.net\/portal\/wp-json\/wp\/v2\/posts\/378747","targetHints":{"allow":["GET"]}}],"collection":[{"href":"https:\/\/www.eldiario.net\/portal\/wp-json\/wp\/v2\/posts"}],"about":[{"href":"https:\/\/www.eldiario.net\/portal\/wp-json\/wp\/v2\/types\/post"}],"author":[{"embeddable":true,"href":"https:\/\/www.eldiario.net\/portal\/wp-json\/wp\/v2\/users\/7"}],"replies":[{"embeddable":true,"href":"https:\/\/www.eldiario.net\/portal\/wp-json\/wp\/v2\/comments?post=378747"}],"version-history":[{"count":1,"href":"https:\/\/www.eldiario.net\/portal\/wp-json\/wp\/v2\/posts\/378747\/revisions"}],"predecessor-version":[{"id":378749,"href":"https:\/\/www.eldiario.net\/portal\/wp-json\/wp\/v2\/posts\/378747\/revisions\/378749"}],"wp:featuredmedia":[{"embeddable":true,"href":"https:\/\/www.eldiario.net\/portal\/wp-json\/wp\/v2\/media\/378748"}],"wp:attachment":[{"href":"https:\/\/www.eldiario.net\/portal\/wp-json\/wp\/v2\/media?parent=378747"}],"wp:term":[{"taxonomy":"category","embeddable":true,"href":"https:\/\/www.eldiario.net\/portal\/wp-json\/wp\/v2\/categories?post=378747"},{"taxonomy":"post_tag","embeddable":true,"href":"https:\/\/www.eldiario.net\/portal\/wp-json\/wp\/v2\/tags?post=378747"}],"curies":[{"name":"wp","href":"https:\/\/api.w.org\/{rel}","templated":true}]}}