{"id":378736,"date":"2026-03-23T15:54:33","date_gmt":"2026-03-23T19:54:33","guid":{"rendered":"https:\/\/www.eldiario.net\/portal\/?p=378736"},"modified":"2026-03-23T15:55:30","modified_gmt":"2026-03-23T19:55:30","slug":"personas-con-discapacidad-visual-protestan-cercan-el-ministerio-de-economia-1554","status":"publish","type":"post","link":"https:\/\/www.eldiario.net\/portal\/2026\/03\/23\/personas-con-discapacidad-visual-protestan-cercan-el-ministerio-de-economia-1554\/","title":{"rendered":"Personas con discapacidad visual protestan cercan el Ministerio de Econom\u00eda (15:54)"},"content":{"rendered":"<p>Una nueva organizaci\u00f3n de personas con discapacidad visual instal\u00f3 una protesta en las puertas del Ministerio de Econom\u00eda, ubicado en la intersecci\u00f3n de la Avenida Mariscal Santa Cruz y la calle Loayza en la ciudad de La Paz.<\/p>\n<p>Los movilizados exigen el incremento del bono anual a la indigencia y denuncian presuntos hechos de corrupci\u00f3n en las instituciones que deber\u00edan velar por su sector.<\/p>\n<p data-path-to-node=\"2\">El representante de la movilizaci\u00f3n, Jes\u00fas Flores, enfatiz\u00f3 que el pedido de nivelaci\u00f3n del bono es un derecho estancado.<\/p>\n<div style=\"width: 102px;\" class=\"wp-video\"><video class=\"wp-video-shortcode\" id=\"video-378736-1\" width=\"102\" height=\"180\" preload=\"metadata\" controls=\"controls\"><source type=\"video\/mp4\" src=\"https:\/\/www.eldiario.net\/portal\/wp-content\/uploads\/2026\/03\/ciegos-23.03.26.mp4?_=1\" \/><a href=\"https:\/\/www.eldiario.net\/portal\/wp-content\/uploads\/2026\/03\/ciegos-23.03.26.mp4\">https:\/\/www.eldiario.net\/portal\/wp-content\/uploads\/2026\/03\/ciegos-23.03.26.mp4<\/a><\/video><\/div>\n<p>Asimismo, el sector denunci\u00f3 nepotismo y malos manejos dentro del Instituto Boliviano de la Ceguera (IBC), se\u00f1alando que los dirigentes actuales no representan los intereses de la base.<\/p>\n<p>Los manifestantes cuestionaron el destino de un apoyo econ\u00f3mico de 480.000 bolivianos que recibe la federaci\u00f3n nacional.<\/p>\n<p>Seg\u00fan Flores, este monto no llega a quienes m\u00e1s lo necesitan, por lo que proponen que dichos recursos sean redirigidos espec\u00edficamente para la atenci\u00f3n de ni\u00f1os con discapacidad visual.<\/p>\n<p>Ante la crisis econ\u00f3mica que atraviesa el pa\u00eds, el sector demanda al Gobierno nacional:<\/p>\n<ul>\n<li data-path-to-node=\"7,0,0\">Incremento del bono anual a la indigencia.<\/li>\n<li data-path-to-node=\"7,1,0\">Entrega de una canasta familiar para mitigar el alza de precios.<\/li>\n<li data-path-to-node=\"7,2,0\">Inclusi\u00f3n directa en las mesas de negociaci\u00f3n con el Ministerio de Econom\u00eda, al considerar que la federaci\u00f3n actual no representa a la totalidad de las personas ciegas en Bolivia.<\/li>\n<\/ul>\n<p data-path-to-node=\"8\">La nueva dirigencia advirti\u00f3 que, de no ser escuchados por las autoridades de Hacienda, radicalizar\u00e1n sus medidas de presi\u00f3n.<\/p>\n\r\n                <style type=\"text\/css\">\r\n                    \r\n                    #tdi_1  .td-doubleSlider-2 .td-item1 {\r\n                        background: url(https:\/\/www.eldiario.net\/portal\/wp-content\/uploads\/2026\/03\/ciegos-foto-1-23.03.26-copia-80x60.webp) 0 0 no-repeat;\r\n                    }\r\n                    #tdi_1  .td-doubleSlider-2 .td-item2 {\r\n                        background: url(https:\/\/www.eldiario.net\/portal\/wp-content\/uploads\/2026\/03\/ciegos-foto-4-23.03.26-copia-80x60.webp) 0 0 no-repeat;\r\n                    }\r\n                    #tdi_1  .td-doubleSlider-2 .td-item3 {\r\n                        background: url(https:\/\/www.eldiario.net\/portal\/wp-content\/uploads\/2026\/03\/ciegos-foto-3-23.03.26-copia-80x60.webp) 0 0 no-repeat;\r\n                    }\r\n                    #tdi_1  .td-doubleSlider-2 .td-item4 {\r\n                        background: url(https:\/\/www.eldiario.net\/portal\/wp-content\/uploads\/2026\/03\/ciegos-foto-2-23.03.26-copia-80x60.webp) 0 0 no-repeat;\r\n                    }\r\n                <\/style>\r\n\r\n                <div id=\"tdi_1\" class=\"td-gallery td-slide-on-2-columns\">\r\n                    <div class=\"post_td_gallery\">\r\n                        <div class=\"td-gallery-slide-top\">\r\n                           <div class=\"td-gallery-title\"><\/div>\r\n\r\n                            <div class=\"td-gallery-controls-wrapper\">\r\n                                <div class=\"td-gallery-slide-count\"><span class=\"td-gallery-slide-item-focus\">1<\/span> de 4<\/div>\r\n                                <div class=\"td-gallery-slide-prev-next-but\">\r\n                                    <i class = \"td-icon-left doubleSliderPrevButton\"><\/i>\r\n                                    <i class = \"td-icon-right doubleSliderNextButton\"><\/i>\r\n                                <\/div>\r\n                            <\/div>\r\n                        <\/div>\r\n\r\n                        <div class = \"td-doubleSlider-1 \">\r\n                            <div class = \"td-slider\">\r\n                                \r\n                    <div class = \"td-slide-item td-item1\">\r\n                        <figure class=\"td-slide-galery-figure td-slide-popup-gallery\">\r\n                            <a class=\"slide-gallery-image-link\" href=\"https:\/\/www.eldiario.net\/portal\/wp-content\/uploads\/2026\/03\/ciegos-foto-1-23.03.26-copia.webp\" title=\"\"  data-caption=\"Foto: El Diario\"  data-description=\"Foto: El Diario\">\r\n                                <img decoding=\"async\" src=\"https:\/\/www.eldiario.net\/portal\/wp-content\/uploads\/2026\/03\/ciegos-foto-1-23.03.26-copia-189x420.webp\" srcset=\"https:\/\/www.eldiario.net\/portal\/wp-content\/uploads\/2026\/03\/ciegos-foto-1-23.03.26-copia-189x420.webp 189w, https:\/\/www.eldiario.net\/portal\/wp-content\/uploads\/2026\/03\/ciegos-foto-1-23.03.26-copia-135x300.webp 135w, https:\/\/www.eldiario.net\/portal\/wp-content\/uploads\/2026\/03\/ciegos-foto-1-23.03.26-copia-150x333.webp 150w, https:\/\/www.eldiario.net\/portal\/wp-content\/uploads\/2026\/03\/ciegos-foto-1-23.03.26-copia-300x667.webp 300w, https:\/\/www.eldiario.net\/portal\/wp-content\/uploads\/2026\/03\/ciegos-foto-1-23.03.26-copia.webp 350w\" sizes=\"(max-width: 189px) 100vw, 189px\" alt=\"\">\r\n                            <\/a>\r\n                            <figcaption class = \"td-slide-caption td-gallery-slide-content\"><div class = \"td-gallery-slide-copywrite\">Foto: El Diario<\/div><span>Foto: El Diario<\/span><\/figcaption>\r\n                        <\/figure>\r\n                    <\/div>\r\n                    <div class = \"td-slide-item td-item2\">\r\n                        <figure class=\"td-slide-galery-figure td-slide-popup-gallery\">\r\n                            <a class=\"slide-gallery-image-link\" href=\"https:\/\/www.eldiario.net\/portal\/wp-content\/uploads\/2026\/03\/ciegos-foto-4-23.03.26-copia.webp\" title=\"\"  data-caption=\"Foto: El Diario\"  data-description=\"Foto: El Diario\">\r\n                                <img decoding=\"async\" src=\"https:\/\/www.eldiario.net\/portal\/wp-content\/uploads\/2026\/03\/ciegos-foto-4-23.03.26-copia-189x420.webp\" srcset=\"https:\/\/www.eldiario.net\/portal\/wp-content\/uploads\/2026\/03\/ciegos-foto-4-23.03.26-copia-189x420.webp 189w, https:\/\/www.eldiario.net\/portal\/wp-content\/uploads\/2026\/03\/ciegos-foto-4-23.03.26-copia-135x300.webp 135w, https:\/\/www.eldiario.net\/portal\/wp-content\/uploads\/2026\/03\/ciegos-foto-4-23.03.26-copia-150x333.webp 150w, https:\/\/www.eldiario.net\/portal\/wp-content\/uploads\/2026\/03\/ciegos-foto-4-23.03.26-copia-300x667.webp 300w, https:\/\/www.eldiario.net\/portal\/wp-content\/uploads\/2026\/03\/ciegos-foto-4-23.03.26-copia.webp 350w\" sizes=\"(max-width: 189px) 100vw, 189px\" alt=\"\">\r\n                            <\/a>\r\n                            <figcaption class = \"td-slide-caption td-gallery-slide-content\"><div class = \"td-gallery-slide-copywrite\">Foto: El Diario<\/div><span>Foto: El Diario<\/span><\/figcaption>\r\n                        <\/figure>\r\n                    <\/div>\r\n                    <div class = \"td-slide-item td-item3\">\r\n                        <figure class=\"td-slide-galery-figure td-slide-popup-gallery\">\r\n                            <a class=\"slide-gallery-image-link\" href=\"https:\/\/www.eldiario.net\/portal\/wp-content\/uploads\/2026\/03\/ciegos-foto-3-23.03.26-copia.webp\" title=\"\"  data-caption=\"Foto: El Diario\"  data-description=\"Foto: El Diario\">\r\n                                <img decoding=\"async\" src=\"https:\/\/www.eldiario.net\/portal\/wp-content\/uploads\/2026\/03\/ciegos-foto-3-23.03.26-copia-189x420.webp\" srcset=\"https:\/\/www.eldiario.net\/portal\/wp-content\/uploads\/2026\/03\/ciegos-foto-3-23.03.26-copia-189x420.webp 189w, https:\/\/www.eldiario.net\/portal\/wp-content\/uploads\/2026\/03\/ciegos-foto-3-23.03.26-copia-135x300.webp 135w, https:\/\/www.eldiario.net\/portal\/wp-content\/uploads\/2026\/03\/ciegos-foto-3-23.03.26-copia-150x333.webp 150w, https:\/\/www.eldiario.net\/portal\/wp-content\/uploads\/2026\/03\/ciegos-foto-3-23.03.26-copia-300x667.webp 300w, https:\/\/www.eldiario.net\/portal\/wp-content\/uploads\/2026\/03\/ciegos-foto-3-23.03.26-copia.webp 350w\" sizes=\"(max-width: 189px) 100vw, 189px\" alt=\"\">\r\n                            <\/a>\r\n                            <figcaption class = \"td-slide-caption td-gallery-slide-content\"><div class = \"td-gallery-slide-copywrite\">Foto: El Diario<\/div><span>Foto: El Diario<\/span><\/figcaption>\r\n                        <\/figure>\r\n                    <\/div>\r\n                    <div class = \"td-slide-item td-item4\">\r\n                        <figure class=\"td-slide-galery-figure td-slide-popup-gallery\">\r\n                            <a class=\"slide-gallery-image-link\" href=\"https:\/\/www.eldiario.net\/portal\/wp-content\/uploads\/2026\/03\/ciegos-foto-2-23.03.26-copia.webp\" title=\"\"  data-caption=\"Foto: El Diario\"  data-description=\"Foto: El Diario\">\r\n                                <img decoding=\"async\" src=\"https:\/\/www.eldiario.net\/portal\/wp-content\/uploads\/2026\/03\/ciegos-foto-2-23.03.26-copia-189x420.webp\" srcset=\"https:\/\/www.eldiario.net\/portal\/wp-content\/uploads\/2026\/03\/ciegos-foto-2-23.03.26-copia-189x420.webp 189w, https:\/\/www.eldiario.net\/portal\/wp-content\/uploads\/2026\/03\/ciegos-foto-2-23.03.26-copia-135x300.webp 135w, https:\/\/www.eldiario.net\/portal\/wp-content\/uploads\/2026\/03\/ciegos-foto-2-23.03.26-copia-150x333.webp 150w, https:\/\/www.eldiario.net\/portal\/wp-content\/uploads\/2026\/03\/ciegos-foto-2-23.03.26-copia-300x667.webp 300w, https:\/\/www.eldiario.net\/portal\/wp-content\/uploads\/2026\/03\/ciegos-foto-2-23.03.26-copia.webp 350w\" sizes=\"(max-width: 189px) 100vw, 189px\" alt=\"\">\r\n                            <\/a>\r\n                            <figcaption class = \"td-slide-caption td-gallery-slide-content\"><div class = \"td-gallery-slide-copywrite\">Foto: El Diario<\/div><span>Foto: El Diario<\/span><\/figcaption>\r\n                        <\/figure>\r\n                    <\/div>\r\n                            <\/div>\r\n                        <\/div>\r\n\r\n                        <div class = \"td-doubleSlider-2\">\r\n                            <div class = \"td-slider\">\r\n                                \r\n                    <div class = \"td-button td-item1\">\r\n                        <div class = \"td-border\"><\/div>\r\n                    <\/div>\r\n                    <div class = \"td-button td-item2\">\r\n                        <div class = \"td-border\"><\/div>\r\n                    <\/div>\r\n                    <div class = \"td-button td-item3\">\r\n                        <div class = \"td-border\"><\/div>\r\n                    <\/div>\r\n                    <div class = \"td-button td-item4\">\r\n                        <div class = \"td-border\"><\/div>\r\n                    <\/div>\r\n                            <\/div>\r\n                        <\/div>\r\n\r\n                    <\/div>\r\n\r\n                <\/div>\r\n                \n","protected":false},"excerpt":{"rendered":"<p>Una nueva organizaci\u00f3n de personas con discapacidad visual instal\u00f3 una protesta en las puertas del Ministerio de Econom\u00eda, ubicado en la intersecci\u00f3n de la Avenida Mariscal Santa Cruz y la calle Loayza en la ciudad de La Paz. Los movilizados exigen el incremento del bono anual a la indigencia y denuncian presuntos hechos de corrupci\u00f3n [&hellip;]<\/p>\n","protected":false},"author":7,"featured_media":378745,"comment_status":"closed","ping_status":"open","sticky":false,"template":"","format":"standard","meta":{"_acf_changed":false,"footnotes":""},"categories":[51],"tags":[],"class_list":["post-378736","post","type-post","status-publish","format-standard","has-post-thumbnail","category-ultima-hora"],"acf":{"antetitulo":""},"yoast_head":"<!-- This site is optimized with the Yoast SEO plugin v28.4 - https:\/\/yoast.com\/product\/yoast-seo-wordpress\/ -->\n<title>Personas con discapacidad visual protestan cercan el Ministerio de Econom\u00eda (15:54) - El Diario - Bolivia<\/title>\n<meta name=\"robots\" content=\"index, follow, max-snippet:-1, max-image-preview:large, max-video-preview:-1\" \/>\n<link rel=\"canonical\" href=\"https:\/\/www.eldiario.net\/portal\/2026\/03\/23\/personas-con-discapacidad-visual-protestan-cercan-el-ministerio-de-economia-1554\/\" \/>\n<meta property=\"og:locale\" content=\"es_ES\" \/>\n<meta property=\"og:type\" content=\"article\" \/>\n<meta property=\"og:title\" content=\"Personas con discapacidad visual protestan cercan el Ministerio de Econom\u00eda (15:54) - El Diario - Bolivia\" \/>\n<meta property=\"og:description\" content=\"Una nueva organizaci\u00f3n de personas con discapacidad visual instal\u00f3 una protesta en las puertas del Ministerio de Econom\u00eda, ubicado en la intersecci\u00f3n de la Avenida Mariscal Santa Cruz y la calle Loayza en la ciudad de La Paz. Los movilizados exigen el incremento del bono anual a la indigencia y denuncian presuntos hechos de corrupci\u00f3n [&hellip;]\" \/>\n<meta property=\"og:url\" content=\"https:\/\/www.eldiario.net\/portal\/2026\/03\/23\/personas-con-discapacidad-visual-protestan-cercan-el-ministerio-de-economia-1554\/\" \/>\n<meta property=\"og:site_name\" content=\"El Diario - Bolivia\" \/>\n<meta property=\"article:publisher\" content=\"https:\/\/www.facebook.com\/eldiario.bolivia\/\" \/>\n<meta property=\"article:published_time\" content=\"2026-03-23T19:54:33+00:00\" \/>\n<meta property=\"article:modified_time\" content=\"2026-03-23T19:55:30+00:00\" \/>\n<meta property=\"og:image\" content=\"https:\/\/www.eldiario.net\/portal\/wp-content\/uploads\/2026\/03\/ciegos-foto-1-23.03.26-copia-1.webp\" \/>\n\t<meta property=\"og:image:width\" content=\"350\" \/>\n\t<meta property=\"og:image:height\" content=\"778\" \/>\n\t<meta property=\"og:image:type\" content=\"image\/webp\" \/>\n<meta name=\"author\" content=\"Viviana Monrroy\" \/>\n<meta name=\"twitter:card\" content=\"summary_large_image\" \/>\n<meta name=\"twitter:creator\" content=\"@eldiario_net\" \/>\n<meta name=\"twitter:site\" content=\"@eldiario_net\" \/>\n<meta name=\"twitter:label1\" content=\"Escrito por\" \/>\n\t<meta name=\"twitter:data1\" content=\"Viviana Monrroy\" \/>\n\t<meta name=\"twitter:label2\" content=\"Tiempo de lectura\" \/>\n\t<meta name=\"twitter:data2\" content=\"2 minutos\" \/>\n<script type=\"application\/ld+json\" class=\"yoast-schema-graph\">{\"@context\":\"https:\\\/\\\/schema.org\",\"@graph\":[{\"@type\":\"Article\",\"@id\":\"https:\\\/\\\/www.eldiario.net\\\/portal\\\/2026\\\/03\\\/23\\\/personas-con-discapacidad-visual-protestan-cercan-el-ministerio-de-economia-1554\\\/#article\",\"isPartOf\":{\"@id\":\"https:\\\/\\\/www.eldiario.net\\\/portal\\\/2026\\\/03\\\/23\\\/personas-con-discapacidad-visual-protestan-cercan-el-ministerio-de-economia-1554\\\/\"},\"author\":{\"name\":\"Viviana Monrroy\",\"@id\":\"https:\\\/\\\/www.eldiario.net\\\/portal\\\/#\\\/schema\\\/person\\\/32cc89e801dfcbad3a54f91da7f2ea06\"},\"headline\":\"Personas con discapacidad visual protestan cercan el Ministerio de Econom\u00eda (15:54)\",\"datePublished\":\"2026-03-23T19:54:33+00:00\",\"dateModified\":\"2026-03-23T19:55:30+00:00\",\"mainEntityOfPage\":{\"@id\":\"https:\\\/\\\/www.eldiario.net\\\/portal\\\/2026\\\/03\\\/23\\\/personas-con-discapacidad-visual-protestan-cercan-el-ministerio-de-economia-1554\\\/\"},\"wordCount\":292,\"publisher\":{\"@id\":\"https:\\\/\\\/www.eldiario.net\\\/portal\\\/#organization\"},\"image\":{\"@id\":\"https:\\\/\\\/www.eldiario.net\\\/portal\\\/2026\\\/03\\\/23\\\/personas-con-discapacidad-visual-protestan-cercan-el-ministerio-de-economia-1554\\\/#primaryimage\"},\"thumbnailUrl\":\"https:\\\/\\\/www.eldiario.net\\\/portal\\\/wp-content\\\/uploads\\\/2026\\\/03\\\/ciegos-foto-1-23.03.26-copia-1.webp\",\"articleSection\":[\"\u00daltima Hora\"],\"inLanguage\":\"es\"},{\"@type\":\"WebPage\",\"@id\":\"https:\\\/\\\/www.eldiario.net\\\/portal\\\/2026\\\/03\\\/23\\\/personas-con-discapacidad-visual-protestan-cercan-el-ministerio-de-economia-1554\\\/\",\"url\":\"https:\\\/\\\/www.eldiario.net\\\/portal\\\/2026\\\/03\\\/23\\\/personas-con-discapacidad-visual-protestan-cercan-el-ministerio-de-economia-1554\\\/\",\"name\":\"Personas con discapacidad visual protestan cercan el Ministerio de Econom\u00eda (15:54) - El Diario - Bolivia\",\"isPartOf\":{\"@id\":\"https:\\\/\\\/www.eldiario.net\\\/portal\\\/#website\"},\"primaryImageOfPage\":{\"@id\":\"https:\\\/\\\/www.eldiario.net\\\/portal\\\/2026\\\/03\\\/23\\\/personas-con-discapacidad-visual-protestan-cercan-el-ministerio-de-economia-1554\\\/#primaryimage\"},\"image\":{\"@id\":\"https:\\\/\\\/www.eldiario.net\\\/portal\\\/2026\\\/03\\\/23\\\/personas-con-discapacidad-visual-protestan-cercan-el-ministerio-de-economia-1554\\\/#primaryimage\"},\"thumbnailUrl\":\"https:\\\/\\\/www.eldiario.net\\\/portal\\\/wp-content\\\/uploads\\\/2026\\\/03\\\/ciegos-foto-1-23.03.26-copia-1.webp\",\"datePublished\":\"2026-03-23T19:54:33+00:00\",\"dateModified\":\"2026-03-23T19:55:30+00:00\",\"breadcrumb\":{\"@id\":\"https:\\\/\\\/www.eldiario.net\\\/portal\\\/2026\\\/03\\\/23\\\/personas-con-discapacidad-visual-protestan-cercan-el-ministerio-de-economia-1554\\\/#breadcrumb\"},\"inLanguage\":\"es\",\"potentialAction\":[{\"@type\":\"ReadAction\",\"target\":[\"https:\\\/\\\/www.eldiario.net\\\/portal\\\/2026\\\/03\\\/23\\\/personas-con-discapacidad-visual-protestan-cercan-el-ministerio-de-economia-1554\\\/\"]}]},{\"@type\":\"ImageObject\",\"inLanguage\":\"es\",\"@id\":\"https:\\\/\\\/www.eldiario.net\\\/portal\\\/2026\\\/03\\\/23\\\/personas-con-discapacidad-visual-protestan-cercan-el-ministerio-de-economia-1554\\\/#primaryimage\",\"url\":\"https:\\\/\\\/www.eldiario.net\\\/portal\\\/wp-content\\\/uploads\\\/2026\\\/03\\\/ciegos-foto-1-23.03.26-copia-1.webp\",\"contentUrl\":\"https:\\\/\\\/www.eldiario.net\\\/portal\\\/wp-content\\\/uploads\\\/2026\\\/03\\\/ciegos-foto-1-23.03.26-copia-1.webp\",\"width\":350,\"height\":778,\"caption\":\"Foto: El Diario\"},{\"@type\":\"BreadcrumbList\",\"@id\":\"https:\\\/\\\/www.eldiario.net\\\/portal\\\/2026\\\/03\\\/23\\\/personas-con-discapacidad-visual-protestan-cercan-el-ministerio-de-economia-1554\\\/#breadcrumb\",\"itemListElement\":[{\"@type\":\"ListItem\",\"position\":1,\"name\":\"Portada\",\"item\":\"https:\\\/\\\/www.eldiario.net\\\/portal\\\/\"},{\"@type\":\"ListItem\",\"position\":2,\"name\":\"Personas con discapacidad visual protestan cercan el Ministerio de Econom\u00eda (15:54)\"}]},{\"@type\":\"WebSite\",\"@id\":\"https:\\\/\\\/www.eldiario.net\\\/portal\\\/#website\",\"url\":\"https:\\\/\\\/www.eldiario.net\\\/portal\\\/\",\"name\":\"El Diario - Decano de la prensa nacional\",\"description\":\"El Diario - Decano de la prensa nacional\",\"publisher\":{\"@id\":\"https:\\\/\\\/www.eldiario.net\\\/portal\\\/#organization\"},\"potentialAction\":[{\"@type\":\"SearchAction\",\"target\":{\"@type\":\"EntryPoint\",\"urlTemplate\":\"https:\\\/\\\/www.eldiario.net\\\/portal\\\/?s={search_term_string}\"},\"query-input\":{\"@type\":\"PropertyValueSpecification\",\"valueRequired\":true,\"valueName\":\"search_term_string\"}}],\"inLanguage\":\"es\"},{\"@type\":\"Organization\",\"@id\":\"https:\\\/\\\/www.eldiario.net\\\/portal\\\/#organization\",\"name\":\"El Diario - Decano de la prensa nacional\",\"url\":\"https:\\\/\\\/www.eldiario.net\\\/portal\\\/\",\"logo\":{\"@type\":\"ImageObject\",\"inLanguage\":\"es\",\"@id\":\"https:\\\/\\\/www.eldiario.net\\\/portal\\\/#\\\/schema\\\/logo\\\/image\\\/\",\"url\":\"https:\\\/\\\/www.eldiario.net\\\/portal\\\/wp-content\\\/uploads\\\/2023\\\/07\\\/logo_ED.jpg\",\"contentUrl\":\"https:\\\/\\\/www.eldiario.net\\\/portal\\\/wp-content\\\/uploads\\\/2023\\\/07\\\/logo_ED.jpg\",\"width\":272,\"height\":52,\"caption\":\"El Diario - Decano de la prensa nacional\"},\"image\":{\"@id\":\"https:\\\/\\\/www.eldiario.net\\\/portal\\\/#\\\/schema\\\/logo\\\/image\\\/\"},\"sameAs\":[\"https:\\\/\\\/www.facebook.com\\\/eldiario.bolivia\\\/\",\"https:\\\/\\\/x.com\\\/eldiario_net\"]},{\"@type\":\"Person\",\"@id\":\"https:\\\/\\\/www.eldiario.net\\\/portal\\\/#\\\/schema\\\/person\\\/32cc89e801dfcbad3a54f91da7f2ea06\",\"name\":\"Viviana Monrroy\",\"image\":{\"@type\":\"ImageObject\",\"inLanguage\":\"es\",\"@id\":\"https:\\\/\\\/secure.gravatar.com\\\/avatar\\\/dfd1611ed5600959a0e5a9754503b6c05d1dcf190010998e0363aee2ad98afca?s=96&d=mm&r=g\",\"url\":\"https:\\\/\\\/secure.gravatar.com\\\/avatar\\\/dfd1611ed5600959a0e5a9754503b6c05d1dcf190010998e0363aee2ad98afca?s=96&d=mm&r=g\",\"contentUrl\":\"https:\\\/\\\/secure.gravatar.com\\\/avatar\\\/dfd1611ed5600959a0e5a9754503b6c05d1dcf190010998e0363aee2ad98afca?s=96&d=mm&r=g\",\"caption\":\"Viviana Monrroy\"},\"sameAs\":[\"http:\\\/\\\/www.eldiario.net\"],\"url\":\"https:\\\/\\\/www.eldiario.net\\\/portal\\\/author\\\/vivianamonrroy\\\/\"}]}<\/script>\n<!-- \/ Yoast SEO plugin. -->","yoast_head_json":{"title":"Personas con discapacidad visual protestan cercan el Ministerio de Econom\u00eda (15:54) - El Diario - Bolivia","robots":{"index":"index","follow":"follow","max-snippet":"max-snippet:-1","max-image-preview":"max-image-preview:large","max-video-preview":"max-video-preview:-1"},"canonical":"https:\/\/www.eldiario.net\/portal\/2026\/03\/23\/personas-con-discapacidad-visual-protestan-cercan-el-ministerio-de-economia-1554\/","og_locale":"es_ES","og_type":"article","og_title":"Personas con discapacidad visual protestan cercan el Ministerio de Econom\u00eda (15:54) - El Diario - Bolivia","og_description":"Una nueva organizaci\u00f3n de personas con discapacidad visual instal\u00f3 una protesta en las puertas del Ministerio de Econom\u00eda, ubicado en la intersecci\u00f3n de la Avenida Mariscal Santa Cruz y la calle Loayza en la ciudad de La Paz. Los movilizados exigen el incremento del bono anual a la indigencia y denuncian presuntos hechos de corrupci\u00f3n [&hellip;]","og_url":"https:\/\/www.eldiario.net\/portal\/2026\/03\/23\/personas-con-discapacidad-visual-protestan-cercan-el-ministerio-de-economia-1554\/","og_site_name":"El Diario - Bolivia","article_publisher":"https:\/\/www.facebook.com\/eldiario.bolivia\/","article_published_time":"2026-03-23T19:54:33+00:00","article_modified_time":"2026-03-23T19:55:30+00:00","og_image":[{"width":350,"height":778,"url":"https:\/\/www.eldiario.net\/portal\/wp-content\/uploads\/2026\/03\/ciegos-foto-1-23.03.26-copia-1.webp","type":"image\/webp"}],"author":"Viviana Monrroy","twitter_card":"summary_large_image","twitter_creator":"@eldiario_net","twitter_site":"@eldiario_net","twitter_misc":{"Escrito por":"Viviana Monrroy","Tiempo de lectura":"2 minutos"},"schema":{"@context":"https:\/\/schema.org","@graph":[{"@type":"Article","@id":"https:\/\/www.eldiario.net\/portal\/2026\/03\/23\/personas-con-discapacidad-visual-protestan-cercan-el-ministerio-de-economia-1554\/#article","isPartOf":{"@id":"https:\/\/www.eldiario.net\/portal\/2026\/03\/23\/personas-con-discapacidad-visual-protestan-cercan-el-ministerio-de-economia-1554\/"},"author":{"name":"Viviana Monrroy","@id":"https:\/\/www.eldiario.net\/portal\/#\/schema\/person\/32cc89e801dfcbad3a54f91da7f2ea06"},"headline":"Personas con discapacidad visual protestan cercan el Ministerio de Econom\u00eda (15:54)","datePublished":"2026-03-23T19:54:33+00:00","dateModified":"2026-03-23T19:55:30+00:00","mainEntityOfPage":{"@id":"https:\/\/www.eldiario.net\/portal\/2026\/03\/23\/personas-con-discapacidad-visual-protestan-cercan-el-ministerio-de-economia-1554\/"},"wordCount":292,"publisher":{"@id":"https:\/\/www.eldiario.net\/portal\/#organization"},"image":{"@id":"https:\/\/www.eldiario.net\/portal\/2026\/03\/23\/personas-con-discapacidad-visual-protestan-cercan-el-ministerio-de-economia-1554\/#primaryimage"},"thumbnailUrl":"https:\/\/www.eldiario.net\/portal\/wp-content\/uploads\/2026\/03\/ciegos-foto-1-23.03.26-copia-1.webp","articleSection":["\u00daltima Hora"],"inLanguage":"es"},{"@type":"WebPage","@id":"https:\/\/www.eldiario.net\/portal\/2026\/03\/23\/personas-con-discapacidad-visual-protestan-cercan-el-ministerio-de-economia-1554\/","url":"https:\/\/www.eldiario.net\/portal\/2026\/03\/23\/personas-con-discapacidad-visual-protestan-cercan-el-ministerio-de-economia-1554\/","name":"Personas con discapacidad visual protestan cercan el Ministerio de Econom\u00eda (15:54) - El Diario - Bolivia","isPartOf":{"@id":"https:\/\/www.eldiario.net\/portal\/#website"},"primaryImageOfPage":{"@id":"https:\/\/www.eldiario.net\/portal\/2026\/03\/23\/personas-con-discapacidad-visual-protestan-cercan-el-ministerio-de-economia-1554\/#primaryimage"},"image":{"@id":"https:\/\/www.eldiario.net\/portal\/2026\/03\/23\/personas-con-discapacidad-visual-protestan-cercan-el-ministerio-de-economia-1554\/#primaryimage"},"thumbnailUrl":"https:\/\/www.eldiario.net\/portal\/wp-content\/uploads\/2026\/03\/ciegos-foto-1-23.03.26-copia-1.webp","datePublished":"2026-03-23T19:54:33+00:00","dateModified":"2026-03-23T19:55:30+00:00","breadcrumb":{"@id":"https:\/\/www.eldiario.net\/portal\/2026\/03\/23\/personas-con-discapacidad-visual-protestan-cercan-el-ministerio-de-economia-1554\/#breadcrumb"},"inLanguage":"es","potentialAction":[{"@type":"ReadAction","target":["https:\/\/www.eldiario.net\/portal\/2026\/03\/23\/personas-con-discapacidad-visual-protestan-cercan-el-ministerio-de-economia-1554\/"]}]},{"@type":"ImageObject","inLanguage":"es","@id":"https:\/\/www.eldiario.net\/portal\/2026\/03\/23\/personas-con-discapacidad-visual-protestan-cercan-el-ministerio-de-economia-1554\/#primaryimage","url":"https:\/\/www.eldiario.net\/portal\/wp-content\/uploads\/2026\/03\/ciegos-foto-1-23.03.26-copia-1.webp","contentUrl":"https:\/\/www.eldiario.net\/portal\/wp-content\/uploads\/2026\/03\/ciegos-foto-1-23.03.26-copia-1.webp","width":350,"height":778,"caption":"Foto: El Diario"},{"@type":"BreadcrumbList","@id":"https:\/\/www.eldiario.net\/portal\/2026\/03\/23\/personas-con-discapacidad-visual-protestan-cercan-el-ministerio-de-economia-1554\/#breadcrumb","itemListElement":[{"@type":"ListItem","position":1,"name":"Portada","item":"https:\/\/www.eldiario.net\/portal\/"},{"@type":"ListItem","position":2,"name":"Personas con discapacidad visual protestan cercan el Ministerio de Econom\u00eda (15:54)"}]},{"@type":"WebSite","@id":"https:\/\/www.eldiario.net\/portal\/#website","url":"https:\/\/www.eldiario.net\/portal\/","name":"El Diario - Decano de la prensa nacional","description":"El Diario - Decano de la prensa nacional","publisher":{"@id":"https:\/\/www.eldiario.net\/portal\/#organization"},"potentialAction":[{"@type":"SearchAction","target":{"@type":"EntryPoint","urlTemplate":"https:\/\/www.eldiario.net\/portal\/?s={search_term_string}"},"query-input":{"@type":"PropertyValueSpecification","valueRequired":true,"valueName":"search_term_string"}}],"inLanguage":"es"},{"@type":"Organization","@id":"https:\/\/www.eldiario.net\/portal\/#organization","name":"El Diario - Decano de la prensa nacional","url":"https:\/\/www.eldiario.net\/portal\/","logo":{"@type":"ImageObject","inLanguage":"es","@id":"https:\/\/www.eldiario.net\/portal\/#\/schema\/logo\/image\/","url":"https:\/\/www.eldiario.net\/portal\/wp-content\/uploads\/2023\/07\/logo_ED.jpg","contentUrl":"https:\/\/www.eldiario.net\/portal\/wp-content\/uploads\/2023\/07\/logo_ED.jpg","width":272,"height":52,"caption":"El Diario - Decano de la prensa nacional"},"image":{"@id":"https:\/\/www.eldiario.net\/portal\/#\/schema\/logo\/image\/"},"sameAs":["https:\/\/www.facebook.com\/eldiario.bolivia\/","https:\/\/x.com\/eldiario_net"]},{"@type":"Person","@id":"https:\/\/www.eldiario.net\/portal\/#\/schema\/person\/32cc89e801dfcbad3a54f91da7f2ea06","name":"Viviana Monrroy","image":{"@type":"ImageObject","inLanguage":"es","@id":"https:\/\/secure.gravatar.com\/avatar\/dfd1611ed5600959a0e5a9754503b6c05d1dcf190010998e0363aee2ad98afca?s=96&d=mm&r=g","url":"https:\/\/secure.gravatar.com\/avatar\/dfd1611ed5600959a0e5a9754503b6c05d1dcf190010998e0363aee2ad98afca?s=96&d=mm&r=g","contentUrl":"https:\/\/secure.gravatar.com\/avatar\/dfd1611ed5600959a0e5a9754503b6c05d1dcf190010998e0363aee2ad98afca?s=96&d=mm&r=g","caption":"Viviana Monrroy"},"sameAs":["http:\/\/www.eldiario.net"],"url":"https:\/\/www.eldiario.net\/portal\/author\/vivianamonrroy\/"}]}},"_links":{"self":[{"href":"https:\/\/www.eldiario.net\/portal\/wp-json\/wp\/v2\/posts\/378736","targetHints":{"allow":["GET"]}}],"collection":[{"href":"https:\/\/www.eldiario.net\/portal\/wp-json\/wp\/v2\/posts"}],"about":[{"href":"https:\/\/www.eldiario.net\/portal\/wp-json\/wp\/v2\/types\/post"}],"author":[{"embeddable":true,"href":"https:\/\/www.eldiario.net\/portal\/wp-json\/wp\/v2\/users\/7"}],"replies":[{"embeddable":true,"href":"https:\/\/www.eldiario.net\/portal\/wp-json\/wp\/v2\/comments?post=378736"}],"version-history":[{"count":1,"href":"https:\/\/www.eldiario.net\/portal\/wp-json\/wp\/v2\/posts\/378736\/revisions"}],"predecessor-version":[{"id":378744,"href":"https:\/\/www.eldiario.net\/portal\/wp-json\/wp\/v2\/posts\/378736\/revisions\/378744"}],"wp:featuredmedia":[{"embeddable":true,"href":"https:\/\/www.eldiario.net\/portal\/wp-json\/wp\/v2\/media\/378745"}],"wp:attachment":[{"href":"https:\/\/www.eldiario.net\/portal\/wp-json\/wp\/v2\/media?parent=378736"}],"wp:term":[{"taxonomy":"category","embeddable":true,"href":"https:\/\/www.eldiario.net\/portal\/wp-json\/wp\/v2\/categories?post=378736"},{"taxonomy":"post_tag","embeddable":true,"href":"https:\/\/www.eldiario.net\/portal\/wp-json\/wp\/v2\/tags?post=378736"}],"curies":[{"name":"wp","href":"https:\/\/api.w.org\/{rel}","templated":true}]}}