{"id":378729,"date":"2026-03-23T14:37:17","date_gmt":"2026-03-23T18:37:17","guid":{"rendered":"https:\/\/www.eldiario.net\/portal\/?p=378729"},"modified":"2026-03-23T14:37:50","modified_gmt":"2026-03-23T18:37:50","slug":"partidos-tienen-10-dias-para-limpiar-la-paz-o-enfrentaran-multas","status":"publish","type":"post","link":"https:\/\/www.eldiario.net\/portal\/2026\/03\/23\/partidos-tienen-10-dias-para-limpiar-la-paz-o-enfrentaran-multas\/","title":{"rendered":"Partidos tienen 10 d\u00edas para limpiar La Paz o enfrentar\u00e1n multas (14:37)"},"content":{"rendered":"<p>Luego de la jornada electoral, el director de Actividades Econ\u00f3micas de la Alcald\u00eda, Am\u00e9rico Gemio, advirti\u00f3 que las organizaciones pol\u00edticas cuentan con un plazo de 10 d\u00edas para retirar toda la propaganda instalada en el municipio.<\/p>\n<p>Hasta el momento solo tres partidos cumplieron con la normativa vigente y gestionaron los permisos correspondientes.<\/p>\n<p data-path-to-node=\"2\">La Alcald\u00eda espera que, en este plazo, los candidatos movilicen a sus militantes para limpiar los espacios p\u00fablicos intervenidos. De lo contrario, se proceder\u00e1 con la aplicaci\u00f3n de multas severas.<\/p>\n<p>Gemio record\u00f3 que varias agrupaciones ya arrastran sanciones por haber instalado publicidad sin autorizaci\u00f3n previa.<\/p>\n<p data-path-to-node=\"3\">Adem\u00e1s, la municipalidad enfatiz\u00f3 la vigencia de una ordenanza que exige una solvencia municipal para futuras contiendas.<\/p>\n<p>Esto significa que cualquier partido que mantenga deudas pendientes por multas de limpieza o propaganda ilegal no podr\u00e1 presentarse en pr\u00f3ximas elecciones, quedando inhabilitado hasta que sanee sus cuentas con la ciudad.<\/p>\n","protected":false},"excerpt":{"rendered":"<p>Luego de la jornada electoral, el director de Actividades Econ\u00f3micas de la Alcald\u00eda, Am\u00e9rico Gemio, advirti\u00f3 que las organizaciones pol\u00edticas cuentan con un plazo de 10 d\u00edas para retirar toda la propaganda instalada en el municipio. Hasta el momento solo tres partidos cumplieron con la normativa vigente y gestionaron los permisos correspondientes. La Alcald\u00eda espera [&hellip;]<\/p>\n","protected":false},"author":7,"featured_media":378730,"comment_status":"closed","ping_status":"open","sticky":false,"template":"","format":"standard","meta":{"_acf_changed":false,"footnotes":""},"categories":[51],"tags":[],"class_list":["post-378729","post","type-post","status-publish","format-standard","has-post-thumbnail","category-ultima-hora"],"acf":{"antetitulo":""},"yoast_head":"<!-- This site is optimized with the Yoast SEO plugin v28.4 - https:\/\/yoast.com\/product\/yoast-seo-wordpress\/ -->\n<title>Partidos tienen 10 d\u00edas para limpiar La Paz o enfrentar\u00e1n multas (14:37) - El Diario - Bolivia<\/title>\n<meta name=\"robots\" content=\"index, follow, max-snippet:-1, max-image-preview:large, max-video-preview:-1\" \/>\n<link rel=\"canonical\" href=\"https:\/\/www.eldiario.net\/portal\/2026\/03\/23\/partidos-tienen-10-dias-para-limpiar-la-paz-o-enfrentaran-multas\/\" \/>\n<meta property=\"og:locale\" content=\"es_ES\" \/>\n<meta property=\"og:type\" content=\"article\" \/>\n<meta property=\"og:title\" content=\"Partidos tienen 10 d\u00edas para limpiar La Paz o enfrentar\u00e1n multas (14:37) - El Diario - Bolivia\" \/>\n<meta property=\"og:description\" content=\"Luego de la jornada electoral, el director de Actividades Econ\u00f3micas de la Alcald\u00eda, Am\u00e9rico Gemio, advirti\u00f3 que las organizaciones pol\u00edticas cuentan con un plazo de 10 d\u00edas para retirar toda la propaganda instalada en el municipio. Hasta el momento solo tres partidos cumplieron con la normativa vigente y gestionaron los permisos correspondientes. La Alcald\u00eda espera [&hellip;]\" \/>\n<meta property=\"og:url\" content=\"https:\/\/www.eldiario.net\/portal\/2026\/03\/23\/partidos-tienen-10-dias-para-limpiar-la-paz-o-enfrentaran-multas\/\" \/>\n<meta property=\"og:site_name\" content=\"El Diario - Bolivia\" \/>\n<meta property=\"article:publisher\" content=\"https:\/\/www.facebook.com\/eldiario.bolivia\/\" \/>\n<meta property=\"article:published_time\" content=\"2026-03-23T18:37:17+00:00\" \/>\n<meta property=\"article:modified_time\" content=\"2026-03-23T18:37:50+00:00\" \/>\n<meta property=\"og:image\" content=\"https:\/\/www.eldiario.net\/portal\/wp-content\/uploads\/2026\/03\/americo-gemio-23.03.26-copia.webp\" \/>\n\t<meta property=\"og:image:width\" content=\"500\" \/>\n\t<meta property=\"og:image:height\" content=\"671\" \/>\n\t<meta property=\"og:image:type\" content=\"image\/webp\" \/>\n<meta name=\"author\" content=\"Viviana Monrroy\" \/>\n<meta name=\"twitter:card\" content=\"summary_large_image\" \/>\n<meta name=\"twitter:creator\" content=\"@eldiario_net\" \/>\n<meta name=\"twitter:site\" content=\"@eldiario_net\" \/>\n<meta name=\"twitter:label1\" content=\"Escrito por\" \/>\n\t<meta name=\"twitter:data1\" content=\"Viviana Monrroy\" \/>\n\t<meta name=\"twitter:label2\" content=\"Tiempo de lectura\" \/>\n\t<meta name=\"twitter:data2\" content=\"1 minuto\" \/>\n<script type=\"application\/ld+json\" class=\"yoast-schema-graph\">{\"@context\":\"https:\\\/\\\/schema.org\",\"@graph\":[{\"@type\":\"Article\",\"@id\":\"https:\\\/\\\/www.eldiario.net\\\/portal\\\/2026\\\/03\\\/23\\\/partidos-tienen-10-dias-para-limpiar-la-paz-o-enfrentaran-multas\\\/#article\",\"isPartOf\":{\"@id\":\"https:\\\/\\\/www.eldiario.net\\\/portal\\\/2026\\\/03\\\/23\\\/partidos-tienen-10-dias-para-limpiar-la-paz-o-enfrentaran-multas\\\/\"},\"author\":{\"name\":\"Viviana Monrroy\",\"@id\":\"https:\\\/\\\/www.eldiario.net\\\/portal\\\/#\\\/schema\\\/person\\\/32cc89e801dfcbad3a54f91da7f2ea06\"},\"headline\":\"Partidos tienen 10 d\u00edas para limpiar La Paz o enfrentar\u00e1n multas (14:37)\",\"datePublished\":\"2026-03-23T18:37:17+00:00\",\"dateModified\":\"2026-03-23T18:37:50+00:00\",\"mainEntityOfPage\":{\"@id\":\"https:\\\/\\\/www.eldiario.net\\\/portal\\\/2026\\\/03\\\/23\\\/partidos-tienen-10-dias-para-limpiar-la-paz-o-enfrentaran-multas\\\/\"},\"wordCount\":168,\"publisher\":{\"@id\":\"https:\\\/\\\/www.eldiario.net\\\/portal\\\/#organization\"},\"image\":{\"@id\":\"https:\\\/\\\/www.eldiario.net\\\/portal\\\/2026\\\/03\\\/23\\\/partidos-tienen-10-dias-para-limpiar-la-paz-o-enfrentaran-multas\\\/#primaryimage\"},\"thumbnailUrl\":\"https:\\\/\\\/www.eldiario.net\\\/portal\\\/wp-content\\\/uploads\\\/2026\\\/03\\\/americo-gemio-23.03.26-copia.webp\",\"articleSection\":[\"\u00daltima Hora\"],\"inLanguage\":\"es\"},{\"@type\":\"WebPage\",\"@id\":\"https:\\\/\\\/www.eldiario.net\\\/portal\\\/2026\\\/03\\\/23\\\/partidos-tienen-10-dias-para-limpiar-la-paz-o-enfrentaran-multas\\\/\",\"url\":\"https:\\\/\\\/www.eldiario.net\\\/portal\\\/2026\\\/03\\\/23\\\/partidos-tienen-10-dias-para-limpiar-la-paz-o-enfrentaran-multas\\\/\",\"name\":\"Partidos tienen 10 d\u00edas para limpiar La Paz o enfrentar\u00e1n multas (14:37) - El Diario - Bolivia\",\"isPartOf\":{\"@id\":\"https:\\\/\\\/www.eldiario.net\\\/portal\\\/#website\"},\"primaryImageOfPage\":{\"@id\":\"https:\\\/\\\/www.eldiario.net\\\/portal\\\/2026\\\/03\\\/23\\\/partidos-tienen-10-dias-para-limpiar-la-paz-o-enfrentaran-multas\\\/#primaryimage\"},\"image\":{\"@id\":\"https:\\\/\\\/www.eldiario.net\\\/portal\\\/2026\\\/03\\\/23\\\/partidos-tienen-10-dias-para-limpiar-la-paz-o-enfrentaran-multas\\\/#primaryimage\"},\"thumbnailUrl\":\"https:\\\/\\\/www.eldiario.net\\\/portal\\\/wp-content\\\/uploads\\\/2026\\\/03\\\/americo-gemio-23.03.26-copia.webp\",\"datePublished\":\"2026-03-23T18:37:17+00:00\",\"dateModified\":\"2026-03-23T18:37:50+00:00\",\"breadcrumb\":{\"@id\":\"https:\\\/\\\/www.eldiario.net\\\/portal\\\/2026\\\/03\\\/23\\\/partidos-tienen-10-dias-para-limpiar-la-paz-o-enfrentaran-multas\\\/#breadcrumb\"},\"inLanguage\":\"es\",\"potentialAction\":[{\"@type\":\"ReadAction\",\"target\":[\"https:\\\/\\\/www.eldiario.net\\\/portal\\\/2026\\\/03\\\/23\\\/partidos-tienen-10-dias-para-limpiar-la-paz-o-enfrentaran-multas\\\/\"]}]},{\"@type\":\"ImageObject\",\"inLanguage\":\"es\",\"@id\":\"https:\\\/\\\/www.eldiario.net\\\/portal\\\/2026\\\/03\\\/23\\\/partidos-tienen-10-dias-para-limpiar-la-paz-o-enfrentaran-multas\\\/#primaryimage\",\"url\":\"https:\\\/\\\/www.eldiario.net\\\/portal\\\/wp-content\\\/uploads\\\/2026\\\/03\\\/americo-gemio-23.03.26-copia.webp\",\"contentUrl\":\"https:\\\/\\\/www.eldiario.net\\\/portal\\\/wp-content\\\/uploads\\\/2026\\\/03\\\/americo-gemio-23.03.26-copia.webp\",\"width\":500,\"height\":671},{\"@type\":\"BreadcrumbList\",\"@id\":\"https:\\\/\\\/www.eldiario.net\\\/portal\\\/2026\\\/03\\\/23\\\/partidos-tienen-10-dias-para-limpiar-la-paz-o-enfrentaran-multas\\\/#breadcrumb\",\"itemListElement\":[{\"@type\":\"ListItem\",\"position\":1,\"name\":\"Portada\",\"item\":\"https:\\\/\\\/www.eldiario.net\\\/portal\\\/\"},{\"@type\":\"ListItem\",\"position\":2,\"name\":\"Partidos tienen 10 d\u00edas para limpiar La Paz o enfrentar\u00e1n multas (14:37)\"}]},{\"@type\":\"WebSite\",\"@id\":\"https:\\\/\\\/www.eldiario.net\\\/portal\\\/#website\",\"url\":\"https:\\\/\\\/www.eldiario.net\\\/portal\\\/\",\"name\":\"El Diario - Decano de la prensa nacional\",\"description\":\"El Diario - Decano de la prensa nacional\",\"publisher\":{\"@id\":\"https:\\\/\\\/www.eldiario.net\\\/portal\\\/#organization\"},\"potentialAction\":[{\"@type\":\"SearchAction\",\"target\":{\"@type\":\"EntryPoint\",\"urlTemplate\":\"https:\\\/\\\/www.eldiario.net\\\/portal\\\/?s={search_term_string}\"},\"query-input\":{\"@type\":\"PropertyValueSpecification\",\"valueRequired\":true,\"valueName\":\"search_term_string\"}}],\"inLanguage\":\"es\"},{\"@type\":\"Organization\",\"@id\":\"https:\\\/\\\/www.eldiario.net\\\/portal\\\/#organization\",\"name\":\"El Diario - Decano de la prensa nacional\",\"url\":\"https:\\\/\\\/www.eldiario.net\\\/portal\\\/\",\"logo\":{\"@type\":\"ImageObject\",\"inLanguage\":\"es\",\"@id\":\"https:\\\/\\\/www.eldiario.net\\\/portal\\\/#\\\/schema\\\/logo\\\/image\\\/\",\"url\":\"https:\\\/\\\/www.eldiario.net\\\/portal\\\/wp-content\\\/uploads\\\/2023\\\/07\\\/logo_ED.jpg\",\"contentUrl\":\"https:\\\/\\\/www.eldiario.net\\\/portal\\\/wp-content\\\/uploads\\\/2023\\\/07\\\/logo_ED.jpg\",\"width\":272,\"height\":52,\"caption\":\"El Diario - Decano de la prensa nacional\"},\"image\":{\"@id\":\"https:\\\/\\\/www.eldiario.net\\\/portal\\\/#\\\/schema\\\/logo\\\/image\\\/\"},\"sameAs\":[\"https:\\\/\\\/www.facebook.com\\\/eldiario.bolivia\\\/\",\"https:\\\/\\\/x.com\\\/eldiario_net\"]},{\"@type\":\"Person\",\"@id\":\"https:\\\/\\\/www.eldiario.net\\\/portal\\\/#\\\/schema\\\/person\\\/32cc89e801dfcbad3a54f91da7f2ea06\",\"name\":\"Viviana Monrroy\",\"image\":{\"@type\":\"ImageObject\",\"inLanguage\":\"es\",\"@id\":\"https:\\\/\\\/secure.gravatar.com\\\/avatar\\\/dfd1611ed5600959a0e5a9754503b6c05d1dcf190010998e0363aee2ad98afca?s=96&d=mm&r=g\",\"url\":\"https:\\\/\\\/secure.gravatar.com\\\/avatar\\\/dfd1611ed5600959a0e5a9754503b6c05d1dcf190010998e0363aee2ad98afca?s=96&d=mm&r=g\",\"contentUrl\":\"https:\\\/\\\/secure.gravatar.com\\\/avatar\\\/dfd1611ed5600959a0e5a9754503b6c05d1dcf190010998e0363aee2ad98afca?s=96&d=mm&r=g\",\"caption\":\"Viviana Monrroy\"},\"sameAs\":[\"http:\\\/\\\/www.eldiario.net\"],\"url\":\"https:\\\/\\\/www.eldiario.net\\\/portal\\\/author\\\/vivianamonrroy\\\/\"}]}<\/script>\n<!-- \/ Yoast SEO plugin. -->","yoast_head_json":{"title":"Partidos tienen 10 d\u00edas para limpiar La Paz o enfrentar\u00e1n multas (14:37) - El Diario - Bolivia","robots":{"index":"index","follow":"follow","max-snippet":"max-snippet:-1","max-image-preview":"max-image-preview:large","max-video-preview":"max-video-preview:-1"},"canonical":"https:\/\/www.eldiario.net\/portal\/2026\/03\/23\/partidos-tienen-10-dias-para-limpiar-la-paz-o-enfrentaran-multas\/","og_locale":"es_ES","og_type":"article","og_title":"Partidos tienen 10 d\u00edas para limpiar La Paz o enfrentar\u00e1n multas (14:37) - El Diario - Bolivia","og_description":"Luego de la jornada electoral, el director de Actividades Econ\u00f3micas de la Alcald\u00eda, Am\u00e9rico Gemio, advirti\u00f3 que las organizaciones pol\u00edticas cuentan con un plazo de 10 d\u00edas para retirar toda la propaganda instalada en el municipio. Hasta el momento solo tres partidos cumplieron con la normativa vigente y gestionaron los permisos correspondientes. La Alcald\u00eda espera [&hellip;]","og_url":"https:\/\/www.eldiario.net\/portal\/2026\/03\/23\/partidos-tienen-10-dias-para-limpiar-la-paz-o-enfrentaran-multas\/","og_site_name":"El Diario - Bolivia","article_publisher":"https:\/\/www.facebook.com\/eldiario.bolivia\/","article_published_time":"2026-03-23T18:37:17+00:00","article_modified_time":"2026-03-23T18:37:50+00:00","og_image":[{"width":500,"height":671,"url":"https:\/\/www.eldiario.net\/portal\/wp-content\/uploads\/2026\/03\/americo-gemio-23.03.26-copia.webp","type":"image\/webp"}],"author":"Viviana Monrroy","twitter_card":"summary_large_image","twitter_creator":"@eldiario_net","twitter_site":"@eldiario_net","twitter_misc":{"Escrito por":"Viviana Monrroy","Tiempo de lectura":"1 minuto"},"schema":{"@context":"https:\/\/schema.org","@graph":[{"@type":"Article","@id":"https:\/\/www.eldiario.net\/portal\/2026\/03\/23\/partidos-tienen-10-dias-para-limpiar-la-paz-o-enfrentaran-multas\/#article","isPartOf":{"@id":"https:\/\/www.eldiario.net\/portal\/2026\/03\/23\/partidos-tienen-10-dias-para-limpiar-la-paz-o-enfrentaran-multas\/"},"author":{"name":"Viviana Monrroy","@id":"https:\/\/www.eldiario.net\/portal\/#\/schema\/person\/32cc89e801dfcbad3a54f91da7f2ea06"},"headline":"Partidos tienen 10 d\u00edas para limpiar La Paz o enfrentar\u00e1n multas (14:37)","datePublished":"2026-03-23T18:37:17+00:00","dateModified":"2026-03-23T18:37:50+00:00","mainEntityOfPage":{"@id":"https:\/\/www.eldiario.net\/portal\/2026\/03\/23\/partidos-tienen-10-dias-para-limpiar-la-paz-o-enfrentaran-multas\/"},"wordCount":168,"publisher":{"@id":"https:\/\/www.eldiario.net\/portal\/#organization"},"image":{"@id":"https:\/\/www.eldiario.net\/portal\/2026\/03\/23\/partidos-tienen-10-dias-para-limpiar-la-paz-o-enfrentaran-multas\/#primaryimage"},"thumbnailUrl":"https:\/\/www.eldiario.net\/portal\/wp-content\/uploads\/2026\/03\/americo-gemio-23.03.26-copia.webp","articleSection":["\u00daltima Hora"],"inLanguage":"es"},{"@type":"WebPage","@id":"https:\/\/www.eldiario.net\/portal\/2026\/03\/23\/partidos-tienen-10-dias-para-limpiar-la-paz-o-enfrentaran-multas\/","url":"https:\/\/www.eldiario.net\/portal\/2026\/03\/23\/partidos-tienen-10-dias-para-limpiar-la-paz-o-enfrentaran-multas\/","name":"Partidos tienen 10 d\u00edas para limpiar La Paz o enfrentar\u00e1n multas (14:37) - El Diario - Bolivia","isPartOf":{"@id":"https:\/\/www.eldiario.net\/portal\/#website"},"primaryImageOfPage":{"@id":"https:\/\/www.eldiario.net\/portal\/2026\/03\/23\/partidos-tienen-10-dias-para-limpiar-la-paz-o-enfrentaran-multas\/#primaryimage"},"image":{"@id":"https:\/\/www.eldiario.net\/portal\/2026\/03\/23\/partidos-tienen-10-dias-para-limpiar-la-paz-o-enfrentaran-multas\/#primaryimage"},"thumbnailUrl":"https:\/\/www.eldiario.net\/portal\/wp-content\/uploads\/2026\/03\/americo-gemio-23.03.26-copia.webp","datePublished":"2026-03-23T18:37:17+00:00","dateModified":"2026-03-23T18:37:50+00:00","breadcrumb":{"@id":"https:\/\/www.eldiario.net\/portal\/2026\/03\/23\/partidos-tienen-10-dias-para-limpiar-la-paz-o-enfrentaran-multas\/#breadcrumb"},"inLanguage":"es","potentialAction":[{"@type":"ReadAction","target":["https:\/\/www.eldiario.net\/portal\/2026\/03\/23\/partidos-tienen-10-dias-para-limpiar-la-paz-o-enfrentaran-multas\/"]}]},{"@type":"ImageObject","inLanguage":"es","@id":"https:\/\/www.eldiario.net\/portal\/2026\/03\/23\/partidos-tienen-10-dias-para-limpiar-la-paz-o-enfrentaran-multas\/#primaryimage","url":"https:\/\/www.eldiario.net\/portal\/wp-content\/uploads\/2026\/03\/americo-gemio-23.03.26-copia.webp","contentUrl":"https:\/\/www.eldiario.net\/portal\/wp-content\/uploads\/2026\/03\/americo-gemio-23.03.26-copia.webp","width":500,"height":671},{"@type":"BreadcrumbList","@id":"https:\/\/www.eldiario.net\/portal\/2026\/03\/23\/partidos-tienen-10-dias-para-limpiar-la-paz-o-enfrentaran-multas\/#breadcrumb","itemListElement":[{"@type":"ListItem","position":1,"name":"Portada","item":"https:\/\/www.eldiario.net\/portal\/"},{"@type":"ListItem","position":2,"name":"Partidos tienen 10 d\u00edas para limpiar La Paz o enfrentar\u00e1n multas (14:37)"}]},{"@type":"WebSite","@id":"https:\/\/www.eldiario.net\/portal\/#website","url":"https:\/\/www.eldiario.net\/portal\/","name":"El Diario - Decano de la prensa nacional","description":"El Diario - Decano de la prensa nacional","publisher":{"@id":"https:\/\/www.eldiario.net\/portal\/#organization"},"potentialAction":[{"@type":"SearchAction","target":{"@type":"EntryPoint","urlTemplate":"https:\/\/www.eldiario.net\/portal\/?s={search_term_string}"},"query-input":{"@type":"PropertyValueSpecification","valueRequired":true,"valueName":"search_term_string"}}],"inLanguage":"es"},{"@type":"Organization","@id":"https:\/\/www.eldiario.net\/portal\/#organization","name":"El Diario - Decano de la prensa nacional","url":"https:\/\/www.eldiario.net\/portal\/","logo":{"@type":"ImageObject","inLanguage":"es","@id":"https:\/\/www.eldiario.net\/portal\/#\/schema\/logo\/image\/","url":"https:\/\/www.eldiario.net\/portal\/wp-content\/uploads\/2023\/07\/logo_ED.jpg","contentUrl":"https:\/\/www.eldiario.net\/portal\/wp-content\/uploads\/2023\/07\/logo_ED.jpg","width":272,"height":52,"caption":"El Diario - Decano de la prensa nacional"},"image":{"@id":"https:\/\/www.eldiario.net\/portal\/#\/schema\/logo\/image\/"},"sameAs":["https:\/\/www.facebook.com\/eldiario.bolivia\/","https:\/\/x.com\/eldiario_net"]},{"@type":"Person","@id":"https:\/\/www.eldiario.net\/portal\/#\/schema\/person\/32cc89e801dfcbad3a54f91da7f2ea06","name":"Viviana Monrroy","image":{"@type":"ImageObject","inLanguage":"es","@id":"https:\/\/secure.gravatar.com\/avatar\/dfd1611ed5600959a0e5a9754503b6c05d1dcf190010998e0363aee2ad98afca?s=96&d=mm&r=g","url":"https:\/\/secure.gravatar.com\/avatar\/dfd1611ed5600959a0e5a9754503b6c05d1dcf190010998e0363aee2ad98afca?s=96&d=mm&r=g","contentUrl":"https:\/\/secure.gravatar.com\/avatar\/dfd1611ed5600959a0e5a9754503b6c05d1dcf190010998e0363aee2ad98afca?s=96&d=mm&r=g","caption":"Viviana Monrroy"},"sameAs":["http:\/\/www.eldiario.net"],"url":"https:\/\/www.eldiario.net\/portal\/author\/vivianamonrroy\/"}]}},"_links":{"self":[{"href":"https:\/\/www.eldiario.net\/portal\/wp-json\/wp\/v2\/posts\/378729","targetHints":{"allow":["GET"]}}],"collection":[{"href":"https:\/\/www.eldiario.net\/portal\/wp-json\/wp\/v2\/posts"}],"about":[{"href":"https:\/\/www.eldiario.net\/portal\/wp-json\/wp\/v2\/types\/post"}],"author":[{"embeddable":true,"href":"https:\/\/www.eldiario.net\/portal\/wp-json\/wp\/v2\/users\/7"}],"replies":[{"embeddable":true,"href":"https:\/\/www.eldiario.net\/portal\/wp-json\/wp\/v2\/comments?post=378729"}],"version-history":[{"count":2,"href":"https:\/\/www.eldiario.net\/portal\/wp-json\/wp\/v2\/posts\/378729\/revisions"}],"predecessor-version":[{"id":378732,"href":"https:\/\/www.eldiario.net\/portal\/wp-json\/wp\/v2\/posts\/378729\/revisions\/378732"}],"wp:featuredmedia":[{"embeddable":true,"href":"https:\/\/www.eldiario.net\/portal\/wp-json\/wp\/v2\/media\/378730"}],"wp:attachment":[{"href":"https:\/\/www.eldiario.net\/portal\/wp-json\/wp\/v2\/media?parent=378729"}],"wp:term":[{"taxonomy":"category","embeddable":true,"href":"https:\/\/www.eldiario.net\/portal\/wp-json\/wp\/v2\/categories?post=378729"},{"taxonomy":"post_tag","embeddable":true,"href":"https:\/\/www.eldiario.net\/portal\/wp-json\/wp\/v2\/tags?post=378729"}],"curies":[{"name":"wp","href":"https:\/\/api.w.org\/{rel}","templated":true}]}}