{"id":378466,"date":"2026-03-23T02:00:38","date_gmt":"2026-03-23T06:00:38","guid":{"rendered":"https:\/\/www.eldiario.net\/portal\/?p=378466"},"modified":"2026-03-23T02:00:38","modified_gmt":"2026-03-23T06:00:38","slug":"seedance-2-0-el-lanzamiento-global-se-detiene-por-problemas-legales","status":"publish","type":"post","link":"https:\/\/www.eldiario.net\/portal\/2026\/03\/23\/seedance-2-0-el-lanzamiento-global-se-detiene-por-problemas-legales\/","title":{"rendered":"Seedance 2.0: el lanzamiento global se detiene por problemas legales"},"content":{"rendered":"<p>Los v\u00eddeos hiperrealistas con Tom Cruise peleando en azoteas o Doraemon enfrent\u00e1ndose a Son Goku tendr\u00e1n que esperar. La matriz de TikTok, <strong>ByteDance<\/strong>, ha decidido suspender el lanzamiento mundial de <strong>Seedance 2.0<\/strong>, su nueva IA de generaci\u00f3n de v\u00eddeo, previsto para mediados de marzo.<\/p>\n<p><strong>De la viralidad al conflicto legal<\/strong><\/p>\n<p>En febrero, las primeras pruebas de Seedance 2.0 se propagaron con rapidez en redes sociales. La calidad de los v\u00eddeos sorprendi\u00f3: escenas indistinguibles de una producci\u00f3n profesional que mostraban personajes y celebridades en situaciones ficticias. El entusiasmo inicial se convirti\u00f3 en un fen\u00f3meno viral.<\/p>\n<p>Sin embargo, esa misma viralidad encendi\u00f3 las alarmas en la industria del entretenimiento. Grandes estudios como <strong>Disney<\/strong> y <strong>Paramount<\/strong> enviaron cartas de \u201ccese y desistimiento\u201d a ByteDance, alegando que la herramienta vulneraba la propiedad intelectual de sus personajes y contenidos.<\/p>\n<p><strong>La presi\u00f3n de Hollywood<\/strong><\/p>\n<p>Organizaciones como la <strong>Motion Picture Association (MPA)<\/strong> publicaron comunicados contundentes: \u201cByteDance est\u00e1 infringiendo la legislaci\u00f3n vigente sobre derechos de autor, que protege a los creadores y millones de empleos en Estados Unidos. Debe cesar de inmediato su actividad infractora\u201d.<\/p>\n<p><strong>Un lanzamiento en pausa<\/strong><\/p>\n<p>Ante la presi\u00f3n legal, ByteDance ha replanteado sus planes. Seg\u00fan Reuters, la compa\u00f1\u00eda ha suspendido la salida global de Seedance 2.0 y no ha fijado nueva fecha. El objetivo ahora es que su equipo legal analice las reclamaciones y que los ingenieros desarrollen mecanismos de seguridad que eviten futuras infracciones de propiedad intelectual.<\/p>\n<p>El futuro de Seedance 2.0 depender\u00e1 de c\u00f3mo logre equilibrar la innovaci\u00f3n tecnol\u00f3gica con el respeto a los derechos de autor. Por ahora, el esperado despliegue mundial queda en suspenso.<\/p>\n","protected":false},"excerpt":{"rendered":"<p>Los v\u00eddeos hiperrealistas con Tom Cruise peleando en azoteas o Doraemon enfrent\u00e1ndose a Son Goku tendr\u00e1n que esperar. La matriz de TikTok, ByteDance, ha decidido suspender el lanzamiento mundial de Seedance 2.0, su nueva IA de generaci\u00f3n de v\u00eddeo, previsto para mediados de marzo. De la viralidad al conflicto legal En febrero, las primeras pruebas [&hellip;]<\/p>\n","protected":false},"author":1,"featured_media":378467,"comment_status":"closed","ping_status":"open","sticky":false,"template":"","format":"standard","meta":{"_acf_changed":false,"footnotes":""},"categories":[46],"tags":[],"class_list":["post-378466","post","type-post","status-publish","format-standard","has-post-thumbnail","category-ciencia-computacion"],"acf":{"antetitulo":""},"yoast_head":"<!-- This site is optimized with the Yoast SEO plugin v28.4 - https:\/\/yoast.com\/product\/yoast-seo-wordpress\/ -->\n<title>Seedance 2.0: el lanzamiento global se detiene por problemas legales - El Diario - Bolivia<\/title>\n<meta name=\"robots\" content=\"index, follow, max-snippet:-1, max-image-preview:large, max-video-preview:-1\" \/>\n<link rel=\"canonical\" href=\"https:\/\/www.eldiario.net\/portal\/2026\/03\/23\/seedance-2-0-el-lanzamiento-global-se-detiene-por-problemas-legales\/\" \/>\n<meta property=\"og:locale\" content=\"es_ES\" \/>\n<meta property=\"og:type\" content=\"article\" \/>\n<meta property=\"og:title\" content=\"Seedance 2.0: el lanzamiento global se detiene por problemas legales - El Diario - Bolivia\" \/>\n<meta property=\"og:description\" content=\"Los v\u00eddeos hiperrealistas con Tom Cruise peleando en azoteas o Doraemon enfrent\u00e1ndose a Son Goku tendr\u00e1n que esperar. La matriz de TikTok, ByteDance, ha decidido suspender el lanzamiento mundial de Seedance 2.0, su nueva IA de generaci\u00f3n de v\u00eddeo, previsto para mediados de marzo. De la viralidad al conflicto legal En febrero, las primeras pruebas [&hellip;]\" \/>\n<meta property=\"og:url\" content=\"https:\/\/www.eldiario.net\/portal\/2026\/03\/23\/seedance-2-0-el-lanzamiento-global-se-detiene-por-problemas-legales\/\" \/>\n<meta property=\"og:site_name\" content=\"El Diario - Bolivia\" \/>\n<meta property=\"article:publisher\" content=\"https:\/\/www.facebook.com\/eldiario.bolivia\/\" \/>\n<meta property=\"article:published_time\" content=\"2026-03-23T06:00:38+00:00\" \/>\n<meta property=\"og:image\" content=\"https:\/\/www.eldiario.net\/portal\/wp-content\/uploads\/2026\/03\/8-A-1-2.webp\" \/>\n\t<meta property=\"og:image:width\" content=\"838\" \/>\n\t<meta property=\"og:image:height\" content=\"446\" \/>\n\t<meta property=\"og:image:type\" content=\"image\/webp\" \/>\n<meta name=\"author\" content=\"Jeanette\" \/>\n<meta name=\"twitter:card\" content=\"summary_large_image\" \/>\n<meta name=\"twitter:creator\" content=\"@eldiario_net\" \/>\n<meta name=\"twitter:site\" content=\"@eldiario_net\" \/>\n<meta name=\"twitter:label1\" content=\"Escrito por\" \/>\n\t<meta name=\"twitter:data1\" content=\"Jeanette\" \/>\n\t<meta name=\"twitter:label2\" content=\"Tiempo de lectura\" \/>\n\t<meta name=\"twitter:data2\" content=\"2 minutos\" \/>\n<script type=\"application\/ld+json\" class=\"yoast-schema-graph\">{\"@context\":\"https:\\\/\\\/schema.org\",\"@graph\":[{\"@type\":\"Article\",\"@id\":\"https:\\\/\\\/www.eldiario.net\\\/portal\\\/2026\\\/03\\\/23\\\/seedance-2-0-el-lanzamiento-global-se-detiene-por-problemas-legales\\\/#article\",\"isPartOf\":{\"@id\":\"https:\\\/\\\/www.eldiario.net\\\/portal\\\/2026\\\/03\\\/23\\\/seedance-2-0-el-lanzamiento-global-se-detiene-por-problemas-legales\\\/\"},\"author\":{\"name\":\"Jeanette\",\"@id\":\"https:\\\/\\\/www.eldiario.net\\\/portal\\\/#\\\/schema\\\/person\\\/2c57cf2b7a7ae032e449e4c9b1019eac\"},\"headline\":\"Seedance 2.0: el lanzamiento global se detiene por problemas legales\",\"datePublished\":\"2026-03-23T06:00:38+00:00\",\"mainEntityOfPage\":{\"@id\":\"https:\\\/\\\/www.eldiario.net\\\/portal\\\/2026\\\/03\\\/23\\\/seedance-2-0-el-lanzamiento-global-se-detiene-por-problemas-legales\\\/\"},\"wordCount\":285,\"publisher\":{\"@id\":\"https:\\\/\\\/www.eldiario.net\\\/portal\\\/#organization\"},\"image\":{\"@id\":\"https:\\\/\\\/www.eldiario.net\\\/portal\\\/2026\\\/03\\\/23\\\/seedance-2-0-el-lanzamiento-global-se-detiene-por-problemas-legales\\\/#primaryimage\"},\"thumbnailUrl\":\"https:\\\/\\\/www.eldiario.net\\\/portal\\\/wp-content\\\/uploads\\\/2026\\\/03\\\/8-A-1-2.webp\",\"articleSection\":[\"Ciencia y Computaci\u00f3n\"],\"inLanguage\":\"es\"},{\"@type\":\"WebPage\",\"@id\":\"https:\\\/\\\/www.eldiario.net\\\/portal\\\/2026\\\/03\\\/23\\\/seedance-2-0-el-lanzamiento-global-se-detiene-por-problemas-legales\\\/\",\"url\":\"https:\\\/\\\/www.eldiario.net\\\/portal\\\/2026\\\/03\\\/23\\\/seedance-2-0-el-lanzamiento-global-se-detiene-por-problemas-legales\\\/\",\"name\":\"Seedance 2.0: el lanzamiento global se detiene por problemas legales - El Diario - Bolivia\",\"isPartOf\":{\"@id\":\"https:\\\/\\\/www.eldiario.net\\\/portal\\\/#website\"},\"primaryImageOfPage\":{\"@id\":\"https:\\\/\\\/www.eldiario.net\\\/portal\\\/2026\\\/03\\\/23\\\/seedance-2-0-el-lanzamiento-global-se-detiene-por-problemas-legales\\\/#primaryimage\"},\"image\":{\"@id\":\"https:\\\/\\\/www.eldiario.net\\\/portal\\\/2026\\\/03\\\/23\\\/seedance-2-0-el-lanzamiento-global-se-detiene-por-problemas-legales\\\/#primaryimage\"},\"thumbnailUrl\":\"https:\\\/\\\/www.eldiario.net\\\/portal\\\/wp-content\\\/uploads\\\/2026\\\/03\\\/8-A-1-2.webp\",\"datePublished\":\"2026-03-23T06:00:38+00:00\",\"breadcrumb\":{\"@id\":\"https:\\\/\\\/www.eldiario.net\\\/portal\\\/2026\\\/03\\\/23\\\/seedance-2-0-el-lanzamiento-global-se-detiene-por-problemas-legales\\\/#breadcrumb\"},\"inLanguage\":\"es\",\"potentialAction\":[{\"@type\":\"ReadAction\",\"target\":[\"https:\\\/\\\/www.eldiario.net\\\/portal\\\/2026\\\/03\\\/23\\\/seedance-2-0-el-lanzamiento-global-se-detiene-por-problemas-legales\\\/\"]}]},{\"@type\":\"ImageObject\",\"inLanguage\":\"es\",\"@id\":\"https:\\\/\\\/www.eldiario.net\\\/portal\\\/2026\\\/03\\\/23\\\/seedance-2-0-el-lanzamiento-global-se-detiene-por-problemas-legales\\\/#primaryimage\",\"url\":\"https:\\\/\\\/www.eldiario.net\\\/portal\\\/wp-content\\\/uploads\\\/2026\\\/03\\\/8-A-1-2.webp\",\"contentUrl\":\"https:\\\/\\\/www.eldiario.net\\\/portal\\\/wp-content\\\/uploads\\\/2026\\\/03\\\/8-A-1-2.webp\",\"width\":838,\"height\":446},{\"@type\":\"BreadcrumbList\",\"@id\":\"https:\\\/\\\/www.eldiario.net\\\/portal\\\/2026\\\/03\\\/23\\\/seedance-2-0-el-lanzamiento-global-se-detiene-por-problemas-legales\\\/#breadcrumb\",\"itemListElement\":[{\"@type\":\"ListItem\",\"position\":1,\"name\":\"Portada\",\"item\":\"https:\\\/\\\/www.eldiario.net\\\/portal\\\/\"},{\"@type\":\"ListItem\",\"position\":2,\"name\":\"Seedance 2.0: el lanzamiento global se detiene por problemas legales\"}]},{\"@type\":\"WebSite\",\"@id\":\"https:\\\/\\\/www.eldiario.net\\\/portal\\\/#website\",\"url\":\"https:\\\/\\\/www.eldiario.net\\\/portal\\\/\",\"name\":\"El Diario - Decano de la prensa nacional\",\"description\":\"El Diario - Decano de la prensa nacional\",\"publisher\":{\"@id\":\"https:\\\/\\\/www.eldiario.net\\\/portal\\\/#organization\"},\"potentialAction\":[{\"@type\":\"SearchAction\",\"target\":{\"@type\":\"EntryPoint\",\"urlTemplate\":\"https:\\\/\\\/www.eldiario.net\\\/portal\\\/?s={search_term_string}\"},\"query-input\":{\"@type\":\"PropertyValueSpecification\",\"valueRequired\":true,\"valueName\":\"search_term_string\"}}],\"inLanguage\":\"es\"},{\"@type\":\"Organization\",\"@id\":\"https:\\\/\\\/www.eldiario.net\\\/portal\\\/#organization\",\"name\":\"El Diario - Decano de la prensa nacional\",\"url\":\"https:\\\/\\\/www.eldiario.net\\\/portal\\\/\",\"logo\":{\"@type\":\"ImageObject\",\"inLanguage\":\"es\",\"@id\":\"https:\\\/\\\/www.eldiario.net\\\/portal\\\/#\\\/schema\\\/logo\\\/image\\\/\",\"url\":\"https:\\\/\\\/www.eldiario.net\\\/portal\\\/wp-content\\\/uploads\\\/2023\\\/07\\\/logo_ED.jpg\",\"contentUrl\":\"https:\\\/\\\/www.eldiario.net\\\/portal\\\/wp-content\\\/uploads\\\/2023\\\/07\\\/logo_ED.jpg\",\"width\":272,\"height\":52,\"caption\":\"El Diario - Decano de la prensa nacional\"},\"image\":{\"@id\":\"https:\\\/\\\/www.eldiario.net\\\/portal\\\/#\\\/schema\\\/logo\\\/image\\\/\"},\"sameAs\":[\"https:\\\/\\\/www.facebook.com\\\/eldiario.bolivia\\\/\",\"https:\\\/\\\/x.com\\\/eldiario_net\"]},{\"@type\":\"Person\",\"@id\":\"https:\\\/\\\/www.eldiario.net\\\/portal\\\/#\\\/schema\\\/person\\\/2c57cf2b7a7ae032e449e4c9b1019eac\",\"name\":\"Jeanette\",\"image\":{\"@type\":\"ImageObject\",\"inLanguage\":\"es\",\"@id\":\"https:\\\/\\\/secure.gravatar.com\\\/avatar\\\/3ea2118a5f7dad2b7138b1187a6b7ee55f160b9968b66013c3a3ef39dd7e5798?s=96&d=mm&r=g\",\"url\":\"https:\\\/\\\/secure.gravatar.com\\\/avatar\\\/3ea2118a5f7dad2b7138b1187a6b7ee55f160b9968b66013c3a3ef39dd7e5798?s=96&d=mm&r=g\",\"contentUrl\":\"https:\\\/\\\/secure.gravatar.com\\\/avatar\\\/3ea2118a5f7dad2b7138b1187a6b7ee55f160b9968b66013c3a3ef39dd7e5798?s=96&d=mm&r=g\",\"caption\":\"Jeanette\"},\"sameAs\":[\"https:\\\/\\\/www.eldiario.net\\\/portal\"],\"url\":\"https:\\\/\\\/www.eldiario.net\\\/portal\\\/author\\\/jeanette\\\/\"}]}<\/script>\n<!-- \/ Yoast SEO plugin. -->","yoast_head_json":{"title":"Seedance 2.0: el lanzamiento global se detiene por problemas legales - El Diario - Bolivia","robots":{"index":"index","follow":"follow","max-snippet":"max-snippet:-1","max-image-preview":"max-image-preview:large","max-video-preview":"max-video-preview:-1"},"canonical":"https:\/\/www.eldiario.net\/portal\/2026\/03\/23\/seedance-2-0-el-lanzamiento-global-se-detiene-por-problemas-legales\/","og_locale":"es_ES","og_type":"article","og_title":"Seedance 2.0: el lanzamiento global se detiene por problemas legales - El Diario - Bolivia","og_description":"Los v\u00eddeos hiperrealistas con Tom Cruise peleando en azoteas o Doraemon enfrent\u00e1ndose a Son Goku tendr\u00e1n que esperar. La matriz de TikTok, ByteDance, ha decidido suspender el lanzamiento mundial de Seedance 2.0, su nueva IA de generaci\u00f3n de v\u00eddeo, previsto para mediados de marzo. De la viralidad al conflicto legal En febrero, las primeras pruebas [&hellip;]","og_url":"https:\/\/www.eldiario.net\/portal\/2026\/03\/23\/seedance-2-0-el-lanzamiento-global-se-detiene-por-problemas-legales\/","og_site_name":"El Diario - Bolivia","article_publisher":"https:\/\/www.facebook.com\/eldiario.bolivia\/","article_published_time":"2026-03-23T06:00:38+00:00","og_image":[{"width":838,"height":446,"url":"https:\/\/www.eldiario.net\/portal\/wp-content\/uploads\/2026\/03\/8-A-1-2.webp","type":"image\/webp"}],"author":"Jeanette","twitter_card":"summary_large_image","twitter_creator":"@eldiario_net","twitter_site":"@eldiario_net","twitter_misc":{"Escrito por":"Jeanette","Tiempo de lectura":"2 minutos"},"schema":{"@context":"https:\/\/schema.org","@graph":[{"@type":"Article","@id":"https:\/\/www.eldiario.net\/portal\/2026\/03\/23\/seedance-2-0-el-lanzamiento-global-se-detiene-por-problemas-legales\/#article","isPartOf":{"@id":"https:\/\/www.eldiario.net\/portal\/2026\/03\/23\/seedance-2-0-el-lanzamiento-global-se-detiene-por-problemas-legales\/"},"author":{"name":"Jeanette","@id":"https:\/\/www.eldiario.net\/portal\/#\/schema\/person\/2c57cf2b7a7ae032e449e4c9b1019eac"},"headline":"Seedance 2.0: el lanzamiento global se detiene por problemas legales","datePublished":"2026-03-23T06:00:38+00:00","mainEntityOfPage":{"@id":"https:\/\/www.eldiario.net\/portal\/2026\/03\/23\/seedance-2-0-el-lanzamiento-global-se-detiene-por-problemas-legales\/"},"wordCount":285,"publisher":{"@id":"https:\/\/www.eldiario.net\/portal\/#organization"},"image":{"@id":"https:\/\/www.eldiario.net\/portal\/2026\/03\/23\/seedance-2-0-el-lanzamiento-global-se-detiene-por-problemas-legales\/#primaryimage"},"thumbnailUrl":"https:\/\/www.eldiario.net\/portal\/wp-content\/uploads\/2026\/03\/8-A-1-2.webp","articleSection":["Ciencia y Computaci\u00f3n"],"inLanguage":"es"},{"@type":"WebPage","@id":"https:\/\/www.eldiario.net\/portal\/2026\/03\/23\/seedance-2-0-el-lanzamiento-global-se-detiene-por-problemas-legales\/","url":"https:\/\/www.eldiario.net\/portal\/2026\/03\/23\/seedance-2-0-el-lanzamiento-global-se-detiene-por-problemas-legales\/","name":"Seedance 2.0: el lanzamiento global se detiene por problemas legales - El Diario - Bolivia","isPartOf":{"@id":"https:\/\/www.eldiario.net\/portal\/#website"},"primaryImageOfPage":{"@id":"https:\/\/www.eldiario.net\/portal\/2026\/03\/23\/seedance-2-0-el-lanzamiento-global-se-detiene-por-problemas-legales\/#primaryimage"},"image":{"@id":"https:\/\/www.eldiario.net\/portal\/2026\/03\/23\/seedance-2-0-el-lanzamiento-global-se-detiene-por-problemas-legales\/#primaryimage"},"thumbnailUrl":"https:\/\/www.eldiario.net\/portal\/wp-content\/uploads\/2026\/03\/8-A-1-2.webp","datePublished":"2026-03-23T06:00:38+00:00","breadcrumb":{"@id":"https:\/\/www.eldiario.net\/portal\/2026\/03\/23\/seedance-2-0-el-lanzamiento-global-se-detiene-por-problemas-legales\/#breadcrumb"},"inLanguage":"es","potentialAction":[{"@type":"ReadAction","target":["https:\/\/www.eldiario.net\/portal\/2026\/03\/23\/seedance-2-0-el-lanzamiento-global-se-detiene-por-problemas-legales\/"]}]},{"@type":"ImageObject","inLanguage":"es","@id":"https:\/\/www.eldiario.net\/portal\/2026\/03\/23\/seedance-2-0-el-lanzamiento-global-se-detiene-por-problemas-legales\/#primaryimage","url":"https:\/\/www.eldiario.net\/portal\/wp-content\/uploads\/2026\/03\/8-A-1-2.webp","contentUrl":"https:\/\/www.eldiario.net\/portal\/wp-content\/uploads\/2026\/03\/8-A-1-2.webp","width":838,"height":446},{"@type":"BreadcrumbList","@id":"https:\/\/www.eldiario.net\/portal\/2026\/03\/23\/seedance-2-0-el-lanzamiento-global-se-detiene-por-problemas-legales\/#breadcrumb","itemListElement":[{"@type":"ListItem","position":1,"name":"Portada","item":"https:\/\/www.eldiario.net\/portal\/"},{"@type":"ListItem","position":2,"name":"Seedance 2.0: el lanzamiento global se detiene por problemas legales"}]},{"@type":"WebSite","@id":"https:\/\/www.eldiario.net\/portal\/#website","url":"https:\/\/www.eldiario.net\/portal\/","name":"El Diario - Decano de la prensa nacional","description":"El Diario - Decano de la prensa nacional","publisher":{"@id":"https:\/\/www.eldiario.net\/portal\/#organization"},"potentialAction":[{"@type":"SearchAction","target":{"@type":"EntryPoint","urlTemplate":"https:\/\/www.eldiario.net\/portal\/?s={search_term_string}"},"query-input":{"@type":"PropertyValueSpecification","valueRequired":true,"valueName":"search_term_string"}}],"inLanguage":"es"},{"@type":"Organization","@id":"https:\/\/www.eldiario.net\/portal\/#organization","name":"El Diario - Decano de la prensa nacional","url":"https:\/\/www.eldiario.net\/portal\/","logo":{"@type":"ImageObject","inLanguage":"es","@id":"https:\/\/www.eldiario.net\/portal\/#\/schema\/logo\/image\/","url":"https:\/\/www.eldiario.net\/portal\/wp-content\/uploads\/2023\/07\/logo_ED.jpg","contentUrl":"https:\/\/www.eldiario.net\/portal\/wp-content\/uploads\/2023\/07\/logo_ED.jpg","width":272,"height":52,"caption":"El Diario - Decano de la prensa nacional"},"image":{"@id":"https:\/\/www.eldiario.net\/portal\/#\/schema\/logo\/image\/"},"sameAs":["https:\/\/www.facebook.com\/eldiario.bolivia\/","https:\/\/x.com\/eldiario_net"]},{"@type":"Person","@id":"https:\/\/www.eldiario.net\/portal\/#\/schema\/person\/2c57cf2b7a7ae032e449e4c9b1019eac","name":"Jeanette","image":{"@type":"ImageObject","inLanguage":"es","@id":"https:\/\/secure.gravatar.com\/avatar\/3ea2118a5f7dad2b7138b1187a6b7ee55f160b9968b66013c3a3ef39dd7e5798?s=96&d=mm&r=g","url":"https:\/\/secure.gravatar.com\/avatar\/3ea2118a5f7dad2b7138b1187a6b7ee55f160b9968b66013c3a3ef39dd7e5798?s=96&d=mm&r=g","contentUrl":"https:\/\/secure.gravatar.com\/avatar\/3ea2118a5f7dad2b7138b1187a6b7ee55f160b9968b66013c3a3ef39dd7e5798?s=96&d=mm&r=g","caption":"Jeanette"},"sameAs":["https:\/\/www.eldiario.net\/portal"],"url":"https:\/\/www.eldiario.net\/portal\/author\/jeanette\/"}]}},"_links":{"self":[{"href":"https:\/\/www.eldiario.net\/portal\/wp-json\/wp\/v2\/posts\/378466","targetHints":{"allow":["GET"]}}],"collection":[{"href":"https:\/\/www.eldiario.net\/portal\/wp-json\/wp\/v2\/posts"}],"about":[{"href":"https:\/\/www.eldiario.net\/portal\/wp-json\/wp\/v2\/types\/post"}],"author":[{"embeddable":true,"href":"https:\/\/www.eldiario.net\/portal\/wp-json\/wp\/v2\/users\/1"}],"replies":[{"embeddable":true,"href":"https:\/\/www.eldiario.net\/portal\/wp-json\/wp\/v2\/comments?post=378466"}],"version-history":[{"count":1,"href":"https:\/\/www.eldiario.net\/portal\/wp-json\/wp\/v2\/posts\/378466\/revisions"}],"predecessor-version":[{"id":378468,"href":"https:\/\/www.eldiario.net\/portal\/wp-json\/wp\/v2\/posts\/378466\/revisions\/378468"}],"wp:featuredmedia":[{"embeddable":true,"href":"https:\/\/www.eldiario.net\/portal\/wp-json\/wp\/v2\/media\/378467"}],"wp:attachment":[{"href":"https:\/\/www.eldiario.net\/portal\/wp-json\/wp\/v2\/media?parent=378466"}],"wp:term":[{"taxonomy":"category","embeddable":true,"href":"https:\/\/www.eldiario.net\/portal\/wp-json\/wp\/v2\/categories?post=378466"},{"taxonomy":"post_tag","embeddable":true,"href":"https:\/\/www.eldiario.net\/portal\/wp-json\/wp\/v2\/tags?post=378466"}],"curies":[{"name":"wp","href":"https:\/\/api.w.org\/{rel}","templated":true}]}}