{"id":378446,"date":"2026-03-22T06:20:48","date_gmt":"2026-03-22T10:20:48","guid":{"rendered":"https:\/\/www.eldiario.net\/portal\/?p=378446"},"modified":"2026-03-22T06:20:48","modified_gmt":"2026-03-22T10:20:48","slug":"la-verde-deja-la-capilla-con-las-maletas-llenas-esperanza","status":"publish","type":"post","link":"https:\/\/www.eldiario.net\/portal\/2026\/03\/22\/la-verde-deja-la-capilla-con-las-maletas-llenas-esperanza\/","title":{"rendered":"LA VERDE DEJA &#8216;LA CAPILLA&#8217;  CON  LAS MALETAS LLENAS  ESPERANZA"},"content":{"rendered":"<p>Hoy ser\u00e1 el \u00faltimo d\u00eda en que la Selecci\u00f3n Boliviana de F\u00fatbol se hospede, en concentraci\u00f3n cerrada, en el Complejo \u00abLa Capilla\u00bb, a 57 km. de Monterrey; para esperar en un c\u00e9ntrico hotel de la ciudad, el partido frente a Surinam del pr\u00f3ximo jueves 26, desde las 18:00 (HB).<br \/>\nDespu\u00e9s de seis d\u00edas de trabajo intenso y reservado, una de las principales caracter\u00edsticas de la labor dirigida por el estratega \u00d3scar Villegas, fue la tarea en aspectos f\u00edsicos y t\u00e1cticos.<br \/>\nSi bien, durante toda la anterior semana los entrenamientos contaron con 23 de los 29 convocados, con el anuncio del arribo de Miguel Terceros (proveniente del Santos de Brasil), el cuerpo t\u00e9cnico \u00abrespira tranquilo\u00bb y desde ayer, ya se alinearon temas t\u00e9cnicos para la conformaci\u00f3n del onceno titular que saltar\u00e1 al gramado de BBVA en el cotejo definitorio.<br \/>\nDurante un reciente acercamiento a los medios de comunicaci\u00f3n, el extremo derecho, Fernando Nava expres\u00f3: \u201cTodos estamos muy tranquilos. Estamos haciendo las cosas de la mejor manera en los entrenamientos. La semana pas\u00f3 bastante r\u00e1pido, pero estamos enfocados en el d\u00eda a d\u00eda para llegar de la mejor manera al partido\u201d, \u201cEl momento se construye con el trabajo. Hay que demostrar siempre las capacidades en los partidos y entrenamientos, y seguir mejorando\u201d, dijo.<br \/>\nPor su parte el joven zaguero Lucas Macazaga destac\u00f3 la utilidad de la concentraci\u00f3n cerrada y remarc\u00f3: \u00abSobre todo se est\u00e1 haciendo hincapi\u00e9 en disfrutar el momento, que es algo \u00fanico. Estamos apartados, pasando tiempo juntos, y eso nos ayuda a estar unidos\u201d.<br \/>\nEn tanto, en la v\u00edspera, tras su integraci\u00f3n al grupo, el goleador Miguel Terceros sustuvo conversaciones con el cuerpo t\u00e9cnico y con sus compa\u00f1eros, perfilando su calidad de l\u00edder del equipo, adem\u00e1s de constituirse en un seguro titular para el duelo frente a Surinam.<br \/>\nPara ma\u00f1ana se ha planificado el traslado de la delegaci\u00f3n hasta el centro de Monterrey, a un conocido hotel, donde se esperar\u00e1 el cotejo para afinar los detalles \u00faltimos.<br \/>\nAunque hasta ayer el equipo titular que presentar\u00e1 Villegas frente a Surinam era una inc\u00f3gnita, lo m\u00e1s probable es que Lampe vaya bajo los tres palos, con una defensa conformada por Medina, Haqu\u00edn, Morales y Fern\u00e1ndez; el tridente creativo del mediocampo estar\u00eda constitu\u00eddo por Cu\u00e9llar, Robson y Miguelito; mientras que m\u00e1s adelantado quedar\u00eda Ramiro Vaca, para coadyuvar en la responsabilidad final que tendr\u00e1 Godoy en la ofensiva.<br \/>\nLa banca de suplentes estar\u00eda muy bien nutrida con valores no menos importantes que los mencionados como probable onceno de inicio.<\/p>\n","protected":false},"excerpt":{"rendered":"<p>Hoy ser\u00e1 el \u00faltimo d\u00eda en que la Selecci\u00f3n Boliviana de F\u00fatbol se hospede, en concentraci\u00f3n cerrada, en el Complejo \u00abLa Capilla\u00bb, a 57 km. de Monterrey; para esperar en un c\u00e9ntrico hotel de la ciudad, el partido frente a Surinam del pr\u00f3ximo jueves 26, desde las 18:00 (HB). Despu\u00e9s de seis d\u00edas de trabajo [&hellip;]<\/p>\n","protected":false},"author":2,"featured_media":378435,"comment_status":"closed","ping_status":"open","sticky":false,"template":"","format":"standard","meta":{"_acf_changed":false,"footnotes":""},"categories":[6],"tags":[],"class_list":["post-378446","post","type-post","status-publish","format-standard","has-post-thumbnail","category-deportes"],"acf":{"antetitulo":""},"yoast_head":"<!-- This site is optimized with the Yoast SEO plugin v28.4 - https:\/\/yoast.com\/product\/yoast-seo-wordpress\/ -->\n<title>LA VERDE DEJA &#039;LA CAPILLA&#039; CON LAS MALETAS LLENAS ESPERANZA - El Diario - Bolivia<\/title>\n<meta name=\"robots\" content=\"index, follow, max-snippet:-1, max-image-preview:large, max-video-preview:-1\" \/>\n<link rel=\"canonical\" href=\"https:\/\/www.eldiario.net\/portal\/2026\/03\/22\/la-verde-deja-la-capilla-con-las-maletas-llenas-esperanza\/\" \/>\n<meta property=\"og:locale\" content=\"es_ES\" \/>\n<meta property=\"og:type\" content=\"article\" \/>\n<meta property=\"og:title\" content=\"LA VERDE DEJA &#039;LA CAPILLA&#039; CON LAS MALETAS LLENAS ESPERANZA - El Diario - Bolivia\" \/>\n<meta property=\"og:description\" content=\"Hoy ser\u00e1 el \u00faltimo d\u00eda en que la Selecci\u00f3n Boliviana de F\u00fatbol se hospede, en concentraci\u00f3n cerrada, en el Complejo \u00abLa Capilla\u00bb, a 57 km. de Monterrey; para esperar en un c\u00e9ntrico hotel de la ciudad, el partido frente a Surinam del pr\u00f3ximo jueves 26, desde las 18:00 (HB). Despu\u00e9s de seis d\u00edas de trabajo [&hellip;]\" \/>\n<meta property=\"og:url\" content=\"https:\/\/www.eldiario.net\/portal\/2026\/03\/22\/la-verde-deja-la-capilla-con-las-maletas-llenas-esperanza\/\" \/>\n<meta property=\"og:site_name\" content=\"El Diario - Bolivia\" \/>\n<meta property=\"article:publisher\" content=\"https:\/\/www.facebook.com\/eldiario.bolivia\/\" \/>\n<meta property=\"article:published_time\" content=\"2026-03-22T10:20:48+00:00\" \/>\n<meta property=\"og:image\" content=\"https:\/\/www.eldiario.net\/portal\/wp-content\/uploads\/2026\/03\/FOTO-70-copia.webp\" \/>\n\t<meta property=\"og:image:width\" content=\"950\" \/>\n\t<meta property=\"og:image:height\" content=\"724\" \/>\n\t<meta property=\"og:image:type\" content=\"image\/webp\" \/>\n<meta name=\"author\" content=\"luis Camacho\" \/>\n<meta name=\"twitter:card\" content=\"summary_large_image\" \/>\n<meta name=\"twitter:creator\" content=\"@eldiario_net\" \/>\n<meta name=\"twitter:site\" content=\"@eldiario_net\" \/>\n<meta name=\"twitter:label1\" content=\"Escrito por\" \/>\n\t<meta name=\"twitter:data1\" content=\"luis Camacho\" \/>\n\t<meta name=\"twitter:label2\" content=\"Tiempo de lectura\" \/>\n\t<meta name=\"twitter:data2\" content=\"3 minutos\" \/>\n<script type=\"application\/ld+json\" class=\"yoast-schema-graph\">{\"@context\":\"https:\\\/\\\/schema.org\",\"@graph\":[{\"@type\":\"Article\",\"@id\":\"https:\\\/\\\/www.eldiario.net\\\/portal\\\/2026\\\/03\\\/22\\\/la-verde-deja-la-capilla-con-las-maletas-llenas-esperanza\\\/#article\",\"isPartOf\":{\"@id\":\"https:\\\/\\\/www.eldiario.net\\\/portal\\\/2026\\\/03\\\/22\\\/la-verde-deja-la-capilla-con-las-maletas-llenas-esperanza\\\/\"},\"author\":{\"name\":\"luis Camacho\",\"@id\":\"https:\\\/\\\/www.eldiario.net\\\/portal\\\/#\\\/schema\\\/person\\\/c1a5d38e458b10c8ebd62f4189b82bbc\"},\"headline\":\"LA VERDE DEJA &#8216;LA CAPILLA&#8217; CON LAS MALETAS LLENAS ESPERANZA\",\"datePublished\":\"2026-03-22T10:20:48+00:00\",\"mainEntityOfPage\":{\"@id\":\"https:\\\/\\\/www.eldiario.net\\\/portal\\\/2026\\\/03\\\/22\\\/la-verde-deja-la-capilla-con-las-maletas-llenas-esperanza\\\/\"},\"wordCount\":457,\"publisher\":{\"@id\":\"https:\\\/\\\/www.eldiario.net\\\/portal\\\/#organization\"},\"image\":{\"@id\":\"https:\\\/\\\/www.eldiario.net\\\/portal\\\/2026\\\/03\\\/22\\\/la-verde-deja-la-capilla-con-las-maletas-llenas-esperanza\\\/#primaryimage\"},\"thumbnailUrl\":\"https:\\\/\\\/www.eldiario.net\\\/portal\\\/wp-content\\\/uploads\\\/2026\\\/03\\\/FOTO-70-copia.webp\",\"articleSection\":[\"Deportes\"],\"inLanguage\":\"es\"},{\"@type\":\"WebPage\",\"@id\":\"https:\\\/\\\/www.eldiario.net\\\/portal\\\/2026\\\/03\\\/22\\\/la-verde-deja-la-capilla-con-las-maletas-llenas-esperanza\\\/\",\"url\":\"https:\\\/\\\/www.eldiario.net\\\/portal\\\/2026\\\/03\\\/22\\\/la-verde-deja-la-capilla-con-las-maletas-llenas-esperanza\\\/\",\"name\":\"LA VERDE DEJA 'LA CAPILLA' CON LAS MALETAS LLENAS ESPERANZA - El Diario - Bolivia\",\"isPartOf\":{\"@id\":\"https:\\\/\\\/www.eldiario.net\\\/portal\\\/#website\"},\"primaryImageOfPage\":{\"@id\":\"https:\\\/\\\/www.eldiario.net\\\/portal\\\/2026\\\/03\\\/22\\\/la-verde-deja-la-capilla-con-las-maletas-llenas-esperanza\\\/#primaryimage\"},\"image\":{\"@id\":\"https:\\\/\\\/www.eldiario.net\\\/portal\\\/2026\\\/03\\\/22\\\/la-verde-deja-la-capilla-con-las-maletas-llenas-esperanza\\\/#primaryimage\"},\"thumbnailUrl\":\"https:\\\/\\\/www.eldiario.net\\\/portal\\\/wp-content\\\/uploads\\\/2026\\\/03\\\/FOTO-70-copia.webp\",\"datePublished\":\"2026-03-22T10:20:48+00:00\",\"breadcrumb\":{\"@id\":\"https:\\\/\\\/www.eldiario.net\\\/portal\\\/2026\\\/03\\\/22\\\/la-verde-deja-la-capilla-con-las-maletas-llenas-esperanza\\\/#breadcrumb\"},\"inLanguage\":\"es\",\"potentialAction\":[{\"@type\":\"ReadAction\",\"target\":[\"https:\\\/\\\/www.eldiario.net\\\/portal\\\/2026\\\/03\\\/22\\\/la-verde-deja-la-capilla-con-las-maletas-llenas-esperanza\\\/\"]}]},{\"@type\":\"ImageObject\",\"inLanguage\":\"es\",\"@id\":\"https:\\\/\\\/www.eldiario.net\\\/portal\\\/2026\\\/03\\\/22\\\/la-verde-deja-la-capilla-con-las-maletas-llenas-esperanza\\\/#primaryimage\",\"url\":\"https:\\\/\\\/www.eldiario.net\\\/portal\\\/wp-content\\\/uploads\\\/2026\\\/03\\\/FOTO-70-copia.webp\",\"contentUrl\":\"https:\\\/\\\/www.eldiario.net\\\/portal\\\/wp-content\\\/uploads\\\/2026\\\/03\\\/FOTO-70-copia.webp\",\"width\":950,\"height\":724},{\"@type\":\"BreadcrumbList\",\"@id\":\"https:\\\/\\\/www.eldiario.net\\\/portal\\\/2026\\\/03\\\/22\\\/la-verde-deja-la-capilla-con-las-maletas-llenas-esperanza\\\/#breadcrumb\",\"itemListElement\":[{\"@type\":\"ListItem\",\"position\":1,\"name\":\"Portada\",\"item\":\"https:\\\/\\\/www.eldiario.net\\\/portal\\\/\"},{\"@type\":\"ListItem\",\"position\":2,\"name\":\"LA VERDE DEJA &#8216;LA CAPILLA&#8217; CON LAS MALETAS LLENAS ESPERANZA\"}]},{\"@type\":\"WebSite\",\"@id\":\"https:\\\/\\\/www.eldiario.net\\\/portal\\\/#website\",\"url\":\"https:\\\/\\\/www.eldiario.net\\\/portal\\\/\",\"name\":\"El Diario - Decano de la prensa nacional\",\"description\":\"El Diario - Decano de la prensa nacional\",\"publisher\":{\"@id\":\"https:\\\/\\\/www.eldiario.net\\\/portal\\\/#organization\"},\"potentialAction\":[{\"@type\":\"SearchAction\",\"target\":{\"@type\":\"EntryPoint\",\"urlTemplate\":\"https:\\\/\\\/www.eldiario.net\\\/portal\\\/?s={search_term_string}\"},\"query-input\":{\"@type\":\"PropertyValueSpecification\",\"valueRequired\":true,\"valueName\":\"search_term_string\"}}],\"inLanguage\":\"es\"},{\"@type\":\"Organization\",\"@id\":\"https:\\\/\\\/www.eldiario.net\\\/portal\\\/#organization\",\"name\":\"El Diario - Decano de la prensa nacional\",\"url\":\"https:\\\/\\\/www.eldiario.net\\\/portal\\\/\",\"logo\":{\"@type\":\"ImageObject\",\"inLanguage\":\"es\",\"@id\":\"https:\\\/\\\/www.eldiario.net\\\/portal\\\/#\\\/schema\\\/logo\\\/image\\\/\",\"url\":\"https:\\\/\\\/www.eldiario.net\\\/portal\\\/wp-content\\\/uploads\\\/2023\\\/07\\\/logo_ED.jpg\",\"contentUrl\":\"https:\\\/\\\/www.eldiario.net\\\/portal\\\/wp-content\\\/uploads\\\/2023\\\/07\\\/logo_ED.jpg\",\"width\":272,\"height\":52,\"caption\":\"El Diario - Decano de la prensa nacional\"},\"image\":{\"@id\":\"https:\\\/\\\/www.eldiario.net\\\/portal\\\/#\\\/schema\\\/logo\\\/image\\\/\"},\"sameAs\":[\"https:\\\/\\\/www.facebook.com\\\/eldiario.bolivia\\\/\",\"https:\\\/\\\/x.com\\\/eldiario_net\"]},{\"@type\":\"Person\",\"@id\":\"https:\\\/\\\/www.eldiario.net\\\/portal\\\/#\\\/schema\\\/person\\\/c1a5d38e458b10c8ebd62f4189b82bbc\",\"name\":\"luis Camacho\",\"image\":{\"@type\":\"ImageObject\",\"inLanguage\":\"es\",\"@id\":\"https:\\\/\\\/secure.gravatar.com\\\/avatar\\\/69ecb836b3826d5a2501bf06ab2a2f2c8ab211cc846758f395df21684cb38313?s=96&d=mm&r=g\",\"url\":\"https:\\\/\\\/secure.gravatar.com\\\/avatar\\\/69ecb836b3826d5a2501bf06ab2a2f2c8ab211cc846758f395df21684cb38313?s=96&d=mm&r=g\",\"contentUrl\":\"https:\\\/\\\/secure.gravatar.com\\\/avatar\\\/69ecb836b3826d5a2501bf06ab2a2f2c8ab211cc846758f395df21684cb38313?s=96&d=mm&r=g\",\"caption\":\"luis Camacho\"},\"url\":\"https:\\\/\\\/www.eldiario.net\\\/portal\\\/author\\\/luis\\\/\"}]}<\/script>\n<!-- \/ Yoast SEO plugin. -->","yoast_head_json":{"title":"LA VERDE DEJA 'LA CAPILLA' CON LAS MALETAS LLENAS ESPERANZA - El Diario - Bolivia","robots":{"index":"index","follow":"follow","max-snippet":"max-snippet:-1","max-image-preview":"max-image-preview:large","max-video-preview":"max-video-preview:-1"},"canonical":"https:\/\/www.eldiario.net\/portal\/2026\/03\/22\/la-verde-deja-la-capilla-con-las-maletas-llenas-esperanza\/","og_locale":"es_ES","og_type":"article","og_title":"LA VERDE DEJA 'LA CAPILLA' CON LAS MALETAS LLENAS ESPERANZA - El Diario - Bolivia","og_description":"Hoy ser\u00e1 el \u00faltimo d\u00eda en que la Selecci\u00f3n Boliviana de F\u00fatbol se hospede, en concentraci\u00f3n cerrada, en el Complejo \u00abLa Capilla\u00bb, a 57 km. de Monterrey; para esperar en un c\u00e9ntrico hotel de la ciudad, el partido frente a Surinam del pr\u00f3ximo jueves 26, desde las 18:00 (HB). Despu\u00e9s de seis d\u00edas de trabajo [&hellip;]","og_url":"https:\/\/www.eldiario.net\/portal\/2026\/03\/22\/la-verde-deja-la-capilla-con-las-maletas-llenas-esperanza\/","og_site_name":"El Diario - Bolivia","article_publisher":"https:\/\/www.facebook.com\/eldiario.bolivia\/","article_published_time":"2026-03-22T10:20:48+00:00","og_image":[{"width":950,"height":724,"url":"https:\/\/www.eldiario.net\/portal\/wp-content\/uploads\/2026\/03\/FOTO-70-copia.webp","type":"image\/webp"}],"author":"luis Camacho","twitter_card":"summary_large_image","twitter_creator":"@eldiario_net","twitter_site":"@eldiario_net","twitter_misc":{"Escrito por":"luis Camacho","Tiempo de lectura":"3 minutos"},"schema":{"@context":"https:\/\/schema.org","@graph":[{"@type":"Article","@id":"https:\/\/www.eldiario.net\/portal\/2026\/03\/22\/la-verde-deja-la-capilla-con-las-maletas-llenas-esperanza\/#article","isPartOf":{"@id":"https:\/\/www.eldiario.net\/portal\/2026\/03\/22\/la-verde-deja-la-capilla-con-las-maletas-llenas-esperanza\/"},"author":{"name":"luis Camacho","@id":"https:\/\/www.eldiario.net\/portal\/#\/schema\/person\/c1a5d38e458b10c8ebd62f4189b82bbc"},"headline":"LA VERDE DEJA &#8216;LA CAPILLA&#8217; CON LAS MALETAS LLENAS ESPERANZA","datePublished":"2026-03-22T10:20:48+00:00","mainEntityOfPage":{"@id":"https:\/\/www.eldiario.net\/portal\/2026\/03\/22\/la-verde-deja-la-capilla-con-las-maletas-llenas-esperanza\/"},"wordCount":457,"publisher":{"@id":"https:\/\/www.eldiario.net\/portal\/#organization"},"image":{"@id":"https:\/\/www.eldiario.net\/portal\/2026\/03\/22\/la-verde-deja-la-capilla-con-las-maletas-llenas-esperanza\/#primaryimage"},"thumbnailUrl":"https:\/\/www.eldiario.net\/portal\/wp-content\/uploads\/2026\/03\/FOTO-70-copia.webp","articleSection":["Deportes"],"inLanguage":"es"},{"@type":"WebPage","@id":"https:\/\/www.eldiario.net\/portal\/2026\/03\/22\/la-verde-deja-la-capilla-con-las-maletas-llenas-esperanza\/","url":"https:\/\/www.eldiario.net\/portal\/2026\/03\/22\/la-verde-deja-la-capilla-con-las-maletas-llenas-esperanza\/","name":"LA VERDE DEJA 'LA CAPILLA' CON LAS MALETAS LLENAS ESPERANZA - El Diario - Bolivia","isPartOf":{"@id":"https:\/\/www.eldiario.net\/portal\/#website"},"primaryImageOfPage":{"@id":"https:\/\/www.eldiario.net\/portal\/2026\/03\/22\/la-verde-deja-la-capilla-con-las-maletas-llenas-esperanza\/#primaryimage"},"image":{"@id":"https:\/\/www.eldiario.net\/portal\/2026\/03\/22\/la-verde-deja-la-capilla-con-las-maletas-llenas-esperanza\/#primaryimage"},"thumbnailUrl":"https:\/\/www.eldiario.net\/portal\/wp-content\/uploads\/2026\/03\/FOTO-70-copia.webp","datePublished":"2026-03-22T10:20:48+00:00","breadcrumb":{"@id":"https:\/\/www.eldiario.net\/portal\/2026\/03\/22\/la-verde-deja-la-capilla-con-las-maletas-llenas-esperanza\/#breadcrumb"},"inLanguage":"es","potentialAction":[{"@type":"ReadAction","target":["https:\/\/www.eldiario.net\/portal\/2026\/03\/22\/la-verde-deja-la-capilla-con-las-maletas-llenas-esperanza\/"]}]},{"@type":"ImageObject","inLanguage":"es","@id":"https:\/\/www.eldiario.net\/portal\/2026\/03\/22\/la-verde-deja-la-capilla-con-las-maletas-llenas-esperanza\/#primaryimage","url":"https:\/\/www.eldiario.net\/portal\/wp-content\/uploads\/2026\/03\/FOTO-70-copia.webp","contentUrl":"https:\/\/www.eldiario.net\/portal\/wp-content\/uploads\/2026\/03\/FOTO-70-copia.webp","width":950,"height":724},{"@type":"BreadcrumbList","@id":"https:\/\/www.eldiario.net\/portal\/2026\/03\/22\/la-verde-deja-la-capilla-con-las-maletas-llenas-esperanza\/#breadcrumb","itemListElement":[{"@type":"ListItem","position":1,"name":"Portada","item":"https:\/\/www.eldiario.net\/portal\/"},{"@type":"ListItem","position":2,"name":"LA VERDE DEJA &#8216;LA CAPILLA&#8217; CON LAS MALETAS LLENAS ESPERANZA"}]},{"@type":"WebSite","@id":"https:\/\/www.eldiario.net\/portal\/#website","url":"https:\/\/www.eldiario.net\/portal\/","name":"El Diario - Decano de la prensa nacional","description":"El Diario - Decano de la prensa nacional","publisher":{"@id":"https:\/\/www.eldiario.net\/portal\/#organization"},"potentialAction":[{"@type":"SearchAction","target":{"@type":"EntryPoint","urlTemplate":"https:\/\/www.eldiario.net\/portal\/?s={search_term_string}"},"query-input":{"@type":"PropertyValueSpecification","valueRequired":true,"valueName":"search_term_string"}}],"inLanguage":"es"},{"@type":"Organization","@id":"https:\/\/www.eldiario.net\/portal\/#organization","name":"El Diario - Decano de la prensa nacional","url":"https:\/\/www.eldiario.net\/portal\/","logo":{"@type":"ImageObject","inLanguage":"es","@id":"https:\/\/www.eldiario.net\/portal\/#\/schema\/logo\/image\/","url":"https:\/\/www.eldiario.net\/portal\/wp-content\/uploads\/2023\/07\/logo_ED.jpg","contentUrl":"https:\/\/www.eldiario.net\/portal\/wp-content\/uploads\/2023\/07\/logo_ED.jpg","width":272,"height":52,"caption":"El Diario - Decano de la prensa nacional"},"image":{"@id":"https:\/\/www.eldiario.net\/portal\/#\/schema\/logo\/image\/"},"sameAs":["https:\/\/www.facebook.com\/eldiario.bolivia\/","https:\/\/x.com\/eldiario_net"]},{"@type":"Person","@id":"https:\/\/www.eldiario.net\/portal\/#\/schema\/person\/c1a5d38e458b10c8ebd62f4189b82bbc","name":"luis Camacho","image":{"@type":"ImageObject","inLanguage":"es","@id":"https:\/\/secure.gravatar.com\/avatar\/69ecb836b3826d5a2501bf06ab2a2f2c8ab211cc846758f395df21684cb38313?s=96&d=mm&r=g","url":"https:\/\/secure.gravatar.com\/avatar\/69ecb836b3826d5a2501bf06ab2a2f2c8ab211cc846758f395df21684cb38313?s=96&d=mm&r=g","contentUrl":"https:\/\/secure.gravatar.com\/avatar\/69ecb836b3826d5a2501bf06ab2a2f2c8ab211cc846758f395df21684cb38313?s=96&d=mm&r=g","caption":"luis Camacho"},"url":"https:\/\/www.eldiario.net\/portal\/author\/luis\/"}]}},"_links":{"self":[{"href":"https:\/\/www.eldiario.net\/portal\/wp-json\/wp\/v2\/posts\/378446","targetHints":{"allow":["GET"]}}],"collection":[{"href":"https:\/\/www.eldiario.net\/portal\/wp-json\/wp\/v2\/posts"}],"about":[{"href":"https:\/\/www.eldiario.net\/portal\/wp-json\/wp\/v2\/types\/post"}],"author":[{"embeddable":true,"href":"https:\/\/www.eldiario.net\/portal\/wp-json\/wp\/v2\/users\/2"}],"replies":[{"embeddable":true,"href":"https:\/\/www.eldiario.net\/portal\/wp-json\/wp\/v2\/comments?post=378446"}],"version-history":[{"count":1,"href":"https:\/\/www.eldiario.net\/portal\/wp-json\/wp\/v2\/posts\/378446\/revisions"}],"predecessor-version":[{"id":378447,"href":"https:\/\/www.eldiario.net\/portal\/wp-json\/wp\/v2\/posts\/378446\/revisions\/378447"}],"wp:featuredmedia":[{"embeddable":true,"href":"https:\/\/www.eldiario.net\/portal\/wp-json\/wp\/v2\/media\/378435"}],"wp:attachment":[{"href":"https:\/\/www.eldiario.net\/portal\/wp-json\/wp\/v2\/media?parent=378446"}],"wp:term":[{"taxonomy":"category","embeddable":true,"href":"https:\/\/www.eldiario.net\/portal\/wp-json\/wp\/v2\/categories?post=378446"},{"taxonomy":"post_tag","embeddable":true,"href":"https:\/\/www.eldiario.net\/portal\/wp-json\/wp\/v2\/tags?post=378446"}],"curies":[{"name":"wp","href":"https:\/\/api.w.org\/{rel}","templated":true}]}}