{"id":378444,"date":"2026-03-22T06:19:37","date_gmt":"2026-03-22T10:19:37","guid":{"rendered":"https:\/\/www.eldiario.net\/portal\/?p=378444"},"modified":"2026-03-22T06:19:37","modified_gmt":"2026-03-22T10:19:37","slug":"revolucion-mundialista-de-surinam-kluivert-seedorf-hasselbaink-y-bogarde","status":"publish","type":"post","link":"https:\/\/www.eldiario.net\/portal\/2026\/03\/22\/revolucion-mundialista-de-surinam-kluivert-seedorf-hasselbaink-y-bogarde\/","title":{"rendered":"Revoluci\u00f3n mundialista de Surinam: Kluivert, Seedorf, Hasselbaink y Bogarde"},"content":{"rendered":"<p>El presente de Surinam podr\u00eda tildarse como una monta\u00f1a rusa. El combinado nacional apunta al siguiente Mundial como nunca antes lo hizo. Con la cita de Estados Unidos, M\u00e9xico y Canad\u00e1 esperando, el peque\u00f1o pa\u00eds que se encuentra entre el norte de Am\u00e9rica del Sur y el Caribe tendr\u00e1 que superar la repesca para poder alcanzar tan ansiado bot\u00edn.<br \/>\nLa cosa no ser\u00e1 f\u00e1cil. Para poder so\u00f1ar con el Mundial, el combinado de Concacaf se ha reforzado con el motor en marcha para afrontar sus pr\u00f3ximos enfrentamientos de la mejor manera. Es por ello que el final de 2025 y principios de 2026 ha sido de una gran intensidad en los despachos de la Federaci\u00f3n. Con cambio en el banquillo y refuerzo en varias l\u00edneas de la Selecci\u00f3n.<br \/>\nEl primer movimiento sucedi\u00f3 tras la l\u00ednea de cal. El experimentado Henk Ten Cate, de 71 a\u00f1os, se convirti\u00f3 en seleccionador nacional, y sus pasos los sigui\u00f3 tanto Winston Bogarde como Jimmy Floyd Hasselbaink para el cuerpo t\u00e9cnico. Dos futbolistas que representaron de manera internacional a Pa\u00edses Bajos. El movimiento del exdelantero, de hecho, tiene un mayor impacto debido a su pasado, ya que naci\u00f3 en Paramaribo -capital de Surinam- en 1972.<br \/>\nA ambos, tambi\u00e9n les han acompa\u00f1ado Clarence Seedorf y Patrick Kluivert para ayudar como asesores de la selecci\u00f3n. Debido al pasado del pa\u00eds como colonia de Holanda, dos han sido los grandes \u201cfichajes\u201d que ha llevado a cabo la Federaci\u00f3n Surinamesa de F\u00fatbol. Uno de ellos tiene v\u00eda directa con Winston, ya que Surinam reclut\u00f3 a su sobrino Melayro Bogarde, de 23 a\u00f1os y que milita en el LASK Linz de Austria. Junto a \u00e9l lleg\u00f3 el delantero del Leeds Jo\u00ebl Piroe, que se podr\u00eda considerar como la estrella internacional una vez nacionalizado surinam\u00e9s.<br \/>\nPara plantarse en el pr\u00f3ximo Mundial, Surinam tendr\u00e1 que superar a Bolivia el pr\u00f3ximo 26 de marzo en Monterrey, M\u00e9xico. De hacerlo, podr\u00e1 jugarse todo contra Irak en la final de la repesca en Guadalajara, M\u00e9xico, el pr\u00f3ximo 31 de marzo. Dos pasos para llegar a su primera cita mundialista. (AS)<\/p>\n","protected":false},"excerpt":{"rendered":"<p>El presente de Surinam podr\u00eda tildarse como una monta\u00f1a rusa. El combinado nacional apunta al siguiente Mundial como nunca antes lo hizo. Con la cita de Estados Unidos, M\u00e9xico y Canad\u00e1 esperando, el peque\u00f1o pa\u00eds que se encuentra entre el norte de Am\u00e9rica del Sur y el Caribe tendr\u00e1 que superar la repesca para poder [&hellip;]<\/p>\n","protected":false},"author":2,"featured_media":378436,"comment_status":"closed","ping_status":"open","sticky":false,"template":"","format":"standard","meta":{"_acf_changed":false,"footnotes":""},"categories":[6],"tags":[],"class_list":["post-378444","post","type-post","status-publish","format-standard","has-post-thumbnail","category-deportes"],"acf":{"antetitulo":""},"yoast_head":"<!-- This site is optimized with the Yoast SEO plugin v28.4 - https:\/\/yoast.com\/product\/yoast-seo-wordpress\/ -->\n<title>Revoluci\u00f3n mundialista de Surinam: Kluivert, Seedorf, Hasselbaink y Bogarde - El Diario - Bolivia<\/title>\n<meta name=\"robots\" content=\"index, follow, max-snippet:-1, max-image-preview:large, max-video-preview:-1\" \/>\n<link rel=\"canonical\" href=\"https:\/\/www.eldiario.net\/portal\/2026\/03\/22\/revolucion-mundialista-de-surinam-kluivert-seedorf-hasselbaink-y-bogarde\/\" \/>\n<meta property=\"og:locale\" content=\"es_ES\" \/>\n<meta property=\"og:type\" content=\"article\" \/>\n<meta property=\"og:title\" content=\"Revoluci\u00f3n mundialista de Surinam: Kluivert, Seedorf, Hasselbaink y Bogarde - El Diario - Bolivia\" \/>\n<meta property=\"og:description\" content=\"El presente de Surinam podr\u00eda tildarse como una monta\u00f1a rusa. El combinado nacional apunta al siguiente Mundial como nunca antes lo hizo. Con la cita de Estados Unidos, M\u00e9xico y Canad\u00e1 esperando, el peque\u00f1o pa\u00eds que se encuentra entre el norte de Am\u00e9rica del Sur y el Caribe tendr\u00e1 que superar la repesca para poder [&hellip;]\" \/>\n<meta property=\"og:url\" content=\"https:\/\/www.eldiario.net\/portal\/2026\/03\/22\/revolucion-mundialista-de-surinam-kluivert-seedorf-hasselbaink-y-bogarde\/\" \/>\n<meta property=\"og:site_name\" content=\"El Diario - Bolivia\" \/>\n<meta property=\"article:publisher\" content=\"https:\/\/www.facebook.com\/eldiario.bolivia\/\" \/>\n<meta property=\"article:published_time\" content=\"2026-03-22T10:19:37+00:00\" \/>\n<meta property=\"og:image\" content=\"https:\/\/www.eldiario.net\/portal\/wp-content\/uploads\/2026\/03\/FOTO-71-copia.webp\" \/>\n\t<meta property=\"og:image:width\" content=\"850\" \/>\n\t<meta property=\"og:image:height\" content=\"561\" \/>\n\t<meta property=\"og:image:type\" content=\"image\/webp\" \/>\n<meta name=\"author\" content=\"luis Camacho\" \/>\n<meta name=\"twitter:card\" content=\"summary_large_image\" \/>\n<meta name=\"twitter:creator\" content=\"@eldiario_net\" \/>\n<meta name=\"twitter:site\" content=\"@eldiario_net\" \/>\n<meta name=\"twitter:label1\" content=\"Escrito por\" \/>\n\t<meta name=\"twitter:data1\" content=\"luis Camacho\" \/>\n\t<meta name=\"twitter:label2\" content=\"Tiempo de lectura\" \/>\n\t<meta name=\"twitter:data2\" content=\"2 minutos\" \/>\n<script type=\"application\/ld+json\" class=\"yoast-schema-graph\">{\"@context\":\"https:\\\/\\\/schema.org\",\"@graph\":[{\"@type\":\"Article\",\"@id\":\"https:\\\/\\\/www.eldiario.net\\\/portal\\\/2026\\\/03\\\/22\\\/revolucion-mundialista-de-surinam-kluivert-seedorf-hasselbaink-y-bogarde\\\/#article\",\"isPartOf\":{\"@id\":\"https:\\\/\\\/www.eldiario.net\\\/portal\\\/2026\\\/03\\\/22\\\/revolucion-mundialista-de-surinam-kluivert-seedorf-hasselbaink-y-bogarde\\\/\"},\"author\":{\"name\":\"luis Camacho\",\"@id\":\"https:\\\/\\\/www.eldiario.net\\\/portal\\\/#\\\/schema\\\/person\\\/c1a5d38e458b10c8ebd62f4189b82bbc\"},\"headline\":\"Revoluci\u00f3n mundialista de Surinam: Kluivert, Seedorf, Hasselbaink y Bogarde\",\"datePublished\":\"2026-03-22T10:19:37+00:00\",\"mainEntityOfPage\":{\"@id\":\"https:\\\/\\\/www.eldiario.net\\\/portal\\\/2026\\\/03\\\/22\\\/revolucion-mundialista-de-surinam-kluivert-seedorf-hasselbaink-y-bogarde\\\/\"},\"wordCount\":381,\"publisher\":{\"@id\":\"https:\\\/\\\/www.eldiario.net\\\/portal\\\/#organization\"},\"image\":{\"@id\":\"https:\\\/\\\/www.eldiario.net\\\/portal\\\/2026\\\/03\\\/22\\\/revolucion-mundialista-de-surinam-kluivert-seedorf-hasselbaink-y-bogarde\\\/#primaryimage\"},\"thumbnailUrl\":\"https:\\\/\\\/www.eldiario.net\\\/portal\\\/wp-content\\\/uploads\\\/2026\\\/03\\\/FOTO-71-copia.webp\",\"articleSection\":[\"Deportes\"],\"inLanguage\":\"es\"},{\"@type\":\"WebPage\",\"@id\":\"https:\\\/\\\/www.eldiario.net\\\/portal\\\/2026\\\/03\\\/22\\\/revolucion-mundialista-de-surinam-kluivert-seedorf-hasselbaink-y-bogarde\\\/\",\"url\":\"https:\\\/\\\/www.eldiario.net\\\/portal\\\/2026\\\/03\\\/22\\\/revolucion-mundialista-de-surinam-kluivert-seedorf-hasselbaink-y-bogarde\\\/\",\"name\":\"Revoluci\u00f3n mundialista de Surinam: Kluivert, Seedorf, Hasselbaink y Bogarde - El Diario - Bolivia\",\"isPartOf\":{\"@id\":\"https:\\\/\\\/www.eldiario.net\\\/portal\\\/#website\"},\"primaryImageOfPage\":{\"@id\":\"https:\\\/\\\/www.eldiario.net\\\/portal\\\/2026\\\/03\\\/22\\\/revolucion-mundialista-de-surinam-kluivert-seedorf-hasselbaink-y-bogarde\\\/#primaryimage\"},\"image\":{\"@id\":\"https:\\\/\\\/www.eldiario.net\\\/portal\\\/2026\\\/03\\\/22\\\/revolucion-mundialista-de-surinam-kluivert-seedorf-hasselbaink-y-bogarde\\\/#primaryimage\"},\"thumbnailUrl\":\"https:\\\/\\\/www.eldiario.net\\\/portal\\\/wp-content\\\/uploads\\\/2026\\\/03\\\/FOTO-71-copia.webp\",\"datePublished\":\"2026-03-22T10:19:37+00:00\",\"breadcrumb\":{\"@id\":\"https:\\\/\\\/www.eldiario.net\\\/portal\\\/2026\\\/03\\\/22\\\/revolucion-mundialista-de-surinam-kluivert-seedorf-hasselbaink-y-bogarde\\\/#breadcrumb\"},\"inLanguage\":\"es\",\"potentialAction\":[{\"@type\":\"ReadAction\",\"target\":[\"https:\\\/\\\/www.eldiario.net\\\/portal\\\/2026\\\/03\\\/22\\\/revolucion-mundialista-de-surinam-kluivert-seedorf-hasselbaink-y-bogarde\\\/\"]}]},{\"@type\":\"ImageObject\",\"inLanguage\":\"es\",\"@id\":\"https:\\\/\\\/www.eldiario.net\\\/portal\\\/2026\\\/03\\\/22\\\/revolucion-mundialista-de-surinam-kluivert-seedorf-hasselbaink-y-bogarde\\\/#primaryimage\",\"url\":\"https:\\\/\\\/www.eldiario.net\\\/portal\\\/wp-content\\\/uploads\\\/2026\\\/03\\\/FOTO-71-copia.webp\",\"contentUrl\":\"https:\\\/\\\/www.eldiario.net\\\/portal\\\/wp-content\\\/uploads\\\/2026\\\/03\\\/FOTO-71-copia.webp\",\"width\":850,\"height\":561},{\"@type\":\"BreadcrumbList\",\"@id\":\"https:\\\/\\\/www.eldiario.net\\\/portal\\\/2026\\\/03\\\/22\\\/revolucion-mundialista-de-surinam-kluivert-seedorf-hasselbaink-y-bogarde\\\/#breadcrumb\",\"itemListElement\":[{\"@type\":\"ListItem\",\"position\":1,\"name\":\"Portada\",\"item\":\"https:\\\/\\\/www.eldiario.net\\\/portal\\\/\"},{\"@type\":\"ListItem\",\"position\":2,\"name\":\"Revoluci\u00f3n mundialista de Surinam: Kluivert, Seedorf, Hasselbaink y Bogarde\"}]},{\"@type\":\"WebSite\",\"@id\":\"https:\\\/\\\/www.eldiario.net\\\/portal\\\/#website\",\"url\":\"https:\\\/\\\/www.eldiario.net\\\/portal\\\/\",\"name\":\"El Diario - Decano de la prensa nacional\",\"description\":\"El Diario - Decano de la prensa nacional\",\"publisher\":{\"@id\":\"https:\\\/\\\/www.eldiario.net\\\/portal\\\/#organization\"},\"potentialAction\":[{\"@type\":\"SearchAction\",\"target\":{\"@type\":\"EntryPoint\",\"urlTemplate\":\"https:\\\/\\\/www.eldiario.net\\\/portal\\\/?s={search_term_string}\"},\"query-input\":{\"@type\":\"PropertyValueSpecification\",\"valueRequired\":true,\"valueName\":\"search_term_string\"}}],\"inLanguage\":\"es\"},{\"@type\":\"Organization\",\"@id\":\"https:\\\/\\\/www.eldiario.net\\\/portal\\\/#organization\",\"name\":\"El Diario - Decano de la prensa nacional\",\"url\":\"https:\\\/\\\/www.eldiario.net\\\/portal\\\/\",\"logo\":{\"@type\":\"ImageObject\",\"inLanguage\":\"es\",\"@id\":\"https:\\\/\\\/www.eldiario.net\\\/portal\\\/#\\\/schema\\\/logo\\\/image\\\/\",\"url\":\"https:\\\/\\\/www.eldiario.net\\\/portal\\\/wp-content\\\/uploads\\\/2023\\\/07\\\/logo_ED.jpg\",\"contentUrl\":\"https:\\\/\\\/www.eldiario.net\\\/portal\\\/wp-content\\\/uploads\\\/2023\\\/07\\\/logo_ED.jpg\",\"width\":272,\"height\":52,\"caption\":\"El Diario - Decano de la prensa nacional\"},\"image\":{\"@id\":\"https:\\\/\\\/www.eldiario.net\\\/portal\\\/#\\\/schema\\\/logo\\\/image\\\/\"},\"sameAs\":[\"https:\\\/\\\/www.facebook.com\\\/eldiario.bolivia\\\/\",\"https:\\\/\\\/x.com\\\/eldiario_net\"]},{\"@type\":\"Person\",\"@id\":\"https:\\\/\\\/www.eldiario.net\\\/portal\\\/#\\\/schema\\\/person\\\/c1a5d38e458b10c8ebd62f4189b82bbc\",\"name\":\"luis Camacho\",\"image\":{\"@type\":\"ImageObject\",\"inLanguage\":\"es\",\"@id\":\"https:\\\/\\\/secure.gravatar.com\\\/avatar\\\/69ecb836b3826d5a2501bf06ab2a2f2c8ab211cc846758f395df21684cb38313?s=96&d=mm&r=g\",\"url\":\"https:\\\/\\\/secure.gravatar.com\\\/avatar\\\/69ecb836b3826d5a2501bf06ab2a2f2c8ab211cc846758f395df21684cb38313?s=96&d=mm&r=g\",\"contentUrl\":\"https:\\\/\\\/secure.gravatar.com\\\/avatar\\\/69ecb836b3826d5a2501bf06ab2a2f2c8ab211cc846758f395df21684cb38313?s=96&d=mm&r=g\",\"caption\":\"luis Camacho\"},\"url\":\"https:\\\/\\\/www.eldiario.net\\\/portal\\\/author\\\/luis\\\/\"}]}<\/script>\n<!-- \/ Yoast SEO plugin. -->","yoast_head_json":{"title":"Revoluci\u00f3n mundialista de Surinam: Kluivert, Seedorf, Hasselbaink y Bogarde - El Diario - Bolivia","robots":{"index":"index","follow":"follow","max-snippet":"max-snippet:-1","max-image-preview":"max-image-preview:large","max-video-preview":"max-video-preview:-1"},"canonical":"https:\/\/www.eldiario.net\/portal\/2026\/03\/22\/revolucion-mundialista-de-surinam-kluivert-seedorf-hasselbaink-y-bogarde\/","og_locale":"es_ES","og_type":"article","og_title":"Revoluci\u00f3n mundialista de Surinam: Kluivert, Seedorf, Hasselbaink y Bogarde - El Diario - Bolivia","og_description":"El presente de Surinam podr\u00eda tildarse como una monta\u00f1a rusa. El combinado nacional apunta al siguiente Mundial como nunca antes lo hizo. Con la cita de Estados Unidos, M\u00e9xico y Canad\u00e1 esperando, el peque\u00f1o pa\u00eds que se encuentra entre el norte de Am\u00e9rica del Sur y el Caribe tendr\u00e1 que superar la repesca para poder [&hellip;]","og_url":"https:\/\/www.eldiario.net\/portal\/2026\/03\/22\/revolucion-mundialista-de-surinam-kluivert-seedorf-hasselbaink-y-bogarde\/","og_site_name":"El Diario - Bolivia","article_publisher":"https:\/\/www.facebook.com\/eldiario.bolivia\/","article_published_time":"2026-03-22T10:19:37+00:00","og_image":[{"width":850,"height":561,"url":"https:\/\/www.eldiario.net\/portal\/wp-content\/uploads\/2026\/03\/FOTO-71-copia.webp","type":"image\/webp"}],"author":"luis Camacho","twitter_card":"summary_large_image","twitter_creator":"@eldiario_net","twitter_site":"@eldiario_net","twitter_misc":{"Escrito por":"luis Camacho","Tiempo de lectura":"2 minutos"},"schema":{"@context":"https:\/\/schema.org","@graph":[{"@type":"Article","@id":"https:\/\/www.eldiario.net\/portal\/2026\/03\/22\/revolucion-mundialista-de-surinam-kluivert-seedorf-hasselbaink-y-bogarde\/#article","isPartOf":{"@id":"https:\/\/www.eldiario.net\/portal\/2026\/03\/22\/revolucion-mundialista-de-surinam-kluivert-seedorf-hasselbaink-y-bogarde\/"},"author":{"name":"luis Camacho","@id":"https:\/\/www.eldiario.net\/portal\/#\/schema\/person\/c1a5d38e458b10c8ebd62f4189b82bbc"},"headline":"Revoluci\u00f3n mundialista de Surinam: Kluivert, Seedorf, Hasselbaink y Bogarde","datePublished":"2026-03-22T10:19:37+00:00","mainEntityOfPage":{"@id":"https:\/\/www.eldiario.net\/portal\/2026\/03\/22\/revolucion-mundialista-de-surinam-kluivert-seedorf-hasselbaink-y-bogarde\/"},"wordCount":381,"publisher":{"@id":"https:\/\/www.eldiario.net\/portal\/#organization"},"image":{"@id":"https:\/\/www.eldiario.net\/portal\/2026\/03\/22\/revolucion-mundialista-de-surinam-kluivert-seedorf-hasselbaink-y-bogarde\/#primaryimage"},"thumbnailUrl":"https:\/\/www.eldiario.net\/portal\/wp-content\/uploads\/2026\/03\/FOTO-71-copia.webp","articleSection":["Deportes"],"inLanguage":"es"},{"@type":"WebPage","@id":"https:\/\/www.eldiario.net\/portal\/2026\/03\/22\/revolucion-mundialista-de-surinam-kluivert-seedorf-hasselbaink-y-bogarde\/","url":"https:\/\/www.eldiario.net\/portal\/2026\/03\/22\/revolucion-mundialista-de-surinam-kluivert-seedorf-hasselbaink-y-bogarde\/","name":"Revoluci\u00f3n mundialista de Surinam: Kluivert, Seedorf, Hasselbaink y Bogarde - El Diario - Bolivia","isPartOf":{"@id":"https:\/\/www.eldiario.net\/portal\/#website"},"primaryImageOfPage":{"@id":"https:\/\/www.eldiario.net\/portal\/2026\/03\/22\/revolucion-mundialista-de-surinam-kluivert-seedorf-hasselbaink-y-bogarde\/#primaryimage"},"image":{"@id":"https:\/\/www.eldiario.net\/portal\/2026\/03\/22\/revolucion-mundialista-de-surinam-kluivert-seedorf-hasselbaink-y-bogarde\/#primaryimage"},"thumbnailUrl":"https:\/\/www.eldiario.net\/portal\/wp-content\/uploads\/2026\/03\/FOTO-71-copia.webp","datePublished":"2026-03-22T10:19:37+00:00","breadcrumb":{"@id":"https:\/\/www.eldiario.net\/portal\/2026\/03\/22\/revolucion-mundialista-de-surinam-kluivert-seedorf-hasselbaink-y-bogarde\/#breadcrumb"},"inLanguage":"es","potentialAction":[{"@type":"ReadAction","target":["https:\/\/www.eldiario.net\/portal\/2026\/03\/22\/revolucion-mundialista-de-surinam-kluivert-seedorf-hasselbaink-y-bogarde\/"]}]},{"@type":"ImageObject","inLanguage":"es","@id":"https:\/\/www.eldiario.net\/portal\/2026\/03\/22\/revolucion-mundialista-de-surinam-kluivert-seedorf-hasselbaink-y-bogarde\/#primaryimage","url":"https:\/\/www.eldiario.net\/portal\/wp-content\/uploads\/2026\/03\/FOTO-71-copia.webp","contentUrl":"https:\/\/www.eldiario.net\/portal\/wp-content\/uploads\/2026\/03\/FOTO-71-copia.webp","width":850,"height":561},{"@type":"BreadcrumbList","@id":"https:\/\/www.eldiario.net\/portal\/2026\/03\/22\/revolucion-mundialista-de-surinam-kluivert-seedorf-hasselbaink-y-bogarde\/#breadcrumb","itemListElement":[{"@type":"ListItem","position":1,"name":"Portada","item":"https:\/\/www.eldiario.net\/portal\/"},{"@type":"ListItem","position":2,"name":"Revoluci\u00f3n mundialista de Surinam: Kluivert, Seedorf, Hasselbaink y Bogarde"}]},{"@type":"WebSite","@id":"https:\/\/www.eldiario.net\/portal\/#website","url":"https:\/\/www.eldiario.net\/portal\/","name":"El Diario - Decano de la prensa nacional","description":"El Diario - Decano de la prensa nacional","publisher":{"@id":"https:\/\/www.eldiario.net\/portal\/#organization"},"potentialAction":[{"@type":"SearchAction","target":{"@type":"EntryPoint","urlTemplate":"https:\/\/www.eldiario.net\/portal\/?s={search_term_string}"},"query-input":{"@type":"PropertyValueSpecification","valueRequired":true,"valueName":"search_term_string"}}],"inLanguage":"es"},{"@type":"Organization","@id":"https:\/\/www.eldiario.net\/portal\/#organization","name":"El Diario - Decano de la prensa nacional","url":"https:\/\/www.eldiario.net\/portal\/","logo":{"@type":"ImageObject","inLanguage":"es","@id":"https:\/\/www.eldiario.net\/portal\/#\/schema\/logo\/image\/","url":"https:\/\/www.eldiario.net\/portal\/wp-content\/uploads\/2023\/07\/logo_ED.jpg","contentUrl":"https:\/\/www.eldiario.net\/portal\/wp-content\/uploads\/2023\/07\/logo_ED.jpg","width":272,"height":52,"caption":"El Diario - Decano de la prensa nacional"},"image":{"@id":"https:\/\/www.eldiario.net\/portal\/#\/schema\/logo\/image\/"},"sameAs":["https:\/\/www.facebook.com\/eldiario.bolivia\/","https:\/\/x.com\/eldiario_net"]},{"@type":"Person","@id":"https:\/\/www.eldiario.net\/portal\/#\/schema\/person\/c1a5d38e458b10c8ebd62f4189b82bbc","name":"luis Camacho","image":{"@type":"ImageObject","inLanguage":"es","@id":"https:\/\/secure.gravatar.com\/avatar\/69ecb836b3826d5a2501bf06ab2a2f2c8ab211cc846758f395df21684cb38313?s=96&d=mm&r=g","url":"https:\/\/secure.gravatar.com\/avatar\/69ecb836b3826d5a2501bf06ab2a2f2c8ab211cc846758f395df21684cb38313?s=96&d=mm&r=g","contentUrl":"https:\/\/secure.gravatar.com\/avatar\/69ecb836b3826d5a2501bf06ab2a2f2c8ab211cc846758f395df21684cb38313?s=96&d=mm&r=g","caption":"luis Camacho"},"url":"https:\/\/www.eldiario.net\/portal\/author\/luis\/"}]}},"_links":{"self":[{"href":"https:\/\/www.eldiario.net\/portal\/wp-json\/wp\/v2\/posts\/378444","targetHints":{"allow":["GET"]}}],"collection":[{"href":"https:\/\/www.eldiario.net\/portal\/wp-json\/wp\/v2\/posts"}],"about":[{"href":"https:\/\/www.eldiario.net\/portal\/wp-json\/wp\/v2\/types\/post"}],"author":[{"embeddable":true,"href":"https:\/\/www.eldiario.net\/portal\/wp-json\/wp\/v2\/users\/2"}],"replies":[{"embeddable":true,"href":"https:\/\/www.eldiario.net\/portal\/wp-json\/wp\/v2\/comments?post=378444"}],"version-history":[{"count":1,"href":"https:\/\/www.eldiario.net\/portal\/wp-json\/wp\/v2\/posts\/378444\/revisions"}],"predecessor-version":[{"id":378445,"href":"https:\/\/www.eldiario.net\/portal\/wp-json\/wp\/v2\/posts\/378444\/revisions\/378445"}],"wp:featuredmedia":[{"embeddable":true,"href":"https:\/\/www.eldiario.net\/portal\/wp-json\/wp\/v2\/media\/378436"}],"wp:attachment":[{"href":"https:\/\/www.eldiario.net\/portal\/wp-json\/wp\/v2\/media?parent=378444"}],"wp:term":[{"taxonomy":"category","embeddable":true,"href":"https:\/\/www.eldiario.net\/portal\/wp-json\/wp\/v2\/categories?post=378444"},{"taxonomy":"post_tag","embeddable":true,"href":"https:\/\/www.eldiario.net\/portal\/wp-json\/wp\/v2\/tags?post=378444"}],"curies":[{"name":"wp","href":"https:\/\/api.w.org\/{rel}","templated":true}]}}