{"id":378243,"date":"2026-03-22T00:39:47","date_gmt":"2026-03-22T04:39:47","guid":{"rendered":"https:\/\/www.eldiario.net\/portal\/?p=378243"},"modified":"2026-03-21T16:40:19","modified_gmt":"2026-03-21T20:40:19","slug":"la-fascitis-plantar-2","status":"publish","type":"post","link":"https:\/\/www.eldiario.net\/portal\/2026\/03\/22\/la-fascitis-plantar-2\/","title":{"rendered":"LA FASCITIS PLANTAR"},"content":{"rendered":"<p>La causa m\u00e1s frecuente de dolor en los pies<\/p>\n<p><strong><em>\u00bfQu\u00e9<\/em><\/strong> <strong><em>es<\/em><\/strong> <strong><em>la<\/em><\/strong> <strong><em>fascitis<\/em><\/strong> <strong><em>plantar?<\/em><\/strong><\/p>\n<p>Es un proceso degenerativo que provoca la inflamaci\u00f3n de la fascia plantar, una banda de tejido el\u00e1stico localizada en la planta del pie y va del hueso calc\u00e1neo hasta la base de los dedos.<\/p>\n<p><strong><em>La<\/em><\/strong> <strong><em>fascitis<\/em><\/strong> <strong><em>plantar<\/em><\/strong> <strong><em>es<\/em><\/strong> <strong><em>la<\/em><\/strong> <strong><em>causa<\/em><\/strong> <strong><em>m\u00e1s<\/em><\/strong> <strong><em>frecuente<\/em><\/strong> <strong><em>de<\/em><\/strong> <strong><em>dolor <\/em><\/strong><strong><em>en<\/em><\/strong> <strong><em>la<\/em><\/strong> <strong><em>planta<\/em><\/strong> <strong><em>de<\/em><\/strong> <strong><em>los<\/em><\/strong> <strong><em>pies<\/em><\/strong> <strong><em>y<\/em><\/strong> <strong><em>afecta<\/em><\/strong> <strong><em>tanto<\/em><\/strong> <strong><em>a<\/em><\/strong> <strong><em>hombres <\/em><\/strong><strong><em>como<\/em><\/strong> <strong><em>a<\/em><\/strong> <strong><em>mujeres,<\/em><\/strong> es de mayor prevalencia en personas que trabajan de pie o caminando por largos per\u00edodos de tiempo, as\u00ed como en aquellas que practican deporte, sobre todo en donde los pies desempe\u00f1an un trabajo constante, como son el running, el f\u00fatbol o el tenis.<\/p>\n<p>Generalmente causa un dolor punzante cerca del tal\u00f3n, pero puede abarcar toda la planta del pie. El dolor es m\u00e1s intenso al dar los primeros pasos despu\u00e9s de despertarse, aunque tambi\u00e9n puede desencadenarse por estar de pie durante mucho tiempo, actividad f\u00edsica intensa, subir escaleras o al levantarse despu\u00e9s de estar sentado. Puede iniciar de forma leve, si no se da un tratamiento especializado, podr\u00eda ir incrementando con el tiempo hasta volverse intenso. El dolor puede llegar a ser tan intenso que caminar se dificulta o incluso nos incapacita para hacerlo. Una vez instaurada, la fascitis podr\u00eda durar meses.<\/p>\n<p>&nbsp;<\/p>\n<p><strong><em>Factores<\/em><\/strong> <strong><em>de<\/em><\/strong> <strong><em>riesgo<\/em><\/strong><\/p>\n<p>Aunque la fascitis plantar puede presentarse sin una causa obvia, algunos factores pueden aumentar el riesgo de desarrollar esta afecci\u00f3n:<\/p>\n<p><strong>Edad: <\/strong>La fascitis plantar es m\u00e1s com\u00fan en las personas entre 40 y 70 a\u00f1os.<\/p>\n<p><strong>Algunos tipos de ejercicio: <\/strong>Las actividades que ejercen mucha presi\u00f3n sobre el tal\u00f3n y la planta del pie.<\/p>\n<p><strong>Mec\u00e1nica del pie: <\/strong>Los pies planos, un arco alto o incluso un patr\u00f3n at\u00edpico de caminar pueden poner m\u00e1s tensi\u00f3n en la fascia plantar.<\/p>\n<p><strong>Obesidad: <\/strong>El exceso de peso ejerce una presi\u00f3n adicional sobre la fascia.<\/p>\n<p><strong>Calzado inadecuado: <\/strong>Su uso puede contribuir a desencadenar esta patolog\u00eda.<\/p>\n<p><strong>Inadecuada preparaci\u00f3n para la actividad f\u00edsica.<\/strong><\/p>\n<p><strong><em>Diagn\u00f3stico<\/em><\/strong><\/p>\n<p>Se basa en los antecedentes del paciente y un examen f\u00edsico. El ortopedista revisar\u00e1 las \u00e1reas de sensibilidad en el pie, as\u00ed como la ubicaci\u00f3n y el tipo de dolor. Por lo general no es necesario ning\u00fan estudio de gabinete (Radiograf\u00edas o ultrasonido). Sin embargo, en casos excepcionales podr\u00eda ser necesario alg\u00fan estudio para descartar otros problemas (P. Ejem. Una fractura por estr\u00e9s).<\/p>\n<p><strong><em>El<\/em><\/strong> <strong><em>tratamiento<\/em><\/strong> <strong><em>de<\/em><\/strong> <strong><em>la<\/em><\/strong> <strong><em>fascitis<\/em><\/strong> <strong><em>consiste<\/em><\/strong><strong><em> en:<\/em><\/strong><\/p>\n<ul>\n<li>La modificaci\u00f3n o eliminaci\u00f3n de los <strong>factores causales.<\/strong><\/li>\n<li>El manejo con medicamento analg\u00e9sicos y antiinflamatorios espec\u00edficos via oral (en ocasiones, en casos severos, se pueden a\u00f1adir antiinflamatorios de dep\u00f3sito, ya sea v\u00eda intramuscular o por infiltraci\u00f3n de la zona).<\/li>\n<li>Un programa de terapia f\u00edsica y\/o el uso de aparatos ort\u00e9sicos, para reincorporarse a las actividades previas a la lesi\u00f3n.<\/li>\n<\/ul>\n<p><strong><em>El tratamiento conservador es exitoso para la recuperaci\u00f3n en la gran mayor\u00eda de los casos, sin embargo, en algunas contadas excepciones se debe recurrir a la cirug\u00eda.<\/em><\/strong><\/p>\n<p><strong><em>\u00a0<\/em><\/strong><\/p>\n<p>Si usted padece de dolor en la planta de uno o ambos pies, es importante acudir con <strong><em>SU ORTOPEDISTA DE CONFIANZA <\/em><\/strong>a la brevedad para un manejo especializado oportuno y evitar as\u00ed, complicaciones y\/o secuelas.<\/p>\n<p>Dr. Carlos Ben\u00edtez \u2013 Ortopedia y traumatolog\u00eda<\/p>\n","protected":false},"excerpt":{"rendered":"<p>La causa m\u00e1s frecuente de dolor en los pies \u00bfQu\u00e9 es la fascitis plantar? Es un proceso degenerativo que provoca la inflamaci\u00f3n de la fascia plantar, una banda de tejido el\u00e1stico localizada en la planta del pie y va del hueso calc\u00e1neo hasta la base de los dedos. La fascitis plantar es la causa m\u00e1s [&hellip;]<\/p>\n","protected":false},"author":1,"featured_media":378244,"comment_status":"closed","ping_status":"open","sticky":false,"template":"","format":"standard","meta":{"_acf_changed":false,"footnotes":""},"categories":[52],"tags":[],"class_list":["post-378243","post","type-post","status-publish","format-standard","has-post-thumbnail","category-de-salud-mas-vida"],"acf":{"antetitulo":""},"yoast_head":"<!-- This site is optimized with the Yoast SEO plugin v28.4 - https:\/\/yoast.com\/product\/yoast-seo-wordpress\/ -->\n<title>LA FASCITIS PLANTAR - El Diario - Bolivia<\/title>\n<meta name=\"robots\" content=\"index, follow, max-snippet:-1, max-image-preview:large, max-video-preview:-1\" \/>\n<link rel=\"canonical\" href=\"https:\/\/www.eldiario.net\/portal\/2026\/03\/22\/la-fascitis-plantar-2\/\" \/>\n<meta property=\"og:locale\" content=\"es_ES\" \/>\n<meta property=\"og:type\" content=\"article\" \/>\n<meta property=\"og:title\" content=\"LA FASCITIS PLANTAR - El Diario - Bolivia\" \/>\n<meta property=\"og:description\" content=\"La causa m\u00e1s frecuente de dolor en los pies \u00bfQu\u00e9 es la fascitis plantar? Es un proceso degenerativo que provoca la inflamaci\u00f3n de la fascia plantar, una banda de tejido el\u00e1stico localizada en la planta del pie y va del hueso calc\u00e1neo hasta la base de los dedos. La fascitis plantar es la causa m\u00e1s [&hellip;]\" \/>\n<meta property=\"og:url\" content=\"https:\/\/www.eldiario.net\/portal\/2026\/03\/22\/la-fascitis-plantar-2\/\" \/>\n<meta property=\"og:site_name\" content=\"El Diario - Bolivia\" \/>\n<meta property=\"article:publisher\" content=\"https:\/\/www.facebook.com\/eldiario.bolivia\/\" \/>\n<meta property=\"article:published_time\" content=\"2026-03-22T04:39:47+00:00\" \/>\n<meta property=\"og:image\" content=\"https:\/\/www.eldiario.net\/portal\/wp-content\/uploads\/2026\/03\/LA-FASCITIS-PLANTAR.webp\" \/>\n\t<meta property=\"og:image:width\" content=\"1902\" \/>\n\t<meta property=\"og:image:height\" content=\"1392\" \/>\n\t<meta property=\"og:image:type\" content=\"image\/webp\" \/>\n<meta name=\"author\" content=\"Jeanette\" \/>\n<meta name=\"twitter:card\" content=\"summary_large_image\" \/>\n<meta name=\"twitter:creator\" content=\"@eldiario_net\" \/>\n<meta name=\"twitter:site\" content=\"@eldiario_net\" \/>\n<meta name=\"twitter:label1\" content=\"Escrito por\" \/>\n\t<meta name=\"twitter:data1\" content=\"Jeanette\" \/>\n\t<meta name=\"twitter:label2\" content=\"Tiempo de lectura\" \/>\n\t<meta name=\"twitter:data2\" content=\"3 minutos\" \/>\n<script type=\"application\/ld+json\" class=\"yoast-schema-graph\">{\"@context\":\"https:\\\/\\\/schema.org\",\"@graph\":[{\"@type\":\"Article\",\"@id\":\"https:\\\/\\\/www.eldiario.net\\\/portal\\\/2026\\\/03\\\/22\\\/la-fascitis-plantar-2\\\/#article\",\"isPartOf\":{\"@id\":\"https:\\\/\\\/www.eldiario.net\\\/portal\\\/2026\\\/03\\\/22\\\/la-fascitis-plantar-2\\\/\"},\"author\":{\"name\":\"Jeanette\",\"@id\":\"https:\\\/\\\/www.eldiario.net\\\/portal\\\/#\\\/schema\\\/person\\\/2c57cf2b7a7ae032e449e4c9b1019eac\"},\"headline\":\"LA FASCITIS PLANTAR\",\"datePublished\":\"2026-03-22T04:39:47+00:00\",\"mainEntityOfPage\":{\"@id\":\"https:\\\/\\\/www.eldiario.net\\\/portal\\\/2026\\\/03\\\/22\\\/la-fascitis-plantar-2\\\/\"},\"wordCount\":579,\"publisher\":{\"@id\":\"https:\\\/\\\/www.eldiario.net\\\/portal\\\/#organization\"},\"image\":{\"@id\":\"https:\\\/\\\/www.eldiario.net\\\/portal\\\/2026\\\/03\\\/22\\\/la-fascitis-plantar-2\\\/#primaryimage\"},\"thumbnailUrl\":\"https:\\\/\\\/www.eldiario.net\\\/portal\\\/wp-content\\\/uploads\\\/2026\\\/03\\\/LA-FASCITIS-PLANTAR.webp\",\"articleSection\":[\"De Salud + vida\"],\"inLanguage\":\"es\"},{\"@type\":\"WebPage\",\"@id\":\"https:\\\/\\\/www.eldiario.net\\\/portal\\\/2026\\\/03\\\/22\\\/la-fascitis-plantar-2\\\/\",\"url\":\"https:\\\/\\\/www.eldiario.net\\\/portal\\\/2026\\\/03\\\/22\\\/la-fascitis-plantar-2\\\/\",\"name\":\"LA FASCITIS PLANTAR - El Diario - Bolivia\",\"isPartOf\":{\"@id\":\"https:\\\/\\\/www.eldiario.net\\\/portal\\\/#website\"},\"primaryImageOfPage\":{\"@id\":\"https:\\\/\\\/www.eldiario.net\\\/portal\\\/2026\\\/03\\\/22\\\/la-fascitis-plantar-2\\\/#primaryimage\"},\"image\":{\"@id\":\"https:\\\/\\\/www.eldiario.net\\\/portal\\\/2026\\\/03\\\/22\\\/la-fascitis-plantar-2\\\/#primaryimage\"},\"thumbnailUrl\":\"https:\\\/\\\/www.eldiario.net\\\/portal\\\/wp-content\\\/uploads\\\/2026\\\/03\\\/LA-FASCITIS-PLANTAR.webp\",\"datePublished\":\"2026-03-22T04:39:47+00:00\",\"breadcrumb\":{\"@id\":\"https:\\\/\\\/www.eldiario.net\\\/portal\\\/2026\\\/03\\\/22\\\/la-fascitis-plantar-2\\\/#breadcrumb\"},\"inLanguage\":\"es\",\"potentialAction\":[{\"@type\":\"ReadAction\",\"target\":[\"https:\\\/\\\/www.eldiario.net\\\/portal\\\/2026\\\/03\\\/22\\\/la-fascitis-plantar-2\\\/\"]}]},{\"@type\":\"ImageObject\",\"inLanguage\":\"es\",\"@id\":\"https:\\\/\\\/www.eldiario.net\\\/portal\\\/2026\\\/03\\\/22\\\/la-fascitis-plantar-2\\\/#primaryimage\",\"url\":\"https:\\\/\\\/www.eldiario.net\\\/portal\\\/wp-content\\\/uploads\\\/2026\\\/03\\\/LA-FASCITIS-PLANTAR.webp\",\"contentUrl\":\"https:\\\/\\\/www.eldiario.net\\\/portal\\\/wp-content\\\/uploads\\\/2026\\\/03\\\/LA-FASCITIS-PLANTAR.webp\",\"width\":1902,\"height\":1392},{\"@type\":\"BreadcrumbList\",\"@id\":\"https:\\\/\\\/www.eldiario.net\\\/portal\\\/2026\\\/03\\\/22\\\/la-fascitis-plantar-2\\\/#breadcrumb\",\"itemListElement\":[{\"@type\":\"ListItem\",\"position\":1,\"name\":\"Portada\",\"item\":\"https:\\\/\\\/www.eldiario.net\\\/portal\\\/\"},{\"@type\":\"ListItem\",\"position\":2,\"name\":\"LA FASCITIS PLANTAR\"}]},{\"@type\":\"WebSite\",\"@id\":\"https:\\\/\\\/www.eldiario.net\\\/portal\\\/#website\",\"url\":\"https:\\\/\\\/www.eldiario.net\\\/portal\\\/\",\"name\":\"El Diario - Decano de la prensa nacional\",\"description\":\"El Diario - Decano de la prensa nacional\",\"publisher\":{\"@id\":\"https:\\\/\\\/www.eldiario.net\\\/portal\\\/#organization\"},\"potentialAction\":[{\"@type\":\"SearchAction\",\"target\":{\"@type\":\"EntryPoint\",\"urlTemplate\":\"https:\\\/\\\/www.eldiario.net\\\/portal\\\/?s={search_term_string}\"},\"query-input\":{\"@type\":\"PropertyValueSpecification\",\"valueRequired\":true,\"valueName\":\"search_term_string\"}}],\"inLanguage\":\"es\"},{\"@type\":\"Organization\",\"@id\":\"https:\\\/\\\/www.eldiario.net\\\/portal\\\/#organization\",\"name\":\"El Diario - Decano de la prensa nacional\",\"url\":\"https:\\\/\\\/www.eldiario.net\\\/portal\\\/\",\"logo\":{\"@type\":\"ImageObject\",\"inLanguage\":\"es\",\"@id\":\"https:\\\/\\\/www.eldiario.net\\\/portal\\\/#\\\/schema\\\/logo\\\/image\\\/\",\"url\":\"https:\\\/\\\/www.eldiario.net\\\/portal\\\/wp-content\\\/uploads\\\/2023\\\/07\\\/logo_ED.jpg\",\"contentUrl\":\"https:\\\/\\\/www.eldiario.net\\\/portal\\\/wp-content\\\/uploads\\\/2023\\\/07\\\/logo_ED.jpg\",\"width\":272,\"height\":52,\"caption\":\"El Diario - Decano de la prensa nacional\"},\"image\":{\"@id\":\"https:\\\/\\\/www.eldiario.net\\\/portal\\\/#\\\/schema\\\/logo\\\/image\\\/\"},\"sameAs\":[\"https:\\\/\\\/www.facebook.com\\\/eldiario.bolivia\\\/\",\"https:\\\/\\\/x.com\\\/eldiario_net\"]},{\"@type\":\"Person\",\"@id\":\"https:\\\/\\\/www.eldiario.net\\\/portal\\\/#\\\/schema\\\/person\\\/2c57cf2b7a7ae032e449e4c9b1019eac\",\"name\":\"Jeanette\",\"image\":{\"@type\":\"ImageObject\",\"inLanguage\":\"es\",\"@id\":\"https:\\\/\\\/secure.gravatar.com\\\/avatar\\\/3ea2118a5f7dad2b7138b1187a6b7ee55f160b9968b66013c3a3ef39dd7e5798?s=96&d=mm&r=g\",\"url\":\"https:\\\/\\\/secure.gravatar.com\\\/avatar\\\/3ea2118a5f7dad2b7138b1187a6b7ee55f160b9968b66013c3a3ef39dd7e5798?s=96&d=mm&r=g\",\"contentUrl\":\"https:\\\/\\\/secure.gravatar.com\\\/avatar\\\/3ea2118a5f7dad2b7138b1187a6b7ee55f160b9968b66013c3a3ef39dd7e5798?s=96&d=mm&r=g\",\"caption\":\"Jeanette\"},\"sameAs\":[\"https:\\\/\\\/www.eldiario.net\\\/portal\"],\"url\":\"https:\\\/\\\/www.eldiario.net\\\/portal\\\/author\\\/jeanette\\\/\"}]}<\/script>\n<!-- \/ Yoast SEO plugin. -->","yoast_head_json":{"title":"LA FASCITIS PLANTAR - El Diario - Bolivia","robots":{"index":"index","follow":"follow","max-snippet":"max-snippet:-1","max-image-preview":"max-image-preview:large","max-video-preview":"max-video-preview:-1"},"canonical":"https:\/\/www.eldiario.net\/portal\/2026\/03\/22\/la-fascitis-plantar-2\/","og_locale":"es_ES","og_type":"article","og_title":"LA FASCITIS PLANTAR - El Diario - Bolivia","og_description":"La causa m\u00e1s frecuente de dolor en los pies \u00bfQu\u00e9 es la fascitis plantar? Es un proceso degenerativo que provoca la inflamaci\u00f3n de la fascia plantar, una banda de tejido el\u00e1stico localizada en la planta del pie y va del hueso calc\u00e1neo hasta la base de los dedos. La fascitis plantar es la causa m\u00e1s [&hellip;]","og_url":"https:\/\/www.eldiario.net\/portal\/2026\/03\/22\/la-fascitis-plantar-2\/","og_site_name":"El Diario - Bolivia","article_publisher":"https:\/\/www.facebook.com\/eldiario.bolivia\/","article_published_time":"2026-03-22T04:39:47+00:00","og_image":[{"width":1902,"height":1392,"url":"https:\/\/www.eldiario.net\/portal\/wp-content\/uploads\/2026\/03\/LA-FASCITIS-PLANTAR.webp","type":"image\/webp"}],"author":"Jeanette","twitter_card":"summary_large_image","twitter_creator":"@eldiario_net","twitter_site":"@eldiario_net","twitter_misc":{"Escrito por":"Jeanette","Tiempo de lectura":"3 minutos"},"schema":{"@context":"https:\/\/schema.org","@graph":[{"@type":"Article","@id":"https:\/\/www.eldiario.net\/portal\/2026\/03\/22\/la-fascitis-plantar-2\/#article","isPartOf":{"@id":"https:\/\/www.eldiario.net\/portal\/2026\/03\/22\/la-fascitis-plantar-2\/"},"author":{"name":"Jeanette","@id":"https:\/\/www.eldiario.net\/portal\/#\/schema\/person\/2c57cf2b7a7ae032e449e4c9b1019eac"},"headline":"LA FASCITIS PLANTAR","datePublished":"2026-03-22T04:39:47+00:00","mainEntityOfPage":{"@id":"https:\/\/www.eldiario.net\/portal\/2026\/03\/22\/la-fascitis-plantar-2\/"},"wordCount":579,"publisher":{"@id":"https:\/\/www.eldiario.net\/portal\/#organization"},"image":{"@id":"https:\/\/www.eldiario.net\/portal\/2026\/03\/22\/la-fascitis-plantar-2\/#primaryimage"},"thumbnailUrl":"https:\/\/www.eldiario.net\/portal\/wp-content\/uploads\/2026\/03\/LA-FASCITIS-PLANTAR.webp","articleSection":["De Salud + vida"],"inLanguage":"es"},{"@type":"WebPage","@id":"https:\/\/www.eldiario.net\/portal\/2026\/03\/22\/la-fascitis-plantar-2\/","url":"https:\/\/www.eldiario.net\/portal\/2026\/03\/22\/la-fascitis-plantar-2\/","name":"LA FASCITIS PLANTAR - El Diario - Bolivia","isPartOf":{"@id":"https:\/\/www.eldiario.net\/portal\/#website"},"primaryImageOfPage":{"@id":"https:\/\/www.eldiario.net\/portal\/2026\/03\/22\/la-fascitis-plantar-2\/#primaryimage"},"image":{"@id":"https:\/\/www.eldiario.net\/portal\/2026\/03\/22\/la-fascitis-plantar-2\/#primaryimage"},"thumbnailUrl":"https:\/\/www.eldiario.net\/portal\/wp-content\/uploads\/2026\/03\/LA-FASCITIS-PLANTAR.webp","datePublished":"2026-03-22T04:39:47+00:00","breadcrumb":{"@id":"https:\/\/www.eldiario.net\/portal\/2026\/03\/22\/la-fascitis-plantar-2\/#breadcrumb"},"inLanguage":"es","potentialAction":[{"@type":"ReadAction","target":["https:\/\/www.eldiario.net\/portal\/2026\/03\/22\/la-fascitis-plantar-2\/"]}]},{"@type":"ImageObject","inLanguage":"es","@id":"https:\/\/www.eldiario.net\/portal\/2026\/03\/22\/la-fascitis-plantar-2\/#primaryimage","url":"https:\/\/www.eldiario.net\/portal\/wp-content\/uploads\/2026\/03\/LA-FASCITIS-PLANTAR.webp","contentUrl":"https:\/\/www.eldiario.net\/portal\/wp-content\/uploads\/2026\/03\/LA-FASCITIS-PLANTAR.webp","width":1902,"height":1392},{"@type":"BreadcrumbList","@id":"https:\/\/www.eldiario.net\/portal\/2026\/03\/22\/la-fascitis-plantar-2\/#breadcrumb","itemListElement":[{"@type":"ListItem","position":1,"name":"Portada","item":"https:\/\/www.eldiario.net\/portal\/"},{"@type":"ListItem","position":2,"name":"LA FASCITIS PLANTAR"}]},{"@type":"WebSite","@id":"https:\/\/www.eldiario.net\/portal\/#website","url":"https:\/\/www.eldiario.net\/portal\/","name":"El Diario - Decano de la prensa nacional","description":"El Diario - Decano de la prensa nacional","publisher":{"@id":"https:\/\/www.eldiario.net\/portal\/#organization"},"potentialAction":[{"@type":"SearchAction","target":{"@type":"EntryPoint","urlTemplate":"https:\/\/www.eldiario.net\/portal\/?s={search_term_string}"},"query-input":{"@type":"PropertyValueSpecification","valueRequired":true,"valueName":"search_term_string"}}],"inLanguage":"es"},{"@type":"Organization","@id":"https:\/\/www.eldiario.net\/portal\/#organization","name":"El Diario - Decano de la prensa nacional","url":"https:\/\/www.eldiario.net\/portal\/","logo":{"@type":"ImageObject","inLanguage":"es","@id":"https:\/\/www.eldiario.net\/portal\/#\/schema\/logo\/image\/","url":"https:\/\/www.eldiario.net\/portal\/wp-content\/uploads\/2023\/07\/logo_ED.jpg","contentUrl":"https:\/\/www.eldiario.net\/portal\/wp-content\/uploads\/2023\/07\/logo_ED.jpg","width":272,"height":52,"caption":"El Diario - Decano de la prensa nacional"},"image":{"@id":"https:\/\/www.eldiario.net\/portal\/#\/schema\/logo\/image\/"},"sameAs":["https:\/\/www.facebook.com\/eldiario.bolivia\/","https:\/\/x.com\/eldiario_net"]},{"@type":"Person","@id":"https:\/\/www.eldiario.net\/portal\/#\/schema\/person\/2c57cf2b7a7ae032e449e4c9b1019eac","name":"Jeanette","image":{"@type":"ImageObject","inLanguage":"es","@id":"https:\/\/secure.gravatar.com\/avatar\/3ea2118a5f7dad2b7138b1187a6b7ee55f160b9968b66013c3a3ef39dd7e5798?s=96&d=mm&r=g","url":"https:\/\/secure.gravatar.com\/avatar\/3ea2118a5f7dad2b7138b1187a6b7ee55f160b9968b66013c3a3ef39dd7e5798?s=96&d=mm&r=g","contentUrl":"https:\/\/secure.gravatar.com\/avatar\/3ea2118a5f7dad2b7138b1187a6b7ee55f160b9968b66013c3a3ef39dd7e5798?s=96&d=mm&r=g","caption":"Jeanette"},"sameAs":["https:\/\/www.eldiario.net\/portal"],"url":"https:\/\/www.eldiario.net\/portal\/author\/jeanette\/"}]}},"_links":{"self":[{"href":"https:\/\/www.eldiario.net\/portal\/wp-json\/wp\/v2\/posts\/378243","targetHints":{"allow":["GET"]}}],"collection":[{"href":"https:\/\/www.eldiario.net\/portal\/wp-json\/wp\/v2\/posts"}],"about":[{"href":"https:\/\/www.eldiario.net\/portal\/wp-json\/wp\/v2\/types\/post"}],"author":[{"embeddable":true,"href":"https:\/\/www.eldiario.net\/portal\/wp-json\/wp\/v2\/users\/1"}],"replies":[{"embeddable":true,"href":"https:\/\/www.eldiario.net\/portal\/wp-json\/wp\/v2\/comments?post=378243"}],"version-history":[{"count":1,"href":"https:\/\/www.eldiario.net\/portal\/wp-json\/wp\/v2\/posts\/378243\/revisions"}],"predecessor-version":[{"id":378245,"href":"https:\/\/www.eldiario.net\/portal\/wp-json\/wp\/v2\/posts\/378243\/revisions\/378245"}],"wp:featuredmedia":[{"embeddable":true,"href":"https:\/\/www.eldiario.net\/portal\/wp-json\/wp\/v2\/media\/378244"}],"wp:attachment":[{"href":"https:\/\/www.eldiario.net\/portal\/wp-json\/wp\/v2\/media?parent=378243"}],"wp:term":[{"taxonomy":"category","embeddable":true,"href":"https:\/\/www.eldiario.net\/portal\/wp-json\/wp\/v2\/categories?post=378243"},{"taxonomy":"post_tag","embeddable":true,"href":"https:\/\/www.eldiario.net\/portal\/wp-json\/wp\/v2\/tags?post=378243"}],"curies":[{"name":"wp","href":"https:\/\/api.w.org\/{rel}","templated":true}]}}