{"id":378241,"date":"2026-03-22T00:38:59","date_gmt":"2026-03-22T04:38:59","guid":{"rendered":"https:\/\/www.eldiario.net\/portal\/?p=378241"},"modified":"2026-03-21T16:39:35","modified_gmt":"2026-03-21T20:39:35","slug":"parkinson","status":"publish","type":"post","link":"https:\/\/www.eldiario.net\/portal\/2026\/03\/22\/parkinson\/","title":{"rendered":"PARKINSON"},"content":{"rendered":"<p>Lic. Jaime J. Ticona Pardo &#8211; Fisioterapeuta Kinesi\u00f3logo \u2013 FAC-MED \u2013 U.M.S.A. \u2013 72556224<\/p>\n<p>&nbsp;<\/p>\n<p>La enfermedad de Parkinson es un trastorno neurodegenerativo cr\u00f3nico y progresivo que afecta el movimiento, causado por la p\u00e9rdida de neuronas productoras de dopamina. Los s\u00edntomas motores incluyen temblores en reposo, rigidez muscular, lentitud de movimientos (bradicinesia) y problemas de equilibrio. Aunque no tiene cura, los tratamientos como la levodopa y la estimulaci\u00f3n cerebral profunda (cirug\u00eda) son efectivos para controlar los s\u00edntomas.<\/p>\n<p><strong>S\u00cdNTOMAS PRINCIPALES<\/strong><\/p>\n<p><strong>Motores:<\/strong> Temblor en reposo (frecuentemente en manos), rigidez, lentitud de movimientos, inestabilidad postural y marcha a pasos cortos.<\/p>\n<p><strong>No motores:<\/strong> Depresi\u00f3n, ansiedad, trastornos del sue\u00f1o, anosmia (p\u00e9rdida de olfato), estre\u00f1imiento y deterioro cognitivo.<\/p>\n<p><strong>TRATAMIENTOS Y MANEJO<\/strong><\/p>\n<p><strong>Farmacol\u00f3gicos:<\/strong> La levodopa (generalmente combinada con carbidopa) es el tratamiento est\u00e1ndar para reponer la dopamina. Otros f\u00e1rmacos incluyen agonistas dopamin\u00e9rgicos y medicamentos que bloquean la descomposici\u00f3n de la dopamina.<\/p>\n<p><strong>Quir\u00fargicos:<\/strong> La estimulaci\u00f3n cerebral profunda (DBS) puede ser recomendada en casos avanzados para mejorar los s\u00edntomas motores.<\/p>\n<p><strong>Terap<\/strong><strong>eutico:<\/strong>: Fisioterapia, terapia ocupacional y terapia del habla (fonoaudiolog\u00eda) para mejorar la movilidad y la comunicaci\u00f3n.<\/p>\n<ol>\n<li><strong> La Base Biol\u00f3gica: El Cerebro y la Dopamina<\/strong><\/li>\n<\/ol>\n<p>Para empezar, debemos mirar dentro del cerebro. La enfermedad de Parkinson afecta principalmente a una peque\u00f1a zona del tronco del enc\u00e9falo llamada sustancia negra.<\/p>\n<p>Diagrama comparativo de un cerebro sano con uno afectado. A la izquierda, vemos una sustancia negra sana, densamente poblada de neuronas oscuras (dopamin\u00e9rgicas) que producen dopamina. A la derecha, en el Parkinson, estas neuronas desaparecen progresivamente, y la zona se vuelve p\u00e1lida. El recuadro microsc\u00f3pico muestra la p\u00e9rdida de estas c\u00e9lulas y la aparici\u00f3n de unas peque\u00f1as inclusiones llamadas Cuerpos de Lewy, que son el sello patol\u00f3gico de la enfermedad. Esta falta de dopamina es la causa de los s\u00edntomas motores.<\/p>\n<ol start=\"2\">\n<li><strong> El Diagn\u00f3stico Cl\u00ednico: Identificando los S\u00edntomas Motores<\/strong><\/li>\n<\/ol>\n<p>Una vez que entendemos la p\u00e9rdida de dopamina, pasamos a la cl\u00ednica. El diagn\u00f3stico del Parkinson es puramente cl\u00ednico, basado en la observaci\u00f3n de los s\u00edntomas motores clave. Esta es la primera etapa para confirmar la enfermedad y comenzar un plan de manejo.<\/p>\n<ol start=\"3\">\n<li><strong> El Tratamiento M\u00e9dico: La Medicaci\u00f3n como Base<\/strong><\/li>\n<\/ol>\n<p>A pesar de que el Parkinson es cr\u00f3nico, la medicaci\u00f3n es el pilar para controlar los s\u00edntomas motores. El mejor momento para la terapia es cuando la medicaci\u00f3n est\u00e1 funcionando de forma \u00f3ptima.<\/p>\n<p>Paciente tomando Levodopa, que se convierte en dopamina en el cerebro para reponer la que se pierde. La mano del paciente sostiene un bl\u00edster de pastillas amarillas p\u00e1lidas (caracter\u00edstico de la Levodopa\/Carbidopa, la medicaci\u00f3n est\u00e1ndar para el Parkinson). Su otra mano toma una pastilla. Las pastillas est\u00e1n ligeramente desenfocadas, pero el bl\u00edster tiene el texto sutil \u00abLEVODOPA\u00bb y \u00abSINEMET\u00bb visible.<\/p>\n<ol start=\"4\">\n<li><strong> La Rehabilitaci\u00f3n: Fisioterapia Neurol\u00f3gica con Biofeedback<\/strong><\/li>\n<\/ol>\n<p>La fisioterapia neurol\u00f3gica se enfoca en la neuroplasticidad, no solo en la fuerza f\u00edsica. Utilizamos t\u00e9cnicas para reentrenar al cerebro, compensando las se\u00f1ales de movimiento confusas.<\/p>\n<p>Fisioterapeuta detr\u00e1s del paciente, en barras paralelas de marcha equipada con sensores mismos que detectan los pasos del paciente y encienden luces LED azules en el suelo (como claves visuales r\u00edtmicas). Manos en el hombro del paciente para guiar y proporcionar un \u00abcueing\u00bb r\u00edtmico. Una pantalla muestra un gr\u00e1fico de biofeedback de su marcha. Este enfoque es crucial para mejorar la autonom\u00eda y el equilibrio en el Parkinson.<\/p>\n<p><strong>OBJETIVOS PRINCIPALES DE LA FISIOTERAPIA<\/strong><\/p>\n<ul>\n<li>Potenciar la actividad muscular y el buen funcionamiento de todas las articulaciones para prevenir a largo plazo dolores y deformidades.<\/li>\n<li>Aumentar el volumen respiratorio permitiendo una mejor adaptaci\u00f3n al esfuerzo f\u00edsico.<\/li>\n<li>Reeducar la postura para prevenir o mejorar dolores relacionados con ella.<\/li>\n<li>Prevenir trastornos circulatorios ocasionados por la falta de movilidad.<\/li>\n<li>Mejorar la movilidad, coordinaci\u00f3n, equilibrio, marcha y reacciones de enderezamiento.<\/li>\n<li>Mantener y\/o restablecer la autonom\u00eda del paciente.<\/li>\n<\/ul>\n<p><strong>EJERCICIOS PARA MEJORAR LA POSTURA<\/strong><\/p>\n<p>Objetivos de los ejercicios:<\/p>\n<ul>\n<li>Mejorar y prevenir contracturas y deformidades<\/li>\n<li>Mejorar y prevenir la p\u00e9rdida de equilibrio<\/li>\n<li>Corregir la postura y as\u00ed modificar su centro de gravedad<\/li>\n<\/ul>\n<p>EJERCICIO 1.<\/p>\n<p>Trabajo de la cadena muscular posterior (repetir 5 veces)<\/p>\n<ol>\n<li>Col\u00f3quese de pie apoyando su espalda contra la pared.<\/li>\n<li>Los talones, pantorrillas, gl\u00fateos, palmas de las manos, brazos, espalda y cabeza han de tocar la pared. Si no es posible, intente que el espacio entre cuerpo y pared sea m\u00ednimo.<\/li>\n<li>Respire profundamente manteniendo los puntos de contacto durante 10 segundos y descanse.<\/li>\n<\/ol>\n<p>&nbsp;<\/p>\n<p><em>\u00a0\u201cEL MOVIMIENTO ES PARTE ESENCIAL PARA MANTENER UNA VIDA ACTIVA\u201d<\/em><\/p>\n<p>Lic. Jaime J. Ticona Pardo Fisioterapeuta Kinesi\u00f3logo \u2013 FAC-MED &#8211; UMSA \u2013 72556224<\/p>\n\r\n                <style type=\"text\/css\">\r\n                    \r\n                    #tdi_1  .td-doubleSlider-2 .td-item1 {\r\n                        background: url(https:\/\/www.eldiario.net\/portal\/wp-content\/uploads\/2026\/03\/PARKINSON-3-80x60.webp) 0 0 no-repeat;\r\n                    }\r\n                    #tdi_1  .td-doubleSlider-2 .td-item2 {\r\n                        background: url(https:\/\/www.eldiario.net\/portal\/wp-content\/uploads\/2026\/03\/PARKINSON-2-80x60.webp) 0 0 no-repeat;\r\n                    }\r\n                    #tdi_1  .td-doubleSlider-2 .td-item3 {\r\n                        background: url(https:\/\/www.eldiario.net\/portal\/wp-content\/uploads\/2026\/03\/PARKINSON-80x60.webp) 0 0 no-repeat;\r\n                    }\r\n                    #tdi_1  .td-doubleSlider-2 .td-item4 {\r\n                        background: url(https:\/\/www.eldiario.net\/portal\/wp-content\/uploads\/2026\/03\/PARKINSON-5-80x60.webp) 0 0 no-repeat;\r\n                    }\r\n                    #tdi_1  .td-doubleSlider-2 .td-item5 {\r\n                        background: url(https:\/\/www.eldiario.net\/portal\/wp-content\/uploads\/2026\/03\/PARKINSON-4-80x60.webp) 0 0 no-repeat;\r\n                    }\r\n                <\/style>\r\n\r\n                <div id=\"tdi_1\" class=\"td-gallery td-slide-on-2-columns\">\r\n                    <div class=\"post_td_gallery\">\r\n                        <div class=\"td-gallery-slide-top\">\r\n                           <div class=\"td-gallery-title\"><\/div>\r\n\r\n                            <div class=\"td-gallery-controls-wrapper\">\r\n                                <div class=\"td-gallery-slide-count\"><span class=\"td-gallery-slide-item-focus\">1<\/span> de 5<\/div>\r\n                                <div class=\"td-gallery-slide-prev-next-but\">\r\n                                    <i class = \"td-icon-left doubleSliderPrevButton\"><\/i>\r\n                                    <i class = \"td-icon-right doubleSliderNextButton\"><\/i>\r\n                                <\/div>\r\n                            <\/div>\r\n                        <\/div>\r\n\r\n                        <div class = \"td-doubleSlider-1 \">\r\n                            <div class = \"td-slider\">\r\n                                \r\n                    <div class = \"td-slide-item td-item1\">\r\n                        <figure class=\"td-slide-galery-figure td-slide-popup-gallery\">\r\n                            <a class=\"slide-gallery-image-link\" href=\"https:\/\/www.eldiario.net\/portal\/wp-content\/uploads\/2026\/03\/PARKINSON-3.webp\" title=\"PARKINSON (3)\"  data-caption=\"\"  data-description=\"\">\r\n                                <img decoding=\"async\" src=\"https:\/\/www.eldiario.net\/portal\/wp-content\/uploads\/2026\/03\/PARKINSON-3-770x420.webp\" srcset=\"https:\/\/www.eldiario.net\/portal\/wp-content\/uploads\/2026\/03\/PARKINSON-3-770x420.webp 770w, https:\/\/www.eldiario.net\/portal\/wp-content\/uploads\/2026\/03\/PARKINSON-3-300x164.webp 300w, https:\/\/www.eldiario.net\/portal\/wp-content\/uploads\/2026\/03\/PARKINSON-3-1024x559.webp 1024w, https:\/\/www.eldiario.net\/portal\/wp-content\/uploads\/2026\/03\/PARKINSON-3-768x419.webp 768w, https:\/\/www.eldiario.net\/portal\/wp-content\/uploads\/2026\/03\/PARKINSON-3-150x82.webp 150w, https:\/\/www.eldiario.net\/portal\/wp-content\/uploads\/2026\/03\/PARKINSON-3-696x380.webp 696w, https:\/\/www.eldiario.net\/portal\/wp-content\/uploads\/2026\/03\/PARKINSON-3-1068x583.webp 1068w, https:\/\/www.eldiario.net\/portal\/wp-content\/uploads\/2026\/03\/PARKINSON-3.webp 1408w\" sizes=\"(max-width: 770px) 100vw, 770px\" alt=\"\">\r\n                            <\/a>\r\n                            \r\n                        <\/figure>\r\n                    <\/div>\r\n                    <div class = \"td-slide-item td-item2\">\r\n                        <figure class=\"td-slide-galery-figure td-slide-popup-gallery\">\r\n                            <a class=\"slide-gallery-image-link\" href=\"https:\/\/www.eldiario.net\/portal\/wp-content\/uploads\/2026\/03\/PARKINSON-2.webp\" title=\"PARKINSON (2)\"  data-caption=\"\"  data-description=\"\">\r\n                                <img decoding=\"async\" src=\"https:\/\/www.eldiario.net\/portal\/wp-content\/uploads\/2026\/03\/PARKINSON-2.webp\" srcset=\"https:\/\/www.eldiario.net\/portal\/wp-content\/uploads\/2026\/03\/PARKINSON-2.webp 561w, https:\/\/www.eldiario.net\/portal\/wp-content\/uploads\/2026\/03\/PARKINSON-2-300x212.webp 300w, https:\/\/www.eldiario.net\/portal\/wp-content\/uploads\/2026\/03\/PARKINSON-2-150x106.webp 150w\" sizes=\"(max-width: 561px) 100vw, 561px\" alt=\"\">\r\n                            <\/a>\r\n                            \r\n                        <\/figure>\r\n                    <\/div>\r\n                    <div class = \"td-slide-item td-item3\">\r\n                        <figure class=\"td-slide-galery-figure td-slide-popup-gallery\">\r\n                            <a class=\"slide-gallery-image-link\" href=\"https:\/\/www.eldiario.net\/portal\/wp-content\/uploads\/2026\/03\/PARKINSON.webp\" title=\"PARKINSON\"  data-caption=\"\"  data-description=\"\">\r\n                                <img decoding=\"async\" src=\"https:\/\/www.eldiario.net\/portal\/wp-content\/uploads\/2026\/03\/PARKINSON-630x420.webp\" srcset=\"https:\/\/www.eldiario.net\/portal\/wp-content\/uploads\/2026\/03\/PARKINSON-630x420.webp 630w, https:\/\/www.eldiario.net\/portal\/wp-content\/uploads\/2026\/03\/PARKINSON-300x200.webp 300w, https:\/\/www.eldiario.net\/portal\/wp-content\/uploads\/2026\/03\/PARKINSON-1024x683.webp 1024w, https:\/\/www.eldiario.net\/portal\/wp-content\/uploads\/2026\/03\/PARKINSON-768x512.webp 768w, https:\/\/www.eldiario.net\/portal\/wp-content\/uploads\/2026\/03\/PARKINSON-150x100.webp 150w, https:\/\/www.eldiario.net\/portal\/wp-content\/uploads\/2026\/03\/PARKINSON-696x464.webp 696w, https:\/\/www.eldiario.net\/portal\/wp-content\/uploads\/2026\/03\/PARKINSON-1068x713.webp 1068w, https:\/\/www.eldiario.net\/portal\/wp-content\/uploads\/2026\/03\/PARKINSON.webp 1280w\" sizes=\"(max-width: 630px) 100vw, 630px\" alt=\"\">\r\n                            <\/a>\r\n                            \r\n                        <\/figure>\r\n                    <\/div>\r\n                    <div class = \"td-slide-item td-item4\">\r\n                        <figure class=\"td-slide-galery-figure td-slide-popup-gallery\">\r\n                            <a class=\"slide-gallery-image-link\" href=\"https:\/\/www.eldiario.net\/portal\/wp-content\/uploads\/2026\/03\/PARKINSON-5.webp\" title=\"PARKINSON (5)\"  data-caption=\"\"  data-description=\"\">\r\n                                <img decoding=\"async\" src=\"https:\/\/www.eldiario.net\/portal\/wp-content\/uploads\/2026\/03\/PARKINSON-5-769x420.webp\" srcset=\"https:\/\/www.eldiario.net\/portal\/wp-content\/uploads\/2026\/03\/PARKINSON-5-769x420.webp 769w, https:\/\/www.eldiario.net\/portal\/wp-content\/uploads\/2026\/03\/PARKINSON-5-300x164.webp 300w, https:\/\/www.eldiario.net\/portal\/wp-content\/uploads\/2026\/03\/PARKINSON-5-768x419.webp 768w, https:\/\/www.eldiario.net\/portal\/wp-content\/uploads\/2026\/03\/PARKINSON-5-150x82.webp 150w, https:\/\/www.eldiario.net\/portal\/wp-content\/uploads\/2026\/03\/PARKINSON-5-696x380.webp 696w, https:\/\/www.eldiario.net\/portal\/wp-content\/uploads\/2026\/03\/PARKINSON-5.webp 1024w\" sizes=\"(max-width: 769px) 100vw, 769px\" alt=\"\">\r\n                            <\/a>\r\n                            \r\n                        <\/figure>\r\n                    <\/div>\r\n                    <div class = \"td-slide-item td-item5\">\r\n                        <figure class=\"td-slide-galery-figure td-slide-popup-gallery\">\r\n                            <a class=\"slide-gallery-image-link\" href=\"https:\/\/www.eldiario.net\/portal\/wp-content\/uploads\/2026\/03\/PARKINSON-4.webp\" title=\"PARKINSON (4)\"  data-caption=\"\"  data-description=\"\">\r\n                                <img decoding=\"async\" src=\"https:\/\/www.eldiario.net\/portal\/wp-content\/uploads\/2026\/03\/PARKINSON-4-769x420.webp\" srcset=\"https:\/\/www.eldiario.net\/portal\/wp-content\/uploads\/2026\/03\/PARKINSON-4-769x420.webp 769w, https:\/\/www.eldiario.net\/portal\/wp-content\/uploads\/2026\/03\/PARKINSON-4-300x164.webp 300w, https:\/\/www.eldiario.net\/portal\/wp-content\/uploads\/2026\/03\/PARKINSON-4-768x419.webp 768w, https:\/\/www.eldiario.net\/portal\/wp-content\/uploads\/2026\/03\/PARKINSON-4-150x82.webp 150w, https:\/\/www.eldiario.net\/portal\/wp-content\/uploads\/2026\/03\/PARKINSON-4-696x380.webp 696w, https:\/\/www.eldiario.net\/portal\/wp-content\/uploads\/2026\/03\/PARKINSON-4.webp 1024w\" sizes=\"(max-width: 769px) 100vw, 769px\" alt=\"\">\r\n                            <\/a>\r\n                            \r\n                        <\/figure>\r\n                    <\/div>\r\n                            <\/div>\r\n                        <\/div>\r\n\r\n                        <div class = \"td-doubleSlider-2\">\r\n                            <div class = \"td-slider\">\r\n                                \r\n                    <div class = \"td-button td-item1\">\r\n                        <div class = \"td-border\"><\/div>\r\n                    <\/div>\r\n                    <div class = \"td-button td-item2\">\r\n                        <div class = \"td-border\"><\/div>\r\n                    <\/div>\r\n                    <div class = \"td-button td-item3\">\r\n                        <div class = \"td-border\"><\/div>\r\n                    <\/div>\r\n                    <div class = \"td-button td-item4\">\r\n                        <div class = \"td-border\"><\/div>\r\n                    <\/div>\r\n                    <div class = \"td-button td-item5\">\r\n                        <div class = \"td-border\"><\/div>\r\n                    <\/div>\r\n                            <\/div>\r\n                        <\/div>\r\n\r\n                    <\/div>\r\n\r\n                <\/div>\r\n                \n","protected":false},"excerpt":{"rendered":"<p>Lic. Jaime J. Ticona Pardo &#8211; Fisioterapeuta Kinesi\u00f3logo \u2013 FAC-MED \u2013 U.M.S.A. \u2013 72556224 &nbsp; La enfermedad de Parkinson es un trastorno neurodegenerativo cr\u00f3nico y progresivo que afecta el movimiento, causado por la p\u00e9rdida de neuronas productoras de dopamina. Los s\u00edntomas motores incluyen temblores en reposo, rigidez muscular, lentitud de movimientos (bradicinesia) y problemas de [&hellip;]<\/p>\n","protected":false},"author":1,"featured_media":378237,"comment_status":"closed","ping_status":"open","sticky":false,"template":"","format":"standard","meta":{"_acf_changed":false,"footnotes":""},"categories":[52],"tags":[],"class_list":["post-378241","post","type-post","status-publish","format-standard","has-post-thumbnail","category-de-salud-mas-vida"],"acf":{"antetitulo":""},"yoast_head":"<!-- This site is optimized with the Yoast SEO plugin v28.4 - https:\/\/yoast.com\/product\/yoast-seo-wordpress\/ -->\n<title>PARKINSON - El Diario - Bolivia<\/title>\n<meta name=\"robots\" content=\"index, follow, max-snippet:-1, max-image-preview:large, max-video-preview:-1\" \/>\n<link rel=\"canonical\" href=\"https:\/\/www.eldiario.net\/portal\/2026\/03\/22\/parkinson\/\" \/>\n<meta property=\"og:locale\" content=\"es_ES\" \/>\n<meta property=\"og:type\" content=\"article\" \/>\n<meta property=\"og:title\" content=\"PARKINSON - El Diario - Bolivia\" \/>\n<meta property=\"og:description\" content=\"Lic. Jaime J. Ticona Pardo &#8211; Fisioterapeuta Kinesi\u00f3logo \u2013 FAC-MED \u2013 U.M.S.A. \u2013 72556224 &nbsp; La enfermedad de Parkinson es un trastorno neurodegenerativo cr\u00f3nico y progresivo que afecta el movimiento, causado por la p\u00e9rdida de neuronas productoras de dopamina. Los s\u00edntomas motores incluyen temblores en reposo, rigidez muscular, lentitud de movimientos (bradicinesia) y problemas de [&hellip;]\" \/>\n<meta property=\"og:url\" content=\"https:\/\/www.eldiario.net\/portal\/2026\/03\/22\/parkinson\/\" \/>\n<meta property=\"og:site_name\" content=\"El Diario - Bolivia\" \/>\n<meta property=\"article:publisher\" content=\"https:\/\/www.facebook.com\/eldiario.bolivia\/\" \/>\n<meta property=\"article:published_time\" content=\"2026-03-22T04:38:59+00:00\" \/>\n<meta property=\"og:image\" content=\"https:\/\/www.eldiario.net\/portal\/wp-content\/uploads\/2026\/03\/PARKINSON-5.webp\" \/>\n\t<meta property=\"og:image:width\" content=\"1024\" \/>\n\t<meta property=\"og:image:height\" content=\"559\" \/>\n\t<meta property=\"og:image:type\" content=\"image\/webp\" \/>\n<meta name=\"author\" content=\"Jeanette\" \/>\n<meta name=\"twitter:card\" content=\"summary_large_image\" \/>\n<meta name=\"twitter:creator\" content=\"@eldiario_net\" \/>\n<meta name=\"twitter:site\" content=\"@eldiario_net\" \/>\n<meta name=\"twitter:label1\" content=\"Escrito por\" \/>\n\t<meta name=\"twitter:data1\" content=\"Jeanette\" \/>\n\t<meta name=\"twitter:label2\" content=\"Tiempo de lectura\" \/>\n\t<meta name=\"twitter:data2\" content=\"4 minutos\" \/>\n<script type=\"application\/ld+json\" class=\"yoast-schema-graph\">{\"@context\":\"https:\\\/\\\/schema.org\",\"@graph\":[{\"@type\":\"Article\",\"@id\":\"https:\\\/\\\/www.eldiario.net\\\/portal\\\/2026\\\/03\\\/22\\\/parkinson\\\/#article\",\"isPartOf\":{\"@id\":\"https:\\\/\\\/www.eldiario.net\\\/portal\\\/2026\\\/03\\\/22\\\/parkinson\\\/\"},\"author\":{\"name\":\"Jeanette\",\"@id\":\"https:\\\/\\\/www.eldiario.net\\\/portal\\\/#\\\/schema\\\/person\\\/2c57cf2b7a7ae032e449e4c9b1019eac\"},\"headline\":\"PARKINSON\",\"datePublished\":\"2026-03-22T04:38:59+00:00\",\"mainEntityOfPage\":{\"@id\":\"https:\\\/\\\/www.eldiario.net\\\/portal\\\/2026\\\/03\\\/22\\\/parkinson\\\/\"},\"wordCount\":814,\"publisher\":{\"@id\":\"https:\\\/\\\/www.eldiario.net\\\/portal\\\/#organization\"},\"image\":{\"@id\":\"https:\\\/\\\/www.eldiario.net\\\/portal\\\/2026\\\/03\\\/22\\\/parkinson\\\/#primaryimage\"},\"thumbnailUrl\":\"https:\\\/\\\/www.eldiario.net\\\/portal\\\/wp-content\\\/uploads\\\/2026\\\/03\\\/PARKINSON-5.webp\",\"articleSection\":[\"De Salud + vida\"],\"inLanguage\":\"es\"},{\"@type\":\"WebPage\",\"@id\":\"https:\\\/\\\/www.eldiario.net\\\/portal\\\/2026\\\/03\\\/22\\\/parkinson\\\/\",\"url\":\"https:\\\/\\\/www.eldiario.net\\\/portal\\\/2026\\\/03\\\/22\\\/parkinson\\\/\",\"name\":\"PARKINSON - El Diario - Bolivia\",\"isPartOf\":{\"@id\":\"https:\\\/\\\/www.eldiario.net\\\/portal\\\/#website\"},\"primaryImageOfPage\":{\"@id\":\"https:\\\/\\\/www.eldiario.net\\\/portal\\\/2026\\\/03\\\/22\\\/parkinson\\\/#primaryimage\"},\"image\":{\"@id\":\"https:\\\/\\\/www.eldiario.net\\\/portal\\\/2026\\\/03\\\/22\\\/parkinson\\\/#primaryimage\"},\"thumbnailUrl\":\"https:\\\/\\\/www.eldiario.net\\\/portal\\\/wp-content\\\/uploads\\\/2026\\\/03\\\/PARKINSON-5.webp\",\"datePublished\":\"2026-03-22T04:38:59+00:00\",\"breadcrumb\":{\"@id\":\"https:\\\/\\\/www.eldiario.net\\\/portal\\\/2026\\\/03\\\/22\\\/parkinson\\\/#breadcrumb\"},\"inLanguage\":\"es\",\"potentialAction\":[{\"@type\":\"ReadAction\",\"target\":[\"https:\\\/\\\/www.eldiario.net\\\/portal\\\/2026\\\/03\\\/22\\\/parkinson\\\/\"]}]},{\"@type\":\"ImageObject\",\"inLanguage\":\"es\",\"@id\":\"https:\\\/\\\/www.eldiario.net\\\/portal\\\/2026\\\/03\\\/22\\\/parkinson\\\/#primaryimage\",\"url\":\"https:\\\/\\\/www.eldiario.net\\\/portal\\\/wp-content\\\/uploads\\\/2026\\\/03\\\/PARKINSON-5.webp\",\"contentUrl\":\"https:\\\/\\\/www.eldiario.net\\\/portal\\\/wp-content\\\/uploads\\\/2026\\\/03\\\/PARKINSON-5.webp\",\"width\":1024,\"height\":559},{\"@type\":\"BreadcrumbList\",\"@id\":\"https:\\\/\\\/www.eldiario.net\\\/portal\\\/2026\\\/03\\\/22\\\/parkinson\\\/#breadcrumb\",\"itemListElement\":[{\"@type\":\"ListItem\",\"position\":1,\"name\":\"Portada\",\"item\":\"https:\\\/\\\/www.eldiario.net\\\/portal\\\/\"},{\"@type\":\"ListItem\",\"position\":2,\"name\":\"PARKINSON\"}]},{\"@type\":\"WebSite\",\"@id\":\"https:\\\/\\\/www.eldiario.net\\\/portal\\\/#website\",\"url\":\"https:\\\/\\\/www.eldiario.net\\\/portal\\\/\",\"name\":\"El Diario - Decano de la prensa nacional\",\"description\":\"El Diario - Decano de la prensa nacional\",\"publisher\":{\"@id\":\"https:\\\/\\\/www.eldiario.net\\\/portal\\\/#organization\"},\"potentialAction\":[{\"@type\":\"SearchAction\",\"target\":{\"@type\":\"EntryPoint\",\"urlTemplate\":\"https:\\\/\\\/www.eldiario.net\\\/portal\\\/?s={search_term_string}\"},\"query-input\":{\"@type\":\"PropertyValueSpecification\",\"valueRequired\":true,\"valueName\":\"search_term_string\"}}],\"inLanguage\":\"es\"},{\"@type\":\"Organization\",\"@id\":\"https:\\\/\\\/www.eldiario.net\\\/portal\\\/#organization\",\"name\":\"El Diario - Decano de la prensa nacional\",\"url\":\"https:\\\/\\\/www.eldiario.net\\\/portal\\\/\",\"logo\":{\"@type\":\"ImageObject\",\"inLanguage\":\"es\",\"@id\":\"https:\\\/\\\/www.eldiario.net\\\/portal\\\/#\\\/schema\\\/logo\\\/image\\\/\",\"url\":\"https:\\\/\\\/www.eldiario.net\\\/portal\\\/wp-content\\\/uploads\\\/2023\\\/07\\\/logo_ED.jpg\",\"contentUrl\":\"https:\\\/\\\/www.eldiario.net\\\/portal\\\/wp-content\\\/uploads\\\/2023\\\/07\\\/logo_ED.jpg\",\"width\":272,\"height\":52,\"caption\":\"El Diario - Decano de la prensa nacional\"},\"image\":{\"@id\":\"https:\\\/\\\/www.eldiario.net\\\/portal\\\/#\\\/schema\\\/logo\\\/image\\\/\"},\"sameAs\":[\"https:\\\/\\\/www.facebook.com\\\/eldiario.bolivia\\\/\",\"https:\\\/\\\/x.com\\\/eldiario_net\"]},{\"@type\":\"Person\",\"@id\":\"https:\\\/\\\/www.eldiario.net\\\/portal\\\/#\\\/schema\\\/person\\\/2c57cf2b7a7ae032e449e4c9b1019eac\",\"name\":\"Jeanette\",\"image\":{\"@type\":\"ImageObject\",\"inLanguage\":\"es\",\"@id\":\"https:\\\/\\\/secure.gravatar.com\\\/avatar\\\/3ea2118a5f7dad2b7138b1187a6b7ee55f160b9968b66013c3a3ef39dd7e5798?s=96&d=mm&r=g\",\"url\":\"https:\\\/\\\/secure.gravatar.com\\\/avatar\\\/3ea2118a5f7dad2b7138b1187a6b7ee55f160b9968b66013c3a3ef39dd7e5798?s=96&d=mm&r=g\",\"contentUrl\":\"https:\\\/\\\/secure.gravatar.com\\\/avatar\\\/3ea2118a5f7dad2b7138b1187a6b7ee55f160b9968b66013c3a3ef39dd7e5798?s=96&d=mm&r=g\",\"caption\":\"Jeanette\"},\"sameAs\":[\"https:\\\/\\\/www.eldiario.net\\\/portal\"],\"url\":\"https:\\\/\\\/www.eldiario.net\\\/portal\\\/author\\\/jeanette\\\/\"}]}<\/script>\n<!-- \/ Yoast SEO plugin. -->","yoast_head_json":{"title":"PARKINSON - El Diario - Bolivia","robots":{"index":"index","follow":"follow","max-snippet":"max-snippet:-1","max-image-preview":"max-image-preview:large","max-video-preview":"max-video-preview:-1"},"canonical":"https:\/\/www.eldiario.net\/portal\/2026\/03\/22\/parkinson\/","og_locale":"es_ES","og_type":"article","og_title":"PARKINSON - El Diario - Bolivia","og_description":"Lic. Jaime J. Ticona Pardo &#8211; Fisioterapeuta Kinesi\u00f3logo \u2013 FAC-MED \u2013 U.M.S.A. \u2013 72556224 &nbsp; La enfermedad de Parkinson es un trastorno neurodegenerativo cr\u00f3nico y progresivo que afecta el movimiento, causado por la p\u00e9rdida de neuronas productoras de dopamina. Los s\u00edntomas motores incluyen temblores en reposo, rigidez muscular, lentitud de movimientos (bradicinesia) y problemas de [&hellip;]","og_url":"https:\/\/www.eldiario.net\/portal\/2026\/03\/22\/parkinson\/","og_site_name":"El Diario - Bolivia","article_publisher":"https:\/\/www.facebook.com\/eldiario.bolivia\/","article_published_time":"2026-03-22T04:38:59+00:00","og_image":[{"width":1024,"height":559,"url":"https:\/\/www.eldiario.net\/portal\/wp-content\/uploads\/2026\/03\/PARKINSON-5.webp","type":"image\/webp"}],"author":"Jeanette","twitter_card":"summary_large_image","twitter_creator":"@eldiario_net","twitter_site":"@eldiario_net","twitter_misc":{"Escrito por":"Jeanette","Tiempo de lectura":"4 minutos"},"schema":{"@context":"https:\/\/schema.org","@graph":[{"@type":"Article","@id":"https:\/\/www.eldiario.net\/portal\/2026\/03\/22\/parkinson\/#article","isPartOf":{"@id":"https:\/\/www.eldiario.net\/portal\/2026\/03\/22\/parkinson\/"},"author":{"name":"Jeanette","@id":"https:\/\/www.eldiario.net\/portal\/#\/schema\/person\/2c57cf2b7a7ae032e449e4c9b1019eac"},"headline":"PARKINSON","datePublished":"2026-03-22T04:38:59+00:00","mainEntityOfPage":{"@id":"https:\/\/www.eldiario.net\/portal\/2026\/03\/22\/parkinson\/"},"wordCount":814,"publisher":{"@id":"https:\/\/www.eldiario.net\/portal\/#organization"},"image":{"@id":"https:\/\/www.eldiario.net\/portal\/2026\/03\/22\/parkinson\/#primaryimage"},"thumbnailUrl":"https:\/\/www.eldiario.net\/portal\/wp-content\/uploads\/2026\/03\/PARKINSON-5.webp","articleSection":["De Salud + vida"],"inLanguage":"es"},{"@type":"WebPage","@id":"https:\/\/www.eldiario.net\/portal\/2026\/03\/22\/parkinson\/","url":"https:\/\/www.eldiario.net\/portal\/2026\/03\/22\/parkinson\/","name":"PARKINSON - El Diario - Bolivia","isPartOf":{"@id":"https:\/\/www.eldiario.net\/portal\/#website"},"primaryImageOfPage":{"@id":"https:\/\/www.eldiario.net\/portal\/2026\/03\/22\/parkinson\/#primaryimage"},"image":{"@id":"https:\/\/www.eldiario.net\/portal\/2026\/03\/22\/parkinson\/#primaryimage"},"thumbnailUrl":"https:\/\/www.eldiario.net\/portal\/wp-content\/uploads\/2026\/03\/PARKINSON-5.webp","datePublished":"2026-03-22T04:38:59+00:00","breadcrumb":{"@id":"https:\/\/www.eldiario.net\/portal\/2026\/03\/22\/parkinson\/#breadcrumb"},"inLanguage":"es","potentialAction":[{"@type":"ReadAction","target":["https:\/\/www.eldiario.net\/portal\/2026\/03\/22\/parkinson\/"]}]},{"@type":"ImageObject","inLanguage":"es","@id":"https:\/\/www.eldiario.net\/portal\/2026\/03\/22\/parkinson\/#primaryimage","url":"https:\/\/www.eldiario.net\/portal\/wp-content\/uploads\/2026\/03\/PARKINSON-5.webp","contentUrl":"https:\/\/www.eldiario.net\/portal\/wp-content\/uploads\/2026\/03\/PARKINSON-5.webp","width":1024,"height":559},{"@type":"BreadcrumbList","@id":"https:\/\/www.eldiario.net\/portal\/2026\/03\/22\/parkinson\/#breadcrumb","itemListElement":[{"@type":"ListItem","position":1,"name":"Portada","item":"https:\/\/www.eldiario.net\/portal\/"},{"@type":"ListItem","position":2,"name":"PARKINSON"}]},{"@type":"WebSite","@id":"https:\/\/www.eldiario.net\/portal\/#website","url":"https:\/\/www.eldiario.net\/portal\/","name":"El Diario - Decano de la prensa nacional","description":"El Diario - Decano de la prensa nacional","publisher":{"@id":"https:\/\/www.eldiario.net\/portal\/#organization"},"potentialAction":[{"@type":"SearchAction","target":{"@type":"EntryPoint","urlTemplate":"https:\/\/www.eldiario.net\/portal\/?s={search_term_string}"},"query-input":{"@type":"PropertyValueSpecification","valueRequired":true,"valueName":"search_term_string"}}],"inLanguage":"es"},{"@type":"Organization","@id":"https:\/\/www.eldiario.net\/portal\/#organization","name":"El Diario - Decano de la prensa nacional","url":"https:\/\/www.eldiario.net\/portal\/","logo":{"@type":"ImageObject","inLanguage":"es","@id":"https:\/\/www.eldiario.net\/portal\/#\/schema\/logo\/image\/","url":"https:\/\/www.eldiario.net\/portal\/wp-content\/uploads\/2023\/07\/logo_ED.jpg","contentUrl":"https:\/\/www.eldiario.net\/portal\/wp-content\/uploads\/2023\/07\/logo_ED.jpg","width":272,"height":52,"caption":"El Diario - Decano de la prensa nacional"},"image":{"@id":"https:\/\/www.eldiario.net\/portal\/#\/schema\/logo\/image\/"},"sameAs":["https:\/\/www.facebook.com\/eldiario.bolivia\/","https:\/\/x.com\/eldiario_net"]},{"@type":"Person","@id":"https:\/\/www.eldiario.net\/portal\/#\/schema\/person\/2c57cf2b7a7ae032e449e4c9b1019eac","name":"Jeanette","image":{"@type":"ImageObject","inLanguage":"es","@id":"https:\/\/secure.gravatar.com\/avatar\/3ea2118a5f7dad2b7138b1187a6b7ee55f160b9968b66013c3a3ef39dd7e5798?s=96&d=mm&r=g","url":"https:\/\/secure.gravatar.com\/avatar\/3ea2118a5f7dad2b7138b1187a6b7ee55f160b9968b66013c3a3ef39dd7e5798?s=96&d=mm&r=g","contentUrl":"https:\/\/secure.gravatar.com\/avatar\/3ea2118a5f7dad2b7138b1187a6b7ee55f160b9968b66013c3a3ef39dd7e5798?s=96&d=mm&r=g","caption":"Jeanette"},"sameAs":["https:\/\/www.eldiario.net\/portal"],"url":"https:\/\/www.eldiario.net\/portal\/author\/jeanette\/"}]}},"_links":{"self":[{"href":"https:\/\/www.eldiario.net\/portal\/wp-json\/wp\/v2\/posts\/378241","targetHints":{"allow":["GET"]}}],"collection":[{"href":"https:\/\/www.eldiario.net\/portal\/wp-json\/wp\/v2\/posts"}],"about":[{"href":"https:\/\/www.eldiario.net\/portal\/wp-json\/wp\/v2\/types\/post"}],"author":[{"embeddable":true,"href":"https:\/\/www.eldiario.net\/portal\/wp-json\/wp\/v2\/users\/1"}],"replies":[{"embeddable":true,"href":"https:\/\/www.eldiario.net\/portal\/wp-json\/wp\/v2\/comments?post=378241"}],"version-history":[{"count":1,"href":"https:\/\/www.eldiario.net\/portal\/wp-json\/wp\/v2\/posts\/378241\/revisions"}],"predecessor-version":[{"id":378242,"href":"https:\/\/www.eldiario.net\/portal\/wp-json\/wp\/v2\/posts\/378241\/revisions\/378242"}],"wp:featuredmedia":[{"embeddable":true,"href":"https:\/\/www.eldiario.net\/portal\/wp-json\/wp\/v2\/media\/378237"}],"wp:attachment":[{"href":"https:\/\/www.eldiario.net\/portal\/wp-json\/wp\/v2\/media?parent=378241"}],"wp:term":[{"taxonomy":"category","embeddable":true,"href":"https:\/\/www.eldiario.net\/portal\/wp-json\/wp\/v2\/categories?post=378241"},{"taxonomy":"post_tag","embeddable":true,"href":"https:\/\/www.eldiario.net\/portal\/wp-json\/wp\/v2\/tags?post=378241"}],"curies":[{"name":"wp","href":"https:\/\/api.w.org\/{rel}","templated":true}]}}