{"id":37726,"date":"2021-10-20T05:47:22","date_gmt":"2021-10-20T09:47:22","guid":{"rendered":"https:\/\/www.eldiario.net\/portal\/?p=37726"},"modified":"2021-10-20T05:47:22","modified_gmt":"2021-10-20T09:47:22","slug":"mesa-y-quiroga-organos-del-estado-avalaron-transicion","status":"publish","type":"post","link":"https:\/\/www.eldiario.net\/portal\/2021\/10\/20\/mesa-y-quiroga-organos-del-estado-avalaron-transicion\/","title":{"rendered":"Mesa y Quiroga: \u00d3rganos del  Estado avalaron transici\u00f3n"},"content":{"rendered":"<p>Los expresidentes Jorge Quiroga y Carlos Mesa se\u00f1alaron que las versiones sobre una supuesta inconstitucionalidad del gobierno de Jeanine A\u00f1ez, planteadas desde el oficialismo, son falsas y prueba de ello es que durante su gesti\u00f3n, tres \u00f3rganos del Estado reconocieron el car\u00e1cter constitucional del mandato transitorio.<br \/>\nEn opini\u00f3n de Quiroga, los cuestionamientos del l\u00edder cocalero, Evo Morales, sobre la legalidad del mandato de A\u00f1ez carecen de veracidad, pues en su gesti\u00f3n se promulgaron normativas por parte del Ejecutivo y tambi\u00e9n desde el Legislativo, hecho que reconoce su mandato.<br \/>\n\u201cEvo miente al sindicar la gesti\u00f3n de Jeanine A\u00f1ez de \u2018inconstitucional\u2019. El Tribunal Constitucional Plurinacional y Congreso masista la reconocieron. Se promulgaron 78 leyes: 55 por A\u00f1ez y 23 por Copa, lo que demuestra una constitucionalidad absoluta\u201d, dijo.<br \/>\nQuiroga se dirigi\u00f3 a Morales y dijo que la entonces presidenta del Senado, Eva Copa, los dos tercios del MAS en el Legislativo y el Tribunal Constitucional, controlado por el partido azul, avalaron la transici\u00f3n en Bolivia.<br \/>\nLas manifestaciones de rechazo se dan tras las publicaciones en redes sociales por parte del expresidente, Evo Morales, quien calific\u00f3 a la gesti\u00f3n de A\u00f1ez como un mandato inconstitucional que incurri\u00f3 en una flagrante violaci\u00f3n a los derechos fundamentales y gener\u00f3 un da\u00f1o econ\u00f3mico al Estado.<br \/>\n\u201cLa sentencia del TCP establece que no hubo sucesi\u00f3n presidencial ni gobierno de transici\u00f3n en 2019, por lo que, en nuestra opini\u00f3n, corresponde un juicio ordinario a A\u00f1ez y su gobierno que masacraron, violaron los derechos humanos y da\u00f1aron la econom\u00eda\u201d, expres\u00f3 Morales desde su cuenta de Twitter.<br \/>\nAl respecto, el l\u00edder de Comunidad Ciudadana, Carlos Mesa, comparti\u00f3 un texto en el que hace un recuento de todos los aspectos y hechos relevantes adem\u00e1s de elementos jur\u00eddicos que sustentan la constitucionalidad del gobierno de A\u00f1ez.<br \/>\nEn el recuento, el exmandatario hace una cronolog\u00eda de los hechos desde la publicaci\u00f3n del informe preliminar de la auditor\u00eda al proceso electoral 2019 por parte de la OEA, la renuncia de Morales al cargo, seguida de las renuncias de los presidentes de las c\u00e1maras legislativas, con el objetivo de generar un vac\u00edo de poder y su posterior salida del pa\u00eds. De la misma forma, los d\u00edas posteriores a su salida hasta la asunci\u00f3n al cargo de presidenta, por parte de la entonces senadora Jeanine A\u00f1ez.<br \/>\nMesa, adem\u00e1s, sostiene que la constitucionalidad del gobierno transitorio est\u00e1 avalada por la Constituci\u00f3n Pol\u00edtica del Estado en sus art\u00edculos 1, 7, 9, 11, 12, 169 y 170; la Declaraci\u00f3n Constitucional 003\/2001 del Tribunal Constitucional, de 31 de julio de 2001; el Comunicado P\u00fablico del Tribunal Constitucional Plurinacional, del 12 de noviembre de 2019; el Reglamento de la C\u00e1mara de Senadores; la Ley 1266, de 24 de noviembre de 2019; la Declaraci\u00f3n Constitucional 001\/2020 del Tribunal Constitucional, de 15 de enero de 2020; la Ley 1270 de Pr\u00f3rroga de Mandato de Autoridades Electas, de 20 de enero de 2020 y la aceptaci\u00f3n a la renuncia de Evo Morales y \u00c1lvaro Garc\u00eda Linera, de 20 de enero de 2020, por parte de la ALP.<br \/>\nEl historiador y periodista finaliz\u00f3 y puntualiz\u00f3 que la gran mayor\u00eda de la comunidad internacional y sus organismos, as\u00ed como tres \u00f3rganos del Estado, reconocieron el car\u00e1cter constitucional de la presidenta A\u00f1ez, cuando \u201cla ALP envi\u00f3 las leyes que sancion\u00f3 para su promulgaci\u00f3n; el \u00d3rgano Judicial al invitarla a la inauguraci\u00f3n del a\u00f1o judicial en enero de 2021; el \u00d3rgano Electoral al consultar con ella en m\u00e1s de una oportunidad, sobre la fecha de las elecciones presidenciales, ante las dificultades por la pandemia\u201d, indic\u00f3.<\/p>\n","protected":false},"excerpt":{"rendered":"<p>Los expresidentes Jorge Quiroga y Carlos Mesa se\u00f1alaron que las versiones sobre una supuesta inconstitucionalidad del gobierno de Jeanine A\u00f1ez, planteadas desde el oficialismo, son falsas y prueba de ello es que durante su gesti\u00f3n, tres \u00f3rganos del Estado reconocieron el car\u00e1cter constitucional del mandato transitorio. En opini\u00f3n de Quiroga, los cuestionamientos del l\u00edder cocalero, [&hellip;]<\/p>\n","protected":false},"author":1,"featured_media":37727,"comment_status":"closed","ping_status":"closed","sticky":false,"template":"","format":"standard","meta":{"_acf_changed":false,"footnotes":""},"categories":[14],"tags":[],"class_list":["post-37726","post","type-post","status-publish","format-standard","has-post-thumbnail","category-politica"],"acf":{"antetitulo":""},"yoast_head":"<!-- This site is optimized with the Yoast SEO plugin v28.3 - https:\/\/yoast.com\/product\/yoast-seo-wordpress\/ -->\n<title>Mesa y Quiroga: \u00d3rganos del Estado avalaron transici\u00f3n - El Diario - Bolivia<\/title>\n<meta name=\"robots\" content=\"index, follow, max-snippet:-1, max-image-preview:large, max-video-preview:-1\" \/>\n<link rel=\"canonical\" href=\"https:\/\/www.eldiario.net\/portal\/2021\/10\/20\/mesa-y-quiroga-organos-del-estado-avalaron-transicion\/\" \/>\n<meta property=\"og:locale\" content=\"es_ES\" \/>\n<meta property=\"og:type\" content=\"article\" \/>\n<meta property=\"og:title\" content=\"Mesa y Quiroga: \u00d3rganos del Estado avalaron transici\u00f3n - El Diario - Bolivia\" \/>\n<meta property=\"og:description\" content=\"Los expresidentes Jorge Quiroga y Carlos Mesa se\u00f1alaron que las versiones sobre una supuesta inconstitucionalidad del gobierno de Jeanine A\u00f1ez, planteadas desde el oficialismo, son falsas y prueba de ello es que durante su gesti\u00f3n, tres \u00f3rganos del Estado reconocieron el car\u00e1cter constitucional del mandato transitorio. En opini\u00f3n de Quiroga, los cuestionamientos del l\u00edder cocalero, [&hellip;]\" \/>\n<meta property=\"og:url\" content=\"https:\/\/www.eldiario.net\/portal\/2021\/10\/20\/mesa-y-quiroga-organos-del-estado-avalaron-transicion\/\" \/>\n<meta property=\"og:site_name\" content=\"El Diario - Bolivia\" \/>\n<meta property=\"article:publisher\" content=\"https:\/\/www.facebook.com\/eldiario.bolivia\/\" \/>\n<meta property=\"article:published_time\" content=\"2021-10-20T09:47:22+00:00\" \/>\n<meta name=\"author\" content=\"Jeanette\" \/>\n<meta name=\"twitter:card\" content=\"summary_large_image\" \/>\n<meta name=\"twitter:creator\" content=\"@eldiario_net\" \/>\n<meta name=\"twitter:site\" content=\"@eldiario_net\" \/>\n<meta name=\"twitter:label1\" content=\"Escrito por\" \/>\n\t<meta name=\"twitter:data1\" content=\"Jeanette\" \/>\n\t<meta name=\"twitter:label2\" content=\"Tiempo de lectura\" \/>\n\t<meta name=\"twitter:data2\" content=\"3 minutos\" \/>\n<script type=\"application\/ld+json\" class=\"yoast-schema-graph\">{\"@context\":\"https:\\\/\\\/schema.org\",\"@graph\":[{\"@type\":\"Article\",\"@id\":\"https:\\\/\\\/www.eldiario.net\\\/portal\\\/2021\\\/10\\\/20\\\/mesa-y-quiroga-organos-del-estado-avalaron-transicion\\\/#article\",\"isPartOf\":{\"@id\":\"https:\\\/\\\/www.eldiario.net\\\/portal\\\/2021\\\/10\\\/20\\\/mesa-y-quiroga-organos-del-estado-avalaron-transicion\\\/\"},\"author\":{\"name\":\"Jeanette\",\"@id\":\"https:\\\/\\\/www.eldiario.net\\\/portal\\\/#\\\/schema\\\/person\\\/f46445640444750d7d753ccd04ae01b7\"},\"headline\":\"Mesa y Quiroga: \u00d3rganos del Estado avalaron transici\u00f3n\",\"datePublished\":\"2021-10-20T09:47:22+00:00\",\"mainEntityOfPage\":{\"@id\":\"https:\\\/\\\/www.eldiario.net\\\/portal\\\/2021\\\/10\\\/20\\\/mesa-y-quiroga-organos-del-estado-avalaron-transicion\\\/\"},\"wordCount\":622,\"publisher\":{\"@id\":\"https:\\\/\\\/www.eldiario.net\\\/portal\\\/#organization\"},\"image\":{\"@id\":\"https:\\\/\\\/www.eldiario.net\\\/portal\\\/2021\\\/10\\\/20\\\/mesa-y-quiroga-organos-del-estado-avalaron-transicion\\\/#primaryimage\"},\"thumbnailUrl\":\"\",\"articleSection\":[\"Pol\u00edtica\"],\"inLanguage\":\"es\"},{\"@type\":\"WebPage\",\"@id\":\"https:\\\/\\\/www.eldiario.net\\\/portal\\\/2021\\\/10\\\/20\\\/mesa-y-quiroga-organos-del-estado-avalaron-transicion\\\/\",\"url\":\"https:\\\/\\\/www.eldiario.net\\\/portal\\\/2021\\\/10\\\/20\\\/mesa-y-quiroga-organos-del-estado-avalaron-transicion\\\/\",\"name\":\"Mesa y Quiroga: \u00d3rganos del Estado avalaron transici\u00f3n - El Diario - Bolivia\",\"isPartOf\":{\"@id\":\"https:\\\/\\\/www.eldiario.net\\\/portal\\\/#website\"},\"primaryImageOfPage\":{\"@id\":\"https:\\\/\\\/www.eldiario.net\\\/portal\\\/2021\\\/10\\\/20\\\/mesa-y-quiroga-organos-del-estado-avalaron-transicion\\\/#primaryimage\"},\"image\":{\"@id\":\"https:\\\/\\\/www.eldiario.net\\\/portal\\\/2021\\\/10\\\/20\\\/mesa-y-quiroga-organos-del-estado-avalaron-transicion\\\/#primaryimage\"},\"thumbnailUrl\":\"\",\"datePublished\":\"2021-10-20T09:47:22+00:00\",\"breadcrumb\":{\"@id\":\"https:\\\/\\\/www.eldiario.net\\\/portal\\\/2021\\\/10\\\/20\\\/mesa-y-quiroga-organos-del-estado-avalaron-transicion\\\/#breadcrumb\"},\"inLanguage\":\"es\",\"potentialAction\":[{\"@type\":\"ReadAction\",\"target\":[\"https:\\\/\\\/www.eldiario.net\\\/portal\\\/2021\\\/10\\\/20\\\/mesa-y-quiroga-organos-del-estado-avalaron-transicion\\\/\"]}]},{\"@type\":\"ImageObject\",\"inLanguage\":\"es\",\"@id\":\"https:\\\/\\\/www.eldiario.net\\\/portal\\\/2021\\\/10\\\/20\\\/mesa-y-quiroga-organos-del-estado-avalaron-transicion\\\/#primaryimage\",\"url\":\"\",\"contentUrl\":\"\"},{\"@type\":\"BreadcrumbList\",\"@id\":\"https:\\\/\\\/www.eldiario.net\\\/portal\\\/2021\\\/10\\\/20\\\/mesa-y-quiroga-organos-del-estado-avalaron-transicion\\\/#breadcrumb\",\"itemListElement\":[{\"@type\":\"ListItem\",\"position\":1,\"name\":\"Portada\",\"item\":\"https:\\\/\\\/www.eldiario.net\\\/portal\\\/\"},{\"@type\":\"ListItem\",\"position\":2,\"name\":\"Mesa y Quiroga: \u00d3rganos del Estado avalaron transici\u00f3n\"}]},{\"@type\":\"WebSite\",\"@id\":\"https:\\\/\\\/www.eldiario.net\\\/portal\\\/#website\",\"url\":\"https:\\\/\\\/www.eldiario.net\\\/portal\\\/\",\"name\":\"El Diario - Decano de la prensa nacional\",\"description\":\"El Diario - Decano de la prensa nacional\",\"publisher\":{\"@id\":\"https:\\\/\\\/www.eldiario.net\\\/portal\\\/#organization\"},\"potentialAction\":[{\"@type\":\"SearchAction\",\"target\":{\"@type\":\"EntryPoint\",\"urlTemplate\":\"https:\\\/\\\/www.eldiario.net\\\/portal\\\/?s={search_term_string}\"},\"query-input\":{\"@type\":\"PropertyValueSpecification\",\"valueRequired\":true,\"valueName\":\"search_term_string\"}}],\"inLanguage\":\"es\"},{\"@type\":\"Organization\",\"@id\":\"https:\\\/\\\/www.eldiario.net\\\/portal\\\/#organization\",\"name\":\"El Diario - Decano de la prensa nacional\",\"url\":\"https:\\\/\\\/www.eldiario.net\\\/portal\\\/\",\"logo\":{\"@type\":\"ImageObject\",\"inLanguage\":\"es\",\"@id\":\"https:\\\/\\\/www.eldiario.net\\\/portal\\\/#\\\/schema\\\/logo\\\/image\\\/\",\"url\":\"https:\\\/\\\/www.eldiario.net\\\/portal\\\/wp-content\\\/uploads\\\/2023\\\/07\\\/logo_ED.jpg\",\"contentUrl\":\"https:\\\/\\\/www.eldiario.net\\\/portal\\\/wp-content\\\/uploads\\\/2023\\\/07\\\/logo_ED.jpg\",\"width\":272,\"height\":52,\"caption\":\"El Diario - Decano de la prensa nacional\"},\"image\":{\"@id\":\"https:\\\/\\\/www.eldiario.net\\\/portal\\\/#\\\/schema\\\/logo\\\/image\\\/\"},\"sameAs\":[\"https:\\\/\\\/www.facebook.com\\\/eldiario.bolivia\\\/\",\"https:\\\/\\\/x.com\\\/eldiario_net\"]},{\"@type\":\"Person\",\"@id\":\"https:\\\/\\\/www.eldiario.net\\\/portal\\\/#\\\/schema\\\/person\\\/f46445640444750d7d753ccd04ae01b7\",\"name\":\"Jeanette\",\"image\":{\"@type\":\"ImageObject\",\"inLanguage\":\"es\",\"@id\":\"https:\\\/\\\/secure.gravatar.com\\\/avatar\\\/3ea2118a5f7dad2b7138b1187a6b7ee55f160b9968b66013c3a3ef39dd7e5798?s=96&d=mm&r=g\",\"url\":\"https:\\\/\\\/secure.gravatar.com\\\/avatar\\\/3ea2118a5f7dad2b7138b1187a6b7ee55f160b9968b66013c3a3ef39dd7e5798?s=96&d=mm&r=g\",\"contentUrl\":\"https:\\\/\\\/secure.gravatar.com\\\/avatar\\\/3ea2118a5f7dad2b7138b1187a6b7ee55f160b9968b66013c3a3ef39dd7e5798?s=96&d=mm&r=g\",\"caption\":\"Jeanette\"},\"sameAs\":[\"https:\\\/\\\/www.eldiario.net\\\/portal\"],\"url\":\"https:\\\/\\\/www.eldiario.net\\\/portal\\\/author\\\/jeanette\\\/\"}]}<\/script>\n<!-- \/ Yoast SEO plugin. -->","yoast_head_json":{"title":"Mesa y Quiroga: \u00d3rganos del Estado avalaron transici\u00f3n - El Diario - Bolivia","robots":{"index":"index","follow":"follow","max-snippet":"max-snippet:-1","max-image-preview":"max-image-preview:large","max-video-preview":"max-video-preview:-1"},"canonical":"https:\/\/www.eldiario.net\/portal\/2021\/10\/20\/mesa-y-quiroga-organos-del-estado-avalaron-transicion\/","og_locale":"es_ES","og_type":"article","og_title":"Mesa y Quiroga: \u00d3rganos del Estado avalaron transici\u00f3n - El Diario - Bolivia","og_description":"Los expresidentes Jorge Quiroga y Carlos Mesa se\u00f1alaron que las versiones sobre una supuesta inconstitucionalidad del gobierno de Jeanine A\u00f1ez, planteadas desde el oficialismo, son falsas y prueba de ello es que durante su gesti\u00f3n, tres \u00f3rganos del Estado reconocieron el car\u00e1cter constitucional del mandato transitorio. En opini\u00f3n de Quiroga, los cuestionamientos del l\u00edder cocalero, [&hellip;]","og_url":"https:\/\/www.eldiario.net\/portal\/2021\/10\/20\/mesa-y-quiroga-organos-del-estado-avalaron-transicion\/","og_site_name":"El Diario - Bolivia","article_publisher":"https:\/\/www.facebook.com\/eldiario.bolivia\/","article_published_time":"2021-10-20T09:47:22+00:00","author":"Jeanette","twitter_card":"summary_large_image","twitter_creator":"@eldiario_net","twitter_site":"@eldiario_net","twitter_misc":{"Escrito por":"Jeanette","Tiempo de lectura":"3 minutos"},"schema":{"@context":"https:\/\/schema.org","@graph":[{"@type":"Article","@id":"https:\/\/www.eldiario.net\/portal\/2021\/10\/20\/mesa-y-quiroga-organos-del-estado-avalaron-transicion\/#article","isPartOf":{"@id":"https:\/\/www.eldiario.net\/portal\/2021\/10\/20\/mesa-y-quiroga-organos-del-estado-avalaron-transicion\/"},"author":{"name":"Jeanette","@id":"https:\/\/www.eldiario.net\/portal\/#\/schema\/person\/f46445640444750d7d753ccd04ae01b7"},"headline":"Mesa y Quiroga: \u00d3rganos del Estado avalaron transici\u00f3n","datePublished":"2021-10-20T09:47:22+00:00","mainEntityOfPage":{"@id":"https:\/\/www.eldiario.net\/portal\/2021\/10\/20\/mesa-y-quiroga-organos-del-estado-avalaron-transicion\/"},"wordCount":622,"publisher":{"@id":"https:\/\/www.eldiario.net\/portal\/#organization"},"image":{"@id":"https:\/\/www.eldiario.net\/portal\/2021\/10\/20\/mesa-y-quiroga-organos-del-estado-avalaron-transicion\/#primaryimage"},"thumbnailUrl":"","articleSection":["Pol\u00edtica"],"inLanguage":"es"},{"@type":"WebPage","@id":"https:\/\/www.eldiario.net\/portal\/2021\/10\/20\/mesa-y-quiroga-organos-del-estado-avalaron-transicion\/","url":"https:\/\/www.eldiario.net\/portal\/2021\/10\/20\/mesa-y-quiroga-organos-del-estado-avalaron-transicion\/","name":"Mesa y Quiroga: \u00d3rganos del Estado avalaron transici\u00f3n - El Diario - Bolivia","isPartOf":{"@id":"https:\/\/www.eldiario.net\/portal\/#website"},"primaryImageOfPage":{"@id":"https:\/\/www.eldiario.net\/portal\/2021\/10\/20\/mesa-y-quiroga-organos-del-estado-avalaron-transicion\/#primaryimage"},"image":{"@id":"https:\/\/www.eldiario.net\/portal\/2021\/10\/20\/mesa-y-quiroga-organos-del-estado-avalaron-transicion\/#primaryimage"},"thumbnailUrl":"","datePublished":"2021-10-20T09:47:22+00:00","breadcrumb":{"@id":"https:\/\/www.eldiario.net\/portal\/2021\/10\/20\/mesa-y-quiroga-organos-del-estado-avalaron-transicion\/#breadcrumb"},"inLanguage":"es","potentialAction":[{"@type":"ReadAction","target":["https:\/\/www.eldiario.net\/portal\/2021\/10\/20\/mesa-y-quiroga-organos-del-estado-avalaron-transicion\/"]}]},{"@type":"ImageObject","inLanguage":"es","@id":"https:\/\/www.eldiario.net\/portal\/2021\/10\/20\/mesa-y-quiroga-organos-del-estado-avalaron-transicion\/#primaryimage","url":"","contentUrl":""},{"@type":"BreadcrumbList","@id":"https:\/\/www.eldiario.net\/portal\/2021\/10\/20\/mesa-y-quiroga-organos-del-estado-avalaron-transicion\/#breadcrumb","itemListElement":[{"@type":"ListItem","position":1,"name":"Portada","item":"https:\/\/www.eldiario.net\/portal\/"},{"@type":"ListItem","position":2,"name":"Mesa y Quiroga: \u00d3rganos del Estado avalaron transici\u00f3n"}]},{"@type":"WebSite","@id":"https:\/\/www.eldiario.net\/portal\/#website","url":"https:\/\/www.eldiario.net\/portal\/","name":"El Diario - Decano de la prensa nacional","description":"El Diario - Decano de la prensa nacional","publisher":{"@id":"https:\/\/www.eldiario.net\/portal\/#organization"},"potentialAction":[{"@type":"SearchAction","target":{"@type":"EntryPoint","urlTemplate":"https:\/\/www.eldiario.net\/portal\/?s={search_term_string}"},"query-input":{"@type":"PropertyValueSpecification","valueRequired":true,"valueName":"search_term_string"}}],"inLanguage":"es"},{"@type":"Organization","@id":"https:\/\/www.eldiario.net\/portal\/#organization","name":"El Diario - Decano de la prensa nacional","url":"https:\/\/www.eldiario.net\/portal\/","logo":{"@type":"ImageObject","inLanguage":"es","@id":"https:\/\/www.eldiario.net\/portal\/#\/schema\/logo\/image\/","url":"https:\/\/www.eldiario.net\/portal\/wp-content\/uploads\/2023\/07\/logo_ED.jpg","contentUrl":"https:\/\/www.eldiario.net\/portal\/wp-content\/uploads\/2023\/07\/logo_ED.jpg","width":272,"height":52,"caption":"El Diario - Decano de la prensa nacional"},"image":{"@id":"https:\/\/www.eldiario.net\/portal\/#\/schema\/logo\/image\/"},"sameAs":["https:\/\/www.facebook.com\/eldiario.bolivia\/","https:\/\/x.com\/eldiario_net"]},{"@type":"Person","@id":"https:\/\/www.eldiario.net\/portal\/#\/schema\/person\/f46445640444750d7d753ccd04ae01b7","name":"Jeanette","image":{"@type":"ImageObject","inLanguage":"es","@id":"https:\/\/secure.gravatar.com\/avatar\/3ea2118a5f7dad2b7138b1187a6b7ee55f160b9968b66013c3a3ef39dd7e5798?s=96&d=mm&r=g","url":"https:\/\/secure.gravatar.com\/avatar\/3ea2118a5f7dad2b7138b1187a6b7ee55f160b9968b66013c3a3ef39dd7e5798?s=96&d=mm&r=g","contentUrl":"https:\/\/secure.gravatar.com\/avatar\/3ea2118a5f7dad2b7138b1187a6b7ee55f160b9968b66013c3a3ef39dd7e5798?s=96&d=mm&r=g","caption":"Jeanette"},"sameAs":["https:\/\/www.eldiario.net\/portal"],"url":"https:\/\/www.eldiario.net\/portal\/author\/jeanette\/"}]}},"_links":{"self":[{"href":"https:\/\/www.eldiario.net\/portal\/wp-json\/wp\/v2\/posts\/37726","targetHints":{"allow":["GET"]}}],"collection":[{"href":"https:\/\/www.eldiario.net\/portal\/wp-json\/wp\/v2\/posts"}],"about":[{"href":"https:\/\/www.eldiario.net\/portal\/wp-json\/wp\/v2\/types\/post"}],"author":[{"embeddable":true,"href":"https:\/\/www.eldiario.net\/portal\/wp-json\/wp\/v2\/users\/1"}],"replies":[{"embeddable":true,"href":"https:\/\/www.eldiario.net\/portal\/wp-json\/wp\/v2\/comments?post=37726"}],"version-history":[{"count":0,"href":"https:\/\/www.eldiario.net\/portal\/wp-json\/wp\/v2\/posts\/37726\/revisions"}],"wp:attachment":[{"href":"https:\/\/www.eldiario.net\/portal\/wp-json\/wp\/v2\/media?parent=37726"}],"wp:term":[{"taxonomy":"category","embeddable":true,"href":"https:\/\/www.eldiario.net\/portal\/wp-json\/wp\/v2\/categories?post=37726"},{"taxonomy":"post_tag","embeddable":true,"href":"https:\/\/www.eldiario.net\/portal\/wp-json\/wp\/v2\/tags?post=37726"}],"curies":[{"name":"wp","href":"https:\/\/api.w.org\/{rel}","templated":true}]}}