{"id":37723,"date":"2021-10-20T05:46:23","date_gmt":"2021-10-20T09:46:23","guid":{"rendered":"https:\/\/www.eldiario.net\/portal\/?p=37723"},"modified":"2021-10-20T05:46:23","modified_gmt":"2021-10-20T09:46:23","slug":"oposicion-cuestiona-servicios-de-inteligencia-afin-al-mas","status":"publish","type":"post","link":"https:\/\/www.eldiario.net\/portal\/2021\/10\/20\/oposicion-cuestiona-servicios-de-inteligencia-afin-al-mas\/","title":{"rendered":"Oposici\u00f3n cuestiona servicios  de inteligencia af\u00edn al MAS"},"content":{"rendered":"<p>Ante denuncias de un supuesto magnicidio en 2020, parlamentarios de la oposici\u00f3n exigen que el Ministerio de Gobierno explique la existencia de un sistema de inteligencia af\u00edn al Movimiento al Socialismo (MAS); el oficialismo anuncia la creaci\u00f3n de comisiones para investigar estos hechos.<br \/>\nParlamentarios advirtieron que estos anuncios, fruto de servicios de inteligencia irregulares, tratan de montar nuevos motivos para perseguir pol\u00edticamente a los que no piensan igual que el oficialismo, incluso al interior del propio partido en funci\u00f3n de gobierno.<br \/>\nEl diputado Alejandro Reyes (CC) manifest\u00f3 que dadas las circunstancias en las que se presentan estas denuncias, es probable que se trate de montar un nuevo caso de terrorismo, pero m\u00e1s preocupante es que las denuncias se basen en informes de servicios de inteligencia partidaria.<br \/>\n\u201c\u00bfC\u00f3mo es posible que exista inteligencia partidaria y en que norma se ampara este autoritarismo?; hay que alarmar a los propios masistas de que les est\u00e1n investigando a ellos mismos\u201d, dijo.<br \/>\nAdelant\u00f3 que como organizaci\u00f3n pol\u00edtica se pedir\u00e1 al Ministerio de Gobierno explicar las caracter\u00edsticas de la denominada inteligencia partidaria y sobre las regulaciones para su funcionamiento en un Estado de derecho.<br \/>\n\u201cExigimos al ministro que aclare el t\u00e9rmino y nosotros vamos a hacer una petici\u00f3n de informe, porque no puede ser que exista inteligencia partidaria dentro de un partido, que no respeta los derechos humanos y, adem\u00e1s, empieza a espiar a sus propios dirigentes\u201d, refiri\u00f3.<br \/>\nDesde el oficialismo, el diputado Juanito Angulo justific\u00f3 las acciones emprendidas por el Ministerio de Gobierno y se\u00f1al\u00f3 que se trata de esclarecer todas las circunstancias alrededor de una denuncia tan delicada.<br \/>\n\u201cConsidero que es una inteligencia institucional, una inteligencia de nuestro Ministerio de Gobierno, que tiene la tarea de llevar adelante el seguimiento correspondiente ante las advertencias internas o externas que se han escuchado en este \u00faltimo tiempo, donde se est\u00e1 amenazando la democracia y el Estado de derecho\u201d, indic\u00f3 Angulo.<br \/>\nPuntualiz\u00f3 que se tiene conocimiento sobre actos de la oposici\u00f3n para ocultar los indicios y pruebas recopiladas, pero \u201cse tendr\u00e1n mayores detalles conforme avancen las respectivas investigaciones\u201d, dijo.<\/p>\n","protected":false},"excerpt":{"rendered":"<p>Ante denuncias de un supuesto magnicidio en 2020, parlamentarios de la oposici\u00f3n exigen que el Ministerio de Gobierno explique la existencia de un sistema de inteligencia af\u00edn al Movimiento al Socialismo (MAS); el oficialismo anuncia la creaci\u00f3n de comisiones para investigar estos hechos. Parlamentarios advirtieron que estos anuncios, fruto de servicios de inteligencia irregulares, tratan [&hellip;]<\/p>\n","protected":false},"author":1,"featured_media":37724,"comment_status":"closed","ping_status":"closed","sticky":false,"template":"","format":"standard","meta":{"_acf_changed":false,"footnotes":""},"categories":[14],"tags":[],"class_list":["post-37723","post","type-post","status-publish","format-standard","has-post-thumbnail","category-politica"],"acf":{"antetitulo":""},"yoast_head":"<!-- This site is optimized with the Yoast SEO plugin v28.3 - https:\/\/yoast.com\/product\/yoast-seo-wordpress\/ -->\n<title>Oposici\u00f3n cuestiona servicios de inteligencia af\u00edn al MAS - El Diario - Bolivia<\/title>\n<meta name=\"robots\" content=\"index, follow, max-snippet:-1, max-image-preview:large, max-video-preview:-1\" \/>\n<link rel=\"canonical\" href=\"https:\/\/www.eldiario.net\/portal\/2021\/10\/20\/oposicion-cuestiona-servicios-de-inteligencia-afin-al-mas\/\" \/>\n<meta property=\"og:locale\" content=\"es_ES\" \/>\n<meta property=\"og:type\" content=\"article\" \/>\n<meta property=\"og:title\" content=\"Oposici\u00f3n cuestiona servicios de inteligencia af\u00edn al MAS - El Diario - Bolivia\" \/>\n<meta property=\"og:description\" content=\"Ante denuncias de un supuesto magnicidio en 2020, parlamentarios de la oposici\u00f3n exigen que el Ministerio de Gobierno explique la existencia de un sistema de inteligencia af\u00edn al Movimiento al Socialismo (MAS); el oficialismo anuncia la creaci\u00f3n de comisiones para investigar estos hechos. Parlamentarios advirtieron que estos anuncios, fruto de servicios de inteligencia irregulares, tratan [&hellip;]\" \/>\n<meta property=\"og:url\" content=\"https:\/\/www.eldiario.net\/portal\/2021\/10\/20\/oposicion-cuestiona-servicios-de-inteligencia-afin-al-mas\/\" \/>\n<meta property=\"og:site_name\" content=\"El Diario - Bolivia\" \/>\n<meta property=\"article:publisher\" content=\"https:\/\/www.facebook.com\/eldiario.bolivia\/\" \/>\n<meta property=\"article:published_time\" content=\"2021-10-20T09:46:23+00:00\" \/>\n<meta property=\"og:image\" content=\"https:\/\/www.eldiario.net\/portal\/wp-content\/uploads\/2021\/10\/pol-41-10.jpg\" \/>\n\t<meta property=\"og:image:width\" content=\"1280\" \/>\n\t<meta property=\"og:image:height\" content=\"721\" \/>\n\t<meta property=\"og:image:type\" content=\"image\/jpeg\" \/>\n<meta name=\"author\" content=\"Jeanette\" \/>\n<meta name=\"twitter:card\" content=\"summary_large_image\" \/>\n<meta name=\"twitter:creator\" content=\"@eldiario_net\" \/>\n<meta name=\"twitter:site\" content=\"@eldiario_net\" \/>\n<meta name=\"twitter:label1\" content=\"Escrito por\" \/>\n\t<meta name=\"twitter:data1\" content=\"Jeanette\" \/>\n\t<meta name=\"twitter:label2\" content=\"Tiempo de lectura\" \/>\n\t<meta name=\"twitter:data2\" content=\"2 minutos\" \/>\n<script type=\"application\/ld+json\" class=\"yoast-schema-graph\">{\"@context\":\"https:\\\/\\\/schema.org\",\"@graph\":[{\"@type\":\"Article\",\"@id\":\"https:\\\/\\\/www.eldiario.net\\\/portal\\\/2021\\\/10\\\/20\\\/oposicion-cuestiona-servicios-de-inteligencia-afin-al-mas\\\/#article\",\"isPartOf\":{\"@id\":\"https:\\\/\\\/www.eldiario.net\\\/portal\\\/2021\\\/10\\\/20\\\/oposicion-cuestiona-servicios-de-inteligencia-afin-al-mas\\\/\"},\"author\":{\"name\":\"Jeanette\",\"@id\":\"https:\\\/\\\/www.eldiario.net\\\/portal\\\/#\\\/schema\\\/person\\\/f46445640444750d7d753ccd04ae01b7\"},\"headline\":\"Oposici\u00f3n cuestiona servicios de inteligencia af\u00edn al MAS\",\"datePublished\":\"2021-10-20T09:46:23+00:00\",\"mainEntityOfPage\":{\"@id\":\"https:\\\/\\\/www.eldiario.net\\\/portal\\\/2021\\\/10\\\/20\\\/oposicion-cuestiona-servicios-de-inteligencia-afin-al-mas\\\/\"},\"wordCount\":368,\"publisher\":{\"@id\":\"https:\\\/\\\/www.eldiario.net\\\/portal\\\/#organization\"},\"image\":{\"@id\":\"https:\\\/\\\/www.eldiario.net\\\/portal\\\/2021\\\/10\\\/20\\\/oposicion-cuestiona-servicios-de-inteligencia-afin-al-mas\\\/#primaryimage\"},\"thumbnailUrl\":\"https:\\\/\\\/www.eldiario.net\\\/portal\\\/wp-content\\\/uploads\\\/2021\\\/10\\\/pol-41-10.jpg\",\"articleSection\":[\"Pol\u00edtica\"],\"inLanguage\":\"es\"},{\"@type\":\"WebPage\",\"@id\":\"https:\\\/\\\/www.eldiario.net\\\/portal\\\/2021\\\/10\\\/20\\\/oposicion-cuestiona-servicios-de-inteligencia-afin-al-mas\\\/\",\"url\":\"https:\\\/\\\/www.eldiario.net\\\/portal\\\/2021\\\/10\\\/20\\\/oposicion-cuestiona-servicios-de-inteligencia-afin-al-mas\\\/\",\"name\":\"Oposici\u00f3n cuestiona servicios de inteligencia af\u00edn al MAS - El Diario - Bolivia\",\"isPartOf\":{\"@id\":\"https:\\\/\\\/www.eldiario.net\\\/portal\\\/#website\"},\"primaryImageOfPage\":{\"@id\":\"https:\\\/\\\/www.eldiario.net\\\/portal\\\/2021\\\/10\\\/20\\\/oposicion-cuestiona-servicios-de-inteligencia-afin-al-mas\\\/#primaryimage\"},\"image\":{\"@id\":\"https:\\\/\\\/www.eldiario.net\\\/portal\\\/2021\\\/10\\\/20\\\/oposicion-cuestiona-servicios-de-inteligencia-afin-al-mas\\\/#primaryimage\"},\"thumbnailUrl\":\"https:\\\/\\\/www.eldiario.net\\\/portal\\\/wp-content\\\/uploads\\\/2021\\\/10\\\/pol-41-10.jpg\",\"datePublished\":\"2021-10-20T09:46:23+00:00\",\"breadcrumb\":{\"@id\":\"https:\\\/\\\/www.eldiario.net\\\/portal\\\/2021\\\/10\\\/20\\\/oposicion-cuestiona-servicios-de-inteligencia-afin-al-mas\\\/#breadcrumb\"},\"inLanguage\":\"es\",\"potentialAction\":[{\"@type\":\"ReadAction\",\"target\":[\"https:\\\/\\\/www.eldiario.net\\\/portal\\\/2021\\\/10\\\/20\\\/oposicion-cuestiona-servicios-de-inteligencia-afin-al-mas\\\/\"]}]},{\"@type\":\"ImageObject\",\"inLanguage\":\"es\",\"@id\":\"https:\\\/\\\/www.eldiario.net\\\/portal\\\/2021\\\/10\\\/20\\\/oposicion-cuestiona-servicios-de-inteligencia-afin-al-mas\\\/#primaryimage\",\"url\":\"https:\\\/\\\/www.eldiario.net\\\/portal\\\/wp-content\\\/uploads\\\/2021\\\/10\\\/pol-41-10.jpg\",\"contentUrl\":\"https:\\\/\\\/www.eldiario.net\\\/portal\\\/wp-content\\\/uploads\\\/2021\\\/10\\\/pol-41-10.jpg\",\"width\":1280,\"height\":721,\"caption\":\"Alejandro Reyes, diputado de Comunidad Ciudadana (CC).\"},{\"@type\":\"BreadcrumbList\",\"@id\":\"https:\\\/\\\/www.eldiario.net\\\/portal\\\/2021\\\/10\\\/20\\\/oposicion-cuestiona-servicios-de-inteligencia-afin-al-mas\\\/#breadcrumb\",\"itemListElement\":[{\"@type\":\"ListItem\",\"position\":1,\"name\":\"Portada\",\"item\":\"https:\\\/\\\/www.eldiario.net\\\/portal\\\/\"},{\"@type\":\"ListItem\",\"position\":2,\"name\":\"Oposici\u00f3n cuestiona servicios de inteligencia af\u00edn al MAS\"}]},{\"@type\":\"WebSite\",\"@id\":\"https:\\\/\\\/www.eldiario.net\\\/portal\\\/#website\",\"url\":\"https:\\\/\\\/www.eldiario.net\\\/portal\\\/\",\"name\":\"El Diario - Decano de la prensa nacional\",\"description\":\"El Diario - Decano de la prensa nacional\",\"publisher\":{\"@id\":\"https:\\\/\\\/www.eldiario.net\\\/portal\\\/#organization\"},\"potentialAction\":[{\"@type\":\"SearchAction\",\"target\":{\"@type\":\"EntryPoint\",\"urlTemplate\":\"https:\\\/\\\/www.eldiario.net\\\/portal\\\/?s={search_term_string}\"},\"query-input\":{\"@type\":\"PropertyValueSpecification\",\"valueRequired\":true,\"valueName\":\"search_term_string\"}}],\"inLanguage\":\"es\"},{\"@type\":\"Organization\",\"@id\":\"https:\\\/\\\/www.eldiario.net\\\/portal\\\/#organization\",\"name\":\"El Diario - Decano de la prensa nacional\",\"url\":\"https:\\\/\\\/www.eldiario.net\\\/portal\\\/\",\"logo\":{\"@type\":\"ImageObject\",\"inLanguage\":\"es\",\"@id\":\"https:\\\/\\\/www.eldiario.net\\\/portal\\\/#\\\/schema\\\/logo\\\/image\\\/\",\"url\":\"https:\\\/\\\/www.eldiario.net\\\/portal\\\/wp-content\\\/uploads\\\/2023\\\/07\\\/logo_ED.jpg\",\"contentUrl\":\"https:\\\/\\\/www.eldiario.net\\\/portal\\\/wp-content\\\/uploads\\\/2023\\\/07\\\/logo_ED.jpg\",\"width\":272,\"height\":52,\"caption\":\"El Diario - Decano de la prensa nacional\"},\"image\":{\"@id\":\"https:\\\/\\\/www.eldiario.net\\\/portal\\\/#\\\/schema\\\/logo\\\/image\\\/\"},\"sameAs\":[\"https:\\\/\\\/www.facebook.com\\\/eldiario.bolivia\\\/\",\"https:\\\/\\\/x.com\\\/eldiario_net\"]},{\"@type\":\"Person\",\"@id\":\"https:\\\/\\\/www.eldiario.net\\\/portal\\\/#\\\/schema\\\/person\\\/f46445640444750d7d753ccd04ae01b7\",\"name\":\"Jeanette\",\"image\":{\"@type\":\"ImageObject\",\"inLanguage\":\"es\",\"@id\":\"https:\\\/\\\/secure.gravatar.com\\\/avatar\\\/3ea2118a5f7dad2b7138b1187a6b7ee55f160b9968b66013c3a3ef39dd7e5798?s=96&d=mm&r=g\",\"url\":\"https:\\\/\\\/secure.gravatar.com\\\/avatar\\\/3ea2118a5f7dad2b7138b1187a6b7ee55f160b9968b66013c3a3ef39dd7e5798?s=96&d=mm&r=g\",\"contentUrl\":\"https:\\\/\\\/secure.gravatar.com\\\/avatar\\\/3ea2118a5f7dad2b7138b1187a6b7ee55f160b9968b66013c3a3ef39dd7e5798?s=96&d=mm&r=g\",\"caption\":\"Jeanette\"},\"sameAs\":[\"https:\\\/\\\/www.eldiario.net\\\/portal\"],\"url\":\"https:\\\/\\\/www.eldiario.net\\\/portal\\\/author\\\/jeanette\\\/\"}]}<\/script>\n<!-- \/ Yoast SEO plugin. -->","yoast_head_json":{"title":"Oposici\u00f3n cuestiona servicios de inteligencia af\u00edn al MAS - El Diario - Bolivia","robots":{"index":"index","follow":"follow","max-snippet":"max-snippet:-1","max-image-preview":"max-image-preview:large","max-video-preview":"max-video-preview:-1"},"canonical":"https:\/\/www.eldiario.net\/portal\/2021\/10\/20\/oposicion-cuestiona-servicios-de-inteligencia-afin-al-mas\/","og_locale":"es_ES","og_type":"article","og_title":"Oposici\u00f3n cuestiona servicios de inteligencia af\u00edn al MAS - El Diario - Bolivia","og_description":"Ante denuncias de un supuesto magnicidio en 2020, parlamentarios de la oposici\u00f3n exigen que el Ministerio de Gobierno explique la existencia de un sistema de inteligencia af\u00edn al Movimiento al Socialismo (MAS); el oficialismo anuncia la creaci\u00f3n de comisiones para investigar estos hechos. Parlamentarios advirtieron que estos anuncios, fruto de servicios de inteligencia irregulares, tratan [&hellip;]","og_url":"https:\/\/www.eldiario.net\/portal\/2021\/10\/20\/oposicion-cuestiona-servicios-de-inteligencia-afin-al-mas\/","og_site_name":"El Diario - Bolivia","article_publisher":"https:\/\/www.facebook.com\/eldiario.bolivia\/","article_published_time":"2021-10-20T09:46:23+00:00","og_image":[{"width":1280,"height":721,"url":"https:\/\/www.eldiario.net\/portal\/wp-content\/uploads\/2021\/10\/pol-41-10.jpg","type":"image\/jpeg"}],"author":"Jeanette","twitter_card":"summary_large_image","twitter_creator":"@eldiario_net","twitter_site":"@eldiario_net","twitter_misc":{"Escrito por":"Jeanette","Tiempo de lectura":"2 minutos"},"schema":{"@context":"https:\/\/schema.org","@graph":[{"@type":"Article","@id":"https:\/\/www.eldiario.net\/portal\/2021\/10\/20\/oposicion-cuestiona-servicios-de-inteligencia-afin-al-mas\/#article","isPartOf":{"@id":"https:\/\/www.eldiario.net\/portal\/2021\/10\/20\/oposicion-cuestiona-servicios-de-inteligencia-afin-al-mas\/"},"author":{"name":"Jeanette","@id":"https:\/\/www.eldiario.net\/portal\/#\/schema\/person\/f46445640444750d7d753ccd04ae01b7"},"headline":"Oposici\u00f3n cuestiona servicios de inteligencia af\u00edn al MAS","datePublished":"2021-10-20T09:46:23+00:00","mainEntityOfPage":{"@id":"https:\/\/www.eldiario.net\/portal\/2021\/10\/20\/oposicion-cuestiona-servicios-de-inteligencia-afin-al-mas\/"},"wordCount":368,"publisher":{"@id":"https:\/\/www.eldiario.net\/portal\/#organization"},"image":{"@id":"https:\/\/www.eldiario.net\/portal\/2021\/10\/20\/oposicion-cuestiona-servicios-de-inteligencia-afin-al-mas\/#primaryimage"},"thumbnailUrl":"https:\/\/www.eldiario.net\/portal\/wp-content\/uploads\/2021\/10\/pol-41-10.jpg","articleSection":["Pol\u00edtica"],"inLanguage":"es"},{"@type":"WebPage","@id":"https:\/\/www.eldiario.net\/portal\/2021\/10\/20\/oposicion-cuestiona-servicios-de-inteligencia-afin-al-mas\/","url":"https:\/\/www.eldiario.net\/portal\/2021\/10\/20\/oposicion-cuestiona-servicios-de-inteligencia-afin-al-mas\/","name":"Oposici\u00f3n cuestiona servicios de inteligencia af\u00edn al MAS - El Diario - Bolivia","isPartOf":{"@id":"https:\/\/www.eldiario.net\/portal\/#website"},"primaryImageOfPage":{"@id":"https:\/\/www.eldiario.net\/portal\/2021\/10\/20\/oposicion-cuestiona-servicios-de-inteligencia-afin-al-mas\/#primaryimage"},"image":{"@id":"https:\/\/www.eldiario.net\/portal\/2021\/10\/20\/oposicion-cuestiona-servicios-de-inteligencia-afin-al-mas\/#primaryimage"},"thumbnailUrl":"https:\/\/www.eldiario.net\/portal\/wp-content\/uploads\/2021\/10\/pol-41-10.jpg","datePublished":"2021-10-20T09:46:23+00:00","breadcrumb":{"@id":"https:\/\/www.eldiario.net\/portal\/2021\/10\/20\/oposicion-cuestiona-servicios-de-inteligencia-afin-al-mas\/#breadcrumb"},"inLanguage":"es","potentialAction":[{"@type":"ReadAction","target":["https:\/\/www.eldiario.net\/portal\/2021\/10\/20\/oposicion-cuestiona-servicios-de-inteligencia-afin-al-mas\/"]}]},{"@type":"ImageObject","inLanguage":"es","@id":"https:\/\/www.eldiario.net\/portal\/2021\/10\/20\/oposicion-cuestiona-servicios-de-inteligencia-afin-al-mas\/#primaryimage","url":"https:\/\/www.eldiario.net\/portal\/wp-content\/uploads\/2021\/10\/pol-41-10.jpg","contentUrl":"https:\/\/www.eldiario.net\/portal\/wp-content\/uploads\/2021\/10\/pol-41-10.jpg","width":1280,"height":721,"caption":"Alejandro Reyes, diputado de Comunidad Ciudadana (CC)."},{"@type":"BreadcrumbList","@id":"https:\/\/www.eldiario.net\/portal\/2021\/10\/20\/oposicion-cuestiona-servicios-de-inteligencia-afin-al-mas\/#breadcrumb","itemListElement":[{"@type":"ListItem","position":1,"name":"Portada","item":"https:\/\/www.eldiario.net\/portal\/"},{"@type":"ListItem","position":2,"name":"Oposici\u00f3n cuestiona servicios de inteligencia af\u00edn al MAS"}]},{"@type":"WebSite","@id":"https:\/\/www.eldiario.net\/portal\/#website","url":"https:\/\/www.eldiario.net\/portal\/","name":"El Diario - Decano de la prensa nacional","description":"El Diario - Decano de la prensa nacional","publisher":{"@id":"https:\/\/www.eldiario.net\/portal\/#organization"},"potentialAction":[{"@type":"SearchAction","target":{"@type":"EntryPoint","urlTemplate":"https:\/\/www.eldiario.net\/portal\/?s={search_term_string}"},"query-input":{"@type":"PropertyValueSpecification","valueRequired":true,"valueName":"search_term_string"}}],"inLanguage":"es"},{"@type":"Organization","@id":"https:\/\/www.eldiario.net\/portal\/#organization","name":"El Diario - Decano de la prensa nacional","url":"https:\/\/www.eldiario.net\/portal\/","logo":{"@type":"ImageObject","inLanguage":"es","@id":"https:\/\/www.eldiario.net\/portal\/#\/schema\/logo\/image\/","url":"https:\/\/www.eldiario.net\/portal\/wp-content\/uploads\/2023\/07\/logo_ED.jpg","contentUrl":"https:\/\/www.eldiario.net\/portal\/wp-content\/uploads\/2023\/07\/logo_ED.jpg","width":272,"height":52,"caption":"El Diario - Decano de la prensa nacional"},"image":{"@id":"https:\/\/www.eldiario.net\/portal\/#\/schema\/logo\/image\/"},"sameAs":["https:\/\/www.facebook.com\/eldiario.bolivia\/","https:\/\/x.com\/eldiario_net"]},{"@type":"Person","@id":"https:\/\/www.eldiario.net\/portal\/#\/schema\/person\/f46445640444750d7d753ccd04ae01b7","name":"Jeanette","image":{"@type":"ImageObject","inLanguage":"es","@id":"https:\/\/secure.gravatar.com\/avatar\/3ea2118a5f7dad2b7138b1187a6b7ee55f160b9968b66013c3a3ef39dd7e5798?s=96&d=mm&r=g","url":"https:\/\/secure.gravatar.com\/avatar\/3ea2118a5f7dad2b7138b1187a6b7ee55f160b9968b66013c3a3ef39dd7e5798?s=96&d=mm&r=g","contentUrl":"https:\/\/secure.gravatar.com\/avatar\/3ea2118a5f7dad2b7138b1187a6b7ee55f160b9968b66013c3a3ef39dd7e5798?s=96&d=mm&r=g","caption":"Jeanette"},"sameAs":["https:\/\/www.eldiario.net\/portal"],"url":"https:\/\/www.eldiario.net\/portal\/author\/jeanette\/"}]}},"_links":{"self":[{"href":"https:\/\/www.eldiario.net\/portal\/wp-json\/wp\/v2\/posts\/37723","targetHints":{"allow":["GET"]}}],"collection":[{"href":"https:\/\/www.eldiario.net\/portal\/wp-json\/wp\/v2\/posts"}],"about":[{"href":"https:\/\/www.eldiario.net\/portal\/wp-json\/wp\/v2\/types\/post"}],"author":[{"embeddable":true,"href":"https:\/\/www.eldiario.net\/portal\/wp-json\/wp\/v2\/users\/1"}],"replies":[{"embeddable":true,"href":"https:\/\/www.eldiario.net\/portal\/wp-json\/wp\/v2\/comments?post=37723"}],"version-history":[{"count":0,"href":"https:\/\/www.eldiario.net\/portal\/wp-json\/wp\/v2\/posts\/37723\/revisions"}],"wp:featuredmedia":[{"embeddable":true,"href":"https:\/\/www.eldiario.net\/portal\/wp-json\/wp\/v2\/media\/37724"}],"wp:attachment":[{"href":"https:\/\/www.eldiario.net\/portal\/wp-json\/wp\/v2\/media?parent=37723"}],"wp:term":[{"taxonomy":"category","embeddable":true,"href":"https:\/\/www.eldiario.net\/portal\/wp-json\/wp\/v2\/categories?post=37723"},{"taxonomy":"post_tag","embeddable":true,"href":"https:\/\/www.eldiario.net\/portal\/wp-json\/wp\/v2\/tags?post=37723"}],"curies":[{"name":"wp","href":"https:\/\/api.w.org\/{rel}","templated":true}]}}