{"id":37530,"date":"2021-10-19T06:04:26","date_gmt":"2021-10-19T10:04:26","guid":{"rendered":"https:\/\/www.eldiario.net\/portal\/?p=37530"},"modified":"2021-10-19T06:04:26","modified_gmt":"2021-10-19T10:04:26","slug":"sistema-inmunitario-en-los-seres-vivos","status":"publish","type":"post","link":"https:\/\/www.eldiario.net\/portal\/2021\/10\/19\/sistema-inmunitario-en-los-seres-vivos\/","title":{"rendered":"Sistema inmunitario en los seres vivos"},"content":{"rendered":"<p><strong>Por: Equipo editor<\/strong><\/p>\n<p>&nbsp;<\/p>\n<p><strong>Generalidades<\/strong><\/p>\n<p>&nbsp;<\/p>\n<p>Vivimos en un medio altamente contaminado por agentes infecciosos (virus, bacterias, hongos, protozoos, par\u00e1sitos o sustancias t\u00f3xicas producidas por ellos) que provocan enfermedades que, en algunos casos, pueden llegar a la muerte. La mayor\u00eda de las enfermedades son de corta duraci\u00f3n que en ocasiones dejan secuelas, esto se debe a que poseemos una serie de mecanismos de defensa llamada inmunidad y protegen nuestro organismo al hacer distinci\u00f3n entre lo propio y lo extra\u00f1o.<\/p>\n<p>&nbsp;<\/p>\n<p>El desarrollo de la respuesta inmune se ve afectado por numerosos procesos que dependen de nuestro organismo (factores intr\u00ednsecos) y de agentes pat\u00f3genos (factor extr\u00ednseco).<\/p>\n<p>&nbsp;<\/p>\n<p>Actualmente, se clasifican en dos grandes grupos a las personas que tienen un da\u00f1o a nivel del sistema inmunitario:<\/p>\n<p>&nbsp;<\/p>\n<ul>\n<li>Los inmunodeficientes, donde el sistema inmunitario no cumple con las funciones de defensa, es as\u00ed que las personas inmunodeficientes son presa f\u00e1cil de infecciones. Por ejemplo: personas ancianas y ni\u00f1os reci\u00e9n nacidos.<\/li>\n<\/ul>\n<p>&nbsp;<\/p>\n<ul>\n<li>Los inmunocomprometidos, donde existe deficiencia del sistema inmunitario (personas con VIH &#8211; SIDA, personas enfermas de c\u00e1ncer). Por otra parte, una excesiva actividad del sistema inmunitario puede ser la causa de la enfermedad, llegando en algunos casos a perder su capacidad normal de diferenciar lo propio de lo extra\u00f1o atacando las c\u00e9lulas y tejidos de nuestro propio organismo como se presenta en la artritis reumatoide.<\/li>\n<\/ul>\n<p>&nbsp;<\/p>\n<p><strong>Sistema inmunol\u00f3gico<\/strong><\/p>\n<p>&nbsp;<\/p>\n<p>La palabra inmunidad proviene de un t\u00e9rmino romano que significa \u201cestar libre\u201d y se refiere a la resistencia que tiene o adquiere un organismo para enfrentar enfermedades y quedar libre de ellas.<\/p>\n<p>&nbsp;<\/p>\n<p><strong>Barreras biol\u00f3gicas del sistema inmune<\/strong><\/p>\n<p>&nbsp;<\/p>\n<p>Son un conjunto de mecanismos que permiten a los seres humanos reconocer agentes extra\u00f1os a su organismo, de esta manera se los eliminan o neutralizan.<\/p>\n<p>&nbsp;<\/p>\n<p>Las barreras de defensa en el organismo humano son:<\/p>\n<p>&nbsp;<\/p>\n<p>Barrera primaria, la primera barrera de defensa que tiene nuestro cuerpo es la piel, que act\u00faa como una barrera f\u00edsica impidiendo el ingreso de los microorganismos. La presencia de mucosa en las cavidades oral y nasal inmovilizan a los microorganismos impidiendo su ingreso.<\/p>\n<p>&nbsp;<\/p>\n<p>Las gl\u00e1ndulas sudor\u00edparas impiden el ingreso de microorganismos por medio de su pH \u00e1cido, las l\u00e1grimas poseen una sustancia bactericida y la flora bacteriana que tiene cada individuo impide que los microorganismos se instalen en el mismo.<\/p>\n<p>&nbsp;<\/p>\n<p>Dentro de las barreras secundarias de defensa del organismo se encuentra la fagocitosis, \u00e9sta aparece ante la presencia de una infecci\u00f3n con la finalidad de destruir al microorganismo pat\u00f3geno. Las c\u00e9lulas encargadas de la fagocitosis son los gl\u00f3bulos blancos en especial los neutr\u00f3filos.<\/p>\n<p>&nbsp;<\/p>\n<p>En las barreras terciar\u00edas se encuentran la presencia de los linfocitos T que detectan, de manera espec\u00edfica, al ant\u00edgeno que ingresa a nuestro organismo.<\/p>\n<p>&nbsp;<\/p>\n<p><strong>Ant\u00edgenos.<\/strong> Son mol\u00e9culas capaces de provocar una respuesta inmunitaria (toda sustancia que no pertenezca a nuestro organismo es reconocida como ant\u00edgeno).<\/p>\n<p>&nbsp;<\/p>\n<p><strong>Linfocito T.<\/strong> Son c\u00e9lulas encargadas de la defensa espec\u00edfica del sistema inmune y son fundamentales en la lucha contra las sustancias invasoras da\u00f1inas, es decir, act\u00faan de manera directa sobre el pat\u00f3geno y lo destruyen.<\/p>\n<p>&nbsp;<\/p>\n<p><strong>Anticuerpos.<\/strong> Son sustancias que se forman como respuesta ante la presencia de un ant\u00edgeno, su producci\u00f3n est\u00e1 a cargo del sistema inmunol\u00f3gico que se encuentra formado por los ganglios linf\u00e1ticos y el bazo.<\/p>\n<p>&nbsp;<\/p>\n<p><strong>Memoria inmunol\u00f3gica.<\/strong> Se debe a que anteriormente ya existi\u00f3 un contacto entre el ant\u00edgeno y anticuerpo.<\/p>\n<p>&nbsp;<\/p>\n<p><strong>Morfolog\u00eda y funci\u00f3n de las c\u00e9lulas que act\u00faan en defensa del organismo del ser<\/strong><\/p>\n<p>&nbsp;<\/p>\n<p><strong>Macr\u00f3fagos<\/strong><\/p>\n<p>&nbsp;<\/p>\n<p>Son gl\u00f3bulos blancos grandes que ingieren ant\u00edgenos (cualquier sustancia que puede estimular una respuesta inmune), el citoplasma de los macr\u00f3fagos contiene gr\u00e1nulos o paquetes envueltos por una membrana, el cual est\u00e1 formado por varias sustancias qu\u00edmicas y enzimas, las mismas permiten que el macr\u00f3fago digiera el microorganismo pat\u00f3geno que ha ingerido y por lo general lo destruya.<\/p>\n<p>&nbsp;<\/p>\n<p>Los macr\u00f3fagos no se encuentran en su totalidad en la sangre; en realidad, se localizan en zonas estrat\u00e9gicas, donde los \u00f3rganos del cuerpo se contactan con el flujo sangu\u00edneo o el mundo exterior. Por ejemplo: los macr\u00f3fagos se hallan en los pulmones donde reciben aire del exterior.<\/p>\n<p>&nbsp;<\/p>\n<p><strong>Neutr\u00f3filos<\/strong><\/p>\n<p>&nbsp;<\/p>\n<p>Su tama\u00f1o y funci\u00f3n son similares a la de los macr\u00f3fagos. Los neutr\u00f3filos a diferencia de los macr\u00f3fagos se encuentran en la sangre y necesitan de un est\u00edmulo espec\u00edfico que les indique que deben de abandonar el torrente sangu\u00edneo e ingresar a un tejido.<\/p>\n<p>&nbsp;<\/p>\n<p>Los macr\u00f3fagos y los neutr\u00f3filos suelen trabajar juntos. Los macr\u00f3fagos inician una respuesta inmune y env\u00edan se\u00f1ales para movilizar a los neutr\u00f3filos, con el fi n de que se unan a ellos. Los neutr\u00f3filos al digerir microorganismo pat\u00f3geno forman material purulento llamado pus.<\/p>\n<p>&nbsp;<\/p>\n<p><strong>Linfocitos<\/strong><\/p>\n<p>&nbsp;<\/p>\n<p>Son considerados como las c\u00e9lulas principales del sistema linf\u00e1tico, en tama\u00f1o son m\u00e1s peque\u00f1as que los macr\u00f3fagos y los neutr\u00f3filos. Tanto macr\u00f3fagos como neutr\u00f3filos tienen un rango de vida entre 7 \u2013 10 d\u00edas, los linfocitos pueden llegar a vivir hasta d\u00e9cadas, actualmente, los linfocitos se dividen en tres categor\u00edas principales.<\/p>\n<p>&nbsp;<\/p>\n<ul>\n<li>Los linfocitos B, derivan de una c\u00e9lula (c\u00e9lula madre o precursora) de la m\u00e9dula \u00f3sea y maduran hasta convertirse en c\u00e9lulas plasm\u00e1ticas que secretan anticuerpos.<\/li>\n<\/ul>\n<p>&nbsp;<\/p>\n<ul>\n<li>Los linfocitos T, se forman cuando las c\u00e9lulas madres o precursoras migran de la m\u00e9dula \u00f3sea hacia el timo, una gl\u00e1ndula donde se dividen y maduran, estos aprenden a diferenciar lo propio y lo extra\u00f1o. Los linfocitos T maduros abandonan el timo y entran en el sistema linf\u00e1tico, donde funcionan como parte del sistema inmunitario de vigilancia.<\/li>\n<\/ul>\n<p>&nbsp;<\/p>\n<ul>\n<li>Las c\u00e9lulas asesinas naturales (NK) son ligeramente m\u00e1s grandes que los linfocitos T y B, reciben ese nombre porque matan ciertos microbios y c\u00e9lulas cancerosas. El adjetivo \u201cnatural\u201d indica que, en cuanto se forman, est\u00e1n preparadas para matar diversos tipos de c\u00e9lulas, en lugar de requerir la maduraci\u00f3n y el proceso educativo que s\u00ed necesitan los linfocitos B y T. Las c\u00e9lulas asesinas naturales tambi\u00e9n producen algunas citoquinas, sustancias mensajeras que regulan ciertas funciones de los linfocitos T, los linfocitos B y los macr\u00f3fagos.<\/li>\n<\/ul>\n<p>&nbsp;<\/p>\n<p><strong>Fisiolog\u00eda del sistema inmunol\u00f3gico<\/strong><\/p>\n<p>&nbsp;<\/p>\n<p>Las c\u00e9lulas del sistema inmunol\u00f3gico son los gl\u00f3bulos blancos o leucocitos, estos se producen en la m\u00e9dula \u00f3sea. Circulan por todo el cuerpo, se concentran preferentemente, en los \u00f3rganos linfoides, como el bazo, el timo, los ganglios linf\u00e1ticos y las am\u00edgdalas.<\/p>\n<p>&nbsp;<\/p>\n<p>Los leucocitos pueden detectar a todos los agentes extra\u00f1os al organismo, porque reconocen peque\u00f1as mol\u00e9culas de su superficie denominados ant\u00edgenos.<\/p>\n<p>&nbsp;<\/p>\n<p>Cuando esto ocurre, los leucocitos se multiplican r\u00e1pidamente y producen unas prote\u00ednas especiales, denominadas anticuerpos, capaces de destruir a los agentes extra\u00f1os. Los anticuerpos pueden llegar a todo el cuerpo.<\/p>\n<p>&nbsp;<\/p>\n<p>Los leucocitos que producen anticuerpos se denominan linfocitos. Cada anticuerpo se une, espec\u00edficamente, a un ant\u00edgeno. Por tanto, poseemos millones de anticuerpos diferentes.<\/p>\n<p>&nbsp;<\/p>\n<p>Otros leucocitos, como los neutr\u00f3filos, est\u00e1n especializados en rodear a los microorganismos e introducirlos en su citoplasma, donde los digieren; a este proceso se lo denomina fagocitosis. As\u00ed se destruyen numerosas bacterias, especialmente, cuando ya han sido identificadas por los anticuerpos. Tambi\u00e9n pueden destruir o inactivar sustancias t\u00f3xicas y c\u00e9lulas cancerosas.<\/p>\n<p>&nbsp;<\/p>\n<p>Sin embargo, el sistema inmunol\u00f3gico en su af\u00e1n de destruir todo lo extra\u00f1o al organismo recibe respuestas separadas, como el rechazo de \u00f3rganos trasplantados. En muchos casos, puede evitarse con tratamientos adecuados.<\/p>\n<p>&nbsp;<\/p>\n<p><strong>Respuestas inmunol\u00f3gicas<\/strong><\/p>\n<p>&nbsp;<\/p>\n<p>El sistema inmunol\u00f3gico tiene como respuesta inmunol\u00f3gica dos formas: la inmunidad natural con la que ya nace cada individuo y la inmunidad adquirida es aquella que vamos desarrollando a lo largo de nuestra vida (al adquirir una enfermedad). La inmunidad artificial es la que recibimos por medio de la administraci\u00f3n de vacunas.<\/p>\n<p>&nbsp;<\/p>\n<p>Muchos de los virus o bacterias que nos invaden son detectados y destruidos por el sistema inmunol\u00f3gico r\u00e1pidamente y no llegan a producir una verdadera infecci\u00f3n.<\/p>\n<p>&nbsp;<\/p>\n<p>Cuando se produce una infecci\u00f3n importante, como la gripe, a veces los leucocitos no pueden destruir a los virus tan r\u00e1pidamente como para que no empiecen a producir da\u00f1os a otras c\u00e9lulas. As\u00ed empiezan los primeros s\u00edntomas de la gripe: tos, dolor de garganta y fiebre. Pero mientras esto ocurre, los linfocitos ya han reconocido a los ant\u00edgenos de los virus y se multiplican para producir m\u00e1s linfocitos, que empiezan a producir anticuerpos que destruyen al virus. Este proceso suele durar alrededor de una semana.<\/p>\n<p>&nbsp;<\/p>\n<p>Si se vuelve a producir un ataque por el mismo virus, el sistema inmune ya est\u00e1 preparado para producir una respuesta adecuada y r\u00e1pida, de manera que la enfermedad no llega a manifestarse. En este caso, se dice que el organismo est\u00e1 inmune a ese virus. Esto es lo que ocurre con muchas de las infecciones de la infancia, como el sarampi\u00f3n o las paperas, que solo se suelen padecer una vez.<\/p>\n<p>&nbsp;<\/p>\n<p><strong>Inmunizaci\u00f3n artificial<\/strong><\/p>\n<p>&nbsp;<\/p>\n<p>Las enfermedades, como la poliomielitis, viruela, la difteria que, aunque solo se padezcan una vez, pueden ocasionar la muerte o dejan secuelas graves. Por eso existe la manera de prevenirlas mediante la administraci\u00f3n de vacunas.<\/p>\n<p>&nbsp;<\/p>\n<p>La vacunaci\u00f3n consiste en introducir al organismos por v\u00eda oral, subcut\u00e1nea o intramuscular, ant\u00edgenos (bacterias, virus que pueden estar muertos o inactivados), que no producen la enfermedad. Estos ant\u00edgenos ser\u00e1n reconocidos por los linfocitos que producen anticuerpos (defensas) como si los microorganismos estuvieran vivos. El sistema inmune puede demorar unas semanas en responder despu\u00e9s de la administraci\u00f3n de una vacuna.<\/p>\n<p>&nbsp;<\/p>\n<p>De esta forma, se obtiene una inmunidad espec\u00edfica y duradera, que proteger\u00e1 al individuo de futuras infecciones por el mismo agente.<\/p>\n<p>&nbsp;<\/p>\n<p>Existen las vacunas conocidas como vivas o atenuadas, que son las que usan una forma debilitada del germen. Este tipo de vacuna se usa para prevenir la fiebre amarilla, paperas, entre otras. El otro tipo de vacuna es la muerta o inactiva y se utiliza con microorganismos muertos. Esta vacuna se utiliza para combatir la gripe, c\u00f3lera, hepatitis<\/p>\n<p>&nbsp;<\/p>\n<p>A, entre otras. Las vacunas m\u00e1s comunes y que se deben administrar obligatoriamente durante los dos primeros a\u00f1os de vida, son las que proteger\u00e1n contra nueve enfermedades difteria, t\u00e9tanos, tos ferina, poliomielitis, sarampi\u00f3n, rub\u00e9ola, paperas, hepatitis B y meningitis.<\/p>\n<p><a href=\"https:\/\/www.eldiario.net\/portal\/wp-content\/uploads\/2021\/10\/Bio-Sistema-Inmune.jpg\"><img loading=\"lazy\" decoding=\"async\" class=\"aligncenter size-large wp-image-37532\" src=\"https:\/\/www.eldiario.net\/portal\/wp-content\/uploads\/2021\/10\/Bio-Sistema-Inmune-410x1024.jpg\" alt=\"\" width=\"410\" height=\"1024\" \/><\/a><\/p>\n","protected":false},"excerpt":{"rendered":"<p>Por: Equipo editor &nbsp; Generalidades &nbsp; Vivimos en un medio altamente contaminado por agentes infecciosos (virus, bacterias, hongos, protozoos, par\u00e1sitos o sustancias t\u00f3xicas producidas por ellos) que provocan enfermedades que, en algunos casos, pueden llegar a la muerte. La mayor\u00eda de las enfermedades son de corta duraci\u00f3n que en ocasiones dejan secuelas, esto se debe [&hellip;]<\/p>\n","protected":false},"author":1,"featured_media":37531,"comment_status":"closed","ping_status":"closed","sticky":false,"template":"","format":"standard","meta":{"_acf_changed":false,"footnotes":""},"categories":[43],"tags":[],"class_list":["post-37530","post","type-post","status-publish","format-standard","has-post-thumbnail","category-nuevos-horizontes"],"acf":{"antetitulo":""},"yoast_head":"<!-- This site is optimized with the Yoast SEO plugin v28.4 - https:\/\/yoast.com\/product\/yoast-seo-wordpress\/ -->\n<title>Sistema inmunitario en los seres vivos - El Diario - Bolivia<\/title>\n<meta name=\"robots\" content=\"index, follow, max-snippet:-1, max-image-preview:large, max-video-preview:-1\" \/>\n<link rel=\"canonical\" href=\"https:\/\/www.eldiario.net\/portal\/2021\/10\/19\/sistema-inmunitario-en-los-seres-vivos\/\" \/>\n<meta property=\"og:locale\" content=\"es_ES\" \/>\n<meta property=\"og:type\" content=\"article\" \/>\n<meta property=\"og:title\" content=\"Sistema inmunitario en los seres vivos - El Diario - Bolivia\" \/>\n<meta property=\"og:description\" content=\"Por: Equipo editor &nbsp; Generalidades &nbsp; Vivimos en un medio altamente contaminado por agentes infecciosos (virus, bacterias, hongos, protozoos, par\u00e1sitos o sustancias t\u00f3xicas producidas por ellos) que provocan enfermedades que, en algunos casos, pueden llegar a la muerte. La mayor\u00eda de las enfermedades son de corta duraci\u00f3n que en ocasiones dejan secuelas, esto se debe [&hellip;]\" \/>\n<meta property=\"og:url\" content=\"https:\/\/www.eldiario.net\/portal\/2021\/10\/19\/sistema-inmunitario-en-los-seres-vivos\/\" \/>\n<meta property=\"og:site_name\" content=\"El Diario - Bolivia\" \/>\n<meta property=\"article:publisher\" content=\"https:\/\/www.facebook.com\/eldiario.bolivia\/\" \/>\n<meta property=\"article:published_time\" content=\"2021-10-19T10:04:26+00:00\" \/>\n<meta name=\"author\" content=\"Jeanette\" \/>\n<meta name=\"twitter:card\" content=\"summary_large_image\" \/>\n<meta name=\"twitter:creator\" content=\"@eldiario_net\" \/>\n<meta name=\"twitter:site\" content=\"@eldiario_net\" \/>\n<meta name=\"twitter:label1\" content=\"Escrito por\" \/>\n\t<meta name=\"twitter:data1\" content=\"Jeanette\" \/>\n\t<meta name=\"twitter:label2\" content=\"Tiempo de lectura\" \/>\n\t<meta name=\"twitter:data2\" content=\"8 minutos\" \/>\n<script type=\"application\/ld+json\" class=\"yoast-schema-graph\">{\"@context\":\"https:\\\/\\\/schema.org\",\"@graph\":[{\"@type\":\"Article\",\"@id\":\"https:\\\/\\\/www.eldiario.net\\\/portal\\\/2021\\\/10\\\/19\\\/sistema-inmunitario-en-los-seres-vivos\\\/#article\",\"isPartOf\":{\"@id\":\"https:\\\/\\\/www.eldiario.net\\\/portal\\\/2021\\\/10\\\/19\\\/sistema-inmunitario-en-los-seres-vivos\\\/\"},\"author\":{\"name\":\"Jeanette\",\"@id\":\"https:\\\/\\\/www.eldiario.net\\\/portal\\\/#\\\/schema\\\/person\\\/2c57cf2b7a7ae032e449e4c9b1019eac\"},\"headline\":\"Sistema inmunitario en los seres vivos\",\"datePublished\":\"2021-10-19T10:04:26+00:00\",\"mainEntityOfPage\":{\"@id\":\"https:\\\/\\\/www.eldiario.net\\\/portal\\\/2021\\\/10\\\/19\\\/sistema-inmunitario-en-los-seres-vivos\\\/\"},\"wordCount\":1843,\"publisher\":{\"@id\":\"https:\\\/\\\/www.eldiario.net\\\/portal\\\/#organization\"},\"image\":{\"@id\":\"https:\\\/\\\/www.eldiario.net\\\/portal\\\/2021\\\/10\\\/19\\\/sistema-inmunitario-en-los-seres-vivos\\\/#primaryimage\"},\"thumbnailUrl\":\"\",\"articleSection\":[\"Nuevos Horizontes\"],\"inLanguage\":\"es\"},{\"@type\":\"WebPage\",\"@id\":\"https:\\\/\\\/www.eldiario.net\\\/portal\\\/2021\\\/10\\\/19\\\/sistema-inmunitario-en-los-seres-vivos\\\/\",\"url\":\"https:\\\/\\\/www.eldiario.net\\\/portal\\\/2021\\\/10\\\/19\\\/sistema-inmunitario-en-los-seres-vivos\\\/\",\"name\":\"Sistema inmunitario en los seres vivos - El Diario - Bolivia\",\"isPartOf\":{\"@id\":\"https:\\\/\\\/www.eldiario.net\\\/portal\\\/#website\"},\"primaryImageOfPage\":{\"@id\":\"https:\\\/\\\/www.eldiario.net\\\/portal\\\/2021\\\/10\\\/19\\\/sistema-inmunitario-en-los-seres-vivos\\\/#primaryimage\"},\"image\":{\"@id\":\"https:\\\/\\\/www.eldiario.net\\\/portal\\\/2021\\\/10\\\/19\\\/sistema-inmunitario-en-los-seres-vivos\\\/#primaryimage\"},\"thumbnailUrl\":\"\",\"datePublished\":\"2021-10-19T10:04:26+00:00\",\"breadcrumb\":{\"@id\":\"https:\\\/\\\/www.eldiario.net\\\/portal\\\/2021\\\/10\\\/19\\\/sistema-inmunitario-en-los-seres-vivos\\\/#breadcrumb\"},\"inLanguage\":\"es\",\"potentialAction\":[{\"@type\":\"ReadAction\",\"target\":[\"https:\\\/\\\/www.eldiario.net\\\/portal\\\/2021\\\/10\\\/19\\\/sistema-inmunitario-en-los-seres-vivos\\\/\"]}]},{\"@type\":\"ImageObject\",\"inLanguage\":\"es\",\"@id\":\"https:\\\/\\\/www.eldiario.net\\\/portal\\\/2021\\\/10\\\/19\\\/sistema-inmunitario-en-los-seres-vivos\\\/#primaryimage\",\"url\":\"\",\"contentUrl\":\"\"},{\"@type\":\"BreadcrumbList\",\"@id\":\"https:\\\/\\\/www.eldiario.net\\\/portal\\\/2021\\\/10\\\/19\\\/sistema-inmunitario-en-los-seres-vivos\\\/#breadcrumb\",\"itemListElement\":[{\"@type\":\"ListItem\",\"position\":1,\"name\":\"Portada\",\"item\":\"https:\\\/\\\/www.eldiario.net\\\/portal\\\/\"},{\"@type\":\"ListItem\",\"position\":2,\"name\":\"Sistema inmunitario en los seres vivos\"}]},{\"@type\":\"WebSite\",\"@id\":\"https:\\\/\\\/www.eldiario.net\\\/portal\\\/#website\",\"url\":\"https:\\\/\\\/www.eldiario.net\\\/portal\\\/\",\"name\":\"El Diario - Decano de la prensa nacional\",\"description\":\"El Diario - Decano de la prensa nacional\",\"publisher\":{\"@id\":\"https:\\\/\\\/www.eldiario.net\\\/portal\\\/#organization\"},\"potentialAction\":[{\"@type\":\"SearchAction\",\"target\":{\"@type\":\"EntryPoint\",\"urlTemplate\":\"https:\\\/\\\/www.eldiario.net\\\/portal\\\/?s={search_term_string}\"},\"query-input\":{\"@type\":\"PropertyValueSpecification\",\"valueRequired\":true,\"valueName\":\"search_term_string\"}}],\"inLanguage\":\"es\"},{\"@type\":\"Organization\",\"@id\":\"https:\\\/\\\/www.eldiario.net\\\/portal\\\/#organization\",\"name\":\"El Diario - Decano de la prensa nacional\",\"url\":\"https:\\\/\\\/www.eldiario.net\\\/portal\\\/\",\"logo\":{\"@type\":\"ImageObject\",\"inLanguage\":\"es\",\"@id\":\"https:\\\/\\\/www.eldiario.net\\\/portal\\\/#\\\/schema\\\/logo\\\/image\\\/\",\"url\":\"https:\\\/\\\/www.eldiario.net\\\/portal\\\/wp-content\\\/uploads\\\/2023\\\/07\\\/logo_ED.jpg\",\"contentUrl\":\"https:\\\/\\\/www.eldiario.net\\\/portal\\\/wp-content\\\/uploads\\\/2023\\\/07\\\/logo_ED.jpg\",\"width\":272,\"height\":52,\"caption\":\"El Diario - Decano de la prensa nacional\"},\"image\":{\"@id\":\"https:\\\/\\\/www.eldiario.net\\\/portal\\\/#\\\/schema\\\/logo\\\/image\\\/\"},\"sameAs\":[\"https:\\\/\\\/www.facebook.com\\\/eldiario.bolivia\\\/\",\"https:\\\/\\\/x.com\\\/eldiario_net\"]},{\"@type\":\"Person\",\"@id\":\"https:\\\/\\\/www.eldiario.net\\\/portal\\\/#\\\/schema\\\/person\\\/2c57cf2b7a7ae032e449e4c9b1019eac\",\"name\":\"Jeanette\",\"image\":{\"@type\":\"ImageObject\",\"inLanguage\":\"es\",\"@id\":\"https:\\\/\\\/secure.gravatar.com\\\/avatar\\\/3ea2118a5f7dad2b7138b1187a6b7ee55f160b9968b66013c3a3ef39dd7e5798?s=96&d=mm&r=g\",\"url\":\"https:\\\/\\\/secure.gravatar.com\\\/avatar\\\/3ea2118a5f7dad2b7138b1187a6b7ee55f160b9968b66013c3a3ef39dd7e5798?s=96&d=mm&r=g\",\"contentUrl\":\"https:\\\/\\\/secure.gravatar.com\\\/avatar\\\/3ea2118a5f7dad2b7138b1187a6b7ee55f160b9968b66013c3a3ef39dd7e5798?s=96&d=mm&r=g\",\"caption\":\"Jeanette\"},\"sameAs\":[\"https:\\\/\\\/www.eldiario.net\\\/portal\"],\"url\":\"https:\\\/\\\/www.eldiario.net\\\/portal\\\/author\\\/jeanette\\\/\"}]}<\/script>\n<!-- \/ Yoast SEO plugin. -->","yoast_head_json":{"title":"Sistema inmunitario en los seres vivos - El Diario - Bolivia","robots":{"index":"index","follow":"follow","max-snippet":"max-snippet:-1","max-image-preview":"max-image-preview:large","max-video-preview":"max-video-preview:-1"},"canonical":"https:\/\/www.eldiario.net\/portal\/2021\/10\/19\/sistema-inmunitario-en-los-seres-vivos\/","og_locale":"es_ES","og_type":"article","og_title":"Sistema inmunitario en los seres vivos - El Diario - Bolivia","og_description":"Por: Equipo editor &nbsp; Generalidades &nbsp; Vivimos en un medio altamente contaminado por agentes infecciosos (virus, bacterias, hongos, protozoos, par\u00e1sitos o sustancias t\u00f3xicas producidas por ellos) que provocan enfermedades que, en algunos casos, pueden llegar a la muerte. La mayor\u00eda de las enfermedades son de corta duraci\u00f3n que en ocasiones dejan secuelas, esto se debe [&hellip;]","og_url":"https:\/\/www.eldiario.net\/portal\/2021\/10\/19\/sistema-inmunitario-en-los-seres-vivos\/","og_site_name":"El Diario - Bolivia","article_publisher":"https:\/\/www.facebook.com\/eldiario.bolivia\/","article_published_time":"2021-10-19T10:04:26+00:00","author":"Jeanette","twitter_card":"summary_large_image","twitter_creator":"@eldiario_net","twitter_site":"@eldiario_net","twitter_misc":{"Escrito por":"Jeanette","Tiempo de lectura":"8 minutos"},"schema":{"@context":"https:\/\/schema.org","@graph":[{"@type":"Article","@id":"https:\/\/www.eldiario.net\/portal\/2021\/10\/19\/sistema-inmunitario-en-los-seres-vivos\/#article","isPartOf":{"@id":"https:\/\/www.eldiario.net\/portal\/2021\/10\/19\/sistema-inmunitario-en-los-seres-vivos\/"},"author":{"name":"Jeanette","@id":"https:\/\/www.eldiario.net\/portal\/#\/schema\/person\/2c57cf2b7a7ae032e449e4c9b1019eac"},"headline":"Sistema inmunitario en los seres vivos","datePublished":"2021-10-19T10:04:26+00:00","mainEntityOfPage":{"@id":"https:\/\/www.eldiario.net\/portal\/2021\/10\/19\/sistema-inmunitario-en-los-seres-vivos\/"},"wordCount":1843,"publisher":{"@id":"https:\/\/www.eldiario.net\/portal\/#organization"},"image":{"@id":"https:\/\/www.eldiario.net\/portal\/2021\/10\/19\/sistema-inmunitario-en-los-seres-vivos\/#primaryimage"},"thumbnailUrl":"","articleSection":["Nuevos Horizontes"],"inLanguage":"es"},{"@type":"WebPage","@id":"https:\/\/www.eldiario.net\/portal\/2021\/10\/19\/sistema-inmunitario-en-los-seres-vivos\/","url":"https:\/\/www.eldiario.net\/portal\/2021\/10\/19\/sistema-inmunitario-en-los-seres-vivos\/","name":"Sistema inmunitario en los seres vivos - El Diario - Bolivia","isPartOf":{"@id":"https:\/\/www.eldiario.net\/portal\/#website"},"primaryImageOfPage":{"@id":"https:\/\/www.eldiario.net\/portal\/2021\/10\/19\/sistema-inmunitario-en-los-seres-vivos\/#primaryimage"},"image":{"@id":"https:\/\/www.eldiario.net\/portal\/2021\/10\/19\/sistema-inmunitario-en-los-seres-vivos\/#primaryimage"},"thumbnailUrl":"","datePublished":"2021-10-19T10:04:26+00:00","breadcrumb":{"@id":"https:\/\/www.eldiario.net\/portal\/2021\/10\/19\/sistema-inmunitario-en-los-seres-vivos\/#breadcrumb"},"inLanguage":"es","potentialAction":[{"@type":"ReadAction","target":["https:\/\/www.eldiario.net\/portal\/2021\/10\/19\/sistema-inmunitario-en-los-seres-vivos\/"]}]},{"@type":"ImageObject","inLanguage":"es","@id":"https:\/\/www.eldiario.net\/portal\/2021\/10\/19\/sistema-inmunitario-en-los-seres-vivos\/#primaryimage","url":"","contentUrl":""},{"@type":"BreadcrumbList","@id":"https:\/\/www.eldiario.net\/portal\/2021\/10\/19\/sistema-inmunitario-en-los-seres-vivos\/#breadcrumb","itemListElement":[{"@type":"ListItem","position":1,"name":"Portada","item":"https:\/\/www.eldiario.net\/portal\/"},{"@type":"ListItem","position":2,"name":"Sistema inmunitario en los seres vivos"}]},{"@type":"WebSite","@id":"https:\/\/www.eldiario.net\/portal\/#website","url":"https:\/\/www.eldiario.net\/portal\/","name":"El Diario - Decano de la prensa nacional","description":"El Diario - Decano de la prensa nacional","publisher":{"@id":"https:\/\/www.eldiario.net\/portal\/#organization"},"potentialAction":[{"@type":"SearchAction","target":{"@type":"EntryPoint","urlTemplate":"https:\/\/www.eldiario.net\/portal\/?s={search_term_string}"},"query-input":{"@type":"PropertyValueSpecification","valueRequired":true,"valueName":"search_term_string"}}],"inLanguage":"es"},{"@type":"Organization","@id":"https:\/\/www.eldiario.net\/portal\/#organization","name":"El Diario - Decano de la prensa nacional","url":"https:\/\/www.eldiario.net\/portal\/","logo":{"@type":"ImageObject","inLanguage":"es","@id":"https:\/\/www.eldiario.net\/portal\/#\/schema\/logo\/image\/","url":"https:\/\/www.eldiario.net\/portal\/wp-content\/uploads\/2023\/07\/logo_ED.jpg","contentUrl":"https:\/\/www.eldiario.net\/portal\/wp-content\/uploads\/2023\/07\/logo_ED.jpg","width":272,"height":52,"caption":"El Diario - Decano de la prensa nacional"},"image":{"@id":"https:\/\/www.eldiario.net\/portal\/#\/schema\/logo\/image\/"},"sameAs":["https:\/\/www.facebook.com\/eldiario.bolivia\/","https:\/\/x.com\/eldiario_net"]},{"@type":"Person","@id":"https:\/\/www.eldiario.net\/portal\/#\/schema\/person\/2c57cf2b7a7ae032e449e4c9b1019eac","name":"Jeanette","image":{"@type":"ImageObject","inLanguage":"es","@id":"https:\/\/secure.gravatar.com\/avatar\/3ea2118a5f7dad2b7138b1187a6b7ee55f160b9968b66013c3a3ef39dd7e5798?s=96&d=mm&r=g","url":"https:\/\/secure.gravatar.com\/avatar\/3ea2118a5f7dad2b7138b1187a6b7ee55f160b9968b66013c3a3ef39dd7e5798?s=96&d=mm&r=g","contentUrl":"https:\/\/secure.gravatar.com\/avatar\/3ea2118a5f7dad2b7138b1187a6b7ee55f160b9968b66013c3a3ef39dd7e5798?s=96&d=mm&r=g","caption":"Jeanette"},"sameAs":["https:\/\/www.eldiario.net\/portal"],"url":"https:\/\/www.eldiario.net\/portal\/author\/jeanette\/"}]}},"_links":{"self":[{"href":"https:\/\/www.eldiario.net\/portal\/wp-json\/wp\/v2\/posts\/37530","targetHints":{"allow":["GET"]}}],"collection":[{"href":"https:\/\/www.eldiario.net\/portal\/wp-json\/wp\/v2\/posts"}],"about":[{"href":"https:\/\/www.eldiario.net\/portal\/wp-json\/wp\/v2\/types\/post"}],"author":[{"embeddable":true,"href":"https:\/\/www.eldiario.net\/portal\/wp-json\/wp\/v2\/users\/1"}],"replies":[{"embeddable":true,"href":"https:\/\/www.eldiario.net\/portal\/wp-json\/wp\/v2\/comments?post=37530"}],"version-history":[{"count":0,"href":"https:\/\/www.eldiario.net\/portal\/wp-json\/wp\/v2\/posts\/37530\/revisions"}],"wp:attachment":[{"href":"https:\/\/www.eldiario.net\/portal\/wp-json\/wp\/v2\/media?parent=37530"}],"wp:term":[{"taxonomy":"category","embeddable":true,"href":"https:\/\/www.eldiario.net\/portal\/wp-json\/wp\/v2\/categories?post=37530"},{"taxonomy":"post_tag","embeddable":true,"href":"https:\/\/www.eldiario.net\/portal\/wp-json\/wp\/v2\/tags?post=37530"}],"curies":[{"name":"wp","href":"https:\/\/api.w.org\/{rel}","templated":true}]}}