{"id":37521,"date":"2021-10-19T06:00:52","date_gmt":"2021-10-19T10:00:52","guid":{"rendered":"https:\/\/www.eldiario.net\/portal\/?p=37521"},"modified":"2021-10-19T06:00:52","modified_gmt":"2021-10-19T10:00:52","slug":"el-mapa-mental-como-herramienta-para-vencer-examenes","status":"publish","type":"post","link":"https:\/\/www.eldiario.net\/portal\/2021\/10\/19\/el-mapa-mental-como-herramienta-para-vencer-examenes\/","title":{"rendered":"El mapa mental c\u00f3mo herramienta para vencer ex\u00e1menes"},"content":{"rendered":"<p><strong>Por: Equipo editor<\/strong><\/p>\n<p>&nbsp;<\/p>\n<p><strong>\u00bfQu\u00e9 es el mapa mental?<\/strong><\/p>\n<p>&nbsp;<\/p>\n<p>Es un diagrama usado para representar palabras, ideas, tareas, lecturas, dibujos, u otros conceptos ligados y dispuestos radicalmente alrededor de una palabra clave o de una idea central. Los mapas mentales son un m\u00e9todo muy eficaz, para extraer y memorizar informaci\u00f3n. Son una forma l\u00f3gica y creativa de tomar notas, organizar, asociar y expresar ideas<\/p>\n<p>&nbsp;<\/p>\n<p><strong>Caracter\u00edsticas de los mapas mentales<\/strong><\/p>\n<p>&nbsp;<\/p>\n<ul>\n<li>Las ideas y conceptos son representados mediante im\u00e1genes o s\u00edmbolos y palabras claves. Es muy importante el uso de colores para destacar y acentuar las ideas, de esta forma estimulamos a nuestro cerebro a crear nuevas conexiones.<\/li>\n<li>Las ideas de menor importancia dentro del esquema, corresponden a ramificaciones secundarias, las cuales se desarrollan a partir de aquellas ideas principales que est\u00e1n directamente vinculadas al tema central.<\/li>\n<li>Generalmente, el tema central se representa con una imagen ubicada justo en el centro del diagrama.<\/li>\n<li>Mientras m\u00e1s lejos se encuentre un bloque de ideas del eje central, menor ser\u00e1 su importancia dentro del diagrama.<\/li>\n<li>De la imagen central del tema irradian los dem\u00e1s conceptos e ideas en forma de ramificaciones, en el sentido de las agujas del reloj.<\/li>\n<li>Mientras m\u00e1s lejos se encuentre un bloque de ideas del eje central, menor ser\u00e1 su importancia dentro del diagrama.<\/li>\n<li>Cada una de las ideas principales se acompa\u00f1a de una imagen o palabra clave ubicada en su l\u00ednea asociada.<\/li>\n<li>Poseen una estructura org\u00e1nica radial, compuesta por nodos conectados entre s\u00ed.<\/li>\n<\/ul>\n<p>&nbsp;<\/p>\n<p><strong>Usos de los mapas mentales<\/strong><\/p>\n<p>&nbsp;<\/p>\n<p>Los mapas mentales tienen muchos usos aplicativos en los \u00e1mbitos personal, familiar, educacional y empresarial; incluyendo la toma de notas, la Lluvia de ideas, la realizaci\u00f3n de res\u00famenes, como herramienta nemot\u00e9cnica o como medio para explicar ideas complejas. Adem\u00e1s los mapas mentales se pueden analizar con los m\u00e9todos cl\u00e1sicos de extracci\u00f3n de informaci\u00f3n para clasificar el mapa mental de un autor o los documentos que se enlazan desde el propio mapa.<\/p>\n<p>&nbsp;<\/p>\n<p>Los mapas mentales ayudan a:<\/p>\n<p>&nbsp;<\/p>\n<ul>\n<li>La retenci\u00f3n natural y pr\u00e1ctica de mucha informaci\u00f3n comprimida en unas cuantas palabras, dibujos, se\u00f1ales, letras, colores, etc.<\/li>\n<li>La expansi\u00f3n de la memoria.<\/li>\n<li>La recopilaci\u00f3n sencilla y flexible de datos clave facilita los procesos de aprendizaje, pensamiento, ordenaci\u00f3n, creaci\u00f3n y rememoraci\u00f3n.<\/li>\n<li>Se usan en presentaciones laborales, trabajos educativos y tareas escolares.<\/li>\n<li>Facilitan el estudio de temas complejos y dif\u00edciles de entender.<\/li>\n<li>Estos explican en poco tiempo visual lo que hojas llenas de informaci\u00f3n escrita pudieran lograr.<\/li>\n<\/ul>\n<p>&nbsp;<\/p>\n<p>Todos los mapas mentales tienen elementos comunes. Cuentan con una estructura org\u00e1nica radial a partir de un n\u00facleo en el que se usan l\u00edneas, s\u00edmbolos, palabras, colores e im\u00e1genes para ilustrar conceptos sencillos y l\u00f3gicos. Permiten convertir largas y aburridas l\u00edneas de datos en coloridos diagramas, f\u00e1ciles de memorizar y perfectamente organizados, que funcionan de forma totalmente natural, del mismo modo que el cerebro humano.<\/p>\n<p>&nbsp;<\/p>\n<p><strong>Beneficios de los mapas mentales<\/strong><\/p>\n<p>&nbsp;<\/p>\n<ul>\n<li>Facilita la memorizaci\u00f3n de contenidos cargados de grandes bloques de informaci\u00f3n, pues se trata de simplificar el contenido del tema a tratar, manteniendo las ideas principales de manera gr\u00e1fica.<\/li>\n<li>Optimiza y facilita la toma de notas y apuntes, puesto que en un corto tiempo permite plasmar ordenadamente una gran cantidad de informaci\u00f3n.<\/li>\n<li>Permite tener una perspectiva diferente o una visi\u00f3n m\u00e1s general de un tema espec\u00edfico, ya que un mapa mental facilita la visualizaci\u00f3n de un tema completo.<\/li>\n<li>El uso de im\u00e1genes y figuras permite dar fuerza a las ideas que se desean plasmar y que estas adquieran un car\u00e1cter simb\u00f3lico.<\/li>\n<li>Puede ser utilizado durante el proceso de brainstorming (lluvia de ideas) para organizar las ideas.<\/li>\n<li>Ayuda a mejorar la creatividad puesto que no tiene una estructura lineal, las ideas fluyen con mayor rapidez y libremente, lo que permite hacer relaciones r\u00e1pidas entre los conceptos y las im\u00e1genes con las que se quiere plasmar dichos conceptos.<\/li>\n<li>Es una herramienta efectiva para el aprendizaje de contenidos de manera m\u00e1s simple y din\u00e1mica.<\/li>\n<\/ul>\n<p>&nbsp;<\/p>\n<p><strong>Diferencias entre un mapa mental y un mapa conceptual<\/strong><\/p>\n<p>&nbsp;<\/p>\n<p>A pesar de que ambas herramientas est\u00e1n orientadas a mejorar el aprendizaje mediante la representaci\u00f3n de ideas de forma din\u00e1mica y esquematizada, es importante entender que no es lo mismo un mapa mental que un mapa conceptual.<\/p>\n<p>&nbsp;<\/p>\n<p><strong>Distribuci\u00f3n de las ideas <\/strong><\/p>\n<p>&nbsp;<\/p>\n<p>En un mapa mental, las ideas no deben plasmarse estrictamente de manera c\u00edclica; mas en el mapa conceptual, los conceptos o ideas clave deben seguir un orden secuencial, de manera que la composici\u00f3n adquiera un sentido l\u00f3gico.<\/p>\n<p>&nbsp;<\/p>\n<p><strong>Estructura <\/strong><\/p>\n<p>&nbsp;<\/p>\n<p>Un mapa mental posee una estructura org\u00e1nica radial que parte de un n\u00facleo o tema central, donde las ideas o conceptos se encuentran relacionados por medio de l\u00edneas, s\u00edmbolos e im\u00e1genes; a diferencia del mapa conceptual, que posee una estructura en la cual los bloques de ideas o conceptos se encuentran vinculados por l\u00edneas interrumpidas por preposiciones o palabras enlace.<\/p>\n<p>&nbsp;<\/p>\n<p><strong>Colores y apariencia<\/strong><\/p>\n<p>&nbsp;<\/p>\n<p>Generalmente, los mapas mentales emplean un gran n\u00famero de colores, lo que les permite ser altamente efectivos en t\u00e9rminos de apreciaci\u00f3n visual. Esto difiere de la estructura de los mapas conceptuales, la cual se caracteriza por ser un poco m\u00e1s neutral y emplear una cantidad de colores muy reducida.<\/p>\n<p>&nbsp;<\/p>\n<p><strong>Im\u00e1genes o representaciones gr\u00e1ficas<\/strong><\/p>\n<p>&nbsp;<\/p>\n<p>Se consideran elementos clave para hacer un mapa mental; sin embargo, no suelen tener lugar en la composici\u00f3n de un mapa conceptual, donde se emplean \u00fanicamente palabras o conceptos breves, que se asocian para explicar el contenido de determinado texto.<\/p>\n<p>&nbsp;<\/p>\n<p><strong>Pasos para elaborar un mapa mental<\/strong><\/p>\n<p>&nbsp;<\/p>\n<p><strong>Paso 1: Define y ubica la idea principal<\/strong><\/p>\n<p>&nbsp;<\/p>\n<p>Primero colocar el t\u00edtulo en el centro de la hoja. Este se refiere a la idea central del trabajo. Debe ir acompa\u00f1ado de una imagen que cause impacto y permita al lector saber cu\u00e1l es el tema, con solo recibir esa primera impresi\u00f3n del mismo. Sin recibir m\u00e1s informaci\u00f3n que esa, el lector asume que se tratar\u00e1 de estrategias para manejar las emociones (coraz\u00f3n) de una forma m\u00e1s racional (cerebro) y, de esta forma percibe la informaci\u00f3n m\u00e1s importante de manera inmediata, que determinar\u00e1 su inter\u00e9s en el resto del mapa mental.<\/p>\n<p>&nbsp;<\/p>\n<p>Esta representaci\u00f3n gr\u00e1fica del t\u00edtulo no tiene que ser necesariamente muy compleja, puede ser sencilla pero expl\u00edcita.<\/p>\n<p>&nbsp;<\/p>\n<p><strong>Paso 2: Organiza los Subtemas<\/strong><\/p>\n<p>&nbsp;<\/p>\n<p>Comienza a trazar a partir del t\u00edtulo, en orden de relevancia y en sentido de las agujas del reloj, una serie de ramificaciones gruesas llamadas subtemas, las cuales se refieren a aquellos aspectos generales que brindar\u00e1n informaci\u00f3n espec\u00edfica al lector. Esta parte depender\u00e1 de c\u00f3mo se desee estructurar el mapa, qu\u00e9 tipo de informaci\u00f3n se quiera brindar y en qu\u00e9 puntos se enfocar\u00e1 el contenido. Los subtemas o ramificaciones principales son siempre palabras claves y gen\u00e9ricas.<\/p>\n<p>&nbsp;<\/p>\n<p><strong>Paso 3: Desglosa los subtemas<\/strong><\/p>\n<p>&nbsp;<\/p>\n<p>A partir de los subtemas comienza a separarse la informaci\u00f3n espec\u00edfica ramificada, disminuyendo un poco el tama\u00f1o de la letra a medida que se plasma informaci\u00f3n m\u00e1s puntual, cuidando que siga siendo legible. Acompa\u00f1a cada elemento con una imagen o s\u00edmbolo que la identifique, as\u00ed como flechas para ayudar a relacionar las ideas de ser necesario. Se puede desglosar ramificaciones las veces que se necesite, recordando que la idea es simplificar lo m\u00e1s que se pueda el contenido. Evitar oraciones o frases largas. Generalmente se mantiene siempre el mismo color para indicar al lector que la informaci\u00f3n pertenece a una misma ramificaci\u00f3n.<\/p>\n<p>&nbsp;<\/p>\n<p><strong>Paso 4: Utiliza diferentes combinaciones de colores<\/strong><\/p>\n<p>&nbsp;<\/p>\n<p>Es recomendable usar m\u00e1s de tres colores diferentes en un mapa mental para causar mayor impacto en el hemisferio derecho del cerebro y as\u00ed retener y comprender la informaci\u00f3n de forma efectiva. Se sugiere utilizar el rojo y el naranja para el t\u00edtulo o el centro de tu mapa mental, colores tibios como el verde y el marr\u00f3n para las ramas secundarias y colores fr\u00edos como azul y blanco para las ramas m\u00e1s lejanas. Lo m\u00e1s importante, es que a pesar de tener bastante informaci\u00f3n y contenido gr\u00e1fico, entre cada subtema y ramificaci\u00f3n se mantiene un espacio adecuado, las letras son legibles y poseen un buen tama\u00f1o para su f\u00e1cil lectura, lo que hace que se pueda apreciar mucho mejor la creatividad del autor y que el lector pueda sentirse interesado en el contenido sin distraerse.<\/p>\n<p>&nbsp;<\/p>\n<p><strong>Paso 5: Ensayo y Error<\/strong><\/p>\n<p>&nbsp;<\/p>\n<p>Lo interesante de un mapa mental es que produce en el creador un Brainstorm o \u201clluvia de ideas\u201d, esto significa que sus ideas ir\u00e1n surgiendo a medida que vaya trabajando en el mapa, por lo cual es totalmente normal que aunque se est\u00e9 terminando, se haga modificaciones por ocurrencias de \u00faltimo momento. Por tal raz\u00f3n se sugiere realizar primero un borrador.<\/p>\n<p>&nbsp;<\/p>\n<p><strong>Otro modelo para la elaboraci\u00f3n de un mapa mental<\/strong><\/p>\n<p>&nbsp;<\/p>\n<p>Un mapa mental debe comprender el menor n\u00famero de palabras posible, por lo que es importante emplear \u00fanicamente palabras o frases clave, as\u00ed como tambi\u00e9n im\u00e1genes o figuras que ayuden a representar cada conjunto de ideas. Por lo que ahora se presenta otra opci\u00f3n para la elaboraci\u00f3n de un mapa mental.<\/p>\n<p>&nbsp;<\/p>\n<p><strong>Paso 1. <\/strong>Inicie colocando la idea central o foco tem\u00e1tico, justo en el centro de la hoja de papel. Considere que esta puede estar representada bien sea por palabras o por alg\u00fan dibujo que haga referencia al tema a tratar. Es recomendable utilizar una imagen para representarlo y acompa\u00f1arlo de una palabra clave.<\/p>\n<p>&nbsp;<\/p>\n<p><strong>Paso 2. <\/strong>Partiendo de la idea central remarcada en el centro de la hoja, desarrolle a su alrededor el resto de las ideas relacionadas con el tema.<\/p>\n<p>&nbsp;<\/p>\n<p><strong>Paso 3. <\/strong>Para establecer un orden jer\u00e1rquico entre cada una de las ideas, desarrolle las mismas en el sentido de las manecillas del reloj. Tenga en cuenta que aquellas ideas que se encuentren ligadas al foco tem\u00e1tico de manera directa, tendr\u00e1n prioridad sobre las dem\u00e1s; mientras m\u00e1s alejada se encuentre una idea del tema central, menor importancia tendr\u00e1 dentro del esquema.<\/p>\n<p>&nbsp;<\/p>\n<p><strong>Paso 4. <\/strong>Utilice l\u00edneas para establecer la relaci\u00f3n entre el foco tem\u00e1tico y el resto de las ideas desarrolladas a partir de este.<\/p>\n<p>&nbsp;<\/p>\n<p><strong>Paso 5. <\/strong>Puede destacar las ideas encerr\u00e1ndolas en alguna figura, como \u00f3valos o cuadrados, resalt\u00e1ndolas con l\u00e1pices de colores, im\u00e1genes o cualquier elemento que le permita diferenciarlas entre s\u00ed y comprender la relaci\u00f3n que hay entre ellas; solo use su creatividad.<\/p>\n","protected":false},"excerpt":{"rendered":"<p>Por: Equipo editor &nbsp; \u00bfQu\u00e9 es el mapa mental? &nbsp; Es un diagrama usado para representar palabras, ideas, tareas, lecturas, dibujos, u otros conceptos ligados y dispuestos radicalmente alrededor de una palabra clave o de una idea central. Los mapas mentales son un m\u00e9todo muy eficaz, para extraer y memorizar informaci\u00f3n. Son una forma l\u00f3gica [&hellip;]<\/p>\n","protected":false},"author":1,"featured_media":0,"comment_status":"closed","ping_status":"closed","sticky":false,"template":"","format":"standard","meta":{"_acf_changed":false,"footnotes":""},"categories":[43],"tags":[],"class_list":["post-37521","post","type-post","status-publish","format-standard","category-nuevos-horizontes"],"acf":{"antetitulo":""},"yoast_head":"<!-- This site is optimized with the Yoast SEO plugin v28.4 - https:\/\/yoast.com\/product\/yoast-seo-wordpress\/ -->\n<title>El mapa mental c\u00f3mo herramienta para vencer ex\u00e1menes - El Diario - Bolivia<\/title>\n<meta name=\"robots\" content=\"index, follow, max-snippet:-1, max-image-preview:large, max-video-preview:-1\" \/>\n<link rel=\"canonical\" href=\"https:\/\/www.eldiario.net\/portal\/2021\/10\/19\/el-mapa-mental-como-herramienta-para-vencer-examenes\/\" \/>\n<meta property=\"og:locale\" content=\"es_ES\" \/>\n<meta property=\"og:type\" content=\"article\" \/>\n<meta property=\"og:title\" content=\"El mapa mental c\u00f3mo herramienta para vencer ex\u00e1menes - El Diario - Bolivia\" \/>\n<meta property=\"og:description\" content=\"Por: Equipo editor &nbsp; \u00bfQu\u00e9 es el mapa mental? &nbsp; Es un diagrama usado para representar palabras, ideas, tareas, lecturas, dibujos, u otros conceptos ligados y dispuestos radicalmente alrededor de una palabra clave o de una idea central. Los mapas mentales son un m\u00e9todo muy eficaz, para extraer y memorizar informaci\u00f3n. Son una forma l\u00f3gica [&hellip;]\" \/>\n<meta property=\"og:url\" content=\"https:\/\/www.eldiario.net\/portal\/2021\/10\/19\/el-mapa-mental-como-herramienta-para-vencer-examenes\/\" \/>\n<meta property=\"og:site_name\" content=\"El Diario - Bolivia\" \/>\n<meta property=\"article:publisher\" content=\"https:\/\/www.facebook.com\/eldiario.bolivia\/\" \/>\n<meta property=\"article:published_time\" content=\"2021-10-19T10:00:52+00:00\" \/>\n<meta name=\"author\" content=\"Jeanette\" \/>\n<meta name=\"twitter:card\" content=\"summary_large_image\" \/>\n<meta name=\"twitter:creator\" content=\"@eldiario_net\" \/>\n<meta name=\"twitter:site\" content=\"@eldiario_net\" \/>\n<meta name=\"twitter:label1\" content=\"Escrito por\" \/>\n\t<meta name=\"twitter:data1\" content=\"Jeanette\" \/>\n\t<meta name=\"twitter:label2\" content=\"Tiempo de lectura\" \/>\n\t<meta name=\"twitter:data2\" content=\"9 minutos\" \/>\n<script type=\"application\/ld+json\" class=\"yoast-schema-graph\">{\"@context\":\"https:\\\/\\\/schema.org\",\"@graph\":[{\"@type\":\"Article\",\"@id\":\"https:\\\/\\\/www.eldiario.net\\\/portal\\\/2021\\\/10\\\/19\\\/el-mapa-mental-como-herramienta-para-vencer-examenes\\\/#article\",\"isPartOf\":{\"@id\":\"https:\\\/\\\/www.eldiario.net\\\/portal\\\/2021\\\/10\\\/19\\\/el-mapa-mental-como-herramienta-para-vencer-examenes\\\/\"},\"author\":{\"name\":\"Jeanette\",\"@id\":\"https:\\\/\\\/www.eldiario.net\\\/portal\\\/#\\\/schema\\\/person\\\/2c57cf2b7a7ae032e449e4c9b1019eac\"},\"headline\":\"El mapa mental c\u00f3mo herramienta para vencer ex\u00e1menes\",\"datePublished\":\"2021-10-19T10:00:52+00:00\",\"mainEntityOfPage\":{\"@id\":\"https:\\\/\\\/www.eldiario.net\\\/portal\\\/2021\\\/10\\\/19\\\/el-mapa-mental-como-herramienta-para-vencer-examenes\\\/\"},\"wordCount\":1852,\"publisher\":{\"@id\":\"https:\\\/\\\/www.eldiario.net\\\/portal\\\/#organization\"},\"articleSection\":[\"Nuevos Horizontes\"],\"inLanguage\":\"es\"},{\"@type\":\"WebPage\",\"@id\":\"https:\\\/\\\/www.eldiario.net\\\/portal\\\/2021\\\/10\\\/19\\\/el-mapa-mental-como-herramienta-para-vencer-examenes\\\/\",\"url\":\"https:\\\/\\\/www.eldiario.net\\\/portal\\\/2021\\\/10\\\/19\\\/el-mapa-mental-como-herramienta-para-vencer-examenes\\\/\",\"name\":\"El mapa mental c\u00f3mo herramienta para vencer ex\u00e1menes - El Diario - Bolivia\",\"isPartOf\":{\"@id\":\"https:\\\/\\\/www.eldiario.net\\\/portal\\\/#website\"},\"datePublished\":\"2021-10-19T10:00:52+00:00\",\"breadcrumb\":{\"@id\":\"https:\\\/\\\/www.eldiario.net\\\/portal\\\/2021\\\/10\\\/19\\\/el-mapa-mental-como-herramienta-para-vencer-examenes\\\/#breadcrumb\"},\"inLanguage\":\"es\",\"potentialAction\":[{\"@type\":\"ReadAction\",\"target\":[\"https:\\\/\\\/www.eldiario.net\\\/portal\\\/2021\\\/10\\\/19\\\/el-mapa-mental-como-herramienta-para-vencer-examenes\\\/\"]}]},{\"@type\":\"BreadcrumbList\",\"@id\":\"https:\\\/\\\/www.eldiario.net\\\/portal\\\/2021\\\/10\\\/19\\\/el-mapa-mental-como-herramienta-para-vencer-examenes\\\/#breadcrumb\",\"itemListElement\":[{\"@type\":\"ListItem\",\"position\":1,\"name\":\"Portada\",\"item\":\"https:\\\/\\\/www.eldiario.net\\\/portal\\\/\"},{\"@type\":\"ListItem\",\"position\":2,\"name\":\"El mapa mental c\u00f3mo herramienta para vencer ex\u00e1menes\"}]},{\"@type\":\"WebSite\",\"@id\":\"https:\\\/\\\/www.eldiario.net\\\/portal\\\/#website\",\"url\":\"https:\\\/\\\/www.eldiario.net\\\/portal\\\/\",\"name\":\"El Diario - Decano de la prensa nacional\",\"description\":\"El Diario - Decano de la prensa nacional\",\"publisher\":{\"@id\":\"https:\\\/\\\/www.eldiario.net\\\/portal\\\/#organization\"},\"potentialAction\":[{\"@type\":\"SearchAction\",\"target\":{\"@type\":\"EntryPoint\",\"urlTemplate\":\"https:\\\/\\\/www.eldiario.net\\\/portal\\\/?s={search_term_string}\"},\"query-input\":{\"@type\":\"PropertyValueSpecification\",\"valueRequired\":true,\"valueName\":\"search_term_string\"}}],\"inLanguage\":\"es\"},{\"@type\":\"Organization\",\"@id\":\"https:\\\/\\\/www.eldiario.net\\\/portal\\\/#organization\",\"name\":\"El Diario - Decano de la prensa nacional\",\"url\":\"https:\\\/\\\/www.eldiario.net\\\/portal\\\/\",\"logo\":{\"@type\":\"ImageObject\",\"inLanguage\":\"es\",\"@id\":\"https:\\\/\\\/www.eldiario.net\\\/portal\\\/#\\\/schema\\\/logo\\\/image\\\/\",\"url\":\"https:\\\/\\\/www.eldiario.net\\\/portal\\\/wp-content\\\/uploads\\\/2023\\\/07\\\/logo_ED.jpg\",\"contentUrl\":\"https:\\\/\\\/www.eldiario.net\\\/portal\\\/wp-content\\\/uploads\\\/2023\\\/07\\\/logo_ED.jpg\",\"width\":272,\"height\":52,\"caption\":\"El Diario - Decano de la prensa nacional\"},\"image\":{\"@id\":\"https:\\\/\\\/www.eldiario.net\\\/portal\\\/#\\\/schema\\\/logo\\\/image\\\/\"},\"sameAs\":[\"https:\\\/\\\/www.facebook.com\\\/eldiario.bolivia\\\/\",\"https:\\\/\\\/x.com\\\/eldiario_net\"]},{\"@type\":\"Person\",\"@id\":\"https:\\\/\\\/www.eldiario.net\\\/portal\\\/#\\\/schema\\\/person\\\/2c57cf2b7a7ae032e449e4c9b1019eac\",\"name\":\"Jeanette\",\"image\":{\"@type\":\"ImageObject\",\"inLanguage\":\"es\",\"@id\":\"https:\\\/\\\/secure.gravatar.com\\\/avatar\\\/3ea2118a5f7dad2b7138b1187a6b7ee55f160b9968b66013c3a3ef39dd7e5798?s=96&d=mm&r=g\",\"url\":\"https:\\\/\\\/secure.gravatar.com\\\/avatar\\\/3ea2118a5f7dad2b7138b1187a6b7ee55f160b9968b66013c3a3ef39dd7e5798?s=96&d=mm&r=g\",\"contentUrl\":\"https:\\\/\\\/secure.gravatar.com\\\/avatar\\\/3ea2118a5f7dad2b7138b1187a6b7ee55f160b9968b66013c3a3ef39dd7e5798?s=96&d=mm&r=g\",\"caption\":\"Jeanette\"},\"sameAs\":[\"https:\\\/\\\/www.eldiario.net\\\/portal\"],\"url\":\"https:\\\/\\\/www.eldiario.net\\\/portal\\\/author\\\/jeanette\\\/\"}]}<\/script>\n<!-- \/ Yoast SEO plugin. -->","yoast_head_json":{"title":"El mapa mental c\u00f3mo herramienta para vencer ex\u00e1menes - El Diario - Bolivia","robots":{"index":"index","follow":"follow","max-snippet":"max-snippet:-1","max-image-preview":"max-image-preview:large","max-video-preview":"max-video-preview:-1"},"canonical":"https:\/\/www.eldiario.net\/portal\/2021\/10\/19\/el-mapa-mental-como-herramienta-para-vencer-examenes\/","og_locale":"es_ES","og_type":"article","og_title":"El mapa mental c\u00f3mo herramienta para vencer ex\u00e1menes - El Diario - Bolivia","og_description":"Por: Equipo editor &nbsp; \u00bfQu\u00e9 es el mapa mental? &nbsp; Es un diagrama usado para representar palabras, ideas, tareas, lecturas, dibujos, u otros conceptos ligados y dispuestos radicalmente alrededor de una palabra clave o de una idea central. Los mapas mentales son un m\u00e9todo muy eficaz, para extraer y memorizar informaci\u00f3n. Son una forma l\u00f3gica [&hellip;]","og_url":"https:\/\/www.eldiario.net\/portal\/2021\/10\/19\/el-mapa-mental-como-herramienta-para-vencer-examenes\/","og_site_name":"El Diario - Bolivia","article_publisher":"https:\/\/www.facebook.com\/eldiario.bolivia\/","article_published_time":"2021-10-19T10:00:52+00:00","author":"Jeanette","twitter_card":"summary_large_image","twitter_creator":"@eldiario_net","twitter_site":"@eldiario_net","twitter_misc":{"Escrito por":"Jeanette","Tiempo de lectura":"9 minutos"},"schema":{"@context":"https:\/\/schema.org","@graph":[{"@type":"Article","@id":"https:\/\/www.eldiario.net\/portal\/2021\/10\/19\/el-mapa-mental-como-herramienta-para-vencer-examenes\/#article","isPartOf":{"@id":"https:\/\/www.eldiario.net\/portal\/2021\/10\/19\/el-mapa-mental-como-herramienta-para-vencer-examenes\/"},"author":{"name":"Jeanette","@id":"https:\/\/www.eldiario.net\/portal\/#\/schema\/person\/2c57cf2b7a7ae032e449e4c9b1019eac"},"headline":"El mapa mental c\u00f3mo herramienta para vencer ex\u00e1menes","datePublished":"2021-10-19T10:00:52+00:00","mainEntityOfPage":{"@id":"https:\/\/www.eldiario.net\/portal\/2021\/10\/19\/el-mapa-mental-como-herramienta-para-vencer-examenes\/"},"wordCount":1852,"publisher":{"@id":"https:\/\/www.eldiario.net\/portal\/#organization"},"articleSection":["Nuevos Horizontes"],"inLanguage":"es"},{"@type":"WebPage","@id":"https:\/\/www.eldiario.net\/portal\/2021\/10\/19\/el-mapa-mental-como-herramienta-para-vencer-examenes\/","url":"https:\/\/www.eldiario.net\/portal\/2021\/10\/19\/el-mapa-mental-como-herramienta-para-vencer-examenes\/","name":"El mapa mental c\u00f3mo herramienta para vencer ex\u00e1menes - El Diario - Bolivia","isPartOf":{"@id":"https:\/\/www.eldiario.net\/portal\/#website"},"datePublished":"2021-10-19T10:00:52+00:00","breadcrumb":{"@id":"https:\/\/www.eldiario.net\/portal\/2021\/10\/19\/el-mapa-mental-como-herramienta-para-vencer-examenes\/#breadcrumb"},"inLanguage":"es","potentialAction":[{"@type":"ReadAction","target":["https:\/\/www.eldiario.net\/portal\/2021\/10\/19\/el-mapa-mental-como-herramienta-para-vencer-examenes\/"]}]},{"@type":"BreadcrumbList","@id":"https:\/\/www.eldiario.net\/portal\/2021\/10\/19\/el-mapa-mental-como-herramienta-para-vencer-examenes\/#breadcrumb","itemListElement":[{"@type":"ListItem","position":1,"name":"Portada","item":"https:\/\/www.eldiario.net\/portal\/"},{"@type":"ListItem","position":2,"name":"El mapa mental c\u00f3mo herramienta para vencer ex\u00e1menes"}]},{"@type":"WebSite","@id":"https:\/\/www.eldiario.net\/portal\/#website","url":"https:\/\/www.eldiario.net\/portal\/","name":"El Diario - Decano de la prensa nacional","description":"El Diario - Decano de la prensa nacional","publisher":{"@id":"https:\/\/www.eldiario.net\/portal\/#organization"},"potentialAction":[{"@type":"SearchAction","target":{"@type":"EntryPoint","urlTemplate":"https:\/\/www.eldiario.net\/portal\/?s={search_term_string}"},"query-input":{"@type":"PropertyValueSpecification","valueRequired":true,"valueName":"search_term_string"}}],"inLanguage":"es"},{"@type":"Organization","@id":"https:\/\/www.eldiario.net\/portal\/#organization","name":"El Diario - Decano de la prensa nacional","url":"https:\/\/www.eldiario.net\/portal\/","logo":{"@type":"ImageObject","inLanguage":"es","@id":"https:\/\/www.eldiario.net\/portal\/#\/schema\/logo\/image\/","url":"https:\/\/www.eldiario.net\/portal\/wp-content\/uploads\/2023\/07\/logo_ED.jpg","contentUrl":"https:\/\/www.eldiario.net\/portal\/wp-content\/uploads\/2023\/07\/logo_ED.jpg","width":272,"height":52,"caption":"El Diario - Decano de la prensa nacional"},"image":{"@id":"https:\/\/www.eldiario.net\/portal\/#\/schema\/logo\/image\/"},"sameAs":["https:\/\/www.facebook.com\/eldiario.bolivia\/","https:\/\/x.com\/eldiario_net"]},{"@type":"Person","@id":"https:\/\/www.eldiario.net\/portal\/#\/schema\/person\/2c57cf2b7a7ae032e449e4c9b1019eac","name":"Jeanette","image":{"@type":"ImageObject","inLanguage":"es","@id":"https:\/\/secure.gravatar.com\/avatar\/3ea2118a5f7dad2b7138b1187a6b7ee55f160b9968b66013c3a3ef39dd7e5798?s=96&d=mm&r=g","url":"https:\/\/secure.gravatar.com\/avatar\/3ea2118a5f7dad2b7138b1187a6b7ee55f160b9968b66013c3a3ef39dd7e5798?s=96&d=mm&r=g","contentUrl":"https:\/\/secure.gravatar.com\/avatar\/3ea2118a5f7dad2b7138b1187a6b7ee55f160b9968b66013c3a3ef39dd7e5798?s=96&d=mm&r=g","caption":"Jeanette"},"sameAs":["https:\/\/www.eldiario.net\/portal"],"url":"https:\/\/www.eldiario.net\/portal\/author\/jeanette\/"}]}},"_links":{"self":[{"href":"https:\/\/www.eldiario.net\/portal\/wp-json\/wp\/v2\/posts\/37521","targetHints":{"allow":["GET"]}}],"collection":[{"href":"https:\/\/www.eldiario.net\/portal\/wp-json\/wp\/v2\/posts"}],"about":[{"href":"https:\/\/www.eldiario.net\/portal\/wp-json\/wp\/v2\/types\/post"}],"author":[{"embeddable":true,"href":"https:\/\/www.eldiario.net\/portal\/wp-json\/wp\/v2\/users\/1"}],"replies":[{"embeddable":true,"href":"https:\/\/www.eldiario.net\/portal\/wp-json\/wp\/v2\/comments?post=37521"}],"version-history":[{"count":0,"href":"https:\/\/www.eldiario.net\/portal\/wp-json\/wp\/v2\/posts\/37521\/revisions"}],"wp:attachment":[{"href":"https:\/\/www.eldiario.net\/portal\/wp-json\/wp\/v2\/media?parent=37521"}],"wp:term":[{"taxonomy":"category","embeddable":true,"href":"https:\/\/www.eldiario.net\/portal\/wp-json\/wp\/v2\/categories?post=37521"},{"taxonomy":"post_tag","embeddable":true,"href":"https:\/\/www.eldiario.net\/portal\/wp-json\/wp\/v2\/tags?post=37521"}],"curies":[{"name":"wp","href":"https:\/\/api.w.org\/{rel}","templated":true}]}}