{"id":375198,"date":"2026-03-11T06:54:23","date_gmt":"2026-03-11T10:54:23","guid":{"rendered":"https:\/\/www.eldiario.net\/portal\/?p=375198"},"modified":"2026-03-11T06:54:23","modified_gmt":"2026-03-11T10:54:23","slug":"gustavo-petro-y-delcy-rodriguez-se-reuniran-el-viernes-por-primera-vez","status":"publish","type":"post","link":"https:\/\/www.eldiario.net\/portal\/2026\/03\/11\/gustavo-petro-y-delcy-rodriguez-se-reuniran-el-viernes-por-primera-vez\/","title":{"rendered":"Gustavo Petro y Delcy Rodr\u00edguez se  reunir\u00e1n el viernes por primera vez"},"content":{"rendered":"<p class=\"v1MsoNormal\"><span lang=\"ES-BO\">El presidente de Colombia, Gustavo Petro, y la presidenta encargada de Venezuela, Delcy Rodr\u00edguez, mantendr\u00e1n un encuentro bilateral el viernes 13 de marzo en el puente internacional Atanasio Girardot.<\/span><\/p>\n<p class=\"v1MsoNormal\"><span lang=\"ES-BO\">La cita, confirmada por la Casa de Nari\u00f1o, representa el primer contacto personal entre ambos mandatarios desde la detenci\u00f3n de Nicol\u00e1s Maduro durante una operaci\u00f3n de Estados Unidos en Caracas a inicios de a\u00f1o.<\/span><\/p>\n<p class=\"v1MsoNormal\"><span lang=\"ES-BO\">El objetivo del encuentro es coordinar acciones en materia de seguridad, econom\u00eda y energ\u00eda en un contexto de alta sensibilidad diplom\u00e1tica para la regi\u00f3n.<\/span><\/p>\n<p class=\"v1MsoNormal\"><span lang=\"ES-BO\">\u00a0<\/span><\/p>\n<p class=\"v1MsoNormal\"><span lang=\"ES-BO\">PUNTO ESTRAT\u00c9GICO<\/span><\/p>\n<p class=\"v1MsoNormal\"><span lang=\"ES-BO\">La elecci\u00f3n del puente Atanasio Girardot no fue casual. El Gobierno de Bogot\u00e1 calific\u00f3 estas instalaciones como un \u00abs\u00edmbolo de la integraci\u00f3n fronteriza\u00bb, siendo uno de los pasos m\u00e1s modernos y significativos entre las dos naciones.<\/span><\/p>\n<p class=\"v1MsoNormal\"><span lang=\"ES-BO\">El encuentro entre Delcy Rodr\u00edguez y Gustavo Petro se desarrollar\u00e1 espec\u00edficamente en territorio colombiano, dentro de la jurisdicci\u00f3n del municipio de Villa del Rosario, en el departamento de Norte de Santander, el cual conecta directamente con la localidad de Pedro Mar\u00eda Ure\u00f1a, en el estado venezolano de T\u00e1chira.<\/span><\/p>\n<p class=\"v1MsoNormal\"><span lang=\"ES-BO\">Aunque inicialmente se consider\u00f3 a la ciudad de Bogot\u00e1 como sede para las conversaciones, la decisi\u00f3n de trasladar la cumbre a la frontera busca resaltar la importancia del tr\u00e1nsito terrestre y comercial.<\/span><\/p>\n<p class=\"v1MsoNormal\"><span lang=\"ES-BO\">Debido a la relevancia de los asistentes, se ha dispuesto un importante despliegue militar en la zona. Esta medida de seguridad provocar\u00e1 un bloqueo temporal durante la jornada para el tr\u00e1nsito rodado proveniente de Venezuela, aunque las autoridades confirmaron que otros pasos fronterizos cercanos operar\u00e1n con normalidad para no afectar el flujo ciudadano.<\/span><\/p>\n<p class=\"v1MsoNormal\"><span lang=\"ES-BO\">La agenda oficial contempla que ambos l\u00edderes realicen una comparecencia ante los medios de comunicaci\u00f3n, ya sea antes o despu\u00e9s de la sesi\u00f3n privada. Se espera que en esta declaraci\u00f3n conjunta se ofrezcan detalles sobre los acuerdos alcanzados en temas de cooperaci\u00f3n econ\u00f3mica y el estado de la vigilancia en los pasos fronterizos, considerados entre los m\u00e1s activos de Am\u00e9rica Latina.<\/span><\/p>\n<p class=\"v1MsoNormal\"><span lang=\"ES-BO\">\u00a0<\/span><\/p>\n<p class=\"v1MsoNormal\"><span lang=\"ES-BO\">RELACIONES BINACIONALES<\/span><\/p>\n<p class=\"v1MsoNormal\"><span lang=\"ES-BO\">Esta reuni\u00f3n es el resultado de una conversaci\u00f3n telef\u00f3nica mantenida entre Delcy Rodr\u00edguez y Gustavo Petro hace aproximadamente un mes.<\/span><\/p>\n<p class=\"v1MsoNormal\"><span lang=\"ES-BO\">En dicha comunicaci\u00f3n, ambos acordaron la necesidad de un encuentro presencial para \u00abseguir avanzando\u00bb en temas estructurales que hab\u00edan quedado en pausa tras los eventos pol\u00edticos en la capital venezolana.<\/span><\/p>\n<p class=\"v1MsoNormal\"><span lang=\"ES-BO\">La estabilidad de la infraestructura energ\u00e9tica compartida y la reactivaci\u00f3n del comercio formal son los ejes principales de la discusi\u00f3n.<\/span><\/p>\n<p class=\"v1MsoNormal\"><span lang=\"ES-BO\">\u00a0<\/span><\/p>\n<p class=\"v1MsoNormal\"><span lang=\"ES-BO\">DETENCI\u00d3N DE MADURO<\/span><\/p>\n<p class=\"v1MsoNormal\"><span lang=\"ES-BO\">El contexto de la detenci\u00f3n del expresidente, Nicol\u00e1s Maduro, marc\u00f3 un punto de inflexi\u00f3n en la pol\u00edtica exterior de ambos pa\u00edses.<\/span><\/p>\n<p class=\"v1MsoNormal\"><span lang=\"ES-BO\">Desde aquel suceso, la administraci\u00f3n de Delcy Rodr\u00edguez busc\u00f3 legitimar su gesti\u00f3n y mantener los canales abiertos con sus vecinos inmediatos.<\/span><\/p>\n<p class=\"v1MsoNormal\"><span lang=\"ES-BO\">Para Colombia, la seguridad en Norte de Santander es una prioridad, dado que la porosidad de la frontera influye directamente en el orden p\u00fablico interno y en el control de grupos irregulares.(El Diario Ecuador)<\/span><\/p>\n","protected":false},"excerpt":{"rendered":"<p>El presidente de Colombia, Gustavo Petro, y la presidenta encargada de Venezuela, Delcy Rodr\u00edguez, mantendr\u00e1n un encuentro bilateral el viernes 13 de marzo en el puente internacional Atanasio Girardot. La cita, confirmada por la Casa de Nari\u00f1o, representa el primer contacto personal entre ambos mandatarios desde la detenci\u00f3n de Nicol\u00e1s Maduro durante una operaci\u00f3n de [&hellip;]<\/p>\n","protected":false},"author":1,"featured_media":375199,"comment_status":"closed","ping_status":"open","sticky":false,"template":"","format":"standard","meta":{"_acf_changed":false,"footnotes":""},"categories":[3],"tags":[],"class_list":["post-375198","post","type-post","status-publish","format-standard","has-post-thumbnail","category-internacional"],"acf":{"antetitulo":""},"yoast_head":"<!-- This site is optimized with the Yoast SEO plugin v28.3 - https:\/\/yoast.com\/product\/yoast-seo-wordpress\/ -->\n<title>Gustavo Petro y Delcy Rodr\u00edguez se reunir\u00e1n el viernes por primera vez - El Diario - Bolivia<\/title>\n<meta name=\"robots\" content=\"index, follow, max-snippet:-1, max-image-preview:large, max-video-preview:-1\" \/>\n<link rel=\"canonical\" href=\"https:\/\/www.eldiario.net\/portal\/2026\/03\/11\/gustavo-petro-y-delcy-rodriguez-se-reuniran-el-viernes-por-primera-vez\/\" \/>\n<meta property=\"og:locale\" content=\"es_ES\" \/>\n<meta property=\"og:type\" content=\"article\" \/>\n<meta property=\"og:title\" content=\"Gustavo Petro y Delcy Rodr\u00edguez se reunir\u00e1n el viernes por primera vez - El Diario - Bolivia\" \/>\n<meta property=\"og:description\" content=\"El presidente de Colombia, Gustavo Petro, y la presidenta encargada de Venezuela, Delcy Rodr\u00edguez, mantendr\u00e1n un encuentro bilateral el viernes 13 de marzo en el puente internacional Atanasio Girardot. La cita, confirmada por la Casa de Nari\u00f1o, representa el primer contacto personal entre ambos mandatarios desde la detenci\u00f3n de Nicol\u00e1s Maduro durante una operaci\u00f3n de [&hellip;]\" \/>\n<meta property=\"og:url\" content=\"https:\/\/www.eldiario.net\/portal\/2026\/03\/11\/gustavo-petro-y-delcy-rodriguez-se-reuniran-el-viernes-por-primera-vez\/\" \/>\n<meta property=\"og:site_name\" content=\"El Diario - Bolivia\" \/>\n<meta property=\"article:publisher\" content=\"https:\/\/www.facebook.com\/eldiario.bolivia\/\" \/>\n<meta property=\"article:published_time\" content=\"2026-03-11T10:54:23+00:00\" \/>\n<meta property=\"og:image\" content=\"https:\/\/www.eldiario.net\/portal\/wp-content\/uploads\/2026\/03\/COLOMBIA-Europa-Press.webp\" \/>\n\t<meta property=\"og:image:width\" content=\"1200\" \/>\n\t<meta property=\"og:image:height\" content=\"800\" \/>\n\t<meta property=\"og:image:type\" content=\"image\/webp\" \/>\n<meta name=\"author\" content=\"Jeanette\" \/>\n<meta name=\"twitter:card\" content=\"summary_large_image\" \/>\n<meta name=\"twitter:creator\" content=\"@eldiario_net\" \/>\n<meta name=\"twitter:site\" content=\"@eldiario_net\" \/>\n<meta name=\"twitter:label1\" content=\"Escrito por\" \/>\n\t<meta name=\"twitter:data1\" content=\"Jeanette\" \/>\n\t<meta name=\"twitter:label2\" content=\"Tiempo de lectura\" \/>\n\t<meta name=\"twitter:data2\" content=\"3 minutos\" \/>\n<script type=\"application\/ld+json\" class=\"yoast-schema-graph\">{\"@context\":\"https:\\\/\\\/schema.org\",\"@graph\":[{\"@type\":\"Article\",\"@id\":\"https:\\\/\\\/www.eldiario.net\\\/portal\\\/2026\\\/03\\\/11\\\/gustavo-petro-y-delcy-rodriguez-se-reuniran-el-viernes-por-primera-vez\\\/#article\",\"isPartOf\":{\"@id\":\"https:\\\/\\\/www.eldiario.net\\\/portal\\\/2026\\\/03\\\/11\\\/gustavo-petro-y-delcy-rodriguez-se-reuniran-el-viernes-por-primera-vez\\\/\"},\"author\":{\"name\":\"Jeanette\",\"@id\":\"https:\\\/\\\/www.eldiario.net\\\/portal\\\/#\\\/schema\\\/person\\\/f46445640444750d7d753ccd04ae01b7\"},\"headline\":\"Gustavo Petro y Delcy Rodr\u00edguez se reunir\u00e1n el viernes por primera vez\",\"datePublished\":\"2026-03-11T10:54:23+00:00\",\"mainEntityOfPage\":{\"@id\":\"https:\\\/\\\/www.eldiario.net\\\/portal\\\/2026\\\/03\\\/11\\\/gustavo-petro-y-delcy-rodriguez-se-reuniran-el-viernes-por-primera-vez\\\/\"},\"wordCount\":539,\"publisher\":{\"@id\":\"https:\\\/\\\/www.eldiario.net\\\/portal\\\/#organization\"},\"image\":{\"@id\":\"https:\\\/\\\/www.eldiario.net\\\/portal\\\/2026\\\/03\\\/11\\\/gustavo-petro-y-delcy-rodriguez-se-reuniran-el-viernes-por-primera-vez\\\/#primaryimage\"},\"thumbnailUrl\":\"https:\\\/\\\/www.eldiario.net\\\/portal\\\/wp-content\\\/uploads\\\/2026\\\/03\\\/COLOMBIA-Europa-Press.webp\",\"articleSection\":[\"Internacional\"],\"inLanguage\":\"es\"},{\"@type\":\"WebPage\",\"@id\":\"https:\\\/\\\/www.eldiario.net\\\/portal\\\/2026\\\/03\\\/11\\\/gustavo-petro-y-delcy-rodriguez-se-reuniran-el-viernes-por-primera-vez\\\/\",\"url\":\"https:\\\/\\\/www.eldiario.net\\\/portal\\\/2026\\\/03\\\/11\\\/gustavo-petro-y-delcy-rodriguez-se-reuniran-el-viernes-por-primera-vez\\\/\",\"name\":\"Gustavo Petro y Delcy Rodr\u00edguez se reunir\u00e1n el viernes por primera vez - El Diario - Bolivia\",\"isPartOf\":{\"@id\":\"https:\\\/\\\/www.eldiario.net\\\/portal\\\/#website\"},\"primaryImageOfPage\":{\"@id\":\"https:\\\/\\\/www.eldiario.net\\\/portal\\\/2026\\\/03\\\/11\\\/gustavo-petro-y-delcy-rodriguez-se-reuniran-el-viernes-por-primera-vez\\\/#primaryimage\"},\"image\":{\"@id\":\"https:\\\/\\\/www.eldiario.net\\\/portal\\\/2026\\\/03\\\/11\\\/gustavo-petro-y-delcy-rodriguez-se-reuniran-el-viernes-por-primera-vez\\\/#primaryimage\"},\"thumbnailUrl\":\"https:\\\/\\\/www.eldiario.net\\\/portal\\\/wp-content\\\/uploads\\\/2026\\\/03\\\/COLOMBIA-Europa-Press.webp\",\"datePublished\":\"2026-03-11T10:54:23+00:00\",\"breadcrumb\":{\"@id\":\"https:\\\/\\\/www.eldiario.net\\\/portal\\\/2026\\\/03\\\/11\\\/gustavo-petro-y-delcy-rodriguez-se-reuniran-el-viernes-por-primera-vez\\\/#breadcrumb\"},\"inLanguage\":\"es\",\"potentialAction\":[{\"@type\":\"ReadAction\",\"target\":[\"https:\\\/\\\/www.eldiario.net\\\/portal\\\/2026\\\/03\\\/11\\\/gustavo-petro-y-delcy-rodriguez-se-reuniran-el-viernes-por-primera-vez\\\/\"]}]},{\"@type\":\"ImageObject\",\"inLanguage\":\"es\",\"@id\":\"https:\\\/\\\/www.eldiario.net\\\/portal\\\/2026\\\/03\\\/11\\\/gustavo-petro-y-delcy-rodriguez-se-reuniran-el-viernes-por-primera-vez\\\/#primaryimage\",\"url\":\"https:\\\/\\\/www.eldiario.net\\\/portal\\\/wp-content\\\/uploads\\\/2026\\\/03\\\/COLOMBIA-Europa-Press.webp\",\"contentUrl\":\"https:\\\/\\\/www.eldiario.net\\\/portal\\\/wp-content\\\/uploads\\\/2026\\\/03\\\/COLOMBIA-Europa-Press.webp\",\"width\":1200,\"height\":800,\"caption\":\"Delcy Rodr\u00edguez y Gustavo Petro se reunir\u00e1n en frontera de Colombia y Venezuela. CREDITO: Europa Press\"},{\"@type\":\"BreadcrumbList\",\"@id\":\"https:\\\/\\\/www.eldiario.net\\\/portal\\\/2026\\\/03\\\/11\\\/gustavo-petro-y-delcy-rodriguez-se-reuniran-el-viernes-por-primera-vez\\\/#breadcrumb\",\"itemListElement\":[{\"@type\":\"ListItem\",\"position\":1,\"name\":\"Portada\",\"item\":\"https:\\\/\\\/www.eldiario.net\\\/portal\\\/\"},{\"@type\":\"ListItem\",\"position\":2,\"name\":\"Gustavo Petro y Delcy Rodr\u00edguez se reunir\u00e1n el viernes por primera vez\"}]},{\"@type\":\"WebSite\",\"@id\":\"https:\\\/\\\/www.eldiario.net\\\/portal\\\/#website\",\"url\":\"https:\\\/\\\/www.eldiario.net\\\/portal\\\/\",\"name\":\"El Diario - Decano de la prensa nacional\",\"description\":\"El Diario - Decano de la prensa nacional\",\"publisher\":{\"@id\":\"https:\\\/\\\/www.eldiario.net\\\/portal\\\/#organization\"},\"potentialAction\":[{\"@type\":\"SearchAction\",\"target\":{\"@type\":\"EntryPoint\",\"urlTemplate\":\"https:\\\/\\\/www.eldiario.net\\\/portal\\\/?s={search_term_string}\"},\"query-input\":{\"@type\":\"PropertyValueSpecification\",\"valueRequired\":true,\"valueName\":\"search_term_string\"}}],\"inLanguage\":\"es\"},{\"@type\":\"Organization\",\"@id\":\"https:\\\/\\\/www.eldiario.net\\\/portal\\\/#organization\",\"name\":\"El Diario - Decano de la prensa nacional\",\"url\":\"https:\\\/\\\/www.eldiario.net\\\/portal\\\/\",\"logo\":{\"@type\":\"ImageObject\",\"inLanguage\":\"es\",\"@id\":\"https:\\\/\\\/www.eldiario.net\\\/portal\\\/#\\\/schema\\\/logo\\\/image\\\/\",\"url\":\"https:\\\/\\\/www.eldiario.net\\\/portal\\\/wp-content\\\/uploads\\\/2023\\\/07\\\/logo_ED.jpg\",\"contentUrl\":\"https:\\\/\\\/www.eldiario.net\\\/portal\\\/wp-content\\\/uploads\\\/2023\\\/07\\\/logo_ED.jpg\",\"width\":272,\"height\":52,\"caption\":\"El Diario - Decano de la prensa nacional\"},\"image\":{\"@id\":\"https:\\\/\\\/www.eldiario.net\\\/portal\\\/#\\\/schema\\\/logo\\\/image\\\/\"},\"sameAs\":[\"https:\\\/\\\/www.facebook.com\\\/eldiario.bolivia\\\/\",\"https:\\\/\\\/x.com\\\/eldiario_net\"]},{\"@type\":\"Person\",\"@id\":\"https:\\\/\\\/www.eldiario.net\\\/portal\\\/#\\\/schema\\\/person\\\/f46445640444750d7d753ccd04ae01b7\",\"name\":\"Jeanette\",\"image\":{\"@type\":\"ImageObject\",\"inLanguage\":\"es\",\"@id\":\"https:\\\/\\\/secure.gravatar.com\\\/avatar\\\/3ea2118a5f7dad2b7138b1187a6b7ee55f160b9968b66013c3a3ef39dd7e5798?s=96&d=mm&r=g\",\"url\":\"https:\\\/\\\/secure.gravatar.com\\\/avatar\\\/3ea2118a5f7dad2b7138b1187a6b7ee55f160b9968b66013c3a3ef39dd7e5798?s=96&d=mm&r=g\",\"contentUrl\":\"https:\\\/\\\/secure.gravatar.com\\\/avatar\\\/3ea2118a5f7dad2b7138b1187a6b7ee55f160b9968b66013c3a3ef39dd7e5798?s=96&d=mm&r=g\",\"caption\":\"Jeanette\"},\"sameAs\":[\"https:\\\/\\\/www.eldiario.net\\\/portal\"],\"url\":\"https:\\\/\\\/www.eldiario.net\\\/portal\\\/author\\\/jeanette\\\/\"}]}<\/script>\n<!-- \/ Yoast SEO plugin. -->","yoast_head_json":{"title":"Gustavo Petro y Delcy Rodr\u00edguez se reunir\u00e1n el viernes por primera vez - El Diario - Bolivia","robots":{"index":"index","follow":"follow","max-snippet":"max-snippet:-1","max-image-preview":"max-image-preview:large","max-video-preview":"max-video-preview:-1"},"canonical":"https:\/\/www.eldiario.net\/portal\/2026\/03\/11\/gustavo-petro-y-delcy-rodriguez-se-reuniran-el-viernes-por-primera-vez\/","og_locale":"es_ES","og_type":"article","og_title":"Gustavo Petro y Delcy Rodr\u00edguez se reunir\u00e1n el viernes por primera vez - El Diario - Bolivia","og_description":"El presidente de Colombia, Gustavo Petro, y la presidenta encargada de Venezuela, Delcy Rodr\u00edguez, mantendr\u00e1n un encuentro bilateral el viernes 13 de marzo en el puente internacional Atanasio Girardot. La cita, confirmada por la Casa de Nari\u00f1o, representa el primer contacto personal entre ambos mandatarios desde la detenci\u00f3n de Nicol\u00e1s Maduro durante una operaci\u00f3n de [&hellip;]","og_url":"https:\/\/www.eldiario.net\/portal\/2026\/03\/11\/gustavo-petro-y-delcy-rodriguez-se-reuniran-el-viernes-por-primera-vez\/","og_site_name":"El Diario - Bolivia","article_publisher":"https:\/\/www.facebook.com\/eldiario.bolivia\/","article_published_time":"2026-03-11T10:54:23+00:00","og_image":[{"width":1200,"height":800,"url":"https:\/\/www.eldiario.net\/portal\/wp-content\/uploads\/2026\/03\/COLOMBIA-Europa-Press.webp","type":"image\/webp"}],"author":"Jeanette","twitter_card":"summary_large_image","twitter_creator":"@eldiario_net","twitter_site":"@eldiario_net","twitter_misc":{"Escrito por":"Jeanette","Tiempo de lectura":"3 minutos"},"schema":{"@context":"https:\/\/schema.org","@graph":[{"@type":"Article","@id":"https:\/\/www.eldiario.net\/portal\/2026\/03\/11\/gustavo-petro-y-delcy-rodriguez-se-reuniran-el-viernes-por-primera-vez\/#article","isPartOf":{"@id":"https:\/\/www.eldiario.net\/portal\/2026\/03\/11\/gustavo-petro-y-delcy-rodriguez-se-reuniran-el-viernes-por-primera-vez\/"},"author":{"name":"Jeanette","@id":"https:\/\/www.eldiario.net\/portal\/#\/schema\/person\/f46445640444750d7d753ccd04ae01b7"},"headline":"Gustavo Petro y Delcy Rodr\u00edguez se reunir\u00e1n el viernes por primera vez","datePublished":"2026-03-11T10:54:23+00:00","mainEntityOfPage":{"@id":"https:\/\/www.eldiario.net\/portal\/2026\/03\/11\/gustavo-petro-y-delcy-rodriguez-se-reuniran-el-viernes-por-primera-vez\/"},"wordCount":539,"publisher":{"@id":"https:\/\/www.eldiario.net\/portal\/#organization"},"image":{"@id":"https:\/\/www.eldiario.net\/portal\/2026\/03\/11\/gustavo-petro-y-delcy-rodriguez-se-reuniran-el-viernes-por-primera-vez\/#primaryimage"},"thumbnailUrl":"https:\/\/www.eldiario.net\/portal\/wp-content\/uploads\/2026\/03\/COLOMBIA-Europa-Press.webp","articleSection":["Internacional"],"inLanguage":"es"},{"@type":"WebPage","@id":"https:\/\/www.eldiario.net\/portal\/2026\/03\/11\/gustavo-petro-y-delcy-rodriguez-se-reuniran-el-viernes-por-primera-vez\/","url":"https:\/\/www.eldiario.net\/portal\/2026\/03\/11\/gustavo-petro-y-delcy-rodriguez-se-reuniran-el-viernes-por-primera-vez\/","name":"Gustavo Petro y Delcy Rodr\u00edguez se reunir\u00e1n el viernes por primera vez - El Diario - Bolivia","isPartOf":{"@id":"https:\/\/www.eldiario.net\/portal\/#website"},"primaryImageOfPage":{"@id":"https:\/\/www.eldiario.net\/portal\/2026\/03\/11\/gustavo-petro-y-delcy-rodriguez-se-reuniran-el-viernes-por-primera-vez\/#primaryimage"},"image":{"@id":"https:\/\/www.eldiario.net\/portal\/2026\/03\/11\/gustavo-petro-y-delcy-rodriguez-se-reuniran-el-viernes-por-primera-vez\/#primaryimage"},"thumbnailUrl":"https:\/\/www.eldiario.net\/portal\/wp-content\/uploads\/2026\/03\/COLOMBIA-Europa-Press.webp","datePublished":"2026-03-11T10:54:23+00:00","breadcrumb":{"@id":"https:\/\/www.eldiario.net\/portal\/2026\/03\/11\/gustavo-petro-y-delcy-rodriguez-se-reuniran-el-viernes-por-primera-vez\/#breadcrumb"},"inLanguage":"es","potentialAction":[{"@type":"ReadAction","target":["https:\/\/www.eldiario.net\/portal\/2026\/03\/11\/gustavo-petro-y-delcy-rodriguez-se-reuniran-el-viernes-por-primera-vez\/"]}]},{"@type":"ImageObject","inLanguage":"es","@id":"https:\/\/www.eldiario.net\/portal\/2026\/03\/11\/gustavo-petro-y-delcy-rodriguez-se-reuniran-el-viernes-por-primera-vez\/#primaryimage","url":"https:\/\/www.eldiario.net\/portal\/wp-content\/uploads\/2026\/03\/COLOMBIA-Europa-Press.webp","contentUrl":"https:\/\/www.eldiario.net\/portal\/wp-content\/uploads\/2026\/03\/COLOMBIA-Europa-Press.webp","width":1200,"height":800,"caption":"Delcy Rodr\u00edguez y Gustavo Petro se reunir\u00e1n en frontera de Colombia y Venezuela. CREDITO: Europa Press"},{"@type":"BreadcrumbList","@id":"https:\/\/www.eldiario.net\/portal\/2026\/03\/11\/gustavo-petro-y-delcy-rodriguez-se-reuniran-el-viernes-por-primera-vez\/#breadcrumb","itemListElement":[{"@type":"ListItem","position":1,"name":"Portada","item":"https:\/\/www.eldiario.net\/portal\/"},{"@type":"ListItem","position":2,"name":"Gustavo Petro y Delcy Rodr\u00edguez se reunir\u00e1n el viernes por primera vez"}]},{"@type":"WebSite","@id":"https:\/\/www.eldiario.net\/portal\/#website","url":"https:\/\/www.eldiario.net\/portal\/","name":"El Diario - Decano de la prensa nacional","description":"El Diario - Decano de la prensa nacional","publisher":{"@id":"https:\/\/www.eldiario.net\/portal\/#organization"},"potentialAction":[{"@type":"SearchAction","target":{"@type":"EntryPoint","urlTemplate":"https:\/\/www.eldiario.net\/portal\/?s={search_term_string}"},"query-input":{"@type":"PropertyValueSpecification","valueRequired":true,"valueName":"search_term_string"}}],"inLanguage":"es"},{"@type":"Organization","@id":"https:\/\/www.eldiario.net\/portal\/#organization","name":"El Diario - Decano de la prensa nacional","url":"https:\/\/www.eldiario.net\/portal\/","logo":{"@type":"ImageObject","inLanguage":"es","@id":"https:\/\/www.eldiario.net\/portal\/#\/schema\/logo\/image\/","url":"https:\/\/www.eldiario.net\/portal\/wp-content\/uploads\/2023\/07\/logo_ED.jpg","contentUrl":"https:\/\/www.eldiario.net\/portal\/wp-content\/uploads\/2023\/07\/logo_ED.jpg","width":272,"height":52,"caption":"El Diario - Decano de la prensa nacional"},"image":{"@id":"https:\/\/www.eldiario.net\/portal\/#\/schema\/logo\/image\/"},"sameAs":["https:\/\/www.facebook.com\/eldiario.bolivia\/","https:\/\/x.com\/eldiario_net"]},{"@type":"Person","@id":"https:\/\/www.eldiario.net\/portal\/#\/schema\/person\/f46445640444750d7d753ccd04ae01b7","name":"Jeanette","image":{"@type":"ImageObject","inLanguage":"es","@id":"https:\/\/secure.gravatar.com\/avatar\/3ea2118a5f7dad2b7138b1187a6b7ee55f160b9968b66013c3a3ef39dd7e5798?s=96&d=mm&r=g","url":"https:\/\/secure.gravatar.com\/avatar\/3ea2118a5f7dad2b7138b1187a6b7ee55f160b9968b66013c3a3ef39dd7e5798?s=96&d=mm&r=g","contentUrl":"https:\/\/secure.gravatar.com\/avatar\/3ea2118a5f7dad2b7138b1187a6b7ee55f160b9968b66013c3a3ef39dd7e5798?s=96&d=mm&r=g","caption":"Jeanette"},"sameAs":["https:\/\/www.eldiario.net\/portal"],"url":"https:\/\/www.eldiario.net\/portal\/author\/jeanette\/"}]}},"_links":{"self":[{"href":"https:\/\/www.eldiario.net\/portal\/wp-json\/wp\/v2\/posts\/375198","targetHints":{"allow":["GET"]}}],"collection":[{"href":"https:\/\/www.eldiario.net\/portal\/wp-json\/wp\/v2\/posts"}],"about":[{"href":"https:\/\/www.eldiario.net\/portal\/wp-json\/wp\/v2\/types\/post"}],"author":[{"embeddable":true,"href":"https:\/\/www.eldiario.net\/portal\/wp-json\/wp\/v2\/users\/1"}],"replies":[{"embeddable":true,"href":"https:\/\/www.eldiario.net\/portal\/wp-json\/wp\/v2\/comments?post=375198"}],"version-history":[{"count":1,"href":"https:\/\/www.eldiario.net\/portal\/wp-json\/wp\/v2\/posts\/375198\/revisions"}],"predecessor-version":[{"id":375200,"href":"https:\/\/www.eldiario.net\/portal\/wp-json\/wp\/v2\/posts\/375198\/revisions\/375200"}],"wp:featuredmedia":[{"embeddable":true,"href":"https:\/\/www.eldiario.net\/portal\/wp-json\/wp\/v2\/media\/375199"}],"wp:attachment":[{"href":"https:\/\/www.eldiario.net\/portal\/wp-json\/wp\/v2\/media?parent=375198"}],"wp:term":[{"taxonomy":"category","embeddable":true,"href":"https:\/\/www.eldiario.net\/portal\/wp-json\/wp\/v2\/categories?post=375198"},{"taxonomy":"post_tag","embeddable":true,"href":"https:\/\/www.eldiario.net\/portal\/wp-json\/wp\/v2\/tags?post=375198"}],"curies":[{"name":"wp","href":"https:\/\/api.w.org\/{rel}","templated":true}]}}