{"id":375195,"date":"2026-03-11T06:53:02","date_gmt":"2026-03-11T10:53:02","guid":{"rendered":"https:\/\/www.eldiario.net\/portal\/?p=375195"},"modified":"2026-03-11T06:53:02","modified_gmt":"2026-03-11T10:53:02","slug":"suman-vehiculos-afectados-y-hay-descontento-por-registro-virtual","status":"publish","type":"post","link":"https:\/\/www.eldiario.net\/portal\/2026\/03\/11\/suman-vehiculos-afectados-y-hay-descontento-por-registro-virtual\/","title":{"rendered":"Suman veh\u00edculos afectados y hay  descontento por registro virtual"},"content":{"rendered":"<p>A pesar de que las autoridades del sector hidrocarburos y el presidente del Estado, Rodrigo Paz Pereira, se\u00f1alaron que un sabotaje provoc\u00f3 que la gasolina de mala calidad sea introducida al mercado nacional, el n\u00famero de motorizados que presentan fallas va en aumento; ante ese contexto, los afectados indican que este producto sigue a la venta y adem\u00e1s el registro por WhatsApp no funciona. Tambi\u00e9n existe desconfianza por los nuevos aditivos que aplican al combustible.<br \/>\nLos reclamos contin\u00faan por parte de los propietarios de veh\u00edculos, de particulares y p\u00fablicos, respecto a la gasolina de baja calidad, que ya tiene en su haber a miles de motorizados afectados, en el departamento de La Paz, sin contar los del interior.<br \/>\nEl secretario ejecutivo de la Federaci\u00f3n Interciudad, Roberto Mamani, anunci\u00f3 que el sector tomar\u00e1 decisiones, porque a la fecha la gasolina mantiene caracter\u00edsticas alejadas de los est\u00e1ndares y que el registro virtual es lento ni el 1% de los afectados pudo registrarse.<br \/>\nFilas<br \/>\nSi bien las filas disminuyeron en las estaciones de servicio, todav\u00eda est\u00e1 a la venta combustible de dudosa calidad, por ello piden al Gobierno tomar cartas en el asunto, ya que los desperfectos en los motores contin\u00faan, sostiene el dirigente.<br \/>\n\u201cPedimos al Gobierno solucionar el tema de la calidad del combustible\u201d, apunt\u00f3 a tiempo de lamentar el incumplimiento de los compromisos por parte de las autoridades.<br \/>\nAnunci\u00f3 un ampliado para hoy con todos los afiliados para tomar decisiones respecto a la atenci\u00f3n a su pedido.<br \/>\nAdem\u00e1s, Mamani explic\u00f3 que el combustible que se vende no es nuevo, mantiene las mismas caracter\u00edsticas y s\u00f3lo se mezcla con el nuevo aditivo, que no conocen los detalles del mismo.<br \/>\nDijo que el aditivo corroe la pintura de los carros, pero YPFB neg\u00f3 de forma categ\u00f3rica que los aditivos incorporados en la gasolina que comercializa en el mercado interno ocasionen da\u00f1os al momento de cargar este combustible en las estaciones de servicio.<br \/>\nTemporal<br \/>\nEn entrevista en Radio Fides, el ministro de Hidrocarburos y Energ\u00eda, Mauricio Medinaceli, inform\u00f3 que el Gobierno aplic\u00f3 aditivos a la gasolina como medida temporal, mientras se implementan cambios en la cadena de suministros de combustibles y no podr\u00e1 utilizarse por un per\u00edodo prolongado, debido a que podr\u00eda generar da\u00f1os en los motores de los veh\u00edculos.<br \/>\nEl ministro detall\u00f3 que la auditor\u00eda realizada por la brasile\u00f1a Intertech, recomend\u00f3 la aplicaci\u00f3n de aditivos estabilizantes a la gasolina para ayudar a purgar el motor y se limpie.<br \/>\nVerificaci\u00f3n<br \/>\nAyer, Yacimientos Petrol\u00edferos Fiscales Bolivianos (YPFB) tom\u00f3 muestras de gasolina en tres estaciones de servicio en las ciudades de La Paz y El Alto, ratific\u00f3 que el producto comercializado se encuentra dentro de la especificaci\u00f3n t\u00e9cnica y cumple con las normas de calidad.<br \/>\nRegistro<br \/>\nA pesar de haber habilitado el Sistema de Registro y Evaluaci\u00f3n de Contingencias (SREC) a trav\u00e9s del N\u00b0 72150600 de WhatsApp, plataforma digital para atender desde el martes 3 de marzo, los reportes de posibles da\u00f1os en veh\u00edculos automotores asociados a gasolina desestabilizada, el registro es lento.<br \/>\n\u201cHemos habilitado el sistema SREC para que los afectados puedan registrarse de manera tal, que se puedan cruzar sus datos oficiales con bases de datos del B-SISA, RUAT, Segip y SOAT, para posteriormente evaluar por peritos t\u00e9cnicos el grado del da\u00f1o. El SREC permite acelerar la compensaci\u00f3n, reducir costos operativos y brindar transparencia a la ciudadan\u00eda y al sector transporte, con un enfoque solidario y estandarizado\u201d, mencionaba un comunicado de YPFB.<br \/>\nSin embargo, los choferes lamentan que no se pueda registrar virtualmente el reclamo y por ello instan que el proceso sea f\u00edsico, con el objetivo de acelerar el proceso de reposici\u00f3n.<\/p>\n","protected":false},"excerpt":{"rendered":"<p>A pesar de que las autoridades del sector hidrocarburos y el presidente del Estado, Rodrigo Paz Pereira, se\u00f1alaron que un sabotaje provoc\u00f3 que la gasolina de mala calidad sea introducida al mercado nacional, el n\u00famero de motorizados que presentan fallas va en aumento; ante ese contexto, los afectados indican que este producto sigue a la [&hellip;]<\/p>\n","protected":false},"author":1,"featured_media":375196,"comment_status":"closed","ping_status":"open","sticky":false,"template":"","format":"standard","meta":{"_acf_changed":false,"footnotes":""},"categories":[7],"tags":[],"class_list":["post-375195","post","type-post","status-publish","format-standard","has-post-thumbnail","category-economia"],"acf":{"antetitulo":"Por gasolina de mala calidad"},"yoast_head":"<!-- This site is optimized with the Yoast SEO plugin v28.3 - https:\/\/yoast.com\/product\/yoast-seo-wordpress\/ -->\n<title>Suman veh\u00edculos afectados y hay descontento por registro virtual - El Diario - Bolivia<\/title>\n<meta name=\"robots\" content=\"index, follow, max-snippet:-1, max-image-preview:large, max-video-preview:-1\" \/>\n<link rel=\"canonical\" href=\"https:\/\/www.eldiario.net\/portal\/2026\/03\/11\/suman-vehiculos-afectados-y-hay-descontento-por-registro-virtual\/\" \/>\n<meta property=\"og:locale\" content=\"es_ES\" \/>\n<meta property=\"og:type\" content=\"article\" \/>\n<meta property=\"og:title\" content=\"Suman veh\u00edculos afectados y hay descontento por registro virtual - El Diario - Bolivia\" \/>\n<meta property=\"og:description\" content=\"A pesar de que las autoridades del sector hidrocarburos y el presidente del Estado, Rodrigo Paz Pereira, se\u00f1alaron que un sabotaje provoc\u00f3 que la gasolina de mala calidad sea introducida al mercado nacional, el n\u00famero de motorizados que presentan fallas va en aumento; ante ese contexto, los afectados indican que este producto sigue a la [&hellip;]\" \/>\n<meta property=\"og:url\" content=\"https:\/\/www.eldiario.net\/portal\/2026\/03\/11\/suman-vehiculos-afectados-y-hay-descontento-por-registro-virtual\/\" \/>\n<meta property=\"og:site_name\" content=\"El Diario - Bolivia\" \/>\n<meta property=\"article:publisher\" content=\"https:\/\/www.facebook.com\/eldiario.bolivia\/\" \/>\n<meta property=\"article:published_time\" content=\"2026-03-11T10:53:02+00:00\" \/>\n<meta property=\"og:image\" content=\"https:\/\/www.eldiario.net\/portal\/wp-content\/uploads\/2026\/03\/mala.webp\" \/>\n\t<meta property=\"og:image:width\" content=\"1600\" \/>\n\t<meta property=\"og:image:height\" content=\"1067\" \/>\n\t<meta property=\"og:image:type\" content=\"image\/webp\" \/>\n<meta name=\"author\" content=\"Jeanette\" \/>\n<meta name=\"twitter:card\" content=\"summary_large_image\" \/>\n<meta name=\"twitter:creator\" content=\"@eldiario_net\" \/>\n<meta name=\"twitter:site\" content=\"@eldiario_net\" \/>\n<meta name=\"twitter:label1\" content=\"Escrito por\" \/>\n\t<meta name=\"twitter:data1\" content=\"Jeanette\" \/>\n\t<meta name=\"twitter:label2\" content=\"Tiempo de lectura\" \/>\n\t<meta name=\"twitter:data2\" content=\"3 minutos\" \/>\n<script type=\"application\/ld+json\" class=\"yoast-schema-graph\">{\"@context\":\"https:\\\/\\\/schema.org\",\"@graph\":[{\"@type\":\"Article\",\"@id\":\"https:\\\/\\\/www.eldiario.net\\\/portal\\\/2026\\\/03\\\/11\\\/suman-vehiculos-afectados-y-hay-descontento-por-registro-virtual\\\/#article\",\"isPartOf\":{\"@id\":\"https:\\\/\\\/www.eldiario.net\\\/portal\\\/2026\\\/03\\\/11\\\/suman-vehiculos-afectados-y-hay-descontento-por-registro-virtual\\\/\"},\"author\":{\"name\":\"Jeanette\",\"@id\":\"https:\\\/\\\/www.eldiario.net\\\/portal\\\/#\\\/schema\\\/person\\\/f46445640444750d7d753ccd04ae01b7\"},\"headline\":\"Suman veh\u00edculos afectados y hay descontento por registro virtual\",\"datePublished\":\"2026-03-11T10:53:02+00:00\",\"mainEntityOfPage\":{\"@id\":\"https:\\\/\\\/www.eldiario.net\\\/portal\\\/2026\\\/03\\\/11\\\/suman-vehiculos-afectados-y-hay-descontento-por-registro-virtual\\\/\"},\"wordCount\":646,\"publisher\":{\"@id\":\"https:\\\/\\\/www.eldiario.net\\\/portal\\\/#organization\"},\"image\":{\"@id\":\"https:\\\/\\\/www.eldiario.net\\\/portal\\\/2026\\\/03\\\/11\\\/suman-vehiculos-afectados-y-hay-descontento-por-registro-virtual\\\/#primaryimage\"},\"thumbnailUrl\":\"https:\\\/\\\/www.eldiario.net\\\/portal\\\/wp-content\\\/uploads\\\/2026\\\/03\\\/mala.webp\",\"articleSection\":[\"Econom\u00eda\"],\"inLanguage\":\"es\"},{\"@type\":\"WebPage\",\"@id\":\"https:\\\/\\\/www.eldiario.net\\\/portal\\\/2026\\\/03\\\/11\\\/suman-vehiculos-afectados-y-hay-descontento-por-registro-virtual\\\/\",\"url\":\"https:\\\/\\\/www.eldiario.net\\\/portal\\\/2026\\\/03\\\/11\\\/suman-vehiculos-afectados-y-hay-descontento-por-registro-virtual\\\/\",\"name\":\"Suman veh\u00edculos afectados y hay descontento por registro virtual - El Diario - Bolivia\",\"isPartOf\":{\"@id\":\"https:\\\/\\\/www.eldiario.net\\\/portal\\\/#website\"},\"primaryImageOfPage\":{\"@id\":\"https:\\\/\\\/www.eldiario.net\\\/portal\\\/2026\\\/03\\\/11\\\/suman-vehiculos-afectados-y-hay-descontento-por-registro-virtual\\\/#primaryimage\"},\"image\":{\"@id\":\"https:\\\/\\\/www.eldiario.net\\\/portal\\\/2026\\\/03\\\/11\\\/suman-vehiculos-afectados-y-hay-descontento-por-registro-virtual\\\/#primaryimage\"},\"thumbnailUrl\":\"https:\\\/\\\/www.eldiario.net\\\/portal\\\/wp-content\\\/uploads\\\/2026\\\/03\\\/mala.webp\",\"datePublished\":\"2026-03-11T10:53:02+00:00\",\"breadcrumb\":{\"@id\":\"https:\\\/\\\/www.eldiario.net\\\/portal\\\/2026\\\/03\\\/11\\\/suman-vehiculos-afectados-y-hay-descontento-por-registro-virtual\\\/#breadcrumb\"},\"inLanguage\":\"es\",\"potentialAction\":[{\"@type\":\"ReadAction\",\"target\":[\"https:\\\/\\\/www.eldiario.net\\\/portal\\\/2026\\\/03\\\/11\\\/suman-vehiculos-afectados-y-hay-descontento-por-registro-virtual\\\/\"]}]},{\"@type\":\"ImageObject\",\"inLanguage\":\"es\",\"@id\":\"https:\\\/\\\/www.eldiario.net\\\/portal\\\/2026\\\/03\\\/11\\\/suman-vehiculos-afectados-y-hay-descontento-por-registro-virtual\\\/#primaryimage\",\"url\":\"https:\\\/\\\/www.eldiario.net\\\/portal\\\/wp-content\\\/uploads\\\/2026\\\/03\\\/mala.webp\",\"contentUrl\":\"https:\\\/\\\/www.eldiario.net\\\/portal\\\/wp-content\\\/uploads\\\/2026\\\/03\\\/mala.webp\",\"width\":1600,\"height\":1067,\"caption\":\"secretario Ejecutivo de la Federaci\u00f3n Interciudad, Roberto Mamani.\"},{\"@type\":\"BreadcrumbList\",\"@id\":\"https:\\\/\\\/www.eldiario.net\\\/portal\\\/2026\\\/03\\\/11\\\/suman-vehiculos-afectados-y-hay-descontento-por-registro-virtual\\\/#breadcrumb\",\"itemListElement\":[{\"@type\":\"ListItem\",\"position\":1,\"name\":\"Portada\",\"item\":\"https:\\\/\\\/www.eldiario.net\\\/portal\\\/\"},{\"@type\":\"ListItem\",\"position\":2,\"name\":\"Suman veh\u00edculos afectados y hay descontento por registro virtual\"}]},{\"@type\":\"WebSite\",\"@id\":\"https:\\\/\\\/www.eldiario.net\\\/portal\\\/#website\",\"url\":\"https:\\\/\\\/www.eldiario.net\\\/portal\\\/\",\"name\":\"El Diario - Decano de la prensa nacional\",\"description\":\"El Diario - Decano de la prensa nacional\",\"publisher\":{\"@id\":\"https:\\\/\\\/www.eldiario.net\\\/portal\\\/#organization\"},\"potentialAction\":[{\"@type\":\"SearchAction\",\"target\":{\"@type\":\"EntryPoint\",\"urlTemplate\":\"https:\\\/\\\/www.eldiario.net\\\/portal\\\/?s={search_term_string}\"},\"query-input\":{\"@type\":\"PropertyValueSpecification\",\"valueRequired\":true,\"valueName\":\"search_term_string\"}}],\"inLanguage\":\"es\"},{\"@type\":\"Organization\",\"@id\":\"https:\\\/\\\/www.eldiario.net\\\/portal\\\/#organization\",\"name\":\"El Diario - Decano de la prensa nacional\",\"url\":\"https:\\\/\\\/www.eldiario.net\\\/portal\\\/\",\"logo\":{\"@type\":\"ImageObject\",\"inLanguage\":\"es\",\"@id\":\"https:\\\/\\\/www.eldiario.net\\\/portal\\\/#\\\/schema\\\/logo\\\/image\\\/\",\"url\":\"https:\\\/\\\/www.eldiario.net\\\/portal\\\/wp-content\\\/uploads\\\/2023\\\/07\\\/logo_ED.jpg\",\"contentUrl\":\"https:\\\/\\\/www.eldiario.net\\\/portal\\\/wp-content\\\/uploads\\\/2023\\\/07\\\/logo_ED.jpg\",\"width\":272,\"height\":52,\"caption\":\"El Diario - Decano de la prensa nacional\"},\"image\":{\"@id\":\"https:\\\/\\\/www.eldiario.net\\\/portal\\\/#\\\/schema\\\/logo\\\/image\\\/\"},\"sameAs\":[\"https:\\\/\\\/www.facebook.com\\\/eldiario.bolivia\\\/\",\"https:\\\/\\\/x.com\\\/eldiario_net\"]},{\"@type\":\"Person\",\"@id\":\"https:\\\/\\\/www.eldiario.net\\\/portal\\\/#\\\/schema\\\/person\\\/f46445640444750d7d753ccd04ae01b7\",\"name\":\"Jeanette\",\"image\":{\"@type\":\"ImageObject\",\"inLanguage\":\"es\",\"@id\":\"https:\\\/\\\/secure.gravatar.com\\\/avatar\\\/3ea2118a5f7dad2b7138b1187a6b7ee55f160b9968b66013c3a3ef39dd7e5798?s=96&d=mm&r=g\",\"url\":\"https:\\\/\\\/secure.gravatar.com\\\/avatar\\\/3ea2118a5f7dad2b7138b1187a6b7ee55f160b9968b66013c3a3ef39dd7e5798?s=96&d=mm&r=g\",\"contentUrl\":\"https:\\\/\\\/secure.gravatar.com\\\/avatar\\\/3ea2118a5f7dad2b7138b1187a6b7ee55f160b9968b66013c3a3ef39dd7e5798?s=96&d=mm&r=g\",\"caption\":\"Jeanette\"},\"sameAs\":[\"https:\\\/\\\/www.eldiario.net\\\/portal\"],\"url\":\"https:\\\/\\\/www.eldiario.net\\\/portal\\\/author\\\/jeanette\\\/\"}]}<\/script>\n<!-- \/ Yoast SEO plugin. -->","yoast_head_json":{"title":"Suman veh\u00edculos afectados y hay descontento por registro virtual - El Diario - Bolivia","robots":{"index":"index","follow":"follow","max-snippet":"max-snippet:-1","max-image-preview":"max-image-preview:large","max-video-preview":"max-video-preview:-1"},"canonical":"https:\/\/www.eldiario.net\/portal\/2026\/03\/11\/suman-vehiculos-afectados-y-hay-descontento-por-registro-virtual\/","og_locale":"es_ES","og_type":"article","og_title":"Suman veh\u00edculos afectados y hay descontento por registro virtual - El Diario - Bolivia","og_description":"A pesar de que las autoridades del sector hidrocarburos y el presidente del Estado, Rodrigo Paz Pereira, se\u00f1alaron que un sabotaje provoc\u00f3 que la gasolina de mala calidad sea introducida al mercado nacional, el n\u00famero de motorizados que presentan fallas va en aumento; ante ese contexto, los afectados indican que este producto sigue a la [&hellip;]","og_url":"https:\/\/www.eldiario.net\/portal\/2026\/03\/11\/suman-vehiculos-afectados-y-hay-descontento-por-registro-virtual\/","og_site_name":"El Diario - Bolivia","article_publisher":"https:\/\/www.facebook.com\/eldiario.bolivia\/","article_published_time":"2026-03-11T10:53:02+00:00","og_image":[{"width":1600,"height":1067,"url":"https:\/\/www.eldiario.net\/portal\/wp-content\/uploads\/2026\/03\/mala.webp","type":"image\/webp"}],"author":"Jeanette","twitter_card":"summary_large_image","twitter_creator":"@eldiario_net","twitter_site":"@eldiario_net","twitter_misc":{"Escrito por":"Jeanette","Tiempo de lectura":"3 minutos"},"schema":{"@context":"https:\/\/schema.org","@graph":[{"@type":"Article","@id":"https:\/\/www.eldiario.net\/portal\/2026\/03\/11\/suman-vehiculos-afectados-y-hay-descontento-por-registro-virtual\/#article","isPartOf":{"@id":"https:\/\/www.eldiario.net\/portal\/2026\/03\/11\/suman-vehiculos-afectados-y-hay-descontento-por-registro-virtual\/"},"author":{"name":"Jeanette","@id":"https:\/\/www.eldiario.net\/portal\/#\/schema\/person\/f46445640444750d7d753ccd04ae01b7"},"headline":"Suman veh\u00edculos afectados y hay descontento por registro virtual","datePublished":"2026-03-11T10:53:02+00:00","mainEntityOfPage":{"@id":"https:\/\/www.eldiario.net\/portal\/2026\/03\/11\/suman-vehiculos-afectados-y-hay-descontento-por-registro-virtual\/"},"wordCount":646,"publisher":{"@id":"https:\/\/www.eldiario.net\/portal\/#organization"},"image":{"@id":"https:\/\/www.eldiario.net\/portal\/2026\/03\/11\/suman-vehiculos-afectados-y-hay-descontento-por-registro-virtual\/#primaryimage"},"thumbnailUrl":"https:\/\/www.eldiario.net\/portal\/wp-content\/uploads\/2026\/03\/mala.webp","articleSection":["Econom\u00eda"],"inLanguage":"es"},{"@type":"WebPage","@id":"https:\/\/www.eldiario.net\/portal\/2026\/03\/11\/suman-vehiculos-afectados-y-hay-descontento-por-registro-virtual\/","url":"https:\/\/www.eldiario.net\/portal\/2026\/03\/11\/suman-vehiculos-afectados-y-hay-descontento-por-registro-virtual\/","name":"Suman veh\u00edculos afectados y hay descontento por registro virtual - El Diario - Bolivia","isPartOf":{"@id":"https:\/\/www.eldiario.net\/portal\/#website"},"primaryImageOfPage":{"@id":"https:\/\/www.eldiario.net\/portal\/2026\/03\/11\/suman-vehiculos-afectados-y-hay-descontento-por-registro-virtual\/#primaryimage"},"image":{"@id":"https:\/\/www.eldiario.net\/portal\/2026\/03\/11\/suman-vehiculos-afectados-y-hay-descontento-por-registro-virtual\/#primaryimage"},"thumbnailUrl":"https:\/\/www.eldiario.net\/portal\/wp-content\/uploads\/2026\/03\/mala.webp","datePublished":"2026-03-11T10:53:02+00:00","breadcrumb":{"@id":"https:\/\/www.eldiario.net\/portal\/2026\/03\/11\/suman-vehiculos-afectados-y-hay-descontento-por-registro-virtual\/#breadcrumb"},"inLanguage":"es","potentialAction":[{"@type":"ReadAction","target":["https:\/\/www.eldiario.net\/portal\/2026\/03\/11\/suman-vehiculos-afectados-y-hay-descontento-por-registro-virtual\/"]}]},{"@type":"ImageObject","inLanguage":"es","@id":"https:\/\/www.eldiario.net\/portal\/2026\/03\/11\/suman-vehiculos-afectados-y-hay-descontento-por-registro-virtual\/#primaryimage","url":"https:\/\/www.eldiario.net\/portal\/wp-content\/uploads\/2026\/03\/mala.webp","contentUrl":"https:\/\/www.eldiario.net\/portal\/wp-content\/uploads\/2026\/03\/mala.webp","width":1600,"height":1067,"caption":"secretario Ejecutivo de la Federaci\u00f3n Interciudad, Roberto Mamani."},{"@type":"BreadcrumbList","@id":"https:\/\/www.eldiario.net\/portal\/2026\/03\/11\/suman-vehiculos-afectados-y-hay-descontento-por-registro-virtual\/#breadcrumb","itemListElement":[{"@type":"ListItem","position":1,"name":"Portada","item":"https:\/\/www.eldiario.net\/portal\/"},{"@type":"ListItem","position":2,"name":"Suman veh\u00edculos afectados y hay descontento por registro virtual"}]},{"@type":"WebSite","@id":"https:\/\/www.eldiario.net\/portal\/#website","url":"https:\/\/www.eldiario.net\/portal\/","name":"El Diario - Decano de la prensa nacional","description":"El Diario - Decano de la prensa nacional","publisher":{"@id":"https:\/\/www.eldiario.net\/portal\/#organization"},"potentialAction":[{"@type":"SearchAction","target":{"@type":"EntryPoint","urlTemplate":"https:\/\/www.eldiario.net\/portal\/?s={search_term_string}"},"query-input":{"@type":"PropertyValueSpecification","valueRequired":true,"valueName":"search_term_string"}}],"inLanguage":"es"},{"@type":"Organization","@id":"https:\/\/www.eldiario.net\/portal\/#organization","name":"El Diario - Decano de la prensa nacional","url":"https:\/\/www.eldiario.net\/portal\/","logo":{"@type":"ImageObject","inLanguage":"es","@id":"https:\/\/www.eldiario.net\/portal\/#\/schema\/logo\/image\/","url":"https:\/\/www.eldiario.net\/portal\/wp-content\/uploads\/2023\/07\/logo_ED.jpg","contentUrl":"https:\/\/www.eldiario.net\/portal\/wp-content\/uploads\/2023\/07\/logo_ED.jpg","width":272,"height":52,"caption":"El Diario - Decano de la prensa nacional"},"image":{"@id":"https:\/\/www.eldiario.net\/portal\/#\/schema\/logo\/image\/"},"sameAs":["https:\/\/www.facebook.com\/eldiario.bolivia\/","https:\/\/x.com\/eldiario_net"]},{"@type":"Person","@id":"https:\/\/www.eldiario.net\/portal\/#\/schema\/person\/f46445640444750d7d753ccd04ae01b7","name":"Jeanette","image":{"@type":"ImageObject","inLanguage":"es","@id":"https:\/\/secure.gravatar.com\/avatar\/3ea2118a5f7dad2b7138b1187a6b7ee55f160b9968b66013c3a3ef39dd7e5798?s=96&d=mm&r=g","url":"https:\/\/secure.gravatar.com\/avatar\/3ea2118a5f7dad2b7138b1187a6b7ee55f160b9968b66013c3a3ef39dd7e5798?s=96&d=mm&r=g","contentUrl":"https:\/\/secure.gravatar.com\/avatar\/3ea2118a5f7dad2b7138b1187a6b7ee55f160b9968b66013c3a3ef39dd7e5798?s=96&d=mm&r=g","caption":"Jeanette"},"sameAs":["https:\/\/www.eldiario.net\/portal"],"url":"https:\/\/www.eldiario.net\/portal\/author\/jeanette\/"}]}},"_links":{"self":[{"href":"https:\/\/www.eldiario.net\/portal\/wp-json\/wp\/v2\/posts\/375195","targetHints":{"allow":["GET"]}}],"collection":[{"href":"https:\/\/www.eldiario.net\/portal\/wp-json\/wp\/v2\/posts"}],"about":[{"href":"https:\/\/www.eldiario.net\/portal\/wp-json\/wp\/v2\/types\/post"}],"author":[{"embeddable":true,"href":"https:\/\/www.eldiario.net\/portal\/wp-json\/wp\/v2\/users\/1"}],"replies":[{"embeddable":true,"href":"https:\/\/www.eldiario.net\/portal\/wp-json\/wp\/v2\/comments?post=375195"}],"version-history":[{"count":1,"href":"https:\/\/www.eldiario.net\/portal\/wp-json\/wp\/v2\/posts\/375195\/revisions"}],"predecessor-version":[{"id":375197,"href":"https:\/\/www.eldiario.net\/portal\/wp-json\/wp\/v2\/posts\/375195\/revisions\/375197"}],"wp:featuredmedia":[{"embeddable":true,"href":"https:\/\/www.eldiario.net\/portal\/wp-json\/wp\/v2\/media\/375196"}],"wp:attachment":[{"href":"https:\/\/www.eldiario.net\/portal\/wp-json\/wp\/v2\/media?parent=375195"}],"wp:term":[{"taxonomy":"category","embeddable":true,"href":"https:\/\/www.eldiario.net\/portal\/wp-json\/wp\/v2\/categories?post=375195"},{"taxonomy":"post_tag","embeddable":true,"href":"https:\/\/www.eldiario.net\/portal\/wp-json\/wp\/v2\/tags?post=375195"}],"curies":[{"name":"wp","href":"https:\/\/api.w.org\/{rel}","templated":true}]}}