{"id":375192,"date":"2026-03-11T06:51:54","date_gmt":"2026-03-11T10:51:54","guid":{"rendered":"https:\/\/www.eldiario.net\/portal\/?p=375192"},"modified":"2026-03-11T06:51:54","modified_gmt":"2026-03-11T10:51:54","slug":"gobierno-anuncia-intercambiar-deuda-de-dolares-a-bolivianos-y-ampliar-plazo-2","status":"publish","type":"post","link":"https:\/\/www.eldiario.net\/portal\/2026\/03\/11\/gobierno-anuncia-intercambiar-deuda-de-dolares-a-bolivianos-y-ampliar-plazo-2\/","title":{"rendered":"Gobierno anuncia intercambiar deuda  de d\u00f3lares a bolivianos y ampliar plazo"},"content":{"rendered":"<p>El Estado Plurinacional de Bolivia anunci\u00f3 su intenci\u00f3n de intercambiar algunos de sus pagar\u00e9s con ciertas entidades institucionales bolivianas como parte de un plan de gesti\u00f3n de pasivos y pretende intercambiar los bonos por instrumentos de deuda de mediano plazo regidos por la legislaci\u00f3n boliviana y en bolivianos o indexada al d\u00f3lar estadounidense.<br \/>\n\u201cEl Estado Plurinacional de Bolivia anuncia (\u2026) que, como parte de un plan de gesti\u00f3n de pasivos, pretende intercambiar (el Intercambio Privado) una parte de sus bonos senior al 4,500% con vencimiento en 2028 (los Bonos 2028) y sus bonos senior al 7,500% con vencimiento en 2030 (los Bonos 2030 y junto con los Bonos 2028) por un costo que representa aproximadamente el 67% del monto principal agregado de los Bonos, con ciertas entidades institucionales bolivianas (las Contrapartes de la Entidad Boliviana) de conformidad con transacciones negociadas en forma privada de conformidad con los t\u00e9rminos del contrato de emisi\u00f3n que rige los Bonos, y en cumplimiento con la Regulaci\u00f3n bajo la Ley de Valores de los Estados Unidos de 1933, con sus modificaciones\u201d, sostiene el escrito.<br \/>\n\u201cBolivia espera canjear los Bonos por instrumentos de deuda de mediano plazo regidos por la legislaci\u00f3n boliviana y denominados en Bolivianos (moneda nacional de Bolivia) y\/o en moneda nacional indexada al d\u00f3lar estadounidense (Mvdol)\u201d, se\u00f1ala el documento publicado por el Estado Plurinacional en la p\u00e1gina https:\/\/www.prnewswire.com.<\/p>\n","protected":false},"excerpt":{"rendered":"<p>El Estado Plurinacional de Bolivia anunci\u00f3 su intenci\u00f3n de intercambiar algunos de sus pagar\u00e9s con ciertas entidades institucionales bolivianas como parte de un plan de gesti\u00f3n de pasivos y pretende intercambiar los bonos por instrumentos de deuda de mediano plazo regidos por la legislaci\u00f3n boliviana y en bolivianos o indexada al d\u00f3lar estadounidense. \u201cEl Estado [&hellip;]<\/p>\n","protected":false},"author":1,"featured_media":375193,"comment_status":"closed","ping_status":"open","sticky":false,"template":"","format":"standard","meta":{"_acf_changed":false,"footnotes":""},"categories":[7],"tags":[],"class_list":["post-375192","post","type-post","status-publish","format-standard","has-post-thumbnail","category-economia"],"acf":{"antetitulo":""},"yoast_head":"<!-- This site is optimized with the Yoast SEO plugin v28.3 - https:\/\/yoast.com\/product\/yoast-seo-wordpress\/ -->\n<title>Gobierno anuncia intercambiar deuda de d\u00f3lares a bolivianos y ampliar plazo - El Diario - Bolivia<\/title>\n<meta name=\"robots\" content=\"index, follow, max-snippet:-1, max-image-preview:large, max-video-preview:-1\" \/>\n<link rel=\"canonical\" href=\"https:\/\/www.eldiario.net\/portal\/2026\/03\/11\/gobierno-anuncia-intercambiar-deuda-de-dolares-a-bolivianos-y-ampliar-plazo-2\/\" \/>\n<meta property=\"og:locale\" content=\"es_ES\" \/>\n<meta property=\"og:type\" content=\"article\" \/>\n<meta property=\"og:title\" content=\"Gobierno anuncia intercambiar deuda de d\u00f3lares a bolivianos y ampliar plazo - El Diario - Bolivia\" \/>\n<meta property=\"og:description\" content=\"El Estado Plurinacional de Bolivia anunci\u00f3 su intenci\u00f3n de intercambiar algunos de sus pagar\u00e9s con ciertas entidades institucionales bolivianas como parte de un plan de gesti\u00f3n de pasivos y pretende intercambiar los bonos por instrumentos de deuda de mediano plazo regidos por la legislaci\u00f3n boliviana y en bolivianos o indexada al d\u00f3lar estadounidense. \u201cEl Estado [&hellip;]\" \/>\n<meta property=\"og:url\" content=\"https:\/\/www.eldiario.net\/portal\/2026\/03\/11\/gobierno-anuncia-intercambiar-deuda-de-dolares-a-bolivianos-y-ampliar-plazo-2\/\" \/>\n<meta property=\"og:site_name\" content=\"El Diario - Bolivia\" \/>\n<meta property=\"article:publisher\" content=\"https:\/\/www.facebook.com\/eldiario.bolivia\/\" \/>\n<meta property=\"article:published_time\" content=\"2026-03-11T10:51:54+00:00\" \/>\n<meta property=\"og:image\" content=\"https:\/\/www.eldiario.net\/portal\/wp-content\/uploads\/2026\/03\/deuda.webp\" \/>\n\t<meta property=\"og:image:width\" content=\"318\" \/>\n\t<meta property=\"og:image:height\" content=\"159\" \/>\n\t<meta property=\"og:image:type\" content=\"image\/webp\" \/>\n<meta name=\"author\" content=\"Jeanette\" \/>\n<meta name=\"twitter:card\" content=\"summary_large_image\" \/>\n<meta name=\"twitter:creator\" content=\"@eldiario_net\" \/>\n<meta name=\"twitter:site\" content=\"@eldiario_net\" \/>\n<meta name=\"twitter:label1\" content=\"Escrito por\" \/>\n\t<meta name=\"twitter:data1\" content=\"Jeanette\" \/>\n\t<meta name=\"twitter:label2\" content=\"Tiempo de lectura\" \/>\n\t<meta name=\"twitter:data2\" content=\"2 minutos\" \/>\n<script type=\"application\/ld+json\" class=\"yoast-schema-graph\">{\"@context\":\"https:\\\/\\\/schema.org\",\"@graph\":[{\"@type\":\"Article\",\"@id\":\"https:\\\/\\\/www.eldiario.net\\\/portal\\\/2026\\\/03\\\/11\\\/gobierno-anuncia-intercambiar-deuda-de-dolares-a-bolivianos-y-ampliar-plazo-2\\\/#article\",\"isPartOf\":{\"@id\":\"https:\\\/\\\/www.eldiario.net\\\/portal\\\/2026\\\/03\\\/11\\\/gobierno-anuncia-intercambiar-deuda-de-dolares-a-bolivianos-y-ampliar-plazo-2\\\/\"},\"author\":{\"name\":\"Jeanette\",\"@id\":\"https:\\\/\\\/www.eldiario.net\\\/portal\\\/#\\\/schema\\\/person\\\/f46445640444750d7d753ccd04ae01b7\"},\"headline\":\"Gobierno anuncia intercambiar deuda de d\u00f3lares a bolivianos y ampliar plazo\",\"datePublished\":\"2026-03-11T10:51:54+00:00\",\"mainEntityOfPage\":{\"@id\":\"https:\\\/\\\/www.eldiario.net\\\/portal\\\/2026\\\/03\\\/11\\\/gobierno-anuncia-intercambiar-deuda-de-dolares-a-bolivianos-y-ampliar-plazo-2\\\/\"},\"wordCount\":244,\"publisher\":{\"@id\":\"https:\\\/\\\/www.eldiario.net\\\/portal\\\/#organization\"},\"image\":{\"@id\":\"https:\\\/\\\/www.eldiario.net\\\/portal\\\/2026\\\/03\\\/11\\\/gobierno-anuncia-intercambiar-deuda-de-dolares-a-bolivianos-y-ampliar-plazo-2\\\/#primaryimage\"},\"thumbnailUrl\":\"https:\\\/\\\/www.eldiario.net\\\/portal\\\/wp-content\\\/uploads\\\/2026\\\/03\\\/deuda.webp\",\"articleSection\":[\"Econom\u00eda\"],\"inLanguage\":\"es\"},{\"@type\":\"WebPage\",\"@id\":\"https:\\\/\\\/www.eldiario.net\\\/portal\\\/2026\\\/03\\\/11\\\/gobierno-anuncia-intercambiar-deuda-de-dolares-a-bolivianos-y-ampliar-plazo-2\\\/\",\"url\":\"https:\\\/\\\/www.eldiario.net\\\/portal\\\/2026\\\/03\\\/11\\\/gobierno-anuncia-intercambiar-deuda-de-dolares-a-bolivianos-y-ampliar-plazo-2\\\/\",\"name\":\"Gobierno anuncia intercambiar deuda de d\u00f3lares a bolivianos y ampliar plazo - El Diario - Bolivia\",\"isPartOf\":{\"@id\":\"https:\\\/\\\/www.eldiario.net\\\/portal\\\/#website\"},\"primaryImageOfPage\":{\"@id\":\"https:\\\/\\\/www.eldiario.net\\\/portal\\\/2026\\\/03\\\/11\\\/gobierno-anuncia-intercambiar-deuda-de-dolares-a-bolivianos-y-ampliar-plazo-2\\\/#primaryimage\"},\"image\":{\"@id\":\"https:\\\/\\\/www.eldiario.net\\\/portal\\\/2026\\\/03\\\/11\\\/gobierno-anuncia-intercambiar-deuda-de-dolares-a-bolivianos-y-ampliar-plazo-2\\\/#primaryimage\"},\"thumbnailUrl\":\"https:\\\/\\\/www.eldiario.net\\\/portal\\\/wp-content\\\/uploads\\\/2026\\\/03\\\/deuda.webp\",\"datePublished\":\"2026-03-11T10:51:54+00:00\",\"breadcrumb\":{\"@id\":\"https:\\\/\\\/www.eldiario.net\\\/portal\\\/2026\\\/03\\\/11\\\/gobierno-anuncia-intercambiar-deuda-de-dolares-a-bolivianos-y-ampliar-plazo-2\\\/#breadcrumb\"},\"inLanguage\":\"es\",\"potentialAction\":[{\"@type\":\"ReadAction\",\"target\":[\"https:\\\/\\\/www.eldiario.net\\\/portal\\\/2026\\\/03\\\/11\\\/gobierno-anuncia-intercambiar-deuda-de-dolares-a-bolivianos-y-ampliar-plazo-2\\\/\"]}]},{\"@type\":\"ImageObject\",\"inLanguage\":\"es\",\"@id\":\"https:\\\/\\\/www.eldiario.net\\\/portal\\\/2026\\\/03\\\/11\\\/gobierno-anuncia-intercambiar-deuda-de-dolares-a-bolivianos-y-ampliar-plazo-2\\\/#primaryimage\",\"url\":\"https:\\\/\\\/www.eldiario.net\\\/portal\\\/wp-content\\\/uploads\\\/2026\\\/03\\\/deuda.webp\",\"contentUrl\":\"https:\\\/\\\/www.eldiario.net\\\/portal\\\/wp-content\\\/uploads\\\/2026\\\/03\\\/deuda.webp\",\"width\":318,\"height\":159},{\"@type\":\"BreadcrumbList\",\"@id\":\"https:\\\/\\\/www.eldiario.net\\\/portal\\\/2026\\\/03\\\/11\\\/gobierno-anuncia-intercambiar-deuda-de-dolares-a-bolivianos-y-ampliar-plazo-2\\\/#breadcrumb\",\"itemListElement\":[{\"@type\":\"ListItem\",\"position\":1,\"name\":\"Portada\",\"item\":\"https:\\\/\\\/www.eldiario.net\\\/portal\\\/\"},{\"@type\":\"ListItem\",\"position\":2,\"name\":\"Gobierno anuncia intercambiar deuda de d\u00f3lares a bolivianos y ampliar plazo\"}]},{\"@type\":\"WebSite\",\"@id\":\"https:\\\/\\\/www.eldiario.net\\\/portal\\\/#website\",\"url\":\"https:\\\/\\\/www.eldiario.net\\\/portal\\\/\",\"name\":\"El Diario - Decano de la prensa nacional\",\"description\":\"El Diario - Decano de la prensa nacional\",\"publisher\":{\"@id\":\"https:\\\/\\\/www.eldiario.net\\\/portal\\\/#organization\"},\"potentialAction\":[{\"@type\":\"SearchAction\",\"target\":{\"@type\":\"EntryPoint\",\"urlTemplate\":\"https:\\\/\\\/www.eldiario.net\\\/portal\\\/?s={search_term_string}\"},\"query-input\":{\"@type\":\"PropertyValueSpecification\",\"valueRequired\":true,\"valueName\":\"search_term_string\"}}],\"inLanguage\":\"es\"},{\"@type\":\"Organization\",\"@id\":\"https:\\\/\\\/www.eldiario.net\\\/portal\\\/#organization\",\"name\":\"El Diario - Decano de la prensa nacional\",\"url\":\"https:\\\/\\\/www.eldiario.net\\\/portal\\\/\",\"logo\":{\"@type\":\"ImageObject\",\"inLanguage\":\"es\",\"@id\":\"https:\\\/\\\/www.eldiario.net\\\/portal\\\/#\\\/schema\\\/logo\\\/image\\\/\",\"url\":\"https:\\\/\\\/www.eldiario.net\\\/portal\\\/wp-content\\\/uploads\\\/2023\\\/07\\\/logo_ED.jpg\",\"contentUrl\":\"https:\\\/\\\/www.eldiario.net\\\/portal\\\/wp-content\\\/uploads\\\/2023\\\/07\\\/logo_ED.jpg\",\"width\":272,\"height\":52,\"caption\":\"El Diario - Decano de la prensa nacional\"},\"image\":{\"@id\":\"https:\\\/\\\/www.eldiario.net\\\/portal\\\/#\\\/schema\\\/logo\\\/image\\\/\"},\"sameAs\":[\"https:\\\/\\\/www.facebook.com\\\/eldiario.bolivia\\\/\",\"https:\\\/\\\/x.com\\\/eldiario_net\"]},{\"@type\":\"Person\",\"@id\":\"https:\\\/\\\/www.eldiario.net\\\/portal\\\/#\\\/schema\\\/person\\\/f46445640444750d7d753ccd04ae01b7\",\"name\":\"Jeanette\",\"image\":{\"@type\":\"ImageObject\",\"inLanguage\":\"es\",\"@id\":\"https:\\\/\\\/secure.gravatar.com\\\/avatar\\\/3ea2118a5f7dad2b7138b1187a6b7ee55f160b9968b66013c3a3ef39dd7e5798?s=96&d=mm&r=g\",\"url\":\"https:\\\/\\\/secure.gravatar.com\\\/avatar\\\/3ea2118a5f7dad2b7138b1187a6b7ee55f160b9968b66013c3a3ef39dd7e5798?s=96&d=mm&r=g\",\"contentUrl\":\"https:\\\/\\\/secure.gravatar.com\\\/avatar\\\/3ea2118a5f7dad2b7138b1187a6b7ee55f160b9968b66013c3a3ef39dd7e5798?s=96&d=mm&r=g\",\"caption\":\"Jeanette\"},\"sameAs\":[\"https:\\\/\\\/www.eldiario.net\\\/portal\"],\"url\":\"https:\\\/\\\/www.eldiario.net\\\/portal\\\/author\\\/jeanette\\\/\"}]}<\/script>\n<!-- \/ Yoast SEO plugin. -->","yoast_head_json":{"title":"Gobierno anuncia intercambiar deuda de d\u00f3lares a bolivianos y ampliar plazo - El Diario - Bolivia","robots":{"index":"index","follow":"follow","max-snippet":"max-snippet:-1","max-image-preview":"max-image-preview:large","max-video-preview":"max-video-preview:-1"},"canonical":"https:\/\/www.eldiario.net\/portal\/2026\/03\/11\/gobierno-anuncia-intercambiar-deuda-de-dolares-a-bolivianos-y-ampliar-plazo-2\/","og_locale":"es_ES","og_type":"article","og_title":"Gobierno anuncia intercambiar deuda de d\u00f3lares a bolivianos y ampliar plazo - El Diario - Bolivia","og_description":"El Estado Plurinacional de Bolivia anunci\u00f3 su intenci\u00f3n de intercambiar algunos de sus pagar\u00e9s con ciertas entidades institucionales bolivianas como parte de un plan de gesti\u00f3n de pasivos y pretende intercambiar los bonos por instrumentos de deuda de mediano plazo regidos por la legislaci\u00f3n boliviana y en bolivianos o indexada al d\u00f3lar estadounidense. \u201cEl Estado [&hellip;]","og_url":"https:\/\/www.eldiario.net\/portal\/2026\/03\/11\/gobierno-anuncia-intercambiar-deuda-de-dolares-a-bolivianos-y-ampliar-plazo-2\/","og_site_name":"El Diario - Bolivia","article_publisher":"https:\/\/www.facebook.com\/eldiario.bolivia\/","article_published_time":"2026-03-11T10:51:54+00:00","og_image":[{"width":318,"height":159,"url":"https:\/\/www.eldiario.net\/portal\/wp-content\/uploads\/2026\/03\/deuda.webp","type":"image\/webp"}],"author":"Jeanette","twitter_card":"summary_large_image","twitter_creator":"@eldiario_net","twitter_site":"@eldiario_net","twitter_misc":{"Escrito por":"Jeanette","Tiempo de lectura":"2 minutos"},"schema":{"@context":"https:\/\/schema.org","@graph":[{"@type":"Article","@id":"https:\/\/www.eldiario.net\/portal\/2026\/03\/11\/gobierno-anuncia-intercambiar-deuda-de-dolares-a-bolivianos-y-ampliar-plazo-2\/#article","isPartOf":{"@id":"https:\/\/www.eldiario.net\/portal\/2026\/03\/11\/gobierno-anuncia-intercambiar-deuda-de-dolares-a-bolivianos-y-ampliar-plazo-2\/"},"author":{"name":"Jeanette","@id":"https:\/\/www.eldiario.net\/portal\/#\/schema\/person\/f46445640444750d7d753ccd04ae01b7"},"headline":"Gobierno anuncia intercambiar deuda de d\u00f3lares a bolivianos y ampliar plazo","datePublished":"2026-03-11T10:51:54+00:00","mainEntityOfPage":{"@id":"https:\/\/www.eldiario.net\/portal\/2026\/03\/11\/gobierno-anuncia-intercambiar-deuda-de-dolares-a-bolivianos-y-ampliar-plazo-2\/"},"wordCount":244,"publisher":{"@id":"https:\/\/www.eldiario.net\/portal\/#organization"},"image":{"@id":"https:\/\/www.eldiario.net\/portal\/2026\/03\/11\/gobierno-anuncia-intercambiar-deuda-de-dolares-a-bolivianos-y-ampliar-plazo-2\/#primaryimage"},"thumbnailUrl":"https:\/\/www.eldiario.net\/portal\/wp-content\/uploads\/2026\/03\/deuda.webp","articleSection":["Econom\u00eda"],"inLanguage":"es"},{"@type":"WebPage","@id":"https:\/\/www.eldiario.net\/portal\/2026\/03\/11\/gobierno-anuncia-intercambiar-deuda-de-dolares-a-bolivianos-y-ampliar-plazo-2\/","url":"https:\/\/www.eldiario.net\/portal\/2026\/03\/11\/gobierno-anuncia-intercambiar-deuda-de-dolares-a-bolivianos-y-ampliar-plazo-2\/","name":"Gobierno anuncia intercambiar deuda de d\u00f3lares a bolivianos y ampliar plazo - El Diario - Bolivia","isPartOf":{"@id":"https:\/\/www.eldiario.net\/portal\/#website"},"primaryImageOfPage":{"@id":"https:\/\/www.eldiario.net\/portal\/2026\/03\/11\/gobierno-anuncia-intercambiar-deuda-de-dolares-a-bolivianos-y-ampliar-plazo-2\/#primaryimage"},"image":{"@id":"https:\/\/www.eldiario.net\/portal\/2026\/03\/11\/gobierno-anuncia-intercambiar-deuda-de-dolares-a-bolivianos-y-ampliar-plazo-2\/#primaryimage"},"thumbnailUrl":"https:\/\/www.eldiario.net\/portal\/wp-content\/uploads\/2026\/03\/deuda.webp","datePublished":"2026-03-11T10:51:54+00:00","breadcrumb":{"@id":"https:\/\/www.eldiario.net\/portal\/2026\/03\/11\/gobierno-anuncia-intercambiar-deuda-de-dolares-a-bolivianos-y-ampliar-plazo-2\/#breadcrumb"},"inLanguage":"es","potentialAction":[{"@type":"ReadAction","target":["https:\/\/www.eldiario.net\/portal\/2026\/03\/11\/gobierno-anuncia-intercambiar-deuda-de-dolares-a-bolivianos-y-ampliar-plazo-2\/"]}]},{"@type":"ImageObject","inLanguage":"es","@id":"https:\/\/www.eldiario.net\/portal\/2026\/03\/11\/gobierno-anuncia-intercambiar-deuda-de-dolares-a-bolivianos-y-ampliar-plazo-2\/#primaryimage","url":"https:\/\/www.eldiario.net\/portal\/wp-content\/uploads\/2026\/03\/deuda.webp","contentUrl":"https:\/\/www.eldiario.net\/portal\/wp-content\/uploads\/2026\/03\/deuda.webp","width":318,"height":159},{"@type":"BreadcrumbList","@id":"https:\/\/www.eldiario.net\/portal\/2026\/03\/11\/gobierno-anuncia-intercambiar-deuda-de-dolares-a-bolivianos-y-ampliar-plazo-2\/#breadcrumb","itemListElement":[{"@type":"ListItem","position":1,"name":"Portada","item":"https:\/\/www.eldiario.net\/portal\/"},{"@type":"ListItem","position":2,"name":"Gobierno anuncia intercambiar deuda de d\u00f3lares a bolivianos y ampliar plazo"}]},{"@type":"WebSite","@id":"https:\/\/www.eldiario.net\/portal\/#website","url":"https:\/\/www.eldiario.net\/portal\/","name":"El Diario - Decano de la prensa nacional","description":"El Diario - Decano de la prensa nacional","publisher":{"@id":"https:\/\/www.eldiario.net\/portal\/#organization"},"potentialAction":[{"@type":"SearchAction","target":{"@type":"EntryPoint","urlTemplate":"https:\/\/www.eldiario.net\/portal\/?s={search_term_string}"},"query-input":{"@type":"PropertyValueSpecification","valueRequired":true,"valueName":"search_term_string"}}],"inLanguage":"es"},{"@type":"Organization","@id":"https:\/\/www.eldiario.net\/portal\/#organization","name":"El Diario - Decano de la prensa nacional","url":"https:\/\/www.eldiario.net\/portal\/","logo":{"@type":"ImageObject","inLanguage":"es","@id":"https:\/\/www.eldiario.net\/portal\/#\/schema\/logo\/image\/","url":"https:\/\/www.eldiario.net\/portal\/wp-content\/uploads\/2023\/07\/logo_ED.jpg","contentUrl":"https:\/\/www.eldiario.net\/portal\/wp-content\/uploads\/2023\/07\/logo_ED.jpg","width":272,"height":52,"caption":"El Diario - Decano de la prensa nacional"},"image":{"@id":"https:\/\/www.eldiario.net\/portal\/#\/schema\/logo\/image\/"},"sameAs":["https:\/\/www.facebook.com\/eldiario.bolivia\/","https:\/\/x.com\/eldiario_net"]},{"@type":"Person","@id":"https:\/\/www.eldiario.net\/portal\/#\/schema\/person\/f46445640444750d7d753ccd04ae01b7","name":"Jeanette","image":{"@type":"ImageObject","inLanguage":"es","@id":"https:\/\/secure.gravatar.com\/avatar\/3ea2118a5f7dad2b7138b1187a6b7ee55f160b9968b66013c3a3ef39dd7e5798?s=96&d=mm&r=g","url":"https:\/\/secure.gravatar.com\/avatar\/3ea2118a5f7dad2b7138b1187a6b7ee55f160b9968b66013c3a3ef39dd7e5798?s=96&d=mm&r=g","contentUrl":"https:\/\/secure.gravatar.com\/avatar\/3ea2118a5f7dad2b7138b1187a6b7ee55f160b9968b66013c3a3ef39dd7e5798?s=96&d=mm&r=g","caption":"Jeanette"},"sameAs":["https:\/\/www.eldiario.net\/portal"],"url":"https:\/\/www.eldiario.net\/portal\/author\/jeanette\/"}]}},"_links":{"self":[{"href":"https:\/\/www.eldiario.net\/portal\/wp-json\/wp\/v2\/posts\/375192","targetHints":{"allow":["GET"]}}],"collection":[{"href":"https:\/\/www.eldiario.net\/portal\/wp-json\/wp\/v2\/posts"}],"about":[{"href":"https:\/\/www.eldiario.net\/portal\/wp-json\/wp\/v2\/types\/post"}],"author":[{"embeddable":true,"href":"https:\/\/www.eldiario.net\/portal\/wp-json\/wp\/v2\/users\/1"}],"replies":[{"embeddable":true,"href":"https:\/\/www.eldiario.net\/portal\/wp-json\/wp\/v2\/comments?post=375192"}],"version-history":[{"count":1,"href":"https:\/\/www.eldiario.net\/portal\/wp-json\/wp\/v2\/posts\/375192\/revisions"}],"predecessor-version":[{"id":375194,"href":"https:\/\/www.eldiario.net\/portal\/wp-json\/wp\/v2\/posts\/375192\/revisions\/375194"}],"wp:featuredmedia":[{"embeddable":true,"href":"https:\/\/www.eldiario.net\/portal\/wp-json\/wp\/v2\/media\/375193"}],"wp:attachment":[{"href":"https:\/\/www.eldiario.net\/portal\/wp-json\/wp\/v2\/media?parent=375192"}],"wp:term":[{"taxonomy":"category","embeddable":true,"href":"https:\/\/www.eldiario.net\/portal\/wp-json\/wp\/v2\/categories?post=375192"},{"taxonomy":"post_tag","embeddable":true,"href":"https:\/\/www.eldiario.net\/portal\/wp-json\/wp\/v2\/tags?post=375192"}],"curies":[{"name":"wp","href":"https:\/\/api.w.org\/{rel}","templated":true}]}}