{"id":37512,"date":"2021-10-19T05:55:46","date_gmt":"2021-10-19T09:55:46","guid":{"rendered":"https:\/\/www.eldiario.net\/portal\/?p=37512"},"modified":"2021-10-19T05:55:46","modified_gmt":"2021-10-19T09:55:46","slug":"comienza-el-juicio-en-justicia-por-emiliano-sala","status":"publish","type":"post","link":"https:\/\/www.eldiario.net\/portal\/2021\/10\/19\/comienza-el-juicio-en-justicia-por-emiliano-sala\/","title":{"rendered":"Comienza el juicio en justicia por Emiliano Sala"},"content":{"rendered":"<p>El juicio a un brit\u00e1nico acusado de organizar imprudentemente el vuelo en el que en 2019 muri\u00f3 el futbolista argentino Emiliano Sala, cuando su avioneta cay\u00f3 al mar, comenz\u00f3 este lunes en un tribunal de Cardiff con la selecci\u00f3n del jurado.<\/p>\n<p>David Henderson, de 66 a\u00f1os, est\u00e1 acusado de actuar con negligencia poniendo en peligro la vida de Sala por las condiciones del vuelo que organiz\u00f3.<\/p>\n<p>En la v\u00edspera de la primera vista, el acusado se declar\u00f3 culpable de uno de los dos cargos que se le imputan: \u00abintentar dar de alta a un pasajero sin permiso o autorizaci\u00f3n v\u00e1lidos\u00bb.<\/p>\n<p>El proceso comenz\u00f3 con la selecci\u00f3n de un jurado formado por cinco mujeres y siete hombre, que confirmaron no ser aficionados del Cardiff City FC, el club que hab\u00eda fichado al atacante argentino, traslad\u00e1ndolo desde el franc\u00e9s Nantes, por 17 millones de euros (20,4 millones de d\u00f3lares).<\/p>\n<p>Dada la celebridad de la v\u00edctima, \u00abla gente puede tener curiosidad por este caso, pero no deben hablar de \u00e9l\u00bb, les record\u00f3 el juez. \u00abNo me refiero s\u00f3lo al cara a cara, sino a WhatsApp, a las redes sociales, Twitter, Facebook, los mensajes de texto\u00bb, precis\u00f3, antes de aplazar la vista hasta el martes por la tarde.<\/p>\n<p>Muestra del inter\u00e9s morboso que despierta este caso, un hombre de 62 a\u00f1os y una mujer de 48 fueron acusados en 2019 de acceder ilegalmente a las im\u00e1genes de la autopsia y difundir una de ellas en redes sociales.<\/p>\n<p>&nbsp;<\/p>\n<p>En la oscuridad de la noche y con condiciones meteorol\u00f3gicas complicadas, la avioneta privada que llevaba al jugador argentino de 28 a\u00f1os a su nuevo destino cay\u00f3 a las aguas del Canal de la Mancha el 21 de enero de 2019.<\/p>\n<p>El cadaver de Sala, cuya muerte conmocion\u00f3 al mundo del f\u00fatbol, fue hallado en la carcasa del aparato m\u00e1s de dos semanas despu\u00e9s, a 67 metros de profundidad. El cuerpo del piloto, David Ibbotson\u00a0de 59 a\u00f1os, nunca fue localizado.<\/p>\n<p>En el informe final, publicado en marzo de 2020, la oficina brit\u00e1nica de investigaciones de accidentes a\u00e9reos (AAIB) determin\u00f3 que el piloto perdi\u00f3 el control del aparato durante una maniobra efectuada a una velocidad muy elevada, \u00abprobablemente\u00bb para evitar el mal tiempo.<\/p>\n","protected":false},"excerpt":{"rendered":"<p>El juicio a un brit\u00e1nico acusado de organizar imprudentemente el vuelo en el que en 2019 muri\u00f3 el futbolista argentino Emiliano Sala, cuando su avioneta cay\u00f3 al mar, comenz\u00f3 este lunes en un tribunal de Cardiff con la selecci\u00f3n del jurado. David Henderson, de 66 a\u00f1os, est\u00e1 acusado de actuar con negligencia poniendo en peligro [&hellip;]<\/p>\n","protected":false},"author":1,"featured_media":37513,"comment_status":"closed","ping_status":"closed","sticky":false,"template":"","format":"standard","meta":{"_acf_changed":false,"footnotes":""},"categories":[6],"tags":[],"class_list":["post-37512","post","type-post","status-publish","format-standard","has-post-thumbnail","category-deportes"],"acf":{"antetitulo":""},"yoast_head":"<!-- This site is optimized with the Yoast SEO plugin v28.4 - https:\/\/yoast.com\/product\/yoast-seo-wordpress\/ -->\n<title>Comienza el juicio en justicia por Emiliano Sala - El Diario - Bolivia<\/title>\n<meta name=\"robots\" content=\"index, follow, max-snippet:-1, max-image-preview:large, max-video-preview:-1\" \/>\n<link rel=\"canonical\" href=\"https:\/\/www.eldiario.net\/portal\/2021\/10\/19\/comienza-el-juicio-en-justicia-por-emiliano-sala\/\" \/>\n<meta property=\"og:locale\" content=\"es_ES\" \/>\n<meta property=\"og:type\" content=\"article\" \/>\n<meta property=\"og:title\" content=\"Comienza el juicio en justicia por Emiliano Sala - El Diario - Bolivia\" \/>\n<meta property=\"og:description\" content=\"El juicio a un brit\u00e1nico acusado de organizar imprudentemente el vuelo en el que en 2019 muri\u00f3 el futbolista argentino Emiliano Sala, cuando su avioneta cay\u00f3 al mar, comenz\u00f3 este lunes en un tribunal de Cardiff con la selecci\u00f3n del jurado. David Henderson, de 66 a\u00f1os, est\u00e1 acusado de actuar con negligencia poniendo en peligro [&hellip;]\" \/>\n<meta property=\"og:url\" content=\"https:\/\/www.eldiario.net\/portal\/2021\/10\/19\/comienza-el-juicio-en-justicia-por-emiliano-sala\/\" \/>\n<meta property=\"og:site_name\" content=\"El Diario - Bolivia\" \/>\n<meta property=\"article:publisher\" content=\"https:\/\/www.facebook.com\/eldiario.bolivia\/\" \/>\n<meta property=\"article:published_time\" content=\"2021-10-19T09:55:46+00:00\" \/>\n<meta name=\"author\" content=\"Jeanette\" \/>\n<meta name=\"twitter:card\" content=\"summary_large_image\" \/>\n<meta name=\"twitter:creator\" content=\"@eldiario_net\" \/>\n<meta name=\"twitter:site\" content=\"@eldiario_net\" \/>\n<meta name=\"twitter:label1\" content=\"Escrito por\" \/>\n\t<meta name=\"twitter:data1\" content=\"Jeanette\" \/>\n\t<meta name=\"twitter:label2\" content=\"Tiempo de lectura\" \/>\n\t<meta name=\"twitter:data2\" content=\"2 minutos\" \/>\n<script type=\"application\/ld+json\" class=\"yoast-schema-graph\">{\"@context\":\"https:\\\/\\\/schema.org\",\"@graph\":[{\"@type\":\"Article\",\"@id\":\"https:\\\/\\\/www.eldiario.net\\\/portal\\\/2021\\\/10\\\/19\\\/comienza-el-juicio-en-justicia-por-emiliano-sala\\\/#article\",\"isPartOf\":{\"@id\":\"https:\\\/\\\/www.eldiario.net\\\/portal\\\/2021\\\/10\\\/19\\\/comienza-el-juicio-en-justicia-por-emiliano-sala\\\/\"},\"author\":{\"name\":\"Jeanette\",\"@id\":\"https:\\\/\\\/www.eldiario.net\\\/portal\\\/#\\\/schema\\\/person\\\/2c57cf2b7a7ae032e449e4c9b1019eac\"},\"headline\":\"Comienza el juicio en justicia por Emiliano Sala\",\"datePublished\":\"2021-10-19T09:55:46+00:00\",\"mainEntityOfPage\":{\"@id\":\"https:\\\/\\\/www.eldiario.net\\\/portal\\\/2021\\\/10\\\/19\\\/comienza-el-juicio-en-justicia-por-emiliano-sala\\\/\"},\"wordCount\":386,\"publisher\":{\"@id\":\"https:\\\/\\\/www.eldiario.net\\\/portal\\\/#organization\"},\"image\":{\"@id\":\"https:\\\/\\\/www.eldiario.net\\\/portal\\\/2021\\\/10\\\/19\\\/comienza-el-juicio-en-justicia-por-emiliano-sala\\\/#primaryimage\"},\"thumbnailUrl\":\"\",\"articleSection\":[\"Deportes\"],\"inLanguage\":\"es\"},{\"@type\":\"WebPage\",\"@id\":\"https:\\\/\\\/www.eldiario.net\\\/portal\\\/2021\\\/10\\\/19\\\/comienza-el-juicio-en-justicia-por-emiliano-sala\\\/\",\"url\":\"https:\\\/\\\/www.eldiario.net\\\/portal\\\/2021\\\/10\\\/19\\\/comienza-el-juicio-en-justicia-por-emiliano-sala\\\/\",\"name\":\"Comienza el juicio en justicia por Emiliano Sala - El Diario - Bolivia\",\"isPartOf\":{\"@id\":\"https:\\\/\\\/www.eldiario.net\\\/portal\\\/#website\"},\"primaryImageOfPage\":{\"@id\":\"https:\\\/\\\/www.eldiario.net\\\/portal\\\/2021\\\/10\\\/19\\\/comienza-el-juicio-en-justicia-por-emiliano-sala\\\/#primaryimage\"},\"image\":{\"@id\":\"https:\\\/\\\/www.eldiario.net\\\/portal\\\/2021\\\/10\\\/19\\\/comienza-el-juicio-en-justicia-por-emiliano-sala\\\/#primaryimage\"},\"thumbnailUrl\":\"\",\"datePublished\":\"2021-10-19T09:55:46+00:00\",\"breadcrumb\":{\"@id\":\"https:\\\/\\\/www.eldiario.net\\\/portal\\\/2021\\\/10\\\/19\\\/comienza-el-juicio-en-justicia-por-emiliano-sala\\\/#breadcrumb\"},\"inLanguage\":\"es\",\"potentialAction\":[{\"@type\":\"ReadAction\",\"target\":[\"https:\\\/\\\/www.eldiario.net\\\/portal\\\/2021\\\/10\\\/19\\\/comienza-el-juicio-en-justicia-por-emiliano-sala\\\/\"]}]},{\"@type\":\"ImageObject\",\"inLanguage\":\"es\",\"@id\":\"https:\\\/\\\/www.eldiario.net\\\/portal\\\/2021\\\/10\\\/19\\\/comienza-el-juicio-en-justicia-por-emiliano-sala\\\/#primaryimage\",\"url\":\"\",\"contentUrl\":\"\"},{\"@type\":\"BreadcrumbList\",\"@id\":\"https:\\\/\\\/www.eldiario.net\\\/portal\\\/2021\\\/10\\\/19\\\/comienza-el-juicio-en-justicia-por-emiliano-sala\\\/#breadcrumb\",\"itemListElement\":[{\"@type\":\"ListItem\",\"position\":1,\"name\":\"Portada\",\"item\":\"https:\\\/\\\/www.eldiario.net\\\/portal\\\/\"},{\"@type\":\"ListItem\",\"position\":2,\"name\":\"Comienza el juicio en justicia por Emiliano Sala\"}]},{\"@type\":\"WebSite\",\"@id\":\"https:\\\/\\\/www.eldiario.net\\\/portal\\\/#website\",\"url\":\"https:\\\/\\\/www.eldiario.net\\\/portal\\\/\",\"name\":\"El Diario - Decano de la prensa nacional\",\"description\":\"El Diario - Decano de la prensa nacional\",\"publisher\":{\"@id\":\"https:\\\/\\\/www.eldiario.net\\\/portal\\\/#organization\"},\"potentialAction\":[{\"@type\":\"SearchAction\",\"target\":{\"@type\":\"EntryPoint\",\"urlTemplate\":\"https:\\\/\\\/www.eldiario.net\\\/portal\\\/?s={search_term_string}\"},\"query-input\":{\"@type\":\"PropertyValueSpecification\",\"valueRequired\":true,\"valueName\":\"search_term_string\"}}],\"inLanguage\":\"es\"},{\"@type\":\"Organization\",\"@id\":\"https:\\\/\\\/www.eldiario.net\\\/portal\\\/#organization\",\"name\":\"El Diario - Decano de la prensa nacional\",\"url\":\"https:\\\/\\\/www.eldiario.net\\\/portal\\\/\",\"logo\":{\"@type\":\"ImageObject\",\"inLanguage\":\"es\",\"@id\":\"https:\\\/\\\/www.eldiario.net\\\/portal\\\/#\\\/schema\\\/logo\\\/image\\\/\",\"url\":\"https:\\\/\\\/www.eldiario.net\\\/portal\\\/wp-content\\\/uploads\\\/2023\\\/07\\\/logo_ED.jpg\",\"contentUrl\":\"https:\\\/\\\/www.eldiario.net\\\/portal\\\/wp-content\\\/uploads\\\/2023\\\/07\\\/logo_ED.jpg\",\"width\":272,\"height\":52,\"caption\":\"El Diario - Decano de la prensa nacional\"},\"image\":{\"@id\":\"https:\\\/\\\/www.eldiario.net\\\/portal\\\/#\\\/schema\\\/logo\\\/image\\\/\"},\"sameAs\":[\"https:\\\/\\\/www.facebook.com\\\/eldiario.bolivia\\\/\",\"https:\\\/\\\/x.com\\\/eldiario_net\"]},{\"@type\":\"Person\",\"@id\":\"https:\\\/\\\/www.eldiario.net\\\/portal\\\/#\\\/schema\\\/person\\\/2c57cf2b7a7ae032e449e4c9b1019eac\",\"name\":\"Jeanette\",\"image\":{\"@type\":\"ImageObject\",\"inLanguage\":\"es\",\"@id\":\"https:\\\/\\\/secure.gravatar.com\\\/avatar\\\/3ea2118a5f7dad2b7138b1187a6b7ee55f160b9968b66013c3a3ef39dd7e5798?s=96&d=mm&r=g\",\"url\":\"https:\\\/\\\/secure.gravatar.com\\\/avatar\\\/3ea2118a5f7dad2b7138b1187a6b7ee55f160b9968b66013c3a3ef39dd7e5798?s=96&d=mm&r=g\",\"contentUrl\":\"https:\\\/\\\/secure.gravatar.com\\\/avatar\\\/3ea2118a5f7dad2b7138b1187a6b7ee55f160b9968b66013c3a3ef39dd7e5798?s=96&d=mm&r=g\",\"caption\":\"Jeanette\"},\"sameAs\":[\"https:\\\/\\\/www.eldiario.net\\\/portal\"],\"url\":\"https:\\\/\\\/www.eldiario.net\\\/portal\\\/author\\\/jeanette\\\/\"}]}<\/script>\n<!-- \/ Yoast SEO plugin. -->","yoast_head_json":{"title":"Comienza el juicio en justicia por Emiliano Sala - El Diario - Bolivia","robots":{"index":"index","follow":"follow","max-snippet":"max-snippet:-1","max-image-preview":"max-image-preview:large","max-video-preview":"max-video-preview:-1"},"canonical":"https:\/\/www.eldiario.net\/portal\/2021\/10\/19\/comienza-el-juicio-en-justicia-por-emiliano-sala\/","og_locale":"es_ES","og_type":"article","og_title":"Comienza el juicio en justicia por Emiliano Sala - El Diario - Bolivia","og_description":"El juicio a un brit\u00e1nico acusado de organizar imprudentemente el vuelo en el que en 2019 muri\u00f3 el futbolista argentino Emiliano Sala, cuando su avioneta cay\u00f3 al mar, comenz\u00f3 este lunes en un tribunal de Cardiff con la selecci\u00f3n del jurado. David Henderson, de 66 a\u00f1os, est\u00e1 acusado de actuar con negligencia poniendo en peligro [&hellip;]","og_url":"https:\/\/www.eldiario.net\/portal\/2021\/10\/19\/comienza-el-juicio-en-justicia-por-emiliano-sala\/","og_site_name":"El Diario - Bolivia","article_publisher":"https:\/\/www.facebook.com\/eldiario.bolivia\/","article_published_time":"2021-10-19T09:55:46+00:00","author":"Jeanette","twitter_card":"summary_large_image","twitter_creator":"@eldiario_net","twitter_site":"@eldiario_net","twitter_misc":{"Escrito por":"Jeanette","Tiempo de lectura":"2 minutos"},"schema":{"@context":"https:\/\/schema.org","@graph":[{"@type":"Article","@id":"https:\/\/www.eldiario.net\/portal\/2021\/10\/19\/comienza-el-juicio-en-justicia-por-emiliano-sala\/#article","isPartOf":{"@id":"https:\/\/www.eldiario.net\/portal\/2021\/10\/19\/comienza-el-juicio-en-justicia-por-emiliano-sala\/"},"author":{"name":"Jeanette","@id":"https:\/\/www.eldiario.net\/portal\/#\/schema\/person\/2c57cf2b7a7ae032e449e4c9b1019eac"},"headline":"Comienza el juicio en justicia por Emiliano Sala","datePublished":"2021-10-19T09:55:46+00:00","mainEntityOfPage":{"@id":"https:\/\/www.eldiario.net\/portal\/2021\/10\/19\/comienza-el-juicio-en-justicia-por-emiliano-sala\/"},"wordCount":386,"publisher":{"@id":"https:\/\/www.eldiario.net\/portal\/#organization"},"image":{"@id":"https:\/\/www.eldiario.net\/portal\/2021\/10\/19\/comienza-el-juicio-en-justicia-por-emiliano-sala\/#primaryimage"},"thumbnailUrl":"","articleSection":["Deportes"],"inLanguage":"es"},{"@type":"WebPage","@id":"https:\/\/www.eldiario.net\/portal\/2021\/10\/19\/comienza-el-juicio-en-justicia-por-emiliano-sala\/","url":"https:\/\/www.eldiario.net\/portal\/2021\/10\/19\/comienza-el-juicio-en-justicia-por-emiliano-sala\/","name":"Comienza el juicio en justicia por Emiliano Sala - El Diario - Bolivia","isPartOf":{"@id":"https:\/\/www.eldiario.net\/portal\/#website"},"primaryImageOfPage":{"@id":"https:\/\/www.eldiario.net\/portal\/2021\/10\/19\/comienza-el-juicio-en-justicia-por-emiliano-sala\/#primaryimage"},"image":{"@id":"https:\/\/www.eldiario.net\/portal\/2021\/10\/19\/comienza-el-juicio-en-justicia-por-emiliano-sala\/#primaryimage"},"thumbnailUrl":"","datePublished":"2021-10-19T09:55:46+00:00","breadcrumb":{"@id":"https:\/\/www.eldiario.net\/portal\/2021\/10\/19\/comienza-el-juicio-en-justicia-por-emiliano-sala\/#breadcrumb"},"inLanguage":"es","potentialAction":[{"@type":"ReadAction","target":["https:\/\/www.eldiario.net\/portal\/2021\/10\/19\/comienza-el-juicio-en-justicia-por-emiliano-sala\/"]}]},{"@type":"ImageObject","inLanguage":"es","@id":"https:\/\/www.eldiario.net\/portal\/2021\/10\/19\/comienza-el-juicio-en-justicia-por-emiliano-sala\/#primaryimage","url":"","contentUrl":""},{"@type":"BreadcrumbList","@id":"https:\/\/www.eldiario.net\/portal\/2021\/10\/19\/comienza-el-juicio-en-justicia-por-emiliano-sala\/#breadcrumb","itemListElement":[{"@type":"ListItem","position":1,"name":"Portada","item":"https:\/\/www.eldiario.net\/portal\/"},{"@type":"ListItem","position":2,"name":"Comienza el juicio en justicia por Emiliano Sala"}]},{"@type":"WebSite","@id":"https:\/\/www.eldiario.net\/portal\/#website","url":"https:\/\/www.eldiario.net\/portal\/","name":"El Diario - Decano de la prensa nacional","description":"El Diario - Decano de la prensa nacional","publisher":{"@id":"https:\/\/www.eldiario.net\/portal\/#organization"},"potentialAction":[{"@type":"SearchAction","target":{"@type":"EntryPoint","urlTemplate":"https:\/\/www.eldiario.net\/portal\/?s={search_term_string}"},"query-input":{"@type":"PropertyValueSpecification","valueRequired":true,"valueName":"search_term_string"}}],"inLanguage":"es"},{"@type":"Organization","@id":"https:\/\/www.eldiario.net\/portal\/#organization","name":"El Diario - Decano de la prensa nacional","url":"https:\/\/www.eldiario.net\/portal\/","logo":{"@type":"ImageObject","inLanguage":"es","@id":"https:\/\/www.eldiario.net\/portal\/#\/schema\/logo\/image\/","url":"https:\/\/www.eldiario.net\/portal\/wp-content\/uploads\/2023\/07\/logo_ED.jpg","contentUrl":"https:\/\/www.eldiario.net\/portal\/wp-content\/uploads\/2023\/07\/logo_ED.jpg","width":272,"height":52,"caption":"El Diario - Decano de la prensa nacional"},"image":{"@id":"https:\/\/www.eldiario.net\/portal\/#\/schema\/logo\/image\/"},"sameAs":["https:\/\/www.facebook.com\/eldiario.bolivia\/","https:\/\/x.com\/eldiario_net"]},{"@type":"Person","@id":"https:\/\/www.eldiario.net\/portal\/#\/schema\/person\/2c57cf2b7a7ae032e449e4c9b1019eac","name":"Jeanette","image":{"@type":"ImageObject","inLanguage":"es","@id":"https:\/\/secure.gravatar.com\/avatar\/3ea2118a5f7dad2b7138b1187a6b7ee55f160b9968b66013c3a3ef39dd7e5798?s=96&d=mm&r=g","url":"https:\/\/secure.gravatar.com\/avatar\/3ea2118a5f7dad2b7138b1187a6b7ee55f160b9968b66013c3a3ef39dd7e5798?s=96&d=mm&r=g","contentUrl":"https:\/\/secure.gravatar.com\/avatar\/3ea2118a5f7dad2b7138b1187a6b7ee55f160b9968b66013c3a3ef39dd7e5798?s=96&d=mm&r=g","caption":"Jeanette"},"sameAs":["https:\/\/www.eldiario.net\/portal"],"url":"https:\/\/www.eldiario.net\/portal\/author\/jeanette\/"}]}},"_links":{"self":[{"href":"https:\/\/www.eldiario.net\/portal\/wp-json\/wp\/v2\/posts\/37512","targetHints":{"allow":["GET"]}}],"collection":[{"href":"https:\/\/www.eldiario.net\/portal\/wp-json\/wp\/v2\/posts"}],"about":[{"href":"https:\/\/www.eldiario.net\/portal\/wp-json\/wp\/v2\/types\/post"}],"author":[{"embeddable":true,"href":"https:\/\/www.eldiario.net\/portal\/wp-json\/wp\/v2\/users\/1"}],"replies":[{"embeddable":true,"href":"https:\/\/www.eldiario.net\/portal\/wp-json\/wp\/v2\/comments?post=37512"}],"version-history":[{"count":0,"href":"https:\/\/www.eldiario.net\/portal\/wp-json\/wp\/v2\/posts\/37512\/revisions"}],"wp:attachment":[{"href":"https:\/\/www.eldiario.net\/portal\/wp-json\/wp\/v2\/media?parent=37512"}],"wp:term":[{"taxonomy":"category","embeddable":true,"href":"https:\/\/www.eldiario.net\/portal\/wp-json\/wp\/v2\/categories?post=37512"},{"taxonomy":"post_tag","embeddable":true,"href":"https:\/\/www.eldiario.net\/portal\/wp-json\/wp\/v2\/tags?post=37512"}],"curies":[{"name":"wp","href":"https:\/\/api.w.org\/{rel}","templated":true}]}}