{"id":37509,"date":"2021-10-19T05:51:30","date_gmt":"2021-10-19T09:51:30","guid":{"rendered":"https:\/\/www.eldiario.net\/portal\/?p=37509"},"modified":"2021-10-19T05:51:30","modified_gmt":"2021-10-19T09:51:30","slug":"psg-juega-contra-el-leipzig-sin-neymar","status":"publish","type":"post","link":"https:\/\/www.eldiario.net\/portal\/2021\/10\/19\/psg-juega-contra-el-leipzig-sin-neymar\/","title":{"rendered":"PSG juega contra el Leipzig sin Neymar"},"content":{"rendered":"<p>La estrella brasile\u00f1a del Par\u00eds SG, Neymar, ser\u00e1 baja para el partido de Liga de Campeones contra el RB Leipzig, el martes en el Parque de los Pr\u00edncipes, debido a una lesi\u00f3n en los aductores, anunci\u00f3 este lunes su club.<\/p>\n<p>El delantero \u00abdeber\u00e1 prolongar un per\u00edodo de recuperaci\u00f3n de algunos d\u00edas antes de un regreso a la normalidad con el grupo\u00bb, previno el PSG, dejando la duda sobre su participaci\u00f3n en el Cl\u00e1sico de Ligue 1, en Marsella el domingo.<\/p>\n<p>El jugador de 29 a\u00f1os presenta dolores desde su regreso, tras jugar con su selecci\u00f3n, de las eliminatorias al Mundial de Catar-2022, disputando su \u00faltimo partido el jueves contra Uruguay (4-1).<\/p>\n<p>\u00abLa prioridad es siempre la salud de los jugadores. Ney tiene un peque\u00f1o problema. Espero que sea solo cuesti\u00f3n de unos d\u00edas\u00bb, declar\u00f3 el entrenador argentino del PSG, Mauricio Pochettino.<\/p>\n<p>El brasile\u00f1o se hab\u00eda entrenado este lunes por la ma\u00f1ana, pero \u00abal final sinti\u00f3 un dolor en la pierna\u00bb, explic\u00f3 el t\u00e9cnico.<\/p>\n<p>\u00abSe perdi\u00f3 la \u00faltima parte del entrenamiento, con la preparaci\u00f3n t\u00e1ctica del partido. La decisi\u00f3n l\u00f3gica era no incluirle en la convocatoria\u00bb, a\u00f1adi\u00f3 Pochettino.<\/p>\n<p>\u00abEsta decisi\u00f3n, no la he tomado solo, sino que la hemos tomado en una reuni\u00f3n. No tenemos las competencias necesarias para decidir en ese sentido\u00bb, explic\u00f3 el rosarino.<\/p>\n<p>\u00abSi el equipo m\u00e9dico me dice que el jugador no puede entrenarse, no se entrena. Siempre estamos al cien por cien con la decisi\u00f3n del cuerpo m\u00e9dico, por la salud de los jugadores\u00bb, concluy\u00f3 el entrenador.<\/p>\n","protected":false},"excerpt":{"rendered":"<p>La estrella brasile\u00f1a del Par\u00eds SG, Neymar, ser\u00e1 baja para el partido de Liga de Campeones contra el RB Leipzig, el martes en el Parque de los Pr\u00edncipes, debido a una lesi\u00f3n en los aductores, anunci\u00f3 este lunes su club. El delantero \u00abdeber\u00e1 prolongar un per\u00edodo de recuperaci\u00f3n de algunos d\u00edas antes de un regreso [&hellip;]<\/p>\n","protected":false},"author":1,"featured_media":37510,"comment_status":"closed","ping_status":"closed","sticky":false,"template":"","format":"standard","meta":{"_acf_changed":false,"footnotes":""},"categories":[6],"tags":[],"class_list":["post-37509","post","type-post","status-publish","format-standard","has-post-thumbnail","category-deportes"],"acf":{"antetitulo":""},"yoast_head":"<!-- This site is optimized with the Yoast SEO plugin v28.4 - https:\/\/yoast.com\/product\/yoast-seo-wordpress\/ -->\n<title>PSG juega contra el Leipzig sin Neymar - El Diario - Bolivia<\/title>\n<meta name=\"robots\" content=\"index, follow, max-snippet:-1, max-image-preview:large, max-video-preview:-1\" \/>\n<link rel=\"canonical\" href=\"https:\/\/www.eldiario.net\/portal\/2021\/10\/19\/psg-juega-contra-el-leipzig-sin-neymar\/\" \/>\n<meta property=\"og:locale\" content=\"es_ES\" \/>\n<meta property=\"og:type\" content=\"article\" \/>\n<meta property=\"og:title\" content=\"PSG juega contra el Leipzig sin Neymar - El Diario - Bolivia\" \/>\n<meta property=\"og:description\" content=\"La estrella brasile\u00f1a del Par\u00eds SG, Neymar, ser\u00e1 baja para el partido de Liga de Campeones contra el RB Leipzig, el martes en el Parque de los Pr\u00edncipes, debido a una lesi\u00f3n en los aductores, anunci\u00f3 este lunes su club. El delantero \u00abdeber\u00e1 prolongar un per\u00edodo de recuperaci\u00f3n de algunos d\u00edas antes de un regreso [&hellip;]\" \/>\n<meta property=\"og:url\" content=\"https:\/\/www.eldiario.net\/portal\/2021\/10\/19\/psg-juega-contra-el-leipzig-sin-neymar\/\" \/>\n<meta property=\"og:site_name\" content=\"El Diario - Bolivia\" \/>\n<meta property=\"article:publisher\" content=\"https:\/\/www.facebook.com\/eldiario.bolivia\/\" \/>\n<meta property=\"article:published_time\" content=\"2021-10-19T09:51:30+00:00\" \/>\n<meta name=\"author\" content=\"Jeanette\" \/>\n<meta name=\"twitter:card\" content=\"summary_large_image\" \/>\n<meta name=\"twitter:creator\" content=\"@eldiario_net\" \/>\n<meta name=\"twitter:site\" content=\"@eldiario_net\" \/>\n<meta name=\"twitter:label1\" content=\"Escrito por\" \/>\n\t<meta name=\"twitter:data1\" content=\"Jeanette\" \/>\n\t<meta name=\"twitter:label2\" content=\"Tiempo de lectura\" \/>\n\t<meta name=\"twitter:data2\" content=\"2 minutos\" \/>\n<script type=\"application\/ld+json\" class=\"yoast-schema-graph\">{\"@context\":\"https:\\\/\\\/schema.org\",\"@graph\":[{\"@type\":\"Article\",\"@id\":\"https:\\\/\\\/www.eldiario.net\\\/portal\\\/2021\\\/10\\\/19\\\/psg-juega-contra-el-leipzig-sin-neymar\\\/#article\",\"isPartOf\":{\"@id\":\"https:\\\/\\\/www.eldiario.net\\\/portal\\\/2021\\\/10\\\/19\\\/psg-juega-contra-el-leipzig-sin-neymar\\\/\"},\"author\":{\"name\":\"Jeanette\",\"@id\":\"https:\\\/\\\/www.eldiario.net\\\/portal\\\/#\\\/schema\\\/person\\\/2c57cf2b7a7ae032e449e4c9b1019eac\"},\"headline\":\"PSG juega contra el Leipzig sin Neymar\",\"datePublished\":\"2021-10-19T09:51:30+00:00\",\"mainEntityOfPage\":{\"@id\":\"https:\\\/\\\/www.eldiario.net\\\/portal\\\/2021\\\/10\\\/19\\\/psg-juega-contra-el-leipzig-sin-neymar\\\/\"},\"wordCount\":284,\"publisher\":{\"@id\":\"https:\\\/\\\/www.eldiario.net\\\/portal\\\/#organization\"},\"image\":{\"@id\":\"https:\\\/\\\/www.eldiario.net\\\/portal\\\/2021\\\/10\\\/19\\\/psg-juega-contra-el-leipzig-sin-neymar\\\/#primaryimage\"},\"thumbnailUrl\":\"\",\"articleSection\":[\"Deportes\"],\"inLanguage\":\"es\"},{\"@type\":\"WebPage\",\"@id\":\"https:\\\/\\\/www.eldiario.net\\\/portal\\\/2021\\\/10\\\/19\\\/psg-juega-contra-el-leipzig-sin-neymar\\\/\",\"url\":\"https:\\\/\\\/www.eldiario.net\\\/portal\\\/2021\\\/10\\\/19\\\/psg-juega-contra-el-leipzig-sin-neymar\\\/\",\"name\":\"PSG juega contra el Leipzig sin Neymar - El Diario - Bolivia\",\"isPartOf\":{\"@id\":\"https:\\\/\\\/www.eldiario.net\\\/portal\\\/#website\"},\"primaryImageOfPage\":{\"@id\":\"https:\\\/\\\/www.eldiario.net\\\/portal\\\/2021\\\/10\\\/19\\\/psg-juega-contra-el-leipzig-sin-neymar\\\/#primaryimage\"},\"image\":{\"@id\":\"https:\\\/\\\/www.eldiario.net\\\/portal\\\/2021\\\/10\\\/19\\\/psg-juega-contra-el-leipzig-sin-neymar\\\/#primaryimage\"},\"thumbnailUrl\":\"\",\"datePublished\":\"2021-10-19T09:51:30+00:00\",\"breadcrumb\":{\"@id\":\"https:\\\/\\\/www.eldiario.net\\\/portal\\\/2021\\\/10\\\/19\\\/psg-juega-contra-el-leipzig-sin-neymar\\\/#breadcrumb\"},\"inLanguage\":\"es\",\"potentialAction\":[{\"@type\":\"ReadAction\",\"target\":[\"https:\\\/\\\/www.eldiario.net\\\/portal\\\/2021\\\/10\\\/19\\\/psg-juega-contra-el-leipzig-sin-neymar\\\/\"]}]},{\"@type\":\"ImageObject\",\"inLanguage\":\"es\",\"@id\":\"https:\\\/\\\/www.eldiario.net\\\/portal\\\/2021\\\/10\\\/19\\\/psg-juega-contra-el-leipzig-sin-neymar\\\/#primaryimage\",\"url\":\"\",\"contentUrl\":\"\"},{\"@type\":\"BreadcrumbList\",\"@id\":\"https:\\\/\\\/www.eldiario.net\\\/portal\\\/2021\\\/10\\\/19\\\/psg-juega-contra-el-leipzig-sin-neymar\\\/#breadcrumb\",\"itemListElement\":[{\"@type\":\"ListItem\",\"position\":1,\"name\":\"Portada\",\"item\":\"https:\\\/\\\/www.eldiario.net\\\/portal\\\/\"},{\"@type\":\"ListItem\",\"position\":2,\"name\":\"PSG juega contra el Leipzig sin Neymar\"}]},{\"@type\":\"WebSite\",\"@id\":\"https:\\\/\\\/www.eldiario.net\\\/portal\\\/#website\",\"url\":\"https:\\\/\\\/www.eldiario.net\\\/portal\\\/\",\"name\":\"El Diario - Decano de la prensa nacional\",\"description\":\"El Diario - Decano de la prensa nacional\",\"publisher\":{\"@id\":\"https:\\\/\\\/www.eldiario.net\\\/portal\\\/#organization\"},\"potentialAction\":[{\"@type\":\"SearchAction\",\"target\":{\"@type\":\"EntryPoint\",\"urlTemplate\":\"https:\\\/\\\/www.eldiario.net\\\/portal\\\/?s={search_term_string}\"},\"query-input\":{\"@type\":\"PropertyValueSpecification\",\"valueRequired\":true,\"valueName\":\"search_term_string\"}}],\"inLanguage\":\"es\"},{\"@type\":\"Organization\",\"@id\":\"https:\\\/\\\/www.eldiario.net\\\/portal\\\/#organization\",\"name\":\"El Diario - Decano de la prensa nacional\",\"url\":\"https:\\\/\\\/www.eldiario.net\\\/portal\\\/\",\"logo\":{\"@type\":\"ImageObject\",\"inLanguage\":\"es\",\"@id\":\"https:\\\/\\\/www.eldiario.net\\\/portal\\\/#\\\/schema\\\/logo\\\/image\\\/\",\"url\":\"https:\\\/\\\/www.eldiario.net\\\/portal\\\/wp-content\\\/uploads\\\/2023\\\/07\\\/logo_ED.jpg\",\"contentUrl\":\"https:\\\/\\\/www.eldiario.net\\\/portal\\\/wp-content\\\/uploads\\\/2023\\\/07\\\/logo_ED.jpg\",\"width\":272,\"height\":52,\"caption\":\"El Diario - Decano de la prensa nacional\"},\"image\":{\"@id\":\"https:\\\/\\\/www.eldiario.net\\\/portal\\\/#\\\/schema\\\/logo\\\/image\\\/\"},\"sameAs\":[\"https:\\\/\\\/www.facebook.com\\\/eldiario.bolivia\\\/\",\"https:\\\/\\\/x.com\\\/eldiario_net\"]},{\"@type\":\"Person\",\"@id\":\"https:\\\/\\\/www.eldiario.net\\\/portal\\\/#\\\/schema\\\/person\\\/2c57cf2b7a7ae032e449e4c9b1019eac\",\"name\":\"Jeanette\",\"image\":{\"@type\":\"ImageObject\",\"inLanguage\":\"es\",\"@id\":\"https:\\\/\\\/secure.gravatar.com\\\/avatar\\\/3ea2118a5f7dad2b7138b1187a6b7ee55f160b9968b66013c3a3ef39dd7e5798?s=96&d=mm&r=g\",\"url\":\"https:\\\/\\\/secure.gravatar.com\\\/avatar\\\/3ea2118a5f7dad2b7138b1187a6b7ee55f160b9968b66013c3a3ef39dd7e5798?s=96&d=mm&r=g\",\"contentUrl\":\"https:\\\/\\\/secure.gravatar.com\\\/avatar\\\/3ea2118a5f7dad2b7138b1187a6b7ee55f160b9968b66013c3a3ef39dd7e5798?s=96&d=mm&r=g\",\"caption\":\"Jeanette\"},\"sameAs\":[\"https:\\\/\\\/www.eldiario.net\\\/portal\"],\"url\":\"https:\\\/\\\/www.eldiario.net\\\/portal\\\/author\\\/jeanette\\\/\"}]}<\/script>\n<!-- \/ Yoast SEO plugin. -->","yoast_head_json":{"title":"PSG juega contra el Leipzig sin Neymar - El Diario - Bolivia","robots":{"index":"index","follow":"follow","max-snippet":"max-snippet:-1","max-image-preview":"max-image-preview:large","max-video-preview":"max-video-preview:-1"},"canonical":"https:\/\/www.eldiario.net\/portal\/2021\/10\/19\/psg-juega-contra-el-leipzig-sin-neymar\/","og_locale":"es_ES","og_type":"article","og_title":"PSG juega contra el Leipzig sin Neymar - El Diario - Bolivia","og_description":"La estrella brasile\u00f1a del Par\u00eds SG, Neymar, ser\u00e1 baja para el partido de Liga de Campeones contra el RB Leipzig, el martes en el Parque de los Pr\u00edncipes, debido a una lesi\u00f3n en los aductores, anunci\u00f3 este lunes su club. El delantero \u00abdeber\u00e1 prolongar un per\u00edodo de recuperaci\u00f3n de algunos d\u00edas antes de un regreso [&hellip;]","og_url":"https:\/\/www.eldiario.net\/portal\/2021\/10\/19\/psg-juega-contra-el-leipzig-sin-neymar\/","og_site_name":"El Diario - Bolivia","article_publisher":"https:\/\/www.facebook.com\/eldiario.bolivia\/","article_published_time":"2021-10-19T09:51:30+00:00","author":"Jeanette","twitter_card":"summary_large_image","twitter_creator":"@eldiario_net","twitter_site":"@eldiario_net","twitter_misc":{"Escrito por":"Jeanette","Tiempo de lectura":"2 minutos"},"schema":{"@context":"https:\/\/schema.org","@graph":[{"@type":"Article","@id":"https:\/\/www.eldiario.net\/portal\/2021\/10\/19\/psg-juega-contra-el-leipzig-sin-neymar\/#article","isPartOf":{"@id":"https:\/\/www.eldiario.net\/portal\/2021\/10\/19\/psg-juega-contra-el-leipzig-sin-neymar\/"},"author":{"name":"Jeanette","@id":"https:\/\/www.eldiario.net\/portal\/#\/schema\/person\/2c57cf2b7a7ae032e449e4c9b1019eac"},"headline":"PSG juega contra el Leipzig sin Neymar","datePublished":"2021-10-19T09:51:30+00:00","mainEntityOfPage":{"@id":"https:\/\/www.eldiario.net\/portal\/2021\/10\/19\/psg-juega-contra-el-leipzig-sin-neymar\/"},"wordCount":284,"publisher":{"@id":"https:\/\/www.eldiario.net\/portal\/#organization"},"image":{"@id":"https:\/\/www.eldiario.net\/portal\/2021\/10\/19\/psg-juega-contra-el-leipzig-sin-neymar\/#primaryimage"},"thumbnailUrl":"","articleSection":["Deportes"],"inLanguage":"es"},{"@type":"WebPage","@id":"https:\/\/www.eldiario.net\/portal\/2021\/10\/19\/psg-juega-contra-el-leipzig-sin-neymar\/","url":"https:\/\/www.eldiario.net\/portal\/2021\/10\/19\/psg-juega-contra-el-leipzig-sin-neymar\/","name":"PSG juega contra el Leipzig sin Neymar - El Diario - Bolivia","isPartOf":{"@id":"https:\/\/www.eldiario.net\/portal\/#website"},"primaryImageOfPage":{"@id":"https:\/\/www.eldiario.net\/portal\/2021\/10\/19\/psg-juega-contra-el-leipzig-sin-neymar\/#primaryimage"},"image":{"@id":"https:\/\/www.eldiario.net\/portal\/2021\/10\/19\/psg-juega-contra-el-leipzig-sin-neymar\/#primaryimage"},"thumbnailUrl":"","datePublished":"2021-10-19T09:51:30+00:00","breadcrumb":{"@id":"https:\/\/www.eldiario.net\/portal\/2021\/10\/19\/psg-juega-contra-el-leipzig-sin-neymar\/#breadcrumb"},"inLanguage":"es","potentialAction":[{"@type":"ReadAction","target":["https:\/\/www.eldiario.net\/portal\/2021\/10\/19\/psg-juega-contra-el-leipzig-sin-neymar\/"]}]},{"@type":"ImageObject","inLanguage":"es","@id":"https:\/\/www.eldiario.net\/portal\/2021\/10\/19\/psg-juega-contra-el-leipzig-sin-neymar\/#primaryimage","url":"","contentUrl":""},{"@type":"BreadcrumbList","@id":"https:\/\/www.eldiario.net\/portal\/2021\/10\/19\/psg-juega-contra-el-leipzig-sin-neymar\/#breadcrumb","itemListElement":[{"@type":"ListItem","position":1,"name":"Portada","item":"https:\/\/www.eldiario.net\/portal\/"},{"@type":"ListItem","position":2,"name":"PSG juega contra el Leipzig sin Neymar"}]},{"@type":"WebSite","@id":"https:\/\/www.eldiario.net\/portal\/#website","url":"https:\/\/www.eldiario.net\/portal\/","name":"El Diario - Decano de la prensa nacional","description":"El Diario - Decano de la prensa nacional","publisher":{"@id":"https:\/\/www.eldiario.net\/portal\/#organization"},"potentialAction":[{"@type":"SearchAction","target":{"@type":"EntryPoint","urlTemplate":"https:\/\/www.eldiario.net\/portal\/?s={search_term_string}"},"query-input":{"@type":"PropertyValueSpecification","valueRequired":true,"valueName":"search_term_string"}}],"inLanguage":"es"},{"@type":"Organization","@id":"https:\/\/www.eldiario.net\/portal\/#organization","name":"El Diario - Decano de la prensa nacional","url":"https:\/\/www.eldiario.net\/portal\/","logo":{"@type":"ImageObject","inLanguage":"es","@id":"https:\/\/www.eldiario.net\/portal\/#\/schema\/logo\/image\/","url":"https:\/\/www.eldiario.net\/portal\/wp-content\/uploads\/2023\/07\/logo_ED.jpg","contentUrl":"https:\/\/www.eldiario.net\/portal\/wp-content\/uploads\/2023\/07\/logo_ED.jpg","width":272,"height":52,"caption":"El Diario - Decano de la prensa nacional"},"image":{"@id":"https:\/\/www.eldiario.net\/portal\/#\/schema\/logo\/image\/"},"sameAs":["https:\/\/www.facebook.com\/eldiario.bolivia\/","https:\/\/x.com\/eldiario_net"]},{"@type":"Person","@id":"https:\/\/www.eldiario.net\/portal\/#\/schema\/person\/2c57cf2b7a7ae032e449e4c9b1019eac","name":"Jeanette","image":{"@type":"ImageObject","inLanguage":"es","@id":"https:\/\/secure.gravatar.com\/avatar\/3ea2118a5f7dad2b7138b1187a6b7ee55f160b9968b66013c3a3ef39dd7e5798?s=96&d=mm&r=g","url":"https:\/\/secure.gravatar.com\/avatar\/3ea2118a5f7dad2b7138b1187a6b7ee55f160b9968b66013c3a3ef39dd7e5798?s=96&d=mm&r=g","contentUrl":"https:\/\/secure.gravatar.com\/avatar\/3ea2118a5f7dad2b7138b1187a6b7ee55f160b9968b66013c3a3ef39dd7e5798?s=96&d=mm&r=g","caption":"Jeanette"},"sameAs":["https:\/\/www.eldiario.net\/portal"],"url":"https:\/\/www.eldiario.net\/portal\/author\/jeanette\/"}]}},"_links":{"self":[{"href":"https:\/\/www.eldiario.net\/portal\/wp-json\/wp\/v2\/posts\/37509","targetHints":{"allow":["GET"]}}],"collection":[{"href":"https:\/\/www.eldiario.net\/portal\/wp-json\/wp\/v2\/posts"}],"about":[{"href":"https:\/\/www.eldiario.net\/portal\/wp-json\/wp\/v2\/types\/post"}],"author":[{"embeddable":true,"href":"https:\/\/www.eldiario.net\/portal\/wp-json\/wp\/v2\/users\/1"}],"replies":[{"embeddable":true,"href":"https:\/\/www.eldiario.net\/portal\/wp-json\/wp\/v2\/comments?post=37509"}],"version-history":[{"count":0,"href":"https:\/\/www.eldiario.net\/portal\/wp-json\/wp\/v2\/posts\/37509\/revisions"}],"wp:attachment":[{"href":"https:\/\/www.eldiario.net\/portal\/wp-json\/wp\/v2\/media?parent=37509"}],"wp:term":[{"taxonomy":"category","embeddable":true,"href":"https:\/\/www.eldiario.net\/portal\/wp-json\/wp\/v2\/categories?post=37509"},{"taxonomy":"post_tag","embeddable":true,"href":"https:\/\/www.eldiario.net\/portal\/wp-json\/wp\/v2\/tags?post=37509"}],"curies":[{"name":"wp","href":"https:\/\/api.w.org\/{rel}","templated":true}]}}