{"id":37506,"date":"2021-10-19T05:50:39","date_gmt":"2021-10-19T09:50:39","guid":{"rendered":"https:\/\/www.eldiario.net\/portal\/?p=37506"},"modified":"2021-10-19T05:50:39","modified_gmt":"2021-10-19T09:50:39","slug":"se-confirmaron-las-llaves-de-la-simon-bolivar","status":"publish","type":"post","link":"https:\/\/www.eldiario.net\/portal\/2021\/10\/19\/se-confirmaron-las-llaves-de-la-simon-bolivar\/","title":{"rendered":"Se confirmaron las llaves de la Sim\u00f3n Bol\u00edvar"},"content":{"rendered":"<p class=\"v1MsoNormal\">Las seis llaves de la tercera fase de la Copa Sim\u00f3n Bol\u00edvar fueron definidas en el sorteo que se llev\u00f3 adelante este lunes por la tarde, a cargo de Adri\u00e1n Monje, responsable de la Direcci\u00f3n de Competiciones de la Federaci\u00f3n Boliviana de F\u00fatbol (FBF). Esta ronda iniciar\u00e1 el fin de semana con los partidos de ida y las revanchas se programar\u00e1n para finales de mes.<\/p>\n<p class=\"v1MsoNormal\">Los 12 clubes que est\u00e1n en carrera por el ascenso directo de categor\u00eda al profesionalismo ya conocen la siguiente ruta. Mediante el sorteo se defini\u00f3 que Rosario Central (Potos\u00ed), Atl\u00e9tico Bermejo (Tarija), Garc\u00eda \u00c1greda (Tarija), Vaca Diez (Pando), Deportivo Shalon (Oruro) y Ciudad Nueva Santa Cruz (Santa Cruz) arrancar\u00e1n de local.<\/p>\n<p class=\"v1MsoNormal\">Es as\u00ed que se formaron los cruces de esta manera: Rosario Central jugar\u00e1 contra Universitario de Sucre (Chuquisaca); Atl\u00e9tico Bermejo frente a Universitario de Vinto (Cochabamba); Garc\u00eda \u00c1greda frente a Mojocoya (Chuquisaca); Vaca Diez contra Empresa Minera Huanuni (Oruro); Deportivo Shalon ante Torre Fuerte (Santa Cruz) y Ciudad Nueva Santa Cruz recibir\u00e1 a San Antonio de Bulo Bulo (Cochabamba).<\/p>\n<p class=\"v1MsoNormal\">\u00abVamos a hacer conocer hasta ma\u00f1ana (en referencia a martes) qu\u00e9 partidos ser\u00e1n transmitidos entre este fin de semana y el pr\u00f3ximo, que son las dos fechas designados para jugar estos partidos. Hasta ma\u00f1ana, como m\u00e1ximo, haremos conocer los horarios en los que se jugar\u00e1n\u00bb, explic\u00f3 Monje a la conclusi\u00f3n del sorteo.<\/p>\n<p class=\"v1MsoNormal\">De estos 12 elencos, la \u00abU\u00bb de Sucre, Mojocoya y Rosario Central accedieron como los \u00abmejores perdedores\u00bb de la segunda fase. Los departamentos que quedaron sin representantes fueron Beni y La Paz.<\/p>\n<p class=\"v1MsoNormal\">Por otro lado, aparecen como revelaci\u00f3n en esta fase: Mojocoya, Deportivo Shalon, San Antonio y Ciudad Nueva Santa Cruz por tratarse de su debut en este torneo de ascenso.<\/p>\n<p class=\"v1MsoNormal\">Los ganadores de estas seis llaves, junto a los dos \u00abmejores perdedores\u00bb, ingresar\u00e1n a los cuartos de final. Cumpliendo con la convocatoria, se tomar\u00e1 en cuenta la mayor cantidad de puntos acumulados a la conclusi\u00f3n de los cotejos de ida y vuelta, en caso de empate, habr\u00e1 definici\u00f3n desde el punto penal.<\/p>\n<p class=\"v1MsoNormal\">El campe\u00f3n ascender\u00e1 de manera directa al profesionalismo, el subcampe\u00f3n jugar\u00e1 el ascenso-descenso indirecto contra el pen\u00faltimo en la tabla del torneo de la principal categor\u00eda. (APG)<\/p>\n","protected":false},"excerpt":{"rendered":"<p>Las seis llaves de la tercera fase de la Copa Sim\u00f3n Bol\u00edvar fueron definidas en el sorteo que se llev\u00f3 adelante este lunes por la tarde, a cargo de Adri\u00e1n Monje, responsable de la Direcci\u00f3n de Competiciones de la Federaci\u00f3n Boliviana de F\u00fatbol (FBF). Esta ronda iniciar\u00e1 el fin de semana con los partidos de [&hellip;]<\/p>\n","protected":false},"author":1,"featured_media":37507,"comment_status":"closed","ping_status":"closed","sticky":false,"template":"","format":"standard","meta":{"_acf_changed":false,"footnotes":""},"categories":[6],"tags":[],"class_list":["post-37506","post","type-post","status-publish","format-standard","has-post-thumbnail","category-deportes"],"acf":{"antetitulo":""},"yoast_head":"<!-- This site is optimized with the Yoast SEO plugin v28.4 - https:\/\/yoast.com\/product\/yoast-seo-wordpress\/ -->\n<title>Se confirmaron las llaves de la Sim\u00f3n Bol\u00edvar - El Diario - Bolivia<\/title>\n<meta name=\"robots\" content=\"index, follow, max-snippet:-1, max-image-preview:large, max-video-preview:-1\" \/>\n<link rel=\"canonical\" href=\"https:\/\/www.eldiario.net\/portal\/2021\/10\/19\/se-confirmaron-las-llaves-de-la-simon-bolivar\/\" \/>\n<meta property=\"og:locale\" content=\"es_ES\" \/>\n<meta property=\"og:type\" content=\"article\" \/>\n<meta property=\"og:title\" content=\"Se confirmaron las llaves de la Sim\u00f3n Bol\u00edvar - El Diario - Bolivia\" \/>\n<meta property=\"og:description\" content=\"Las seis llaves de la tercera fase de la Copa Sim\u00f3n Bol\u00edvar fueron definidas en el sorteo que se llev\u00f3 adelante este lunes por la tarde, a cargo de Adri\u00e1n Monje, responsable de la Direcci\u00f3n de Competiciones de la Federaci\u00f3n Boliviana de F\u00fatbol (FBF). Esta ronda iniciar\u00e1 el fin de semana con los partidos de [&hellip;]\" \/>\n<meta property=\"og:url\" content=\"https:\/\/www.eldiario.net\/portal\/2021\/10\/19\/se-confirmaron-las-llaves-de-la-simon-bolivar\/\" \/>\n<meta property=\"og:site_name\" content=\"El Diario - Bolivia\" \/>\n<meta property=\"article:publisher\" content=\"https:\/\/www.facebook.com\/eldiario.bolivia\/\" \/>\n<meta property=\"article:published_time\" content=\"2021-10-19T09:50:39+00:00\" \/>\n<meta name=\"author\" content=\"Jeanette\" \/>\n<meta name=\"twitter:card\" content=\"summary_large_image\" \/>\n<meta name=\"twitter:creator\" content=\"@eldiario_net\" \/>\n<meta name=\"twitter:site\" content=\"@eldiario_net\" \/>\n<meta name=\"twitter:label1\" content=\"Escrito por\" \/>\n\t<meta name=\"twitter:data1\" content=\"Jeanette\" \/>\n\t<meta name=\"twitter:label2\" content=\"Tiempo de lectura\" \/>\n\t<meta name=\"twitter:data2\" content=\"2 minutos\" \/>\n<script type=\"application\/ld+json\" class=\"yoast-schema-graph\">{\"@context\":\"https:\\\/\\\/schema.org\",\"@graph\":[{\"@type\":\"Article\",\"@id\":\"https:\\\/\\\/www.eldiario.net\\\/portal\\\/2021\\\/10\\\/19\\\/se-confirmaron-las-llaves-de-la-simon-bolivar\\\/#article\",\"isPartOf\":{\"@id\":\"https:\\\/\\\/www.eldiario.net\\\/portal\\\/2021\\\/10\\\/19\\\/se-confirmaron-las-llaves-de-la-simon-bolivar\\\/\"},\"author\":{\"name\":\"Jeanette\",\"@id\":\"https:\\\/\\\/www.eldiario.net\\\/portal\\\/#\\\/schema\\\/person\\\/2c57cf2b7a7ae032e449e4c9b1019eac\"},\"headline\":\"Se confirmaron las llaves de la Sim\u00f3n Bol\u00edvar\",\"datePublished\":\"2021-10-19T09:50:39+00:00\",\"mainEntityOfPage\":{\"@id\":\"https:\\\/\\\/www.eldiario.net\\\/portal\\\/2021\\\/10\\\/19\\\/se-confirmaron-las-llaves-de-la-simon-bolivar\\\/\"},\"wordCount\":404,\"publisher\":{\"@id\":\"https:\\\/\\\/www.eldiario.net\\\/portal\\\/#organization\"},\"image\":{\"@id\":\"https:\\\/\\\/www.eldiario.net\\\/portal\\\/2021\\\/10\\\/19\\\/se-confirmaron-las-llaves-de-la-simon-bolivar\\\/#primaryimage\"},\"thumbnailUrl\":\"\",\"articleSection\":[\"Deportes\"],\"inLanguage\":\"es\"},{\"@type\":\"WebPage\",\"@id\":\"https:\\\/\\\/www.eldiario.net\\\/portal\\\/2021\\\/10\\\/19\\\/se-confirmaron-las-llaves-de-la-simon-bolivar\\\/\",\"url\":\"https:\\\/\\\/www.eldiario.net\\\/portal\\\/2021\\\/10\\\/19\\\/se-confirmaron-las-llaves-de-la-simon-bolivar\\\/\",\"name\":\"Se confirmaron las llaves de la Sim\u00f3n Bol\u00edvar - El Diario - Bolivia\",\"isPartOf\":{\"@id\":\"https:\\\/\\\/www.eldiario.net\\\/portal\\\/#website\"},\"primaryImageOfPage\":{\"@id\":\"https:\\\/\\\/www.eldiario.net\\\/portal\\\/2021\\\/10\\\/19\\\/se-confirmaron-las-llaves-de-la-simon-bolivar\\\/#primaryimage\"},\"image\":{\"@id\":\"https:\\\/\\\/www.eldiario.net\\\/portal\\\/2021\\\/10\\\/19\\\/se-confirmaron-las-llaves-de-la-simon-bolivar\\\/#primaryimage\"},\"thumbnailUrl\":\"\",\"datePublished\":\"2021-10-19T09:50:39+00:00\",\"breadcrumb\":{\"@id\":\"https:\\\/\\\/www.eldiario.net\\\/portal\\\/2021\\\/10\\\/19\\\/se-confirmaron-las-llaves-de-la-simon-bolivar\\\/#breadcrumb\"},\"inLanguage\":\"es\",\"potentialAction\":[{\"@type\":\"ReadAction\",\"target\":[\"https:\\\/\\\/www.eldiario.net\\\/portal\\\/2021\\\/10\\\/19\\\/se-confirmaron-las-llaves-de-la-simon-bolivar\\\/\"]}]},{\"@type\":\"ImageObject\",\"inLanguage\":\"es\",\"@id\":\"https:\\\/\\\/www.eldiario.net\\\/portal\\\/2021\\\/10\\\/19\\\/se-confirmaron-las-llaves-de-la-simon-bolivar\\\/#primaryimage\",\"url\":\"\",\"contentUrl\":\"\"},{\"@type\":\"BreadcrumbList\",\"@id\":\"https:\\\/\\\/www.eldiario.net\\\/portal\\\/2021\\\/10\\\/19\\\/se-confirmaron-las-llaves-de-la-simon-bolivar\\\/#breadcrumb\",\"itemListElement\":[{\"@type\":\"ListItem\",\"position\":1,\"name\":\"Portada\",\"item\":\"https:\\\/\\\/www.eldiario.net\\\/portal\\\/\"},{\"@type\":\"ListItem\",\"position\":2,\"name\":\"Se confirmaron las llaves de la Sim\u00f3n Bol\u00edvar\"}]},{\"@type\":\"WebSite\",\"@id\":\"https:\\\/\\\/www.eldiario.net\\\/portal\\\/#website\",\"url\":\"https:\\\/\\\/www.eldiario.net\\\/portal\\\/\",\"name\":\"El Diario - Decano de la prensa nacional\",\"description\":\"El Diario - Decano de la prensa nacional\",\"publisher\":{\"@id\":\"https:\\\/\\\/www.eldiario.net\\\/portal\\\/#organization\"},\"potentialAction\":[{\"@type\":\"SearchAction\",\"target\":{\"@type\":\"EntryPoint\",\"urlTemplate\":\"https:\\\/\\\/www.eldiario.net\\\/portal\\\/?s={search_term_string}\"},\"query-input\":{\"@type\":\"PropertyValueSpecification\",\"valueRequired\":true,\"valueName\":\"search_term_string\"}}],\"inLanguage\":\"es\"},{\"@type\":\"Organization\",\"@id\":\"https:\\\/\\\/www.eldiario.net\\\/portal\\\/#organization\",\"name\":\"El Diario - Decano de la prensa nacional\",\"url\":\"https:\\\/\\\/www.eldiario.net\\\/portal\\\/\",\"logo\":{\"@type\":\"ImageObject\",\"inLanguage\":\"es\",\"@id\":\"https:\\\/\\\/www.eldiario.net\\\/portal\\\/#\\\/schema\\\/logo\\\/image\\\/\",\"url\":\"https:\\\/\\\/www.eldiario.net\\\/portal\\\/wp-content\\\/uploads\\\/2023\\\/07\\\/logo_ED.jpg\",\"contentUrl\":\"https:\\\/\\\/www.eldiario.net\\\/portal\\\/wp-content\\\/uploads\\\/2023\\\/07\\\/logo_ED.jpg\",\"width\":272,\"height\":52,\"caption\":\"El Diario - Decano de la prensa nacional\"},\"image\":{\"@id\":\"https:\\\/\\\/www.eldiario.net\\\/portal\\\/#\\\/schema\\\/logo\\\/image\\\/\"},\"sameAs\":[\"https:\\\/\\\/www.facebook.com\\\/eldiario.bolivia\\\/\",\"https:\\\/\\\/x.com\\\/eldiario_net\"]},{\"@type\":\"Person\",\"@id\":\"https:\\\/\\\/www.eldiario.net\\\/portal\\\/#\\\/schema\\\/person\\\/2c57cf2b7a7ae032e449e4c9b1019eac\",\"name\":\"Jeanette\",\"image\":{\"@type\":\"ImageObject\",\"inLanguage\":\"es\",\"@id\":\"https:\\\/\\\/secure.gravatar.com\\\/avatar\\\/3ea2118a5f7dad2b7138b1187a6b7ee55f160b9968b66013c3a3ef39dd7e5798?s=96&d=mm&r=g\",\"url\":\"https:\\\/\\\/secure.gravatar.com\\\/avatar\\\/3ea2118a5f7dad2b7138b1187a6b7ee55f160b9968b66013c3a3ef39dd7e5798?s=96&d=mm&r=g\",\"contentUrl\":\"https:\\\/\\\/secure.gravatar.com\\\/avatar\\\/3ea2118a5f7dad2b7138b1187a6b7ee55f160b9968b66013c3a3ef39dd7e5798?s=96&d=mm&r=g\",\"caption\":\"Jeanette\"},\"sameAs\":[\"https:\\\/\\\/www.eldiario.net\\\/portal\"],\"url\":\"https:\\\/\\\/www.eldiario.net\\\/portal\\\/author\\\/jeanette\\\/\"}]}<\/script>\n<!-- \/ Yoast SEO plugin. -->","yoast_head_json":{"title":"Se confirmaron las llaves de la Sim\u00f3n Bol\u00edvar - El Diario - Bolivia","robots":{"index":"index","follow":"follow","max-snippet":"max-snippet:-1","max-image-preview":"max-image-preview:large","max-video-preview":"max-video-preview:-1"},"canonical":"https:\/\/www.eldiario.net\/portal\/2021\/10\/19\/se-confirmaron-las-llaves-de-la-simon-bolivar\/","og_locale":"es_ES","og_type":"article","og_title":"Se confirmaron las llaves de la Sim\u00f3n Bol\u00edvar - El Diario - Bolivia","og_description":"Las seis llaves de la tercera fase de la Copa Sim\u00f3n Bol\u00edvar fueron definidas en el sorteo que se llev\u00f3 adelante este lunes por la tarde, a cargo de Adri\u00e1n Monje, responsable de la Direcci\u00f3n de Competiciones de la Federaci\u00f3n Boliviana de F\u00fatbol (FBF). Esta ronda iniciar\u00e1 el fin de semana con los partidos de [&hellip;]","og_url":"https:\/\/www.eldiario.net\/portal\/2021\/10\/19\/se-confirmaron-las-llaves-de-la-simon-bolivar\/","og_site_name":"El Diario - Bolivia","article_publisher":"https:\/\/www.facebook.com\/eldiario.bolivia\/","article_published_time":"2021-10-19T09:50:39+00:00","author":"Jeanette","twitter_card":"summary_large_image","twitter_creator":"@eldiario_net","twitter_site":"@eldiario_net","twitter_misc":{"Escrito por":"Jeanette","Tiempo de lectura":"2 minutos"},"schema":{"@context":"https:\/\/schema.org","@graph":[{"@type":"Article","@id":"https:\/\/www.eldiario.net\/portal\/2021\/10\/19\/se-confirmaron-las-llaves-de-la-simon-bolivar\/#article","isPartOf":{"@id":"https:\/\/www.eldiario.net\/portal\/2021\/10\/19\/se-confirmaron-las-llaves-de-la-simon-bolivar\/"},"author":{"name":"Jeanette","@id":"https:\/\/www.eldiario.net\/portal\/#\/schema\/person\/2c57cf2b7a7ae032e449e4c9b1019eac"},"headline":"Se confirmaron las llaves de la Sim\u00f3n Bol\u00edvar","datePublished":"2021-10-19T09:50:39+00:00","mainEntityOfPage":{"@id":"https:\/\/www.eldiario.net\/portal\/2021\/10\/19\/se-confirmaron-las-llaves-de-la-simon-bolivar\/"},"wordCount":404,"publisher":{"@id":"https:\/\/www.eldiario.net\/portal\/#organization"},"image":{"@id":"https:\/\/www.eldiario.net\/portal\/2021\/10\/19\/se-confirmaron-las-llaves-de-la-simon-bolivar\/#primaryimage"},"thumbnailUrl":"","articleSection":["Deportes"],"inLanguage":"es"},{"@type":"WebPage","@id":"https:\/\/www.eldiario.net\/portal\/2021\/10\/19\/se-confirmaron-las-llaves-de-la-simon-bolivar\/","url":"https:\/\/www.eldiario.net\/portal\/2021\/10\/19\/se-confirmaron-las-llaves-de-la-simon-bolivar\/","name":"Se confirmaron las llaves de la Sim\u00f3n Bol\u00edvar - El Diario - Bolivia","isPartOf":{"@id":"https:\/\/www.eldiario.net\/portal\/#website"},"primaryImageOfPage":{"@id":"https:\/\/www.eldiario.net\/portal\/2021\/10\/19\/se-confirmaron-las-llaves-de-la-simon-bolivar\/#primaryimage"},"image":{"@id":"https:\/\/www.eldiario.net\/portal\/2021\/10\/19\/se-confirmaron-las-llaves-de-la-simon-bolivar\/#primaryimage"},"thumbnailUrl":"","datePublished":"2021-10-19T09:50:39+00:00","breadcrumb":{"@id":"https:\/\/www.eldiario.net\/portal\/2021\/10\/19\/se-confirmaron-las-llaves-de-la-simon-bolivar\/#breadcrumb"},"inLanguage":"es","potentialAction":[{"@type":"ReadAction","target":["https:\/\/www.eldiario.net\/portal\/2021\/10\/19\/se-confirmaron-las-llaves-de-la-simon-bolivar\/"]}]},{"@type":"ImageObject","inLanguage":"es","@id":"https:\/\/www.eldiario.net\/portal\/2021\/10\/19\/se-confirmaron-las-llaves-de-la-simon-bolivar\/#primaryimage","url":"","contentUrl":""},{"@type":"BreadcrumbList","@id":"https:\/\/www.eldiario.net\/portal\/2021\/10\/19\/se-confirmaron-las-llaves-de-la-simon-bolivar\/#breadcrumb","itemListElement":[{"@type":"ListItem","position":1,"name":"Portada","item":"https:\/\/www.eldiario.net\/portal\/"},{"@type":"ListItem","position":2,"name":"Se confirmaron las llaves de la Sim\u00f3n Bol\u00edvar"}]},{"@type":"WebSite","@id":"https:\/\/www.eldiario.net\/portal\/#website","url":"https:\/\/www.eldiario.net\/portal\/","name":"El Diario - Decano de la prensa nacional","description":"El Diario - Decano de la prensa nacional","publisher":{"@id":"https:\/\/www.eldiario.net\/portal\/#organization"},"potentialAction":[{"@type":"SearchAction","target":{"@type":"EntryPoint","urlTemplate":"https:\/\/www.eldiario.net\/portal\/?s={search_term_string}"},"query-input":{"@type":"PropertyValueSpecification","valueRequired":true,"valueName":"search_term_string"}}],"inLanguage":"es"},{"@type":"Organization","@id":"https:\/\/www.eldiario.net\/portal\/#organization","name":"El Diario - Decano de la prensa nacional","url":"https:\/\/www.eldiario.net\/portal\/","logo":{"@type":"ImageObject","inLanguage":"es","@id":"https:\/\/www.eldiario.net\/portal\/#\/schema\/logo\/image\/","url":"https:\/\/www.eldiario.net\/portal\/wp-content\/uploads\/2023\/07\/logo_ED.jpg","contentUrl":"https:\/\/www.eldiario.net\/portal\/wp-content\/uploads\/2023\/07\/logo_ED.jpg","width":272,"height":52,"caption":"El Diario - Decano de la prensa nacional"},"image":{"@id":"https:\/\/www.eldiario.net\/portal\/#\/schema\/logo\/image\/"},"sameAs":["https:\/\/www.facebook.com\/eldiario.bolivia\/","https:\/\/x.com\/eldiario_net"]},{"@type":"Person","@id":"https:\/\/www.eldiario.net\/portal\/#\/schema\/person\/2c57cf2b7a7ae032e449e4c9b1019eac","name":"Jeanette","image":{"@type":"ImageObject","inLanguage":"es","@id":"https:\/\/secure.gravatar.com\/avatar\/3ea2118a5f7dad2b7138b1187a6b7ee55f160b9968b66013c3a3ef39dd7e5798?s=96&d=mm&r=g","url":"https:\/\/secure.gravatar.com\/avatar\/3ea2118a5f7dad2b7138b1187a6b7ee55f160b9968b66013c3a3ef39dd7e5798?s=96&d=mm&r=g","contentUrl":"https:\/\/secure.gravatar.com\/avatar\/3ea2118a5f7dad2b7138b1187a6b7ee55f160b9968b66013c3a3ef39dd7e5798?s=96&d=mm&r=g","caption":"Jeanette"},"sameAs":["https:\/\/www.eldiario.net\/portal"],"url":"https:\/\/www.eldiario.net\/portal\/author\/jeanette\/"}]}},"_links":{"self":[{"href":"https:\/\/www.eldiario.net\/portal\/wp-json\/wp\/v2\/posts\/37506","targetHints":{"allow":["GET"]}}],"collection":[{"href":"https:\/\/www.eldiario.net\/portal\/wp-json\/wp\/v2\/posts"}],"about":[{"href":"https:\/\/www.eldiario.net\/portal\/wp-json\/wp\/v2\/types\/post"}],"author":[{"embeddable":true,"href":"https:\/\/www.eldiario.net\/portal\/wp-json\/wp\/v2\/users\/1"}],"replies":[{"embeddable":true,"href":"https:\/\/www.eldiario.net\/portal\/wp-json\/wp\/v2\/comments?post=37506"}],"version-history":[{"count":0,"href":"https:\/\/www.eldiario.net\/portal\/wp-json\/wp\/v2\/posts\/37506\/revisions"}],"wp:attachment":[{"href":"https:\/\/www.eldiario.net\/portal\/wp-json\/wp\/v2\/media?parent=37506"}],"wp:term":[{"taxonomy":"category","embeddable":true,"href":"https:\/\/www.eldiario.net\/portal\/wp-json\/wp\/v2\/categories?post=37506"},{"taxonomy":"post_tag","embeddable":true,"href":"https:\/\/www.eldiario.net\/portal\/wp-json\/wp\/v2\/tags?post=37506"}],"curies":[{"name":"wp","href":"https:\/\/api.w.org\/{rel}","templated":true}]}}