{"id":374074,"date":"2026-03-07T07:29:34","date_gmt":"2026-03-07T11:29:34","guid":{"rendered":"https:\/\/www.eldiario.net\/portal\/?p=374074"},"modified":"2026-03-07T07:29:34","modified_gmt":"2026-03-07T11:29:34","slug":"la-red-de-telefericos-y-el-transporte-publico","status":"publish","type":"post","link":"https:\/\/www.eldiario.net\/portal\/2026\/03\/07\/la-red-de-telefericos-y-el-transporte-publico\/","title":{"rendered":"La red de telef\u00e9ricos y el transporte p\u00fablico"},"content":{"rendered":"<p>El sistema de transporte p\u00fablico de la metr\u00f3poli de La Paz (La Paz y El Alto) est\u00e1 compuesto por el tradicional sistema de transporte automotor, compuesto por minibuses, trufis, taxis y radio taxis, por la empresa municipal de transporte La Paz Bus, que provee el servicio de buses PumaKatari y ChiquiTiti y por la red de telef\u00e9ricos. En el sistema tradicional predominan los minibuses, que pueden transportar a 14 pasajeros en condiciones muy incomodas. Los trufis son autom\u00f3viles que transportan hasta 5 pasajeros por rutas fijas. El servicio de taxis es provisto por los taxis que circulan por las calles, por los radiotaxis y los servicios de Uber que pueden ser contactados mediante el tel\u00e9fono. La Paz Bus ofrece un servicio de transporte p\u00fablico de calidad superior en la ciudad de La Paz, pero provee un servicio marginal al provisto por el sistema tradicional. El 80% de los habitantes de las ciudades de La Paz y El Alto se movilizan por el sistema tradicional, principalmente por el servicio que ofrecen los minibuses.<br \/>\nLa red de telef\u00e9ricos consta de diez l\u00edneas, cuatro construidas en la ciudad de La Paz, tres l\u00edneas que son de conexi\u00f3n con la ciudad de El Alto, una l\u00ednea que corre a lo largo de la Ceja del Alto y dos l\u00edneas que penetran esta ciudad, tiene una longitud de 31,61 Km. Seg\u00fan informaci\u00f3n proporcionada por el gerente de la empresa Mi Telef\u00e9rico, C\u00e9sar Dockweiller, la red de telef\u00e9ricos cost\u00f3 738 millones de $US, de los cuales 27,1 millones de $US fueron para expropiaciones, 677,9 millones de $US pagados a la empresa Doppelmayr, 16,6 millones de $US para supervisi\u00f3n y 16,3 millones de $US para fiscalizaci\u00f3n y conformaci\u00f3n de la empresa. La construcci\u00f3n de la red se financi\u00f3 con un pr\u00e9stamo del Banco Central al Tesoro General Naci\u00f3n (TGN).<br \/>\nSeg\u00fan reportes publicados por Mi Telef\u00e9rico, la red de telef\u00e9ricos transporta un promedio de 300.000 pasajeros diarios. La demanda de transporte de pasajeros que hay en las ciudades de La Paz y El Alto es de 3.000.000 de viajes por d\u00eda, lo que significa que la red de telef\u00e9ricos transporta al 10% de la demanda de transporte de pasajeros de las dos ciudades en una parte de su viaje, ya que estos 300.000 pasajeros tienen que usar el sistema automotor para llegar a la estaci\u00f3n de telef\u00e9rico y\/o para llegar a su destino final, despu\u00e9s de haber hecho el viaje por telef\u00e9rico.<br \/>\nLas tarifas que son cobradas en la red de telef\u00e9ricos son muy bajas (0,43 $US por recorridos de m\u00e1s de 2 Km). En la ciudad de Bogot\u00e1, la tarifa de ida y vuelta al Santuario de Monserrat es de 6,5 $US por un recorrido de 1,6 Km. En el Montserrat de Espa\u00f1a, la tarifa es de 10 euros. Para el telef\u00e9rico de R\u00edo de Janeiro la tarifa es de 50 $US. Las tres l\u00edneas que conectan a las dos ciudades tienen una buena ocupaci\u00f3n de sus cabinas, pero en las dem\u00e1s l\u00edneas, las cabinas circulan con menos de la capacidad de ocho pasajeros que tienen. Se ve con frecuencia cabinas con uno o dos pasajeros y tambi\u00e9n vac\u00edas.<br \/>\nEl economista Luis Fernando Romero Torrej\u00f3n ha presentado un ranking de las empresas estatales m\u00e1s deficitarias del a\u00f1o 2024. Este fue hecho sobre la base de informaci\u00f3n oficial de los estados financieros de las empresas estatales. En este ranking la empresa Mi Telef\u00e9rico ocupa el puesto No 1. El Lic. Romero afirma, \u201cque si bien la depreciaci\u00f3n de sus activos fijos es muy alta (197,07 millones de Bs) no solo por la depreciaci\u00f3n siempre ser\u00e1 deficitaria\u201d. Seg\u00fan el an\u00e1lisis de Romero, en todas las gestiones desde 2014 hasta 2024, la empresa ha presentado resultados de gesti\u00f3n negativos, siendo el a\u00f1o 2020 el m\u00e1s alto, con un d\u00e9ficit de Bs 354.748.583,16 (50.969.624 $US). Sus ingresos corrientes no cubren sus gastos corrientes. En 2024 la empresa tuvo ingresos corrientes por Bs 222.614.510,18 y gastos corrientes de Bs 242.057.358,85.<br \/>\nLos telef\u00e9ricos son usados en todo el mundo para acceder a sitios tur\u00edsticos. No son adecuados para servir al transporte p\u00fablico. Solamente en la ciudad colombiana de Medellin, la red de transportes dispone de un enlace de telef\u00e9rico para servir a una zona ubicada en lo alto de una monta\u00f1a. La red de telef\u00e9ricos fue el proyecto estrella del entonces presidente Evo Morales. Su contribuci\u00f3n a solucionar el problema del transporte p\u00fablico de las ciudades de La Paz y El Alto ha sido pobre.<br \/>\nEl sistema existente de transporte p\u00fablico es un sistema antiecon\u00f3mico, porque est\u00e1 compuesto por unidades de poca capacidad de transporte de pasajeros, seis minibuses gastan m\u00e1s costos de operaci\u00f3n, entre ellos gasto de combustible, que un bus que puede transportar 80 pasajeros; y produce congesti\u00f3n en las v\u00edas, ofrece un p\u00e9simo servicio de transporte y es imposible de regular, por la gran cantidad de operadores que proveen el servicio. La soluci\u00f3n es cambiarlo por un sistema de buses manejado por empresas, que costar\u00eda mucho menos que lo que cost\u00f3 la red de telef\u00e9ricos.<\/p>\n<p>El autor es ingeniero civil.<br \/>\nBlog: HISTORIA, TRANSPORTES Y DESARROLLO<\/p>\n","protected":false},"excerpt":{"rendered":"<p>El sistema de transporte p\u00fablico de la metr\u00f3poli de La Paz (La Paz y El Alto) est\u00e1 compuesto por el tradicional sistema de transporte automotor, compuesto por minibuses, trufis, taxis y radio taxis, por la empresa municipal de transporte La Paz Bus, que provee el servicio de buses PumaKatari y ChiquiTiti y por la red [&hellip;]<\/p>\n","protected":false},"author":1,"featured_media":194790,"comment_status":"closed","ping_status":"open","sticky":false,"template":"","format":"standard","meta":{"_acf_changed":false,"footnotes":""},"categories":[9],"tags":[],"class_list":["post-374074","post","type-post","status-publish","format-standard","has-post-thumbnail","category-opinion"],"acf":{"antetitulo":""},"yoast_head":"<!-- This site is optimized with the Yoast SEO plugin v28.4 - https:\/\/yoast.com\/product\/yoast-seo-wordpress\/ -->\n<title>La red de telef\u00e9ricos y el transporte p\u00fablico - El Diario - Bolivia<\/title>\n<meta name=\"robots\" content=\"index, follow, max-snippet:-1, max-image-preview:large, max-video-preview:-1\" \/>\n<link rel=\"canonical\" href=\"https:\/\/www.eldiario.net\/portal\/2026\/03\/07\/la-red-de-telefericos-y-el-transporte-publico\/\" \/>\n<meta property=\"og:locale\" content=\"es_ES\" \/>\n<meta property=\"og:type\" content=\"article\" \/>\n<meta property=\"og:title\" content=\"La red de telef\u00e9ricos y el transporte p\u00fablico - El Diario - Bolivia\" \/>\n<meta property=\"og:description\" content=\"El sistema de transporte p\u00fablico de la metr\u00f3poli de La Paz (La Paz y El Alto) est\u00e1 compuesto por el tradicional sistema de transporte automotor, compuesto por minibuses, trufis, taxis y radio taxis, por la empresa municipal de transporte La Paz Bus, que provee el servicio de buses PumaKatari y ChiquiTiti y por la red [&hellip;]\" \/>\n<meta property=\"og:url\" content=\"https:\/\/www.eldiario.net\/portal\/2026\/03\/07\/la-red-de-telefericos-y-el-transporte-publico\/\" \/>\n<meta property=\"og:site_name\" content=\"El Diario - Bolivia\" \/>\n<meta property=\"article:publisher\" content=\"https:\/\/www.facebook.com\/eldiario.bolivia\/\" \/>\n<meta property=\"article:published_time\" content=\"2026-03-07T11:29:34+00:00\" \/>\n<meta property=\"og:image\" content=\"https:\/\/www.eldiario.net\/portal\/wp-content\/uploads\/2023\/12\/Opinion.jpg\" \/>\n\t<meta property=\"og:image:width\" content=\"800\" \/>\n\t<meta property=\"og:image:height\" content=\"500\" \/>\n\t<meta property=\"og:image:type\" content=\"image\/jpeg\" \/>\n<meta name=\"author\" content=\"Jeanette\" \/>\n<meta name=\"twitter:card\" content=\"summary_large_image\" \/>\n<meta name=\"twitter:creator\" content=\"@eldiario_net\" \/>\n<meta name=\"twitter:site\" content=\"@eldiario_net\" \/>\n<meta name=\"twitter:label1\" content=\"Escrito por\" \/>\n\t<meta name=\"twitter:data1\" content=\"Jeanette\" \/>\n\t<meta name=\"twitter:label2\" content=\"Tiempo de lectura\" \/>\n\t<meta name=\"twitter:data2\" content=\"5 minutos\" \/>\n<script type=\"application\/ld+json\" class=\"yoast-schema-graph\">{\"@context\":\"https:\\\/\\\/schema.org\",\"@graph\":[{\"@type\":\"Article\",\"@id\":\"https:\\\/\\\/www.eldiario.net\\\/portal\\\/2026\\\/03\\\/07\\\/la-red-de-telefericos-y-el-transporte-publico\\\/#article\",\"isPartOf\":{\"@id\":\"https:\\\/\\\/www.eldiario.net\\\/portal\\\/2026\\\/03\\\/07\\\/la-red-de-telefericos-y-el-transporte-publico\\\/\"},\"author\":{\"name\":\"Jeanette\",\"@id\":\"https:\\\/\\\/www.eldiario.net\\\/portal\\\/#\\\/schema\\\/person\\\/2c57cf2b7a7ae032e449e4c9b1019eac\"},\"headline\":\"La red de telef\u00e9ricos y el transporte p\u00fablico\",\"datePublished\":\"2026-03-07T11:29:34+00:00\",\"mainEntityOfPage\":{\"@id\":\"https:\\\/\\\/www.eldiario.net\\\/portal\\\/2026\\\/03\\\/07\\\/la-red-de-telefericos-y-el-transporte-publico\\\/\"},\"wordCount\":899,\"publisher\":{\"@id\":\"https:\\\/\\\/www.eldiario.net\\\/portal\\\/#organization\"},\"image\":{\"@id\":\"https:\\\/\\\/www.eldiario.net\\\/portal\\\/2026\\\/03\\\/07\\\/la-red-de-telefericos-y-el-transporte-publico\\\/#primaryimage\"},\"thumbnailUrl\":\"https:\\\/\\\/www.eldiario.net\\\/portal\\\/wp-content\\\/uploads\\\/2023\\\/12\\\/Opinion.jpg\",\"articleSection\":[\"Opini\u00f3n\"],\"inLanguage\":\"es\"},{\"@type\":\"WebPage\",\"@id\":\"https:\\\/\\\/www.eldiario.net\\\/portal\\\/2026\\\/03\\\/07\\\/la-red-de-telefericos-y-el-transporte-publico\\\/\",\"url\":\"https:\\\/\\\/www.eldiario.net\\\/portal\\\/2026\\\/03\\\/07\\\/la-red-de-telefericos-y-el-transporte-publico\\\/\",\"name\":\"La red de telef\u00e9ricos y el transporte p\u00fablico - El Diario - Bolivia\",\"isPartOf\":{\"@id\":\"https:\\\/\\\/www.eldiario.net\\\/portal\\\/#website\"},\"primaryImageOfPage\":{\"@id\":\"https:\\\/\\\/www.eldiario.net\\\/portal\\\/2026\\\/03\\\/07\\\/la-red-de-telefericos-y-el-transporte-publico\\\/#primaryimage\"},\"image\":{\"@id\":\"https:\\\/\\\/www.eldiario.net\\\/portal\\\/2026\\\/03\\\/07\\\/la-red-de-telefericos-y-el-transporte-publico\\\/#primaryimage\"},\"thumbnailUrl\":\"https:\\\/\\\/www.eldiario.net\\\/portal\\\/wp-content\\\/uploads\\\/2023\\\/12\\\/Opinion.jpg\",\"datePublished\":\"2026-03-07T11:29:34+00:00\",\"breadcrumb\":{\"@id\":\"https:\\\/\\\/www.eldiario.net\\\/portal\\\/2026\\\/03\\\/07\\\/la-red-de-telefericos-y-el-transporte-publico\\\/#breadcrumb\"},\"inLanguage\":\"es\",\"potentialAction\":[{\"@type\":\"ReadAction\",\"target\":[\"https:\\\/\\\/www.eldiario.net\\\/portal\\\/2026\\\/03\\\/07\\\/la-red-de-telefericos-y-el-transporte-publico\\\/\"]}]},{\"@type\":\"ImageObject\",\"inLanguage\":\"es\",\"@id\":\"https:\\\/\\\/www.eldiario.net\\\/portal\\\/2026\\\/03\\\/07\\\/la-red-de-telefericos-y-el-transporte-publico\\\/#primaryimage\",\"url\":\"https:\\\/\\\/www.eldiario.net\\\/portal\\\/wp-content\\\/uploads\\\/2023\\\/12\\\/Opinion.jpg\",\"contentUrl\":\"https:\\\/\\\/www.eldiario.net\\\/portal\\\/wp-content\\\/uploads\\\/2023\\\/12\\\/Opinion.jpg\",\"width\":800,\"height\":500},{\"@type\":\"BreadcrumbList\",\"@id\":\"https:\\\/\\\/www.eldiario.net\\\/portal\\\/2026\\\/03\\\/07\\\/la-red-de-telefericos-y-el-transporte-publico\\\/#breadcrumb\",\"itemListElement\":[{\"@type\":\"ListItem\",\"position\":1,\"name\":\"Portada\",\"item\":\"https:\\\/\\\/www.eldiario.net\\\/portal\\\/\"},{\"@type\":\"ListItem\",\"position\":2,\"name\":\"La red de telef\u00e9ricos y el transporte p\u00fablico\"}]},{\"@type\":\"WebSite\",\"@id\":\"https:\\\/\\\/www.eldiario.net\\\/portal\\\/#website\",\"url\":\"https:\\\/\\\/www.eldiario.net\\\/portal\\\/\",\"name\":\"El Diario - Decano de la prensa nacional\",\"description\":\"El Diario - Decano de la prensa nacional\",\"publisher\":{\"@id\":\"https:\\\/\\\/www.eldiario.net\\\/portal\\\/#organization\"},\"potentialAction\":[{\"@type\":\"SearchAction\",\"target\":{\"@type\":\"EntryPoint\",\"urlTemplate\":\"https:\\\/\\\/www.eldiario.net\\\/portal\\\/?s={search_term_string}\"},\"query-input\":{\"@type\":\"PropertyValueSpecification\",\"valueRequired\":true,\"valueName\":\"search_term_string\"}}],\"inLanguage\":\"es\"},{\"@type\":\"Organization\",\"@id\":\"https:\\\/\\\/www.eldiario.net\\\/portal\\\/#organization\",\"name\":\"El Diario - Decano de la prensa nacional\",\"url\":\"https:\\\/\\\/www.eldiario.net\\\/portal\\\/\",\"logo\":{\"@type\":\"ImageObject\",\"inLanguage\":\"es\",\"@id\":\"https:\\\/\\\/www.eldiario.net\\\/portal\\\/#\\\/schema\\\/logo\\\/image\\\/\",\"url\":\"https:\\\/\\\/www.eldiario.net\\\/portal\\\/wp-content\\\/uploads\\\/2023\\\/07\\\/logo_ED.jpg\",\"contentUrl\":\"https:\\\/\\\/www.eldiario.net\\\/portal\\\/wp-content\\\/uploads\\\/2023\\\/07\\\/logo_ED.jpg\",\"width\":272,\"height\":52,\"caption\":\"El Diario - Decano de la prensa nacional\"},\"image\":{\"@id\":\"https:\\\/\\\/www.eldiario.net\\\/portal\\\/#\\\/schema\\\/logo\\\/image\\\/\"},\"sameAs\":[\"https:\\\/\\\/www.facebook.com\\\/eldiario.bolivia\\\/\",\"https:\\\/\\\/x.com\\\/eldiario_net\"]},{\"@type\":\"Person\",\"@id\":\"https:\\\/\\\/www.eldiario.net\\\/portal\\\/#\\\/schema\\\/person\\\/2c57cf2b7a7ae032e449e4c9b1019eac\",\"name\":\"Jeanette\",\"image\":{\"@type\":\"ImageObject\",\"inLanguage\":\"es\",\"@id\":\"https:\\\/\\\/secure.gravatar.com\\\/avatar\\\/3ea2118a5f7dad2b7138b1187a6b7ee55f160b9968b66013c3a3ef39dd7e5798?s=96&d=mm&r=g\",\"url\":\"https:\\\/\\\/secure.gravatar.com\\\/avatar\\\/3ea2118a5f7dad2b7138b1187a6b7ee55f160b9968b66013c3a3ef39dd7e5798?s=96&d=mm&r=g\",\"contentUrl\":\"https:\\\/\\\/secure.gravatar.com\\\/avatar\\\/3ea2118a5f7dad2b7138b1187a6b7ee55f160b9968b66013c3a3ef39dd7e5798?s=96&d=mm&r=g\",\"caption\":\"Jeanette\"},\"sameAs\":[\"https:\\\/\\\/www.eldiario.net\\\/portal\"],\"url\":\"https:\\\/\\\/www.eldiario.net\\\/portal\\\/author\\\/jeanette\\\/\"}]}<\/script>\n<!-- \/ Yoast SEO plugin. -->","yoast_head_json":{"title":"La red de telef\u00e9ricos y el transporte p\u00fablico - El Diario - Bolivia","robots":{"index":"index","follow":"follow","max-snippet":"max-snippet:-1","max-image-preview":"max-image-preview:large","max-video-preview":"max-video-preview:-1"},"canonical":"https:\/\/www.eldiario.net\/portal\/2026\/03\/07\/la-red-de-telefericos-y-el-transporte-publico\/","og_locale":"es_ES","og_type":"article","og_title":"La red de telef\u00e9ricos y el transporte p\u00fablico - El Diario - Bolivia","og_description":"El sistema de transporte p\u00fablico de la metr\u00f3poli de La Paz (La Paz y El Alto) est\u00e1 compuesto por el tradicional sistema de transporte automotor, compuesto por minibuses, trufis, taxis y radio taxis, por la empresa municipal de transporte La Paz Bus, que provee el servicio de buses PumaKatari y ChiquiTiti y por la red [&hellip;]","og_url":"https:\/\/www.eldiario.net\/portal\/2026\/03\/07\/la-red-de-telefericos-y-el-transporte-publico\/","og_site_name":"El Diario - Bolivia","article_publisher":"https:\/\/www.facebook.com\/eldiario.bolivia\/","article_published_time":"2026-03-07T11:29:34+00:00","og_image":[{"width":800,"height":500,"url":"https:\/\/www.eldiario.net\/portal\/wp-content\/uploads\/2023\/12\/Opinion.jpg","type":"image\/jpeg"}],"author":"Jeanette","twitter_card":"summary_large_image","twitter_creator":"@eldiario_net","twitter_site":"@eldiario_net","twitter_misc":{"Escrito por":"Jeanette","Tiempo de lectura":"5 minutos"},"schema":{"@context":"https:\/\/schema.org","@graph":[{"@type":"Article","@id":"https:\/\/www.eldiario.net\/portal\/2026\/03\/07\/la-red-de-telefericos-y-el-transporte-publico\/#article","isPartOf":{"@id":"https:\/\/www.eldiario.net\/portal\/2026\/03\/07\/la-red-de-telefericos-y-el-transporte-publico\/"},"author":{"name":"Jeanette","@id":"https:\/\/www.eldiario.net\/portal\/#\/schema\/person\/2c57cf2b7a7ae032e449e4c9b1019eac"},"headline":"La red de telef\u00e9ricos y el transporte p\u00fablico","datePublished":"2026-03-07T11:29:34+00:00","mainEntityOfPage":{"@id":"https:\/\/www.eldiario.net\/portal\/2026\/03\/07\/la-red-de-telefericos-y-el-transporte-publico\/"},"wordCount":899,"publisher":{"@id":"https:\/\/www.eldiario.net\/portal\/#organization"},"image":{"@id":"https:\/\/www.eldiario.net\/portal\/2026\/03\/07\/la-red-de-telefericos-y-el-transporte-publico\/#primaryimage"},"thumbnailUrl":"https:\/\/www.eldiario.net\/portal\/wp-content\/uploads\/2023\/12\/Opinion.jpg","articleSection":["Opini\u00f3n"],"inLanguage":"es"},{"@type":"WebPage","@id":"https:\/\/www.eldiario.net\/portal\/2026\/03\/07\/la-red-de-telefericos-y-el-transporte-publico\/","url":"https:\/\/www.eldiario.net\/portal\/2026\/03\/07\/la-red-de-telefericos-y-el-transporte-publico\/","name":"La red de telef\u00e9ricos y el transporte p\u00fablico - El Diario - Bolivia","isPartOf":{"@id":"https:\/\/www.eldiario.net\/portal\/#website"},"primaryImageOfPage":{"@id":"https:\/\/www.eldiario.net\/portal\/2026\/03\/07\/la-red-de-telefericos-y-el-transporte-publico\/#primaryimage"},"image":{"@id":"https:\/\/www.eldiario.net\/portal\/2026\/03\/07\/la-red-de-telefericos-y-el-transporte-publico\/#primaryimage"},"thumbnailUrl":"https:\/\/www.eldiario.net\/portal\/wp-content\/uploads\/2023\/12\/Opinion.jpg","datePublished":"2026-03-07T11:29:34+00:00","breadcrumb":{"@id":"https:\/\/www.eldiario.net\/portal\/2026\/03\/07\/la-red-de-telefericos-y-el-transporte-publico\/#breadcrumb"},"inLanguage":"es","potentialAction":[{"@type":"ReadAction","target":["https:\/\/www.eldiario.net\/portal\/2026\/03\/07\/la-red-de-telefericos-y-el-transporte-publico\/"]}]},{"@type":"ImageObject","inLanguage":"es","@id":"https:\/\/www.eldiario.net\/portal\/2026\/03\/07\/la-red-de-telefericos-y-el-transporte-publico\/#primaryimage","url":"https:\/\/www.eldiario.net\/portal\/wp-content\/uploads\/2023\/12\/Opinion.jpg","contentUrl":"https:\/\/www.eldiario.net\/portal\/wp-content\/uploads\/2023\/12\/Opinion.jpg","width":800,"height":500},{"@type":"BreadcrumbList","@id":"https:\/\/www.eldiario.net\/portal\/2026\/03\/07\/la-red-de-telefericos-y-el-transporte-publico\/#breadcrumb","itemListElement":[{"@type":"ListItem","position":1,"name":"Portada","item":"https:\/\/www.eldiario.net\/portal\/"},{"@type":"ListItem","position":2,"name":"La red de telef\u00e9ricos y el transporte p\u00fablico"}]},{"@type":"WebSite","@id":"https:\/\/www.eldiario.net\/portal\/#website","url":"https:\/\/www.eldiario.net\/portal\/","name":"El Diario - Decano de la prensa nacional","description":"El Diario - Decano de la prensa nacional","publisher":{"@id":"https:\/\/www.eldiario.net\/portal\/#organization"},"potentialAction":[{"@type":"SearchAction","target":{"@type":"EntryPoint","urlTemplate":"https:\/\/www.eldiario.net\/portal\/?s={search_term_string}"},"query-input":{"@type":"PropertyValueSpecification","valueRequired":true,"valueName":"search_term_string"}}],"inLanguage":"es"},{"@type":"Organization","@id":"https:\/\/www.eldiario.net\/portal\/#organization","name":"El Diario - Decano de la prensa nacional","url":"https:\/\/www.eldiario.net\/portal\/","logo":{"@type":"ImageObject","inLanguage":"es","@id":"https:\/\/www.eldiario.net\/portal\/#\/schema\/logo\/image\/","url":"https:\/\/www.eldiario.net\/portal\/wp-content\/uploads\/2023\/07\/logo_ED.jpg","contentUrl":"https:\/\/www.eldiario.net\/portal\/wp-content\/uploads\/2023\/07\/logo_ED.jpg","width":272,"height":52,"caption":"El Diario - Decano de la prensa nacional"},"image":{"@id":"https:\/\/www.eldiario.net\/portal\/#\/schema\/logo\/image\/"},"sameAs":["https:\/\/www.facebook.com\/eldiario.bolivia\/","https:\/\/x.com\/eldiario_net"]},{"@type":"Person","@id":"https:\/\/www.eldiario.net\/portal\/#\/schema\/person\/2c57cf2b7a7ae032e449e4c9b1019eac","name":"Jeanette","image":{"@type":"ImageObject","inLanguage":"es","@id":"https:\/\/secure.gravatar.com\/avatar\/3ea2118a5f7dad2b7138b1187a6b7ee55f160b9968b66013c3a3ef39dd7e5798?s=96&d=mm&r=g","url":"https:\/\/secure.gravatar.com\/avatar\/3ea2118a5f7dad2b7138b1187a6b7ee55f160b9968b66013c3a3ef39dd7e5798?s=96&d=mm&r=g","contentUrl":"https:\/\/secure.gravatar.com\/avatar\/3ea2118a5f7dad2b7138b1187a6b7ee55f160b9968b66013c3a3ef39dd7e5798?s=96&d=mm&r=g","caption":"Jeanette"},"sameAs":["https:\/\/www.eldiario.net\/portal"],"url":"https:\/\/www.eldiario.net\/portal\/author\/jeanette\/"}]}},"_links":{"self":[{"href":"https:\/\/www.eldiario.net\/portal\/wp-json\/wp\/v2\/posts\/374074","targetHints":{"allow":["GET"]}}],"collection":[{"href":"https:\/\/www.eldiario.net\/portal\/wp-json\/wp\/v2\/posts"}],"about":[{"href":"https:\/\/www.eldiario.net\/portal\/wp-json\/wp\/v2\/types\/post"}],"author":[{"embeddable":true,"href":"https:\/\/www.eldiario.net\/portal\/wp-json\/wp\/v2\/users\/1"}],"replies":[{"embeddable":true,"href":"https:\/\/www.eldiario.net\/portal\/wp-json\/wp\/v2\/comments?post=374074"}],"version-history":[{"count":1,"href":"https:\/\/www.eldiario.net\/portal\/wp-json\/wp\/v2\/posts\/374074\/revisions"}],"predecessor-version":[{"id":374075,"href":"https:\/\/www.eldiario.net\/portal\/wp-json\/wp\/v2\/posts\/374074\/revisions\/374075"}],"wp:featuredmedia":[{"embeddable":true,"href":"https:\/\/www.eldiario.net\/portal\/wp-json\/wp\/v2\/media\/194790"}],"wp:attachment":[{"href":"https:\/\/www.eldiario.net\/portal\/wp-json\/wp\/v2\/media?parent=374074"}],"wp:term":[{"taxonomy":"category","embeddable":true,"href":"https:\/\/www.eldiario.net\/portal\/wp-json\/wp\/v2\/categories?post=374074"},{"taxonomy":"post_tag","embeddable":true,"href":"https:\/\/www.eldiario.net\/portal\/wp-json\/wp\/v2\/tags?post=374074"}],"curies":[{"name":"wp","href":"https:\/\/api.w.org\/{rel}","templated":true}]}}