{"id":374072,"date":"2026-03-07T07:28:54","date_gmt":"2026-03-07T11:28:54","guid":{"rendered":"https:\/\/www.eldiario.net\/portal\/?p=374072"},"modified":"2026-03-07T07:28:54","modified_gmt":"2026-03-07T11:28:54","slug":"el-pensamiento-logico-matematico-en-estudiantes","status":"publish","type":"post","link":"https:\/\/www.eldiario.net\/portal\/2026\/03\/07\/el-pensamiento-logico-matematico-en-estudiantes\/","title":{"rendered":"El pensamiento l\u00f3gico matem\u00e1tico en estudiantes"},"content":{"rendered":"<p>El desarrollo del pensamiento l\u00f3gico matem\u00e1tico es uno de los pilares en la formaci\u00f3n integral de los estudiantes. M\u00e1s all\u00e1 de la simple adquisici\u00f3n de habilidades num\u00e9ricas, este tipo de pensamiento permite analizar, interpretar informaci\u00f3n y resolver problemas de manera estructurada. Desde los primeros a\u00f1os de escolaridad, el fortalecimiento de estas capacidades influye directamente en el rendimiento acad\u00e9mico y en la forma en que el estudiante comprende el mundo que lo rodea.<br \/>\nEl pensamiento l\u00f3gico matem\u00e1tico implica la capacidad de establecer relaciones, clasificar, comparar, ordenar, cuantificar y formular hip\u00f3tesis. Estas habilidades comienzan a desarrollarse en la infancia, cuando el ni\u00f1o manipula objetos, reconoce formas, distingue tama\u00f1os y comprende nociones b\u00e1sicas como m\u00e1s que, menos que, igual a, antes y despu\u00e9s. En el nivel primario, estas experiencias se formalizan progresivamente mediante el aprendizaje de operaciones, resoluci\u00f3n de problemas y razonamiento abstracto.<br \/>\nUno de los principales beneficios del desarrollo del pensamiento l\u00f3gico matem\u00e1tico es el fortalecimiento de la capacidad de resoluci\u00f3n de problemas. Cuando un estudiante enfrenta una situaci\u00f3n problem\u00e1tica, aprende a identificar datos relevantes, plantear estrategias, ejecutar procedimientos y verificar resultados. Este proceso fomenta la perseverancia, la disciplina mental y la capacidad de evaluar distintas opciones antes de tomar una decisi\u00f3n.<br \/>\nEn el \u00e1mbito acad\u00e9mico, el dominio del pensamiento l\u00f3gico matem\u00e1tico influye positivamente en otras \u00e1reas del conocimiento. En ciencias naturales, por ejemplo, es necesario interpretar datos, analizar gr\u00e1ficos y comprender relaciones causa-efecto. En ciencias sociales, son utilizadas estad\u00edsticas y comparaciones num\u00e9ricas. Incluso en el lenguaje y la comunicaci\u00f3n, la estructuraci\u00f3n coherente de ideas requiere orden l\u00f3gico y secuencial.<br \/>\nPara promover su desarrollo, es fundamental que la ense\u00f1anza de la matem\u00e1tica sea activa, significativa y contextualizada. Las actividades deben partir de situaciones reales que despierten el inter\u00e9s del estudiante y le permitan comprender la utilidad de lo que aprende. El uso de materiales concretos, juegos did\u00e1cticos, desaf\u00edos matem\u00e1ticos y trabajo colaborativo favorece la construcci\u00f3n del conocimiento.<br \/>\nConclusi\u00f3n. El desarrollo del pensamiento l\u00f3gico matem\u00e1tico en los estudiantes es una tarea prioritaria en el proceso educativo, ya que fortalece habilidades esenciales para el aprendizaje y la vida cotidiana. No se trata \u00fanicamente de ense\u00f1ar n\u00fameros y operaciones, sino de formar mentes anal\u00edticas, reflexivas y capaces de enfrentar problemas con criterio y seguridad.<br \/>\nCuando la escuela promueve experiencias significativas, fomenta el razonamiento y valora el proceso m\u00e1s que la simple respuesta correcta, contribuye a construir bases s\u00f3lidas para el \u00e9xito acad\u00e9mico y personal de los estudiantes. En definitiva, el pensamiento l\u00f3gico matem\u00e1tico es una herramienta indispensable para comprender la realidad, tomar decisiones responsables y participar activamente en una sociedad en constante transformaci\u00f3n.<\/p>\n","protected":false},"excerpt":{"rendered":"<p>El desarrollo del pensamiento l\u00f3gico matem\u00e1tico es uno de los pilares en la formaci\u00f3n integral de los estudiantes. M\u00e1s all\u00e1 de la simple adquisici\u00f3n de habilidades num\u00e9ricas, este tipo de pensamiento permite analizar, interpretar informaci\u00f3n y resolver problemas de manera estructurada. Desde los primeros a\u00f1os de escolaridad, el fortalecimiento de estas capacidades influye directamente en [&hellip;]<\/p>\n","protected":false},"author":1,"featured_media":194790,"comment_status":"closed","ping_status":"open","sticky":false,"template":"","format":"standard","meta":{"_acf_changed":false,"footnotes":""},"categories":[9],"tags":[],"class_list":["post-374072","post","type-post","status-publish","format-standard","has-post-thumbnail","category-opinion"],"acf":{"antetitulo":""},"yoast_head":"<!-- This site is optimized with the Yoast SEO plugin v28.4 - https:\/\/yoast.com\/product\/yoast-seo-wordpress\/ -->\n<title>El pensamiento l\u00f3gico matem\u00e1tico en estudiantes - El Diario - Bolivia<\/title>\n<meta name=\"robots\" content=\"index, follow, max-snippet:-1, max-image-preview:large, max-video-preview:-1\" \/>\n<link rel=\"canonical\" href=\"https:\/\/www.eldiario.net\/portal\/2026\/03\/07\/el-pensamiento-logico-matematico-en-estudiantes\/\" \/>\n<meta property=\"og:locale\" content=\"es_ES\" \/>\n<meta property=\"og:type\" content=\"article\" \/>\n<meta property=\"og:title\" content=\"El pensamiento l\u00f3gico matem\u00e1tico en estudiantes - El Diario - Bolivia\" \/>\n<meta property=\"og:description\" content=\"El desarrollo del pensamiento l\u00f3gico matem\u00e1tico es uno de los pilares en la formaci\u00f3n integral de los estudiantes. M\u00e1s all\u00e1 de la simple adquisici\u00f3n de habilidades num\u00e9ricas, este tipo de pensamiento permite analizar, interpretar informaci\u00f3n y resolver problemas de manera estructurada. Desde los primeros a\u00f1os de escolaridad, el fortalecimiento de estas capacidades influye directamente en [&hellip;]\" \/>\n<meta property=\"og:url\" content=\"https:\/\/www.eldiario.net\/portal\/2026\/03\/07\/el-pensamiento-logico-matematico-en-estudiantes\/\" \/>\n<meta property=\"og:site_name\" content=\"El Diario - Bolivia\" \/>\n<meta property=\"article:publisher\" content=\"https:\/\/www.facebook.com\/eldiario.bolivia\/\" \/>\n<meta property=\"article:published_time\" content=\"2026-03-07T11:28:54+00:00\" \/>\n<meta property=\"og:image\" content=\"https:\/\/www.eldiario.net\/portal\/wp-content\/uploads\/2023\/12\/Opinion.jpg\" \/>\n\t<meta property=\"og:image:width\" content=\"800\" \/>\n\t<meta property=\"og:image:height\" content=\"500\" \/>\n\t<meta property=\"og:image:type\" content=\"image\/jpeg\" \/>\n<meta name=\"author\" content=\"Jeanette\" \/>\n<meta name=\"twitter:card\" content=\"summary_large_image\" \/>\n<meta name=\"twitter:creator\" content=\"@eldiario_net\" \/>\n<meta name=\"twitter:site\" content=\"@eldiario_net\" \/>\n<meta name=\"twitter:label1\" content=\"Escrito por\" \/>\n\t<meta name=\"twitter:data1\" content=\"Jeanette\" \/>\n\t<meta name=\"twitter:label2\" content=\"Tiempo de lectura\" \/>\n\t<meta name=\"twitter:data2\" content=\"3 minutos\" \/>\n<script type=\"application\/ld+json\" class=\"yoast-schema-graph\">{\"@context\":\"https:\\\/\\\/schema.org\",\"@graph\":[{\"@type\":\"Article\",\"@id\":\"https:\\\/\\\/www.eldiario.net\\\/portal\\\/2026\\\/03\\\/07\\\/el-pensamiento-logico-matematico-en-estudiantes\\\/#article\",\"isPartOf\":{\"@id\":\"https:\\\/\\\/www.eldiario.net\\\/portal\\\/2026\\\/03\\\/07\\\/el-pensamiento-logico-matematico-en-estudiantes\\\/\"},\"author\":{\"name\":\"Jeanette\",\"@id\":\"https:\\\/\\\/www.eldiario.net\\\/portal\\\/#\\\/schema\\\/person\\\/2c57cf2b7a7ae032e449e4c9b1019eac\"},\"headline\":\"El pensamiento l\u00f3gico matem\u00e1tico en estudiantes\",\"datePublished\":\"2026-03-07T11:28:54+00:00\",\"mainEntityOfPage\":{\"@id\":\"https:\\\/\\\/www.eldiario.net\\\/portal\\\/2026\\\/03\\\/07\\\/el-pensamiento-logico-matematico-en-estudiantes\\\/\"},\"wordCount\":488,\"publisher\":{\"@id\":\"https:\\\/\\\/www.eldiario.net\\\/portal\\\/#organization\"},\"image\":{\"@id\":\"https:\\\/\\\/www.eldiario.net\\\/portal\\\/2026\\\/03\\\/07\\\/el-pensamiento-logico-matematico-en-estudiantes\\\/#primaryimage\"},\"thumbnailUrl\":\"https:\\\/\\\/www.eldiario.net\\\/portal\\\/wp-content\\\/uploads\\\/2023\\\/12\\\/Opinion.jpg\",\"articleSection\":[\"Opini\u00f3n\"],\"inLanguage\":\"es\"},{\"@type\":\"WebPage\",\"@id\":\"https:\\\/\\\/www.eldiario.net\\\/portal\\\/2026\\\/03\\\/07\\\/el-pensamiento-logico-matematico-en-estudiantes\\\/\",\"url\":\"https:\\\/\\\/www.eldiario.net\\\/portal\\\/2026\\\/03\\\/07\\\/el-pensamiento-logico-matematico-en-estudiantes\\\/\",\"name\":\"El pensamiento l\u00f3gico matem\u00e1tico en estudiantes - El Diario - Bolivia\",\"isPartOf\":{\"@id\":\"https:\\\/\\\/www.eldiario.net\\\/portal\\\/#website\"},\"primaryImageOfPage\":{\"@id\":\"https:\\\/\\\/www.eldiario.net\\\/portal\\\/2026\\\/03\\\/07\\\/el-pensamiento-logico-matematico-en-estudiantes\\\/#primaryimage\"},\"image\":{\"@id\":\"https:\\\/\\\/www.eldiario.net\\\/portal\\\/2026\\\/03\\\/07\\\/el-pensamiento-logico-matematico-en-estudiantes\\\/#primaryimage\"},\"thumbnailUrl\":\"https:\\\/\\\/www.eldiario.net\\\/portal\\\/wp-content\\\/uploads\\\/2023\\\/12\\\/Opinion.jpg\",\"datePublished\":\"2026-03-07T11:28:54+00:00\",\"breadcrumb\":{\"@id\":\"https:\\\/\\\/www.eldiario.net\\\/portal\\\/2026\\\/03\\\/07\\\/el-pensamiento-logico-matematico-en-estudiantes\\\/#breadcrumb\"},\"inLanguage\":\"es\",\"potentialAction\":[{\"@type\":\"ReadAction\",\"target\":[\"https:\\\/\\\/www.eldiario.net\\\/portal\\\/2026\\\/03\\\/07\\\/el-pensamiento-logico-matematico-en-estudiantes\\\/\"]}]},{\"@type\":\"ImageObject\",\"inLanguage\":\"es\",\"@id\":\"https:\\\/\\\/www.eldiario.net\\\/portal\\\/2026\\\/03\\\/07\\\/el-pensamiento-logico-matematico-en-estudiantes\\\/#primaryimage\",\"url\":\"https:\\\/\\\/www.eldiario.net\\\/portal\\\/wp-content\\\/uploads\\\/2023\\\/12\\\/Opinion.jpg\",\"contentUrl\":\"https:\\\/\\\/www.eldiario.net\\\/portal\\\/wp-content\\\/uploads\\\/2023\\\/12\\\/Opinion.jpg\",\"width\":800,\"height\":500},{\"@type\":\"BreadcrumbList\",\"@id\":\"https:\\\/\\\/www.eldiario.net\\\/portal\\\/2026\\\/03\\\/07\\\/el-pensamiento-logico-matematico-en-estudiantes\\\/#breadcrumb\",\"itemListElement\":[{\"@type\":\"ListItem\",\"position\":1,\"name\":\"Portada\",\"item\":\"https:\\\/\\\/www.eldiario.net\\\/portal\\\/\"},{\"@type\":\"ListItem\",\"position\":2,\"name\":\"El pensamiento l\u00f3gico matem\u00e1tico en estudiantes\"}]},{\"@type\":\"WebSite\",\"@id\":\"https:\\\/\\\/www.eldiario.net\\\/portal\\\/#website\",\"url\":\"https:\\\/\\\/www.eldiario.net\\\/portal\\\/\",\"name\":\"El Diario - Decano de la prensa nacional\",\"description\":\"El Diario - Decano de la prensa nacional\",\"publisher\":{\"@id\":\"https:\\\/\\\/www.eldiario.net\\\/portal\\\/#organization\"},\"potentialAction\":[{\"@type\":\"SearchAction\",\"target\":{\"@type\":\"EntryPoint\",\"urlTemplate\":\"https:\\\/\\\/www.eldiario.net\\\/portal\\\/?s={search_term_string}\"},\"query-input\":{\"@type\":\"PropertyValueSpecification\",\"valueRequired\":true,\"valueName\":\"search_term_string\"}}],\"inLanguage\":\"es\"},{\"@type\":\"Organization\",\"@id\":\"https:\\\/\\\/www.eldiario.net\\\/portal\\\/#organization\",\"name\":\"El Diario - Decano de la prensa nacional\",\"url\":\"https:\\\/\\\/www.eldiario.net\\\/portal\\\/\",\"logo\":{\"@type\":\"ImageObject\",\"inLanguage\":\"es\",\"@id\":\"https:\\\/\\\/www.eldiario.net\\\/portal\\\/#\\\/schema\\\/logo\\\/image\\\/\",\"url\":\"https:\\\/\\\/www.eldiario.net\\\/portal\\\/wp-content\\\/uploads\\\/2023\\\/07\\\/logo_ED.jpg\",\"contentUrl\":\"https:\\\/\\\/www.eldiario.net\\\/portal\\\/wp-content\\\/uploads\\\/2023\\\/07\\\/logo_ED.jpg\",\"width\":272,\"height\":52,\"caption\":\"El Diario - Decano de la prensa nacional\"},\"image\":{\"@id\":\"https:\\\/\\\/www.eldiario.net\\\/portal\\\/#\\\/schema\\\/logo\\\/image\\\/\"},\"sameAs\":[\"https:\\\/\\\/www.facebook.com\\\/eldiario.bolivia\\\/\",\"https:\\\/\\\/x.com\\\/eldiario_net\"]},{\"@type\":\"Person\",\"@id\":\"https:\\\/\\\/www.eldiario.net\\\/portal\\\/#\\\/schema\\\/person\\\/2c57cf2b7a7ae032e449e4c9b1019eac\",\"name\":\"Jeanette\",\"image\":{\"@type\":\"ImageObject\",\"inLanguage\":\"es\",\"@id\":\"https:\\\/\\\/secure.gravatar.com\\\/avatar\\\/3ea2118a5f7dad2b7138b1187a6b7ee55f160b9968b66013c3a3ef39dd7e5798?s=96&d=mm&r=g\",\"url\":\"https:\\\/\\\/secure.gravatar.com\\\/avatar\\\/3ea2118a5f7dad2b7138b1187a6b7ee55f160b9968b66013c3a3ef39dd7e5798?s=96&d=mm&r=g\",\"contentUrl\":\"https:\\\/\\\/secure.gravatar.com\\\/avatar\\\/3ea2118a5f7dad2b7138b1187a6b7ee55f160b9968b66013c3a3ef39dd7e5798?s=96&d=mm&r=g\",\"caption\":\"Jeanette\"},\"sameAs\":[\"https:\\\/\\\/www.eldiario.net\\\/portal\"],\"url\":\"https:\\\/\\\/www.eldiario.net\\\/portal\\\/author\\\/jeanette\\\/\"}]}<\/script>\n<!-- \/ Yoast SEO plugin. -->","yoast_head_json":{"title":"El pensamiento l\u00f3gico matem\u00e1tico en estudiantes - El Diario - Bolivia","robots":{"index":"index","follow":"follow","max-snippet":"max-snippet:-1","max-image-preview":"max-image-preview:large","max-video-preview":"max-video-preview:-1"},"canonical":"https:\/\/www.eldiario.net\/portal\/2026\/03\/07\/el-pensamiento-logico-matematico-en-estudiantes\/","og_locale":"es_ES","og_type":"article","og_title":"El pensamiento l\u00f3gico matem\u00e1tico en estudiantes - El Diario - Bolivia","og_description":"El desarrollo del pensamiento l\u00f3gico matem\u00e1tico es uno de los pilares en la formaci\u00f3n integral de los estudiantes. M\u00e1s all\u00e1 de la simple adquisici\u00f3n de habilidades num\u00e9ricas, este tipo de pensamiento permite analizar, interpretar informaci\u00f3n y resolver problemas de manera estructurada. Desde los primeros a\u00f1os de escolaridad, el fortalecimiento de estas capacidades influye directamente en [&hellip;]","og_url":"https:\/\/www.eldiario.net\/portal\/2026\/03\/07\/el-pensamiento-logico-matematico-en-estudiantes\/","og_site_name":"El Diario - Bolivia","article_publisher":"https:\/\/www.facebook.com\/eldiario.bolivia\/","article_published_time":"2026-03-07T11:28:54+00:00","og_image":[{"width":800,"height":500,"url":"https:\/\/www.eldiario.net\/portal\/wp-content\/uploads\/2023\/12\/Opinion.jpg","type":"image\/jpeg"}],"author":"Jeanette","twitter_card":"summary_large_image","twitter_creator":"@eldiario_net","twitter_site":"@eldiario_net","twitter_misc":{"Escrito por":"Jeanette","Tiempo de lectura":"3 minutos"},"schema":{"@context":"https:\/\/schema.org","@graph":[{"@type":"Article","@id":"https:\/\/www.eldiario.net\/portal\/2026\/03\/07\/el-pensamiento-logico-matematico-en-estudiantes\/#article","isPartOf":{"@id":"https:\/\/www.eldiario.net\/portal\/2026\/03\/07\/el-pensamiento-logico-matematico-en-estudiantes\/"},"author":{"name":"Jeanette","@id":"https:\/\/www.eldiario.net\/portal\/#\/schema\/person\/2c57cf2b7a7ae032e449e4c9b1019eac"},"headline":"El pensamiento l\u00f3gico matem\u00e1tico en estudiantes","datePublished":"2026-03-07T11:28:54+00:00","mainEntityOfPage":{"@id":"https:\/\/www.eldiario.net\/portal\/2026\/03\/07\/el-pensamiento-logico-matematico-en-estudiantes\/"},"wordCount":488,"publisher":{"@id":"https:\/\/www.eldiario.net\/portal\/#organization"},"image":{"@id":"https:\/\/www.eldiario.net\/portal\/2026\/03\/07\/el-pensamiento-logico-matematico-en-estudiantes\/#primaryimage"},"thumbnailUrl":"https:\/\/www.eldiario.net\/portal\/wp-content\/uploads\/2023\/12\/Opinion.jpg","articleSection":["Opini\u00f3n"],"inLanguage":"es"},{"@type":"WebPage","@id":"https:\/\/www.eldiario.net\/portal\/2026\/03\/07\/el-pensamiento-logico-matematico-en-estudiantes\/","url":"https:\/\/www.eldiario.net\/portal\/2026\/03\/07\/el-pensamiento-logico-matematico-en-estudiantes\/","name":"El pensamiento l\u00f3gico matem\u00e1tico en estudiantes - El Diario - Bolivia","isPartOf":{"@id":"https:\/\/www.eldiario.net\/portal\/#website"},"primaryImageOfPage":{"@id":"https:\/\/www.eldiario.net\/portal\/2026\/03\/07\/el-pensamiento-logico-matematico-en-estudiantes\/#primaryimage"},"image":{"@id":"https:\/\/www.eldiario.net\/portal\/2026\/03\/07\/el-pensamiento-logico-matematico-en-estudiantes\/#primaryimage"},"thumbnailUrl":"https:\/\/www.eldiario.net\/portal\/wp-content\/uploads\/2023\/12\/Opinion.jpg","datePublished":"2026-03-07T11:28:54+00:00","breadcrumb":{"@id":"https:\/\/www.eldiario.net\/portal\/2026\/03\/07\/el-pensamiento-logico-matematico-en-estudiantes\/#breadcrumb"},"inLanguage":"es","potentialAction":[{"@type":"ReadAction","target":["https:\/\/www.eldiario.net\/portal\/2026\/03\/07\/el-pensamiento-logico-matematico-en-estudiantes\/"]}]},{"@type":"ImageObject","inLanguage":"es","@id":"https:\/\/www.eldiario.net\/portal\/2026\/03\/07\/el-pensamiento-logico-matematico-en-estudiantes\/#primaryimage","url":"https:\/\/www.eldiario.net\/portal\/wp-content\/uploads\/2023\/12\/Opinion.jpg","contentUrl":"https:\/\/www.eldiario.net\/portal\/wp-content\/uploads\/2023\/12\/Opinion.jpg","width":800,"height":500},{"@type":"BreadcrumbList","@id":"https:\/\/www.eldiario.net\/portal\/2026\/03\/07\/el-pensamiento-logico-matematico-en-estudiantes\/#breadcrumb","itemListElement":[{"@type":"ListItem","position":1,"name":"Portada","item":"https:\/\/www.eldiario.net\/portal\/"},{"@type":"ListItem","position":2,"name":"El pensamiento l\u00f3gico matem\u00e1tico en estudiantes"}]},{"@type":"WebSite","@id":"https:\/\/www.eldiario.net\/portal\/#website","url":"https:\/\/www.eldiario.net\/portal\/","name":"El Diario - Decano de la prensa nacional","description":"El Diario - Decano de la prensa nacional","publisher":{"@id":"https:\/\/www.eldiario.net\/portal\/#organization"},"potentialAction":[{"@type":"SearchAction","target":{"@type":"EntryPoint","urlTemplate":"https:\/\/www.eldiario.net\/portal\/?s={search_term_string}"},"query-input":{"@type":"PropertyValueSpecification","valueRequired":true,"valueName":"search_term_string"}}],"inLanguage":"es"},{"@type":"Organization","@id":"https:\/\/www.eldiario.net\/portal\/#organization","name":"El Diario - Decano de la prensa nacional","url":"https:\/\/www.eldiario.net\/portal\/","logo":{"@type":"ImageObject","inLanguage":"es","@id":"https:\/\/www.eldiario.net\/portal\/#\/schema\/logo\/image\/","url":"https:\/\/www.eldiario.net\/portal\/wp-content\/uploads\/2023\/07\/logo_ED.jpg","contentUrl":"https:\/\/www.eldiario.net\/portal\/wp-content\/uploads\/2023\/07\/logo_ED.jpg","width":272,"height":52,"caption":"El Diario - Decano de la prensa nacional"},"image":{"@id":"https:\/\/www.eldiario.net\/portal\/#\/schema\/logo\/image\/"},"sameAs":["https:\/\/www.facebook.com\/eldiario.bolivia\/","https:\/\/x.com\/eldiario_net"]},{"@type":"Person","@id":"https:\/\/www.eldiario.net\/portal\/#\/schema\/person\/2c57cf2b7a7ae032e449e4c9b1019eac","name":"Jeanette","image":{"@type":"ImageObject","inLanguage":"es","@id":"https:\/\/secure.gravatar.com\/avatar\/3ea2118a5f7dad2b7138b1187a6b7ee55f160b9968b66013c3a3ef39dd7e5798?s=96&d=mm&r=g","url":"https:\/\/secure.gravatar.com\/avatar\/3ea2118a5f7dad2b7138b1187a6b7ee55f160b9968b66013c3a3ef39dd7e5798?s=96&d=mm&r=g","contentUrl":"https:\/\/secure.gravatar.com\/avatar\/3ea2118a5f7dad2b7138b1187a6b7ee55f160b9968b66013c3a3ef39dd7e5798?s=96&d=mm&r=g","caption":"Jeanette"},"sameAs":["https:\/\/www.eldiario.net\/portal"],"url":"https:\/\/www.eldiario.net\/portal\/author\/jeanette\/"}]}},"_links":{"self":[{"href":"https:\/\/www.eldiario.net\/portal\/wp-json\/wp\/v2\/posts\/374072","targetHints":{"allow":["GET"]}}],"collection":[{"href":"https:\/\/www.eldiario.net\/portal\/wp-json\/wp\/v2\/posts"}],"about":[{"href":"https:\/\/www.eldiario.net\/portal\/wp-json\/wp\/v2\/types\/post"}],"author":[{"embeddable":true,"href":"https:\/\/www.eldiario.net\/portal\/wp-json\/wp\/v2\/users\/1"}],"replies":[{"embeddable":true,"href":"https:\/\/www.eldiario.net\/portal\/wp-json\/wp\/v2\/comments?post=374072"}],"version-history":[{"count":1,"href":"https:\/\/www.eldiario.net\/portal\/wp-json\/wp\/v2\/posts\/374072\/revisions"}],"predecessor-version":[{"id":374073,"href":"https:\/\/www.eldiario.net\/portal\/wp-json\/wp\/v2\/posts\/374072\/revisions\/374073"}],"wp:featuredmedia":[{"embeddable":true,"href":"https:\/\/www.eldiario.net\/portal\/wp-json\/wp\/v2\/media\/194790"}],"wp:attachment":[{"href":"https:\/\/www.eldiario.net\/portal\/wp-json\/wp\/v2\/media?parent=374072"}],"wp:term":[{"taxonomy":"category","embeddable":true,"href":"https:\/\/www.eldiario.net\/portal\/wp-json\/wp\/v2\/categories?post=374072"},{"taxonomy":"post_tag","embeddable":true,"href":"https:\/\/www.eldiario.net\/portal\/wp-json\/wp\/v2\/tags?post=374072"}],"curies":[{"name":"wp","href":"https:\/\/api.w.org\/{rel}","templated":true}]}}