{"id":374065,"date":"2026-03-07T07:26:38","date_gmt":"2026-03-07T11:26:38","guid":{"rendered":"https:\/\/www.eldiario.net\/portal\/?p=374065"},"modified":"2026-03-07T07:26:38","modified_gmt":"2026-03-07T11:26:38","slug":"actividad-turistica-continua-paralizada","status":"publish","type":"post","link":"https:\/\/www.eldiario.net\/portal\/2026\/03\/07\/actividad-turistica-continua-paralizada\/","title":{"rendered":"Actividad tur\u00edstica contin\u00faa paralizada"},"content":{"rendered":"<p><em>Con p\u00e9rdidas que llegan a miles de millones de d\u00f3lares para el pa\u00eds, sigue paralizado en gran parte el turismo, y sus esperanzas de recuperaci\u00f3n son todav\u00eda peque\u00f1as. No s\u00f3lo el pa\u00eds pierde esos ingresos monetarios en d\u00f3lares, sino, tambi\u00e9n, cientos de personas, empresarios y trabajadores, que han perdido oportunidades y no saben qu\u00e9 hacer para recuperar el nivel de sus actividades. <\/em><br \/>\n<em>La crisis econ\u00f3mica en que dej\u00f3 el r\u00e9gimen del MAS al pa\u00eds es innegable. Gran parte de la poblaci\u00f3n nacional se sigue debatiendo en la pobreza, a la espera de encontrar una tabla de salvaci\u00f3n para no caer hasta en la miseria, a la que parece haber sido condenada, despu\u00e9s de veinte a\u00f1os de nefastos gobiernos masistas.<\/em><br \/>\n<em>Existen muchos problemas, pero uno de los principales es la inquietud permanente con la que vive la mayor\u00eda de la poblaci\u00f3n, por dificultades como los paros del transporte en general, los bloqueos de calles y caminos, el mal estado de carreteras, problemas que se remontan a los veinte o treinta a\u00f1os atr\u00e1s, producto de pol\u00edticas populistas.<\/em><br \/>\n<em>A esos problemas, se sum\u00f3 hace pocos a\u00f1os la epidemia del Covid-19, que no solo paraliz\u00f3 el turismo a Bolivia y el interno. En todo caso, la cuesti\u00f3n de mayor magnitud fue la crisis econ\u00f3mica iniciada con el gobierno de Evo Morales y seguida por el de Luis Arce. <\/em><br \/>\n<em>En un estado de cat\u00e1strofe, el turismo cay\u00f3 a nivel \u00ednfimo, por tanto, est\u00e1 haciendo grandes esfuerzos para volver a los tiempos de gran actividad y progreso que, por ejemplo, hac\u00edan que el Departamento de La Paz tenga ingresos de millones de d\u00f3lares.<\/em><br \/>\n<em>Frente a ese estado de cosas, el turismo lucha por su recuperaci\u00f3n. Por ello localidades tur\u00edsticas como Rurrenabaque, Uyuni y otras han tendido la mano para beneficio del turismo. Han demostrado que el problema requiere para su soluci\u00f3n medidas generales de econom\u00eda, as\u00ed como mejora de caminos y otras. Pero, en especial, demandan casi angustiosamente que los gobernantes adopten una Pol\u00edtica de Turismo, no solo a nivel nacional, sino tambi\u00e9n internacional, que atraiga grupos de turistas que van a otros pa\u00edses, como Per\u00fa, que se \u201capoderan de los turistas que vienen a Bolivia\u201d.<\/em><br \/>\n<em>Para esa pol\u00edtica de turismo, es tambi\u00e9n necesario que el gobierno resuelva los grandes problemas econ\u00f3micos, para que actividades tan importantes como las tur\u00edsticas vuelvan a ser fuente de ingresos econ\u00f3micos y desarrollo de localidades que est\u00e1n en el abandono, a pesar de sus riquezas naturales.<\/em><br \/>\n<em>Cabe destacar que, despu\u00e9s de las tragedias pol\u00edticas y sociales del pa\u00eds, el turismo se est\u00e1 recuperando, a\u00fan en peque\u00f1a medida, pero eso no es suficiente, pues, adem\u00e1s de inversiones estatales, se requiere que organizaciones sociales comprendan que bloquear v\u00edas para presionar al gobierno, afecta m\u00e1s a sectores como el turismo, que necesita para su desarrollo un tr\u00e1nsito sin interrupciones en cualquier momento. Solo as\u00ed aumentar\u00e1n las actividades tur\u00edsticas, de las que viven muchas naciones y que, al parecer, en nuestro pa\u00eds no son de prioridad.<\/em><\/p>\n","protected":false},"excerpt":{"rendered":"<p>Con p\u00e9rdidas que llegan a miles de millones de d\u00f3lares para el pa\u00eds, sigue paralizado en gran parte el turismo, y sus esperanzas de recuperaci\u00f3n son todav\u00eda peque\u00f1as. No s\u00f3lo el pa\u00eds pierde esos ingresos monetarios en d\u00f3lares, sino, tambi\u00e9n, cientos de personas, empresarios y trabajadores, que han perdido oportunidades y no saben qu\u00e9 hacer [&hellip;]<\/p>\n","protected":false},"author":1,"featured_media":194776,"comment_status":"closed","ping_status":"open","sticky":false,"template":"","format":"standard","meta":{"_acf_changed":false,"footnotes":""},"categories":[4],"tags":[],"class_list":["post-374065","post","type-post","status-publish","format-standard","has-post-thumbnail","category-editorial"],"acf":{"antetitulo":""},"yoast_head":"<!-- This site is optimized with the Yoast SEO plugin v28.4 - https:\/\/yoast.com\/product\/yoast-seo-wordpress\/ -->\n<title>Actividad tur\u00edstica contin\u00faa paralizada - El Diario - Bolivia<\/title>\n<meta name=\"robots\" content=\"index, follow, max-snippet:-1, max-image-preview:large, max-video-preview:-1\" \/>\n<link rel=\"canonical\" href=\"https:\/\/www.eldiario.net\/portal\/2026\/03\/07\/actividad-turistica-continua-paralizada\/\" \/>\n<meta property=\"og:locale\" content=\"es_ES\" \/>\n<meta property=\"og:type\" content=\"article\" \/>\n<meta property=\"og:title\" content=\"Actividad tur\u00edstica contin\u00faa paralizada - El Diario - Bolivia\" \/>\n<meta property=\"og:description\" content=\"Con p\u00e9rdidas que llegan a miles de millones de d\u00f3lares para el pa\u00eds, sigue paralizado en gran parte el turismo, y sus esperanzas de recuperaci\u00f3n son todav\u00eda peque\u00f1as. No s\u00f3lo el pa\u00eds pierde esos ingresos monetarios en d\u00f3lares, sino, tambi\u00e9n, cientos de personas, empresarios y trabajadores, que han perdido oportunidades y no saben qu\u00e9 hacer [&hellip;]\" \/>\n<meta property=\"og:url\" content=\"https:\/\/www.eldiario.net\/portal\/2026\/03\/07\/actividad-turistica-continua-paralizada\/\" \/>\n<meta property=\"og:site_name\" content=\"El Diario - Bolivia\" \/>\n<meta property=\"article:publisher\" content=\"https:\/\/www.facebook.com\/eldiario.bolivia\/\" \/>\n<meta property=\"article:published_time\" content=\"2026-03-07T11:26:38+00:00\" \/>\n<meta property=\"og:image\" content=\"https:\/\/www.eldiario.net\/portal\/wp-content\/uploads\/2023\/12\/Editorial.jpg\" \/>\n\t<meta property=\"og:image:width\" content=\"800\" \/>\n\t<meta property=\"og:image:height\" content=\"500\" \/>\n\t<meta property=\"og:image:type\" content=\"image\/jpeg\" \/>\n<meta name=\"author\" content=\"Jeanette\" \/>\n<meta name=\"twitter:card\" content=\"summary_large_image\" \/>\n<meta name=\"twitter:creator\" content=\"@eldiario_net\" \/>\n<meta name=\"twitter:site\" content=\"@eldiario_net\" \/>\n<meta name=\"twitter:label1\" content=\"Escrito por\" \/>\n\t<meta name=\"twitter:data1\" content=\"Jeanette\" \/>\n\t<meta name=\"twitter:label2\" content=\"Tiempo de lectura\" \/>\n\t<meta name=\"twitter:data2\" content=\"3 minutos\" \/>\n<script type=\"application\/ld+json\" class=\"yoast-schema-graph\">{\"@context\":\"https:\\\/\\\/schema.org\",\"@graph\":[{\"@type\":\"Article\",\"@id\":\"https:\\\/\\\/www.eldiario.net\\\/portal\\\/2026\\\/03\\\/07\\\/actividad-turistica-continua-paralizada\\\/#article\",\"isPartOf\":{\"@id\":\"https:\\\/\\\/www.eldiario.net\\\/portal\\\/2026\\\/03\\\/07\\\/actividad-turistica-continua-paralizada\\\/\"},\"author\":{\"name\":\"Jeanette\",\"@id\":\"https:\\\/\\\/www.eldiario.net\\\/portal\\\/#\\\/schema\\\/person\\\/2c57cf2b7a7ae032e449e4c9b1019eac\"},\"headline\":\"Actividad tur\u00edstica contin\u00faa paralizada\",\"datePublished\":\"2026-03-07T11:26:38+00:00\",\"mainEntityOfPage\":{\"@id\":\"https:\\\/\\\/www.eldiario.net\\\/portal\\\/2026\\\/03\\\/07\\\/actividad-turistica-continua-paralizada\\\/\"},\"wordCount\":551,\"publisher\":{\"@id\":\"https:\\\/\\\/www.eldiario.net\\\/portal\\\/#organization\"},\"image\":{\"@id\":\"https:\\\/\\\/www.eldiario.net\\\/portal\\\/2026\\\/03\\\/07\\\/actividad-turistica-continua-paralizada\\\/#primaryimage\"},\"thumbnailUrl\":\"https:\\\/\\\/www.eldiario.net\\\/portal\\\/wp-content\\\/uploads\\\/2023\\\/12\\\/Editorial.jpg\",\"articleSection\":[\"Editorial\"],\"inLanguage\":\"es\"},{\"@type\":\"WebPage\",\"@id\":\"https:\\\/\\\/www.eldiario.net\\\/portal\\\/2026\\\/03\\\/07\\\/actividad-turistica-continua-paralizada\\\/\",\"url\":\"https:\\\/\\\/www.eldiario.net\\\/portal\\\/2026\\\/03\\\/07\\\/actividad-turistica-continua-paralizada\\\/\",\"name\":\"Actividad tur\u00edstica contin\u00faa paralizada - El Diario - Bolivia\",\"isPartOf\":{\"@id\":\"https:\\\/\\\/www.eldiario.net\\\/portal\\\/#website\"},\"primaryImageOfPage\":{\"@id\":\"https:\\\/\\\/www.eldiario.net\\\/portal\\\/2026\\\/03\\\/07\\\/actividad-turistica-continua-paralizada\\\/#primaryimage\"},\"image\":{\"@id\":\"https:\\\/\\\/www.eldiario.net\\\/portal\\\/2026\\\/03\\\/07\\\/actividad-turistica-continua-paralizada\\\/#primaryimage\"},\"thumbnailUrl\":\"https:\\\/\\\/www.eldiario.net\\\/portal\\\/wp-content\\\/uploads\\\/2023\\\/12\\\/Editorial.jpg\",\"datePublished\":\"2026-03-07T11:26:38+00:00\",\"breadcrumb\":{\"@id\":\"https:\\\/\\\/www.eldiario.net\\\/portal\\\/2026\\\/03\\\/07\\\/actividad-turistica-continua-paralizada\\\/#breadcrumb\"},\"inLanguage\":\"es\",\"potentialAction\":[{\"@type\":\"ReadAction\",\"target\":[\"https:\\\/\\\/www.eldiario.net\\\/portal\\\/2026\\\/03\\\/07\\\/actividad-turistica-continua-paralizada\\\/\"]}]},{\"@type\":\"ImageObject\",\"inLanguage\":\"es\",\"@id\":\"https:\\\/\\\/www.eldiario.net\\\/portal\\\/2026\\\/03\\\/07\\\/actividad-turistica-continua-paralizada\\\/#primaryimage\",\"url\":\"https:\\\/\\\/www.eldiario.net\\\/portal\\\/wp-content\\\/uploads\\\/2023\\\/12\\\/Editorial.jpg\",\"contentUrl\":\"https:\\\/\\\/www.eldiario.net\\\/portal\\\/wp-content\\\/uploads\\\/2023\\\/12\\\/Editorial.jpg\",\"width\":800,\"height\":500},{\"@type\":\"BreadcrumbList\",\"@id\":\"https:\\\/\\\/www.eldiario.net\\\/portal\\\/2026\\\/03\\\/07\\\/actividad-turistica-continua-paralizada\\\/#breadcrumb\",\"itemListElement\":[{\"@type\":\"ListItem\",\"position\":1,\"name\":\"Portada\",\"item\":\"https:\\\/\\\/www.eldiario.net\\\/portal\\\/\"},{\"@type\":\"ListItem\",\"position\":2,\"name\":\"Actividad tur\u00edstica contin\u00faa paralizada\"}]},{\"@type\":\"WebSite\",\"@id\":\"https:\\\/\\\/www.eldiario.net\\\/portal\\\/#website\",\"url\":\"https:\\\/\\\/www.eldiario.net\\\/portal\\\/\",\"name\":\"El Diario - Decano de la prensa nacional\",\"description\":\"El Diario - Decano de la prensa nacional\",\"publisher\":{\"@id\":\"https:\\\/\\\/www.eldiario.net\\\/portal\\\/#organization\"},\"potentialAction\":[{\"@type\":\"SearchAction\",\"target\":{\"@type\":\"EntryPoint\",\"urlTemplate\":\"https:\\\/\\\/www.eldiario.net\\\/portal\\\/?s={search_term_string}\"},\"query-input\":{\"@type\":\"PropertyValueSpecification\",\"valueRequired\":true,\"valueName\":\"search_term_string\"}}],\"inLanguage\":\"es\"},{\"@type\":\"Organization\",\"@id\":\"https:\\\/\\\/www.eldiario.net\\\/portal\\\/#organization\",\"name\":\"El Diario - Decano de la prensa nacional\",\"url\":\"https:\\\/\\\/www.eldiario.net\\\/portal\\\/\",\"logo\":{\"@type\":\"ImageObject\",\"inLanguage\":\"es\",\"@id\":\"https:\\\/\\\/www.eldiario.net\\\/portal\\\/#\\\/schema\\\/logo\\\/image\\\/\",\"url\":\"https:\\\/\\\/www.eldiario.net\\\/portal\\\/wp-content\\\/uploads\\\/2023\\\/07\\\/logo_ED.jpg\",\"contentUrl\":\"https:\\\/\\\/www.eldiario.net\\\/portal\\\/wp-content\\\/uploads\\\/2023\\\/07\\\/logo_ED.jpg\",\"width\":272,\"height\":52,\"caption\":\"El Diario - Decano de la prensa nacional\"},\"image\":{\"@id\":\"https:\\\/\\\/www.eldiario.net\\\/portal\\\/#\\\/schema\\\/logo\\\/image\\\/\"},\"sameAs\":[\"https:\\\/\\\/www.facebook.com\\\/eldiario.bolivia\\\/\",\"https:\\\/\\\/x.com\\\/eldiario_net\"]},{\"@type\":\"Person\",\"@id\":\"https:\\\/\\\/www.eldiario.net\\\/portal\\\/#\\\/schema\\\/person\\\/2c57cf2b7a7ae032e449e4c9b1019eac\",\"name\":\"Jeanette\",\"image\":{\"@type\":\"ImageObject\",\"inLanguage\":\"es\",\"@id\":\"https:\\\/\\\/secure.gravatar.com\\\/avatar\\\/3ea2118a5f7dad2b7138b1187a6b7ee55f160b9968b66013c3a3ef39dd7e5798?s=96&d=mm&r=g\",\"url\":\"https:\\\/\\\/secure.gravatar.com\\\/avatar\\\/3ea2118a5f7dad2b7138b1187a6b7ee55f160b9968b66013c3a3ef39dd7e5798?s=96&d=mm&r=g\",\"contentUrl\":\"https:\\\/\\\/secure.gravatar.com\\\/avatar\\\/3ea2118a5f7dad2b7138b1187a6b7ee55f160b9968b66013c3a3ef39dd7e5798?s=96&d=mm&r=g\",\"caption\":\"Jeanette\"},\"sameAs\":[\"https:\\\/\\\/www.eldiario.net\\\/portal\"],\"url\":\"https:\\\/\\\/www.eldiario.net\\\/portal\\\/author\\\/jeanette\\\/\"}]}<\/script>\n<!-- \/ Yoast SEO plugin. -->","yoast_head_json":{"title":"Actividad tur\u00edstica contin\u00faa paralizada - El Diario - Bolivia","robots":{"index":"index","follow":"follow","max-snippet":"max-snippet:-1","max-image-preview":"max-image-preview:large","max-video-preview":"max-video-preview:-1"},"canonical":"https:\/\/www.eldiario.net\/portal\/2026\/03\/07\/actividad-turistica-continua-paralizada\/","og_locale":"es_ES","og_type":"article","og_title":"Actividad tur\u00edstica contin\u00faa paralizada - El Diario - Bolivia","og_description":"Con p\u00e9rdidas que llegan a miles de millones de d\u00f3lares para el pa\u00eds, sigue paralizado en gran parte el turismo, y sus esperanzas de recuperaci\u00f3n son todav\u00eda peque\u00f1as. No s\u00f3lo el pa\u00eds pierde esos ingresos monetarios en d\u00f3lares, sino, tambi\u00e9n, cientos de personas, empresarios y trabajadores, que han perdido oportunidades y no saben qu\u00e9 hacer [&hellip;]","og_url":"https:\/\/www.eldiario.net\/portal\/2026\/03\/07\/actividad-turistica-continua-paralizada\/","og_site_name":"El Diario - Bolivia","article_publisher":"https:\/\/www.facebook.com\/eldiario.bolivia\/","article_published_time":"2026-03-07T11:26:38+00:00","og_image":[{"width":800,"height":500,"url":"https:\/\/www.eldiario.net\/portal\/wp-content\/uploads\/2023\/12\/Editorial.jpg","type":"image\/jpeg"}],"author":"Jeanette","twitter_card":"summary_large_image","twitter_creator":"@eldiario_net","twitter_site":"@eldiario_net","twitter_misc":{"Escrito por":"Jeanette","Tiempo de lectura":"3 minutos"},"schema":{"@context":"https:\/\/schema.org","@graph":[{"@type":"Article","@id":"https:\/\/www.eldiario.net\/portal\/2026\/03\/07\/actividad-turistica-continua-paralizada\/#article","isPartOf":{"@id":"https:\/\/www.eldiario.net\/portal\/2026\/03\/07\/actividad-turistica-continua-paralizada\/"},"author":{"name":"Jeanette","@id":"https:\/\/www.eldiario.net\/portal\/#\/schema\/person\/2c57cf2b7a7ae032e449e4c9b1019eac"},"headline":"Actividad tur\u00edstica contin\u00faa paralizada","datePublished":"2026-03-07T11:26:38+00:00","mainEntityOfPage":{"@id":"https:\/\/www.eldiario.net\/portal\/2026\/03\/07\/actividad-turistica-continua-paralizada\/"},"wordCount":551,"publisher":{"@id":"https:\/\/www.eldiario.net\/portal\/#organization"},"image":{"@id":"https:\/\/www.eldiario.net\/portal\/2026\/03\/07\/actividad-turistica-continua-paralizada\/#primaryimage"},"thumbnailUrl":"https:\/\/www.eldiario.net\/portal\/wp-content\/uploads\/2023\/12\/Editorial.jpg","articleSection":["Editorial"],"inLanguage":"es"},{"@type":"WebPage","@id":"https:\/\/www.eldiario.net\/portal\/2026\/03\/07\/actividad-turistica-continua-paralizada\/","url":"https:\/\/www.eldiario.net\/portal\/2026\/03\/07\/actividad-turistica-continua-paralizada\/","name":"Actividad tur\u00edstica contin\u00faa paralizada - El Diario - Bolivia","isPartOf":{"@id":"https:\/\/www.eldiario.net\/portal\/#website"},"primaryImageOfPage":{"@id":"https:\/\/www.eldiario.net\/portal\/2026\/03\/07\/actividad-turistica-continua-paralizada\/#primaryimage"},"image":{"@id":"https:\/\/www.eldiario.net\/portal\/2026\/03\/07\/actividad-turistica-continua-paralizada\/#primaryimage"},"thumbnailUrl":"https:\/\/www.eldiario.net\/portal\/wp-content\/uploads\/2023\/12\/Editorial.jpg","datePublished":"2026-03-07T11:26:38+00:00","breadcrumb":{"@id":"https:\/\/www.eldiario.net\/portal\/2026\/03\/07\/actividad-turistica-continua-paralizada\/#breadcrumb"},"inLanguage":"es","potentialAction":[{"@type":"ReadAction","target":["https:\/\/www.eldiario.net\/portal\/2026\/03\/07\/actividad-turistica-continua-paralizada\/"]}]},{"@type":"ImageObject","inLanguage":"es","@id":"https:\/\/www.eldiario.net\/portal\/2026\/03\/07\/actividad-turistica-continua-paralizada\/#primaryimage","url":"https:\/\/www.eldiario.net\/portal\/wp-content\/uploads\/2023\/12\/Editorial.jpg","contentUrl":"https:\/\/www.eldiario.net\/portal\/wp-content\/uploads\/2023\/12\/Editorial.jpg","width":800,"height":500},{"@type":"BreadcrumbList","@id":"https:\/\/www.eldiario.net\/portal\/2026\/03\/07\/actividad-turistica-continua-paralizada\/#breadcrumb","itemListElement":[{"@type":"ListItem","position":1,"name":"Portada","item":"https:\/\/www.eldiario.net\/portal\/"},{"@type":"ListItem","position":2,"name":"Actividad tur\u00edstica contin\u00faa paralizada"}]},{"@type":"WebSite","@id":"https:\/\/www.eldiario.net\/portal\/#website","url":"https:\/\/www.eldiario.net\/portal\/","name":"El Diario - Decano de la prensa nacional","description":"El Diario - Decano de la prensa nacional","publisher":{"@id":"https:\/\/www.eldiario.net\/portal\/#organization"},"potentialAction":[{"@type":"SearchAction","target":{"@type":"EntryPoint","urlTemplate":"https:\/\/www.eldiario.net\/portal\/?s={search_term_string}"},"query-input":{"@type":"PropertyValueSpecification","valueRequired":true,"valueName":"search_term_string"}}],"inLanguage":"es"},{"@type":"Organization","@id":"https:\/\/www.eldiario.net\/portal\/#organization","name":"El Diario - Decano de la prensa nacional","url":"https:\/\/www.eldiario.net\/portal\/","logo":{"@type":"ImageObject","inLanguage":"es","@id":"https:\/\/www.eldiario.net\/portal\/#\/schema\/logo\/image\/","url":"https:\/\/www.eldiario.net\/portal\/wp-content\/uploads\/2023\/07\/logo_ED.jpg","contentUrl":"https:\/\/www.eldiario.net\/portal\/wp-content\/uploads\/2023\/07\/logo_ED.jpg","width":272,"height":52,"caption":"El Diario - Decano de la prensa nacional"},"image":{"@id":"https:\/\/www.eldiario.net\/portal\/#\/schema\/logo\/image\/"},"sameAs":["https:\/\/www.facebook.com\/eldiario.bolivia\/","https:\/\/x.com\/eldiario_net"]},{"@type":"Person","@id":"https:\/\/www.eldiario.net\/portal\/#\/schema\/person\/2c57cf2b7a7ae032e449e4c9b1019eac","name":"Jeanette","image":{"@type":"ImageObject","inLanguage":"es","@id":"https:\/\/secure.gravatar.com\/avatar\/3ea2118a5f7dad2b7138b1187a6b7ee55f160b9968b66013c3a3ef39dd7e5798?s=96&d=mm&r=g","url":"https:\/\/secure.gravatar.com\/avatar\/3ea2118a5f7dad2b7138b1187a6b7ee55f160b9968b66013c3a3ef39dd7e5798?s=96&d=mm&r=g","contentUrl":"https:\/\/secure.gravatar.com\/avatar\/3ea2118a5f7dad2b7138b1187a6b7ee55f160b9968b66013c3a3ef39dd7e5798?s=96&d=mm&r=g","caption":"Jeanette"},"sameAs":["https:\/\/www.eldiario.net\/portal"],"url":"https:\/\/www.eldiario.net\/portal\/author\/jeanette\/"}]}},"_links":{"self":[{"href":"https:\/\/www.eldiario.net\/portal\/wp-json\/wp\/v2\/posts\/374065","targetHints":{"allow":["GET"]}}],"collection":[{"href":"https:\/\/www.eldiario.net\/portal\/wp-json\/wp\/v2\/posts"}],"about":[{"href":"https:\/\/www.eldiario.net\/portal\/wp-json\/wp\/v2\/types\/post"}],"author":[{"embeddable":true,"href":"https:\/\/www.eldiario.net\/portal\/wp-json\/wp\/v2\/users\/1"}],"replies":[{"embeddable":true,"href":"https:\/\/www.eldiario.net\/portal\/wp-json\/wp\/v2\/comments?post=374065"}],"version-history":[{"count":1,"href":"https:\/\/www.eldiario.net\/portal\/wp-json\/wp\/v2\/posts\/374065\/revisions"}],"predecessor-version":[{"id":374066,"href":"https:\/\/www.eldiario.net\/portal\/wp-json\/wp\/v2\/posts\/374065\/revisions\/374066"}],"wp:featuredmedia":[{"embeddable":true,"href":"https:\/\/www.eldiario.net\/portal\/wp-json\/wp\/v2\/media\/194776"}],"wp:attachment":[{"href":"https:\/\/www.eldiario.net\/portal\/wp-json\/wp\/v2\/media?parent=374065"}],"wp:term":[{"taxonomy":"category","embeddable":true,"href":"https:\/\/www.eldiario.net\/portal\/wp-json\/wp\/v2\/categories?post=374065"},{"taxonomy":"post_tag","embeddable":true,"href":"https:\/\/www.eldiario.net\/portal\/wp-json\/wp\/v2\/tags?post=374065"}],"curies":[{"name":"wp","href":"https:\/\/api.w.org\/{rel}","templated":true}]}}