{"id":374062,"date":"2026-03-07T07:25:42","date_gmt":"2026-03-07T11:25:42","guid":{"rendered":"https:\/\/www.eldiario.net\/portal\/?p=374062"},"modified":"2026-03-07T07:25:42","modified_gmt":"2026-03-07T11:25:42","slug":"inclusion-financiera-de-mujeres-crece-en-bolivia-2","status":"publish","type":"post","link":"https:\/\/www.eldiario.net\/portal\/2026\/03\/07\/inclusion-financiera-de-mujeres-crece-en-bolivia-2\/","title":{"rendered":"Inclusi\u00f3n financiera de  mujeres crece en Bolivia"},"content":{"rendered":"<p>El \u00edndice de inclusi\u00f3n financiera creci\u00f3 en Bolivia del 12% al 21% entre 2021 y 2025, con mujeres, alcanzando 42 puntos frente a 44 de hombres en el puntaje general del IIF 2025, seg\u00fan el subestudio Brechas de G\u00e9nero presentado por quinto a\u00f1o consecutivo por el Banco de Ideas Credicorp.<br \/>\nEl Banco de Ideas Credicorp present\u00f3 por quinto a\u00f1o consecutivo el subestudio Brechas de G\u00e9nero en la Inclusi\u00f3n Financiera, derivado del \u00cdndice de Inclusi\u00f3n Financiera (IIF). En Bolivia, la brecha en esta materia es m\u00ednima.<br \/>\nEn ese documento se analiza la evoluci\u00f3n de la inclusi\u00f3n financiera por g\u00e9nero, en personas mayores de 18 a\u00f1os, en ocho pa\u00edses de la regi\u00f3n: Per\u00fa, Argentina, Bolivia, Chile, Colombia, Ecuador, M\u00e9xico y Panam\u00e1.<br \/>\nEl incremento del porcentaje de inclusi\u00f3n registr\u00f3 un aumento de 9 puntos porcentuales, mientras que los hombres pasaron de 15% a 22%. Como resultado, en 2025 la brecha de g\u00e9nero en el nivel alcanzado es de solo 1 punto porcentual, una de las m\u00e1s bajas de la regi\u00f3n.<br \/>\nEsa tendencia se alinea con el avance regional, donde la inclusi\u00f3n financiera ha crecido de manera sostenida entre 2021 y 2025. En este contexto, las herramientas digitales han sido un motor clave: la tenencia de billeteras digitales entre las bolivianas pas\u00f3 del 15% en 2021 al 44% en 2025, sin brechas de g\u00e9nero, y solo entre 2024 y 2025 creci\u00f3 14 puntos porcentuales.<br \/>\nAdem\u00e1s, su uso para pagos y compras se ha expandido de forma acelerada, 27% de mujeres las uso en 2025, frente al 3% en 2022. La digitalizaci\u00f3n es un factor clave para una inclusi\u00f3n financiera m\u00e1s equitativa en el pa\u00eds, se\u00f1ala el documento.<br \/>\n\u201cBolivia viene mostrando avances sostenidos en la inclusi\u00f3n financiera de las mujeres, reflejo de un sistema que evoluciona y ampl\u00eda su alcance. El mayor acceso y uso de herramientas financieras \u2014especialmente las digitales\u2014 confirman que estamos avanzando en la direcci\u00f3n correcta y nos motivan a seguir impulsando soluciones que fortalezcan la autonom\u00eda econ\u00f3mica de las mujeres y generen m\u00e1s oportunidades reales para su desarrollo\u201d, se\u00f1al\u00f3 la gerente de Estrategia de Personas del BCP Bolivia, Mariana L\u00f3pez.<br \/>\nEl \u00cdndice de Inclusi\u00f3n Financiera de Credicorp eval\u00faa esta tem\u00e1tica a trav\u00e9s de indicadores de acceso, uso y calidad percibida del sistema financiero. La investigaci\u00f3n, adicionalmente, considera un an\u00e1lisis interseccional para identificar las diferencias que se registran entre las mujeres seg\u00fan variables demogr\u00e1ficas, como edad, ocupaci\u00f3n y nivel socioecon\u00f3mico, entre otros.<br \/>\nEntre 2021 y 2025, las mujeres en Bolivia mostraron avances en todas las dimensiones de la inclusi\u00f3n financiera. En la tenencia promedio de productos de cr\u00e9dito, el pa\u00eds no presenta diferencias significativas entre hombres y mujeres (0.44 en mujeres y 0.43 en hombres), a diferencia del promedio regional.<br \/>\nAsimismo, la frecuencia de uso de productos financieros se duplic\u00f3, ambos g\u00e9neros pasaron de 3 a 6 usos mensuales en promedio. En los medios utilizados para pagos y compras no se observan brechas de g\u00e9nero, lo que confirma una evoluci\u00f3n sostenida y cada vez m\u00e1s equitativa del sistema financiero boliviano.<\/p>\n<p>Resultados<br \/>\nregionales<br \/>\nEn Latinoam\u00e9rica, el informe muestra que el 27% de las mujeres adultas (mayores de 18 a\u00f1os) se encuentra en el nivel alcanzado de inclusi\u00f3n financiera, lo que representa casi el doble de la primera medici\u00f3n realizada en 2021, cuando esta proporci\u00f3n fue del 16%. Argentina lidera la regi\u00f3n con la mayor participaci\u00f3n de mujeres en este nivel (48%), mientras que Colombia registra la menor (17%). En este contexto, Bolivia se sit\u00faa seis puntos porcentuales por debajo del promedio regional.<br \/>\nTambi\u00e9n se observan se\u00f1ales alentadoras en otros frentes. La brecha entre trabajadoras formales e informales y entre emprendedoras y no emprendedoras se ha reducido, reflejando una mayor democratizaci\u00f3n del acceso a productos financieros.<br \/>\nEn conjunto, los resultados confirman que la inclusi\u00f3n financiera avanza, pero plantean el desaf\u00edo de profundizar estrategias diferenciadas que permitan que m\u00e1s mujeres \u2014especialmente rurales, de menores ingresos y mayores de 43 a\u00f1os\u2014 se integren de manera sostenida al sistema financiero.<\/p>\n","protected":false},"excerpt":{"rendered":"<p>El \u00edndice de inclusi\u00f3n financiera creci\u00f3 en Bolivia del 12% al 21% entre 2021 y 2025, con mujeres, alcanzando 42 puntos frente a 44 de hombres en el puntaje general del IIF 2025, seg\u00fan el subestudio Brechas de G\u00e9nero presentado por quinto a\u00f1o consecutivo por el Banco de Ideas Credicorp. El Banco de Ideas Credicorp [&hellip;]<\/p>\n","protected":false},"author":1,"featured_media":374063,"comment_status":"closed","ping_status":"open","sticky":false,"template":"","format":"standard","meta":{"_acf_changed":false,"footnotes":""},"categories":[7],"tags":[],"class_list":["post-374062","post","type-post","status-publish","format-standard","has-post-thumbnail","category-economia"],"acf":{"antetitulo":""},"yoast_head":"<!-- This site is optimized with the Yoast SEO plugin v28.4 - https:\/\/yoast.com\/product\/yoast-seo-wordpress\/ -->\n<title>Inclusi\u00f3n financiera de mujeres crece en Bolivia - El Diario - Bolivia<\/title>\n<meta name=\"robots\" content=\"index, follow, max-snippet:-1, max-image-preview:large, max-video-preview:-1\" \/>\n<link rel=\"canonical\" href=\"https:\/\/www.eldiario.net\/portal\/2026\/03\/07\/inclusion-financiera-de-mujeres-crece-en-bolivia-2\/\" \/>\n<meta property=\"og:locale\" content=\"es_ES\" \/>\n<meta property=\"og:type\" content=\"article\" \/>\n<meta property=\"og:title\" content=\"Inclusi\u00f3n financiera de mujeres crece en Bolivia - El Diario - Bolivia\" \/>\n<meta property=\"og:description\" content=\"El \u00edndice de inclusi\u00f3n financiera creci\u00f3 en Bolivia del 12% al 21% entre 2021 y 2025, con mujeres, alcanzando 42 puntos frente a 44 de hombres en el puntaje general del IIF 2025, seg\u00fan el subestudio Brechas de G\u00e9nero presentado por quinto a\u00f1o consecutivo por el Banco de Ideas Credicorp. El Banco de Ideas Credicorp [&hellip;]\" \/>\n<meta property=\"og:url\" content=\"https:\/\/www.eldiario.net\/portal\/2026\/03\/07\/inclusion-financiera-de-mujeres-crece-en-bolivia-2\/\" \/>\n<meta property=\"og:site_name\" content=\"El Diario - Bolivia\" \/>\n<meta property=\"article:publisher\" content=\"https:\/\/www.facebook.com\/eldiario.bolivia\/\" \/>\n<meta property=\"article:published_time\" content=\"2026-03-07T11:25:42+00:00\" \/>\n<meta property=\"og:image\" content=\"https:\/\/www.eldiario.net\/portal\/wp-content\/uploads\/2026\/03\/inclusion-3.webp\" \/>\n\t<meta property=\"og:image:width\" content=\"1200\" \/>\n\t<meta property=\"og:image:height\" content=\"800\" \/>\n\t<meta property=\"og:image:type\" content=\"image\/webp\" \/>\n<meta name=\"author\" content=\"Jeanette\" \/>\n<meta name=\"twitter:card\" content=\"summary_large_image\" \/>\n<meta name=\"twitter:creator\" content=\"@eldiario_net\" \/>\n<meta name=\"twitter:site\" content=\"@eldiario_net\" \/>\n<meta name=\"twitter:label1\" content=\"Escrito por\" \/>\n\t<meta name=\"twitter:data1\" content=\"Jeanette\" \/>\n\t<meta name=\"twitter:label2\" content=\"Tiempo de lectura\" \/>\n\t<meta name=\"twitter:data2\" content=\"4 minutos\" \/>\n<script type=\"application\/ld+json\" class=\"yoast-schema-graph\">{\"@context\":\"https:\\\/\\\/schema.org\",\"@graph\":[{\"@type\":\"Article\",\"@id\":\"https:\\\/\\\/www.eldiario.net\\\/portal\\\/2026\\\/03\\\/07\\\/inclusion-financiera-de-mujeres-crece-en-bolivia-2\\\/#article\",\"isPartOf\":{\"@id\":\"https:\\\/\\\/www.eldiario.net\\\/portal\\\/2026\\\/03\\\/07\\\/inclusion-financiera-de-mujeres-crece-en-bolivia-2\\\/\"},\"author\":{\"name\":\"Jeanette\",\"@id\":\"https:\\\/\\\/www.eldiario.net\\\/portal\\\/#\\\/schema\\\/person\\\/2c57cf2b7a7ae032e449e4c9b1019eac\"},\"headline\":\"Inclusi\u00f3n financiera de mujeres crece en Bolivia\",\"datePublished\":\"2026-03-07T11:25:42+00:00\",\"mainEntityOfPage\":{\"@id\":\"https:\\\/\\\/www.eldiario.net\\\/portal\\\/2026\\\/03\\\/07\\\/inclusion-financiera-de-mujeres-crece-en-bolivia-2\\\/\"},\"wordCount\":690,\"publisher\":{\"@id\":\"https:\\\/\\\/www.eldiario.net\\\/portal\\\/#organization\"},\"image\":{\"@id\":\"https:\\\/\\\/www.eldiario.net\\\/portal\\\/2026\\\/03\\\/07\\\/inclusion-financiera-de-mujeres-crece-en-bolivia-2\\\/#primaryimage\"},\"thumbnailUrl\":\"https:\\\/\\\/www.eldiario.net\\\/portal\\\/wp-content\\\/uploads\\\/2026\\\/03\\\/inclusion-3.webp\",\"articleSection\":[\"Econom\u00eda\"],\"inLanguage\":\"es\"},{\"@type\":\"WebPage\",\"@id\":\"https:\\\/\\\/www.eldiario.net\\\/portal\\\/2026\\\/03\\\/07\\\/inclusion-financiera-de-mujeres-crece-en-bolivia-2\\\/\",\"url\":\"https:\\\/\\\/www.eldiario.net\\\/portal\\\/2026\\\/03\\\/07\\\/inclusion-financiera-de-mujeres-crece-en-bolivia-2\\\/\",\"name\":\"Inclusi\u00f3n financiera de mujeres crece en Bolivia - El Diario - Bolivia\",\"isPartOf\":{\"@id\":\"https:\\\/\\\/www.eldiario.net\\\/portal\\\/#website\"},\"primaryImageOfPage\":{\"@id\":\"https:\\\/\\\/www.eldiario.net\\\/portal\\\/2026\\\/03\\\/07\\\/inclusion-financiera-de-mujeres-crece-en-bolivia-2\\\/#primaryimage\"},\"image\":{\"@id\":\"https:\\\/\\\/www.eldiario.net\\\/portal\\\/2026\\\/03\\\/07\\\/inclusion-financiera-de-mujeres-crece-en-bolivia-2\\\/#primaryimage\"},\"thumbnailUrl\":\"https:\\\/\\\/www.eldiario.net\\\/portal\\\/wp-content\\\/uploads\\\/2026\\\/03\\\/inclusion-3.webp\",\"datePublished\":\"2026-03-07T11:25:42+00:00\",\"breadcrumb\":{\"@id\":\"https:\\\/\\\/www.eldiario.net\\\/portal\\\/2026\\\/03\\\/07\\\/inclusion-financiera-de-mujeres-crece-en-bolivia-2\\\/#breadcrumb\"},\"inLanguage\":\"es\",\"potentialAction\":[{\"@type\":\"ReadAction\",\"target\":[\"https:\\\/\\\/www.eldiario.net\\\/portal\\\/2026\\\/03\\\/07\\\/inclusion-financiera-de-mujeres-crece-en-bolivia-2\\\/\"]}]},{\"@type\":\"ImageObject\",\"inLanguage\":\"es\",\"@id\":\"https:\\\/\\\/www.eldiario.net\\\/portal\\\/2026\\\/03\\\/07\\\/inclusion-financiera-de-mujeres-crece-en-bolivia-2\\\/#primaryimage\",\"url\":\"https:\\\/\\\/www.eldiario.net\\\/portal\\\/wp-content\\\/uploads\\\/2026\\\/03\\\/inclusion-3.webp\",\"contentUrl\":\"https:\\\/\\\/www.eldiario.net\\\/portal\\\/wp-content\\\/uploads\\\/2026\\\/03\\\/inclusion-3.webp\",\"width\":1200,\"height\":800},{\"@type\":\"BreadcrumbList\",\"@id\":\"https:\\\/\\\/www.eldiario.net\\\/portal\\\/2026\\\/03\\\/07\\\/inclusion-financiera-de-mujeres-crece-en-bolivia-2\\\/#breadcrumb\",\"itemListElement\":[{\"@type\":\"ListItem\",\"position\":1,\"name\":\"Portada\",\"item\":\"https:\\\/\\\/www.eldiario.net\\\/portal\\\/\"},{\"@type\":\"ListItem\",\"position\":2,\"name\":\"Inclusi\u00f3n financiera de mujeres crece en Bolivia\"}]},{\"@type\":\"WebSite\",\"@id\":\"https:\\\/\\\/www.eldiario.net\\\/portal\\\/#website\",\"url\":\"https:\\\/\\\/www.eldiario.net\\\/portal\\\/\",\"name\":\"El Diario - Decano de la prensa nacional\",\"description\":\"El Diario - Decano de la prensa nacional\",\"publisher\":{\"@id\":\"https:\\\/\\\/www.eldiario.net\\\/portal\\\/#organization\"},\"potentialAction\":[{\"@type\":\"SearchAction\",\"target\":{\"@type\":\"EntryPoint\",\"urlTemplate\":\"https:\\\/\\\/www.eldiario.net\\\/portal\\\/?s={search_term_string}\"},\"query-input\":{\"@type\":\"PropertyValueSpecification\",\"valueRequired\":true,\"valueName\":\"search_term_string\"}}],\"inLanguage\":\"es\"},{\"@type\":\"Organization\",\"@id\":\"https:\\\/\\\/www.eldiario.net\\\/portal\\\/#organization\",\"name\":\"El Diario - Decano de la prensa nacional\",\"url\":\"https:\\\/\\\/www.eldiario.net\\\/portal\\\/\",\"logo\":{\"@type\":\"ImageObject\",\"inLanguage\":\"es\",\"@id\":\"https:\\\/\\\/www.eldiario.net\\\/portal\\\/#\\\/schema\\\/logo\\\/image\\\/\",\"url\":\"https:\\\/\\\/www.eldiario.net\\\/portal\\\/wp-content\\\/uploads\\\/2023\\\/07\\\/logo_ED.jpg\",\"contentUrl\":\"https:\\\/\\\/www.eldiario.net\\\/portal\\\/wp-content\\\/uploads\\\/2023\\\/07\\\/logo_ED.jpg\",\"width\":272,\"height\":52,\"caption\":\"El Diario - Decano de la prensa nacional\"},\"image\":{\"@id\":\"https:\\\/\\\/www.eldiario.net\\\/portal\\\/#\\\/schema\\\/logo\\\/image\\\/\"},\"sameAs\":[\"https:\\\/\\\/www.facebook.com\\\/eldiario.bolivia\\\/\",\"https:\\\/\\\/x.com\\\/eldiario_net\"]},{\"@type\":\"Person\",\"@id\":\"https:\\\/\\\/www.eldiario.net\\\/portal\\\/#\\\/schema\\\/person\\\/2c57cf2b7a7ae032e449e4c9b1019eac\",\"name\":\"Jeanette\",\"image\":{\"@type\":\"ImageObject\",\"inLanguage\":\"es\",\"@id\":\"https:\\\/\\\/secure.gravatar.com\\\/avatar\\\/3ea2118a5f7dad2b7138b1187a6b7ee55f160b9968b66013c3a3ef39dd7e5798?s=96&d=mm&r=g\",\"url\":\"https:\\\/\\\/secure.gravatar.com\\\/avatar\\\/3ea2118a5f7dad2b7138b1187a6b7ee55f160b9968b66013c3a3ef39dd7e5798?s=96&d=mm&r=g\",\"contentUrl\":\"https:\\\/\\\/secure.gravatar.com\\\/avatar\\\/3ea2118a5f7dad2b7138b1187a6b7ee55f160b9968b66013c3a3ef39dd7e5798?s=96&d=mm&r=g\",\"caption\":\"Jeanette\"},\"sameAs\":[\"https:\\\/\\\/www.eldiario.net\\\/portal\"],\"url\":\"https:\\\/\\\/www.eldiario.net\\\/portal\\\/author\\\/jeanette\\\/\"}]}<\/script>\n<!-- \/ Yoast SEO plugin. -->","yoast_head_json":{"title":"Inclusi\u00f3n financiera de mujeres crece en Bolivia - El Diario - Bolivia","robots":{"index":"index","follow":"follow","max-snippet":"max-snippet:-1","max-image-preview":"max-image-preview:large","max-video-preview":"max-video-preview:-1"},"canonical":"https:\/\/www.eldiario.net\/portal\/2026\/03\/07\/inclusion-financiera-de-mujeres-crece-en-bolivia-2\/","og_locale":"es_ES","og_type":"article","og_title":"Inclusi\u00f3n financiera de mujeres crece en Bolivia - El Diario - Bolivia","og_description":"El \u00edndice de inclusi\u00f3n financiera creci\u00f3 en Bolivia del 12% al 21% entre 2021 y 2025, con mujeres, alcanzando 42 puntos frente a 44 de hombres en el puntaje general del IIF 2025, seg\u00fan el subestudio Brechas de G\u00e9nero presentado por quinto a\u00f1o consecutivo por el Banco de Ideas Credicorp. El Banco de Ideas Credicorp [&hellip;]","og_url":"https:\/\/www.eldiario.net\/portal\/2026\/03\/07\/inclusion-financiera-de-mujeres-crece-en-bolivia-2\/","og_site_name":"El Diario - Bolivia","article_publisher":"https:\/\/www.facebook.com\/eldiario.bolivia\/","article_published_time":"2026-03-07T11:25:42+00:00","og_image":[{"width":1200,"height":800,"url":"https:\/\/www.eldiario.net\/portal\/wp-content\/uploads\/2026\/03\/inclusion-3.webp","type":"image\/webp"}],"author":"Jeanette","twitter_card":"summary_large_image","twitter_creator":"@eldiario_net","twitter_site":"@eldiario_net","twitter_misc":{"Escrito por":"Jeanette","Tiempo de lectura":"4 minutos"},"schema":{"@context":"https:\/\/schema.org","@graph":[{"@type":"Article","@id":"https:\/\/www.eldiario.net\/portal\/2026\/03\/07\/inclusion-financiera-de-mujeres-crece-en-bolivia-2\/#article","isPartOf":{"@id":"https:\/\/www.eldiario.net\/portal\/2026\/03\/07\/inclusion-financiera-de-mujeres-crece-en-bolivia-2\/"},"author":{"name":"Jeanette","@id":"https:\/\/www.eldiario.net\/portal\/#\/schema\/person\/2c57cf2b7a7ae032e449e4c9b1019eac"},"headline":"Inclusi\u00f3n financiera de mujeres crece en Bolivia","datePublished":"2026-03-07T11:25:42+00:00","mainEntityOfPage":{"@id":"https:\/\/www.eldiario.net\/portal\/2026\/03\/07\/inclusion-financiera-de-mujeres-crece-en-bolivia-2\/"},"wordCount":690,"publisher":{"@id":"https:\/\/www.eldiario.net\/portal\/#organization"},"image":{"@id":"https:\/\/www.eldiario.net\/portal\/2026\/03\/07\/inclusion-financiera-de-mujeres-crece-en-bolivia-2\/#primaryimage"},"thumbnailUrl":"https:\/\/www.eldiario.net\/portal\/wp-content\/uploads\/2026\/03\/inclusion-3.webp","articleSection":["Econom\u00eda"],"inLanguage":"es"},{"@type":"WebPage","@id":"https:\/\/www.eldiario.net\/portal\/2026\/03\/07\/inclusion-financiera-de-mujeres-crece-en-bolivia-2\/","url":"https:\/\/www.eldiario.net\/portal\/2026\/03\/07\/inclusion-financiera-de-mujeres-crece-en-bolivia-2\/","name":"Inclusi\u00f3n financiera de mujeres crece en Bolivia - El Diario - Bolivia","isPartOf":{"@id":"https:\/\/www.eldiario.net\/portal\/#website"},"primaryImageOfPage":{"@id":"https:\/\/www.eldiario.net\/portal\/2026\/03\/07\/inclusion-financiera-de-mujeres-crece-en-bolivia-2\/#primaryimage"},"image":{"@id":"https:\/\/www.eldiario.net\/portal\/2026\/03\/07\/inclusion-financiera-de-mujeres-crece-en-bolivia-2\/#primaryimage"},"thumbnailUrl":"https:\/\/www.eldiario.net\/portal\/wp-content\/uploads\/2026\/03\/inclusion-3.webp","datePublished":"2026-03-07T11:25:42+00:00","breadcrumb":{"@id":"https:\/\/www.eldiario.net\/portal\/2026\/03\/07\/inclusion-financiera-de-mujeres-crece-en-bolivia-2\/#breadcrumb"},"inLanguage":"es","potentialAction":[{"@type":"ReadAction","target":["https:\/\/www.eldiario.net\/portal\/2026\/03\/07\/inclusion-financiera-de-mujeres-crece-en-bolivia-2\/"]}]},{"@type":"ImageObject","inLanguage":"es","@id":"https:\/\/www.eldiario.net\/portal\/2026\/03\/07\/inclusion-financiera-de-mujeres-crece-en-bolivia-2\/#primaryimage","url":"https:\/\/www.eldiario.net\/portal\/wp-content\/uploads\/2026\/03\/inclusion-3.webp","contentUrl":"https:\/\/www.eldiario.net\/portal\/wp-content\/uploads\/2026\/03\/inclusion-3.webp","width":1200,"height":800},{"@type":"BreadcrumbList","@id":"https:\/\/www.eldiario.net\/portal\/2026\/03\/07\/inclusion-financiera-de-mujeres-crece-en-bolivia-2\/#breadcrumb","itemListElement":[{"@type":"ListItem","position":1,"name":"Portada","item":"https:\/\/www.eldiario.net\/portal\/"},{"@type":"ListItem","position":2,"name":"Inclusi\u00f3n financiera de mujeres crece en Bolivia"}]},{"@type":"WebSite","@id":"https:\/\/www.eldiario.net\/portal\/#website","url":"https:\/\/www.eldiario.net\/portal\/","name":"El Diario - Decano de la prensa nacional","description":"El Diario - Decano de la prensa nacional","publisher":{"@id":"https:\/\/www.eldiario.net\/portal\/#organization"},"potentialAction":[{"@type":"SearchAction","target":{"@type":"EntryPoint","urlTemplate":"https:\/\/www.eldiario.net\/portal\/?s={search_term_string}"},"query-input":{"@type":"PropertyValueSpecification","valueRequired":true,"valueName":"search_term_string"}}],"inLanguage":"es"},{"@type":"Organization","@id":"https:\/\/www.eldiario.net\/portal\/#organization","name":"El Diario - Decano de la prensa nacional","url":"https:\/\/www.eldiario.net\/portal\/","logo":{"@type":"ImageObject","inLanguage":"es","@id":"https:\/\/www.eldiario.net\/portal\/#\/schema\/logo\/image\/","url":"https:\/\/www.eldiario.net\/portal\/wp-content\/uploads\/2023\/07\/logo_ED.jpg","contentUrl":"https:\/\/www.eldiario.net\/portal\/wp-content\/uploads\/2023\/07\/logo_ED.jpg","width":272,"height":52,"caption":"El Diario - Decano de la prensa nacional"},"image":{"@id":"https:\/\/www.eldiario.net\/portal\/#\/schema\/logo\/image\/"},"sameAs":["https:\/\/www.facebook.com\/eldiario.bolivia\/","https:\/\/x.com\/eldiario_net"]},{"@type":"Person","@id":"https:\/\/www.eldiario.net\/portal\/#\/schema\/person\/2c57cf2b7a7ae032e449e4c9b1019eac","name":"Jeanette","image":{"@type":"ImageObject","inLanguage":"es","@id":"https:\/\/secure.gravatar.com\/avatar\/3ea2118a5f7dad2b7138b1187a6b7ee55f160b9968b66013c3a3ef39dd7e5798?s=96&d=mm&r=g","url":"https:\/\/secure.gravatar.com\/avatar\/3ea2118a5f7dad2b7138b1187a6b7ee55f160b9968b66013c3a3ef39dd7e5798?s=96&d=mm&r=g","contentUrl":"https:\/\/secure.gravatar.com\/avatar\/3ea2118a5f7dad2b7138b1187a6b7ee55f160b9968b66013c3a3ef39dd7e5798?s=96&d=mm&r=g","caption":"Jeanette"},"sameAs":["https:\/\/www.eldiario.net\/portal"],"url":"https:\/\/www.eldiario.net\/portal\/author\/jeanette\/"}]}},"_links":{"self":[{"href":"https:\/\/www.eldiario.net\/portal\/wp-json\/wp\/v2\/posts\/374062","targetHints":{"allow":["GET"]}}],"collection":[{"href":"https:\/\/www.eldiario.net\/portal\/wp-json\/wp\/v2\/posts"}],"about":[{"href":"https:\/\/www.eldiario.net\/portal\/wp-json\/wp\/v2\/types\/post"}],"author":[{"embeddable":true,"href":"https:\/\/www.eldiario.net\/portal\/wp-json\/wp\/v2\/users\/1"}],"replies":[{"embeddable":true,"href":"https:\/\/www.eldiario.net\/portal\/wp-json\/wp\/v2\/comments?post=374062"}],"version-history":[{"count":1,"href":"https:\/\/www.eldiario.net\/portal\/wp-json\/wp\/v2\/posts\/374062\/revisions"}],"predecessor-version":[{"id":374064,"href":"https:\/\/www.eldiario.net\/portal\/wp-json\/wp\/v2\/posts\/374062\/revisions\/374064"}],"wp:featuredmedia":[{"embeddable":true,"href":"https:\/\/www.eldiario.net\/portal\/wp-json\/wp\/v2\/media\/374063"}],"wp:attachment":[{"href":"https:\/\/www.eldiario.net\/portal\/wp-json\/wp\/v2\/media?parent=374062"}],"wp:term":[{"taxonomy":"category","embeddable":true,"href":"https:\/\/www.eldiario.net\/portal\/wp-json\/wp\/v2\/categories?post=374062"},{"taxonomy":"post_tag","embeddable":true,"href":"https:\/\/www.eldiario.net\/portal\/wp-json\/wp\/v2\/tags?post=374062"}],"curies":[{"name":"wp","href":"https:\/\/api.w.org\/{rel}","templated":true}]}}