{"id":374059,"date":"2026-03-07T07:24:54","date_gmt":"2026-03-07T11:24:54","guid":{"rendered":"https:\/\/www.eldiario.net\/portal\/?p=374059"},"modified":"2026-03-07T07:24:54","modified_gmt":"2026-03-07T11:24:54","slug":"bcb-descarta-legalizar-billetes-pero-la-asamblea-tiene-la-ultima-palabra","status":"publish","type":"post","link":"https:\/\/www.eldiario.net\/portal\/2026\/03\/07\/bcb-descarta-legalizar-billetes-pero-la-asamblea-tiene-la-ultima-palabra\/","title":{"rendered":"BCB descarta legalizar billetes; pero  la Asamblea tiene la \u00faltima palabra"},"content":{"rendered":"<p>En un informe ante el Senado, el presidente del Banco Central de Bolivia (BCB), David Espinoza, descart\u00f3 que el ente emisor vaya a convalidar la circulaci\u00f3n de los billetes sustra\u00eddos tras el siniestro a\u00e9reo de la semana pasada en El Alto. Sin embargo, aclar\u00f3 que esto debe reflexionarse y que tal vez podr\u00eda hacerse mediante la Asamblea Legislativa Plurinacional (ALP).<br \/>\nTras la declaraci\u00f3n del presidente del BCB, el diputado Carlos Alarc\u00f3n de alianza Unidad critic\u00f3 la posici\u00f3n de la autoridad y conmin\u00f3 a asumir su responsabilidad y tareas para el que fue elegido.<br \/>\nEl presidente del BCB afirm\u00f3 que la entidad no puede legalizar los billetes robados en el accidente a\u00e9reo del viernes 27 de febrero, pero inst\u00f3 a buscar una soluci\u00f3n \u201centre todos\u201d y reflexion\u00f3 sobre la posibilidad de que la Asamblea Legislativa \u201ctal vez\u201d considere el tema.<br \/>\nLa autoridad monetaria formul\u00f3 ese criterio durante el informe oral que present\u00f3 el jueves 5 de marzo en el Senado.<br \/>\nEspinoza dijo: \u201cLes digo con toda sinceridad y tambi\u00e9n la del Directorio del banco: no podemos legalizar robos, no podemos legalizar algo que es ilegal. Puede ser una circunstancia que nos ayude a que ya toda la Serie B empiece a circular. Pero esa deber\u00eda ser una reflexi\u00f3n entre todos. El Banco Central, dentro de sus potestades, no podr\u00eda hacer eso. Otras instancias tal vez puedan hacerlo, tal vez en instancias parlamentarias\u201d.<br \/>\nPetici\u00f3n<br \/>\nEspinoza respondi\u00f3 primero a una Petici\u00f3n de Informe Oral (PIO) referida a tres temas: los cr\u00e9ditos otorgados al Tesoro General de la Naci\u00f3n (TGN), la situaci\u00f3n de las Reservas Internacionales \u2014incluidas las reservas de oro\u2014 y los pr\u00e9stamos concedidos en a\u00f1os anteriores a empresas p\u00fablicas.<br \/>\nLa autoridad present\u00f3 informaci\u00f3n actualizada hasta febrero y marzo de 2026 sobre estas operaciones financieras y su marco legal. Posteriormente, ofreci\u00f3 un informe sobre el accidente del avi\u00f3n H\u00e9rcules C-130, siniestrado el viernes 27 de febrero, con un cargamento de billetes de los cortes de 10, 20 y 50 bolivianos de la Serie B, y las decisiones t\u00e9cnicas adoptadas tras el accidente y posterior saqueo de la carga, generando problemas en la circulaci\u00f3n de billetes.<br \/>\nEl embarque correspond\u00eda al d\u00e9cimo lote del contrato suscrito en enero de 2025 con la empresa Crane Currency Malta Limited, de 17,1 millones de piezas, equivalentes a 423 millones de bolivianos.<br \/>\nProyecto de Ley<br \/>\nAlarc\u00f3n lament\u00f3 que el presidente del BCB use el pretexto falso de que si legaliza la serie de los billetes del siniestro estar\u00eda legitimando el robo y el hurto ocurrido el viernes 27 de febrero.<br \/>\nSostuvo que en ning\u00fan pa\u00eds del mundo un billete robado deja de circular. Por ello exigi\u00f3 a la autoridad a asumir su rol.<br \/>\nEntretanto, ayer present\u00f3 un proyecto de ley que busca legalizar todos los cortes de billetes de la Serie B emitidos por el Banco Central de Bolivia.<br \/>\nComo se recordar\u00e1 la circulaci\u00f3n de los billetes de la Serie B est\u00e1 autorizado, excepto los de la serie B sustra\u00eddos del avi\u00f3n siniestrado, cuya recuperaci\u00f3n tomar\u00e1 su tiempo.<br \/>\n\u201cHe solicitado que se trate con dispensaci\u00f3n de informe de comisi\u00f3n&#8230; con sesi\u00f3n por tiempo y materia, y con votaci\u00f3n de urgencia, para que pueda debatirse en la pr\u00f3xima sesi\u00f3n de la C\u00e1mara de Diputados\u201d, afirm\u00f3 el legislador.<br \/>\nSeg\u00fan Alarc\u00f3n la norma no ampara el hurto ni el robo de los billetes sustra\u00eddos durante el siniestro del avi\u00f3n que los transportaba, y que no exime la responsabilidad penal o civil derivada de estos u otros delitos relacionados.<br \/>\n\u201cComo legislador, asumo mis responsabilidades y busco atender las necesidades y preocupaciones de la ciudadan\u00eda, por eso present\u00e9 este proyecto de ley\u201d, indic\u00f3.<br \/>\nEl proyecto, denominado \u201cCurso Legal de los Billetes de la Serie B\u201d, consta de tres art\u00edculos y tiene como objetivo garantizar la circulaci\u00f3n legal de todos los billetes de esta serie, sin excepci\u00f3n alguna, emitidos por el Banco Central de Bolivia.<\/p>\n","protected":false},"excerpt":{"rendered":"<p>En un informe ante el Senado, el presidente del Banco Central de Bolivia (BCB), David Espinoza, descart\u00f3 que el ente emisor vaya a convalidar la circulaci\u00f3n de los billetes sustra\u00eddos tras el siniestro a\u00e9reo de la semana pasada en El Alto. Sin embargo, aclar\u00f3 que esto debe reflexionarse y que tal vez podr\u00eda hacerse mediante [&hellip;]<\/p>\n","protected":false},"author":1,"featured_media":374060,"comment_status":"closed","ping_status":"open","sticky":false,"template":"","format":"standard","meta":{"_acf_changed":false,"footnotes":""},"categories":[7],"tags":[],"class_list":["post-374059","post","type-post","status-publish","format-standard","has-post-thumbnail","category-economia"],"acf":{"antetitulo":"Serie B"},"yoast_head":"<!-- This site is optimized with the Yoast SEO plugin v28.4 - https:\/\/yoast.com\/product\/yoast-seo-wordpress\/ -->\n<title>BCB descarta legalizar billetes; pero la Asamblea tiene la \u00faltima palabra - El Diario - Bolivia<\/title>\n<meta name=\"robots\" content=\"index, follow, max-snippet:-1, max-image-preview:large, max-video-preview:-1\" \/>\n<link rel=\"canonical\" href=\"https:\/\/www.eldiario.net\/portal\/2026\/03\/07\/bcb-descarta-legalizar-billetes-pero-la-asamblea-tiene-la-ultima-palabra\/\" \/>\n<meta property=\"og:locale\" content=\"es_ES\" \/>\n<meta property=\"og:type\" content=\"article\" \/>\n<meta property=\"og:title\" content=\"BCB descarta legalizar billetes; pero la Asamblea tiene la \u00faltima palabra - El Diario - Bolivia\" \/>\n<meta property=\"og:description\" content=\"En un informe ante el Senado, el presidente del Banco Central de Bolivia (BCB), David Espinoza, descart\u00f3 que el ente emisor vaya a convalidar la circulaci\u00f3n de los billetes sustra\u00eddos tras el siniestro a\u00e9reo de la semana pasada en El Alto. Sin embargo, aclar\u00f3 que esto debe reflexionarse y que tal vez podr\u00eda hacerse mediante [&hellip;]\" \/>\n<meta property=\"og:url\" content=\"https:\/\/www.eldiario.net\/portal\/2026\/03\/07\/bcb-descarta-legalizar-billetes-pero-la-asamblea-tiene-la-ultima-palabra\/\" \/>\n<meta property=\"og:site_name\" content=\"El Diario - Bolivia\" \/>\n<meta property=\"article:publisher\" content=\"https:\/\/www.facebook.com\/eldiario.bolivia\/\" \/>\n<meta property=\"article:published_time\" content=\"2026-03-07T11:24:54+00:00\" \/>\n<meta property=\"og:image\" content=\"https:\/\/www.eldiario.net\/portal\/wp-content\/uploads\/2026\/03\/serie.webp\" \/>\n\t<meta property=\"og:image:width\" content=\"1024\" \/>\n\t<meta property=\"og:image:height\" content=\"682\" \/>\n\t<meta property=\"og:image:type\" content=\"image\/webp\" \/>\n<meta name=\"author\" content=\"Jeanette\" \/>\n<meta name=\"twitter:card\" content=\"summary_large_image\" \/>\n<meta name=\"twitter:creator\" content=\"@eldiario_net\" \/>\n<meta name=\"twitter:site\" content=\"@eldiario_net\" \/>\n<meta name=\"twitter:label1\" content=\"Escrito por\" \/>\n\t<meta name=\"twitter:data1\" content=\"Jeanette\" \/>\n\t<meta name=\"twitter:label2\" content=\"Tiempo de lectura\" \/>\n\t<meta name=\"twitter:data2\" content=\"4 minutos\" \/>\n<script type=\"application\/ld+json\" class=\"yoast-schema-graph\">{\"@context\":\"https:\\\/\\\/schema.org\",\"@graph\":[{\"@type\":\"Article\",\"@id\":\"https:\\\/\\\/www.eldiario.net\\\/portal\\\/2026\\\/03\\\/07\\\/bcb-descarta-legalizar-billetes-pero-la-asamblea-tiene-la-ultima-palabra\\\/#article\",\"isPartOf\":{\"@id\":\"https:\\\/\\\/www.eldiario.net\\\/portal\\\/2026\\\/03\\\/07\\\/bcb-descarta-legalizar-billetes-pero-la-asamblea-tiene-la-ultima-palabra\\\/\"},\"author\":{\"name\":\"Jeanette\",\"@id\":\"https:\\\/\\\/www.eldiario.net\\\/portal\\\/#\\\/schema\\\/person\\\/2c57cf2b7a7ae032e449e4c9b1019eac\"},\"headline\":\"BCB descarta legalizar billetes; pero la Asamblea tiene la \u00faltima palabra\",\"datePublished\":\"2026-03-07T11:24:54+00:00\",\"mainEntityOfPage\":{\"@id\":\"https:\\\/\\\/www.eldiario.net\\\/portal\\\/2026\\\/03\\\/07\\\/bcb-descarta-legalizar-billetes-pero-la-asamblea-tiene-la-ultima-palabra\\\/\"},\"wordCount\":691,\"publisher\":{\"@id\":\"https:\\\/\\\/www.eldiario.net\\\/portal\\\/#organization\"},\"image\":{\"@id\":\"https:\\\/\\\/www.eldiario.net\\\/portal\\\/2026\\\/03\\\/07\\\/bcb-descarta-legalizar-billetes-pero-la-asamblea-tiene-la-ultima-palabra\\\/#primaryimage\"},\"thumbnailUrl\":\"https:\\\/\\\/www.eldiario.net\\\/portal\\\/wp-content\\\/uploads\\\/2026\\\/03\\\/serie.webp\",\"articleSection\":[\"Econom\u00eda\"],\"inLanguage\":\"es\"},{\"@type\":\"WebPage\",\"@id\":\"https:\\\/\\\/www.eldiario.net\\\/portal\\\/2026\\\/03\\\/07\\\/bcb-descarta-legalizar-billetes-pero-la-asamblea-tiene-la-ultima-palabra\\\/\",\"url\":\"https:\\\/\\\/www.eldiario.net\\\/portal\\\/2026\\\/03\\\/07\\\/bcb-descarta-legalizar-billetes-pero-la-asamblea-tiene-la-ultima-palabra\\\/\",\"name\":\"BCB descarta legalizar billetes; pero la Asamblea tiene la \u00faltima palabra - El Diario - Bolivia\",\"isPartOf\":{\"@id\":\"https:\\\/\\\/www.eldiario.net\\\/portal\\\/#website\"},\"primaryImageOfPage\":{\"@id\":\"https:\\\/\\\/www.eldiario.net\\\/portal\\\/2026\\\/03\\\/07\\\/bcb-descarta-legalizar-billetes-pero-la-asamblea-tiene-la-ultima-palabra\\\/#primaryimage\"},\"image\":{\"@id\":\"https:\\\/\\\/www.eldiario.net\\\/portal\\\/2026\\\/03\\\/07\\\/bcb-descarta-legalizar-billetes-pero-la-asamblea-tiene-la-ultima-palabra\\\/#primaryimage\"},\"thumbnailUrl\":\"https:\\\/\\\/www.eldiario.net\\\/portal\\\/wp-content\\\/uploads\\\/2026\\\/03\\\/serie.webp\",\"datePublished\":\"2026-03-07T11:24:54+00:00\",\"breadcrumb\":{\"@id\":\"https:\\\/\\\/www.eldiario.net\\\/portal\\\/2026\\\/03\\\/07\\\/bcb-descarta-legalizar-billetes-pero-la-asamblea-tiene-la-ultima-palabra\\\/#breadcrumb\"},\"inLanguage\":\"es\",\"potentialAction\":[{\"@type\":\"ReadAction\",\"target\":[\"https:\\\/\\\/www.eldiario.net\\\/portal\\\/2026\\\/03\\\/07\\\/bcb-descarta-legalizar-billetes-pero-la-asamblea-tiene-la-ultima-palabra\\\/\"]}]},{\"@type\":\"ImageObject\",\"inLanguage\":\"es\",\"@id\":\"https:\\\/\\\/www.eldiario.net\\\/portal\\\/2026\\\/03\\\/07\\\/bcb-descarta-legalizar-billetes-pero-la-asamblea-tiene-la-ultima-palabra\\\/#primaryimage\",\"url\":\"https:\\\/\\\/www.eldiario.net\\\/portal\\\/wp-content\\\/uploads\\\/2026\\\/03\\\/serie.webp\",\"contentUrl\":\"https:\\\/\\\/www.eldiario.net\\\/portal\\\/wp-content\\\/uploads\\\/2026\\\/03\\\/serie.webp\",\"width\":1024,\"height\":682},{\"@type\":\"BreadcrumbList\",\"@id\":\"https:\\\/\\\/www.eldiario.net\\\/portal\\\/2026\\\/03\\\/07\\\/bcb-descarta-legalizar-billetes-pero-la-asamblea-tiene-la-ultima-palabra\\\/#breadcrumb\",\"itemListElement\":[{\"@type\":\"ListItem\",\"position\":1,\"name\":\"Portada\",\"item\":\"https:\\\/\\\/www.eldiario.net\\\/portal\\\/\"},{\"@type\":\"ListItem\",\"position\":2,\"name\":\"BCB descarta legalizar billetes; pero la Asamblea tiene la \u00faltima palabra\"}]},{\"@type\":\"WebSite\",\"@id\":\"https:\\\/\\\/www.eldiario.net\\\/portal\\\/#website\",\"url\":\"https:\\\/\\\/www.eldiario.net\\\/portal\\\/\",\"name\":\"El Diario - Decano de la prensa nacional\",\"description\":\"El Diario - Decano de la prensa nacional\",\"publisher\":{\"@id\":\"https:\\\/\\\/www.eldiario.net\\\/portal\\\/#organization\"},\"potentialAction\":[{\"@type\":\"SearchAction\",\"target\":{\"@type\":\"EntryPoint\",\"urlTemplate\":\"https:\\\/\\\/www.eldiario.net\\\/portal\\\/?s={search_term_string}\"},\"query-input\":{\"@type\":\"PropertyValueSpecification\",\"valueRequired\":true,\"valueName\":\"search_term_string\"}}],\"inLanguage\":\"es\"},{\"@type\":\"Organization\",\"@id\":\"https:\\\/\\\/www.eldiario.net\\\/portal\\\/#organization\",\"name\":\"El Diario - Decano de la prensa nacional\",\"url\":\"https:\\\/\\\/www.eldiario.net\\\/portal\\\/\",\"logo\":{\"@type\":\"ImageObject\",\"inLanguage\":\"es\",\"@id\":\"https:\\\/\\\/www.eldiario.net\\\/portal\\\/#\\\/schema\\\/logo\\\/image\\\/\",\"url\":\"https:\\\/\\\/www.eldiario.net\\\/portal\\\/wp-content\\\/uploads\\\/2023\\\/07\\\/logo_ED.jpg\",\"contentUrl\":\"https:\\\/\\\/www.eldiario.net\\\/portal\\\/wp-content\\\/uploads\\\/2023\\\/07\\\/logo_ED.jpg\",\"width\":272,\"height\":52,\"caption\":\"El Diario - Decano de la prensa nacional\"},\"image\":{\"@id\":\"https:\\\/\\\/www.eldiario.net\\\/portal\\\/#\\\/schema\\\/logo\\\/image\\\/\"},\"sameAs\":[\"https:\\\/\\\/www.facebook.com\\\/eldiario.bolivia\\\/\",\"https:\\\/\\\/x.com\\\/eldiario_net\"]},{\"@type\":\"Person\",\"@id\":\"https:\\\/\\\/www.eldiario.net\\\/portal\\\/#\\\/schema\\\/person\\\/2c57cf2b7a7ae032e449e4c9b1019eac\",\"name\":\"Jeanette\",\"image\":{\"@type\":\"ImageObject\",\"inLanguage\":\"es\",\"@id\":\"https:\\\/\\\/secure.gravatar.com\\\/avatar\\\/3ea2118a5f7dad2b7138b1187a6b7ee55f160b9968b66013c3a3ef39dd7e5798?s=96&d=mm&r=g\",\"url\":\"https:\\\/\\\/secure.gravatar.com\\\/avatar\\\/3ea2118a5f7dad2b7138b1187a6b7ee55f160b9968b66013c3a3ef39dd7e5798?s=96&d=mm&r=g\",\"contentUrl\":\"https:\\\/\\\/secure.gravatar.com\\\/avatar\\\/3ea2118a5f7dad2b7138b1187a6b7ee55f160b9968b66013c3a3ef39dd7e5798?s=96&d=mm&r=g\",\"caption\":\"Jeanette\"},\"sameAs\":[\"https:\\\/\\\/www.eldiario.net\\\/portal\"],\"url\":\"https:\\\/\\\/www.eldiario.net\\\/portal\\\/author\\\/jeanette\\\/\"}]}<\/script>\n<!-- \/ Yoast SEO plugin. -->","yoast_head_json":{"title":"BCB descarta legalizar billetes; pero la Asamblea tiene la \u00faltima palabra - El Diario - Bolivia","robots":{"index":"index","follow":"follow","max-snippet":"max-snippet:-1","max-image-preview":"max-image-preview:large","max-video-preview":"max-video-preview:-1"},"canonical":"https:\/\/www.eldiario.net\/portal\/2026\/03\/07\/bcb-descarta-legalizar-billetes-pero-la-asamblea-tiene-la-ultima-palabra\/","og_locale":"es_ES","og_type":"article","og_title":"BCB descarta legalizar billetes; pero la Asamblea tiene la \u00faltima palabra - El Diario - Bolivia","og_description":"En un informe ante el Senado, el presidente del Banco Central de Bolivia (BCB), David Espinoza, descart\u00f3 que el ente emisor vaya a convalidar la circulaci\u00f3n de los billetes sustra\u00eddos tras el siniestro a\u00e9reo de la semana pasada en El Alto. Sin embargo, aclar\u00f3 que esto debe reflexionarse y que tal vez podr\u00eda hacerse mediante [&hellip;]","og_url":"https:\/\/www.eldiario.net\/portal\/2026\/03\/07\/bcb-descarta-legalizar-billetes-pero-la-asamblea-tiene-la-ultima-palabra\/","og_site_name":"El Diario - Bolivia","article_publisher":"https:\/\/www.facebook.com\/eldiario.bolivia\/","article_published_time":"2026-03-07T11:24:54+00:00","og_image":[{"width":1024,"height":682,"url":"https:\/\/www.eldiario.net\/portal\/wp-content\/uploads\/2026\/03\/serie.webp","type":"image\/webp"}],"author":"Jeanette","twitter_card":"summary_large_image","twitter_creator":"@eldiario_net","twitter_site":"@eldiario_net","twitter_misc":{"Escrito por":"Jeanette","Tiempo de lectura":"4 minutos"},"schema":{"@context":"https:\/\/schema.org","@graph":[{"@type":"Article","@id":"https:\/\/www.eldiario.net\/portal\/2026\/03\/07\/bcb-descarta-legalizar-billetes-pero-la-asamblea-tiene-la-ultima-palabra\/#article","isPartOf":{"@id":"https:\/\/www.eldiario.net\/portal\/2026\/03\/07\/bcb-descarta-legalizar-billetes-pero-la-asamblea-tiene-la-ultima-palabra\/"},"author":{"name":"Jeanette","@id":"https:\/\/www.eldiario.net\/portal\/#\/schema\/person\/2c57cf2b7a7ae032e449e4c9b1019eac"},"headline":"BCB descarta legalizar billetes; pero la Asamblea tiene la \u00faltima palabra","datePublished":"2026-03-07T11:24:54+00:00","mainEntityOfPage":{"@id":"https:\/\/www.eldiario.net\/portal\/2026\/03\/07\/bcb-descarta-legalizar-billetes-pero-la-asamblea-tiene-la-ultima-palabra\/"},"wordCount":691,"publisher":{"@id":"https:\/\/www.eldiario.net\/portal\/#organization"},"image":{"@id":"https:\/\/www.eldiario.net\/portal\/2026\/03\/07\/bcb-descarta-legalizar-billetes-pero-la-asamblea-tiene-la-ultima-palabra\/#primaryimage"},"thumbnailUrl":"https:\/\/www.eldiario.net\/portal\/wp-content\/uploads\/2026\/03\/serie.webp","articleSection":["Econom\u00eda"],"inLanguage":"es"},{"@type":"WebPage","@id":"https:\/\/www.eldiario.net\/portal\/2026\/03\/07\/bcb-descarta-legalizar-billetes-pero-la-asamblea-tiene-la-ultima-palabra\/","url":"https:\/\/www.eldiario.net\/portal\/2026\/03\/07\/bcb-descarta-legalizar-billetes-pero-la-asamblea-tiene-la-ultima-palabra\/","name":"BCB descarta legalizar billetes; pero la Asamblea tiene la \u00faltima palabra - El Diario - Bolivia","isPartOf":{"@id":"https:\/\/www.eldiario.net\/portal\/#website"},"primaryImageOfPage":{"@id":"https:\/\/www.eldiario.net\/portal\/2026\/03\/07\/bcb-descarta-legalizar-billetes-pero-la-asamblea-tiene-la-ultima-palabra\/#primaryimage"},"image":{"@id":"https:\/\/www.eldiario.net\/portal\/2026\/03\/07\/bcb-descarta-legalizar-billetes-pero-la-asamblea-tiene-la-ultima-palabra\/#primaryimage"},"thumbnailUrl":"https:\/\/www.eldiario.net\/portal\/wp-content\/uploads\/2026\/03\/serie.webp","datePublished":"2026-03-07T11:24:54+00:00","breadcrumb":{"@id":"https:\/\/www.eldiario.net\/portal\/2026\/03\/07\/bcb-descarta-legalizar-billetes-pero-la-asamblea-tiene-la-ultima-palabra\/#breadcrumb"},"inLanguage":"es","potentialAction":[{"@type":"ReadAction","target":["https:\/\/www.eldiario.net\/portal\/2026\/03\/07\/bcb-descarta-legalizar-billetes-pero-la-asamblea-tiene-la-ultima-palabra\/"]}]},{"@type":"ImageObject","inLanguage":"es","@id":"https:\/\/www.eldiario.net\/portal\/2026\/03\/07\/bcb-descarta-legalizar-billetes-pero-la-asamblea-tiene-la-ultima-palabra\/#primaryimage","url":"https:\/\/www.eldiario.net\/portal\/wp-content\/uploads\/2026\/03\/serie.webp","contentUrl":"https:\/\/www.eldiario.net\/portal\/wp-content\/uploads\/2026\/03\/serie.webp","width":1024,"height":682},{"@type":"BreadcrumbList","@id":"https:\/\/www.eldiario.net\/portal\/2026\/03\/07\/bcb-descarta-legalizar-billetes-pero-la-asamblea-tiene-la-ultima-palabra\/#breadcrumb","itemListElement":[{"@type":"ListItem","position":1,"name":"Portada","item":"https:\/\/www.eldiario.net\/portal\/"},{"@type":"ListItem","position":2,"name":"BCB descarta legalizar billetes; pero la Asamblea tiene la \u00faltima palabra"}]},{"@type":"WebSite","@id":"https:\/\/www.eldiario.net\/portal\/#website","url":"https:\/\/www.eldiario.net\/portal\/","name":"El Diario - Decano de la prensa nacional","description":"El Diario - Decano de la prensa nacional","publisher":{"@id":"https:\/\/www.eldiario.net\/portal\/#organization"},"potentialAction":[{"@type":"SearchAction","target":{"@type":"EntryPoint","urlTemplate":"https:\/\/www.eldiario.net\/portal\/?s={search_term_string}"},"query-input":{"@type":"PropertyValueSpecification","valueRequired":true,"valueName":"search_term_string"}}],"inLanguage":"es"},{"@type":"Organization","@id":"https:\/\/www.eldiario.net\/portal\/#organization","name":"El Diario - Decano de la prensa nacional","url":"https:\/\/www.eldiario.net\/portal\/","logo":{"@type":"ImageObject","inLanguage":"es","@id":"https:\/\/www.eldiario.net\/portal\/#\/schema\/logo\/image\/","url":"https:\/\/www.eldiario.net\/portal\/wp-content\/uploads\/2023\/07\/logo_ED.jpg","contentUrl":"https:\/\/www.eldiario.net\/portal\/wp-content\/uploads\/2023\/07\/logo_ED.jpg","width":272,"height":52,"caption":"El Diario - Decano de la prensa nacional"},"image":{"@id":"https:\/\/www.eldiario.net\/portal\/#\/schema\/logo\/image\/"},"sameAs":["https:\/\/www.facebook.com\/eldiario.bolivia\/","https:\/\/x.com\/eldiario_net"]},{"@type":"Person","@id":"https:\/\/www.eldiario.net\/portal\/#\/schema\/person\/2c57cf2b7a7ae032e449e4c9b1019eac","name":"Jeanette","image":{"@type":"ImageObject","inLanguage":"es","@id":"https:\/\/secure.gravatar.com\/avatar\/3ea2118a5f7dad2b7138b1187a6b7ee55f160b9968b66013c3a3ef39dd7e5798?s=96&d=mm&r=g","url":"https:\/\/secure.gravatar.com\/avatar\/3ea2118a5f7dad2b7138b1187a6b7ee55f160b9968b66013c3a3ef39dd7e5798?s=96&d=mm&r=g","contentUrl":"https:\/\/secure.gravatar.com\/avatar\/3ea2118a5f7dad2b7138b1187a6b7ee55f160b9968b66013c3a3ef39dd7e5798?s=96&d=mm&r=g","caption":"Jeanette"},"sameAs":["https:\/\/www.eldiario.net\/portal"],"url":"https:\/\/www.eldiario.net\/portal\/author\/jeanette\/"}]}},"_links":{"self":[{"href":"https:\/\/www.eldiario.net\/portal\/wp-json\/wp\/v2\/posts\/374059","targetHints":{"allow":["GET"]}}],"collection":[{"href":"https:\/\/www.eldiario.net\/portal\/wp-json\/wp\/v2\/posts"}],"about":[{"href":"https:\/\/www.eldiario.net\/portal\/wp-json\/wp\/v2\/types\/post"}],"author":[{"embeddable":true,"href":"https:\/\/www.eldiario.net\/portal\/wp-json\/wp\/v2\/users\/1"}],"replies":[{"embeddable":true,"href":"https:\/\/www.eldiario.net\/portal\/wp-json\/wp\/v2\/comments?post=374059"}],"version-history":[{"count":1,"href":"https:\/\/www.eldiario.net\/portal\/wp-json\/wp\/v2\/posts\/374059\/revisions"}],"predecessor-version":[{"id":374061,"href":"https:\/\/www.eldiario.net\/portal\/wp-json\/wp\/v2\/posts\/374059\/revisions\/374061"}],"wp:featuredmedia":[{"embeddable":true,"href":"https:\/\/www.eldiario.net\/portal\/wp-json\/wp\/v2\/media\/374060"}],"wp:attachment":[{"href":"https:\/\/www.eldiario.net\/portal\/wp-json\/wp\/v2\/media?parent=374059"}],"wp:term":[{"taxonomy":"category","embeddable":true,"href":"https:\/\/www.eldiario.net\/portal\/wp-json\/wp\/v2\/categories?post=374059"},{"taxonomy":"post_tag","embeddable":true,"href":"https:\/\/www.eldiario.net\/portal\/wp-json\/wp\/v2\/tags?post=374059"}],"curies":[{"name":"wp","href":"https:\/\/api.w.org\/{rel}","templated":true}]}}