{"id":374054,"date":"2026-03-07T07:23:17","date_gmt":"2026-03-07T11:23:17","guid":{"rendered":"https:\/\/www.eldiario.net\/portal\/?p=374054"},"modified":"2026-03-07T07:23:17","modified_gmt":"2026-03-07T11:23:17","slug":"bm-aprueba-us-200-millones-para-fortalecer-sistema-de-proteccion-social","status":"publish","type":"post","link":"https:\/\/www.eldiario.net\/portal\/2026\/03\/07\/bm-aprueba-us-200-millones-para-fortalecer-sistema-de-proteccion-social\/","title":{"rendered":"BM aprueba $us 200 millones para fortalecer sistema de protecci\u00f3n social"},"content":{"rendered":"<p>El Directorio Ejecutivo del Grupo Banco Mundial (BM) aprob\u00f3 hoy un pr\u00e9stamo de 200 millones de d\u00f3lares para apoyar los esfuerzos del Estado Plurinacional de Bolivia, orientados a proteger a los hogares m\u00e1s afectados por la crisis econ\u00f3mica y a fortalecer su sistema nacional de protecci\u00f3n social, haci\u00e9ndolo m\u00e1s eficaz, eficiente y preparado para futuras emergencias.<br \/>\nEl financiamiento respalda el dise\u00f1o e implementaci\u00f3n del Programa Extraordinario de Protecci\u00f3n y Equidad (PEPE), un apoyo econ\u00f3mico temporal del Estado dise\u00f1ado para resguardar la econom\u00eda de las familias m\u00e1s vulnerables que enfrentan aumentos de precios e impacto en sus ingresos.<br \/>\nSe espera que el programa beneficie directa e indirectamente a ocho millones de personas, incluidos adultos mayores sin pensi\u00f3n contributiva, personas con discapacidades, familias con hijos en escuelas p\u00fablicas, mujeres embarazadas sin seguro de salud y ni\u00f1os menores de dos a\u00f1os.<br \/>\nEn paralelo, la operaci\u00f3n apoyar\u00e1 los esfuerzos del Gobierno para fortalecer del sistema de protecci\u00f3n social de Bolivia mediante la mejora de la focalizaci\u00f3n, los mecanismos de entrega y la coordinaci\u00f3n interinstitucional. Estas medidas incrementar\u00e1n la eficiencia y la transparencia del gasto p\u00fablico, ayudar\u00e1n a garantizar que el apoyo llegue a los hogares m\u00e1s pobres y vulnerables, y maximizar\u00e1n el impacto de cada boliviano invertido.<br \/>\n\u201cEl Grupo Banco Mundial ha trabajado estrechamente con las nuevas autoridades desde el inicio de su gesti\u00f3n. Este proyecto apoya los esfuerzos de Bolivia para modernizar la entrega de la asistencia social, fortalecer la administraci\u00f3n p\u00fablica y asegurar que los programas sean m\u00e1s eficientes, transparentes y orientados a resultados\u201d, dijo Susana Cordeiro Guerra, Vicepresidenta para Am\u00e9rica Latina y el Caribe del Banco Mundial.<br \/>\n\u201cSeguimos comprometidos a trabajar en colaboraci\u00f3n con el Gobierno para avanzar en sus prioridades de restablecer la estabilidad macroecon\u00f3mica, fortalecer la confianza y la inversi\u00f3n, y fomentar el crecimiento y la creaci\u00f3n de empleo con el liderazgo del sector privado\u201d, sostuvo.<br \/>\nPor su parte, el ministro de Econom\u00eda y Finanzas P\u00fablicas, Gabriel Espinoza, se\u00f1al\u00f3: \u201cEl respaldo del Banco Mundial constituye una se\u00f1al clara de confianza en el proceso de ordenamiento y estabilizaci\u00f3n de la econom\u00eda boliviana, que se lleva adelante en un marco de democracia, institucionalidad y paz social. Este acompa\u00f1amiento es fundamental para fortalecer la protecci\u00f3n social sin dejar a nadie atr\u00e1s, protegiendo a las familias m\u00e1s vulnerables mientras avanzamos hacia una econom\u00eda m\u00e1s productiva&#8230; Con este apoyo, Bolivia avanza en la construcci\u00f3n de las condiciones necesarias para atraer inversi\u00f3n responsable, crear empleo de calidad y promover el bienestar de toda la poblaci\u00f3n\u201d.<\/p>\n<p>&nbsp;<\/p>\n","protected":false},"excerpt":{"rendered":"<p>El Directorio Ejecutivo del Grupo Banco Mundial (BM) aprob\u00f3 hoy un pr\u00e9stamo de 200 millones de d\u00f3lares para apoyar los esfuerzos del Estado Plurinacional de Bolivia, orientados a proteger a los hogares m\u00e1s afectados por la crisis econ\u00f3mica y a fortalecer su sistema nacional de protecci\u00f3n social, haci\u00e9ndolo m\u00e1s eficaz, eficiente y preparado para futuras [&hellip;]<\/p>\n","protected":false},"author":1,"featured_media":194689,"comment_status":"closed","ping_status":"open","sticky":false,"template":"","format":"standard","meta":{"_acf_changed":false,"footnotes":""},"categories":[7],"tags":[],"class_list":["post-374054","post","type-post","status-publish","format-standard","has-post-thumbnail","category-economia"],"acf":{"antetitulo":""},"yoast_head":"<!-- This site is optimized with the Yoast SEO plugin v28.4 - https:\/\/yoast.com\/product\/yoast-seo-wordpress\/ -->\n<title>BM aprueba $us 200 millones para fortalecer sistema de protecci\u00f3n social - El Diario - Bolivia<\/title>\n<meta name=\"robots\" content=\"index, follow, max-snippet:-1, max-image-preview:large, max-video-preview:-1\" \/>\n<link rel=\"canonical\" href=\"https:\/\/www.eldiario.net\/portal\/2026\/03\/07\/bm-aprueba-us-200-millones-para-fortalecer-sistema-de-proteccion-social\/\" \/>\n<meta property=\"og:locale\" content=\"es_ES\" \/>\n<meta property=\"og:type\" content=\"article\" \/>\n<meta property=\"og:title\" content=\"BM aprueba $us 200 millones para fortalecer sistema de protecci\u00f3n social - El Diario - Bolivia\" \/>\n<meta property=\"og:description\" content=\"El Directorio Ejecutivo del Grupo Banco Mundial (BM) aprob\u00f3 hoy un pr\u00e9stamo de 200 millones de d\u00f3lares para apoyar los esfuerzos del Estado Plurinacional de Bolivia, orientados a proteger a los hogares m\u00e1s afectados por la crisis econ\u00f3mica y a fortalecer su sistema nacional de protecci\u00f3n social, haci\u00e9ndolo m\u00e1s eficaz, eficiente y preparado para futuras [&hellip;]\" \/>\n<meta property=\"og:url\" content=\"https:\/\/www.eldiario.net\/portal\/2026\/03\/07\/bm-aprueba-us-200-millones-para-fortalecer-sistema-de-proteccion-social\/\" \/>\n<meta property=\"og:site_name\" content=\"El Diario - Bolivia\" \/>\n<meta property=\"article:publisher\" content=\"https:\/\/www.facebook.com\/eldiario.bolivia\/\" \/>\n<meta property=\"article:published_time\" content=\"2026-03-07T11:23:17+00:00\" \/>\n<meta property=\"og:image\" content=\"https:\/\/www.eldiario.net\/portal\/wp-content\/uploads\/2023\/12\/Economia.jpg\" \/>\n\t<meta property=\"og:image:width\" content=\"800\" \/>\n\t<meta property=\"og:image:height\" content=\"500\" \/>\n\t<meta property=\"og:image:type\" content=\"image\/jpeg\" \/>\n<meta name=\"author\" content=\"Jeanette\" \/>\n<meta name=\"twitter:card\" content=\"summary_large_image\" \/>\n<meta name=\"twitter:creator\" content=\"@eldiario_net\" \/>\n<meta name=\"twitter:site\" content=\"@eldiario_net\" \/>\n<meta name=\"twitter:label1\" content=\"Escrito por\" \/>\n\t<meta name=\"twitter:data1\" content=\"Jeanette\" \/>\n\t<meta name=\"twitter:label2\" content=\"Tiempo de lectura\" \/>\n\t<meta name=\"twitter:data2\" content=\"3 minutos\" \/>\n<script type=\"application\/ld+json\" class=\"yoast-schema-graph\">{\"@context\":\"https:\\\/\\\/schema.org\",\"@graph\":[{\"@type\":\"Article\",\"@id\":\"https:\\\/\\\/www.eldiario.net\\\/portal\\\/2026\\\/03\\\/07\\\/bm-aprueba-us-200-millones-para-fortalecer-sistema-de-proteccion-social\\\/#article\",\"isPartOf\":{\"@id\":\"https:\\\/\\\/www.eldiario.net\\\/portal\\\/2026\\\/03\\\/07\\\/bm-aprueba-us-200-millones-para-fortalecer-sistema-de-proteccion-social\\\/\"},\"author\":{\"name\":\"Jeanette\",\"@id\":\"https:\\\/\\\/www.eldiario.net\\\/portal\\\/#\\\/schema\\\/person\\\/2c57cf2b7a7ae032e449e4c9b1019eac\"},\"headline\":\"BM aprueba $us 200 millones para fortalecer sistema de protecci\u00f3n social\",\"datePublished\":\"2026-03-07T11:23:17+00:00\",\"mainEntityOfPage\":{\"@id\":\"https:\\\/\\\/www.eldiario.net\\\/portal\\\/2026\\\/03\\\/07\\\/bm-aprueba-us-200-millones-para-fortalecer-sistema-de-proteccion-social\\\/\"},\"wordCount\":472,\"publisher\":{\"@id\":\"https:\\\/\\\/www.eldiario.net\\\/portal\\\/#organization\"},\"image\":{\"@id\":\"https:\\\/\\\/www.eldiario.net\\\/portal\\\/2026\\\/03\\\/07\\\/bm-aprueba-us-200-millones-para-fortalecer-sistema-de-proteccion-social\\\/#primaryimage\"},\"thumbnailUrl\":\"https:\\\/\\\/www.eldiario.net\\\/portal\\\/wp-content\\\/uploads\\\/2023\\\/12\\\/Economia.jpg\",\"articleSection\":[\"Econom\u00eda\"],\"inLanguage\":\"es\"},{\"@type\":\"WebPage\",\"@id\":\"https:\\\/\\\/www.eldiario.net\\\/portal\\\/2026\\\/03\\\/07\\\/bm-aprueba-us-200-millones-para-fortalecer-sistema-de-proteccion-social\\\/\",\"url\":\"https:\\\/\\\/www.eldiario.net\\\/portal\\\/2026\\\/03\\\/07\\\/bm-aprueba-us-200-millones-para-fortalecer-sistema-de-proteccion-social\\\/\",\"name\":\"BM aprueba $us 200 millones para fortalecer sistema de protecci\u00f3n social - El Diario - Bolivia\",\"isPartOf\":{\"@id\":\"https:\\\/\\\/www.eldiario.net\\\/portal\\\/#website\"},\"primaryImageOfPage\":{\"@id\":\"https:\\\/\\\/www.eldiario.net\\\/portal\\\/2026\\\/03\\\/07\\\/bm-aprueba-us-200-millones-para-fortalecer-sistema-de-proteccion-social\\\/#primaryimage\"},\"image\":{\"@id\":\"https:\\\/\\\/www.eldiario.net\\\/portal\\\/2026\\\/03\\\/07\\\/bm-aprueba-us-200-millones-para-fortalecer-sistema-de-proteccion-social\\\/#primaryimage\"},\"thumbnailUrl\":\"https:\\\/\\\/www.eldiario.net\\\/portal\\\/wp-content\\\/uploads\\\/2023\\\/12\\\/Economia.jpg\",\"datePublished\":\"2026-03-07T11:23:17+00:00\",\"breadcrumb\":{\"@id\":\"https:\\\/\\\/www.eldiario.net\\\/portal\\\/2026\\\/03\\\/07\\\/bm-aprueba-us-200-millones-para-fortalecer-sistema-de-proteccion-social\\\/#breadcrumb\"},\"inLanguage\":\"es\",\"potentialAction\":[{\"@type\":\"ReadAction\",\"target\":[\"https:\\\/\\\/www.eldiario.net\\\/portal\\\/2026\\\/03\\\/07\\\/bm-aprueba-us-200-millones-para-fortalecer-sistema-de-proteccion-social\\\/\"]}]},{\"@type\":\"ImageObject\",\"inLanguage\":\"es\",\"@id\":\"https:\\\/\\\/www.eldiario.net\\\/portal\\\/2026\\\/03\\\/07\\\/bm-aprueba-us-200-millones-para-fortalecer-sistema-de-proteccion-social\\\/#primaryimage\",\"url\":\"https:\\\/\\\/www.eldiario.net\\\/portal\\\/wp-content\\\/uploads\\\/2023\\\/12\\\/Economia.jpg\",\"contentUrl\":\"https:\\\/\\\/www.eldiario.net\\\/portal\\\/wp-content\\\/uploads\\\/2023\\\/12\\\/Economia.jpg\",\"width\":800,\"height\":500},{\"@type\":\"BreadcrumbList\",\"@id\":\"https:\\\/\\\/www.eldiario.net\\\/portal\\\/2026\\\/03\\\/07\\\/bm-aprueba-us-200-millones-para-fortalecer-sistema-de-proteccion-social\\\/#breadcrumb\",\"itemListElement\":[{\"@type\":\"ListItem\",\"position\":1,\"name\":\"Portada\",\"item\":\"https:\\\/\\\/www.eldiario.net\\\/portal\\\/\"},{\"@type\":\"ListItem\",\"position\":2,\"name\":\"BM aprueba $us 200 millones para fortalecer sistema de protecci\u00f3n social\"}]},{\"@type\":\"WebSite\",\"@id\":\"https:\\\/\\\/www.eldiario.net\\\/portal\\\/#website\",\"url\":\"https:\\\/\\\/www.eldiario.net\\\/portal\\\/\",\"name\":\"El Diario - Decano de la prensa nacional\",\"description\":\"El Diario - Decano de la prensa nacional\",\"publisher\":{\"@id\":\"https:\\\/\\\/www.eldiario.net\\\/portal\\\/#organization\"},\"potentialAction\":[{\"@type\":\"SearchAction\",\"target\":{\"@type\":\"EntryPoint\",\"urlTemplate\":\"https:\\\/\\\/www.eldiario.net\\\/portal\\\/?s={search_term_string}\"},\"query-input\":{\"@type\":\"PropertyValueSpecification\",\"valueRequired\":true,\"valueName\":\"search_term_string\"}}],\"inLanguage\":\"es\"},{\"@type\":\"Organization\",\"@id\":\"https:\\\/\\\/www.eldiario.net\\\/portal\\\/#organization\",\"name\":\"El Diario - Decano de la prensa nacional\",\"url\":\"https:\\\/\\\/www.eldiario.net\\\/portal\\\/\",\"logo\":{\"@type\":\"ImageObject\",\"inLanguage\":\"es\",\"@id\":\"https:\\\/\\\/www.eldiario.net\\\/portal\\\/#\\\/schema\\\/logo\\\/image\\\/\",\"url\":\"https:\\\/\\\/www.eldiario.net\\\/portal\\\/wp-content\\\/uploads\\\/2023\\\/07\\\/logo_ED.jpg\",\"contentUrl\":\"https:\\\/\\\/www.eldiario.net\\\/portal\\\/wp-content\\\/uploads\\\/2023\\\/07\\\/logo_ED.jpg\",\"width\":272,\"height\":52,\"caption\":\"El Diario - Decano de la prensa nacional\"},\"image\":{\"@id\":\"https:\\\/\\\/www.eldiario.net\\\/portal\\\/#\\\/schema\\\/logo\\\/image\\\/\"},\"sameAs\":[\"https:\\\/\\\/www.facebook.com\\\/eldiario.bolivia\\\/\",\"https:\\\/\\\/x.com\\\/eldiario_net\"]},{\"@type\":\"Person\",\"@id\":\"https:\\\/\\\/www.eldiario.net\\\/portal\\\/#\\\/schema\\\/person\\\/2c57cf2b7a7ae032e449e4c9b1019eac\",\"name\":\"Jeanette\",\"image\":{\"@type\":\"ImageObject\",\"inLanguage\":\"es\",\"@id\":\"https:\\\/\\\/secure.gravatar.com\\\/avatar\\\/3ea2118a5f7dad2b7138b1187a6b7ee55f160b9968b66013c3a3ef39dd7e5798?s=96&d=mm&r=g\",\"url\":\"https:\\\/\\\/secure.gravatar.com\\\/avatar\\\/3ea2118a5f7dad2b7138b1187a6b7ee55f160b9968b66013c3a3ef39dd7e5798?s=96&d=mm&r=g\",\"contentUrl\":\"https:\\\/\\\/secure.gravatar.com\\\/avatar\\\/3ea2118a5f7dad2b7138b1187a6b7ee55f160b9968b66013c3a3ef39dd7e5798?s=96&d=mm&r=g\",\"caption\":\"Jeanette\"},\"sameAs\":[\"https:\\\/\\\/www.eldiario.net\\\/portal\"],\"url\":\"https:\\\/\\\/www.eldiario.net\\\/portal\\\/author\\\/jeanette\\\/\"}]}<\/script>\n<!-- \/ Yoast SEO plugin. -->","yoast_head_json":{"title":"BM aprueba $us 200 millones para fortalecer sistema de protecci\u00f3n social - El Diario - Bolivia","robots":{"index":"index","follow":"follow","max-snippet":"max-snippet:-1","max-image-preview":"max-image-preview:large","max-video-preview":"max-video-preview:-1"},"canonical":"https:\/\/www.eldiario.net\/portal\/2026\/03\/07\/bm-aprueba-us-200-millones-para-fortalecer-sistema-de-proteccion-social\/","og_locale":"es_ES","og_type":"article","og_title":"BM aprueba $us 200 millones para fortalecer sistema de protecci\u00f3n social - El Diario - Bolivia","og_description":"El Directorio Ejecutivo del Grupo Banco Mundial (BM) aprob\u00f3 hoy un pr\u00e9stamo de 200 millones de d\u00f3lares para apoyar los esfuerzos del Estado Plurinacional de Bolivia, orientados a proteger a los hogares m\u00e1s afectados por la crisis econ\u00f3mica y a fortalecer su sistema nacional de protecci\u00f3n social, haci\u00e9ndolo m\u00e1s eficaz, eficiente y preparado para futuras [&hellip;]","og_url":"https:\/\/www.eldiario.net\/portal\/2026\/03\/07\/bm-aprueba-us-200-millones-para-fortalecer-sistema-de-proteccion-social\/","og_site_name":"El Diario - Bolivia","article_publisher":"https:\/\/www.facebook.com\/eldiario.bolivia\/","article_published_time":"2026-03-07T11:23:17+00:00","og_image":[{"width":800,"height":500,"url":"https:\/\/www.eldiario.net\/portal\/wp-content\/uploads\/2023\/12\/Economia.jpg","type":"image\/jpeg"}],"author":"Jeanette","twitter_card":"summary_large_image","twitter_creator":"@eldiario_net","twitter_site":"@eldiario_net","twitter_misc":{"Escrito por":"Jeanette","Tiempo de lectura":"3 minutos"},"schema":{"@context":"https:\/\/schema.org","@graph":[{"@type":"Article","@id":"https:\/\/www.eldiario.net\/portal\/2026\/03\/07\/bm-aprueba-us-200-millones-para-fortalecer-sistema-de-proteccion-social\/#article","isPartOf":{"@id":"https:\/\/www.eldiario.net\/portal\/2026\/03\/07\/bm-aprueba-us-200-millones-para-fortalecer-sistema-de-proteccion-social\/"},"author":{"name":"Jeanette","@id":"https:\/\/www.eldiario.net\/portal\/#\/schema\/person\/2c57cf2b7a7ae032e449e4c9b1019eac"},"headline":"BM aprueba $us 200 millones para fortalecer sistema de protecci\u00f3n social","datePublished":"2026-03-07T11:23:17+00:00","mainEntityOfPage":{"@id":"https:\/\/www.eldiario.net\/portal\/2026\/03\/07\/bm-aprueba-us-200-millones-para-fortalecer-sistema-de-proteccion-social\/"},"wordCount":472,"publisher":{"@id":"https:\/\/www.eldiario.net\/portal\/#organization"},"image":{"@id":"https:\/\/www.eldiario.net\/portal\/2026\/03\/07\/bm-aprueba-us-200-millones-para-fortalecer-sistema-de-proteccion-social\/#primaryimage"},"thumbnailUrl":"https:\/\/www.eldiario.net\/portal\/wp-content\/uploads\/2023\/12\/Economia.jpg","articleSection":["Econom\u00eda"],"inLanguage":"es"},{"@type":"WebPage","@id":"https:\/\/www.eldiario.net\/portal\/2026\/03\/07\/bm-aprueba-us-200-millones-para-fortalecer-sistema-de-proteccion-social\/","url":"https:\/\/www.eldiario.net\/portal\/2026\/03\/07\/bm-aprueba-us-200-millones-para-fortalecer-sistema-de-proteccion-social\/","name":"BM aprueba $us 200 millones para fortalecer sistema de protecci\u00f3n social - El Diario - Bolivia","isPartOf":{"@id":"https:\/\/www.eldiario.net\/portal\/#website"},"primaryImageOfPage":{"@id":"https:\/\/www.eldiario.net\/portal\/2026\/03\/07\/bm-aprueba-us-200-millones-para-fortalecer-sistema-de-proteccion-social\/#primaryimage"},"image":{"@id":"https:\/\/www.eldiario.net\/portal\/2026\/03\/07\/bm-aprueba-us-200-millones-para-fortalecer-sistema-de-proteccion-social\/#primaryimage"},"thumbnailUrl":"https:\/\/www.eldiario.net\/portal\/wp-content\/uploads\/2023\/12\/Economia.jpg","datePublished":"2026-03-07T11:23:17+00:00","breadcrumb":{"@id":"https:\/\/www.eldiario.net\/portal\/2026\/03\/07\/bm-aprueba-us-200-millones-para-fortalecer-sistema-de-proteccion-social\/#breadcrumb"},"inLanguage":"es","potentialAction":[{"@type":"ReadAction","target":["https:\/\/www.eldiario.net\/portal\/2026\/03\/07\/bm-aprueba-us-200-millones-para-fortalecer-sistema-de-proteccion-social\/"]}]},{"@type":"ImageObject","inLanguage":"es","@id":"https:\/\/www.eldiario.net\/portal\/2026\/03\/07\/bm-aprueba-us-200-millones-para-fortalecer-sistema-de-proteccion-social\/#primaryimage","url":"https:\/\/www.eldiario.net\/portal\/wp-content\/uploads\/2023\/12\/Economia.jpg","contentUrl":"https:\/\/www.eldiario.net\/portal\/wp-content\/uploads\/2023\/12\/Economia.jpg","width":800,"height":500},{"@type":"BreadcrumbList","@id":"https:\/\/www.eldiario.net\/portal\/2026\/03\/07\/bm-aprueba-us-200-millones-para-fortalecer-sistema-de-proteccion-social\/#breadcrumb","itemListElement":[{"@type":"ListItem","position":1,"name":"Portada","item":"https:\/\/www.eldiario.net\/portal\/"},{"@type":"ListItem","position":2,"name":"BM aprueba $us 200 millones para fortalecer sistema de protecci\u00f3n social"}]},{"@type":"WebSite","@id":"https:\/\/www.eldiario.net\/portal\/#website","url":"https:\/\/www.eldiario.net\/portal\/","name":"El Diario - Decano de la prensa nacional","description":"El Diario - Decano de la prensa nacional","publisher":{"@id":"https:\/\/www.eldiario.net\/portal\/#organization"},"potentialAction":[{"@type":"SearchAction","target":{"@type":"EntryPoint","urlTemplate":"https:\/\/www.eldiario.net\/portal\/?s={search_term_string}"},"query-input":{"@type":"PropertyValueSpecification","valueRequired":true,"valueName":"search_term_string"}}],"inLanguage":"es"},{"@type":"Organization","@id":"https:\/\/www.eldiario.net\/portal\/#organization","name":"El Diario - Decano de la prensa nacional","url":"https:\/\/www.eldiario.net\/portal\/","logo":{"@type":"ImageObject","inLanguage":"es","@id":"https:\/\/www.eldiario.net\/portal\/#\/schema\/logo\/image\/","url":"https:\/\/www.eldiario.net\/portal\/wp-content\/uploads\/2023\/07\/logo_ED.jpg","contentUrl":"https:\/\/www.eldiario.net\/portal\/wp-content\/uploads\/2023\/07\/logo_ED.jpg","width":272,"height":52,"caption":"El Diario - Decano de la prensa nacional"},"image":{"@id":"https:\/\/www.eldiario.net\/portal\/#\/schema\/logo\/image\/"},"sameAs":["https:\/\/www.facebook.com\/eldiario.bolivia\/","https:\/\/x.com\/eldiario_net"]},{"@type":"Person","@id":"https:\/\/www.eldiario.net\/portal\/#\/schema\/person\/2c57cf2b7a7ae032e449e4c9b1019eac","name":"Jeanette","image":{"@type":"ImageObject","inLanguage":"es","@id":"https:\/\/secure.gravatar.com\/avatar\/3ea2118a5f7dad2b7138b1187a6b7ee55f160b9968b66013c3a3ef39dd7e5798?s=96&d=mm&r=g","url":"https:\/\/secure.gravatar.com\/avatar\/3ea2118a5f7dad2b7138b1187a6b7ee55f160b9968b66013c3a3ef39dd7e5798?s=96&d=mm&r=g","contentUrl":"https:\/\/secure.gravatar.com\/avatar\/3ea2118a5f7dad2b7138b1187a6b7ee55f160b9968b66013c3a3ef39dd7e5798?s=96&d=mm&r=g","caption":"Jeanette"},"sameAs":["https:\/\/www.eldiario.net\/portal"],"url":"https:\/\/www.eldiario.net\/portal\/author\/jeanette\/"}]}},"_links":{"self":[{"href":"https:\/\/www.eldiario.net\/portal\/wp-json\/wp\/v2\/posts\/374054","targetHints":{"allow":["GET"]}}],"collection":[{"href":"https:\/\/www.eldiario.net\/portal\/wp-json\/wp\/v2\/posts"}],"about":[{"href":"https:\/\/www.eldiario.net\/portal\/wp-json\/wp\/v2\/types\/post"}],"author":[{"embeddable":true,"href":"https:\/\/www.eldiario.net\/portal\/wp-json\/wp\/v2\/users\/1"}],"replies":[{"embeddable":true,"href":"https:\/\/www.eldiario.net\/portal\/wp-json\/wp\/v2\/comments?post=374054"}],"version-history":[{"count":1,"href":"https:\/\/www.eldiario.net\/portal\/wp-json\/wp\/v2\/posts\/374054\/revisions"}],"predecessor-version":[{"id":374055,"href":"https:\/\/www.eldiario.net\/portal\/wp-json\/wp\/v2\/posts\/374054\/revisions\/374055"}],"wp:featuredmedia":[{"embeddable":true,"href":"https:\/\/www.eldiario.net\/portal\/wp-json\/wp\/v2\/media\/194689"}],"wp:attachment":[{"href":"https:\/\/www.eldiario.net\/portal\/wp-json\/wp\/v2\/media?parent=374054"}],"wp:term":[{"taxonomy":"category","embeddable":true,"href":"https:\/\/www.eldiario.net\/portal\/wp-json\/wp\/v2\/categories?post=374054"},{"taxonomy":"post_tag","embeddable":true,"href":"https:\/\/www.eldiario.net\/portal\/wp-json\/wp\/v2\/tags?post=374054"}],"curies":[{"name":"wp","href":"https:\/\/api.w.org\/{rel}","templated":true}]}}