{"id":373787,"date":"2026-03-06T06:32:46","date_gmt":"2026-03-06T10:32:46","guid":{"rendered":"https:\/\/www.eldiario.net\/portal\/?p=373787"},"modified":"2026-03-06T06:32:46","modified_gmt":"2026-03-06T10:32:46","slug":"estrategias-de-nemotecnia-7","status":"publish","type":"post","link":"https:\/\/www.eldiario.net\/portal\/2026\/03\/06\/estrategias-de-nemotecnia-7\/","title":{"rendered":"Estrategias de nemotecnia"},"content":{"rendered":"<p><strong>Por. H\u00e9ctor Molina<\/strong><\/p>\n<p>&nbsp;<\/p>\n<p><strong>Recordemos que\u2026<\/strong><\/p>\n<p>&nbsp;<\/p>\n<p>Las estrategias mnemot\u00e9cnicas son un conjunto de m\u00e9todos o trucos mentales que facilitan la memorizaci\u00f3n de informaci\u00f3n compleja mediante la asociaci\u00f3n con datos que ya se conoce. Facilitando un procesamiento profundo que act\u00faan como un puente entre la memoria de corto plazo y la de largo plazo.<\/p>\n<p>&nbsp;<\/p>\n<p><strong>T\u00e9cnica del M\u00e9todo de la fragmentaci\u00f3n<\/strong><\/p>\n<p>&nbsp;<\/p>\n<p>el proceso mental mediante el cual el sistema cognitivo agrupa unidades de informaci\u00f3n individuales y desorganizadas en paquetes o bloques con significado (chunks), con el objetivo de optimizar la capacidad limitada de la memoria de trabajo.<\/p>\n<p>&nbsp;<\/p>\n<p><strong>Elementos clave de la definici\u00f3n<\/strong><\/p>\n<p>&nbsp;<\/p>\n<ul>\n<li><strong>Optimizaci\u00f3n de la Memoria de trabajo. <\/strong>Nuestra mente solo puede retener un promedio de $7 \\pm 2$ elementos a la vez. Al fragmentar, transformamos 10 elementos sueltos en 2 o 3 bloques complejos, \u201cenga\u00f1ando\u201d al sistema para procesar m\u00e1s volumen de datos con menos esfuerzo.<\/li>\n<\/ul>\n<p>&nbsp;<\/p>\n<ul>\n<li><strong>Asignaci\u00f3n de significado. <\/strong>Un fragmento no es una divisi\u00f3n al azar. Es una estructura que cobra sentido gracias a la asociaci\u00f3n con conocimientos previos (memoria a largo plazo).<\/li>\n<\/ul>\n<p>&nbsp;<\/p>\n<ul>\n<li><strong>Reducci\u00f3n de la carga cognitiva. <\/strong>Al consolidar la informaci\u00f3n en bloques l\u00f3gicos, liberamos recursos mentales para realizar procesos de orden superior, como el an\u00e1lisis cr\u00edtico o la resoluci\u00f3n de problemas complejos.<\/li>\n<\/ul>\n<p>&nbsp;<\/p>\n<p>En t\u00e9rminos de investigaci\u00f3n educativa, el chunking es la base de la pericia. un experto no sabe \u201cm\u00e1s cosas\u201d aisladas que un novato, sino que posee fragmentos de informaci\u00f3n mucho m\u00e1s grandes, densos y mejor interconectados en su arquitectura cerebral.<\/p>\n<p>&nbsp;<\/p>\n<p><strong>La limitaci\u00f3n del sistema<\/strong><\/p>\n<p>&nbsp;<\/p>\n<p>Para entender la fragmentaci\u00f3n, debemos comprender nuestra Memoria de Trabajo (MT). La MT es el \u201cespacio de trabajo\u201d donde manipulamos informaci\u00f3n en tiempo real, pero tiene una capacidad extremadamente limitada, aproximadamente entre 5 y 9 unidades de informaci\u00f3n independiente.<\/p>\n<p>&nbsp;<\/p>\n<p>Cuando intentamos procesar datos aislados (letras sueltas, n\u00fameros aleatorios, conceptos inconexos), el sistema se satura r\u00e1pidamente (Carga Cognitiva). La fragmentaci\u00f3n act\u00faa como un mecanismo de compresi\u00f3n de datos. Al agrupar elementos individuales en trozos (chunks) que tienen un significado sem\u00e1ntico, el cerebro trata a ese grupo como una sola unidad. Esto permite que la memoria de trabajo maneje mucha m\u00e1s informaci\u00f3n sin aumentar el esfuerzo.<\/p>\n<p>&nbsp;<\/p>\n<p><strong>El proceso de construcci\u00f3n de un Chunk<\/strong><\/p>\n<p>&nbsp;<\/p>\n<p>Desde la psicopedagog\u00eda cl\u00ednica, observamos que el dominio de una materia depende de la calidad de los fragmentos que el estudiante ha construido. El proceso se divide en tres etapas esenciales.<\/p>\n<p>&nbsp;<\/p>\n<ul>\n<li><strong>Atenci\u00f3n focalizada.<\/strong> El cerebro debe aislar el est\u00edmulo de las distracciones. Sin atenci\u00f3n, la fragmentaci\u00f3n es imposible porque no se pueden identificar los patrones.<\/li>\n<li><strong>Comprensi\u00f3n conceptual.<\/strong> Para que algo se convierta en un fragmento s\u00f3lido, debe \u201ctener sentido\u201d. La comprensi\u00f3n act\u00faa como el pegamento que une los datos. Un estudiante puede memorizar una f\u00f3rmula de f\u00edsica como caracteres sueltos (baja eficiencia) o como un concepto unificado de relaci\u00f3n de fuerzas (alta eficiencia).<\/li>\n<li><strong>Contextualizaci\u00f3n.<\/strong> El fragmento no solo debe saber \u201cc\u00f3mo\u201d funciona, sino \u201ccu\u00e1ndo\u201d usarlo. Esto implica conectar el nuevo conocimiento con esquemas previos en la memoria de largo plazo.<\/li>\n<\/ul>\n<p>&nbsp;<\/p>\n<p><strong>Aplicaci\u00f3n en la investigaci\u00f3n educativa y el aprendizaje actual<\/strong><\/p>\n<p>&nbsp;<\/p>\n<p>La diferencia entre un novato y un experto en cualquier disciplina radica en la complejidad de sus fragmentos. Un ajedrecista profesional no ve piezas individuales, ve \u201cconfiguraciones de ataque\u201d (chunks complejos).<\/p>\n<p>&nbsp;<\/p>\n<p>En el \u00e1mbito de la redacci\u00f3n e investigaci\u00f3n, el m\u00e9todo de fragmentaci\u00f3n se aplica para.<\/p>\n<p>&nbsp;<\/p>\n<ul>\n<li><strong>Jerarquizaci\u00f3n de ideas.<\/strong> Dividir un texto complejo en bloques tem\u00e1ticos interconectados.<\/li>\n<\/ul>\n<p>&nbsp;<\/p>\n<ul>\n<li><strong>Manejo de carga extr\u00ednseca.<\/strong> Al presentar la informaci\u00f3n fragmentada, el investigador evita que el lector sufra de fatiga cognitiva, facilitando una lectura fluida y una mejor s\u00edntesis.<\/li>\n<\/ul>\n<p>&nbsp;<\/p>\n<ul>\n<li><strong>Mnemotecnia estructural.<\/strong> Utilizar acr\u00f3nimos o rimas para agrupar conceptos complejos bajo una sola etiqueta mental.<\/li>\n<\/ul>\n<p>&nbsp;<\/p>\n<p><strong>Ventajas desde la perspectiva de las neurociencias<\/strong><\/p>\n<p>&nbsp;<\/p>\n<ul>\n<li><strong>Eficiencia energ\u00e9tica.<\/strong> El cerebro busca siempre el ahorro de glucosa y ox\u00edgeno. Procesar un \u201cpaquete\u201d de informaci\u00f3n requiere menos energ\u00eda metab\u00f3lica que procesar diez elementos aislados.<\/li>\n<\/ul>\n<p>&nbsp;<\/p>\n<ul>\n<li><strong>Automatizaci\u00f3n.<\/strong> Con la pr\u00e1ctica, los fragmentos se consolidan en la corteza cerebral, permitiendo que el estudiante realice tareas complejas de forma casi autom\u00e1tica, liberando recursos mentales para el pensamiento creativo o cr\u00edtico.<\/li>\n<\/ul>\n<p>&nbsp;<\/p>\n<ul>\n<li><strong>Recuperaci\u00f3n facilitada.<\/strong> Es m\u00e1s sencillo para el hipocampo recuperar un hilo conductor que nos lleve a un bloque de informaci\u00f3n que intentar pescar datos dispersos en el \u201coc\u00e9ano\u201d de la memoria.<\/li>\n<\/ul>\n\r\n                <style type=\"text\/css\">\r\n                    \r\n                    #tdi_1  .td-doubleSlider-2 .td-item1 {\r\n                        background: url(https:\/\/www.eldiario.net\/portal\/wp-content\/uploads\/2026\/03\/Bio-Reduccion-de-la-carga-cognitiva-80x60.webp) 0 0 no-repeat;\r\n                    }\r\n                    #tdi_1  .td-doubleSlider-2 .td-item2 {\r\n                        background: url(https:\/\/www.eldiario.net\/portal\/wp-content\/uploads\/2026\/03\/Bio-Atencion-focalizada-80x60.webp) 0 0 no-repeat;\r\n                    }\r\n                <\/style>\r\n\r\n                <div id=\"tdi_1\" class=\"td-gallery td-slide-on-2-columns\">\r\n                    <div class=\"post_td_gallery\">\r\n                        <div class=\"td-gallery-slide-top\">\r\n                           <div class=\"td-gallery-title\"><\/div>\r\n\r\n                            <div class=\"td-gallery-controls-wrapper\">\r\n                                <div class=\"td-gallery-slide-count\"><span class=\"td-gallery-slide-item-focus\">1<\/span> de 2<\/div>\r\n                                <div class=\"td-gallery-slide-prev-next-but\">\r\n                                    <i class = \"td-icon-left doubleSliderPrevButton\"><\/i>\r\n                                    <i class = \"td-icon-right doubleSliderNextButton\"><\/i>\r\n                                <\/div>\r\n                            <\/div>\r\n                        <\/div>\r\n\r\n                        <div class = \"td-doubleSlider-1 \">\r\n                            <div class = \"td-slider\">\r\n                                \r\n                    <div class = \"td-slide-item td-item1\">\r\n                        <figure class=\"td-slide-galery-figure td-slide-popup-gallery\">\r\n                            <a class=\"slide-gallery-image-link\" href=\"https:\/\/www.eldiario.net\/portal\/wp-content\/uploads\/2026\/03\/Bio-Reduccion-de-la-carga-cognitiva.webp\" title=\"Bio---Reducci\u00f3n-de-la-carga-cognitiva\"  data-caption=\"\"  data-description=\"\">\r\n                                <img decoding=\"async\" src=\"https:\/\/www.eldiario.net\/portal\/wp-content\/uploads\/2026\/03\/Bio-Reduccion-de-la-carga-cognitiva.webp\" srcset=\"https:\/\/www.eldiario.net\/portal\/wp-content\/uploads\/2026\/03\/Bio-Reduccion-de-la-carga-cognitiva.webp 177w, https:\/\/www.eldiario.net\/portal\/wp-content\/uploads\/2026\/03\/Bio-Reduccion-de-la-carga-cognitiva-150x154.webp 150w\" sizes=\"(max-width: 177px) 100vw, 177px\" alt=\"\">\r\n                            <\/a>\r\n                            \r\n                        <\/figure>\r\n                    <\/div>\r\n                    <div class = \"td-slide-item td-item2\">\r\n                        <figure class=\"td-slide-galery-figure td-slide-popup-gallery\">\r\n                            <a class=\"slide-gallery-image-link\" href=\"https:\/\/www.eldiario.net\/portal\/wp-content\/uploads\/2026\/03\/Bio-Atencion-focalizada.webp\" title=\"Bio - Atenci\u00f3n focalizada\"  data-caption=\"\"  data-description=\"\">\r\n                                <img decoding=\"async\" src=\"https:\/\/www.eldiario.net\/portal\/wp-content\/uploads\/2026\/03\/Bio-Atencion-focalizada-504x420.webp\" srcset=\"https:\/\/www.eldiario.net\/portal\/wp-content\/uploads\/2026\/03\/Bio-Atencion-focalizada-504x420.webp 504w, https:\/\/www.eldiario.net\/portal\/wp-content\/uploads\/2026\/03\/Bio-Atencion-focalizada-300x250.webp 300w, https:\/\/www.eldiario.net\/portal\/wp-content\/uploads\/2026\/03\/Bio-Atencion-focalizada-150x125.webp 150w, https:\/\/www.eldiario.net\/portal\/wp-content\/uploads\/2026\/03\/Bio-Atencion-focalizada.webp 696w\" sizes=\"(max-width: 504px) 100vw, 504px\" alt=\"\">\r\n                            <\/a>\r\n                            \r\n                        <\/figure>\r\n                    <\/div>\r\n                            <\/div>\r\n                        <\/div>\r\n\r\n                        <div class = \"td-doubleSlider-2\">\r\n                            <div class = \"td-slider\">\r\n                                \r\n                    <div class = \"td-button td-item1\">\r\n                        <div class = \"td-border\"><\/div>\r\n                    <\/div>\r\n                    <div class = \"td-button td-item2\">\r\n                        <div class = \"td-border\"><\/div>\r\n                    <\/div>\r\n                            <\/div>\r\n                        <\/div>\r\n\r\n                    <\/div>\r\n\r\n                <\/div>\r\n                \n","protected":false},"excerpt":{"rendered":"<p>Por. H\u00e9ctor Molina &nbsp; Recordemos que\u2026 &nbsp; Las estrategias mnemot\u00e9cnicas son un conjunto de m\u00e9todos o trucos mentales que facilitan la memorizaci\u00f3n de informaci\u00f3n compleja mediante la asociaci\u00f3n con datos que ya se conoce. Facilitando un procesamiento profundo que act\u00faan como un puente entre la memoria de corto plazo y la de largo plazo. &nbsp; [&hellip;]<\/p>\n","protected":false},"author":1,"featured_media":373789,"comment_status":"closed","ping_status":"open","sticky":false,"template":"","format":"standard","meta":{"_acf_changed":false,"footnotes":""},"categories":[43],"tags":[],"class_list":["post-373787","post","type-post","status-publish","format-standard","has-post-thumbnail","category-nuevos-horizontes"],"acf":{"antetitulo":"Octava Parte"},"yoast_head":"<!-- This site is optimized with the Yoast SEO plugin v28.4 - https:\/\/yoast.com\/product\/yoast-seo-wordpress\/ -->\n<title>Estrategias de nemotecnia - El Diario - Bolivia<\/title>\n<meta name=\"robots\" content=\"index, follow, max-snippet:-1, max-image-preview:large, max-video-preview:-1\" \/>\n<link rel=\"canonical\" href=\"https:\/\/www.eldiario.net\/portal\/2026\/03\/06\/estrategias-de-nemotecnia-7\/\" \/>\n<meta property=\"og:locale\" content=\"es_ES\" \/>\n<meta property=\"og:type\" content=\"article\" \/>\n<meta property=\"og:title\" content=\"Estrategias de nemotecnia - El Diario - Bolivia\" \/>\n<meta property=\"og:description\" content=\"Por. H\u00e9ctor Molina &nbsp; Recordemos que\u2026 &nbsp; Las estrategias mnemot\u00e9cnicas son un conjunto de m\u00e9todos o trucos mentales que facilitan la memorizaci\u00f3n de informaci\u00f3n compleja mediante la asociaci\u00f3n con datos que ya se conoce. Facilitando un procesamiento profundo que act\u00faan como un puente entre la memoria de corto plazo y la de largo plazo. &nbsp; [&hellip;]\" \/>\n<meta property=\"og:url\" content=\"https:\/\/www.eldiario.net\/portal\/2026\/03\/06\/estrategias-de-nemotecnia-7\/\" \/>\n<meta property=\"og:site_name\" content=\"El Diario - Bolivia\" \/>\n<meta property=\"article:publisher\" content=\"https:\/\/www.facebook.com\/eldiario.bolivia\/\" \/>\n<meta property=\"article:published_time\" content=\"2026-03-06T10:32:46+00:00\" \/>\n<meta property=\"og:image\" content=\"https:\/\/www.eldiario.net\/portal\/wp-content\/uploads\/2026\/03\/Bio-Atencion-focalizada.webp\" \/>\n\t<meta property=\"og:image:width\" content=\"696\" \/>\n\t<meta property=\"og:image:height\" content=\"580\" \/>\n\t<meta property=\"og:image:type\" content=\"image\/webp\" \/>\n<meta name=\"author\" content=\"Jeanette\" \/>\n<meta name=\"twitter:card\" content=\"summary_large_image\" \/>\n<meta name=\"twitter:creator\" content=\"@eldiario_net\" \/>\n<meta name=\"twitter:site\" content=\"@eldiario_net\" \/>\n<meta name=\"twitter:label1\" content=\"Escrito por\" \/>\n\t<meta name=\"twitter:data1\" content=\"Jeanette\" \/>\n\t<meta name=\"twitter:label2\" content=\"Tiempo de lectura\" \/>\n\t<meta name=\"twitter:data2\" content=\"4 minutos\" \/>\n<script type=\"application\/ld+json\" class=\"yoast-schema-graph\">{\"@context\":\"https:\\\/\\\/schema.org\",\"@graph\":[{\"@type\":\"Article\",\"@id\":\"https:\\\/\\\/www.eldiario.net\\\/portal\\\/2026\\\/03\\\/06\\\/estrategias-de-nemotecnia-7\\\/#article\",\"isPartOf\":{\"@id\":\"https:\\\/\\\/www.eldiario.net\\\/portal\\\/2026\\\/03\\\/06\\\/estrategias-de-nemotecnia-7\\\/\"},\"author\":{\"name\":\"Jeanette\",\"@id\":\"https:\\\/\\\/www.eldiario.net\\\/portal\\\/#\\\/schema\\\/person\\\/2c57cf2b7a7ae032e449e4c9b1019eac\"},\"headline\":\"Estrategias de nemotecnia\",\"datePublished\":\"2026-03-06T10:32:46+00:00\",\"mainEntityOfPage\":{\"@id\":\"https:\\\/\\\/www.eldiario.net\\\/portal\\\/2026\\\/03\\\/06\\\/estrategias-de-nemotecnia-7\\\/\"},\"wordCount\":805,\"publisher\":{\"@id\":\"https:\\\/\\\/www.eldiario.net\\\/portal\\\/#organization\"},\"image\":{\"@id\":\"https:\\\/\\\/www.eldiario.net\\\/portal\\\/2026\\\/03\\\/06\\\/estrategias-de-nemotecnia-7\\\/#primaryimage\"},\"thumbnailUrl\":\"https:\\\/\\\/www.eldiario.net\\\/portal\\\/wp-content\\\/uploads\\\/2026\\\/03\\\/Bio-Atencion-focalizada.webp\",\"articleSection\":[\"Nuevos Horizontes\"],\"inLanguage\":\"es\"},{\"@type\":\"WebPage\",\"@id\":\"https:\\\/\\\/www.eldiario.net\\\/portal\\\/2026\\\/03\\\/06\\\/estrategias-de-nemotecnia-7\\\/\",\"url\":\"https:\\\/\\\/www.eldiario.net\\\/portal\\\/2026\\\/03\\\/06\\\/estrategias-de-nemotecnia-7\\\/\",\"name\":\"Estrategias de nemotecnia - El Diario - Bolivia\",\"isPartOf\":{\"@id\":\"https:\\\/\\\/www.eldiario.net\\\/portal\\\/#website\"},\"primaryImageOfPage\":{\"@id\":\"https:\\\/\\\/www.eldiario.net\\\/portal\\\/2026\\\/03\\\/06\\\/estrategias-de-nemotecnia-7\\\/#primaryimage\"},\"image\":{\"@id\":\"https:\\\/\\\/www.eldiario.net\\\/portal\\\/2026\\\/03\\\/06\\\/estrategias-de-nemotecnia-7\\\/#primaryimage\"},\"thumbnailUrl\":\"https:\\\/\\\/www.eldiario.net\\\/portal\\\/wp-content\\\/uploads\\\/2026\\\/03\\\/Bio-Atencion-focalizada.webp\",\"datePublished\":\"2026-03-06T10:32:46+00:00\",\"breadcrumb\":{\"@id\":\"https:\\\/\\\/www.eldiario.net\\\/portal\\\/2026\\\/03\\\/06\\\/estrategias-de-nemotecnia-7\\\/#breadcrumb\"},\"inLanguage\":\"es\",\"potentialAction\":[{\"@type\":\"ReadAction\",\"target\":[\"https:\\\/\\\/www.eldiario.net\\\/portal\\\/2026\\\/03\\\/06\\\/estrategias-de-nemotecnia-7\\\/\"]}]},{\"@type\":\"ImageObject\",\"inLanguage\":\"es\",\"@id\":\"https:\\\/\\\/www.eldiario.net\\\/portal\\\/2026\\\/03\\\/06\\\/estrategias-de-nemotecnia-7\\\/#primaryimage\",\"url\":\"https:\\\/\\\/www.eldiario.net\\\/portal\\\/wp-content\\\/uploads\\\/2026\\\/03\\\/Bio-Atencion-focalizada.webp\",\"contentUrl\":\"https:\\\/\\\/www.eldiario.net\\\/portal\\\/wp-content\\\/uploads\\\/2026\\\/03\\\/Bio-Atencion-focalizada.webp\",\"width\":696,\"height\":580},{\"@type\":\"BreadcrumbList\",\"@id\":\"https:\\\/\\\/www.eldiario.net\\\/portal\\\/2026\\\/03\\\/06\\\/estrategias-de-nemotecnia-7\\\/#breadcrumb\",\"itemListElement\":[{\"@type\":\"ListItem\",\"position\":1,\"name\":\"Portada\",\"item\":\"https:\\\/\\\/www.eldiario.net\\\/portal\\\/\"},{\"@type\":\"ListItem\",\"position\":2,\"name\":\"Estrategias de nemotecnia\"}]},{\"@type\":\"WebSite\",\"@id\":\"https:\\\/\\\/www.eldiario.net\\\/portal\\\/#website\",\"url\":\"https:\\\/\\\/www.eldiario.net\\\/portal\\\/\",\"name\":\"El Diario - Decano de la prensa nacional\",\"description\":\"El Diario - Decano de la prensa nacional\",\"publisher\":{\"@id\":\"https:\\\/\\\/www.eldiario.net\\\/portal\\\/#organization\"},\"potentialAction\":[{\"@type\":\"SearchAction\",\"target\":{\"@type\":\"EntryPoint\",\"urlTemplate\":\"https:\\\/\\\/www.eldiario.net\\\/portal\\\/?s={search_term_string}\"},\"query-input\":{\"@type\":\"PropertyValueSpecification\",\"valueRequired\":true,\"valueName\":\"search_term_string\"}}],\"inLanguage\":\"es\"},{\"@type\":\"Organization\",\"@id\":\"https:\\\/\\\/www.eldiario.net\\\/portal\\\/#organization\",\"name\":\"El Diario - Decano de la prensa nacional\",\"url\":\"https:\\\/\\\/www.eldiario.net\\\/portal\\\/\",\"logo\":{\"@type\":\"ImageObject\",\"inLanguage\":\"es\",\"@id\":\"https:\\\/\\\/www.eldiario.net\\\/portal\\\/#\\\/schema\\\/logo\\\/image\\\/\",\"url\":\"https:\\\/\\\/www.eldiario.net\\\/portal\\\/wp-content\\\/uploads\\\/2023\\\/07\\\/logo_ED.jpg\",\"contentUrl\":\"https:\\\/\\\/www.eldiario.net\\\/portal\\\/wp-content\\\/uploads\\\/2023\\\/07\\\/logo_ED.jpg\",\"width\":272,\"height\":52,\"caption\":\"El Diario - Decano de la prensa nacional\"},\"image\":{\"@id\":\"https:\\\/\\\/www.eldiario.net\\\/portal\\\/#\\\/schema\\\/logo\\\/image\\\/\"},\"sameAs\":[\"https:\\\/\\\/www.facebook.com\\\/eldiario.bolivia\\\/\",\"https:\\\/\\\/x.com\\\/eldiario_net\"]},{\"@type\":\"Person\",\"@id\":\"https:\\\/\\\/www.eldiario.net\\\/portal\\\/#\\\/schema\\\/person\\\/2c57cf2b7a7ae032e449e4c9b1019eac\",\"name\":\"Jeanette\",\"image\":{\"@type\":\"ImageObject\",\"inLanguage\":\"es\",\"@id\":\"https:\\\/\\\/secure.gravatar.com\\\/avatar\\\/3ea2118a5f7dad2b7138b1187a6b7ee55f160b9968b66013c3a3ef39dd7e5798?s=96&d=mm&r=g\",\"url\":\"https:\\\/\\\/secure.gravatar.com\\\/avatar\\\/3ea2118a5f7dad2b7138b1187a6b7ee55f160b9968b66013c3a3ef39dd7e5798?s=96&d=mm&r=g\",\"contentUrl\":\"https:\\\/\\\/secure.gravatar.com\\\/avatar\\\/3ea2118a5f7dad2b7138b1187a6b7ee55f160b9968b66013c3a3ef39dd7e5798?s=96&d=mm&r=g\",\"caption\":\"Jeanette\"},\"sameAs\":[\"https:\\\/\\\/www.eldiario.net\\\/portal\"],\"url\":\"https:\\\/\\\/www.eldiario.net\\\/portal\\\/author\\\/jeanette\\\/\"}]}<\/script>\n<!-- \/ Yoast SEO plugin. -->","yoast_head_json":{"title":"Estrategias de nemotecnia - El Diario - Bolivia","robots":{"index":"index","follow":"follow","max-snippet":"max-snippet:-1","max-image-preview":"max-image-preview:large","max-video-preview":"max-video-preview:-1"},"canonical":"https:\/\/www.eldiario.net\/portal\/2026\/03\/06\/estrategias-de-nemotecnia-7\/","og_locale":"es_ES","og_type":"article","og_title":"Estrategias de nemotecnia - El Diario - Bolivia","og_description":"Por. H\u00e9ctor Molina &nbsp; Recordemos que\u2026 &nbsp; Las estrategias mnemot\u00e9cnicas son un conjunto de m\u00e9todos o trucos mentales que facilitan la memorizaci\u00f3n de informaci\u00f3n compleja mediante la asociaci\u00f3n con datos que ya se conoce. Facilitando un procesamiento profundo que act\u00faan como un puente entre la memoria de corto plazo y la de largo plazo. &nbsp; [&hellip;]","og_url":"https:\/\/www.eldiario.net\/portal\/2026\/03\/06\/estrategias-de-nemotecnia-7\/","og_site_name":"El Diario - Bolivia","article_publisher":"https:\/\/www.facebook.com\/eldiario.bolivia\/","article_published_time":"2026-03-06T10:32:46+00:00","og_image":[{"width":696,"height":580,"url":"https:\/\/www.eldiario.net\/portal\/wp-content\/uploads\/2026\/03\/Bio-Atencion-focalizada.webp","type":"image\/webp"}],"author":"Jeanette","twitter_card":"summary_large_image","twitter_creator":"@eldiario_net","twitter_site":"@eldiario_net","twitter_misc":{"Escrito por":"Jeanette","Tiempo de lectura":"4 minutos"},"schema":{"@context":"https:\/\/schema.org","@graph":[{"@type":"Article","@id":"https:\/\/www.eldiario.net\/portal\/2026\/03\/06\/estrategias-de-nemotecnia-7\/#article","isPartOf":{"@id":"https:\/\/www.eldiario.net\/portal\/2026\/03\/06\/estrategias-de-nemotecnia-7\/"},"author":{"name":"Jeanette","@id":"https:\/\/www.eldiario.net\/portal\/#\/schema\/person\/2c57cf2b7a7ae032e449e4c9b1019eac"},"headline":"Estrategias de nemotecnia","datePublished":"2026-03-06T10:32:46+00:00","mainEntityOfPage":{"@id":"https:\/\/www.eldiario.net\/portal\/2026\/03\/06\/estrategias-de-nemotecnia-7\/"},"wordCount":805,"publisher":{"@id":"https:\/\/www.eldiario.net\/portal\/#organization"},"image":{"@id":"https:\/\/www.eldiario.net\/portal\/2026\/03\/06\/estrategias-de-nemotecnia-7\/#primaryimage"},"thumbnailUrl":"https:\/\/www.eldiario.net\/portal\/wp-content\/uploads\/2026\/03\/Bio-Atencion-focalizada.webp","articleSection":["Nuevos Horizontes"],"inLanguage":"es"},{"@type":"WebPage","@id":"https:\/\/www.eldiario.net\/portal\/2026\/03\/06\/estrategias-de-nemotecnia-7\/","url":"https:\/\/www.eldiario.net\/portal\/2026\/03\/06\/estrategias-de-nemotecnia-7\/","name":"Estrategias de nemotecnia - El Diario - Bolivia","isPartOf":{"@id":"https:\/\/www.eldiario.net\/portal\/#website"},"primaryImageOfPage":{"@id":"https:\/\/www.eldiario.net\/portal\/2026\/03\/06\/estrategias-de-nemotecnia-7\/#primaryimage"},"image":{"@id":"https:\/\/www.eldiario.net\/portal\/2026\/03\/06\/estrategias-de-nemotecnia-7\/#primaryimage"},"thumbnailUrl":"https:\/\/www.eldiario.net\/portal\/wp-content\/uploads\/2026\/03\/Bio-Atencion-focalizada.webp","datePublished":"2026-03-06T10:32:46+00:00","breadcrumb":{"@id":"https:\/\/www.eldiario.net\/portal\/2026\/03\/06\/estrategias-de-nemotecnia-7\/#breadcrumb"},"inLanguage":"es","potentialAction":[{"@type":"ReadAction","target":["https:\/\/www.eldiario.net\/portal\/2026\/03\/06\/estrategias-de-nemotecnia-7\/"]}]},{"@type":"ImageObject","inLanguage":"es","@id":"https:\/\/www.eldiario.net\/portal\/2026\/03\/06\/estrategias-de-nemotecnia-7\/#primaryimage","url":"https:\/\/www.eldiario.net\/portal\/wp-content\/uploads\/2026\/03\/Bio-Atencion-focalizada.webp","contentUrl":"https:\/\/www.eldiario.net\/portal\/wp-content\/uploads\/2026\/03\/Bio-Atencion-focalizada.webp","width":696,"height":580},{"@type":"BreadcrumbList","@id":"https:\/\/www.eldiario.net\/portal\/2026\/03\/06\/estrategias-de-nemotecnia-7\/#breadcrumb","itemListElement":[{"@type":"ListItem","position":1,"name":"Portada","item":"https:\/\/www.eldiario.net\/portal\/"},{"@type":"ListItem","position":2,"name":"Estrategias de nemotecnia"}]},{"@type":"WebSite","@id":"https:\/\/www.eldiario.net\/portal\/#website","url":"https:\/\/www.eldiario.net\/portal\/","name":"El Diario - Decano de la prensa nacional","description":"El Diario - Decano de la prensa nacional","publisher":{"@id":"https:\/\/www.eldiario.net\/portal\/#organization"},"potentialAction":[{"@type":"SearchAction","target":{"@type":"EntryPoint","urlTemplate":"https:\/\/www.eldiario.net\/portal\/?s={search_term_string}"},"query-input":{"@type":"PropertyValueSpecification","valueRequired":true,"valueName":"search_term_string"}}],"inLanguage":"es"},{"@type":"Organization","@id":"https:\/\/www.eldiario.net\/portal\/#organization","name":"El Diario - Decano de la prensa nacional","url":"https:\/\/www.eldiario.net\/portal\/","logo":{"@type":"ImageObject","inLanguage":"es","@id":"https:\/\/www.eldiario.net\/portal\/#\/schema\/logo\/image\/","url":"https:\/\/www.eldiario.net\/portal\/wp-content\/uploads\/2023\/07\/logo_ED.jpg","contentUrl":"https:\/\/www.eldiario.net\/portal\/wp-content\/uploads\/2023\/07\/logo_ED.jpg","width":272,"height":52,"caption":"El Diario - Decano de la prensa nacional"},"image":{"@id":"https:\/\/www.eldiario.net\/portal\/#\/schema\/logo\/image\/"},"sameAs":["https:\/\/www.facebook.com\/eldiario.bolivia\/","https:\/\/x.com\/eldiario_net"]},{"@type":"Person","@id":"https:\/\/www.eldiario.net\/portal\/#\/schema\/person\/2c57cf2b7a7ae032e449e4c9b1019eac","name":"Jeanette","image":{"@type":"ImageObject","inLanguage":"es","@id":"https:\/\/secure.gravatar.com\/avatar\/3ea2118a5f7dad2b7138b1187a6b7ee55f160b9968b66013c3a3ef39dd7e5798?s=96&d=mm&r=g","url":"https:\/\/secure.gravatar.com\/avatar\/3ea2118a5f7dad2b7138b1187a6b7ee55f160b9968b66013c3a3ef39dd7e5798?s=96&d=mm&r=g","contentUrl":"https:\/\/secure.gravatar.com\/avatar\/3ea2118a5f7dad2b7138b1187a6b7ee55f160b9968b66013c3a3ef39dd7e5798?s=96&d=mm&r=g","caption":"Jeanette"},"sameAs":["https:\/\/www.eldiario.net\/portal"],"url":"https:\/\/www.eldiario.net\/portal\/author\/jeanette\/"}]}},"_links":{"self":[{"href":"https:\/\/www.eldiario.net\/portal\/wp-json\/wp\/v2\/posts\/373787","targetHints":{"allow":["GET"]}}],"collection":[{"href":"https:\/\/www.eldiario.net\/portal\/wp-json\/wp\/v2\/posts"}],"about":[{"href":"https:\/\/www.eldiario.net\/portal\/wp-json\/wp\/v2\/types\/post"}],"author":[{"embeddable":true,"href":"https:\/\/www.eldiario.net\/portal\/wp-json\/wp\/v2\/users\/1"}],"replies":[{"embeddable":true,"href":"https:\/\/www.eldiario.net\/portal\/wp-json\/wp\/v2\/comments?post=373787"}],"version-history":[{"count":1,"href":"https:\/\/www.eldiario.net\/portal\/wp-json\/wp\/v2\/posts\/373787\/revisions"}],"predecessor-version":[{"id":373790,"href":"https:\/\/www.eldiario.net\/portal\/wp-json\/wp\/v2\/posts\/373787\/revisions\/373790"}],"wp:featuredmedia":[{"embeddable":true,"href":"https:\/\/www.eldiario.net\/portal\/wp-json\/wp\/v2\/media\/373789"}],"wp:attachment":[{"href":"https:\/\/www.eldiario.net\/portal\/wp-json\/wp\/v2\/media?parent=373787"}],"wp:term":[{"taxonomy":"category","embeddable":true,"href":"https:\/\/www.eldiario.net\/portal\/wp-json\/wp\/v2\/categories?post=373787"},{"taxonomy":"post_tag","embeddable":true,"href":"https:\/\/www.eldiario.net\/portal\/wp-json\/wp\/v2\/tags?post=373787"}],"curies":[{"name":"wp","href":"https:\/\/api.w.org\/{rel}","templated":true}]}}