{"id":373784,"date":"2026-03-06T06:28:46","date_gmt":"2026-03-06T10:28:46","guid":{"rendered":"https:\/\/www.eldiario.net\/portal\/?p=373784"},"modified":"2026-03-06T06:28:46","modified_gmt":"2026-03-06T10:28:46","slug":"trump-cesa-a-secretaria-de-seguridad-nacional","status":"publish","type":"post","link":"https:\/\/www.eldiario.net\/portal\/2026\/03\/06\/trump-cesa-a-secretaria-de-seguridad-nacional\/","title":{"rendered":"Trump cesa a Secretaria  de Seguridad Nacional"},"content":{"rendered":"<p class=\"v1MsoNormal\">El presidente de Estados Unidos, Donald Trump, anunci\u00f3 ayer el cese de la secretaria del Departamento de Seguridad Nacional, Kristi Noem, que dejar\u00e1 el cargo el pr\u00f3ximo 31 de marzo. Tal y como anunci\u00f3 el republicano, la sustituir\u00e1 Markwayne Mullin, senador del Estado de Oklahoma desde 2023 y empresario de origen cherokee.<\/p>\n<p class=\"v1MsoNormal\"><span lang=\"ES-BO\">\u00abMarkwayne trabajar\u00e1 incansablemente para mantener nuestra frontera segura, detener la delincuencia migratoria, los asesinos y delincuentes que entran ilegalmente en nuestro pa\u00eds, acabar con el flagelo de las drogas ilegales y hacer que Estados Unidos vuelva a ser seguro\u00bb, remarc\u00f3 Trump.<\/span><\/p>\n<p class=\"v1MsoNormal\"><span lang=\"ES-BO\">Trump se\u00f1al\u00f3 que Noem sirvi\u00f3 \u00abeficazmente\u00bb y con \u00abresultados espectaculares\u00bb, sobre todo en la cuesti\u00f3n fronteriza del pa\u00eds. A partir de ahora, se convertir\u00e1 en una enviada especial para el Escudo de las Am\u00e9ricas, una nueva Iniciativa de Seguridad en el Hemisferio Occidental (t\u00e9rmino que Washington emplea para referirse a las Am\u00e9ricas) que, como se\u00f1al\u00f3 el mandatario estadounidense, se anunciar\u00e1 este s\u00e1bado en Doral, Florida.<\/span><\/p>\n<p class=\"v1MsoNormal\"><span lang=\"ES-BO\">\u00a0<\/span><\/p>\n<p class=\"v1MsoNormal\"><span lang=\"ES-BO\">REDADAS MIGRATORIAS<\/span><\/p>\n<p class=\"v1MsoNormal\"><span lang=\"ES-BO\">Noem, exgobernadora de Dakota del Sur, se convirti\u00f3 en una de las secretarias m\u00e1s destacadas de la Administraci\u00f3n Trump. Su labor fue cuestionada por su gesti\u00f3n de la crisis de las redadas migratorias en el estado de Minesota llevadas a cabo por el Servicio de Inmigraci\u00f3n y Control de Aduanas (ICE, por sus siglas en ingl\u00e9s), en las que dos ciudadanos estadounidenses murieron por disparos de agentes federales. El pasado mes de enero, fue criticada por referirse a los dos ciudadanos estadounidenses que murieron por disparos de agentes del ICE, Alex Pretti y Renee Good, como \u00abterroristas dom\u00e9sticos\u00bb.<\/span><\/p>\n<p class=\"v1MsoNormal\"><span lang=\"ES-BO\">Adem\u00e1s, esta misma semana hab\u00eda comparecido en el Capitolio en una pol\u00e9mica intervenci\u00f3n en la que se neg\u00f3 a retractarse de esos comentarios y en la que culp\u00f3 a los manifestantes del caos y defendi\u00f3 la pol\u00edtica de deportaciones masivas de Trump. Fue duramente cuestionada por senadores dem\u00f3cratas y tambi\u00e9n por el republicano Thom Tillis, que pidi\u00f3 su dimisi\u00f3n y record\u00f3 el pol\u00e9mico episodio de su libro en el que Noem relataba c\u00f3mo hab\u00eda matado a su perra y a una cabra.<\/span><\/p>\n<p class=\"v1MsoNormal\"><span lang=\"ES-BO\">La presi\u00f3n sobre Noem ha ido aumentando en los \u00faltimos d\u00edas por una pol\u00e9mica y agresiva campa\u00f1a para publicitar la labor de su departamento adjudicada el a\u00f1o pasado. Se revel\u00f3 que su cartera abander\u00f3 una \u00abemergencia\u00bb fronteriza para justificar la concesi\u00f3n de la campa\u00f1a, valorada en unos 220 millones de d\u00f3lares, sin licitaci\u00f3n previa a una entidad controlada por el marido de la exportavoz del Departamento de Seguridad Nacional de Estados Unidos, Tricia McLaughlin. En una entrevista concedida ayer a la agencia Reuters, el propio Donald Trump asegur\u00f3 no tener conocimiento de esas contratos.<\/span><\/p>\n<p class=\"v1MsoNormal\"><span lang=\"ES-BO\">En marzo de 2025, Noem recorri\u00f3 la c\u00e1rcel salvadore\u00f1a de m\u00e1xima seguridad donde se encuentran detenidos m\u00e1s de 200 migrantes venezolanos. Desde all\u00ed, agradeci\u00f3 a El Salvador y a su presidente por \u00absu asociaci\u00f3n con los Estados Unidos\u00bb para traer a terroristas y encarcelarlos.(RTVE)<\/span><\/p>\n","protected":false},"excerpt":{"rendered":"<p>El presidente de Estados Unidos, Donald Trump, anunci\u00f3 ayer el cese de la secretaria del Departamento de Seguridad Nacional, Kristi Noem, que dejar\u00e1 el cargo el pr\u00f3ximo 31 de marzo. Tal y como anunci\u00f3 el republicano, la sustituir\u00e1 Markwayne Mullin, senador del Estado de Oklahoma desde 2023 y empresario de origen cherokee. \u00abMarkwayne trabajar\u00e1 incansablemente [&hellip;]<\/p>\n","protected":false},"author":1,"featured_media":373785,"comment_status":"closed","ping_status":"open","sticky":false,"template":"","format":"standard","meta":{"_acf_changed":false,"footnotes":""},"categories":[3],"tags":[],"class_list":["post-373784","post","type-post","status-publish","format-standard","has-post-thumbnail","category-internacional"],"acf":{"antetitulo":"Estados Unidos"},"yoast_head":"<!-- This site is optimized with the Yoast SEO plugin v28.4 - https:\/\/yoast.com\/product\/yoast-seo-wordpress\/ -->\n<title>Trump cesa a Secretaria de Seguridad Nacional - El Diario - Bolivia<\/title>\n<meta name=\"robots\" content=\"index, follow, max-snippet:-1, max-image-preview:large, max-video-preview:-1\" \/>\n<link rel=\"canonical\" href=\"https:\/\/www.eldiario.net\/portal\/2026\/03\/06\/trump-cesa-a-secretaria-de-seguridad-nacional\/\" \/>\n<meta property=\"og:locale\" content=\"es_ES\" \/>\n<meta property=\"og:type\" content=\"article\" \/>\n<meta property=\"og:title\" content=\"Trump cesa a Secretaria de Seguridad Nacional - El Diario - Bolivia\" \/>\n<meta property=\"og:description\" content=\"El presidente de Estados Unidos, Donald Trump, anunci\u00f3 ayer el cese de la secretaria del Departamento de Seguridad Nacional, Kristi Noem, que dejar\u00e1 el cargo el pr\u00f3ximo 31 de marzo. Tal y como anunci\u00f3 el republicano, la sustituir\u00e1 Markwayne Mullin, senador del Estado de Oklahoma desde 2023 y empresario de origen cherokee. \u00abMarkwayne trabajar\u00e1 incansablemente [&hellip;]\" \/>\n<meta property=\"og:url\" content=\"https:\/\/www.eldiario.net\/portal\/2026\/03\/06\/trump-cesa-a-secretaria-de-seguridad-nacional\/\" \/>\n<meta property=\"og:site_name\" content=\"El Diario - Bolivia\" \/>\n<meta property=\"article:publisher\" content=\"https:\/\/www.facebook.com\/eldiario.bolivia\/\" \/>\n<meta property=\"article:published_time\" content=\"2026-03-06T10:28:46+00:00\" \/>\n<meta property=\"og:image\" content=\"https:\/\/www.eldiario.net\/portal\/wp-content\/uploads\/2026\/03\/SEGURIDAD-Picture-Alliance.webp\" \/>\n\t<meta property=\"og:image:width\" content=\"1200\" \/>\n\t<meta property=\"og:image:height\" content=\"525\" \/>\n\t<meta property=\"og:image:type\" content=\"image\/webp\" \/>\n<meta name=\"author\" content=\"Jeanette\" \/>\n<meta name=\"twitter:card\" content=\"summary_large_image\" \/>\n<meta name=\"twitter:creator\" content=\"@eldiario_net\" \/>\n<meta name=\"twitter:site\" content=\"@eldiario_net\" \/>\n<meta name=\"twitter:label1\" content=\"Escrito por\" \/>\n\t<meta name=\"twitter:data1\" content=\"Jeanette\" \/>\n\t<meta name=\"twitter:label2\" content=\"Tiempo de lectura\" \/>\n\t<meta name=\"twitter:data2\" content=\"3 minutos\" \/>\n<script type=\"application\/ld+json\" class=\"yoast-schema-graph\">{\"@context\":\"https:\\\/\\\/schema.org\",\"@graph\":[{\"@type\":\"Article\",\"@id\":\"https:\\\/\\\/www.eldiario.net\\\/portal\\\/2026\\\/03\\\/06\\\/trump-cesa-a-secretaria-de-seguridad-nacional\\\/#article\",\"isPartOf\":{\"@id\":\"https:\\\/\\\/www.eldiario.net\\\/portal\\\/2026\\\/03\\\/06\\\/trump-cesa-a-secretaria-de-seguridad-nacional\\\/\"},\"author\":{\"name\":\"Jeanette\",\"@id\":\"https:\\\/\\\/www.eldiario.net\\\/portal\\\/#\\\/schema\\\/person\\\/2c57cf2b7a7ae032e449e4c9b1019eac\"},\"headline\":\"Trump cesa a Secretaria de Seguridad Nacional\",\"datePublished\":\"2026-03-06T10:28:46+00:00\",\"mainEntityOfPage\":{\"@id\":\"https:\\\/\\\/www.eldiario.net\\\/portal\\\/2026\\\/03\\\/06\\\/trump-cesa-a-secretaria-de-seguridad-nacional\\\/\"},\"wordCount\":522,\"publisher\":{\"@id\":\"https:\\\/\\\/www.eldiario.net\\\/portal\\\/#organization\"},\"image\":{\"@id\":\"https:\\\/\\\/www.eldiario.net\\\/portal\\\/2026\\\/03\\\/06\\\/trump-cesa-a-secretaria-de-seguridad-nacional\\\/#primaryimage\"},\"thumbnailUrl\":\"https:\\\/\\\/www.eldiario.net\\\/portal\\\/wp-content\\\/uploads\\\/2026\\\/03\\\/SEGURIDAD-Picture-Alliance.webp\",\"articleSection\":[\"Internacional\"],\"inLanguage\":\"es\"},{\"@type\":\"WebPage\",\"@id\":\"https:\\\/\\\/www.eldiario.net\\\/portal\\\/2026\\\/03\\\/06\\\/trump-cesa-a-secretaria-de-seguridad-nacional\\\/\",\"url\":\"https:\\\/\\\/www.eldiario.net\\\/portal\\\/2026\\\/03\\\/06\\\/trump-cesa-a-secretaria-de-seguridad-nacional\\\/\",\"name\":\"Trump cesa a Secretaria de Seguridad Nacional - El Diario - Bolivia\",\"isPartOf\":{\"@id\":\"https:\\\/\\\/www.eldiario.net\\\/portal\\\/#website\"},\"primaryImageOfPage\":{\"@id\":\"https:\\\/\\\/www.eldiario.net\\\/portal\\\/2026\\\/03\\\/06\\\/trump-cesa-a-secretaria-de-seguridad-nacional\\\/#primaryimage\"},\"image\":{\"@id\":\"https:\\\/\\\/www.eldiario.net\\\/portal\\\/2026\\\/03\\\/06\\\/trump-cesa-a-secretaria-de-seguridad-nacional\\\/#primaryimage\"},\"thumbnailUrl\":\"https:\\\/\\\/www.eldiario.net\\\/portal\\\/wp-content\\\/uploads\\\/2026\\\/03\\\/SEGURIDAD-Picture-Alliance.webp\",\"datePublished\":\"2026-03-06T10:28:46+00:00\",\"breadcrumb\":{\"@id\":\"https:\\\/\\\/www.eldiario.net\\\/portal\\\/2026\\\/03\\\/06\\\/trump-cesa-a-secretaria-de-seguridad-nacional\\\/#breadcrumb\"},\"inLanguage\":\"es\",\"potentialAction\":[{\"@type\":\"ReadAction\",\"target\":[\"https:\\\/\\\/www.eldiario.net\\\/portal\\\/2026\\\/03\\\/06\\\/trump-cesa-a-secretaria-de-seguridad-nacional\\\/\"]}]},{\"@type\":\"ImageObject\",\"inLanguage\":\"es\",\"@id\":\"https:\\\/\\\/www.eldiario.net\\\/portal\\\/2026\\\/03\\\/06\\\/trump-cesa-a-secretaria-de-seguridad-nacional\\\/#primaryimage\",\"url\":\"https:\\\/\\\/www.eldiario.net\\\/portal\\\/wp-content\\\/uploads\\\/2026\\\/03\\\/SEGURIDAD-Picture-Alliance.webp\",\"contentUrl\":\"https:\\\/\\\/www.eldiario.net\\\/portal\\\/wp-content\\\/uploads\\\/2026\\\/03\\\/SEGURIDAD-Picture-Alliance.webp\",\"width\":1200,\"height\":525,\"caption\":\"La secretaria de Seguridad Nacional de Estados Unidos, Kristi Noem. CREDITO: Picture Alliance\"},{\"@type\":\"BreadcrumbList\",\"@id\":\"https:\\\/\\\/www.eldiario.net\\\/portal\\\/2026\\\/03\\\/06\\\/trump-cesa-a-secretaria-de-seguridad-nacional\\\/#breadcrumb\",\"itemListElement\":[{\"@type\":\"ListItem\",\"position\":1,\"name\":\"Portada\",\"item\":\"https:\\\/\\\/www.eldiario.net\\\/portal\\\/\"},{\"@type\":\"ListItem\",\"position\":2,\"name\":\"Trump cesa a Secretaria de Seguridad Nacional\"}]},{\"@type\":\"WebSite\",\"@id\":\"https:\\\/\\\/www.eldiario.net\\\/portal\\\/#website\",\"url\":\"https:\\\/\\\/www.eldiario.net\\\/portal\\\/\",\"name\":\"El Diario - Decano de la prensa nacional\",\"description\":\"El Diario - Decano de la prensa nacional\",\"publisher\":{\"@id\":\"https:\\\/\\\/www.eldiario.net\\\/portal\\\/#organization\"},\"potentialAction\":[{\"@type\":\"SearchAction\",\"target\":{\"@type\":\"EntryPoint\",\"urlTemplate\":\"https:\\\/\\\/www.eldiario.net\\\/portal\\\/?s={search_term_string}\"},\"query-input\":{\"@type\":\"PropertyValueSpecification\",\"valueRequired\":true,\"valueName\":\"search_term_string\"}}],\"inLanguage\":\"es\"},{\"@type\":\"Organization\",\"@id\":\"https:\\\/\\\/www.eldiario.net\\\/portal\\\/#organization\",\"name\":\"El Diario - Decano de la prensa nacional\",\"url\":\"https:\\\/\\\/www.eldiario.net\\\/portal\\\/\",\"logo\":{\"@type\":\"ImageObject\",\"inLanguage\":\"es\",\"@id\":\"https:\\\/\\\/www.eldiario.net\\\/portal\\\/#\\\/schema\\\/logo\\\/image\\\/\",\"url\":\"https:\\\/\\\/www.eldiario.net\\\/portal\\\/wp-content\\\/uploads\\\/2023\\\/07\\\/logo_ED.jpg\",\"contentUrl\":\"https:\\\/\\\/www.eldiario.net\\\/portal\\\/wp-content\\\/uploads\\\/2023\\\/07\\\/logo_ED.jpg\",\"width\":272,\"height\":52,\"caption\":\"El Diario - Decano de la prensa nacional\"},\"image\":{\"@id\":\"https:\\\/\\\/www.eldiario.net\\\/portal\\\/#\\\/schema\\\/logo\\\/image\\\/\"},\"sameAs\":[\"https:\\\/\\\/www.facebook.com\\\/eldiario.bolivia\\\/\",\"https:\\\/\\\/x.com\\\/eldiario_net\"]},{\"@type\":\"Person\",\"@id\":\"https:\\\/\\\/www.eldiario.net\\\/portal\\\/#\\\/schema\\\/person\\\/2c57cf2b7a7ae032e449e4c9b1019eac\",\"name\":\"Jeanette\",\"image\":{\"@type\":\"ImageObject\",\"inLanguage\":\"es\",\"@id\":\"https:\\\/\\\/secure.gravatar.com\\\/avatar\\\/3ea2118a5f7dad2b7138b1187a6b7ee55f160b9968b66013c3a3ef39dd7e5798?s=96&d=mm&r=g\",\"url\":\"https:\\\/\\\/secure.gravatar.com\\\/avatar\\\/3ea2118a5f7dad2b7138b1187a6b7ee55f160b9968b66013c3a3ef39dd7e5798?s=96&d=mm&r=g\",\"contentUrl\":\"https:\\\/\\\/secure.gravatar.com\\\/avatar\\\/3ea2118a5f7dad2b7138b1187a6b7ee55f160b9968b66013c3a3ef39dd7e5798?s=96&d=mm&r=g\",\"caption\":\"Jeanette\"},\"sameAs\":[\"https:\\\/\\\/www.eldiario.net\\\/portal\"],\"url\":\"https:\\\/\\\/www.eldiario.net\\\/portal\\\/author\\\/jeanette\\\/\"}]}<\/script>\n<!-- \/ Yoast SEO plugin. -->","yoast_head_json":{"title":"Trump cesa a Secretaria de Seguridad Nacional - El Diario - Bolivia","robots":{"index":"index","follow":"follow","max-snippet":"max-snippet:-1","max-image-preview":"max-image-preview:large","max-video-preview":"max-video-preview:-1"},"canonical":"https:\/\/www.eldiario.net\/portal\/2026\/03\/06\/trump-cesa-a-secretaria-de-seguridad-nacional\/","og_locale":"es_ES","og_type":"article","og_title":"Trump cesa a Secretaria de Seguridad Nacional - El Diario - Bolivia","og_description":"El presidente de Estados Unidos, Donald Trump, anunci\u00f3 ayer el cese de la secretaria del Departamento de Seguridad Nacional, Kristi Noem, que dejar\u00e1 el cargo el pr\u00f3ximo 31 de marzo. Tal y como anunci\u00f3 el republicano, la sustituir\u00e1 Markwayne Mullin, senador del Estado de Oklahoma desde 2023 y empresario de origen cherokee. \u00abMarkwayne trabajar\u00e1 incansablemente [&hellip;]","og_url":"https:\/\/www.eldiario.net\/portal\/2026\/03\/06\/trump-cesa-a-secretaria-de-seguridad-nacional\/","og_site_name":"El Diario - Bolivia","article_publisher":"https:\/\/www.facebook.com\/eldiario.bolivia\/","article_published_time":"2026-03-06T10:28:46+00:00","og_image":[{"width":1200,"height":525,"url":"https:\/\/www.eldiario.net\/portal\/wp-content\/uploads\/2026\/03\/SEGURIDAD-Picture-Alliance.webp","type":"image\/webp"}],"author":"Jeanette","twitter_card":"summary_large_image","twitter_creator":"@eldiario_net","twitter_site":"@eldiario_net","twitter_misc":{"Escrito por":"Jeanette","Tiempo de lectura":"3 minutos"},"schema":{"@context":"https:\/\/schema.org","@graph":[{"@type":"Article","@id":"https:\/\/www.eldiario.net\/portal\/2026\/03\/06\/trump-cesa-a-secretaria-de-seguridad-nacional\/#article","isPartOf":{"@id":"https:\/\/www.eldiario.net\/portal\/2026\/03\/06\/trump-cesa-a-secretaria-de-seguridad-nacional\/"},"author":{"name":"Jeanette","@id":"https:\/\/www.eldiario.net\/portal\/#\/schema\/person\/2c57cf2b7a7ae032e449e4c9b1019eac"},"headline":"Trump cesa a Secretaria de Seguridad Nacional","datePublished":"2026-03-06T10:28:46+00:00","mainEntityOfPage":{"@id":"https:\/\/www.eldiario.net\/portal\/2026\/03\/06\/trump-cesa-a-secretaria-de-seguridad-nacional\/"},"wordCount":522,"publisher":{"@id":"https:\/\/www.eldiario.net\/portal\/#organization"},"image":{"@id":"https:\/\/www.eldiario.net\/portal\/2026\/03\/06\/trump-cesa-a-secretaria-de-seguridad-nacional\/#primaryimage"},"thumbnailUrl":"https:\/\/www.eldiario.net\/portal\/wp-content\/uploads\/2026\/03\/SEGURIDAD-Picture-Alliance.webp","articleSection":["Internacional"],"inLanguage":"es"},{"@type":"WebPage","@id":"https:\/\/www.eldiario.net\/portal\/2026\/03\/06\/trump-cesa-a-secretaria-de-seguridad-nacional\/","url":"https:\/\/www.eldiario.net\/portal\/2026\/03\/06\/trump-cesa-a-secretaria-de-seguridad-nacional\/","name":"Trump cesa a Secretaria de Seguridad Nacional - El Diario - Bolivia","isPartOf":{"@id":"https:\/\/www.eldiario.net\/portal\/#website"},"primaryImageOfPage":{"@id":"https:\/\/www.eldiario.net\/portal\/2026\/03\/06\/trump-cesa-a-secretaria-de-seguridad-nacional\/#primaryimage"},"image":{"@id":"https:\/\/www.eldiario.net\/portal\/2026\/03\/06\/trump-cesa-a-secretaria-de-seguridad-nacional\/#primaryimage"},"thumbnailUrl":"https:\/\/www.eldiario.net\/portal\/wp-content\/uploads\/2026\/03\/SEGURIDAD-Picture-Alliance.webp","datePublished":"2026-03-06T10:28:46+00:00","breadcrumb":{"@id":"https:\/\/www.eldiario.net\/portal\/2026\/03\/06\/trump-cesa-a-secretaria-de-seguridad-nacional\/#breadcrumb"},"inLanguage":"es","potentialAction":[{"@type":"ReadAction","target":["https:\/\/www.eldiario.net\/portal\/2026\/03\/06\/trump-cesa-a-secretaria-de-seguridad-nacional\/"]}]},{"@type":"ImageObject","inLanguage":"es","@id":"https:\/\/www.eldiario.net\/portal\/2026\/03\/06\/trump-cesa-a-secretaria-de-seguridad-nacional\/#primaryimage","url":"https:\/\/www.eldiario.net\/portal\/wp-content\/uploads\/2026\/03\/SEGURIDAD-Picture-Alliance.webp","contentUrl":"https:\/\/www.eldiario.net\/portal\/wp-content\/uploads\/2026\/03\/SEGURIDAD-Picture-Alliance.webp","width":1200,"height":525,"caption":"La secretaria de Seguridad Nacional de Estados Unidos, Kristi Noem. CREDITO: Picture Alliance"},{"@type":"BreadcrumbList","@id":"https:\/\/www.eldiario.net\/portal\/2026\/03\/06\/trump-cesa-a-secretaria-de-seguridad-nacional\/#breadcrumb","itemListElement":[{"@type":"ListItem","position":1,"name":"Portada","item":"https:\/\/www.eldiario.net\/portal\/"},{"@type":"ListItem","position":2,"name":"Trump cesa a Secretaria de Seguridad Nacional"}]},{"@type":"WebSite","@id":"https:\/\/www.eldiario.net\/portal\/#website","url":"https:\/\/www.eldiario.net\/portal\/","name":"El Diario - Decano de la prensa nacional","description":"El Diario - Decano de la prensa nacional","publisher":{"@id":"https:\/\/www.eldiario.net\/portal\/#organization"},"potentialAction":[{"@type":"SearchAction","target":{"@type":"EntryPoint","urlTemplate":"https:\/\/www.eldiario.net\/portal\/?s={search_term_string}"},"query-input":{"@type":"PropertyValueSpecification","valueRequired":true,"valueName":"search_term_string"}}],"inLanguage":"es"},{"@type":"Organization","@id":"https:\/\/www.eldiario.net\/portal\/#organization","name":"El Diario - Decano de la prensa nacional","url":"https:\/\/www.eldiario.net\/portal\/","logo":{"@type":"ImageObject","inLanguage":"es","@id":"https:\/\/www.eldiario.net\/portal\/#\/schema\/logo\/image\/","url":"https:\/\/www.eldiario.net\/portal\/wp-content\/uploads\/2023\/07\/logo_ED.jpg","contentUrl":"https:\/\/www.eldiario.net\/portal\/wp-content\/uploads\/2023\/07\/logo_ED.jpg","width":272,"height":52,"caption":"El Diario - Decano de la prensa nacional"},"image":{"@id":"https:\/\/www.eldiario.net\/portal\/#\/schema\/logo\/image\/"},"sameAs":["https:\/\/www.facebook.com\/eldiario.bolivia\/","https:\/\/x.com\/eldiario_net"]},{"@type":"Person","@id":"https:\/\/www.eldiario.net\/portal\/#\/schema\/person\/2c57cf2b7a7ae032e449e4c9b1019eac","name":"Jeanette","image":{"@type":"ImageObject","inLanguage":"es","@id":"https:\/\/secure.gravatar.com\/avatar\/3ea2118a5f7dad2b7138b1187a6b7ee55f160b9968b66013c3a3ef39dd7e5798?s=96&d=mm&r=g","url":"https:\/\/secure.gravatar.com\/avatar\/3ea2118a5f7dad2b7138b1187a6b7ee55f160b9968b66013c3a3ef39dd7e5798?s=96&d=mm&r=g","contentUrl":"https:\/\/secure.gravatar.com\/avatar\/3ea2118a5f7dad2b7138b1187a6b7ee55f160b9968b66013c3a3ef39dd7e5798?s=96&d=mm&r=g","caption":"Jeanette"},"sameAs":["https:\/\/www.eldiario.net\/portal"],"url":"https:\/\/www.eldiario.net\/portal\/author\/jeanette\/"}]}},"_links":{"self":[{"href":"https:\/\/www.eldiario.net\/portal\/wp-json\/wp\/v2\/posts\/373784","targetHints":{"allow":["GET"]}}],"collection":[{"href":"https:\/\/www.eldiario.net\/portal\/wp-json\/wp\/v2\/posts"}],"about":[{"href":"https:\/\/www.eldiario.net\/portal\/wp-json\/wp\/v2\/types\/post"}],"author":[{"embeddable":true,"href":"https:\/\/www.eldiario.net\/portal\/wp-json\/wp\/v2\/users\/1"}],"replies":[{"embeddable":true,"href":"https:\/\/www.eldiario.net\/portal\/wp-json\/wp\/v2\/comments?post=373784"}],"version-history":[{"count":1,"href":"https:\/\/www.eldiario.net\/portal\/wp-json\/wp\/v2\/posts\/373784\/revisions"}],"predecessor-version":[{"id":373786,"href":"https:\/\/www.eldiario.net\/portal\/wp-json\/wp\/v2\/posts\/373784\/revisions\/373786"}],"wp:featuredmedia":[{"embeddable":true,"href":"https:\/\/www.eldiario.net\/portal\/wp-json\/wp\/v2\/media\/373785"}],"wp:attachment":[{"href":"https:\/\/www.eldiario.net\/portal\/wp-json\/wp\/v2\/media?parent=373784"}],"wp:term":[{"taxonomy":"category","embeddable":true,"href":"https:\/\/www.eldiario.net\/portal\/wp-json\/wp\/v2\/categories?post=373784"},{"taxonomy":"post_tag","embeddable":true,"href":"https:\/\/www.eldiario.net\/portal\/wp-json\/wp\/v2\/tags?post=373784"}],"curies":[{"name":"wp","href":"https:\/\/api.w.org\/{rel}","templated":true}]}}