{"id":373781,"date":"2026-03-06T06:27:39","date_gmt":"2026-03-06T10:27:39","guid":{"rendered":"https:\/\/www.eldiario.net\/portal\/?p=373781"},"modified":"2026-03-06T06:27:39","modified_gmt":"2026-03-06T10:27:39","slug":"cuba-logra-reconectar-red-electrica-tras-largo-apagon-2","status":"publish","type":"post","link":"https:\/\/www.eldiario.net\/portal\/2026\/03\/06\/cuba-logra-reconectar-red-electrica-tras-largo-apagon-2\/","title":{"rendered":"Cuba logra reconectar red  el\u00e9ctrica tras largo apag\u00f3n"},"content":{"rendered":"<p class=\"v1MsoNormal\">Cuba logr\u00f3 reconectar su red el\u00e9ctrica ayer, un d\u00eda despu\u00e9s de un nuevo apag\u00f3n masivo que afect\u00f3 a dos tercios de la isla, incluida La Habana, anunci\u00f3 el Ministerio de Energ\u00eda y Minas. Si bien el centro y el oeste del pa\u00eds recuperaron el servicio, todav\u00eda amplias zonas del pa\u00eds segu\u00edan sin poder acceder al suministro el\u00e9ctrico, tras m\u00e1s de 20 horas.<\/p>\n<p class=\"v1MsoNormal\"><span lang=\"ES-BO\">\u00abA las 05:01 de esta madrugada qued\u00f3 interconectado el Sistema El\u00e9ctrico, desde Guant\u00e1namo hasta Pinar Del R\u00edo\u00bb, provincias en los extremos este y oeste de la isla, inform\u00f3 el ministerio en X (Twitter). \u00abContin\u00faa la incorporaci\u00f3n de unidades de generaci\u00f3n (el\u00e9ctrica)\u00bb para que la corriente siga llegando a la poblaci\u00f3n, precis\u00f3 el gobierno. El corte afect\u00f3 a unas 6 millones de personas.<\/span><\/p>\n<p class=\"v1MsoNormal\"><span lang=\"ES-BO\">Seg\u00fan las primeras informaciones, una aver\u00eda provoc\u00f3 una desconexi\u00f3n \u00abinesperada\u00bb de la central termoel\u00e9ctrica Antonio Guiteras, la principal de la isla. La estatal Uni\u00f3n El\u00e9ctrica (UNE) explic\u00f3 que el encendido de varias centrales t\u00e9rmicas llev\u00f3 al sistema a poder generar a primera hora de la ma\u00f1ana 590 megavatios, una cantidad que cubre una fracci\u00f3n de las necesidades del pa\u00eds.<\/span><\/p>\n<p class=\"v1MsoNormal\"><span lang=\"ES-BO\">\u00a0<\/span><\/p>\n<p class=\"v1MsoNormal\"><span lang=\"ES-BO\">CORTES CONSTANTES<\/span><\/p>\n<p class=\"v1MsoNormal\"><span lang=\"ES-BO\">La red el\u00e9ctrica cubana sufre regularmente cortes de suministro debido al envejecimiento de la infraestructura y la escasez de combustible. La isla de 9,6 millones de habitantes experiment\u00f3 cinco apagones generalizados desde finales de 2024. Adem\u00e1s, los cubanos soportan a diario largu\u00edsimos cortes programados. La capital cubana tuvo en los \u00faltimos d\u00edas cortes de m\u00e1s de 15 horas, que en las provincias pueden prolongarse por m\u00e1s de un d\u00eda.<\/span><\/p>\n<p class=\"v1MsoNormal\"><span lang=\"ES-BO\">Los apagones se agravaron desde que la administraci\u00f3n de Donald Trump impuso un bloqueo energ\u00e9tico de facto tras el derrocamiento del mandatario venezolano Nicol\u00e1s Maduro, aliado de La Habana, y el cese, bajo presi\u00f3n de Washington, de los env\u00edos de petr\u00f3leo desde Caracas a la isla de gobierno comunista, lo que oblig\u00f3 a La Habana a adoptar dr\u00e1sticas medidas de ahorro.(Dw)<\/span><\/p>\n","protected":false},"excerpt":{"rendered":"<p>Cuba logr\u00f3 reconectar su red el\u00e9ctrica ayer, un d\u00eda despu\u00e9s de un nuevo apag\u00f3n masivo que afect\u00f3 a dos tercios de la isla, incluida La Habana, anunci\u00f3 el Ministerio de Energ\u00eda y Minas. Si bien el centro y el oeste del pa\u00eds recuperaron el servicio, todav\u00eda amplias zonas del pa\u00eds segu\u00edan sin poder acceder al [&hellip;]<\/p>\n","protected":false},"author":1,"featured_media":373782,"comment_status":"closed","ping_status":"open","sticky":false,"template":"","format":"standard","meta":{"_acf_changed":false,"footnotes":""},"categories":[3],"tags":[],"class_list":["post-373781","post","type-post","status-publish","format-standard","has-post-thumbnail","category-internacional"],"acf":{"antetitulo":""},"yoast_head":"<!-- This site is optimized with the Yoast SEO plugin v28.4 - https:\/\/yoast.com\/product\/yoast-seo-wordpress\/ -->\n<title>Cuba logra reconectar red el\u00e9ctrica tras largo apag\u00f3n - El Diario - Bolivia<\/title>\n<meta name=\"robots\" content=\"index, follow, max-snippet:-1, max-image-preview:large, max-video-preview:-1\" \/>\n<link rel=\"canonical\" href=\"https:\/\/www.eldiario.net\/portal\/2026\/03\/06\/cuba-logra-reconectar-red-electrica-tras-largo-apagon-2\/\" \/>\n<meta property=\"og:locale\" content=\"es_ES\" \/>\n<meta property=\"og:type\" content=\"article\" \/>\n<meta property=\"og:title\" content=\"Cuba logra reconectar red el\u00e9ctrica tras largo apag\u00f3n - El Diario - Bolivia\" \/>\n<meta property=\"og:description\" content=\"Cuba logr\u00f3 reconectar su red el\u00e9ctrica ayer, un d\u00eda despu\u00e9s de un nuevo apag\u00f3n masivo que afect\u00f3 a dos tercios de la isla, incluida La Habana, anunci\u00f3 el Ministerio de Energ\u00eda y Minas. Si bien el centro y el oeste del pa\u00eds recuperaron el servicio, todav\u00eda amplias zonas del pa\u00eds segu\u00edan sin poder acceder al [&hellip;]\" \/>\n<meta property=\"og:url\" content=\"https:\/\/www.eldiario.net\/portal\/2026\/03\/06\/cuba-logra-reconectar-red-electrica-tras-largo-apagon-2\/\" \/>\n<meta property=\"og:site_name\" content=\"El Diario - Bolivia\" \/>\n<meta property=\"article:publisher\" content=\"https:\/\/www.facebook.com\/eldiario.bolivia\/\" \/>\n<meta property=\"article:published_time\" content=\"2026-03-06T10:27:39+00:00\" \/>\n<meta property=\"og:image\" content=\"https:\/\/www.eldiario.net\/portal\/wp-content\/uploads\/2026\/03\/APAGON-Getty-Images.webp\" \/>\n\t<meta property=\"og:image:width\" content=\"1200\" \/>\n\t<meta property=\"og:image:height\" content=\"525\" \/>\n\t<meta property=\"og:image:type\" content=\"image\/webp\" \/>\n<meta name=\"author\" content=\"Jeanette\" \/>\n<meta name=\"twitter:card\" content=\"summary_large_image\" \/>\n<meta name=\"twitter:creator\" content=\"@eldiario_net\" \/>\n<meta name=\"twitter:site\" content=\"@eldiario_net\" \/>\n<meta name=\"twitter:label1\" content=\"Escrito por\" \/>\n\t<meta name=\"twitter:data1\" content=\"Jeanette\" \/>\n\t<meta name=\"twitter:label2\" content=\"Tiempo de lectura\" \/>\n\t<meta name=\"twitter:data2\" content=\"2 minutos\" \/>\n<script type=\"application\/ld+json\" class=\"yoast-schema-graph\">{\"@context\":\"https:\\\/\\\/schema.org\",\"@graph\":[{\"@type\":\"Article\",\"@id\":\"https:\\\/\\\/www.eldiario.net\\\/portal\\\/2026\\\/03\\\/06\\\/cuba-logra-reconectar-red-electrica-tras-largo-apagon-2\\\/#article\",\"isPartOf\":{\"@id\":\"https:\\\/\\\/www.eldiario.net\\\/portal\\\/2026\\\/03\\\/06\\\/cuba-logra-reconectar-red-electrica-tras-largo-apagon-2\\\/\"},\"author\":{\"name\":\"Jeanette\",\"@id\":\"https:\\\/\\\/www.eldiario.net\\\/portal\\\/#\\\/schema\\\/person\\\/2c57cf2b7a7ae032e449e4c9b1019eac\"},\"headline\":\"Cuba logra reconectar red el\u00e9ctrica tras largo apag\u00f3n\",\"datePublished\":\"2026-03-06T10:27:39+00:00\",\"mainEntityOfPage\":{\"@id\":\"https:\\\/\\\/www.eldiario.net\\\/portal\\\/2026\\\/03\\\/06\\\/cuba-logra-reconectar-red-electrica-tras-largo-apagon-2\\\/\"},\"wordCount\":362,\"publisher\":{\"@id\":\"https:\\\/\\\/www.eldiario.net\\\/portal\\\/#organization\"},\"image\":{\"@id\":\"https:\\\/\\\/www.eldiario.net\\\/portal\\\/2026\\\/03\\\/06\\\/cuba-logra-reconectar-red-electrica-tras-largo-apagon-2\\\/#primaryimage\"},\"thumbnailUrl\":\"https:\\\/\\\/www.eldiario.net\\\/portal\\\/wp-content\\\/uploads\\\/2026\\\/03\\\/APAGON-Getty-Images.webp\",\"articleSection\":[\"Internacional\"],\"inLanguage\":\"es\"},{\"@type\":\"WebPage\",\"@id\":\"https:\\\/\\\/www.eldiario.net\\\/portal\\\/2026\\\/03\\\/06\\\/cuba-logra-reconectar-red-electrica-tras-largo-apagon-2\\\/\",\"url\":\"https:\\\/\\\/www.eldiario.net\\\/portal\\\/2026\\\/03\\\/06\\\/cuba-logra-reconectar-red-electrica-tras-largo-apagon-2\\\/\",\"name\":\"Cuba logra reconectar red el\u00e9ctrica tras largo apag\u00f3n - El Diario - Bolivia\",\"isPartOf\":{\"@id\":\"https:\\\/\\\/www.eldiario.net\\\/portal\\\/#website\"},\"primaryImageOfPage\":{\"@id\":\"https:\\\/\\\/www.eldiario.net\\\/portal\\\/2026\\\/03\\\/06\\\/cuba-logra-reconectar-red-electrica-tras-largo-apagon-2\\\/#primaryimage\"},\"image\":{\"@id\":\"https:\\\/\\\/www.eldiario.net\\\/portal\\\/2026\\\/03\\\/06\\\/cuba-logra-reconectar-red-electrica-tras-largo-apagon-2\\\/#primaryimage\"},\"thumbnailUrl\":\"https:\\\/\\\/www.eldiario.net\\\/portal\\\/wp-content\\\/uploads\\\/2026\\\/03\\\/APAGON-Getty-Images.webp\",\"datePublished\":\"2026-03-06T10:27:39+00:00\",\"breadcrumb\":{\"@id\":\"https:\\\/\\\/www.eldiario.net\\\/portal\\\/2026\\\/03\\\/06\\\/cuba-logra-reconectar-red-electrica-tras-largo-apagon-2\\\/#breadcrumb\"},\"inLanguage\":\"es\",\"potentialAction\":[{\"@type\":\"ReadAction\",\"target\":[\"https:\\\/\\\/www.eldiario.net\\\/portal\\\/2026\\\/03\\\/06\\\/cuba-logra-reconectar-red-electrica-tras-largo-apagon-2\\\/\"]}]},{\"@type\":\"ImageObject\",\"inLanguage\":\"es\",\"@id\":\"https:\\\/\\\/www.eldiario.net\\\/portal\\\/2026\\\/03\\\/06\\\/cuba-logra-reconectar-red-electrica-tras-largo-apagon-2\\\/#primaryimage\",\"url\":\"https:\\\/\\\/www.eldiario.net\\\/portal\\\/wp-content\\\/uploads\\\/2026\\\/03\\\/APAGON-Getty-Images.webp\",\"contentUrl\":\"https:\\\/\\\/www.eldiario.net\\\/portal\\\/wp-content\\\/uploads\\\/2026\\\/03\\\/APAGON-Getty-Images.webp\",\"width\":1200,\"height\":525,\"caption\":\"Una mujer mira su celular mientras alumbra su casa con una vela en Cuba. CREDITO: Getty Images\"},{\"@type\":\"BreadcrumbList\",\"@id\":\"https:\\\/\\\/www.eldiario.net\\\/portal\\\/2026\\\/03\\\/06\\\/cuba-logra-reconectar-red-electrica-tras-largo-apagon-2\\\/#breadcrumb\",\"itemListElement\":[{\"@type\":\"ListItem\",\"position\":1,\"name\":\"Portada\",\"item\":\"https:\\\/\\\/www.eldiario.net\\\/portal\\\/\"},{\"@type\":\"ListItem\",\"position\":2,\"name\":\"Cuba logra reconectar red el\u00e9ctrica tras largo apag\u00f3n\"}]},{\"@type\":\"WebSite\",\"@id\":\"https:\\\/\\\/www.eldiario.net\\\/portal\\\/#website\",\"url\":\"https:\\\/\\\/www.eldiario.net\\\/portal\\\/\",\"name\":\"El Diario - Decano de la prensa nacional\",\"description\":\"El Diario - Decano de la prensa nacional\",\"publisher\":{\"@id\":\"https:\\\/\\\/www.eldiario.net\\\/portal\\\/#organization\"},\"potentialAction\":[{\"@type\":\"SearchAction\",\"target\":{\"@type\":\"EntryPoint\",\"urlTemplate\":\"https:\\\/\\\/www.eldiario.net\\\/portal\\\/?s={search_term_string}\"},\"query-input\":{\"@type\":\"PropertyValueSpecification\",\"valueRequired\":true,\"valueName\":\"search_term_string\"}}],\"inLanguage\":\"es\"},{\"@type\":\"Organization\",\"@id\":\"https:\\\/\\\/www.eldiario.net\\\/portal\\\/#organization\",\"name\":\"El Diario - Decano de la prensa nacional\",\"url\":\"https:\\\/\\\/www.eldiario.net\\\/portal\\\/\",\"logo\":{\"@type\":\"ImageObject\",\"inLanguage\":\"es\",\"@id\":\"https:\\\/\\\/www.eldiario.net\\\/portal\\\/#\\\/schema\\\/logo\\\/image\\\/\",\"url\":\"https:\\\/\\\/www.eldiario.net\\\/portal\\\/wp-content\\\/uploads\\\/2023\\\/07\\\/logo_ED.jpg\",\"contentUrl\":\"https:\\\/\\\/www.eldiario.net\\\/portal\\\/wp-content\\\/uploads\\\/2023\\\/07\\\/logo_ED.jpg\",\"width\":272,\"height\":52,\"caption\":\"El Diario - Decano de la prensa nacional\"},\"image\":{\"@id\":\"https:\\\/\\\/www.eldiario.net\\\/portal\\\/#\\\/schema\\\/logo\\\/image\\\/\"},\"sameAs\":[\"https:\\\/\\\/www.facebook.com\\\/eldiario.bolivia\\\/\",\"https:\\\/\\\/x.com\\\/eldiario_net\"]},{\"@type\":\"Person\",\"@id\":\"https:\\\/\\\/www.eldiario.net\\\/portal\\\/#\\\/schema\\\/person\\\/2c57cf2b7a7ae032e449e4c9b1019eac\",\"name\":\"Jeanette\",\"image\":{\"@type\":\"ImageObject\",\"inLanguage\":\"es\",\"@id\":\"https:\\\/\\\/secure.gravatar.com\\\/avatar\\\/3ea2118a5f7dad2b7138b1187a6b7ee55f160b9968b66013c3a3ef39dd7e5798?s=96&d=mm&r=g\",\"url\":\"https:\\\/\\\/secure.gravatar.com\\\/avatar\\\/3ea2118a5f7dad2b7138b1187a6b7ee55f160b9968b66013c3a3ef39dd7e5798?s=96&d=mm&r=g\",\"contentUrl\":\"https:\\\/\\\/secure.gravatar.com\\\/avatar\\\/3ea2118a5f7dad2b7138b1187a6b7ee55f160b9968b66013c3a3ef39dd7e5798?s=96&d=mm&r=g\",\"caption\":\"Jeanette\"},\"sameAs\":[\"https:\\\/\\\/www.eldiario.net\\\/portal\"],\"url\":\"https:\\\/\\\/www.eldiario.net\\\/portal\\\/author\\\/jeanette\\\/\"}]}<\/script>\n<!-- \/ Yoast SEO plugin. -->","yoast_head_json":{"title":"Cuba logra reconectar red el\u00e9ctrica tras largo apag\u00f3n - El Diario - Bolivia","robots":{"index":"index","follow":"follow","max-snippet":"max-snippet:-1","max-image-preview":"max-image-preview:large","max-video-preview":"max-video-preview:-1"},"canonical":"https:\/\/www.eldiario.net\/portal\/2026\/03\/06\/cuba-logra-reconectar-red-electrica-tras-largo-apagon-2\/","og_locale":"es_ES","og_type":"article","og_title":"Cuba logra reconectar red el\u00e9ctrica tras largo apag\u00f3n - El Diario - Bolivia","og_description":"Cuba logr\u00f3 reconectar su red el\u00e9ctrica ayer, un d\u00eda despu\u00e9s de un nuevo apag\u00f3n masivo que afect\u00f3 a dos tercios de la isla, incluida La Habana, anunci\u00f3 el Ministerio de Energ\u00eda y Minas. Si bien el centro y el oeste del pa\u00eds recuperaron el servicio, todav\u00eda amplias zonas del pa\u00eds segu\u00edan sin poder acceder al [&hellip;]","og_url":"https:\/\/www.eldiario.net\/portal\/2026\/03\/06\/cuba-logra-reconectar-red-electrica-tras-largo-apagon-2\/","og_site_name":"El Diario - Bolivia","article_publisher":"https:\/\/www.facebook.com\/eldiario.bolivia\/","article_published_time":"2026-03-06T10:27:39+00:00","og_image":[{"width":1200,"height":525,"url":"https:\/\/www.eldiario.net\/portal\/wp-content\/uploads\/2026\/03\/APAGON-Getty-Images.webp","type":"image\/webp"}],"author":"Jeanette","twitter_card":"summary_large_image","twitter_creator":"@eldiario_net","twitter_site":"@eldiario_net","twitter_misc":{"Escrito por":"Jeanette","Tiempo de lectura":"2 minutos"},"schema":{"@context":"https:\/\/schema.org","@graph":[{"@type":"Article","@id":"https:\/\/www.eldiario.net\/portal\/2026\/03\/06\/cuba-logra-reconectar-red-electrica-tras-largo-apagon-2\/#article","isPartOf":{"@id":"https:\/\/www.eldiario.net\/portal\/2026\/03\/06\/cuba-logra-reconectar-red-electrica-tras-largo-apagon-2\/"},"author":{"name":"Jeanette","@id":"https:\/\/www.eldiario.net\/portal\/#\/schema\/person\/2c57cf2b7a7ae032e449e4c9b1019eac"},"headline":"Cuba logra reconectar red el\u00e9ctrica tras largo apag\u00f3n","datePublished":"2026-03-06T10:27:39+00:00","mainEntityOfPage":{"@id":"https:\/\/www.eldiario.net\/portal\/2026\/03\/06\/cuba-logra-reconectar-red-electrica-tras-largo-apagon-2\/"},"wordCount":362,"publisher":{"@id":"https:\/\/www.eldiario.net\/portal\/#organization"},"image":{"@id":"https:\/\/www.eldiario.net\/portal\/2026\/03\/06\/cuba-logra-reconectar-red-electrica-tras-largo-apagon-2\/#primaryimage"},"thumbnailUrl":"https:\/\/www.eldiario.net\/portal\/wp-content\/uploads\/2026\/03\/APAGON-Getty-Images.webp","articleSection":["Internacional"],"inLanguage":"es"},{"@type":"WebPage","@id":"https:\/\/www.eldiario.net\/portal\/2026\/03\/06\/cuba-logra-reconectar-red-electrica-tras-largo-apagon-2\/","url":"https:\/\/www.eldiario.net\/portal\/2026\/03\/06\/cuba-logra-reconectar-red-electrica-tras-largo-apagon-2\/","name":"Cuba logra reconectar red el\u00e9ctrica tras largo apag\u00f3n - El Diario - Bolivia","isPartOf":{"@id":"https:\/\/www.eldiario.net\/portal\/#website"},"primaryImageOfPage":{"@id":"https:\/\/www.eldiario.net\/portal\/2026\/03\/06\/cuba-logra-reconectar-red-electrica-tras-largo-apagon-2\/#primaryimage"},"image":{"@id":"https:\/\/www.eldiario.net\/portal\/2026\/03\/06\/cuba-logra-reconectar-red-electrica-tras-largo-apagon-2\/#primaryimage"},"thumbnailUrl":"https:\/\/www.eldiario.net\/portal\/wp-content\/uploads\/2026\/03\/APAGON-Getty-Images.webp","datePublished":"2026-03-06T10:27:39+00:00","breadcrumb":{"@id":"https:\/\/www.eldiario.net\/portal\/2026\/03\/06\/cuba-logra-reconectar-red-electrica-tras-largo-apagon-2\/#breadcrumb"},"inLanguage":"es","potentialAction":[{"@type":"ReadAction","target":["https:\/\/www.eldiario.net\/portal\/2026\/03\/06\/cuba-logra-reconectar-red-electrica-tras-largo-apagon-2\/"]}]},{"@type":"ImageObject","inLanguage":"es","@id":"https:\/\/www.eldiario.net\/portal\/2026\/03\/06\/cuba-logra-reconectar-red-electrica-tras-largo-apagon-2\/#primaryimage","url":"https:\/\/www.eldiario.net\/portal\/wp-content\/uploads\/2026\/03\/APAGON-Getty-Images.webp","contentUrl":"https:\/\/www.eldiario.net\/portal\/wp-content\/uploads\/2026\/03\/APAGON-Getty-Images.webp","width":1200,"height":525,"caption":"Una mujer mira su celular mientras alumbra su casa con una vela en Cuba. CREDITO: Getty Images"},{"@type":"BreadcrumbList","@id":"https:\/\/www.eldiario.net\/portal\/2026\/03\/06\/cuba-logra-reconectar-red-electrica-tras-largo-apagon-2\/#breadcrumb","itemListElement":[{"@type":"ListItem","position":1,"name":"Portada","item":"https:\/\/www.eldiario.net\/portal\/"},{"@type":"ListItem","position":2,"name":"Cuba logra reconectar red el\u00e9ctrica tras largo apag\u00f3n"}]},{"@type":"WebSite","@id":"https:\/\/www.eldiario.net\/portal\/#website","url":"https:\/\/www.eldiario.net\/portal\/","name":"El Diario - Decano de la prensa nacional","description":"El Diario - Decano de la prensa nacional","publisher":{"@id":"https:\/\/www.eldiario.net\/portal\/#organization"},"potentialAction":[{"@type":"SearchAction","target":{"@type":"EntryPoint","urlTemplate":"https:\/\/www.eldiario.net\/portal\/?s={search_term_string}"},"query-input":{"@type":"PropertyValueSpecification","valueRequired":true,"valueName":"search_term_string"}}],"inLanguage":"es"},{"@type":"Organization","@id":"https:\/\/www.eldiario.net\/portal\/#organization","name":"El Diario - Decano de la prensa nacional","url":"https:\/\/www.eldiario.net\/portal\/","logo":{"@type":"ImageObject","inLanguage":"es","@id":"https:\/\/www.eldiario.net\/portal\/#\/schema\/logo\/image\/","url":"https:\/\/www.eldiario.net\/portal\/wp-content\/uploads\/2023\/07\/logo_ED.jpg","contentUrl":"https:\/\/www.eldiario.net\/portal\/wp-content\/uploads\/2023\/07\/logo_ED.jpg","width":272,"height":52,"caption":"El Diario - Decano de la prensa nacional"},"image":{"@id":"https:\/\/www.eldiario.net\/portal\/#\/schema\/logo\/image\/"},"sameAs":["https:\/\/www.facebook.com\/eldiario.bolivia\/","https:\/\/x.com\/eldiario_net"]},{"@type":"Person","@id":"https:\/\/www.eldiario.net\/portal\/#\/schema\/person\/2c57cf2b7a7ae032e449e4c9b1019eac","name":"Jeanette","image":{"@type":"ImageObject","inLanguage":"es","@id":"https:\/\/secure.gravatar.com\/avatar\/3ea2118a5f7dad2b7138b1187a6b7ee55f160b9968b66013c3a3ef39dd7e5798?s=96&d=mm&r=g","url":"https:\/\/secure.gravatar.com\/avatar\/3ea2118a5f7dad2b7138b1187a6b7ee55f160b9968b66013c3a3ef39dd7e5798?s=96&d=mm&r=g","contentUrl":"https:\/\/secure.gravatar.com\/avatar\/3ea2118a5f7dad2b7138b1187a6b7ee55f160b9968b66013c3a3ef39dd7e5798?s=96&d=mm&r=g","caption":"Jeanette"},"sameAs":["https:\/\/www.eldiario.net\/portal"],"url":"https:\/\/www.eldiario.net\/portal\/author\/jeanette\/"}]}},"_links":{"self":[{"href":"https:\/\/www.eldiario.net\/portal\/wp-json\/wp\/v2\/posts\/373781","targetHints":{"allow":["GET"]}}],"collection":[{"href":"https:\/\/www.eldiario.net\/portal\/wp-json\/wp\/v2\/posts"}],"about":[{"href":"https:\/\/www.eldiario.net\/portal\/wp-json\/wp\/v2\/types\/post"}],"author":[{"embeddable":true,"href":"https:\/\/www.eldiario.net\/portal\/wp-json\/wp\/v2\/users\/1"}],"replies":[{"embeddable":true,"href":"https:\/\/www.eldiario.net\/portal\/wp-json\/wp\/v2\/comments?post=373781"}],"version-history":[{"count":1,"href":"https:\/\/www.eldiario.net\/portal\/wp-json\/wp\/v2\/posts\/373781\/revisions"}],"predecessor-version":[{"id":373783,"href":"https:\/\/www.eldiario.net\/portal\/wp-json\/wp\/v2\/posts\/373781\/revisions\/373783"}],"wp:featuredmedia":[{"embeddable":true,"href":"https:\/\/www.eldiario.net\/portal\/wp-json\/wp\/v2\/media\/373782"}],"wp:attachment":[{"href":"https:\/\/www.eldiario.net\/portal\/wp-json\/wp\/v2\/media?parent=373781"}],"wp:term":[{"taxonomy":"category","embeddable":true,"href":"https:\/\/www.eldiario.net\/portal\/wp-json\/wp\/v2\/categories?post=373781"},{"taxonomy":"post_tag","embeddable":true,"href":"https:\/\/www.eldiario.net\/portal\/wp-json\/wp\/v2\/tags?post=373781"}],"curies":[{"name":"wp","href":"https:\/\/api.w.org\/{rel}","templated":true}]}}