{"id":373778,"date":"2026-03-06T06:27:02","date_gmt":"2026-03-06T10:27:02","guid":{"rendered":"https:\/\/www.eldiario.net\/portal\/?p=373778"},"modified":"2026-03-06T06:27:02","modified_gmt":"2026-03-06T10:27:02","slug":"espana-enviara-a-fragata-cristobal-colon-hacia-chipre-tras-ataque-irani","status":"publish","type":"post","link":"https:\/\/www.eldiario.net\/portal\/2026\/03\/06\/espana-enviara-a-fragata-cristobal-colon-hacia-chipre-tras-ataque-irani\/","title":{"rendered":"Espa\u00f1a enviar\u00e1 a fragata Crist\u00f3bal  Col\u00f3n hacia Chipre tras ataque iran\u00ed"},"content":{"rendered":"<p class=\"v1MsoNormal\">Espa\u00f1a enviar\u00e1 la fragata Crist\u00f3bal Col\u00f3n a Chipre, en compa\u00f1\u00eda del portaaviones franc\u00e9s Charles de Gaulle y de otros nav\u00edos de la Armada griega, tras el ataque iran\u00ed a una de sus bases, seg\u00fan anunci\u00f3 ayer el Ministerio de Defensa. En una nota de prensa, el departamento que dirige Margarita Robles ha sostenido que con este despliegue nuestro pa\u00eds muestra \u00absu compromiso con la defensa de la Uni\u00f3n Europea y su frontera oriental\u00bb.<\/p>\n<p class=\"v1MsoNormal\">Este anuncio se produce despu\u00e9s de que este mi\u00e9rcoles el Ejecutivo desmintiera \u00abtajantamente\u00bb que haya acordado cooperar militarmente con EEUU, como sosten\u00eda la Casa Blanca, y de que el presidente del Gobierno, Pedro S\u00e1nchez, clamara \u00abno a la guerra\u00bb en una declaraci\u00f3n institucional y exigiera \u00abdiplomacia\u00bb.<\/p>\n<p class=\"v1MsoNormal\">De esta manera, Espa\u00f1a se suma a Francia y Grecia, as\u00ed como Reino Unido, que esta semana ya anunciaron ayudar en la defensa de Chipre. Pero no ser\u00e1n los \u00fanicos. Tambi\u00e9n Italia y Pa\u00edses Bajos anunciaron ayer que desplegar\u00e1n ayuda naval a Chipre, as\u00ed como sistemas de defensas antidrones y antimisiles a los pa\u00edses del Golfo.<\/p>\n<p class=\"v1MsoNormal\">\n<p class=\"v1MsoNormal\">NO ESTA EN GUERRA<\/p>\n<p class=\"v1MsoNormal\">En declaraciones a TVE, la ministra de Defensa, Margarita Robles, explic\u00f3 que la fragata estaba en el B\u00e1ltico junto con el portaaviones Charles de Gaulle y que iba a acabar en breve esa misi\u00f3n, pero que ahora se decidi\u00f3 ampliarla y dirigirse al Mediterr\u00e1neo para apoyar a Chipre, pero rechaz\u00f3 que esto signifique Espa\u00f1a entre en la guerra, porque solo participa en el \u00e1mbito del \u00abderecho a la leg\u00edtima defensa\u00bb.<\/p>\n<p class=\"v1MsoNormal\">\u00abEsto es un grupo franc\u00e9s con otros pa\u00edses de la UE en labores de protecci\u00f3n, posible traslado, mientras que la actuaci\u00f3n que pretend\u00eda el presidente Trump eran labores de ataque desde las bases espa\u00f1olas. Creo que es muy importante definir los conceptos claramente\u00bb, argument\u00f3 sobre el env\u00edo de la fragata Crist\u00f3bal Col\u00f3n.<\/p>\n<p class=\"v1MsoNormal\">Adem\u00e1s, reiter\u00f3 que las bases de Estados Unidos en Rota (C\u00e1diz) y Mor\u00f3n de la Frontera (Sevilla) no se van a utilizar en ning\u00fan contexto de \u00abacci\u00f3n de ataque\u00bb, que es lo que, seg\u00fan Robles, pretend\u00eda el presidente estadounidense, Donald Trump.<\/p>\n<p class=\"v1MsoNormal\">La titular de Defensa insisti\u00f3 en que lo \u00fanico que hace Espa\u00f1a es participar en \u00abmisiones de disuasi\u00f3n y de defensa de la paz\u00bb. \u00abEspa\u00f1a no va a entrar nunca en una labor de ataque, y est\u00e1 siempre defendiendo le legalidad internacional y la paz\u00bb, se\u00f1al\u00f3.<\/p>\n<p class=\"v1MsoNormal\">\u00abUna cosa es iniciar una guerra y otra cosa es que cuando hay ataque a valores, est\u00e1 el derecho a la leg\u00edtima defensa. Nunca proceden actuaciones activas de violencia porque van en contra del derecho internacional, pero cuando los intereses, en este caso de Chipre, pueden estar en peligro, Espa\u00f1a, junto con Francia y otros pa\u00edses de la UE en este \u00e1mbito del derecho a la leg\u00edtima defensa, forma parte de este grupo\u00bb, justific\u00f3.<\/p>\n<p class=\"v1MsoNormal\">\n<p class=\"v1MsoNormal\">DEFENSA NIEGA<\/p>\n<p class=\"v1MsoNormal\">La titular de defensa neg\u00f3 tajantemente que haya mostrado en su reuni\u00f3n con el embajador de EEUU en Espa\u00f1a, Benjamin Le\u00f3n, su apoyo a Trump, tal y como asegura el PP. \u00abEl PP es insolidario con Espa\u00f1a y deber\u00eda darles verg\u00fcenza\u00bb, puntualiz\u00f3. Adem\u00e1s, afirm\u00f3 que \u00abel Gobierno norteamericano sabe cual es la posici\u00f3n del Gobierno espa\u00f1ol, sin matices y con la convicci\u00f3n \u00e9tica de que hacemos lo correcto\u00bb.<\/p>\n<p class=\"v1MsoNormal\">\n<p class=\"v1MsoNormal\">LA FRAGATA<\/p>\n<p class=\"v1MsoNormal\">Seg\u00fan el Ministerio de Defensa espa\u00f1ol, la Crist\u00f3bal Col\u00f3n es la fragata \u00abtecnol\u00f3gicamente m\u00e1s avanzada\u00bb de nuestro Ej\u00e9rcito, y su misi\u00f3n en el Mediterr\u00e1neo ser\u00e1 \u00abofrecer protecci\u00f3n y defensa a\u00e9rea, complementando de esta forma las capacidades de la bater\u00eda Patriot desplegada en Turqu\u00eda\u00bb. Adem\u00e1s, tambi\u00e9n podr\u00e1 \u00abprestar apoyo a cualquier traslado de personal civil que pudiera resultar afectado por el conflicto\u00bb.<\/p>\n<p class=\"v1MsoNormal\">La fragata Crist\u00f3bal Col\u00f3n se incorpor\u00f3 el 3 de marzo al Grupo Naval del Charles de Gaulle para realizar labores de escolta, protecci\u00f3n y adiestramiento avanzado en el mar B\u00e1ltico. Ahora, el conjunto se dirigir\u00e1 al Mediterr\u00e1neo para llegar a las costas de Creta hacia el 10 de marzo. Tambi\u00e9n saldr\u00e1 brevemente a la mar el buque de aprovisionamiento \u00abCantabria\u00bb para suministrar combustible y prestar apoyo log\u00edstico durante el tr\u00e1nsito del Grupo Naval por el Golfo de C\u00e1diz.<\/p>\n<p class=\"v1MsoNormal\">Por otra parte, Robles confirm\u00f3 que Espa\u00f1a no fue la que derrib\u00f3 el misil iran\u00ed que iba dirigido a Turqu\u00eda, si bien explic\u00f3 que en el marco de la OTAN, facilit\u00f3 la informaci\u00f3n del proyectil que derrib\u00f3 una bater\u00eda Patriot de la Alianza Atl\u00e1ntica.<\/p>\n<p class=\"v1MsoNormal\">\u00abTenemos una bater\u00eda Patriot que evidentemente monitoriza la situaci\u00f3n. Fue consciente e inform\u00f3 del ataque con el misil pero la destrucci\u00f3n en concreto no la realizaron tropas, insisto tropas de la alianza atl\u00e1ntica\u00bb, advirti\u00f3.<\/p>\n<p class=\"v1MsoNormal\">\n<p class=\"v1MsoNormal\">ESPA\u00d1A ES \u00abSOLIDARIA\u00bb<\/p>\n<p class=\"v1MsoNormal\">En una entrevista en Las Ma\u00f1anas de RNE, el ministro de Asuntos Exteriores, Jos\u00e9 Manuel Albares, tambi\u00e9n se pronunci\u00f3 en el mismo sentido que Robles, y afirm\u00f3 que Espa\u00f1a es \u00absolidaria\u00bb con los socios de la UE \u00aben todo lo que sea garantizar la seguridad de nuestro espacio\u00bb, y quiso diferenciarlo de una colaboraci\u00f3n en la acci\u00f3n militar emprendida por Estados Unidos e Israel.<\/p>\n<p class=\"v1MsoNormal\">As\u00ed, tambi\u00e9n ha querido dejar claro que nuestro pa\u00eds \u00abno va a colaborar con Estados Unidos en la guerra\u00bb, pues garantiz\u00f3 que se mantiene la decisi\u00f3n de que las bases no se utilicen para los fines b\u00e9licos de Estados Unidos.<\/p>\n<p class=\"v1MsoNormal\">Sobre el posicionamiento del Gobierno y las cr\u00edticas del PP, Albares se\u00f1al\u00f3 que no \u00abest\u00e1n solos\u00bb y que recibieron llamadas del resto de pa\u00edses europeos mostr\u00e1ndoles su apoyo. Tambi\u00e9n acus\u00f3 a los \u00abpopulares\u00bb de falta de patriotismo: \u00abHay un momento para ser oposici\u00f3n y otro para ser Espa\u00f1a\u00bb.<\/p>\n<p class=\"v1MsoNormal\">\n<p class=\"v1MsoNormal\">CRITICAN AL GOBIERNO<\/p>\n<p class=\"v1MsoNormal\">Tambi\u00e9n el l\u00edder del PP, Alberto N\u00fa\u00f1ez Feij\u00f3o, critic\u00f3 que Pedro S\u00e1nchez diga \u00abno a la guerra\u00bb, y al mismo tiempo mande una fragata de guerra al conflicto. Y le atribuy\u00f3 adem\u00e1s que polemice con Trump, cuando su ministra de Defensa \u00abse acerca en privado a su embajador\u00bb. \u00abEs la \u00e9tica del enga\u00f1o en versi\u00f3n internacional\u00bb, se\u00f1al\u00f3. Para Feij\u00f3o, la posici\u00f3n de Espa\u00f1a en el conflicto \u00abse resume en cuatro palabras: S\u00e1nchez, como siempre, miente\u00bb.<\/p>\n<p class=\"v1MsoNormal\">Adem\u00e1s, asegur\u00f3 que no le reconoce \u00abninguna superioridad moral para hablar de paz y de patriotismo\u00bb porque, a su juicio, \u00abno tiene moral\u00bb. En opini\u00f3n de Feij\u00f3o, \u00abhay que contribuir a que el conflicto se frene: contenci\u00f3n, evitar la escalada y negociaci\u00f3n\u00bb.<\/p>\n<p class=\"v1MsoNormal\">\n<p class=\"v1MsoNormal\">ENV\u00cdO DE FRAGATA<\/p>\n<p class=\"v1MsoNormal\">La secretaria general de Podemos, Ione Belarra, se mostr\u00f3 muy cr\u00edtica con el env\u00edo de la fragata para ayudar a Chipre, porque consider\u00f3 que eso es \u00abparticipar en la guerra ilegal que solo han decidido Donald Trump y Benjamin Netanyahu\u00bb.<\/p>\n<p class=\"v1MsoNormal\">En declaraciones a los medios, Belarra pidi\u00f3 al Gobierno que sea \u00abcoherente\u00bb y \u00abconsecuente\u00bb, as\u00ed como tambi\u00e9n inst\u00f3 a no dejarse \u00abhumillar por la Casa Blanca\u00bb. \u00abHay que cerrarle la boca con hechos concretos, que demuestran que Espa\u00f1a est\u00e1 con el &#8216;no a la guerra'\u00bb.<\/p>\n<p class=\"v1MsoNormal\">Por ello, insisti\u00f3 en que hay que \u00abcerrar las bases militares\u00bb y defender con \u00abhechos, no solo palabras\u00bb el \u00abno a la guerra\u00bb: \u00abNo podemos estar con la duda de si se est\u00e1n usando. Hay usuarios en redes que dicen que ha entrado avi\u00f3n que ha ido a Italia y de ah\u00ed, al L\u00edbano\u00bb, advirti\u00f3.(RTVE)<\/p>\n","protected":false},"excerpt":{"rendered":"<p>Espa\u00f1a enviar\u00e1 la fragata Crist\u00f3bal Col\u00f3n a Chipre, en compa\u00f1\u00eda del portaaviones franc\u00e9s Charles de Gaulle y de otros nav\u00edos de la Armada griega, tras el ataque iran\u00ed a una de sus bases, seg\u00fan anunci\u00f3 ayer el Ministerio de Defensa. En una nota de prensa, el departamento que dirige Margarita Robles ha sostenido que con [&hellip;]<\/p>\n","protected":false},"author":1,"featured_media":373779,"comment_status":"closed","ping_status":"open","sticky":false,"template":"","format":"standard","meta":{"_acf_changed":false,"footnotes":""},"categories":[3],"tags":[],"class_list":["post-373778","post","type-post","status-publish","format-standard","has-post-thumbnail","category-internacional"],"acf":{"antetitulo":""},"yoast_head":"<!-- This site is optimized with the Yoast SEO plugin v28.4 - https:\/\/yoast.com\/product\/yoast-seo-wordpress\/ -->\n<title>Espa\u00f1a enviar\u00e1 a fragata Crist\u00f3bal Col\u00f3n hacia Chipre tras ataque iran\u00ed - El Diario - Bolivia<\/title>\n<meta name=\"robots\" content=\"index, follow, max-snippet:-1, max-image-preview:large, max-video-preview:-1\" \/>\n<link rel=\"canonical\" href=\"https:\/\/www.eldiario.net\/portal\/2026\/03\/06\/espana-enviara-a-fragata-cristobal-colon-hacia-chipre-tras-ataque-irani\/\" \/>\n<meta property=\"og:locale\" content=\"es_ES\" \/>\n<meta property=\"og:type\" content=\"article\" \/>\n<meta property=\"og:title\" content=\"Espa\u00f1a enviar\u00e1 a fragata Crist\u00f3bal Col\u00f3n hacia Chipre tras ataque iran\u00ed - El Diario - Bolivia\" \/>\n<meta property=\"og:description\" content=\"Espa\u00f1a enviar\u00e1 la fragata Crist\u00f3bal Col\u00f3n a Chipre, en compa\u00f1\u00eda del portaaviones franc\u00e9s Charles de Gaulle y de otros nav\u00edos de la Armada griega, tras el ataque iran\u00ed a una de sus bases, seg\u00fan anunci\u00f3 ayer el Ministerio de Defensa. En una nota de prensa, el departamento que dirige Margarita Robles ha sostenido que con [&hellip;]\" \/>\n<meta property=\"og:url\" content=\"https:\/\/www.eldiario.net\/portal\/2026\/03\/06\/espana-enviara-a-fragata-cristobal-colon-hacia-chipre-tras-ataque-irani\/\" \/>\n<meta property=\"og:site_name\" content=\"El Diario - Bolivia\" \/>\n<meta property=\"article:publisher\" content=\"https:\/\/www.facebook.com\/eldiario.bolivia\/\" \/>\n<meta property=\"article:published_time\" content=\"2026-03-06T10:27:02+00:00\" \/>\n<meta property=\"og:image\" content=\"https:\/\/www.eldiario.net\/portal\/wp-content\/uploads\/2026\/03\/ESPANA-RTVE-1.webp\" \/>\n\t<meta property=\"og:image:width\" content=\"1600\" \/>\n\t<meta property=\"og:image:height\" content=\"901\" \/>\n\t<meta property=\"og:image:type\" content=\"image\/webp\" \/>\n<meta name=\"author\" content=\"Jeanette\" \/>\n<meta name=\"twitter:card\" content=\"summary_large_image\" \/>\n<meta name=\"twitter:creator\" content=\"@eldiario_net\" \/>\n<meta name=\"twitter:site\" content=\"@eldiario_net\" \/>\n<meta name=\"twitter:label1\" content=\"Escrito por\" \/>\n\t<meta name=\"twitter:data1\" content=\"Jeanette\" \/>\n\t<meta name=\"twitter:label2\" content=\"Tiempo de lectura\" \/>\n\t<meta name=\"twitter:data2\" content=\"6 minutos\" \/>\n<script type=\"application\/ld+json\" class=\"yoast-schema-graph\">{\"@context\":\"https:\\\/\\\/schema.org\",\"@graph\":[{\"@type\":\"Article\",\"@id\":\"https:\\\/\\\/www.eldiario.net\\\/portal\\\/2026\\\/03\\\/06\\\/espana-enviara-a-fragata-cristobal-colon-hacia-chipre-tras-ataque-irani\\\/#article\",\"isPartOf\":{\"@id\":\"https:\\\/\\\/www.eldiario.net\\\/portal\\\/2026\\\/03\\\/06\\\/espana-enviara-a-fragata-cristobal-colon-hacia-chipre-tras-ataque-irani\\\/\"},\"author\":{\"name\":\"Jeanette\",\"@id\":\"https:\\\/\\\/www.eldiario.net\\\/portal\\\/#\\\/schema\\\/person\\\/2c57cf2b7a7ae032e449e4c9b1019eac\"},\"headline\":\"Espa\u00f1a enviar\u00e1 a fragata Crist\u00f3bal Col\u00f3n hacia Chipre tras ataque iran\u00ed\",\"datePublished\":\"2026-03-06T10:27:02+00:00\",\"mainEntityOfPage\":{\"@id\":\"https:\\\/\\\/www.eldiario.net\\\/portal\\\/2026\\\/03\\\/06\\\/espana-enviara-a-fragata-cristobal-colon-hacia-chipre-tras-ataque-irani\\\/\"},\"wordCount\":1318,\"publisher\":{\"@id\":\"https:\\\/\\\/www.eldiario.net\\\/portal\\\/#organization\"},\"image\":{\"@id\":\"https:\\\/\\\/www.eldiario.net\\\/portal\\\/2026\\\/03\\\/06\\\/espana-enviara-a-fragata-cristobal-colon-hacia-chipre-tras-ataque-irani\\\/#primaryimage\"},\"thumbnailUrl\":\"https:\\\/\\\/www.eldiario.net\\\/portal\\\/wp-content\\\/uploads\\\/2026\\\/03\\\/ESPANA-RTVE-1.webp\",\"articleSection\":[\"Internacional\"],\"inLanguage\":\"es\"},{\"@type\":\"WebPage\",\"@id\":\"https:\\\/\\\/www.eldiario.net\\\/portal\\\/2026\\\/03\\\/06\\\/espana-enviara-a-fragata-cristobal-colon-hacia-chipre-tras-ataque-irani\\\/\",\"url\":\"https:\\\/\\\/www.eldiario.net\\\/portal\\\/2026\\\/03\\\/06\\\/espana-enviara-a-fragata-cristobal-colon-hacia-chipre-tras-ataque-irani\\\/\",\"name\":\"Espa\u00f1a enviar\u00e1 a fragata Crist\u00f3bal Col\u00f3n hacia Chipre tras ataque iran\u00ed - El Diario - Bolivia\",\"isPartOf\":{\"@id\":\"https:\\\/\\\/www.eldiario.net\\\/portal\\\/#website\"},\"primaryImageOfPage\":{\"@id\":\"https:\\\/\\\/www.eldiario.net\\\/portal\\\/2026\\\/03\\\/06\\\/espana-enviara-a-fragata-cristobal-colon-hacia-chipre-tras-ataque-irani\\\/#primaryimage\"},\"image\":{\"@id\":\"https:\\\/\\\/www.eldiario.net\\\/portal\\\/2026\\\/03\\\/06\\\/espana-enviara-a-fragata-cristobal-colon-hacia-chipre-tras-ataque-irani\\\/#primaryimage\"},\"thumbnailUrl\":\"https:\\\/\\\/www.eldiario.net\\\/portal\\\/wp-content\\\/uploads\\\/2026\\\/03\\\/ESPANA-RTVE-1.webp\",\"datePublished\":\"2026-03-06T10:27:02+00:00\",\"breadcrumb\":{\"@id\":\"https:\\\/\\\/www.eldiario.net\\\/portal\\\/2026\\\/03\\\/06\\\/espana-enviara-a-fragata-cristobal-colon-hacia-chipre-tras-ataque-irani\\\/#breadcrumb\"},\"inLanguage\":\"es\",\"potentialAction\":[{\"@type\":\"ReadAction\",\"target\":[\"https:\\\/\\\/www.eldiario.net\\\/portal\\\/2026\\\/03\\\/06\\\/espana-enviara-a-fragata-cristobal-colon-hacia-chipre-tras-ataque-irani\\\/\"]}]},{\"@type\":\"ImageObject\",\"inLanguage\":\"es\",\"@id\":\"https:\\\/\\\/www.eldiario.net\\\/portal\\\/2026\\\/03\\\/06\\\/espana-enviara-a-fragata-cristobal-colon-hacia-chipre-tras-ataque-irani\\\/#primaryimage\",\"url\":\"https:\\\/\\\/www.eldiario.net\\\/portal\\\/wp-content\\\/uploads\\\/2026\\\/03\\\/ESPANA-RTVE-1.webp\",\"contentUrl\":\"https:\\\/\\\/www.eldiario.net\\\/portal\\\/wp-content\\\/uploads\\\/2026\\\/03\\\/ESPANA-RTVE-1.webp\",\"width\":1600,\"height\":901,\"caption\":\"Espa\u00f1a env\u00eda fragata a Chipre tras ataque contra base brit\u00e1nica. CREDITO: RTVE\"},{\"@type\":\"BreadcrumbList\",\"@id\":\"https:\\\/\\\/www.eldiario.net\\\/portal\\\/2026\\\/03\\\/06\\\/espana-enviara-a-fragata-cristobal-colon-hacia-chipre-tras-ataque-irani\\\/#breadcrumb\",\"itemListElement\":[{\"@type\":\"ListItem\",\"position\":1,\"name\":\"Portada\",\"item\":\"https:\\\/\\\/www.eldiario.net\\\/portal\\\/\"},{\"@type\":\"ListItem\",\"position\":2,\"name\":\"Espa\u00f1a enviar\u00e1 a fragata Crist\u00f3bal Col\u00f3n hacia Chipre tras ataque iran\u00ed\"}]},{\"@type\":\"WebSite\",\"@id\":\"https:\\\/\\\/www.eldiario.net\\\/portal\\\/#website\",\"url\":\"https:\\\/\\\/www.eldiario.net\\\/portal\\\/\",\"name\":\"El Diario - Decano de la prensa nacional\",\"description\":\"El Diario - Decano de la prensa nacional\",\"publisher\":{\"@id\":\"https:\\\/\\\/www.eldiario.net\\\/portal\\\/#organization\"},\"potentialAction\":[{\"@type\":\"SearchAction\",\"target\":{\"@type\":\"EntryPoint\",\"urlTemplate\":\"https:\\\/\\\/www.eldiario.net\\\/portal\\\/?s={search_term_string}\"},\"query-input\":{\"@type\":\"PropertyValueSpecification\",\"valueRequired\":true,\"valueName\":\"search_term_string\"}}],\"inLanguage\":\"es\"},{\"@type\":\"Organization\",\"@id\":\"https:\\\/\\\/www.eldiario.net\\\/portal\\\/#organization\",\"name\":\"El Diario - Decano de la prensa nacional\",\"url\":\"https:\\\/\\\/www.eldiario.net\\\/portal\\\/\",\"logo\":{\"@type\":\"ImageObject\",\"inLanguage\":\"es\",\"@id\":\"https:\\\/\\\/www.eldiario.net\\\/portal\\\/#\\\/schema\\\/logo\\\/image\\\/\",\"url\":\"https:\\\/\\\/www.eldiario.net\\\/portal\\\/wp-content\\\/uploads\\\/2023\\\/07\\\/logo_ED.jpg\",\"contentUrl\":\"https:\\\/\\\/www.eldiario.net\\\/portal\\\/wp-content\\\/uploads\\\/2023\\\/07\\\/logo_ED.jpg\",\"width\":272,\"height\":52,\"caption\":\"El Diario - Decano de la prensa nacional\"},\"image\":{\"@id\":\"https:\\\/\\\/www.eldiario.net\\\/portal\\\/#\\\/schema\\\/logo\\\/image\\\/\"},\"sameAs\":[\"https:\\\/\\\/www.facebook.com\\\/eldiario.bolivia\\\/\",\"https:\\\/\\\/x.com\\\/eldiario_net\"]},{\"@type\":\"Person\",\"@id\":\"https:\\\/\\\/www.eldiario.net\\\/portal\\\/#\\\/schema\\\/person\\\/2c57cf2b7a7ae032e449e4c9b1019eac\",\"name\":\"Jeanette\",\"image\":{\"@type\":\"ImageObject\",\"inLanguage\":\"es\",\"@id\":\"https:\\\/\\\/secure.gravatar.com\\\/avatar\\\/3ea2118a5f7dad2b7138b1187a6b7ee55f160b9968b66013c3a3ef39dd7e5798?s=96&d=mm&r=g\",\"url\":\"https:\\\/\\\/secure.gravatar.com\\\/avatar\\\/3ea2118a5f7dad2b7138b1187a6b7ee55f160b9968b66013c3a3ef39dd7e5798?s=96&d=mm&r=g\",\"contentUrl\":\"https:\\\/\\\/secure.gravatar.com\\\/avatar\\\/3ea2118a5f7dad2b7138b1187a6b7ee55f160b9968b66013c3a3ef39dd7e5798?s=96&d=mm&r=g\",\"caption\":\"Jeanette\"},\"sameAs\":[\"https:\\\/\\\/www.eldiario.net\\\/portal\"],\"url\":\"https:\\\/\\\/www.eldiario.net\\\/portal\\\/author\\\/jeanette\\\/\"}]}<\/script>\n<!-- \/ Yoast SEO plugin. -->","yoast_head_json":{"title":"Espa\u00f1a enviar\u00e1 a fragata Crist\u00f3bal Col\u00f3n hacia Chipre tras ataque iran\u00ed - El Diario - Bolivia","robots":{"index":"index","follow":"follow","max-snippet":"max-snippet:-1","max-image-preview":"max-image-preview:large","max-video-preview":"max-video-preview:-1"},"canonical":"https:\/\/www.eldiario.net\/portal\/2026\/03\/06\/espana-enviara-a-fragata-cristobal-colon-hacia-chipre-tras-ataque-irani\/","og_locale":"es_ES","og_type":"article","og_title":"Espa\u00f1a enviar\u00e1 a fragata Crist\u00f3bal Col\u00f3n hacia Chipre tras ataque iran\u00ed - El Diario - Bolivia","og_description":"Espa\u00f1a enviar\u00e1 la fragata Crist\u00f3bal Col\u00f3n a Chipre, en compa\u00f1\u00eda del portaaviones franc\u00e9s Charles de Gaulle y de otros nav\u00edos de la Armada griega, tras el ataque iran\u00ed a una de sus bases, seg\u00fan anunci\u00f3 ayer el Ministerio de Defensa. En una nota de prensa, el departamento que dirige Margarita Robles ha sostenido que con [&hellip;]","og_url":"https:\/\/www.eldiario.net\/portal\/2026\/03\/06\/espana-enviara-a-fragata-cristobal-colon-hacia-chipre-tras-ataque-irani\/","og_site_name":"El Diario - Bolivia","article_publisher":"https:\/\/www.facebook.com\/eldiario.bolivia\/","article_published_time":"2026-03-06T10:27:02+00:00","og_image":[{"width":1600,"height":901,"url":"https:\/\/www.eldiario.net\/portal\/wp-content\/uploads\/2026\/03\/ESPANA-RTVE-1.webp","type":"image\/webp"}],"author":"Jeanette","twitter_card":"summary_large_image","twitter_creator":"@eldiario_net","twitter_site":"@eldiario_net","twitter_misc":{"Escrito por":"Jeanette","Tiempo de lectura":"6 minutos"},"schema":{"@context":"https:\/\/schema.org","@graph":[{"@type":"Article","@id":"https:\/\/www.eldiario.net\/portal\/2026\/03\/06\/espana-enviara-a-fragata-cristobal-colon-hacia-chipre-tras-ataque-irani\/#article","isPartOf":{"@id":"https:\/\/www.eldiario.net\/portal\/2026\/03\/06\/espana-enviara-a-fragata-cristobal-colon-hacia-chipre-tras-ataque-irani\/"},"author":{"name":"Jeanette","@id":"https:\/\/www.eldiario.net\/portal\/#\/schema\/person\/2c57cf2b7a7ae032e449e4c9b1019eac"},"headline":"Espa\u00f1a enviar\u00e1 a fragata Crist\u00f3bal Col\u00f3n hacia Chipre tras ataque iran\u00ed","datePublished":"2026-03-06T10:27:02+00:00","mainEntityOfPage":{"@id":"https:\/\/www.eldiario.net\/portal\/2026\/03\/06\/espana-enviara-a-fragata-cristobal-colon-hacia-chipre-tras-ataque-irani\/"},"wordCount":1318,"publisher":{"@id":"https:\/\/www.eldiario.net\/portal\/#organization"},"image":{"@id":"https:\/\/www.eldiario.net\/portal\/2026\/03\/06\/espana-enviara-a-fragata-cristobal-colon-hacia-chipre-tras-ataque-irani\/#primaryimage"},"thumbnailUrl":"https:\/\/www.eldiario.net\/portal\/wp-content\/uploads\/2026\/03\/ESPANA-RTVE-1.webp","articleSection":["Internacional"],"inLanguage":"es"},{"@type":"WebPage","@id":"https:\/\/www.eldiario.net\/portal\/2026\/03\/06\/espana-enviara-a-fragata-cristobal-colon-hacia-chipre-tras-ataque-irani\/","url":"https:\/\/www.eldiario.net\/portal\/2026\/03\/06\/espana-enviara-a-fragata-cristobal-colon-hacia-chipre-tras-ataque-irani\/","name":"Espa\u00f1a enviar\u00e1 a fragata Crist\u00f3bal Col\u00f3n hacia Chipre tras ataque iran\u00ed - El Diario - Bolivia","isPartOf":{"@id":"https:\/\/www.eldiario.net\/portal\/#website"},"primaryImageOfPage":{"@id":"https:\/\/www.eldiario.net\/portal\/2026\/03\/06\/espana-enviara-a-fragata-cristobal-colon-hacia-chipre-tras-ataque-irani\/#primaryimage"},"image":{"@id":"https:\/\/www.eldiario.net\/portal\/2026\/03\/06\/espana-enviara-a-fragata-cristobal-colon-hacia-chipre-tras-ataque-irani\/#primaryimage"},"thumbnailUrl":"https:\/\/www.eldiario.net\/portal\/wp-content\/uploads\/2026\/03\/ESPANA-RTVE-1.webp","datePublished":"2026-03-06T10:27:02+00:00","breadcrumb":{"@id":"https:\/\/www.eldiario.net\/portal\/2026\/03\/06\/espana-enviara-a-fragata-cristobal-colon-hacia-chipre-tras-ataque-irani\/#breadcrumb"},"inLanguage":"es","potentialAction":[{"@type":"ReadAction","target":["https:\/\/www.eldiario.net\/portal\/2026\/03\/06\/espana-enviara-a-fragata-cristobal-colon-hacia-chipre-tras-ataque-irani\/"]}]},{"@type":"ImageObject","inLanguage":"es","@id":"https:\/\/www.eldiario.net\/portal\/2026\/03\/06\/espana-enviara-a-fragata-cristobal-colon-hacia-chipre-tras-ataque-irani\/#primaryimage","url":"https:\/\/www.eldiario.net\/portal\/wp-content\/uploads\/2026\/03\/ESPANA-RTVE-1.webp","contentUrl":"https:\/\/www.eldiario.net\/portal\/wp-content\/uploads\/2026\/03\/ESPANA-RTVE-1.webp","width":1600,"height":901,"caption":"Espa\u00f1a env\u00eda fragata a Chipre tras ataque contra base brit\u00e1nica. CREDITO: RTVE"},{"@type":"BreadcrumbList","@id":"https:\/\/www.eldiario.net\/portal\/2026\/03\/06\/espana-enviara-a-fragata-cristobal-colon-hacia-chipre-tras-ataque-irani\/#breadcrumb","itemListElement":[{"@type":"ListItem","position":1,"name":"Portada","item":"https:\/\/www.eldiario.net\/portal\/"},{"@type":"ListItem","position":2,"name":"Espa\u00f1a enviar\u00e1 a fragata Crist\u00f3bal Col\u00f3n hacia Chipre tras ataque iran\u00ed"}]},{"@type":"WebSite","@id":"https:\/\/www.eldiario.net\/portal\/#website","url":"https:\/\/www.eldiario.net\/portal\/","name":"El Diario - Decano de la prensa nacional","description":"El Diario - Decano de la prensa nacional","publisher":{"@id":"https:\/\/www.eldiario.net\/portal\/#organization"},"potentialAction":[{"@type":"SearchAction","target":{"@type":"EntryPoint","urlTemplate":"https:\/\/www.eldiario.net\/portal\/?s={search_term_string}"},"query-input":{"@type":"PropertyValueSpecification","valueRequired":true,"valueName":"search_term_string"}}],"inLanguage":"es"},{"@type":"Organization","@id":"https:\/\/www.eldiario.net\/portal\/#organization","name":"El Diario - Decano de la prensa nacional","url":"https:\/\/www.eldiario.net\/portal\/","logo":{"@type":"ImageObject","inLanguage":"es","@id":"https:\/\/www.eldiario.net\/portal\/#\/schema\/logo\/image\/","url":"https:\/\/www.eldiario.net\/portal\/wp-content\/uploads\/2023\/07\/logo_ED.jpg","contentUrl":"https:\/\/www.eldiario.net\/portal\/wp-content\/uploads\/2023\/07\/logo_ED.jpg","width":272,"height":52,"caption":"El Diario - Decano de la prensa nacional"},"image":{"@id":"https:\/\/www.eldiario.net\/portal\/#\/schema\/logo\/image\/"},"sameAs":["https:\/\/www.facebook.com\/eldiario.bolivia\/","https:\/\/x.com\/eldiario_net"]},{"@type":"Person","@id":"https:\/\/www.eldiario.net\/portal\/#\/schema\/person\/2c57cf2b7a7ae032e449e4c9b1019eac","name":"Jeanette","image":{"@type":"ImageObject","inLanguage":"es","@id":"https:\/\/secure.gravatar.com\/avatar\/3ea2118a5f7dad2b7138b1187a6b7ee55f160b9968b66013c3a3ef39dd7e5798?s=96&d=mm&r=g","url":"https:\/\/secure.gravatar.com\/avatar\/3ea2118a5f7dad2b7138b1187a6b7ee55f160b9968b66013c3a3ef39dd7e5798?s=96&d=mm&r=g","contentUrl":"https:\/\/secure.gravatar.com\/avatar\/3ea2118a5f7dad2b7138b1187a6b7ee55f160b9968b66013c3a3ef39dd7e5798?s=96&d=mm&r=g","caption":"Jeanette"},"sameAs":["https:\/\/www.eldiario.net\/portal"],"url":"https:\/\/www.eldiario.net\/portal\/author\/jeanette\/"}]}},"_links":{"self":[{"href":"https:\/\/www.eldiario.net\/portal\/wp-json\/wp\/v2\/posts\/373778","targetHints":{"allow":["GET"]}}],"collection":[{"href":"https:\/\/www.eldiario.net\/portal\/wp-json\/wp\/v2\/posts"}],"about":[{"href":"https:\/\/www.eldiario.net\/portal\/wp-json\/wp\/v2\/types\/post"}],"author":[{"embeddable":true,"href":"https:\/\/www.eldiario.net\/portal\/wp-json\/wp\/v2\/users\/1"}],"replies":[{"embeddable":true,"href":"https:\/\/www.eldiario.net\/portal\/wp-json\/wp\/v2\/comments?post=373778"}],"version-history":[{"count":1,"href":"https:\/\/www.eldiario.net\/portal\/wp-json\/wp\/v2\/posts\/373778\/revisions"}],"predecessor-version":[{"id":373780,"href":"https:\/\/www.eldiario.net\/portal\/wp-json\/wp\/v2\/posts\/373778\/revisions\/373780"}],"wp:featuredmedia":[{"embeddable":true,"href":"https:\/\/www.eldiario.net\/portal\/wp-json\/wp\/v2\/media\/373779"}],"wp:attachment":[{"href":"https:\/\/www.eldiario.net\/portal\/wp-json\/wp\/v2\/media?parent=373778"}],"wp:term":[{"taxonomy":"category","embeddable":true,"href":"https:\/\/www.eldiario.net\/portal\/wp-json\/wp\/v2\/categories?post=373778"},{"taxonomy":"post_tag","embeddable":true,"href":"https:\/\/www.eldiario.net\/portal\/wp-json\/wp\/v2\/tags?post=373778"}],"curies":[{"name":"wp","href":"https:\/\/api.w.org\/{rel}","templated":true}]}}