{"id":373775,"date":"2026-03-06T06:26:04","date_gmt":"2026-03-06T10:26:04","guid":{"rendered":"https:\/\/www.eldiario.net\/portal\/?p=373775"},"modified":"2026-03-06T06:26:04","modified_gmt":"2026-03-06T10:26:04","slug":"zelenski-afirma-que-dialogo-entre-rusia-y-ucrania-queda-pospuesto-2","status":"publish","type":"post","link":"https:\/\/www.eldiario.net\/portal\/2026\/03\/06\/zelenski-afirma-que-dialogo-entre-rusia-y-ucrania-queda-pospuesto-2\/","title":{"rendered":"Zelenski afirma que di\u00e1logo entre  Rusia y Ucrania queda pospuesto"},"content":{"rendered":"<p class=\"v1MsoNormal\"><span lang=\"ES-BO\">Una nueva ronda de conversaciones entre Rusia y Ucrania, mediadas por Estados Unidos y prevista para esta semana, se ha pospuesto debido a la guerra en Oriente Medio, seg\u00fan el presidente ucraniano Volodimir Zelenski.<\/span><\/p>\n<p class=\"v1MsoNormal\"><span lang=\"ES-BO\">Mientras tanto, Estados Unidos y sus aliados en Oriente Medio buscan la experiencia de Kiev para contrarrestar los drones Shahed de Ir\u00e1n. Rusia lanz\u00f3 decenas de miles de Shahed contra Ucrania desde que invadi\u00f3 a su vecino hace poco m\u00e1s de cuatro a\u00f1os, afirm\u00f3 Zelenski. Ir\u00e1n respondi\u00f3 con el mismo tipo de drones a los ataques conjuntos de Estados Unidos e Israel contra objetivos iran\u00edes.<\/span><\/p>\n<p class=\"v1MsoNormal\"><span lang=\"ES-BO\">La guerra con Ir\u00e1n, que ya va por su sexto d\u00eda, desvi\u00f3 la atenci\u00f3n internacional del mayor conflicto de Europa desde la Segunda Guerra Mundial. Gobiernos occidentales y analistas se\u00f1alan que la guerra entre Rusia y Ucrania caus\u00f3 la muerte de cientos de miles de personas, mientras no hay indicios de que los esfuerzos de paz liderados por Estados Unidos desde hace un a\u00f1o vayan a detener los combates en el corto plazo.<\/span><\/p>\n<p class=\"v1MsoNormal\"><span lang=\"ES-BO\">\u00abAhora mismo, debido a la situaci\u00f3n en torno a Ir\u00e1n, todav\u00eda no hay las se\u00f1ales necesarias para una reuni\u00f3n trilateral\u00bb, Zelenski declar\u00f3 tarde el mi\u00e9rcoles. \u00abPero en cuanto la situaci\u00f3n de seguridad y el contexto pol\u00edtico general nos permitan reanudar ese trabajo diplom\u00e1tico trilateral, se har\u00e1\u00bb.<\/span><\/p>\n<p class=\"v1MsoNormal\"><span lang=\"ES-BO\">Diversos pa\u00edses, entre ellos Estados Unidos, recurrieron a Ucrania para pedir ayuda en la defensa contra drones iran\u00edes, coment\u00f3 Zelenski. Se\u00f1al\u00f3 que en los \u00faltimos d\u00edas habl\u00f3 con los l\u00edderes de Emiratos \u00c1rabes Unidos, Qatar, Bahrein, Jordania y Kuwait sobre una posible cooperaci\u00f3n.<\/span><\/p>\n<p class=\"v1MsoNormal\"><span lang=\"ES-BO\">La asistencia ucraniana, precis\u00f3, se brindar\u00e1 s\u00f3lo si no debilita las propias defensas de Ucrania y si aporta mayor capacidad de presi\u00f3n a los esfuerzos diplom\u00e1ticos de Kiev para detener la invasi\u00f3n rusa.<\/span><\/p>\n<p class=\"v1MsoNormal\"><span lang=\"ES-BO\">\u00abAyudamos a defender de la guerra a quienes nos ayudan a nosotros, a Ucrania, a lograr un final justo de la guerra\u00bb con Rusia, afirm\u00f3.<\/span><\/p>\n<p class=\"v1MsoNormal\"><span lang=\"ES-BO\">El ej\u00e9rcito de Ucrania ha hecho retroceder recientemente a las fuerzas rusas en algunos puntos a lo largo de la l\u00ednea del frente, de aproximadamente 1.250 kil\u00f3metros (750 millas), seg\u00fan el Instituto para el Estudio de la Guerra.<\/span><\/p>\n<p class=\"v1MsoNormal\"><span lang=\"ES-BO\">El centro de estudios con sede en Washington se\u00f1al\u00f3 esta semana que contraataques ucranianos localizados liberaron m\u00e1s territorio del que las fuerzas ucranianas perdieron en las dos \u00faltimas semanas de febrero, y estim\u00f3 la tierra recuperada en unos 257 kil\u00f3metros cuadrados (100 millas cuadradas) desde el 1 de enero.(Independent en Espa\u00f1ol)<\/span><\/p>\n","protected":false},"excerpt":{"rendered":"<p>Una nueva ronda de conversaciones entre Rusia y Ucrania, mediadas por Estados Unidos y prevista para esta semana, se ha pospuesto debido a la guerra en Oriente Medio, seg\u00fan el presidente ucraniano Volodimir Zelenski. Mientras tanto, Estados Unidos y sus aliados en Oriente Medio buscan la experiencia de Kiev para contrarrestar los drones Shahed de [&hellip;]<\/p>\n","protected":false},"author":1,"featured_media":373776,"comment_status":"closed","ping_status":"open","sticky":false,"template":"","format":"standard","meta":{"_acf_changed":false,"footnotes":""},"categories":[3],"tags":[],"class_list":["post-373775","post","type-post","status-publish","format-standard","has-post-thumbnail","category-internacional"],"acf":{"antetitulo":"Por conflicto en Medio Oriente"},"yoast_head":"<!-- This site is optimized with the Yoast SEO plugin v28.4 - https:\/\/yoast.com\/product\/yoast-seo-wordpress\/ -->\n<title>Zelenski afirma que di\u00e1logo entre Rusia y Ucrania queda pospuesto - El Diario - Bolivia<\/title>\n<meta name=\"robots\" content=\"index, follow, max-snippet:-1, max-image-preview:large, max-video-preview:-1\" \/>\n<link rel=\"canonical\" href=\"https:\/\/www.eldiario.net\/portal\/2026\/03\/06\/zelenski-afirma-que-dialogo-entre-rusia-y-ucrania-queda-pospuesto-2\/\" \/>\n<meta property=\"og:locale\" content=\"es_ES\" \/>\n<meta property=\"og:type\" content=\"article\" \/>\n<meta property=\"og:title\" content=\"Zelenski afirma que di\u00e1logo entre Rusia y Ucrania queda pospuesto - El Diario - Bolivia\" \/>\n<meta property=\"og:description\" content=\"Una nueva ronda de conversaciones entre Rusia y Ucrania, mediadas por Estados Unidos y prevista para esta semana, se ha pospuesto debido a la guerra en Oriente Medio, seg\u00fan el presidente ucraniano Volodimir Zelenski. Mientras tanto, Estados Unidos y sus aliados en Oriente Medio buscan la experiencia de Kiev para contrarrestar los drones Shahed de [&hellip;]\" \/>\n<meta property=\"og:url\" content=\"https:\/\/www.eldiario.net\/portal\/2026\/03\/06\/zelenski-afirma-que-dialogo-entre-rusia-y-ucrania-queda-pospuesto-2\/\" \/>\n<meta property=\"og:site_name\" content=\"El Diario - Bolivia\" \/>\n<meta property=\"article:publisher\" content=\"https:\/\/www.facebook.com\/eldiario.bolivia\/\" \/>\n<meta property=\"article:published_time\" content=\"2026-03-06T10:26:04+00:00\" \/>\n<meta property=\"og:image\" content=\"https:\/\/www.eldiario.net\/portal\/wp-content\/uploads\/2026\/03\/UCRANIA-CienRadios.webp\" \/>\n\t<meta property=\"og:image:width\" content=\"960\" \/>\n\t<meta property=\"og:image:height\" content=\"720\" \/>\n\t<meta property=\"og:image:type\" content=\"image\/webp\" \/>\n<meta name=\"author\" content=\"Jeanette\" \/>\n<meta name=\"twitter:card\" content=\"summary_large_image\" \/>\n<meta name=\"twitter:creator\" content=\"@eldiario_net\" \/>\n<meta name=\"twitter:site\" content=\"@eldiario_net\" \/>\n<meta name=\"twitter:label1\" content=\"Escrito por\" \/>\n\t<meta name=\"twitter:data1\" content=\"Jeanette\" \/>\n\t<meta name=\"twitter:label2\" content=\"Tiempo de lectura\" \/>\n\t<meta name=\"twitter:data2\" content=\"3 minutos\" \/>\n<script type=\"application\/ld+json\" class=\"yoast-schema-graph\">{\"@context\":\"https:\\\/\\\/schema.org\",\"@graph\":[{\"@type\":\"Article\",\"@id\":\"https:\\\/\\\/www.eldiario.net\\\/portal\\\/2026\\\/03\\\/06\\\/zelenski-afirma-que-dialogo-entre-rusia-y-ucrania-queda-pospuesto-2\\\/#article\",\"isPartOf\":{\"@id\":\"https:\\\/\\\/www.eldiario.net\\\/portal\\\/2026\\\/03\\\/06\\\/zelenski-afirma-que-dialogo-entre-rusia-y-ucrania-queda-pospuesto-2\\\/\"},\"author\":{\"name\":\"Jeanette\",\"@id\":\"https:\\\/\\\/www.eldiario.net\\\/portal\\\/#\\\/schema\\\/person\\\/2c57cf2b7a7ae032e449e4c9b1019eac\"},\"headline\":\"Zelenski afirma que di\u00e1logo entre Rusia y Ucrania queda pospuesto\",\"datePublished\":\"2026-03-06T10:26:04+00:00\",\"mainEntityOfPage\":{\"@id\":\"https:\\\/\\\/www.eldiario.net\\\/portal\\\/2026\\\/03\\\/06\\\/zelenski-afirma-que-dialogo-entre-rusia-y-ucrania-queda-pospuesto-2\\\/\"},\"wordCount\":453,\"publisher\":{\"@id\":\"https:\\\/\\\/www.eldiario.net\\\/portal\\\/#organization\"},\"image\":{\"@id\":\"https:\\\/\\\/www.eldiario.net\\\/portal\\\/2026\\\/03\\\/06\\\/zelenski-afirma-que-dialogo-entre-rusia-y-ucrania-queda-pospuesto-2\\\/#primaryimage\"},\"thumbnailUrl\":\"https:\\\/\\\/www.eldiario.net\\\/portal\\\/wp-content\\\/uploads\\\/2026\\\/03\\\/UCRANIA-CienRadios.webp\",\"articleSection\":[\"Internacional\"],\"inLanguage\":\"es\"},{\"@type\":\"WebPage\",\"@id\":\"https:\\\/\\\/www.eldiario.net\\\/portal\\\/2026\\\/03\\\/06\\\/zelenski-afirma-que-dialogo-entre-rusia-y-ucrania-queda-pospuesto-2\\\/\",\"url\":\"https:\\\/\\\/www.eldiario.net\\\/portal\\\/2026\\\/03\\\/06\\\/zelenski-afirma-que-dialogo-entre-rusia-y-ucrania-queda-pospuesto-2\\\/\",\"name\":\"Zelenski afirma que di\u00e1logo entre Rusia y Ucrania queda pospuesto - El Diario - Bolivia\",\"isPartOf\":{\"@id\":\"https:\\\/\\\/www.eldiario.net\\\/portal\\\/#website\"},\"primaryImageOfPage\":{\"@id\":\"https:\\\/\\\/www.eldiario.net\\\/portal\\\/2026\\\/03\\\/06\\\/zelenski-afirma-que-dialogo-entre-rusia-y-ucrania-queda-pospuesto-2\\\/#primaryimage\"},\"image\":{\"@id\":\"https:\\\/\\\/www.eldiario.net\\\/portal\\\/2026\\\/03\\\/06\\\/zelenski-afirma-que-dialogo-entre-rusia-y-ucrania-queda-pospuesto-2\\\/#primaryimage\"},\"thumbnailUrl\":\"https:\\\/\\\/www.eldiario.net\\\/portal\\\/wp-content\\\/uploads\\\/2026\\\/03\\\/UCRANIA-CienRadios.webp\",\"datePublished\":\"2026-03-06T10:26:04+00:00\",\"breadcrumb\":{\"@id\":\"https:\\\/\\\/www.eldiario.net\\\/portal\\\/2026\\\/03\\\/06\\\/zelenski-afirma-que-dialogo-entre-rusia-y-ucrania-queda-pospuesto-2\\\/#breadcrumb\"},\"inLanguage\":\"es\",\"potentialAction\":[{\"@type\":\"ReadAction\",\"target\":[\"https:\\\/\\\/www.eldiario.net\\\/portal\\\/2026\\\/03\\\/06\\\/zelenski-afirma-que-dialogo-entre-rusia-y-ucrania-queda-pospuesto-2\\\/\"]}]},{\"@type\":\"ImageObject\",\"inLanguage\":\"es\",\"@id\":\"https:\\\/\\\/www.eldiario.net\\\/portal\\\/2026\\\/03\\\/06\\\/zelenski-afirma-que-dialogo-entre-rusia-y-ucrania-queda-pospuesto-2\\\/#primaryimage\",\"url\":\"https:\\\/\\\/www.eldiario.net\\\/portal\\\/wp-content\\\/uploads\\\/2026\\\/03\\\/UCRANIA-CienRadios.webp\",\"contentUrl\":\"https:\\\/\\\/www.eldiario.net\\\/portal\\\/wp-content\\\/uploads\\\/2026\\\/03\\\/UCRANIA-CienRadios.webp\",\"width\":960,\"height\":720,\"caption\":\"El presidente de Ucrania, Volodimir Zelenski. CREDITO: CienRadios\"},{\"@type\":\"BreadcrumbList\",\"@id\":\"https:\\\/\\\/www.eldiario.net\\\/portal\\\/2026\\\/03\\\/06\\\/zelenski-afirma-que-dialogo-entre-rusia-y-ucrania-queda-pospuesto-2\\\/#breadcrumb\",\"itemListElement\":[{\"@type\":\"ListItem\",\"position\":1,\"name\":\"Portada\",\"item\":\"https:\\\/\\\/www.eldiario.net\\\/portal\\\/\"},{\"@type\":\"ListItem\",\"position\":2,\"name\":\"Zelenski afirma que di\u00e1logo entre Rusia y Ucrania queda pospuesto\"}]},{\"@type\":\"WebSite\",\"@id\":\"https:\\\/\\\/www.eldiario.net\\\/portal\\\/#website\",\"url\":\"https:\\\/\\\/www.eldiario.net\\\/portal\\\/\",\"name\":\"El Diario - Decano de la prensa nacional\",\"description\":\"El Diario - Decano de la prensa nacional\",\"publisher\":{\"@id\":\"https:\\\/\\\/www.eldiario.net\\\/portal\\\/#organization\"},\"potentialAction\":[{\"@type\":\"SearchAction\",\"target\":{\"@type\":\"EntryPoint\",\"urlTemplate\":\"https:\\\/\\\/www.eldiario.net\\\/portal\\\/?s={search_term_string}\"},\"query-input\":{\"@type\":\"PropertyValueSpecification\",\"valueRequired\":true,\"valueName\":\"search_term_string\"}}],\"inLanguage\":\"es\"},{\"@type\":\"Organization\",\"@id\":\"https:\\\/\\\/www.eldiario.net\\\/portal\\\/#organization\",\"name\":\"El Diario - Decano de la prensa nacional\",\"url\":\"https:\\\/\\\/www.eldiario.net\\\/portal\\\/\",\"logo\":{\"@type\":\"ImageObject\",\"inLanguage\":\"es\",\"@id\":\"https:\\\/\\\/www.eldiario.net\\\/portal\\\/#\\\/schema\\\/logo\\\/image\\\/\",\"url\":\"https:\\\/\\\/www.eldiario.net\\\/portal\\\/wp-content\\\/uploads\\\/2023\\\/07\\\/logo_ED.jpg\",\"contentUrl\":\"https:\\\/\\\/www.eldiario.net\\\/portal\\\/wp-content\\\/uploads\\\/2023\\\/07\\\/logo_ED.jpg\",\"width\":272,\"height\":52,\"caption\":\"El Diario - Decano de la prensa nacional\"},\"image\":{\"@id\":\"https:\\\/\\\/www.eldiario.net\\\/portal\\\/#\\\/schema\\\/logo\\\/image\\\/\"},\"sameAs\":[\"https:\\\/\\\/www.facebook.com\\\/eldiario.bolivia\\\/\",\"https:\\\/\\\/x.com\\\/eldiario_net\"]},{\"@type\":\"Person\",\"@id\":\"https:\\\/\\\/www.eldiario.net\\\/portal\\\/#\\\/schema\\\/person\\\/2c57cf2b7a7ae032e449e4c9b1019eac\",\"name\":\"Jeanette\",\"image\":{\"@type\":\"ImageObject\",\"inLanguage\":\"es\",\"@id\":\"https:\\\/\\\/secure.gravatar.com\\\/avatar\\\/3ea2118a5f7dad2b7138b1187a6b7ee55f160b9968b66013c3a3ef39dd7e5798?s=96&d=mm&r=g\",\"url\":\"https:\\\/\\\/secure.gravatar.com\\\/avatar\\\/3ea2118a5f7dad2b7138b1187a6b7ee55f160b9968b66013c3a3ef39dd7e5798?s=96&d=mm&r=g\",\"contentUrl\":\"https:\\\/\\\/secure.gravatar.com\\\/avatar\\\/3ea2118a5f7dad2b7138b1187a6b7ee55f160b9968b66013c3a3ef39dd7e5798?s=96&d=mm&r=g\",\"caption\":\"Jeanette\"},\"sameAs\":[\"https:\\\/\\\/www.eldiario.net\\\/portal\"],\"url\":\"https:\\\/\\\/www.eldiario.net\\\/portal\\\/author\\\/jeanette\\\/\"}]}<\/script>\n<!-- \/ Yoast SEO plugin. -->","yoast_head_json":{"title":"Zelenski afirma que di\u00e1logo entre Rusia y Ucrania queda pospuesto - El Diario - Bolivia","robots":{"index":"index","follow":"follow","max-snippet":"max-snippet:-1","max-image-preview":"max-image-preview:large","max-video-preview":"max-video-preview:-1"},"canonical":"https:\/\/www.eldiario.net\/portal\/2026\/03\/06\/zelenski-afirma-que-dialogo-entre-rusia-y-ucrania-queda-pospuesto-2\/","og_locale":"es_ES","og_type":"article","og_title":"Zelenski afirma que di\u00e1logo entre Rusia y Ucrania queda pospuesto - El Diario - Bolivia","og_description":"Una nueva ronda de conversaciones entre Rusia y Ucrania, mediadas por Estados Unidos y prevista para esta semana, se ha pospuesto debido a la guerra en Oriente Medio, seg\u00fan el presidente ucraniano Volodimir Zelenski. Mientras tanto, Estados Unidos y sus aliados en Oriente Medio buscan la experiencia de Kiev para contrarrestar los drones Shahed de [&hellip;]","og_url":"https:\/\/www.eldiario.net\/portal\/2026\/03\/06\/zelenski-afirma-que-dialogo-entre-rusia-y-ucrania-queda-pospuesto-2\/","og_site_name":"El Diario - Bolivia","article_publisher":"https:\/\/www.facebook.com\/eldiario.bolivia\/","article_published_time":"2026-03-06T10:26:04+00:00","og_image":[{"width":960,"height":720,"url":"https:\/\/www.eldiario.net\/portal\/wp-content\/uploads\/2026\/03\/UCRANIA-CienRadios.webp","type":"image\/webp"}],"author":"Jeanette","twitter_card":"summary_large_image","twitter_creator":"@eldiario_net","twitter_site":"@eldiario_net","twitter_misc":{"Escrito por":"Jeanette","Tiempo de lectura":"3 minutos"},"schema":{"@context":"https:\/\/schema.org","@graph":[{"@type":"Article","@id":"https:\/\/www.eldiario.net\/portal\/2026\/03\/06\/zelenski-afirma-que-dialogo-entre-rusia-y-ucrania-queda-pospuesto-2\/#article","isPartOf":{"@id":"https:\/\/www.eldiario.net\/portal\/2026\/03\/06\/zelenski-afirma-que-dialogo-entre-rusia-y-ucrania-queda-pospuesto-2\/"},"author":{"name":"Jeanette","@id":"https:\/\/www.eldiario.net\/portal\/#\/schema\/person\/2c57cf2b7a7ae032e449e4c9b1019eac"},"headline":"Zelenski afirma que di\u00e1logo entre Rusia y Ucrania queda pospuesto","datePublished":"2026-03-06T10:26:04+00:00","mainEntityOfPage":{"@id":"https:\/\/www.eldiario.net\/portal\/2026\/03\/06\/zelenski-afirma-que-dialogo-entre-rusia-y-ucrania-queda-pospuesto-2\/"},"wordCount":453,"publisher":{"@id":"https:\/\/www.eldiario.net\/portal\/#organization"},"image":{"@id":"https:\/\/www.eldiario.net\/portal\/2026\/03\/06\/zelenski-afirma-que-dialogo-entre-rusia-y-ucrania-queda-pospuesto-2\/#primaryimage"},"thumbnailUrl":"https:\/\/www.eldiario.net\/portal\/wp-content\/uploads\/2026\/03\/UCRANIA-CienRadios.webp","articleSection":["Internacional"],"inLanguage":"es"},{"@type":"WebPage","@id":"https:\/\/www.eldiario.net\/portal\/2026\/03\/06\/zelenski-afirma-que-dialogo-entre-rusia-y-ucrania-queda-pospuesto-2\/","url":"https:\/\/www.eldiario.net\/portal\/2026\/03\/06\/zelenski-afirma-que-dialogo-entre-rusia-y-ucrania-queda-pospuesto-2\/","name":"Zelenski afirma que di\u00e1logo entre Rusia y Ucrania queda pospuesto - El Diario - Bolivia","isPartOf":{"@id":"https:\/\/www.eldiario.net\/portal\/#website"},"primaryImageOfPage":{"@id":"https:\/\/www.eldiario.net\/portal\/2026\/03\/06\/zelenski-afirma-que-dialogo-entre-rusia-y-ucrania-queda-pospuesto-2\/#primaryimage"},"image":{"@id":"https:\/\/www.eldiario.net\/portal\/2026\/03\/06\/zelenski-afirma-que-dialogo-entre-rusia-y-ucrania-queda-pospuesto-2\/#primaryimage"},"thumbnailUrl":"https:\/\/www.eldiario.net\/portal\/wp-content\/uploads\/2026\/03\/UCRANIA-CienRadios.webp","datePublished":"2026-03-06T10:26:04+00:00","breadcrumb":{"@id":"https:\/\/www.eldiario.net\/portal\/2026\/03\/06\/zelenski-afirma-que-dialogo-entre-rusia-y-ucrania-queda-pospuesto-2\/#breadcrumb"},"inLanguage":"es","potentialAction":[{"@type":"ReadAction","target":["https:\/\/www.eldiario.net\/portal\/2026\/03\/06\/zelenski-afirma-que-dialogo-entre-rusia-y-ucrania-queda-pospuesto-2\/"]}]},{"@type":"ImageObject","inLanguage":"es","@id":"https:\/\/www.eldiario.net\/portal\/2026\/03\/06\/zelenski-afirma-que-dialogo-entre-rusia-y-ucrania-queda-pospuesto-2\/#primaryimage","url":"https:\/\/www.eldiario.net\/portal\/wp-content\/uploads\/2026\/03\/UCRANIA-CienRadios.webp","contentUrl":"https:\/\/www.eldiario.net\/portal\/wp-content\/uploads\/2026\/03\/UCRANIA-CienRadios.webp","width":960,"height":720,"caption":"El presidente de Ucrania, Volodimir Zelenski. CREDITO: CienRadios"},{"@type":"BreadcrumbList","@id":"https:\/\/www.eldiario.net\/portal\/2026\/03\/06\/zelenski-afirma-que-dialogo-entre-rusia-y-ucrania-queda-pospuesto-2\/#breadcrumb","itemListElement":[{"@type":"ListItem","position":1,"name":"Portada","item":"https:\/\/www.eldiario.net\/portal\/"},{"@type":"ListItem","position":2,"name":"Zelenski afirma que di\u00e1logo entre Rusia y Ucrania queda pospuesto"}]},{"@type":"WebSite","@id":"https:\/\/www.eldiario.net\/portal\/#website","url":"https:\/\/www.eldiario.net\/portal\/","name":"El Diario - Decano de la prensa nacional","description":"El Diario - Decano de la prensa nacional","publisher":{"@id":"https:\/\/www.eldiario.net\/portal\/#organization"},"potentialAction":[{"@type":"SearchAction","target":{"@type":"EntryPoint","urlTemplate":"https:\/\/www.eldiario.net\/portal\/?s={search_term_string}"},"query-input":{"@type":"PropertyValueSpecification","valueRequired":true,"valueName":"search_term_string"}}],"inLanguage":"es"},{"@type":"Organization","@id":"https:\/\/www.eldiario.net\/portal\/#organization","name":"El Diario - Decano de la prensa nacional","url":"https:\/\/www.eldiario.net\/portal\/","logo":{"@type":"ImageObject","inLanguage":"es","@id":"https:\/\/www.eldiario.net\/portal\/#\/schema\/logo\/image\/","url":"https:\/\/www.eldiario.net\/portal\/wp-content\/uploads\/2023\/07\/logo_ED.jpg","contentUrl":"https:\/\/www.eldiario.net\/portal\/wp-content\/uploads\/2023\/07\/logo_ED.jpg","width":272,"height":52,"caption":"El Diario - Decano de la prensa nacional"},"image":{"@id":"https:\/\/www.eldiario.net\/portal\/#\/schema\/logo\/image\/"},"sameAs":["https:\/\/www.facebook.com\/eldiario.bolivia\/","https:\/\/x.com\/eldiario_net"]},{"@type":"Person","@id":"https:\/\/www.eldiario.net\/portal\/#\/schema\/person\/2c57cf2b7a7ae032e449e4c9b1019eac","name":"Jeanette","image":{"@type":"ImageObject","inLanguage":"es","@id":"https:\/\/secure.gravatar.com\/avatar\/3ea2118a5f7dad2b7138b1187a6b7ee55f160b9968b66013c3a3ef39dd7e5798?s=96&d=mm&r=g","url":"https:\/\/secure.gravatar.com\/avatar\/3ea2118a5f7dad2b7138b1187a6b7ee55f160b9968b66013c3a3ef39dd7e5798?s=96&d=mm&r=g","contentUrl":"https:\/\/secure.gravatar.com\/avatar\/3ea2118a5f7dad2b7138b1187a6b7ee55f160b9968b66013c3a3ef39dd7e5798?s=96&d=mm&r=g","caption":"Jeanette"},"sameAs":["https:\/\/www.eldiario.net\/portal"],"url":"https:\/\/www.eldiario.net\/portal\/author\/jeanette\/"}]}},"_links":{"self":[{"href":"https:\/\/www.eldiario.net\/portal\/wp-json\/wp\/v2\/posts\/373775","targetHints":{"allow":["GET"]}}],"collection":[{"href":"https:\/\/www.eldiario.net\/portal\/wp-json\/wp\/v2\/posts"}],"about":[{"href":"https:\/\/www.eldiario.net\/portal\/wp-json\/wp\/v2\/types\/post"}],"author":[{"embeddable":true,"href":"https:\/\/www.eldiario.net\/portal\/wp-json\/wp\/v2\/users\/1"}],"replies":[{"embeddable":true,"href":"https:\/\/www.eldiario.net\/portal\/wp-json\/wp\/v2\/comments?post=373775"}],"version-history":[{"count":1,"href":"https:\/\/www.eldiario.net\/portal\/wp-json\/wp\/v2\/posts\/373775\/revisions"}],"predecessor-version":[{"id":373777,"href":"https:\/\/www.eldiario.net\/portal\/wp-json\/wp\/v2\/posts\/373775\/revisions\/373777"}],"wp:featuredmedia":[{"embeddable":true,"href":"https:\/\/www.eldiario.net\/portal\/wp-json\/wp\/v2\/media\/373776"}],"wp:attachment":[{"href":"https:\/\/www.eldiario.net\/portal\/wp-json\/wp\/v2\/media?parent=373775"}],"wp:term":[{"taxonomy":"category","embeddable":true,"href":"https:\/\/www.eldiario.net\/portal\/wp-json\/wp\/v2\/categories?post=373775"},{"taxonomy":"post_tag","embeddable":true,"href":"https:\/\/www.eldiario.net\/portal\/wp-json\/wp\/v2\/tags?post=373775"}],"curies":[{"name":"wp","href":"https:\/\/api.w.org\/{rel}","templated":true}]}}