{"id":373772,"date":"2026-03-06T06:25:12","date_gmt":"2026-03-06T10:25:12","guid":{"rendered":"https:\/\/www.eldiario.net\/portal\/?p=373772"},"modified":"2026-03-06T06:25:12","modified_gmt":"2026-03-06T10:25:12","slug":"detienen-a-hombre-buscado-por-asesinato-de-tres-mujeres-en-utah","status":"publish","type":"post","link":"https:\/\/www.eldiario.net\/portal\/2026\/03\/06\/detienen-a-hombre-buscado-por-asesinato-de-tres-mujeres-en-utah\/","title":{"rendered":"Detienen a hombre buscado por  asesinato de tres mujeres en Utah"},"content":{"rendered":"<p class=\"v1MsoNormal\"><span lang=\"ES-BO\">Un hombre de 22 a\u00f1os mat\u00f3 a una mujer de unos 80 a\u00f1os dentro de su casa rural en Utah y, posteriormente, asesin\u00f3 a otras dos mujeres que encontr\u00f3 caminando por un sendero cercano. Luego rob\u00f3 el auto de una de ellas y desat\u00f3 una intensa b\u00fasqueda policial que se extendi\u00f3 por varios estados, seg\u00fan informaron las autoridades.<\/span><\/p>\n<p class=\"v1MsoNormal\"><span lang=\"ES-BO\">El sospechoso, identificado como Ivan Miller por FOX13, fue detenido ayer en Pagosa Springs, Colorado, a unos 370 kil\u00f3metros del lugar donde ocurrieron los cr\u00edmenes. Al momento de su arresto llevaba una pistola y un cuchillo grande.<\/span><\/p>\n<p class=\"v1MsoNormal\"><span lang=\"ES-BO\">El teniente Cameron Roden, portavoz de la Patrulla de Carreteras de Utah, se\u00f1al\u00f3 que no hay indicios de que Miller tuviera alguna relaci\u00f3n con las v\u00edctimas y que, por ahora, tampoco se estableci\u00f3 un posible motivo para los asesinatos.<\/span><\/p>\n<p class=\"v1MsoNormal\"><span lang=\"ES-BO\">La detenci\u00f3n se produjo despu\u00e9s de que la polic\u00eda rastreara un veh\u00edculo vinculado a una de las v\u00edctimas desde Utah, pasando por Arizona, hasta Colorado. El auto fue hallado abandonado en Pagosa Springs, lo que finalmente permiti\u00f3 a los agentes dar con el sospechoso, inform\u00f3 KUTV.<\/span><\/p>\n<p class=\"v1MsoNormal\"><span lang=\"ES-BO\">La jornada de horror, que conmocion\u00f3 a esta tranquila zona rural de Utah, comenz\u00f3 el mi\u00e9rcoles por la tarde. Ese d\u00eda, los esposos de las dos mujeres que hab\u00edan salido a caminar encontraron sus cuerpos en un sendero cercano al Parque Nacional Capitol Reef y llamaron al 911. Seg\u00fan la polic\u00eda, ambas eran amigas y hab\u00edan ido a hacer senderismo juntas: una ten\u00eda alrededor de 30 a\u00f1os y la otra, cerca de 60.<\/span><\/p>\n<p class=\"v1MsoNormal\"><span lang=\"ES-BO\">Sin embargo, Roden se\u00f1al\u00f3 que los asesinatos podr\u00edan haber sido completamente aleatorios. \u00abNo tenemos evidencia de que las v\u00edctimas fueran elegidas\u00bb, afirm\u00f3.<\/span><\/p>\n<p class=\"v1MsoNormal\"><span lang=\"ES-BO\">Mientras avanzaba la investigaci\u00f3n por la muerte de las dos excursionistas, la polic\u00eda hizo otro hallazgo inquietante: el cuerpo de una mujer fue encontrado en su casa en Lyman, en el condado de Wayne. No qued\u00f3 claro de inmediato qu\u00e9 llev\u00f3 a los investigadores hasta esa vivienda. Hasta ahora, ninguna de las v\u00edctimas fue identificada y tampoco se determin\u00f3 si exist\u00eda alg\u00fan tipo de relaci\u00f3n entre ellas.<\/span><\/p>\n<p class=\"v1MsoNormal\"><span lang=\"ES-BO\">Ante la gravedad de los hechos, las autoridades lanzaron una intensa b\u00fasqueda del sospechoso y pidieron ayuda al p\u00fablico para localizar un Subaru Outback blanco modelo 2022 con placa U560YF.<\/span><\/p>\n<p class=\"v1MsoNormal\"><span lang=\"ES-BO\">Seg\u00fan la polic\u00eda, Miller rob\u00f3 el veh\u00edculo de una de las v\u00edctimas que estaba en el sendero y huy\u00f3 del estado. El autom\u00f3vil fue rastreado a trav\u00e9s del sur de Utah y el norte de Arizona antes de ser encontrado abandonado en Pagosa Springs, Colorado, de acuerdo con FOX13.<\/span><\/p>\n<p class=\"v1MsoNormal\"><span lang=\"ES-BO\">Poco despu\u00e9s, el sospechoso de 22 a\u00f1os fue detenido sin incidentes tras una breve b\u00fasqueda en la zona. Al momento de su arresto llevaba una pistola oculta y un cuchillo grande, inform\u00f3 el Departamento de Polic\u00eda de Pagosa Springs. Actualmente, permanece detenido en el centro de detenci\u00f3n del condado de Archuleta, acusado por un cargo relacionado con armas.<\/span><\/p>\n<p class=\"v1MsoNormal\"><span lang=\"ES-BO\">Los asesinatos sacudieron a este condado escasamente poblado, donde las autoridades pidieron a los residentes permanecer en sus casas, cerrar bien las puertas y mantener las luces encendidas durante la noche mientras el sospechoso segu\u00eda pr\u00f3fugo. En medio de la preocupaci\u00f3n en la comunidad, el distrito escolar del condado de Wayne cancel\u00f3 las clases para el resto de la semana \u00abpor precauci\u00f3n y por la seguridad de los estudiantes y de la poblaci\u00f3n\u00bb. Las autoridades tambi\u00e9n informaron que habr\u00e1 consejeros disponibles para apoyar a los estudiantes cuando las escuelas reabran.<\/span><\/p>\n<p class=\"v1MsoNormal\"><span lang=\"ES-BO\">El alcalde de Torrey, Mickey Wright, declar\u00f3 a FOX13: \u00abNuestra comunidad est\u00e1 de luto tras las tr\u00e1gicas muertes de tres mujeres en el condado de Wayne ayer. En nombre del pueblo de Torrey, expreso mis m\u00e1s sinceras condolencias a las familias, amigos y seres queridos de las v\u00edctimas. Es un momento desgarrador para nuestra peque\u00f1a y unida comunidad\u00bb.<\/span><\/p>\n<p class=\"v1MsoNormal\"><span lang=\"ES-BO\">Tras la detenci\u00f3n del sospechoso ayer en Colorado, las autoridades se\u00f1alaron que ya no existe una amenaza activa para el p\u00fablico y que no hay m\u00e1s personas buscadas en relaci\u00f3n con el caso. Mientras tanto, la Oficina Estatal de Investigaci\u00f3n de Utah y el Laboratorio Criminal\u00edstico de Utah continuaron ayer con el procesamiento de las escenas del crimen en las comunidades de Torrey y Lyman.<\/span><\/p>\n<p class=\"v1MsoNormal\"><span lang=\"ES-BO\">El condado de Wayne, con menos de 3.000 habitantes, suele ser una puerta de entrada para los visitantes que se dirigen a parques nacionales cercanos, incluido el Parque Nacional Capitol Reef.(Independent en Espa\u00f1ol)<\/span><\/p>\n<p class=\"v1MsoNormal\"><span lang=\"ES-BO\">\u00a0<\/span><\/p>\n","protected":false},"excerpt":{"rendered":"<p>Un hombre de 22 a\u00f1os mat\u00f3 a una mujer de unos 80 a\u00f1os dentro de su casa rural en Utah y, posteriormente, asesin\u00f3 a otras dos mujeres que encontr\u00f3 caminando por un sendero cercano. Luego rob\u00f3 el auto de una de ellas y desat\u00f3 una intensa b\u00fasqueda policial que se extendi\u00f3 por varios estados, seg\u00fan [&hellip;]<\/p>\n","protected":false},"author":1,"featured_media":373773,"comment_status":"closed","ping_status":"open","sticky":false,"template":"","format":"standard","meta":{"_acf_changed":false,"footnotes":""},"categories":[3],"tags":[],"class_list":["post-373772","post","type-post","status-publish","format-standard","has-post-thumbnail","category-internacional"],"acf":{"antetitulo":"En Colorado"},"yoast_head":"<!-- This site is optimized with the Yoast SEO plugin v28.4 - https:\/\/yoast.com\/product\/yoast-seo-wordpress\/ -->\n<title>Detienen a hombre buscado por asesinato de tres mujeres en Utah - El Diario - Bolivia<\/title>\n<meta name=\"robots\" content=\"index, follow, max-snippet:-1, max-image-preview:large, max-video-preview:-1\" \/>\n<link rel=\"canonical\" href=\"https:\/\/www.eldiario.net\/portal\/2026\/03\/06\/detienen-a-hombre-buscado-por-asesinato-de-tres-mujeres-en-utah\/\" \/>\n<meta property=\"og:locale\" content=\"es_ES\" \/>\n<meta property=\"og:type\" content=\"article\" \/>\n<meta property=\"og:title\" content=\"Detienen a hombre buscado por asesinato de tres mujeres en Utah - El Diario - Bolivia\" \/>\n<meta property=\"og:description\" content=\"Un hombre de 22 a\u00f1os mat\u00f3 a una mujer de unos 80 a\u00f1os dentro de su casa rural en Utah y, posteriormente, asesin\u00f3 a otras dos mujeres que encontr\u00f3 caminando por un sendero cercano. Luego rob\u00f3 el auto de una de ellas y desat\u00f3 una intensa b\u00fasqueda policial que se extendi\u00f3 por varios estados, seg\u00fan [&hellip;]\" \/>\n<meta property=\"og:url\" content=\"https:\/\/www.eldiario.net\/portal\/2026\/03\/06\/detienen-a-hombre-buscado-por-asesinato-de-tres-mujeres-en-utah\/\" \/>\n<meta property=\"og:site_name\" content=\"El Diario - Bolivia\" \/>\n<meta property=\"article:publisher\" content=\"https:\/\/www.facebook.com\/eldiario.bolivia\/\" \/>\n<meta property=\"article:published_time\" content=\"2026-03-06T10:25:12+00:00\" \/>\n<meta property=\"og:image\" content=\"https:\/\/www.eldiario.net\/portal\/wp-content\/uploads\/2026\/03\/ASESINATO-AP.webp\" \/>\n\t<meta property=\"og:image:width\" content=\"1608\" \/>\n\t<meta property=\"og:image:height\" content=\"1131\" \/>\n\t<meta property=\"og:image:type\" content=\"image\/webp\" \/>\n<meta name=\"author\" content=\"Jeanette\" \/>\n<meta name=\"twitter:card\" content=\"summary_large_image\" \/>\n<meta name=\"twitter:creator\" content=\"@eldiario_net\" \/>\n<meta name=\"twitter:site\" content=\"@eldiario_net\" \/>\n<meta name=\"twitter:label1\" content=\"Escrito por\" \/>\n\t<meta name=\"twitter:data1\" content=\"Jeanette\" \/>\n\t<meta name=\"twitter:label2\" content=\"Tiempo de lectura\" \/>\n\t<meta name=\"twitter:data2\" content=\"4 minutos\" \/>\n<script type=\"application\/ld+json\" class=\"yoast-schema-graph\">{\"@context\":\"https:\\\/\\\/schema.org\",\"@graph\":[{\"@type\":\"Article\",\"@id\":\"https:\\\/\\\/www.eldiario.net\\\/portal\\\/2026\\\/03\\\/06\\\/detienen-a-hombre-buscado-por-asesinato-de-tres-mujeres-en-utah\\\/#article\",\"isPartOf\":{\"@id\":\"https:\\\/\\\/www.eldiario.net\\\/portal\\\/2026\\\/03\\\/06\\\/detienen-a-hombre-buscado-por-asesinato-de-tres-mujeres-en-utah\\\/\"},\"author\":{\"name\":\"Jeanette\",\"@id\":\"https:\\\/\\\/www.eldiario.net\\\/portal\\\/#\\\/schema\\\/person\\\/2c57cf2b7a7ae032e449e4c9b1019eac\"},\"headline\":\"Detienen a hombre buscado por asesinato de tres mujeres en Utah\",\"datePublished\":\"2026-03-06T10:25:12+00:00\",\"mainEntityOfPage\":{\"@id\":\"https:\\\/\\\/www.eldiario.net\\\/portal\\\/2026\\\/03\\\/06\\\/detienen-a-hombre-buscado-por-asesinato-de-tres-mujeres-en-utah\\\/\"},\"wordCount\":791,\"publisher\":{\"@id\":\"https:\\\/\\\/www.eldiario.net\\\/portal\\\/#organization\"},\"image\":{\"@id\":\"https:\\\/\\\/www.eldiario.net\\\/portal\\\/2026\\\/03\\\/06\\\/detienen-a-hombre-buscado-por-asesinato-de-tres-mujeres-en-utah\\\/#primaryimage\"},\"thumbnailUrl\":\"https:\\\/\\\/www.eldiario.net\\\/portal\\\/wp-content\\\/uploads\\\/2026\\\/03\\\/ASESINATO-AP.webp\",\"articleSection\":[\"Internacional\"],\"inLanguage\":\"es\"},{\"@type\":\"WebPage\",\"@id\":\"https:\\\/\\\/www.eldiario.net\\\/portal\\\/2026\\\/03\\\/06\\\/detienen-a-hombre-buscado-por-asesinato-de-tres-mujeres-en-utah\\\/\",\"url\":\"https:\\\/\\\/www.eldiario.net\\\/portal\\\/2026\\\/03\\\/06\\\/detienen-a-hombre-buscado-por-asesinato-de-tres-mujeres-en-utah\\\/\",\"name\":\"Detienen a hombre buscado por asesinato de tres mujeres en Utah - El Diario - Bolivia\",\"isPartOf\":{\"@id\":\"https:\\\/\\\/www.eldiario.net\\\/portal\\\/#website\"},\"primaryImageOfPage\":{\"@id\":\"https:\\\/\\\/www.eldiario.net\\\/portal\\\/2026\\\/03\\\/06\\\/detienen-a-hombre-buscado-por-asesinato-de-tres-mujeres-en-utah\\\/#primaryimage\"},\"image\":{\"@id\":\"https:\\\/\\\/www.eldiario.net\\\/portal\\\/2026\\\/03\\\/06\\\/detienen-a-hombre-buscado-por-asesinato-de-tres-mujeres-en-utah\\\/#primaryimage\"},\"thumbnailUrl\":\"https:\\\/\\\/www.eldiario.net\\\/portal\\\/wp-content\\\/uploads\\\/2026\\\/03\\\/ASESINATO-AP.webp\",\"datePublished\":\"2026-03-06T10:25:12+00:00\",\"breadcrumb\":{\"@id\":\"https:\\\/\\\/www.eldiario.net\\\/portal\\\/2026\\\/03\\\/06\\\/detienen-a-hombre-buscado-por-asesinato-de-tres-mujeres-en-utah\\\/#breadcrumb\"},\"inLanguage\":\"es\",\"potentialAction\":[{\"@type\":\"ReadAction\",\"target\":[\"https:\\\/\\\/www.eldiario.net\\\/portal\\\/2026\\\/03\\\/06\\\/detienen-a-hombre-buscado-por-asesinato-de-tres-mujeres-en-utah\\\/\"]}]},{\"@type\":\"ImageObject\",\"inLanguage\":\"es\",\"@id\":\"https:\\\/\\\/www.eldiario.net\\\/portal\\\/2026\\\/03\\\/06\\\/detienen-a-hombre-buscado-por-asesinato-de-tres-mujeres-en-utah\\\/#primaryimage\",\"url\":\"https:\\\/\\\/www.eldiario.net\\\/portal\\\/wp-content\\\/uploads\\\/2026\\\/03\\\/ASESINATO-AP.webp\",\"contentUrl\":\"https:\\\/\\\/www.eldiario.net\\\/portal\\\/wp-content\\\/uploads\\\/2026\\\/03\\\/ASESINATO-AP.webp\",\"width\":1608,\"height\":1131,\"caption\":\"Arrestan a sospechoso tras hallazgo de tres mujeres muertas en Utah. CREDITO: AP\"},{\"@type\":\"BreadcrumbList\",\"@id\":\"https:\\\/\\\/www.eldiario.net\\\/portal\\\/2026\\\/03\\\/06\\\/detienen-a-hombre-buscado-por-asesinato-de-tres-mujeres-en-utah\\\/#breadcrumb\",\"itemListElement\":[{\"@type\":\"ListItem\",\"position\":1,\"name\":\"Portada\",\"item\":\"https:\\\/\\\/www.eldiario.net\\\/portal\\\/\"},{\"@type\":\"ListItem\",\"position\":2,\"name\":\"Detienen a hombre buscado por asesinato de tres mujeres en Utah\"}]},{\"@type\":\"WebSite\",\"@id\":\"https:\\\/\\\/www.eldiario.net\\\/portal\\\/#website\",\"url\":\"https:\\\/\\\/www.eldiario.net\\\/portal\\\/\",\"name\":\"El Diario - Decano de la prensa nacional\",\"description\":\"El Diario - Decano de la prensa nacional\",\"publisher\":{\"@id\":\"https:\\\/\\\/www.eldiario.net\\\/portal\\\/#organization\"},\"potentialAction\":[{\"@type\":\"SearchAction\",\"target\":{\"@type\":\"EntryPoint\",\"urlTemplate\":\"https:\\\/\\\/www.eldiario.net\\\/portal\\\/?s={search_term_string}\"},\"query-input\":{\"@type\":\"PropertyValueSpecification\",\"valueRequired\":true,\"valueName\":\"search_term_string\"}}],\"inLanguage\":\"es\"},{\"@type\":\"Organization\",\"@id\":\"https:\\\/\\\/www.eldiario.net\\\/portal\\\/#organization\",\"name\":\"El Diario - Decano de la prensa nacional\",\"url\":\"https:\\\/\\\/www.eldiario.net\\\/portal\\\/\",\"logo\":{\"@type\":\"ImageObject\",\"inLanguage\":\"es\",\"@id\":\"https:\\\/\\\/www.eldiario.net\\\/portal\\\/#\\\/schema\\\/logo\\\/image\\\/\",\"url\":\"https:\\\/\\\/www.eldiario.net\\\/portal\\\/wp-content\\\/uploads\\\/2023\\\/07\\\/logo_ED.jpg\",\"contentUrl\":\"https:\\\/\\\/www.eldiario.net\\\/portal\\\/wp-content\\\/uploads\\\/2023\\\/07\\\/logo_ED.jpg\",\"width\":272,\"height\":52,\"caption\":\"El Diario - Decano de la prensa nacional\"},\"image\":{\"@id\":\"https:\\\/\\\/www.eldiario.net\\\/portal\\\/#\\\/schema\\\/logo\\\/image\\\/\"},\"sameAs\":[\"https:\\\/\\\/www.facebook.com\\\/eldiario.bolivia\\\/\",\"https:\\\/\\\/x.com\\\/eldiario_net\"]},{\"@type\":\"Person\",\"@id\":\"https:\\\/\\\/www.eldiario.net\\\/portal\\\/#\\\/schema\\\/person\\\/2c57cf2b7a7ae032e449e4c9b1019eac\",\"name\":\"Jeanette\",\"image\":{\"@type\":\"ImageObject\",\"inLanguage\":\"es\",\"@id\":\"https:\\\/\\\/secure.gravatar.com\\\/avatar\\\/3ea2118a5f7dad2b7138b1187a6b7ee55f160b9968b66013c3a3ef39dd7e5798?s=96&d=mm&r=g\",\"url\":\"https:\\\/\\\/secure.gravatar.com\\\/avatar\\\/3ea2118a5f7dad2b7138b1187a6b7ee55f160b9968b66013c3a3ef39dd7e5798?s=96&d=mm&r=g\",\"contentUrl\":\"https:\\\/\\\/secure.gravatar.com\\\/avatar\\\/3ea2118a5f7dad2b7138b1187a6b7ee55f160b9968b66013c3a3ef39dd7e5798?s=96&d=mm&r=g\",\"caption\":\"Jeanette\"},\"sameAs\":[\"https:\\\/\\\/www.eldiario.net\\\/portal\"],\"url\":\"https:\\\/\\\/www.eldiario.net\\\/portal\\\/author\\\/jeanette\\\/\"}]}<\/script>\n<!-- \/ Yoast SEO plugin. -->","yoast_head_json":{"title":"Detienen a hombre buscado por asesinato de tres mujeres en Utah - El Diario - Bolivia","robots":{"index":"index","follow":"follow","max-snippet":"max-snippet:-1","max-image-preview":"max-image-preview:large","max-video-preview":"max-video-preview:-1"},"canonical":"https:\/\/www.eldiario.net\/portal\/2026\/03\/06\/detienen-a-hombre-buscado-por-asesinato-de-tres-mujeres-en-utah\/","og_locale":"es_ES","og_type":"article","og_title":"Detienen a hombre buscado por asesinato de tres mujeres en Utah - El Diario - Bolivia","og_description":"Un hombre de 22 a\u00f1os mat\u00f3 a una mujer de unos 80 a\u00f1os dentro de su casa rural en Utah y, posteriormente, asesin\u00f3 a otras dos mujeres que encontr\u00f3 caminando por un sendero cercano. Luego rob\u00f3 el auto de una de ellas y desat\u00f3 una intensa b\u00fasqueda policial que se extendi\u00f3 por varios estados, seg\u00fan [&hellip;]","og_url":"https:\/\/www.eldiario.net\/portal\/2026\/03\/06\/detienen-a-hombre-buscado-por-asesinato-de-tres-mujeres-en-utah\/","og_site_name":"El Diario - Bolivia","article_publisher":"https:\/\/www.facebook.com\/eldiario.bolivia\/","article_published_time":"2026-03-06T10:25:12+00:00","og_image":[{"width":1608,"height":1131,"url":"https:\/\/www.eldiario.net\/portal\/wp-content\/uploads\/2026\/03\/ASESINATO-AP.webp","type":"image\/webp"}],"author":"Jeanette","twitter_card":"summary_large_image","twitter_creator":"@eldiario_net","twitter_site":"@eldiario_net","twitter_misc":{"Escrito por":"Jeanette","Tiempo de lectura":"4 minutos"},"schema":{"@context":"https:\/\/schema.org","@graph":[{"@type":"Article","@id":"https:\/\/www.eldiario.net\/portal\/2026\/03\/06\/detienen-a-hombre-buscado-por-asesinato-de-tres-mujeres-en-utah\/#article","isPartOf":{"@id":"https:\/\/www.eldiario.net\/portal\/2026\/03\/06\/detienen-a-hombre-buscado-por-asesinato-de-tres-mujeres-en-utah\/"},"author":{"name":"Jeanette","@id":"https:\/\/www.eldiario.net\/portal\/#\/schema\/person\/2c57cf2b7a7ae032e449e4c9b1019eac"},"headline":"Detienen a hombre buscado por asesinato de tres mujeres en Utah","datePublished":"2026-03-06T10:25:12+00:00","mainEntityOfPage":{"@id":"https:\/\/www.eldiario.net\/portal\/2026\/03\/06\/detienen-a-hombre-buscado-por-asesinato-de-tres-mujeres-en-utah\/"},"wordCount":791,"publisher":{"@id":"https:\/\/www.eldiario.net\/portal\/#organization"},"image":{"@id":"https:\/\/www.eldiario.net\/portal\/2026\/03\/06\/detienen-a-hombre-buscado-por-asesinato-de-tres-mujeres-en-utah\/#primaryimage"},"thumbnailUrl":"https:\/\/www.eldiario.net\/portal\/wp-content\/uploads\/2026\/03\/ASESINATO-AP.webp","articleSection":["Internacional"],"inLanguage":"es"},{"@type":"WebPage","@id":"https:\/\/www.eldiario.net\/portal\/2026\/03\/06\/detienen-a-hombre-buscado-por-asesinato-de-tres-mujeres-en-utah\/","url":"https:\/\/www.eldiario.net\/portal\/2026\/03\/06\/detienen-a-hombre-buscado-por-asesinato-de-tres-mujeres-en-utah\/","name":"Detienen a hombre buscado por asesinato de tres mujeres en Utah - El Diario - Bolivia","isPartOf":{"@id":"https:\/\/www.eldiario.net\/portal\/#website"},"primaryImageOfPage":{"@id":"https:\/\/www.eldiario.net\/portal\/2026\/03\/06\/detienen-a-hombre-buscado-por-asesinato-de-tres-mujeres-en-utah\/#primaryimage"},"image":{"@id":"https:\/\/www.eldiario.net\/portal\/2026\/03\/06\/detienen-a-hombre-buscado-por-asesinato-de-tres-mujeres-en-utah\/#primaryimage"},"thumbnailUrl":"https:\/\/www.eldiario.net\/portal\/wp-content\/uploads\/2026\/03\/ASESINATO-AP.webp","datePublished":"2026-03-06T10:25:12+00:00","breadcrumb":{"@id":"https:\/\/www.eldiario.net\/portal\/2026\/03\/06\/detienen-a-hombre-buscado-por-asesinato-de-tres-mujeres-en-utah\/#breadcrumb"},"inLanguage":"es","potentialAction":[{"@type":"ReadAction","target":["https:\/\/www.eldiario.net\/portal\/2026\/03\/06\/detienen-a-hombre-buscado-por-asesinato-de-tres-mujeres-en-utah\/"]}]},{"@type":"ImageObject","inLanguage":"es","@id":"https:\/\/www.eldiario.net\/portal\/2026\/03\/06\/detienen-a-hombre-buscado-por-asesinato-de-tres-mujeres-en-utah\/#primaryimage","url":"https:\/\/www.eldiario.net\/portal\/wp-content\/uploads\/2026\/03\/ASESINATO-AP.webp","contentUrl":"https:\/\/www.eldiario.net\/portal\/wp-content\/uploads\/2026\/03\/ASESINATO-AP.webp","width":1608,"height":1131,"caption":"Arrestan a sospechoso tras hallazgo de tres mujeres muertas en Utah. CREDITO: AP"},{"@type":"BreadcrumbList","@id":"https:\/\/www.eldiario.net\/portal\/2026\/03\/06\/detienen-a-hombre-buscado-por-asesinato-de-tres-mujeres-en-utah\/#breadcrumb","itemListElement":[{"@type":"ListItem","position":1,"name":"Portada","item":"https:\/\/www.eldiario.net\/portal\/"},{"@type":"ListItem","position":2,"name":"Detienen a hombre buscado por asesinato de tres mujeres en Utah"}]},{"@type":"WebSite","@id":"https:\/\/www.eldiario.net\/portal\/#website","url":"https:\/\/www.eldiario.net\/portal\/","name":"El Diario - Decano de la prensa nacional","description":"El Diario - Decano de la prensa nacional","publisher":{"@id":"https:\/\/www.eldiario.net\/portal\/#organization"},"potentialAction":[{"@type":"SearchAction","target":{"@type":"EntryPoint","urlTemplate":"https:\/\/www.eldiario.net\/portal\/?s={search_term_string}"},"query-input":{"@type":"PropertyValueSpecification","valueRequired":true,"valueName":"search_term_string"}}],"inLanguage":"es"},{"@type":"Organization","@id":"https:\/\/www.eldiario.net\/portal\/#organization","name":"El Diario - Decano de la prensa nacional","url":"https:\/\/www.eldiario.net\/portal\/","logo":{"@type":"ImageObject","inLanguage":"es","@id":"https:\/\/www.eldiario.net\/portal\/#\/schema\/logo\/image\/","url":"https:\/\/www.eldiario.net\/portal\/wp-content\/uploads\/2023\/07\/logo_ED.jpg","contentUrl":"https:\/\/www.eldiario.net\/portal\/wp-content\/uploads\/2023\/07\/logo_ED.jpg","width":272,"height":52,"caption":"El Diario - Decano de la prensa nacional"},"image":{"@id":"https:\/\/www.eldiario.net\/portal\/#\/schema\/logo\/image\/"},"sameAs":["https:\/\/www.facebook.com\/eldiario.bolivia\/","https:\/\/x.com\/eldiario_net"]},{"@type":"Person","@id":"https:\/\/www.eldiario.net\/portal\/#\/schema\/person\/2c57cf2b7a7ae032e449e4c9b1019eac","name":"Jeanette","image":{"@type":"ImageObject","inLanguage":"es","@id":"https:\/\/secure.gravatar.com\/avatar\/3ea2118a5f7dad2b7138b1187a6b7ee55f160b9968b66013c3a3ef39dd7e5798?s=96&d=mm&r=g","url":"https:\/\/secure.gravatar.com\/avatar\/3ea2118a5f7dad2b7138b1187a6b7ee55f160b9968b66013c3a3ef39dd7e5798?s=96&d=mm&r=g","contentUrl":"https:\/\/secure.gravatar.com\/avatar\/3ea2118a5f7dad2b7138b1187a6b7ee55f160b9968b66013c3a3ef39dd7e5798?s=96&d=mm&r=g","caption":"Jeanette"},"sameAs":["https:\/\/www.eldiario.net\/portal"],"url":"https:\/\/www.eldiario.net\/portal\/author\/jeanette\/"}]}},"_links":{"self":[{"href":"https:\/\/www.eldiario.net\/portal\/wp-json\/wp\/v2\/posts\/373772","targetHints":{"allow":["GET"]}}],"collection":[{"href":"https:\/\/www.eldiario.net\/portal\/wp-json\/wp\/v2\/posts"}],"about":[{"href":"https:\/\/www.eldiario.net\/portal\/wp-json\/wp\/v2\/types\/post"}],"author":[{"embeddable":true,"href":"https:\/\/www.eldiario.net\/portal\/wp-json\/wp\/v2\/users\/1"}],"replies":[{"embeddable":true,"href":"https:\/\/www.eldiario.net\/portal\/wp-json\/wp\/v2\/comments?post=373772"}],"version-history":[{"count":1,"href":"https:\/\/www.eldiario.net\/portal\/wp-json\/wp\/v2\/posts\/373772\/revisions"}],"predecessor-version":[{"id":373774,"href":"https:\/\/www.eldiario.net\/portal\/wp-json\/wp\/v2\/posts\/373772\/revisions\/373774"}],"wp:featuredmedia":[{"embeddable":true,"href":"https:\/\/www.eldiario.net\/portal\/wp-json\/wp\/v2\/media\/373773"}],"wp:attachment":[{"href":"https:\/\/www.eldiario.net\/portal\/wp-json\/wp\/v2\/media?parent=373772"}],"wp:term":[{"taxonomy":"category","embeddable":true,"href":"https:\/\/www.eldiario.net\/portal\/wp-json\/wp\/v2\/categories?post=373772"},{"taxonomy":"post_tag","embeddable":true,"href":"https:\/\/www.eldiario.net\/portal\/wp-json\/wp\/v2\/tags?post=373772"}],"curies":[{"name":"wp","href":"https:\/\/api.w.org\/{rel}","templated":true}]}}